{"id":76481,"date":"2022-10-28T11:05:34","date_gmt":"2022-10-28T14:05:34","guid":{"rendered":"http:\/\/patagoniambiental.com.ar\/info\/?p=76481"},"modified":"2022-10-28T11:05:36","modified_gmt":"2022-10-28T14:05:36","slug":"el-senado-aprobo-el-plan-nacional-de-ciencia-2030","status":"publish","type":"post","link":"https:\/\/patagoniambiental.com.ar\/info\/el-senado-aprobo-el-plan-nacional-de-ciencia-2030\/","title":{"rendered":"El Senado aprob\u00f3 el Plan Nacional de Ciencia 2030"},"content":{"rendered":"\n<!--more-->\n\n\n\n<p><strong><br><\/strong><br>\u201cEl objetivo del Plan 2030 es que la ciencia, la tecnolog\u00eda y la innovaci\u00f3n contribuyan a una planificaci\u00f3n estatal que busca impulsar la competitividad productiva y el desarrollo sostenible del pa\u00eds, as\u00ed como una mejora en las condiciones de vida e igualdad de oportunidades de las y los argentinos\u201d, sostuvo la Senadora Silvina Garc\u00eda Larraburu y ponder\u00f3 que el mismo \u201cEs fruto de una construcci\u00f3n colectiva en la que participaron los actores del sector, organizaciones de la sociedad civil y se les di\u00f3 protagonismo a las provincias para el dise\u00f1o de las agendas territoriales\u201d.<\/p>\n\n\n\n<p>En concreto, el Plan consta de 3 partes: El diagn\u00f3stico de la situaci\u00f3n actual del sector, en el cual se expone la trayectoria productiva, cient\u00edfica y tecnol\u00f3gica del pa\u00eds; el detalle de las agendas estrat\u00e9gicas, territoriales, &nbsp;transversales y de cambio institucional; y las proyecciones y horizontes de crecimiento y desarrollo para el sector en el per\u00edodo que abarca la planificaci\u00f3n. Entre los desaf\u00edos nacionales se encuentra el desarrollo del sector espacial; el impulso de la bioeconom\u00eda y la biotecnolog\u00eda; &nbsp;la transformaci\u00f3n digital; y la consolidaci\u00f3n de un sendero para la transici\u00f3n energ\u00e9tica.<\/p>\n\n\n\n<p>La Senadora expuso que \u201cen la actualidad existe una asimetr\u00eda territorial d\u00f3nde el 65% de la inversi\u00f3n en Investigaci\u00f3n y Desarrollo se concentra en la Provincia de Buenos Aires y la Ciudad Aut\u00f3noma de Buenos Aires, situaci\u00f3n que tiene su correlato en la cantidad de investigadores por regi\u00f3n. Por otra parte, se observa la baja participaci\u00f3n relativa del sector privado en Investigaci\u00f3n y Desarrollo. En el a\u00f1o 2020 signific\u00f3 s\u00f3lo el 25% del total. Situaci\u00f3n que queremos revertir con las Leyes ya sancionadas de Econom\u00eda del Conocimiento, y la de Biotecnolog\u00eda y Nanotecnolog\u00eda moderna, entre otras l\u00edneas de acci\u00f3n para propulsar la inversi\u00f3n privada y la sinergia con el sector p\u00fablico\u201d.<\/p>\n\n\n\n<p>\u201cEl Plan 2030 proyecta el incremento en la inversi\u00f3n en investigaci\u00f3n y Desarrollo as\u00ed como el aumento de los recursos humanos. En cuanto a la inversi\u00f3n total en Investigaci\u00f3n y Desarrollo, se proyecta que pasar\u00e1 de 0,52 % del PBI en el a\u00f1o 2020 a 0,85 % en el a\u00f1o 2025 y a 1,70 % en el a\u00f1o 2030. Esto significa un aumento de 225 % en el a\u00f1o 2030, con respecto al a\u00f1o 2020\u201d, resalt\u00f3.<\/p>\n\n\n\n<p>Concluy\u00f3: \u201cConsideramos que es central para la ciencia y la tecnolog\u00eda la continuidad de las pol\u00edticas p\u00fablicas del sector. Por esto, su desarrollo &nbsp;no puede someterse a los vaivenes pendulares de los gobiernos de turno. Deber\u00edamos ser capaces, como sociedad, de sacar las agendas de ciencia y tecnolog\u00eda de la discusi\u00f3n partidaria y de su disputa en cada calendario electoral, con el objetivo de construir consensos en torno a medidas que permitan un verdadero desarrollo nacional\u201d.&nbsp;<\/p>\n\n\n\n<p>Lic. Camila Matrero<strong>Equipo Senadora Silvi<\/strong><strong>na Garc\u00eda Larraburu<\/strong>Honorable Senado de la Naci\u00f3n &nbsp;|&nbsp;Hip\u00f3lito Yrigoyen 1702&nbsp;&nbsp;Piso 5\u00ba Of. 519 (C1089AAH)Tel: +54 11 2822 5894&nbsp; |&nbsp;<a href=\"mailto:matrero.prensa@gmail.com\" target=\"_blank\" rel=\"noreferrer noopener\">matrero.prensa@gmail.com<\/a><\/p>\n","protected":false},"excerpt":{"rendered":"","protected":false},"author":6,"featured_media":76482,"comment_status":"open","ping_status":"open","sticky":false,"template":"","format":"standard","meta":{"site-sidebar-layout":"default","site-content-layout":"","ast-site-content-layout":"default","site-content-style":"default","site-sidebar-style":"default","ast-global-header-display":"","ast-banner-title-visibility":"","ast-main-header-display":"","ast-hfb-above-header-display":"","ast-hfb-below-header-display":"","ast-hfb-mobile-header-display":"","site-post-title":"","ast-breadcrumbs-content":"","ast-featured-img":"","footer-sml-layout":"","ast-disable-related-posts":"","theme-transparent-header-meta":"","adv-header-id-meta":"","stick-header-meta":"","header-above-stick-meta":"","header-main-stick-meta":"","header-below-stick-meta":"","astra-migrate-meta-layouts":"default","ast-page-background-enabled":"default","ast-page-background-meta":{"desktop":{"background-color":"var(--ast-global-color-5)","background-image":"","background-repeat":"repeat","background-position":"center center","background-size":"auto","background-attachment":"scroll","background-type":"","background-media":"","overlay-type":"","overlay-color":"","overlay-opacity":"","overlay-gradient":""},"tablet":{"background-color":"","background-image":"","background-repeat":"repeat","background-position":"center center","background-size":"auto","background-attachment":"scroll","background-type":"","background-media":"","overlay-type":"","overlay-color":"","overlay-opacity":"","overlay-gradient":""},"mobile":{"background-color":"","background-image":"","background-repeat":"repeat","background-position":"center center","background-size":"auto","background-attachment":"scroll","background-type":"","background-media":"","overlay-type":"","overlay-color":"","overlay-opacity":"","overlay-gradient":""}},"ast-content-background-meta":{"desktop":{"background-color":"var(--ast-global-color-4)","background-image":"","background-repeat":"repeat","background-position":"center center","background-size":"auto","background-attachment":"scroll","background-type":"","background-media":"","overlay-type":"","overlay-color":"","overlay-opacity":"","overlay-gradient":""},"tablet":{"background-color":"var(--ast-global-color-4)","background-image":"","background-repeat":"repeat","background-position":"center center","background-size":"auto","background-attachment":"scroll","background-type":"","background-media":"","overlay-type":"","overlay-color":"","overlay-opacity":"","overlay-gradient":""},"mobile":{"background-color":"var(--ast-global-color-4)","background-image":"","background-repeat":"repeat","background-position":"center center","background-size":"auto","background-attachment":"scroll","background-type":"","background-media":"","overlay-type":"","overlay-color":"","overlay-opacity":"","overlay-gradient":""}},"footnotes":""},"categories":[11,19,1,10],"tags":[],"class_list":["post-76481","post","type-post","status-publish","format-standard","has-post-thumbnail","hentry","category-boletin","category-nacionales","category-noticias","category-rotador"],"yoast_head":"<!-- This site is optimized with the Yoast SEO Premium plugin v23.0 (Yoast SEO v27.4) - https:\/\/yoast.com\/product\/yoast-seo-premium-wordpress\/ -->\n<title>El Senado aprob\u00f3 el Plan Nacional de Ciencia 2030<\/title>\n<meta name=\"robots\" content=\"index, follow, max-snippet:-1, max-image-preview:large, max-video-preview:-1\" \/>\n<link rel=\"canonical\" href=\"https:\/\/patagoniambiental.com.ar\/info\/el-senado-aprobo-el-plan-nacional-de-ciencia-2030\/\" \/>\n<meta property=\"og:locale\" content=\"es_ES\" \/>\n<meta property=\"og:type\" content=\"article\" \/>\n<meta property=\"og:title\" content=\"El Senado aprob\u00f3 el Plan Nacional de Ciencia 2030\" \/>\n<meta property=\"og:url\" content=\"https:\/\/patagoniambiental.com.ar\/info\/el-senado-aprobo-el-plan-nacional-de-ciencia-2030\/\" \/>\n<meta property=\"og:site_name\" content=\"Patagonia Ambiental\" \/>\n<meta property=\"article:publisher\" content=\"https:\/\/www.facebook.com\/patagonia.ambiental\" \/>\n<meta property=\"article:published_time\" content=\"2022-10-28T14:05:34+00:00\" \/>\n<meta property=\"article:modified_time\" content=\"2022-10-28T14:05:36+00:00\" \/>\n<meta property=\"og:image\" content=\"https:\/\/patagoniambiental.com.ar\/info\/wp-content\/uploads\/2022\/10\/thumbnail_2022-10-27-at-21.37.39.jpg\" \/>\n\t<meta property=\"og:image:width\" content=\"1024\" \/>\n\t<meta property=\"og:image:height\" content=\"684\" \/>\n\t<meta property=\"og:image:type\" content=\"image\/jpeg\" \/>\n<meta name=\"author\" content=\"BRAIAN ESTEVEZ\" \/>\n<meta name=\"twitter:card\" content=\"summary_large_image\" \/>\n<meta name=\"twitter:creator\" content=\"@PatAmb\" \/>\n<meta name=\"twitter:site\" content=\"@PatAmb\" \/>\n<script type=\"application\/ld+json\" class=\"yoast-schema-graph\">{\"@context\":\"https:\\\/\\\/schema.org\",\"@graph\":[{\"@type\":\"Article\",\"@id\":\"https:\\\/\\\/patagoniambiental.com.ar\\\/info\\\/el-senado-aprobo-el-plan-nacional-de-ciencia-2030\\\/#article\",\"isPartOf\":{\"@id\":\"https:\\\/\\\/patagoniambiental.com.ar\\\/info\\\/el-senado-aprobo-el-plan-nacional-de-ciencia-2030\\\/\"},\"author\":{\"name\":\"BRAIAN ESTEVEZ\",\"@id\":\"https:\\\/\\\/patagoniambiental.com.ar\\\/info\\\/#\\\/schema\\\/person\\\/e5af09d700b2e82cb10c6b8800e0c691\"},\"headline\":\"El Senado aprob\u00f3 el Plan Nacional de Ciencia 2030\",\"datePublished\":\"2022-10-28T14:05:34+00:00\",\"dateModified\":\"2022-10-28T14:05:36+00:00\",\"mainEntityOfPage\":{\"@id\":\"https:\\\/\\\/patagoniambiental.com.ar\\\/info\\\/el-senado-aprobo-el-plan-nacional-de-ciencia-2030\\\/\"},\"wordCount\":530,\"commentCount\":0,\"publisher\":{\"@id\":\"https:\\\/\\\/patagoniambiental.com.ar\\\/info\\\/#organization\"},\"image\":{\"@id\":\"https:\\\/\\\/patagoniambiental.com.ar\\\/info\\\/el-senado-aprobo-el-plan-nacional-de-ciencia-2030\\\/#primaryimage\"},\"thumbnailUrl\":\"https:\\\/\\\/patagoniambiental.com.ar\\\/info\\\/wp-content\\\/uploads\\\/2022\\\/10\\\/thumbnail_2022-10-27-at-21.37.39.jpg\",\"articleSection\":[\"Bolet\u00edn\",\"Nacionales\",\"Noticias\",\"Rotador\"],\"inLanguage\":\"es\",\"potentialAction\":[{\"@type\":\"CommentAction\",\"name\":\"Comment\",\"target\":[\"https:\\\/\\\/patagoniambiental.com.ar\\\/info\\\/el-senado-aprobo-el-plan-nacional-de-ciencia-2030\\\/#respond\"]}]},{\"@type\":\"WebPage\",\"@id\":\"https:\\\/\\\/patagoniambiental.com.ar\\\/info\\\/el-senado-aprobo-el-plan-nacional-de-ciencia-2030\\\/\",\"url\":\"https:\\\/\\\/patagoniambiental.com.ar\\\/info\\\/el-senado-aprobo-el-plan-nacional-de-ciencia-2030\\\/\",\"name\":\"El Senado aprob\u00f3 el Plan Nacional de Ciencia 2030\",\"isPartOf\":{\"@id\":\"https:\\\/\\\/patagoniambiental.com.ar\\\/info\\\/#website\"},\"primaryImageOfPage\":{\"@id\":\"https:\\\/\\\/patagoniambiental.com.ar\\\/info\\\/el-senado-aprobo-el-plan-nacional-de-ciencia-2030\\\/#primaryimage\"},\"image\":{\"@id\":\"https:\\\/\\\/patagoniambiental.com.ar\\\/info\\\/el-senado-aprobo-el-plan-nacional-de-ciencia-2030\\\/#primaryimage\"},\"thumbnailUrl\":\"https:\\\/\\\/patagoniambiental.com.ar\\\/info\\\/wp-content\\\/uploads\\\/2022\\\/10\\\/thumbnail_2022-10-27-at-21.37.39.jpg\",\"datePublished\":\"2022-10-28T14:05:34+00:00\",\"dateModified\":\"2022-10-28T14:05:36+00:00\",\"breadcrumb\":{\"@id\":\"https:\\\/\\\/patagoniambiental.com.ar\\\/info\\\/el-senado-aprobo-el-plan-nacional-de-ciencia-2030\\\/#breadcrumb\"},\"inLanguage\":\"es\",\"potentialAction\":[{\"@type\":\"ReadAction\",\"target\":[\"https:\\\/\\\/patagoniambiental.com.ar\\\/info\\\/el-senado-aprobo-el-plan-nacional-de-ciencia-2030\\\/\"]}]},{\"@type\":\"ImageObject\",\"inLanguage\":\"es\",\"@id\":\"https:\\\/\\\/patagoniambiental.com.ar\\\/info\\\/el-senado-aprobo-el-plan-nacional-de-ciencia-2030\\\/#primaryimage\",\"url\":\"https:\\\/\\\/patagoniambiental.com.ar\\\/info\\\/wp-content\\\/uploads\\\/2022\\\/10\\\/thumbnail_2022-10-27-at-21.37.39.jpg\",\"contentUrl\":\"https:\\\/\\\/patagoniambiental.com.ar\\\/info\\\/wp-content\\\/uploads\\\/2022\\\/10\\\/thumbnail_2022-10-27-at-21.37.39.jpg\",\"width\":898,\"height\":600},{\"@type\":\"BreadcrumbList\",\"@id\":\"https:\\\/\\\/patagoniambiental.com.ar\\\/info\\\/el-senado-aprobo-el-plan-nacional-de-ciencia-2030\\\/#breadcrumb\",\"itemListElement\":[{\"@type\":\"ListItem\",\"position\":1,\"name\":\"Inicio\",\"item\":\"https:\\\/\\\/patagoniambiental.com.ar\\\/info\\\/\"},{\"@type\":\"ListItem\",\"position\":2,\"name\":\"El Senado aprob\u00f3 el Plan Nacional de Ciencia 2030\"}]},{\"@type\":\"WebSite\",\"@id\":\"https:\\\/\\\/patagoniambiental.com.ar\\\/info\\\/#website\",\"url\":\"https:\\\/\\\/patagoniambiental.com.ar\\\/info\\\/\",\"name\":\"Patagonia Ambiental\",\"description\":\"Monitoreo y an\u00e1lisis de la situaci\u00f3n geopol\u00edtica en el mundo y su implicancia en la Patagonia\",\"publisher\":{\"@id\":\"https:\\\/\\\/patagoniambiental.com.ar\\\/info\\\/#organization\"},\"potentialAction\":[{\"@type\":\"SearchAction\",\"target\":{\"@type\":\"EntryPoint\",\"urlTemplate\":\"https:\\\/\\\/patagoniambiental.com.ar\\\/info\\\/?s={search_term_string}\"},\"query-input\":{\"@type\":\"PropertyValueSpecification\",\"valueRequired\":true,\"valueName\":\"search_term_string\"}}],\"inLanguage\":\"es\"},{\"@type\":\"Organization\",\"@id\":\"https:\\\/\\\/patagoniambiental.com.ar\\\/info\\\/#organization\",\"name\":\"Patagonia Ambiental\",\"url\":\"https:\\\/\\\/patagoniambiental.com.ar\\\/info\\\/\",\"logo\":{\"@type\":\"ImageObject\",\"inLanguage\":\"es\",\"@id\":\"https:\\\/\\\/patagoniambiental.com.ar\\\/info\\\/#\\\/schema\\\/logo\\\/image\\\/\",\"url\":\"https:\\\/\\\/patagoniambiental.com.ar\\\/info\\\/wp-content\\\/uploads\\\/2025\\\/05\\\/LOGO-PATAGONIA-AMBIENTAL.png\",\"contentUrl\":\"https:\\\/\\\/patagoniambiental.com.ar\\\/info\\\/wp-content\\\/uploads\\\/2025\\\/05\\\/LOGO-PATAGONIA-AMBIENTAL.png\",\"width\":433,\"height\":250,\"caption\":\"Patagonia Ambiental\"},\"image\":{\"@id\":\"https:\\\/\\\/patagoniambiental.com.ar\\\/info\\\/#\\\/schema\\\/logo\\\/image\\\/\"},\"sameAs\":[\"https:\\\/\\\/www.facebook.com\\\/patagonia.ambiental\",\"https:\\\/\\\/x.com\\\/PatAmb\"]},{\"@type\":\"Person\",\"@id\":\"https:\\\/\\\/patagoniambiental.com.ar\\\/info\\\/#\\\/schema\\\/person\\\/e5af09d700b2e82cb10c6b8800e0c691\",\"name\":\"BRAIAN ESTEVEZ\",\"sameAs\":[\"http:\\\/\\\/www.patagoniambiental.com.ar\"]}]}<\/script>\n<!-- \/ Yoast SEO Premium plugin. -->","yoast_head_json":{"title":"El Senado aprob\u00f3 el Plan Nacional de Ciencia 2030","robots":{"index":"index","follow":"follow","max-snippet":"max-snippet:-1","max-image-preview":"max-image-preview:large","max-video-preview":"max-video-preview:-1"},"canonical":"https:\/\/patagoniambiental.com.ar\/info\/el-senado-aprobo-el-plan-nacional-de-ciencia-2030\/","og_locale":"es_ES","og_type":"article","og_title":"El Senado aprob\u00f3 el Plan Nacional de Ciencia 2030","og_url":"https:\/\/patagoniambiental.com.ar\/info\/el-senado-aprobo-el-plan-nacional-de-ciencia-2030\/","og_site_name":"Patagonia Ambiental","article_publisher":"https:\/\/www.facebook.com\/patagonia.ambiental","article_published_time":"2022-10-28T14:05:34+00:00","article_modified_time":"2022-10-28T14:05:36+00:00","og_image":[{"width":1024,"height":684,"url":"https:\/\/patagoniambiental.com.ar\/info\/wp-content\/uploads\/2022\/10\/thumbnail_2022-10-27-at-21.37.39.jpg","type":"image\/jpeg"}],"author":"BRAIAN ESTEVEZ","twitter_card":"summary_large_image","twitter_creator":"@PatAmb","twitter_site":"@PatAmb","schema":{"@context":"https:\/\/schema.org","@graph":[{"@type":"Article","@id":"https:\/\/patagoniambiental.com.ar\/info\/el-senado-aprobo-el-plan-nacional-de-ciencia-2030\/#article","isPartOf":{"@id":"https:\/\/patagoniambiental.com.ar\/info\/el-senado-aprobo-el-plan-nacional-de-ciencia-2030\/"},"author":{"name":"BRAIAN ESTEVEZ","@id":"https:\/\/patagoniambiental.com.ar\/info\/#\/schema\/person\/e5af09d700b2e82cb10c6b8800e0c691"},"headline":"El Senado aprob\u00f3 el Plan Nacional de Ciencia 2030","datePublished":"2022-10-28T14:05:34+00:00","dateModified":"2022-10-28T14:05:36+00:00","mainEntityOfPage":{"@id":"https:\/\/patagoniambiental.com.ar\/info\/el-senado-aprobo-el-plan-nacional-de-ciencia-2030\/"},"wordCount":530,"commentCount":0,"publisher":{"@id":"https:\/\/patagoniambiental.com.ar\/info\/#organization"},"image":{"@id":"https:\/\/patagoniambiental.com.ar\/info\/el-senado-aprobo-el-plan-nacional-de-ciencia-2030\/#primaryimage"},"thumbnailUrl":"https:\/\/patagoniambiental.com.ar\/info\/wp-content\/uploads\/2022\/10\/thumbnail_2022-10-27-at-21.37.39.jpg","articleSection":["Bolet\u00edn","Nacionales","Noticias","Rotador"],"inLanguage":"es","potentialAction":[{"@type":"CommentAction","name":"Comment","target":["https:\/\/patagoniambiental.com.ar\/info\/el-senado-aprobo-el-plan-nacional-de-ciencia-2030\/#respond"]}]},{"@type":"WebPage","@id":"https:\/\/patagoniambiental.com.ar\/info\/el-senado-aprobo-el-plan-nacional-de-ciencia-2030\/","url":"https:\/\/patagoniambiental.com.ar\/info\/el-senado-aprobo-el-plan-nacional-de-ciencia-2030\/","name":"El Senado aprob\u00f3 el Plan Nacional de Ciencia 2030","isPartOf":{"@id":"https:\/\/patagoniambiental.com.ar\/info\/#website"},"primaryImageOfPage":{"@id":"https:\/\/patagoniambiental.com.ar\/info\/el-senado-aprobo-el-plan-nacional-de-ciencia-2030\/#primaryimage"},"image":{"@id":"https:\/\/patagoniambiental.com.ar\/info\/el-senado-aprobo-el-plan-nacional-de-ciencia-2030\/#primaryimage"},"thumbnailUrl":"https:\/\/patagoniambiental.com.ar\/info\/wp-content\/uploads\/2022\/10\/thumbnail_2022-10-27-at-21.37.39.jpg","datePublished":"2022-10-28T14:05:34+00:00","dateModified":"2022-10-28T14:05:36+00:00","breadcrumb":{"@id":"https:\/\/patagoniambiental.com.ar\/info\/el-senado-aprobo-el-plan-nacional-de-ciencia-2030\/#breadcrumb"},"inLanguage":"es","potentialAction":[{"@type":"ReadAction","target":["https:\/\/patagoniambiental.com.ar\/info\/el-senado-aprobo-el-plan-nacional-de-ciencia-2030\/"]}]},{"@type":"ImageObject","inLanguage":"es","@id":"https:\/\/patagoniambiental.com.ar\/info\/el-senado-aprobo-el-plan-nacional-de-ciencia-2030\/#primaryimage","url":"https:\/\/patagoniambiental.com.ar\/info\/wp-content\/uploads\/2022\/10\/thumbnail_2022-10-27-at-21.37.39.jpg","contentUrl":"https:\/\/patagoniambiental.com.ar\/info\/wp-content\/uploads\/2022\/10\/thumbnail_2022-10-27-at-21.37.39.jpg","width":898,"height":600},{"@type":"BreadcrumbList","@id":"https:\/\/patagoniambiental.com.ar\/info\/el-senado-aprobo-el-plan-nacional-de-ciencia-2030\/#breadcrumb","itemListElement":[{"@type":"ListItem","position":1,"name":"Inicio","item":"https:\/\/patagoniambiental.com.ar\/info\/"},{"@type":"ListItem","position":2,"name":"El Senado aprob\u00f3 el Plan Nacional de Ciencia 2030"}]},{"@type":"WebSite","@id":"https:\/\/patagoniambiental.com.ar\/info\/#website","url":"https:\/\/patagoniambiental.com.ar\/info\/","name":"Patagonia Ambiental","description":"Monitoreo y an\u00e1lisis de la situaci\u00f3n geopol\u00edtica en el mundo y su implicancia en la Patagonia","publisher":{"@id":"https:\/\/patagoniambiental.com.ar\/info\/#organization"},"potentialAction":[{"@type":"SearchAction","target":{"@type":"EntryPoint","urlTemplate":"https:\/\/patagoniambiental.com.ar\/info\/?s={search_term_string}"},"query-input":{"@type":"PropertyValueSpecification","valueRequired":true,"valueName":"search_term_string"}}],"inLanguage":"es"},{"@type":"Organization","@id":"https:\/\/patagoniambiental.com.ar\/info\/#organization","name":"Patagonia Ambiental","url":"https:\/\/patagoniambiental.com.ar\/info\/","logo":{"@type":"ImageObject","inLanguage":"es","@id":"https:\/\/patagoniambiental.com.ar\/info\/#\/schema\/logo\/image\/","url":"https:\/\/patagoniambiental.com.ar\/info\/wp-content\/uploads\/2025\/05\/LOGO-PATAGONIA-AMBIENTAL.png","contentUrl":"https:\/\/patagoniambiental.com.ar\/info\/wp-content\/uploads\/2025\/05\/LOGO-PATAGONIA-AMBIENTAL.png","width":433,"height":250,"caption":"Patagonia Ambiental"},"image":{"@id":"https:\/\/patagoniambiental.com.ar\/info\/#\/schema\/logo\/image\/"},"sameAs":["https:\/\/www.facebook.com\/patagonia.ambiental","https:\/\/x.com\/PatAmb"]},{"@type":"Person","@id":"https:\/\/patagoniambiental.com.ar\/info\/#\/schema\/person\/e5af09d700b2e82cb10c6b8800e0c691","name":"BRAIAN ESTEVEZ","sameAs":["http:\/\/www.patagoniambiental.com.ar"]}]}},"_links":{"self":[{"href":"https:\/\/patagoniambiental.com.ar\/info\/wp-json\/wp\/v2\/posts\/76481","targetHints":{"allow":["GET"]}}],"collection":[{"href":"https:\/\/patagoniambiental.com.ar\/info\/wp-json\/wp\/v2\/posts"}],"about":[{"href":"https:\/\/patagoniambiental.com.ar\/info\/wp-json\/wp\/v2\/types\/post"}],"author":[{"embeddable":true,"href":"https:\/\/patagoniambiental.com.ar\/info\/wp-json\/wp\/v2\/users\/6"}],"replies":[{"embeddable":true,"href":"https:\/\/patagoniambiental.com.ar\/info\/wp-json\/wp\/v2\/comments?post=76481"}],"version-history":[{"count":0,"href":"https:\/\/patagoniambiental.com.ar\/info\/wp-json\/wp\/v2\/posts\/76481\/revisions"}],"wp:featuredmedia":[{"embeddable":true,"href":"https:\/\/patagoniambiental.com.ar\/info\/wp-json\/wp\/v2\/media\/76482"}],"wp:attachment":[{"href":"https:\/\/patagoniambiental.com.ar\/info\/wp-json\/wp\/v2\/media?parent=76481"}],"wp:term":[{"taxonomy":"category","embeddable":true,"href":"https:\/\/patagoniambiental.com.ar\/info\/wp-json\/wp\/v2\/categories?post=76481"},{"taxonomy":"post_tag","embeddable":true,"href":"https:\/\/patagoniambiental.com.ar\/info\/wp-json\/wp\/v2\/tags?post=76481"}],"curies":[{"name":"wp","href":"https:\/\/api.w.org\/{rel}","templated":true}]}}