{"id":76489,"date":"2022-10-30T07:00:00","date_gmt":"2022-10-30T10:00:00","guid":{"rendered":"http:\/\/patagoniambiental.com.ar\/info\/?p=76489"},"modified":"2022-10-28T15:27:17","modified_gmt":"2022-10-28T18:27:17","slug":"destacan-virtudes-del-uso-de-bicicletas-y-monopatines","status":"publish","type":"post","link":"https:\/\/patagoniambiental.com.ar\/info\/destacan-virtudes-del-uso-de-bicicletas-y-monopatines\/","title":{"rendered":"Destacan virtudes del uso de bicicletas y monopatines"},"content":{"rendered":"\n<!--more-->\n\n\n\n<p>Se inscriben en el concepto de movilidad sostenible, cada vez m\u00e1s vigente en la planificaci\u00f3n de las ciudades frente al cambio clim\u00e1tico. En Ushuaia, el uso de la bicicleta y la nueva bicisenda permitir\u00e1n buena conectividad, menor impacto y mejor calidad de vida.<\/p>\n\n\n\n<p>Mauro P\u00e9rez Toscani, especialista en temas ambientales relacionados con las din\u00e1micas urbanas, comparti\u00f3 por FM Master\u2019s pensamientos e ideas relacionadas con su especialidad, tomando en cuenta el concepto que en las ciudades actuales tiene cada vez mayor relevancia la toma de decisiones, en tanto es necesario pensar constantemente c\u00f3mo se desarrollan y crecen.<br>P\u00e9rez Toscani defini\u00f3 a una ciudad, en t\u00e9rminos generales, como \u201cun organismo vivo, una estructura en constante movimiento, tanto en cuanto al crecimiento demogr\u00e1fico como al desarrollo de superficie urbana y sistemas de provisi\u00f3n de servicios que sostienen las actividades que en ellas se desarrollan\u201d.<br>Sobre ese concepto, la principal presi\u00f3n que se identifica sobre las urbes, es la de las consecuencias e impacto que el cambio clim\u00e1tico est\u00e1 provocando en el desarrollo, planificaci\u00f3n y dise\u00f1o de las ciudades. \u201cSi no pensamos la ciudad, si no pensamos la necesidad de adaptarlas al cambio clim\u00e1tico, van a empezar a tener esos impactos presentes en nuestros n\u00facleos urbanos\u201d.<br>Mauro P\u00e9rez abord\u00f3 el tema de la llamada movilidad sostenible, en donde Ushuaia se adapta al concepto: \u201cEs una de las aristas a tener en cuenta en la planificaci\u00f3n de una ciudad\u201d aclar\u00f3.<br>As\u00ed, inform\u00f3 del trabajo que se da en muchos \u00e1mbitos en el concepto de \u201cciudad de los 15 minutos. Desde el punto donde vivimos, las prestaciones de la ciudad, educaci\u00f3n, trabajo, servicio, bienestar, abastecimiento, esparcimiento, deben estar a 15 minutos de nuestra casa. Para poder generar medios de transporte que causen menor impacto en el ambiente y por lo tanto la calidad de vida\u201d seg\u00fan defini\u00f3.<br>Mencion\u00f3 como conveniente para Ushuaia el transporte p\u00fablico h\u00edbrido, \u201cal que puedo anexarle la bicicleta\u201d, un concepto ya presente en otras ciudades que se denomina \u201c\u00faltima milla, que permite el uso del transporte p\u00fablico, que generalmente no nos lleva hasta nuestro destino final, y para la \u00faltima milla o \u00faltimo kil\u00f3metro, tenemos estos medios de transporte de micro movilidad como bicicletas convencionales o el\u00e9ctricas, monopat\u00edn el\u00e9ctrico, que nos dan la soluci\u00f3n de llegada al punto final\u201d.<br>En tal sentido, la bicisenda en desarrollo Pensar Malvinas, consider\u00f3 P\u00e9rez Toscani que ser\u00e1 para Ushuaia \u201cun eje estructural de la ciudad. Nos va a cambiar. Hay que trabajar con mucha comunicaci\u00f3n, concientizaci\u00f3n y de manera integrada el transporte p\u00fablico. Es importante el mantenimiento de la bicisenda, el respeto por las normas de uso\u201d.<br>\u201cMe parece que, a mediano plazo, el vecino, los usuarios, los ciudadanos, vamos a empezar a darnos cuenta que para algunos tipos de viajes conviene usar la bicisenda por cuestiones de salud y de tiempo\u201d aventur\u00f3 luego.<br>Por ello, y a prop\u00f3sito del corte de casi cuatro meses que sufrir\u00e1 la avenida Perito Moreno por las obras sobre el puente del arroyo Grande, \u201csi tenemos una parte de la bicisenda tendremos una v\u00eda r\u00e1pida de salida, por lo menos para usuarios particulares. Ah\u00ed tenemos una oportunidad para generar tal vez una prueba piloto para probar un sistema de movilidad urbana integrada\u201d.<br>En ese mismo marco inscribi\u00f3 la conveniencia de que el sector comercial \u201cdeber\u00eda tener iniciativas amigables con la movilidad sostenible, donde puedas ir con tu bicicleta a un comercio, dejarla en lugar seguro que no interrumpa el tr\u00e1nsito peatonal. Hoy las veredas no est\u00e1n preparadas para estacionar bicicletas, aunque algunos comercios tienen estacionamiento para motos que est\u00e1n muy buenos\u201d.<br>Tambi\u00e9n mencion\u00f3 como una virtud \u201cla peatonalizaci\u00f3n de la ciudad. Hay mucha gente que camina, m\u00e1s all\u00e1 del clima, en una vereda o una v\u00eda peatonal podemos caminar con nieve, con fr\u00edo o con viento\u201d.<br>En definitiva, para el especialista todo lo enunciado se trata de \u201ciniciativas privadas que ayudan a promover las pol\u00edticas p\u00fablicas\u201d.<\/p>\n\n\n\n<p>Fuente: https:\/\/www.eldiariodelfindelmundo.com\/noticias\/2022\/10\/28\/98665-destacan-virtudes-del-uso-de-bicicletas-y-monopatines<\/p>\n","protected":false},"excerpt":{"rendered":"","protected":false},"author":6,"featured_media":76490,"comment_status":"open","ping_status":"open","sticky":false,"template":"","format":"standard","meta":{"site-sidebar-layout":"default","site-content-layout":"","ast-site-content-layout":"default","site-content-style":"default","site-sidebar-style":"default","ast-global-header-display":"","ast-banner-title-visibility":"","ast-main-header-display":"","ast-hfb-above-header-display":"","ast-hfb-below-header-display":"","ast-hfb-mobile-header-display":"","site-post-title":"","ast-breadcrumbs-content":"","ast-featured-img":"","footer-sml-layout":"","ast-disable-related-posts":"","theme-transparent-header-meta":"","adv-header-id-meta":"","stick-header-meta":"","header-above-stick-meta":"","header-main-stick-meta":"","header-below-stick-meta":"","astra-migrate-meta-layouts":"default","ast-page-background-enabled":"default","ast-page-background-meta":{"desktop":{"background-color":"var(--ast-global-color-5)","background-image":"","background-repeat":"repeat","background-position":"center center","background-size":"auto","background-attachment":"scroll","background-type":"","background-media":"","overlay-type":"","overlay-color":"","overlay-opacity":"","overlay-gradient":""},"tablet":{"background-color":"","background-image":"","background-repeat":"repeat","background-position":"center center","background-size":"auto","background-attachment":"scroll","background-type":"","background-media":"","overlay-type":"","overlay-color":"","overlay-opacity":"","overlay-gradient":""},"mobile":{"background-color":"","background-image":"","background-repeat":"repeat","background-position":"center center","background-size":"auto","background-attachment":"scroll","background-type":"","background-media":"","overlay-type":"","overlay-color":"","overlay-opacity":"","overlay-gradient":""}},"ast-content-background-meta":{"desktop":{"background-color":"var(--ast-global-color-4)","background-image":"","background-repeat":"repeat","background-position":"center center","background-size":"auto","background-attachment":"scroll","background-type":"","background-media":"","overlay-type":"","overlay-color":"","overlay-opacity":"","overlay-gradient":""},"tablet":{"background-color":"var(--ast-global-color-4)","background-image":"","background-repeat":"repeat","background-position":"center center","background-size":"auto","background-attachment":"scroll","background-type":"","background-media":"","overlay-type":"","overlay-color":"","overlay-opacity":"","overlay-gradient":""},"mobile":{"background-color":"var(--ast-global-color-4)","background-image":"","background-repeat":"repeat","background-position":"center center","background-size":"auto","background-attachment":"scroll","background-type":"","background-media":"","overlay-type":"","overlay-color":"","overlay-opacity":"","overlay-gradient":""}},"footnotes":""},"categories":[11,1,13,10,25],"tags":[],"class_list":["post-76489","post","type-post","status-publish","format-standard","has-post-thumbnail","hentry","category-boletin","category-noticias","category-provinciales","category-rotador","category-tierra-del-fuego"],"yoast_head":"<!-- This site is optimized with the Yoast SEO Premium plugin v23.0 (Yoast SEO v27.4) - https:\/\/yoast.com\/product\/yoast-seo-premium-wordpress\/ -->\n<title>Destacan virtudes del uso de bicicletas y monopatines<\/title>\n<meta name=\"robots\" content=\"index, follow, max-snippet:-1, max-image-preview:large, max-video-preview:-1\" \/>\n<link rel=\"canonical\" href=\"https:\/\/patagoniambiental.com.ar\/info\/destacan-virtudes-del-uso-de-bicicletas-y-monopatines\/\" \/>\n<meta property=\"og:locale\" content=\"es_ES\" \/>\n<meta property=\"og:type\" content=\"article\" \/>\n<meta property=\"og:title\" content=\"Destacan virtudes del uso de bicicletas y monopatines\" \/>\n<meta property=\"og:url\" content=\"https:\/\/patagoniambiental.com.ar\/info\/destacan-virtudes-del-uso-de-bicicletas-y-monopatines\/\" \/>\n<meta property=\"og:site_name\" content=\"Patagonia Ambiental\" \/>\n<meta property=\"article:publisher\" content=\"https:\/\/www.facebook.com\/patagonia.ambiental\" \/>\n<meta property=\"article:published_time\" content=\"2022-10-30T10:00:00+00:00\" \/>\n<meta property=\"og:image\" content=\"https:\/\/patagoniambiental.com.ar\/info\/wp-content\/uploads\/2022\/10\/123.jpg\" \/>\n\t<meta property=\"og:image:width\" content=\"800\" \/>\n\t<meta property=\"og:image:height\" content=\"530\" \/>\n\t<meta property=\"og:image:type\" content=\"image\/jpeg\" \/>\n<meta name=\"author\" content=\"BRAIAN ESTEVEZ\" \/>\n<meta name=\"twitter:card\" content=\"summary_large_image\" \/>\n<meta name=\"twitter:creator\" content=\"@PatAmb\" \/>\n<meta name=\"twitter:site\" content=\"@PatAmb\" \/>\n<script type=\"application\/ld+json\" class=\"yoast-schema-graph\">{\"@context\":\"https:\\\/\\\/schema.org\",\"@graph\":[{\"@type\":\"Article\",\"@id\":\"https:\\\/\\\/patagoniambiental.com.ar\\\/info\\\/destacan-virtudes-del-uso-de-bicicletas-y-monopatines\\\/#article\",\"isPartOf\":{\"@id\":\"https:\\\/\\\/patagoniambiental.com.ar\\\/info\\\/destacan-virtudes-del-uso-de-bicicletas-y-monopatines\\\/\"},\"author\":{\"name\":\"BRAIAN ESTEVEZ\",\"@id\":\"https:\\\/\\\/patagoniambiental.com.ar\\\/info\\\/#\\\/schema\\\/person\\\/e5af09d700b2e82cb10c6b8800e0c691\"},\"headline\":\"Destacan virtudes del uso de bicicletas y monopatines\",\"datePublished\":\"2022-10-30T10:00:00+00:00\",\"mainEntityOfPage\":{\"@id\":\"https:\\\/\\\/patagoniambiental.com.ar\\\/info\\\/destacan-virtudes-del-uso-de-bicicletas-y-monopatines\\\/\"},\"wordCount\":707,\"commentCount\":0,\"publisher\":{\"@id\":\"https:\\\/\\\/patagoniambiental.com.ar\\\/info\\\/#organization\"},\"image\":{\"@id\":\"https:\\\/\\\/patagoniambiental.com.ar\\\/info\\\/destacan-virtudes-del-uso-de-bicicletas-y-monopatines\\\/#primaryimage\"},\"thumbnailUrl\":\"https:\\\/\\\/patagoniambiental.com.ar\\\/info\\\/wp-content\\\/uploads\\\/2022\\\/10\\\/123.jpg\",\"articleSection\":[\"Bolet\u00edn\",\"Noticias\",\"Provinciales\",\"Rotador\",\"Tierra del Fuego\"],\"inLanguage\":\"es\",\"potentialAction\":[{\"@type\":\"CommentAction\",\"name\":\"Comment\",\"target\":[\"https:\\\/\\\/patagoniambiental.com.ar\\\/info\\\/destacan-virtudes-del-uso-de-bicicletas-y-monopatines\\\/#respond\"]}]},{\"@type\":\"WebPage\",\"@id\":\"https:\\\/\\\/patagoniambiental.com.ar\\\/info\\\/destacan-virtudes-del-uso-de-bicicletas-y-monopatines\\\/\",\"url\":\"https:\\\/\\\/patagoniambiental.com.ar\\\/info\\\/destacan-virtudes-del-uso-de-bicicletas-y-monopatines\\\/\",\"name\":\"Destacan virtudes del uso de bicicletas y monopatines\",\"isPartOf\":{\"@id\":\"https:\\\/\\\/patagoniambiental.com.ar\\\/info\\\/#website\"},\"primaryImageOfPage\":{\"@id\":\"https:\\\/\\\/patagoniambiental.com.ar\\\/info\\\/destacan-virtudes-del-uso-de-bicicletas-y-monopatines\\\/#primaryimage\"},\"image\":{\"@id\":\"https:\\\/\\\/patagoniambiental.com.ar\\\/info\\\/destacan-virtudes-del-uso-de-bicicletas-y-monopatines\\\/#primaryimage\"},\"thumbnailUrl\":\"https:\\\/\\\/patagoniambiental.com.ar\\\/info\\\/wp-content\\\/uploads\\\/2022\\\/10\\\/123.jpg\",\"datePublished\":\"2022-10-30T10:00:00+00:00\",\"breadcrumb\":{\"@id\":\"https:\\\/\\\/patagoniambiental.com.ar\\\/info\\\/destacan-virtudes-del-uso-de-bicicletas-y-monopatines\\\/#breadcrumb\"},\"inLanguage\":\"es\",\"potentialAction\":[{\"@type\":\"ReadAction\",\"target\":[\"https:\\\/\\\/patagoniambiental.com.ar\\\/info\\\/destacan-virtudes-del-uso-de-bicicletas-y-monopatines\\\/\"]}]},{\"@type\":\"ImageObject\",\"inLanguage\":\"es\",\"@id\":\"https:\\\/\\\/patagoniambiental.com.ar\\\/info\\\/destacan-virtudes-del-uso-de-bicicletas-y-monopatines\\\/#primaryimage\",\"url\":\"https:\\\/\\\/patagoniambiental.com.ar\\\/info\\\/wp-content\\\/uploads\\\/2022\\\/10\\\/123.jpg\",\"contentUrl\":\"https:\\\/\\\/patagoniambiental.com.ar\\\/info\\\/wp-content\\\/uploads\\\/2022\\\/10\\\/123.jpg\",\"width\":800,\"height\":530},{\"@type\":\"BreadcrumbList\",\"@id\":\"https:\\\/\\\/patagoniambiental.com.ar\\\/info\\\/destacan-virtudes-del-uso-de-bicicletas-y-monopatines\\\/#breadcrumb\",\"itemListElement\":[{\"@type\":\"ListItem\",\"position\":1,\"name\":\"Inicio\",\"item\":\"https:\\\/\\\/patagoniambiental.com.ar\\\/info\\\/\"},{\"@type\":\"ListItem\",\"position\":2,\"name\":\"Destacan virtudes del uso de bicicletas y monopatines\"}]},{\"@type\":\"WebSite\",\"@id\":\"https:\\\/\\\/patagoniambiental.com.ar\\\/info\\\/#website\",\"url\":\"https:\\\/\\\/patagoniambiental.com.ar\\\/info\\\/\",\"name\":\"Patagonia Ambiental\",\"description\":\"Monitoreo y an\u00e1lisis de la situaci\u00f3n geopol\u00edtica en el mundo y su implicancia en la Patagonia\",\"publisher\":{\"@id\":\"https:\\\/\\\/patagoniambiental.com.ar\\\/info\\\/#organization\"},\"potentialAction\":[{\"@type\":\"SearchAction\",\"target\":{\"@type\":\"EntryPoint\",\"urlTemplate\":\"https:\\\/\\\/patagoniambiental.com.ar\\\/info\\\/?s={search_term_string}\"},\"query-input\":{\"@type\":\"PropertyValueSpecification\",\"valueRequired\":true,\"valueName\":\"search_term_string\"}}],\"inLanguage\":\"es\"},{\"@type\":\"Organization\",\"@id\":\"https:\\\/\\\/patagoniambiental.com.ar\\\/info\\\/#organization\",\"name\":\"Patagonia Ambiental\",\"url\":\"https:\\\/\\\/patagoniambiental.com.ar\\\/info\\\/\",\"logo\":{\"@type\":\"ImageObject\",\"inLanguage\":\"es\",\"@id\":\"https:\\\/\\\/patagoniambiental.com.ar\\\/info\\\/#\\\/schema\\\/logo\\\/image\\\/\",\"url\":\"https:\\\/\\\/patagoniambiental.com.ar\\\/info\\\/wp-content\\\/uploads\\\/2025\\\/05\\\/LOGO-PATAGONIA-AMBIENTAL.png\",\"contentUrl\":\"https:\\\/\\\/patagoniambiental.com.ar\\\/info\\\/wp-content\\\/uploads\\\/2025\\\/05\\\/LOGO-PATAGONIA-AMBIENTAL.png\",\"width\":433,\"height\":250,\"caption\":\"Patagonia Ambiental\"},\"image\":{\"@id\":\"https:\\\/\\\/patagoniambiental.com.ar\\\/info\\\/#\\\/schema\\\/logo\\\/image\\\/\"},\"sameAs\":[\"https:\\\/\\\/www.facebook.com\\\/patagonia.ambiental\",\"https:\\\/\\\/x.com\\\/PatAmb\"]},{\"@type\":\"Person\",\"@id\":\"https:\\\/\\\/patagoniambiental.com.ar\\\/info\\\/#\\\/schema\\\/person\\\/e5af09d700b2e82cb10c6b8800e0c691\",\"name\":\"BRAIAN ESTEVEZ\",\"sameAs\":[\"http:\\\/\\\/www.patagoniambiental.com.ar\"]}]}<\/script>\n<!-- \/ Yoast SEO Premium plugin. -->","yoast_head_json":{"title":"Destacan virtudes del uso de bicicletas y monopatines","robots":{"index":"index","follow":"follow","max-snippet":"max-snippet:-1","max-image-preview":"max-image-preview:large","max-video-preview":"max-video-preview:-1"},"canonical":"https:\/\/patagoniambiental.com.ar\/info\/destacan-virtudes-del-uso-de-bicicletas-y-monopatines\/","og_locale":"es_ES","og_type":"article","og_title":"Destacan virtudes del uso de bicicletas y monopatines","og_url":"https:\/\/patagoniambiental.com.ar\/info\/destacan-virtudes-del-uso-de-bicicletas-y-monopatines\/","og_site_name":"Patagonia Ambiental","article_publisher":"https:\/\/www.facebook.com\/patagonia.ambiental","article_published_time":"2022-10-30T10:00:00+00:00","og_image":[{"width":800,"height":530,"url":"https:\/\/patagoniambiental.com.ar\/info\/wp-content\/uploads\/2022\/10\/123.jpg","type":"image\/jpeg"}],"author":"BRAIAN ESTEVEZ","twitter_card":"summary_large_image","twitter_creator":"@PatAmb","twitter_site":"@PatAmb","schema":{"@context":"https:\/\/schema.org","@graph":[{"@type":"Article","@id":"https:\/\/patagoniambiental.com.ar\/info\/destacan-virtudes-del-uso-de-bicicletas-y-monopatines\/#article","isPartOf":{"@id":"https:\/\/patagoniambiental.com.ar\/info\/destacan-virtudes-del-uso-de-bicicletas-y-monopatines\/"},"author":{"name":"BRAIAN ESTEVEZ","@id":"https:\/\/patagoniambiental.com.ar\/info\/#\/schema\/person\/e5af09d700b2e82cb10c6b8800e0c691"},"headline":"Destacan virtudes del uso de bicicletas y monopatines","datePublished":"2022-10-30T10:00:00+00:00","mainEntityOfPage":{"@id":"https:\/\/patagoniambiental.com.ar\/info\/destacan-virtudes-del-uso-de-bicicletas-y-monopatines\/"},"wordCount":707,"commentCount":0,"publisher":{"@id":"https:\/\/patagoniambiental.com.ar\/info\/#organization"},"image":{"@id":"https:\/\/patagoniambiental.com.ar\/info\/destacan-virtudes-del-uso-de-bicicletas-y-monopatines\/#primaryimage"},"thumbnailUrl":"https:\/\/patagoniambiental.com.ar\/info\/wp-content\/uploads\/2022\/10\/123.jpg","articleSection":["Bolet\u00edn","Noticias","Provinciales","Rotador","Tierra del Fuego"],"inLanguage":"es","potentialAction":[{"@type":"CommentAction","name":"Comment","target":["https:\/\/patagoniambiental.com.ar\/info\/destacan-virtudes-del-uso-de-bicicletas-y-monopatines\/#respond"]}]},{"@type":"WebPage","@id":"https:\/\/patagoniambiental.com.ar\/info\/destacan-virtudes-del-uso-de-bicicletas-y-monopatines\/","url":"https:\/\/patagoniambiental.com.ar\/info\/destacan-virtudes-del-uso-de-bicicletas-y-monopatines\/","name":"Destacan virtudes del uso de bicicletas y monopatines","isPartOf":{"@id":"https:\/\/patagoniambiental.com.ar\/info\/#website"},"primaryImageOfPage":{"@id":"https:\/\/patagoniambiental.com.ar\/info\/destacan-virtudes-del-uso-de-bicicletas-y-monopatines\/#primaryimage"},"image":{"@id":"https:\/\/patagoniambiental.com.ar\/info\/destacan-virtudes-del-uso-de-bicicletas-y-monopatines\/#primaryimage"},"thumbnailUrl":"https:\/\/patagoniambiental.com.ar\/info\/wp-content\/uploads\/2022\/10\/123.jpg","datePublished":"2022-10-30T10:00:00+00:00","breadcrumb":{"@id":"https:\/\/patagoniambiental.com.ar\/info\/destacan-virtudes-del-uso-de-bicicletas-y-monopatines\/#breadcrumb"},"inLanguage":"es","potentialAction":[{"@type":"ReadAction","target":["https:\/\/patagoniambiental.com.ar\/info\/destacan-virtudes-del-uso-de-bicicletas-y-monopatines\/"]}]},{"@type":"ImageObject","inLanguage":"es","@id":"https:\/\/patagoniambiental.com.ar\/info\/destacan-virtudes-del-uso-de-bicicletas-y-monopatines\/#primaryimage","url":"https:\/\/patagoniambiental.com.ar\/info\/wp-content\/uploads\/2022\/10\/123.jpg","contentUrl":"https:\/\/patagoniambiental.com.ar\/info\/wp-content\/uploads\/2022\/10\/123.jpg","width":800,"height":530},{"@type":"BreadcrumbList","@id":"https:\/\/patagoniambiental.com.ar\/info\/destacan-virtudes-del-uso-de-bicicletas-y-monopatines\/#breadcrumb","itemListElement":[{"@type":"ListItem","position":1,"name":"Inicio","item":"https:\/\/patagoniambiental.com.ar\/info\/"},{"@type":"ListItem","position":2,"name":"Destacan virtudes del uso de bicicletas y monopatines"}]},{"@type":"WebSite","@id":"https:\/\/patagoniambiental.com.ar\/info\/#website","url":"https:\/\/patagoniambiental.com.ar\/info\/","name":"Patagonia Ambiental","description":"Monitoreo y an\u00e1lisis de la situaci\u00f3n geopol\u00edtica en el mundo y su implicancia en la Patagonia","publisher":{"@id":"https:\/\/patagoniambiental.com.ar\/info\/#organization"},"potentialAction":[{"@type":"SearchAction","target":{"@type":"EntryPoint","urlTemplate":"https:\/\/patagoniambiental.com.ar\/info\/?s={search_term_string}"},"query-input":{"@type":"PropertyValueSpecification","valueRequired":true,"valueName":"search_term_string"}}],"inLanguage":"es"},{"@type":"Organization","@id":"https:\/\/patagoniambiental.com.ar\/info\/#organization","name":"Patagonia Ambiental","url":"https:\/\/patagoniambiental.com.ar\/info\/","logo":{"@type":"ImageObject","inLanguage":"es","@id":"https:\/\/patagoniambiental.com.ar\/info\/#\/schema\/logo\/image\/","url":"https:\/\/patagoniambiental.com.ar\/info\/wp-content\/uploads\/2025\/05\/LOGO-PATAGONIA-AMBIENTAL.png","contentUrl":"https:\/\/patagoniambiental.com.ar\/info\/wp-content\/uploads\/2025\/05\/LOGO-PATAGONIA-AMBIENTAL.png","width":433,"height":250,"caption":"Patagonia Ambiental"},"image":{"@id":"https:\/\/patagoniambiental.com.ar\/info\/#\/schema\/logo\/image\/"},"sameAs":["https:\/\/www.facebook.com\/patagonia.ambiental","https:\/\/x.com\/PatAmb"]},{"@type":"Person","@id":"https:\/\/patagoniambiental.com.ar\/info\/#\/schema\/person\/e5af09d700b2e82cb10c6b8800e0c691","name":"BRAIAN ESTEVEZ","sameAs":["http:\/\/www.patagoniambiental.com.ar"]}]}},"_links":{"self":[{"href":"https:\/\/patagoniambiental.com.ar\/info\/wp-json\/wp\/v2\/posts\/76489","targetHints":{"allow":["GET"]}}],"collection":[{"href":"https:\/\/patagoniambiental.com.ar\/info\/wp-json\/wp\/v2\/posts"}],"about":[{"href":"https:\/\/patagoniambiental.com.ar\/info\/wp-json\/wp\/v2\/types\/post"}],"author":[{"embeddable":true,"href":"https:\/\/patagoniambiental.com.ar\/info\/wp-json\/wp\/v2\/users\/6"}],"replies":[{"embeddable":true,"href":"https:\/\/patagoniambiental.com.ar\/info\/wp-json\/wp\/v2\/comments?post=76489"}],"version-history":[{"count":0,"href":"https:\/\/patagoniambiental.com.ar\/info\/wp-json\/wp\/v2\/posts\/76489\/revisions"}],"wp:featuredmedia":[{"embeddable":true,"href":"https:\/\/patagoniambiental.com.ar\/info\/wp-json\/wp\/v2\/media\/76490"}],"wp:attachment":[{"href":"https:\/\/patagoniambiental.com.ar\/info\/wp-json\/wp\/v2\/media?parent=76489"}],"wp:term":[{"taxonomy":"category","embeddable":true,"href":"https:\/\/patagoniambiental.com.ar\/info\/wp-json\/wp\/v2\/categories?post=76489"},{"taxonomy":"post_tag","embeddable":true,"href":"https:\/\/patagoniambiental.com.ar\/info\/wp-json\/wp\/v2\/tags?post=76489"}],"curies":[{"name":"wp","href":"https:\/\/api.w.org\/{rel}","templated":true}]}}