{"id":76512,"date":"2022-11-01T19:00:00","date_gmt":"2022-11-01T22:00:00","guid":{"rendered":"http:\/\/patagoniambiental.com.ar\/info\/?p=76512"},"modified":"2022-11-03T21:44:44","modified_gmt":"2022-11-04T00:44:44","slug":"investigadores-advierten-que-proyecto-de-linea-electrica-amenaza-al-aguila-coronada-en-la-pampa","status":"publish","type":"post","link":"https:\/\/patagoniambiental.com.ar\/info\/investigadores-advierten-que-proyecto-de-linea-electrica-amenaza-al-aguila-coronada-en-la-pampa\/","title":{"rendered":"Investigadores advierten que proyecto de l\u00ednea el\u00e9ctrica amenaza al \u00e1guila coronada en La Pampa"},"content":{"rendered":"\n<!--more-->\n\n\n\n<p>Investigadores del&nbsp;<strong>Centro para el Estudio y Conservaci\u00f3n de las Aves Rapaces (Cecara)&nbsp;<\/strong>de la&nbsp;<strong>Universidad Nacional de La Pampa y del Conicet&nbsp;<\/strong>presentaron un escrito ante el subsecretario de Ambiente de La Pampa,&nbsp;<strong>Fabi\u00e1n Titarelli<\/strong>, en el que<strong>&nbsp;solicitaron se revise el an\u00e1lisis ambiental sobre el proyecto de recambio de l\u00ednea el\u00e9ctrica en el trazado Padre Buodo \u2013 Per\u00fa&nbsp;<\/strong>por e<strong>l \u201criesgo de electrocuci\u00f3n\u201d que implica para el \u00e1guila coronada y otras aves rapaces.<\/strong><\/p>\n\n\n\n<p>Con una poblaci\u00f3n global estimada en menos de&nbsp;<strong>1000 ejemplares adultos y categorizada como en \u201cpeligro de extinci\u00f3n\u201d,<\/strong>&nbsp;la electrocuci\u00f3n en tendidos el\u00e9ctricos es una de las amenazas m\u00e1s importantes para el \u00e1guila coronada: el 70% de los juveniles muere antes de alcanzar la edad adulta (4-5 a\u00f1os) y el 30% de estos incidentes de mortalidad se debe a la electrocuci\u00f3n en l\u00edneas el\u00e9ctricas<strong>. \u201cSolo en la provincia de La Pampa se han registrado 10 casos de \u00e1guilas coronadas electrocutadas en los \u00faltimos a\u00f1os\u201d<\/strong>, dijeron en un comunicado de prensa.<\/p>\n\n\n\n<figure class=\"wp-block-embed\"><div class=\"wp-block-embed__wrapper\">\nhttps:\/\/googleads.g.doubleclick.net\/pagead\/ads?client=ca-pub-8462277473027869&#038;output=html&#038;h=280&#038;slotname=2416895182&#038;adk=2776845314&#038;adf=896386815&#038;pi=t.ma~as.2416895182&#038;w=780&#038;fwrn=4&#038;fwrnh=100&#038;lmt=1667522787&#038;rafmt=1&#038;format=780&#215;280&#038;url=https%3A%2F%2Fdiariotextual.com%2Finicio%2Findex.php%2F2022%2F11%2F01%2Finvestigadores-advierten-que-proyecto-de-linea-electrica-amenaza-al-aguila-coronada-en-la-pampa%2F&#038;fwr=0&#038;rpe=1&#038;resp_fmts=3&#038;wgl=1&#038;uach=WyJXaW5kb3dzIiwiMC4xLjAiLCJ4ODYiLCIiLCIxMDYuMC41MjQ5LjEyMSIsW10sZmFsc2UsbnVsbCwiNjQiLFtbIkNocm9taXVtIiwiMTA2LjAuNTI0OS4xMjEiXSxbIkdvb2dsZSBDaHJvbWUiLCIxMDYuMC41MjQ5LjEyMSJdLFsiTm90O0E9QnJhbmQiLCI5OS4wLjAuMCJdXSxmYWxzZV0.&#038;dt=1667522787028&#038;bpp=2&#038;bdt=1419&#038;idt=810&#038;shv=r20221101&#038;mjsv=m202211010101&#038;ptt=9&#038;saldr=aa&#038;abxe=1&#038;prev_fmts=0x0&#038;nras=1&#038;correlator=1126159935068&#038;frm=20&#038;pv=1&#038;ga_vid=169060556.1667522787&#038;ga_sid=1667522788&#038;ga_hid=185716815&#038;ga_fc=1&#038;u_tz=-180&#038;u_his=1&#038;u_h=768&#038;u_w=1366&#038;u_ah=728&#038;u_aw=1366&#038;u_cd=24&#038;u_sd=1&#038;dmc=8&#038;adx=90&#038;ady=1322&#038;biw=1349&#038;bih=625&#038;scr_x=0&#038;scr_y=200&#038;eid=44759876%2C44759927%2C44759837%2C42531706%2C31070696%2C44775017&#038;oid=2&#038;pvsid=2386411541335750&#038;tmod=1130739541&#038;uas=0&#038;nvt=1&#038;ref=https%3A%2F%2Fwww.google.com%2F&#038;eae=0&#038;fc=1920&#038;brdim=0%2C0%2C0%2C0%2C1366%2C0%2C1366%2C728%2C1366%2C625&#038;vis=1&#038;rsz=%7C%7CoEebr%7C&#038;abl=CS&#038;pfx=0&#038;cms=2&#038;fu=128&#038;bc=31&#038;ifi=2&#038;uci=a!2&#038;btvi=1&#038;fsb=1&#038;xpc=6e8BIxVW75&#038;p=https%3A\/\/diariotextual.com&#038;dtd=817\n<\/div><\/figure>\n\n\n\n<figure class=\"wp-block-image\"><img decoding=\"async\" src=\"https:\/\/diariotextual.com\/inicio\/wp-content\/uploads\/2020\/09\/aguilacoronada248372033.jpg\" alt=\"\" class=\"wp-image-109708\"\/><\/figure>\n\n\n\n<p>\u201cEl seguimiento de individuos de \u00e1guila coronada equipados con emisores satelitales ha permitido identificar una importante poblaci\u00f3n de esta especie en la zona donde se proyecta el recambio de la mencionada l\u00ednea el\u00e9ctrica. Sin embargo, el estudio ambiental presentado desconoce la presencia del \u00e1guila coronada en la zona, al tiempo que en la nueva l\u00ednea se proponen utilizar materiales y dise\u00f1os que representan un alto riesgo de electrocuci\u00f3n para \u00e9sta y para otras especies de aves rapaces\u201d, advirtieron.<\/p>\n\n\n\n<figure class=\"wp-block-image\"><img decoding=\"async\" src=\"https:\/\/diariotextual.com\/inicio\/wp-content\/uploads\/2022\/11\/aguilacoronadasatelite2022-1-1024x615.png\" alt=\"\" class=\"wp-image-205735\"\/><figcaption><em>Localizaciones GPS de \u00e1guilas coronadas en la provincia de La Pampa. Las \u00e1reas rojas indican las \u00e1reas con mayor cantidad de localizaciones de individuos y en amarillo la l\u00ednea de media tensi\u00f3n proyectada.<\/em><\/figcaption><\/figure>\n\n\n\n<p>En la nota, elevada tambi\u00e9n a la Secretar\u00eda de Energ\u00eda y Miner\u00eda como responsable t\u00e9cnica de la obra, se destacaron otros efectos negativos de la electrocuci\u00f3n de las aves: al electrocutarse, las aves pueden combustionar y generar incendios forestales, con la consecuente p\u00e9rdida de h\u00e1bitats, fauna silvestre e infraestructuras y vidas humanas.<\/p>\n\n\n\n<p>\u201cLos investigadores destacan y reiteran que la realizaci\u00f3n de esta obra en las condiciones proyectadas supone un alto riesgo de mortalidad para el \u00e1guila coronada, determinando as\u00ed una casi probable extinci\u00f3n local de sus poblaciones en nuestra provincia\u201d, finalizaron.<\/p>\n\n\n\n<figure class=\"wp-block-embed\"><div class=\"wp-block-embed__wrapper\">\nhttps:\/\/googleads.g.doubleclick.net\/pagead\/ads?client=ca-pub-8462277473027869&#038;output=html&#038;h=280&#038;slotname=2416895182&#038;adk=2776845314&#038;adf=678777329&#038;pi=t.ma~as.2416895182&#038;w=780&#038;fwrn=4&#038;fwrnh=100&#038;lmt=1667522824&#038;rafmt=1&#038;format=780&#215;280&#038;url=https%3A%2F%2Fdiariotextual.com%2Finicio%2Findex.php%2F2022%2F11%2F01%2Finvestigadores-advierten-que-proyecto-de-linea-electrica-amenaza-al-aguila-coronada-en-la-pampa%2F&#038;fwr=0&#038;rpe=1&#038;resp_fmts=3&#038;wgl=1&#038;uach=WyJXaW5kb3dzIiwiMC4xLjAiLCJ4ODYiLCIiLCIxMDYuMC41MjQ5LjEyMSIsW10sZmFsc2UsbnVsbCwiNjQiLFtbIkNocm9taXVtIiwiMTA2LjAuNTI0OS4xMjEiXSxbIkdvb2dsZSBDaHJvbWUiLCIxMDYuMC41MjQ5LjEyMSJdLFsiTm90O0E9QnJhbmQiLCI5OS4wLjAuMCJdXSxmYWxzZV0.&#038;dt=1667522787030&#038;bpp=1&#038;bdt=1422&#038;idt=832&#038;shv=r20221101&#038;mjsv=m202211010101&#038;ptt=9&#038;saldr=aa&#038;abxe=1&#038;cookie=ID%3Ddb97efb289727f6b-22e8cce7347f0018%3AT%3D1667522556%3ART%3D1667522556%3AS%3DALNI_MZ8fU29ReQbYPFqRrgq2wRMxkB9eg&#038;gpic=UID%3D000009d461e82866%3AT%3D1667522556%3ART%3D1667522556%3AS%3DALNI_MY5R3fEskLpexTnZUDE0-l0RjTkYQ&#038;prev_fmts=0x0%2C780x280%2C1349x625&#038;nras=2&#038;correlator=1126159935068&#038;frm=20&#038;pv=1&#038;ga_vid=169060556.1667522787&#038;ga_sid=1667522788&#038;ga_hid=185716815&#038;ga_fc=1&#038;u_tz=-180&#038;u_his=1&#038;u_h=768&#038;u_w=1366&#038;u_ah=728&#038;u_aw=1366&#038;u_cd=24&#038;u_sd=1&#038;dmc=8&#038;adx=90&#038;ady=3936&#038;biw=1349&#038;bih=568&#038;scr_x=0&#038;scr_y=1713&#038;eid=44759876%2C44759927%2C44759837%2C42531706%2C31070696%2C44775017&#038;oid=2&#038;psts=APxP-9ASfHI__YFVhicv-D8BokLR7VKyE1Dtsvivegipe0o7EpkBpyyWdvBpvlcdW177RQ4JdbSIHE4tFYE4zQ&#038;pvsid=2386411541335750&#038;tmod=1130739541&#038;uas=3&#038;nvt=1&#038;ref=https%3A%2F%2Fwww.google.com%2F&#038;eae=0&#038;fc=1920&#038;brdim=0%2C0%2C0%2C0%2C1366%2C0%2C1366%2C728%2C1366%2C568&#038;vis=1&#038;rsz=%7C%7CoEebr%7C&#038;abl=CS&#038;pfx=0&#038;fu=128&#038;bc=31&#038;ifi=3&#038;uci=a!3&#038;btvi=2&#038;fsb=1&#038;xpc=l8hOmPf9lf&#038;p=https%3A\/\/diariotextual.com&#038;dtd=37889\n<\/div><\/figure>\n\n\n\n<figure class=\"wp-block-image\"><img decoding=\"async\" src=\"https:\/\/diariotextual.com\/inicio\/wp-content\/uploads\/2020\/07\/electricidadtendidoselectricosaguilachacocoronadaape2020-2-1024x576.jpeg\" alt=\"\" class=\"wp-image-102380\"\/><figcaption><em>Protecciones utilizadas en el oeste pampeano, para evitar electrocuciones.<\/em><\/figcaption><\/figure>\n\n\n\n<p>Fuente: https:\/\/diariotextual.com\/inicio\/index.php\/2022\/11\/01\/investigadores-advierten-que-proyecto-de-linea-electrica-amenaza-al-aguila-coronada-en-la-pampa\/<\/p>\n","protected":false},"excerpt":{"rendered":"","protected":false},"author":6,"featured_media":76513,"comment_status":"open","ping_status":"open","sticky":false,"template":"","format":"standard","meta":{"site-sidebar-layout":"default","site-content-layout":"","ast-site-content-layout":"default","site-content-style":"default","site-sidebar-style":"default","ast-global-header-display":"","ast-banner-title-visibility":"","ast-main-header-display":"","ast-hfb-above-header-display":"","ast-hfb-below-header-display":"","ast-hfb-mobile-header-display":"","site-post-title":"","ast-breadcrumbs-content":"","ast-featured-img":"","footer-sml-layout":"","ast-disable-related-posts":"","theme-transparent-header-meta":"","adv-header-id-meta":"","stick-header-meta":"","header-above-stick-meta":"","header-main-stick-meta":"","header-below-stick-meta":"","astra-migrate-meta-layouts":"default","ast-page-background-enabled":"default","ast-page-background-meta":{"desktop":{"background-color":"var(--ast-global-color-5)","background-image":"","background-repeat":"repeat","background-position":"center center","background-size":"auto","background-attachment":"scroll","background-type":"","background-media":"","overlay-type":"","overlay-color":"","overlay-opacity":"","overlay-gradient":""},"tablet":{"background-color":"","background-image":"","background-repeat":"repeat","background-position":"center center","background-size":"auto","background-attachment":"scroll","background-type":"","background-media":"","overlay-type":"","overlay-color":"","overlay-opacity":"","overlay-gradient":""},"mobile":{"background-color":"","background-image":"","background-repeat":"repeat","background-position":"center center","background-size":"auto","background-attachment":"scroll","background-type":"","background-media":"","overlay-type":"","overlay-color":"","overlay-opacity":"","overlay-gradient":""}},"ast-content-background-meta":{"desktop":{"background-color":"var(--ast-global-color-4)","background-image":"","background-repeat":"repeat","background-position":"center center","background-size":"auto","background-attachment":"scroll","background-type":"","background-media":"","overlay-type":"","overlay-color":"","overlay-opacity":"","overlay-gradient":""},"tablet":{"background-color":"var(--ast-global-color-4)","background-image":"","background-repeat":"repeat","background-position":"center center","background-size":"auto","background-attachment":"scroll","background-type":"","background-media":"","overlay-type":"","overlay-color":"","overlay-opacity":"","overlay-gradient":""},"mobile":{"background-color":"var(--ast-global-color-4)","background-image":"","background-repeat":"repeat","background-position":"center center","background-size":"auto","background-attachment":"scroll","background-type":"","background-media":"","overlay-type":"","overlay-color":"","overlay-opacity":"","overlay-gradient":""}},"footnotes":""},"categories":[11,59,1,13,10],"tags":[],"class_list":["post-76512","post","type-post","status-publish","format-standard","has-post-thumbnail","hentry","category-boletin","category-la-pampa","category-noticias","category-provinciales","category-rotador"],"yoast_head":"<!-- This site is optimized with the Yoast SEO Premium plugin v23.0 (Yoast SEO v27.4) - https:\/\/yoast.com\/product\/yoast-seo-premium-wordpress\/ -->\n<title>Investigadores advierten que proyecto de l\u00ednea el\u00e9ctrica amenaza al \u00e1guila coronada en La Pampa<\/title>\n<meta name=\"robots\" content=\"index, follow, max-snippet:-1, max-image-preview:large, max-video-preview:-1\" \/>\n<link rel=\"canonical\" href=\"https:\/\/patagoniambiental.com.ar\/info\/investigadores-advierten-que-proyecto-de-linea-electrica-amenaza-al-aguila-coronada-en-la-pampa\/\" \/>\n<meta property=\"og:locale\" content=\"es_ES\" \/>\n<meta property=\"og:type\" content=\"article\" \/>\n<meta property=\"og:title\" content=\"Investigadores advierten que proyecto de l\u00ednea el\u00e9ctrica amenaza al \u00e1guila coronada en La Pampa\" \/>\n<meta property=\"og:url\" content=\"https:\/\/patagoniambiental.com.ar\/info\/investigadores-advierten-que-proyecto-de-linea-electrica-amenaza-al-aguila-coronada-en-la-pampa\/\" \/>\n<meta property=\"og:site_name\" content=\"Patagonia Ambiental\" \/>\n<meta property=\"article:publisher\" content=\"https:\/\/www.facebook.com\/patagonia.ambiental\" \/>\n<meta property=\"article:published_time\" content=\"2022-11-01T22:00:00+00:00\" \/>\n<meta property=\"article:modified_time\" content=\"2022-11-04T00:44:44+00:00\" \/>\n<meta property=\"og:image\" content=\"https:\/\/patagoniambiental.com.ar\/info\/wp-content\/uploads\/2022\/11\/34.png\" \/>\n\t<meta property=\"og:image:width\" content=\"964\" \/>\n\t<meta property=\"og:image:height\" content=\"706\" \/>\n\t<meta property=\"og:image:type\" content=\"image\/png\" \/>\n<meta name=\"author\" content=\"BRAIAN ESTEVEZ\" \/>\n<meta name=\"twitter:card\" content=\"summary_large_image\" \/>\n<meta name=\"twitter:creator\" content=\"@PatAmb\" \/>\n<meta name=\"twitter:site\" content=\"@PatAmb\" \/>\n<script type=\"application\/ld+json\" class=\"yoast-schema-graph\">{\"@context\":\"https:\\\/\\\/schema.org\",\"@graph\":[{\"@type\":\"Article\",\"@id\":\"https:\\\/\\\/patagoniambiental.com.ar\\\/info\\\/investigadores-advierten-que-proyecto-de-linea-electrica-amenaza-al-aguila-coronada-en-la-pampa\\\/#article\",\"isPartOf\":{\"@id\":\"https:\\\/\\\/patagoniambiental.com.ar\\\/info\\\/investigadores-advierten-que-proyecto-de-linea-electrica-amenaza-al-aguila-coronada-en-la-pampa\\\/\"},\"author\":{\"name\":\"BRAIAN ESTEVEZ\",\"@id\":\"https:\\\/\\\/patagoniambiental.com.ar\\\/info\\\/#\\\/schema\\\/person\\\/e5af09d700b2e82cb10c6b8800e0c691\"},\"headline\":\"Investigadores advierten que proyecto de l\u00ednea el\u00e9ctrica amenaza al \u00e1guila coronada en La Pampa\",\"datePublished\":\"2022-11-01T22:00:00+00:00\",\"dateModified\":\"2022-11-04T00:44:44+00:00\",\"mainEntityOfPage\":{\"@id\":\"https:\\\/\\\/patagoniambiental.com.ar\\\/info\\\/investigadores-advierten-que-proyecto-de-linea-electrica-amenaza-al-aguila-coronada-en-la-pampa\\\/\"},\"wordCount\":995,\"commentCount\":0,\"publisher\":{\"@id\":\"https:\\\/\\\/patagoniambiental.com.ar\\\/info\\\/#organization\"},\"image\":{\"@id\":\"https:\\\/\\\/patagoniambiental.com.ar\\\/info\\\/investigadores-advierten-que-proyecto-de-linea-electrica-amenaza-al-aguila-coronada-en-la-pampa\\\/#primaryimage\"},\"thumbnailUrl\":\"https:\\\/\\\/patagoniambiental.com.ar\\\/info\\\/wp-content\\\/uploads\\\/2022\\\/11\\\/34.png\",\"articleSection\":[\"Bolet\u00edn\",\"La Pampa\",\"Noticias\",\"Provinciales\",\"Rotador\"],\"inLanguage\":\"es\",\"potentialAction\":[{\"@type\":\"CommentAction\",\"name\":\"Comment\",\"target\":[\"https:\\\/\\\/patagoniambiental.com.ar\\\/info\\\/investigadores-advierten-que-proyecto-de-linea-electrica-amenaza-al-aguila-coronada-en-la-pampa\\\/#respond\"]}]},{\"@type\":\"WebPage\",\"@id\":\"https:\\\/\\\/patagoniambiental.com.ar\\\/info\\\/investigadores-advierten-que-proyecto-de-linea-electrica-amenaza-al-aguila-coronada-en-la-pampa\\\/\",\"url\":\"https:\\\/\\\/patagoniambiental.com.ar\\\/info\\\/investigadores-advierten-que-proyecto-de-linea-electrica-amenaza-al-aguila-coronada-en-la-pampa\\\/\",\"name\":\"Investigadores advierten que proyecto de l\u00ednea el\u00e9ctrica amenaza al \u00e1guila coronada en La Pampa\",\"isPartOf\":{\"@id\":\"https:\\\/\\\/patagoniambiental.com.ar\\\/info\\\/#website\"},\"primaryImageOfPage\":{\"@id\":\"https:\\\/\\\/patagoniambiental.com.ar\\\/info\\\/investigadores-advierten-que-proyecto-de-linea-electrica-amenaza-al-aguila-coronada-en-la-pampa\\\/#primaryimage\"},\"image\":{\"@id\":\"https:\\\/\\\/patagoniambiental.com.ar\\\/info\\\/investigadores-advierten-que-proyecto-de-linea-electrica-amenaza-al-aguila-coronada-en-la-pampa\\\/#primaryimage\"},\"thumbnailUrl\":\"https:\\\/\\\/patagoniambiental.com.ar\\\/info\\\/wp-content\\\/uploads\\\/2022\\\/11\\\/34.png\",\"datePublished\":\"2022-11-01T22:00:00+00:00\",\"dateModified\":\"2022-11-04T00:44:44+00:00\",\"breadcrumb\":{\"@id\":\"https:\\\/\\\/patagoniambiental.com.ar\\\/info\\\/investigadores-advierten-que-proyecto-de-linea-electrica-amenaza-al-aguila-coronada-en-la-pampa\\\/#breadcrumb\"},\"inLanguage\":\"es\",\"potentialAction\":[{\"@type\":\"ReadAction\",\"target\":[\"https:\\\/\\\/patagoniambiental.com.ar\\\/info\\\/investigadores-advierten-que-proyecto-de-linea-electrica-amenaza-al-aguila-coronada-en-la-pampa\\\/\"]}]},{\"@type\":\"ImageObject\",\"inLanguage\":\"es\",\"@id\":\"https:\\\/\\\/patagoniambiental.com.ar\\\/info\\\/investigadores-advierten-que-proyecto-de-linea-electrica-amenaza-al-aguila-coronada-en-la-pampa\\\/#primaryimage\",\"url\":\"https:\\\/\\\/patagoniambiental.com.ar\\\/info\\\/wp-content\\\/uploads\\\/2022\\\/11\\\/34.png\",\"contentUrl\":\"https:\\\/\\\/patagoniambiental.com.ar\\\/info\\\/wp-content\\\/uploads\\\/2022\\\/11\\\/34.png\",\"width\":964,\"height\":706},{\"@type\":\"BreadcrumbList\",\"@id\":\"https:\\\/\\\/patagoniambiental.com.ar\\\/info\\\/investigadores-advierten-que-proyecto-de-linea-electrica-amenaza-al-aguila-coronada-en-la-pampa\\\/#breadcrumb\",\"itemListElement\":[{\"@type\":\"ListItem\",\"position\":1,\"name\":\"Inicio\",\"item\":\"https:\\\/\\\/patagoniambiental.com.ar\\\/info\\\/\"},{\"@type\":\"ListItem\",\"position\":2,\"name\":\"Investigadores advierten que proyecto de l\u00ednea el\u00e9ctrica amenaza al \u00e1guila coronada en La Pampa\"}]},{\"@type\":\"WebSite\",\"@id\":\"https:\\\/\\\/patagoniambiental.com.ar\\\/info\\\/#website\",\"url\":\"https:\\\/\\\/patagoniambiental.com.ar\\\/info\\\/\",\"name\":\"Patagonia Ambiental\",\"description\":\"Monitoreo y an\u00e1lisis de la situaci\u00f3n geopol\u00edtica en el mundo y su implicancia en la Patagonia\",\"publisher\":{\"@id\":\"https:\\\/\\\/patagoniambiental.com.ar\\\/info\\\/#organization\"},\"potentialAction\":[{\"@type\":\"SearchAction\",\"target\":{\"@type\":\"EntryPoint\",\"urlTemplate\":\"https:\\\/\\\/patagoniambiental.com.ar\\\/info\\\/?s={search_term_string}\"},\"query-input\":{\"@type\":\"PropertyValueSpecification\",\"valueRequired\":true,\"valueName\":\"search_term_string\"}}],\"inLanguage\":\"es\"},{\"@type\":\"Organization\",\"@id\":\"https:\\\/\\\/patagoniambiental.com.ar\\\/info\\\/#organization\",\"name\":\"Patagonia Ambiental\",\"url\":\"https:\\\/\\\/patagoniambiental.com.ar\\\/info\\\/\",\"logo\":{\"@type\":\"ImageObject\",\"inLanguage\":\"es\",\"@id\":\"https:\\\/\\\/patagoniambiental.com.ar\\\/info\\\/#\\\/schema\\\/logo\\\/image\\\/\",\"url\":\"https:\\\/\\\/patagoniambiental.com.ar\\\/info\\\/wp-content\\\/uploads\\\/2025\\\/05\\\/LOGO-PATAGONIA-AMBIENTAL.png\",\"contentUrl\":\"https:\\\/\\\/patagoniambiental.com.ar\\\/info\\\/wp-content\\\/uploads\\\/2025\\\/05\\\/LOGO-PATAGONIA-AMBIENTAL.png\",\"width\":433,\"height\":250,\"caption\":\"Patagonia Ambiental\"},\"image\":{\"@id\":\"https:\\\/\\\/patagoniambiental.com.ar\\\/info\\\/#\\\/schema\\\/logo\\\/image\\\/\"},\"sameAs\":[\"https:\\\/\\\/www.facebook.com\\\/patagonia.ambiental\",\"https:\\\/\\\/x.com\\\/PatAmb\"]},{\"@type\":\"Person\",\"@id\":\"https:\\\/\\\/patagoniambiental.com.ar\\\/info\\\/#\\\/schema\\\/person\\\/e5af09d700b2e82cb10c6b8800e0c691\",\"name\":\"BRAIAN ESTEVEZ\",\"sameAs\":[\"http:\\\/\\\/www.patagoniambiental.com.ar\"]}]}<\/script>\n<!-- \/ Yoast SEO Premium plugin. -->","yoast_head_json":{"title":"Investigadores advierten que proyecto de l\u00ednea el\u00e9ctrica amenaza al \u00e1guila coronada en La Pampa","robots":{"index":"index","follow":"follow","max-snippet":"max-snippet:-1","max-image-preview":"max-image-preview:large","max-video-preview":"max-video-preview:-1"},"canonical":"https:\/\/patagoniambiental.com.ar\/info\/investigadores-advierten-que-proyecto-de-linea-electrica-amenaza-al-aguila-coronada-en-la-pampa\/","og_locale":"es_ES","og_type":"article","og_title":"Investigadores advierten que proyecto de l\u00ednea el\u00e9ctrica amenaza al \u00e1guila coronada en La Pampa","og_url":"https:\/\/patagoniambiental.com.ar\/info\/investigadores-advierten-que-proyecto-de-linea-electrica-amenaza-al-aguila-coronada-en-la-pampa\/","og_site_name":"Patagonia Ambiental","article_publisher":"https:\/\/www.facebook.com\/patagonia.ambiental","article_published_time":"2022-11-01T22:00:00+00:00","article_modified_time":"2022-11-04T00:44:44+00:00","og_image":[{"width":964,"height":706,"url":"https:\/\/patagoniambiental.com.ar\/info\/wp-content\/uploads\/2022\/11\/34.png","type":"image\/png"}],"author":"BRAIAN ESTEVEZ","twitter_card":"summary_large_image","twitter_creator":"@PatAmb","twitter_site":"@PatAmb","schema":{"@context":"https:\/\/schema.org","@graph":[{"@type":"Article","@id":"https:\/\/patagoniambiental.com.ar\/info\/investigadores-advierten-que-proyecto-de-linea-electrica-amenaza-al-aguila-coronada-en-la-pampa\/#article","isPartOf":{"@id":"https:\/\/patagoniambiental.com.ar\/info\/investigadores-advierten-que-proyecto-de-linea-electrica-amenaza-al-aguila-coronada-en-la-pampa\/"},"author":{"name":"BRAIAN ESTEVEZ","@id":"https:\/\/patagoniambiental.com.ar\/info\/#\/schema\/person\/e5af09d700b2e82cb10c6b8800e0c691"},"headline":"Investigadores advierten que proyecto de l\u00ednea el\u00e9ctrica amenaza al \u00e1guila coronada en La Pampa","datePublished":"2022-11-01T22:00:00+00:00","dateModified":"2022-11-04T00:44:44+00:00","mainEntityOfPage":{"@id":"https:\/\/patagoniambiental.com.ar\/info\/investigadores-advierten-que-proyecto-de-linea-electrica-amenaza-al-aguila-coronada-en-la-pampa\/"},"wordCount":995,"commentCount":0,"publisher":{"@id":"https:\/\/patagoniambiental.com.ar\/info\/#organization"},"image":{"@id":"https:\/\/patagoniambiental.com.ar\/info\/investigadores-advierten-que-proyecto-de-linea-electrica-amenaza-al-aguila-coronada-en-la-pampa\/#primaryimage"},"thumbnailUrl":"https:\/\/patagoniambiental.com.ar\/info\/wp-content\/uploads\/2022\/11\/34.png","articleSection":["Bolet\u00edn","La Pampa","Noticias","Provinciales","Rotador"],"inLanguage":"es","potentialAction":[{"@type":"CommentAction","name":"Comment","target":["https:\/\/patagoniambiental.com.ar\/info\/investigadores-advierten-que-proyecto-de-linea-electrica-amenaza-al-aguila-coronada-en-la-pampa\/#respond"]}]},{"@type":"WebPage","@id":"https:\/\/patagoniambiental.com.ar\/info\/investigadores-advierten-que-proyecto-de-linea-electrica-amenaza-al-aguila-coronada-en-la-pampa\/","url":"https:\/\/patagoniambiental.com.ar\/info\/investigadores-advierten-que-proyecto-de-linea-electrica-amenaza-al-aguila-coronada-en-la-pampa\/","name":"Investigadores advierten que proyecto de l\u00ednea el\u00e9ctrica amenaza al \u00e1guila coronada en La Pampa","isPartOf":{"@id":"https:\/\/patagoniambiental.com.ar\/info\/#website"},"primaryImageOfPage":{"@id":"https:\/\/patagoniambiental.com.ar\/info\/investigadores-advierten-que-proyecto-de-linea-electrica-amenaza-al-aguila-coronada-en-la-pampa\/#primaryimage"},"image":{"@id":"https:\/\/patagoniambiental.com.ar\/info\/investigadores-advierten-que-proyecto-de-linea-electrica-amenaza-al-aguila-coronada-en-la-pampa\/#primaryimage"},"thumbnailUrl":"https:\/\/patagoniambiental.com.ar\/info\/wp-content\/uploads\/2022\/11\/34.png","datePublished":"2022-11-01T22:00:00+00:00","dateModified":"2022-11-04T00:44:44+00:00","breadcrumb":{"@id":"https:\/\/patagoniambiental.com.ar\/info\/investigadores-advierten-que-proyecto-de-linea-electrica-amenaza-al-aguila-coronada-en-la-pampa\/#breadcrumb"},"inLanguage":"es","potentialAction":[{"@type":"ReadAction","target":["https:\/\/patagoniambiental.com.ar\/info\/investigadores-advierten-que-proyecto-de-linea-electrica-amenaza-al-aguila-coronada-en-la-pampa\/"]}]},{"@type":"ImageObject","inLanguage":"es","@id":"https:\/\/patagoniambiental.com.ar\/info\/investigadores-advierten-que-proyecto-de-linea-electrica-amenaza-al-aguila-coronada-en-la-pampa\/#primaryimage","url":"https:\/\/patagoniambiental.com.ar\/info\/wp-content\/uploads\/2022\/11\/34.png","contentUrl":"https:\/\/patagoniambiental.com.ar\/info\/wp-content\/uploads\/2022\/11\/34.png","width":964,"height":706},{"@type":"BreadcrumbList","@id":"https:\/\/patagoniambiental.com.ar\/info\/investigadores-advierten-que-proyecto-de-linea-electrica-amenaza-al-aguila-coronada-en-la-pampa\/#breadcrumb","itemListElement":[{"@type":"ListItem","position":1,"name":"Inicio","item":"https:\/\/patagoniambiental.com.ar\/info\/"},{"@type":"ListItem","position":2,"name":"Investigadores advierten que proyecto de l\u00ednea el\u00e9ctrica amenaza al \u00e1guila coronada en La Pampa"}]},{"@type":"WebSite","@id":"https:\/\/patagoniambiental.com.ar\/info\/#website","url":"https:\/\/patagoniambiental.com.ar\/info\/","name":"Patagonia Ambiental","description":"Monitoreo y an\u00e1lisis de la situaci\u00f3n geopol\u00edtica en el mundo y su implicancia en la Patagonia","publisher":{"@id":"https:\/\/patagoniambiental.com.ar\/info\/#organization"},"potentialAction":[{"@type":"SearchAction","target":{"@type":"EntryPoint","urlTemplate":"https:\/\/patagoniambiental.com.ar\/info\/?s={search_term_string}"},"query-input":{"@type":"PropertyValueSpecification","valueRequired":true,"valueName":"search_term_string"}}],"inLanguage":"es"},{"@type":"Organization","@id":"https:\/\/patagoniambiental.com.ar\/info\/#organization","name":"Patagonia Ambiental","url":"https:\/\/patagoniambiental.com.ar\/info\/","logo":{"@type":"ImageObject","inLanguage":"es","@id":"https:\/\/patagoniambiental.com.ar\/info\/#\/schema\/logo\/image\/","url":"https:\/\/patagoniambiental.com.ar\/info\/wp-content\/uploads\/2025\/05\/LOGO-PATAGONIA-AMBIENTAL.png","contentUrl":"https:\/\/patagoniambiental.com.ar\/info\/wp-content\/uploads\/2025\/05\/LOGO-PATAGONIA-AMBIENTAL.png","width":433,"height":250,"caption":"Patagonia Ambiental"},"image":{"@id":"https:\/\/patagoniambiental.com.ar\/info\/#\/schema\/logo\/image\/"},"sameAs":["https:\/\/www.facebook.com\/patagonia.ambiental","https:\/\/x.com\/PatAmb"]},{"@type":"Person","@id":"https:\/\/patagoniambiental.com.ar\/info\/#\/schema\/person\/e5af09d700b2e82cb10c6b8800e0c691","name":"BRAIAN ESTEVEZ","sameAs":["http:\/\/www.patagoniambiental.com.ar"]}]}},"_links":{"self":[{"href":"https:\/\/patagoniambiental.com.ar\/info\/wp-json\/wp\/v2\/posts\/76512","targetHints":{"allow":["GET"]}}],"collection":[{"href":"https:\/\/patagoniambiental.com.ar\/info\/wp-json\/wp\/v2\/posts"}],"about":[{"href":"https:\/\/patagoniambiental.com.ar\/info\/wp-json\/wp\/v2\/types\/post"}],"author":[{"embeddable":true,"href":"https:\/\/patagoniambiental.com.ar\/info\/wp-json\/wp\/v2\/users\/6"}],"replies":[{"embeddable":true,"href":"https:\/\/patagoniambiental.com.ar\/info\/wp-json\/wp\/v2\/comments?post=76512"}],"version-history":[{"count":0,"href":"https:\/\/patagoniambiental.com.ar\/info\/wp-json\/wp\/v2\/posts\/76512\/revisions"}],"wp:featuredmedia":[{"embeddable":true,"href":"https:\/\/patagoniambiental.com.ar\/info\/wp-json\/wp\/v2\/media\/76513"}],"wp:attachment":[{"href":"https:\/\/patagoniambiental.com.ar\/info\/wp-json\/wp\/v2\/media?parent=76512"}],"wp:term":[{"taxonomy":"category","embeddable":true,"href":"https:\/\/patagoniambiental.com.ar\/info\/wp-json\/wp\/v2\/categories?post=76512"},{"taxonomy":"post_tag","embeddable":true,"href":"https:\/\/patagoniambiental.com.ar\/info\/wp-json\/wp\/v2\/tags?post=76512"}],"curies":[{"name":"wp","href":"https:\/\/api.w.org\/{rel}","templated":true}]}}