{"id":76516,"date":"2022-11-07T07:00:00","date_gmt":"2022-11-07T10:00:00","guid":{"rendered":"http:\/\/patagoniambiental.com.ar\/info\/?p=76516"},"modified":"2022-11-08T11:34:55","modified_gmt":"2022-11-08T14:34:55","slug":"con-el-agua-del-rio-negro-asi-no","status":"publish","type":"post","link":"https:\/\/patagoniambiental.com.ar\/info\/con-el-agua-del-rio-negro-asi-no\/","title":{"rendered":"Con el agua del R\u00edo Negro: As\u00ed, no!"},"content":{"rendered":"\n<!--more-->\n\n\n\n<p>En Argentina m\u00e1s del 60% del territorio tiene condiciones clim\u00e1ticas \u00e1ridas o semi\u00e1ridas y la Regi\u00f3n Patag\u00f3nica andina, como naciente de las principales cuencas regionales, tiene, desde el punto de vista estrat\u00e9gico, un potencial que tenemos que saber ver, defender y adem\u00e1s aprovechar para nuestro desarrollo integral.<\/p>\n\n\n\n<p>La geograf\u00eda rionegrina es diversa y de amplios contrastes a lo largo de su vasta superficie de 203.013 km\u00b2 con una poblaci\u00f3n relativamente escasa que ascender\u00eda, seg\u00fan el \u00faltimo censo poblacional, a los 700.000 habitantes.<\/p>\n\n\n\n<p>R\u00edo Negro integra las dos terceras partes de la Argentina \u00e1rida o semi\u00e1rida. En este contexto, el agua es un bien natural pero a la vez estrat\u00e9gico por su escasez. La defensa de la integridad de nuestros cuerpos de agua debe ser una pol\u00edtica de Estado central del gobierno provincial de turno.<\/p>\n\n\n\n<p>Las cuencas Barrancas-Colorado y el Neuqu\u00e9n-Limay-Negro, ambas en territorio rionegrino, incluyen m\u00e1s del 90% de la poblaci\u00f3n radicada a la vera de dichos r\u00edos, de ah\u00ed su importancia crucial para el presente y futuro provincial.<\/p>\n\n\n\n<p>En 1976 se cre\u00f3 el Comit\u00e9 Interjurisdiccional del R\u00edo Colorado (COIRCO) por acuerdo de los respectivos gobernadores mediante el cual las provincias asumieron la responsabilidad de poner en marcha un Programa \u00fanico de Habilitaci\u00f3n de \u00c1reas de Riego y Distribuci\u00f3n de Caudales del R\u00edo Colorado, tendiente a una distribuci\u00f3n razonable y equitativa de sus aguas para beneficio com\u00fan.<\/p>\n\n\n\n<p>En la cuenca de los r\u00edos Limay-Neuqu\u00e9n-Negro, se crea en el a\u00f1o 1985 (por Acuerdo de los Gobernadores de las Provincias de Neuqu\u00e9n, R\u00edo Negro y Buenos Aires), la Autoridad Interjurisdiccional de Cuencas (AIC), cuya actividad se potencia a partir de 1993 motivado por la privatizaci\u00f3n de los aprovechamientos hidroel\u00e9ctricos de la cuenca, al designar a la AIC como Autoridad de Aplicaci\u00f3n de los Contratos de Concesi\u00f3n, en materia de manejo de aguas, protecci\u00f3n del ambiente y protecci\u00f3n civil.<\/p>\n\n\n\n<p>Los caudales medios hist\u00f3ricos de las cuencas del Colorado y del Negro alcanzan los 150 m 3 \/seg. y 900 m 3 \/seg., respectivamente, los efectos del calentamiento global y, consecuentemente, del cambio clim\u00e1tico, indican un proceso de d\u00e9ficit h\u00eddrico y decrecimiento de caudal continuo a nivel de ambas cuentas que ya lleva m\u00e1s de 13 a\u00f1os.<\/p>\n\n\n\n<p>Desde el Proyecto Vauters a principio del siglo XX a las Jornadas de \u201cAprovechamiento Integral de los Recursos H\u00eddricos del Sur Bonaerense\u201d, en 2016 en la Localidad de Ascasubi, pasando por la solicitud de la Comisi\u00f3n de Recursos H\u00eddricos del Plan de Desarrollo del Sudoeste Bonaerense, a la AIC en 2017 para que se definieran los cupos de agua para las provincias ribere\u00f1as, en la que Buenos Aires con 100 km de costa reclamaba para s\u00ed un cupo de 201 m 3 \/seg. del r\u00edo Negro. Pasando por otra iniciativa, en 2018, de la Universidad Nacional del Sur, con el apoyo de La Bolsa de Cereales y la C\u00e1mara Arbitral de Cereales de Bah\u00eda Blanca, ponderando los beneficios de un impacto positivo en lo econ\u00f3mico y social que un mega Proyecto de Riego Integral a los que sum\u00f3 luego la Autoridad del Agua (ADA) de respaldo en el mismo sentido, motivaron a la Legislatura provincial para pedir aclaraciones y precisiones sobre lo aqu\u00ed detallado.<\/p>\n\n\n\n<p>A ra\u00edz de la p\u00fablica reuni\u00f3n del Gobernador Axel Kicciloff, con los intendentes de Bah\u00eda Blanca, Villarino y Patagones, en donde la gobernaci\u00f3n plante\u00f3 avanzar con un proyecto de trasvase de 150 m3 \/seg. del r\u00edo Negro al r\u00edo Colorado para que, cerca de su desembocadura en el mar, en la zona de Pedro Luro, adem\u00e1s de potenciales nuevas \u00e1reas bajo riego, el agua trasvasada pueda servir para mejorar la situaci\u00f3n de abastecimiento del recurso para la ciudad de Bah\u00eda Blanca en tanto en R\u00edo Negro se encuentra vigente la Ley Q N\u00b01906 la cual, en su art\u00edculo 1\u00b0 detalla: (\u201c\u2026Des\u00e9chase del convenio interestadual de \u201cDistribuci\u00f3n de caudales del r\u00edo Colorado\u201d, celebrado con fecha 26 de octubre de 1976 entre los representantes de facto de las Provincias de Mendoza, Neuqu\u00e9n, La Pampa, Buenos Aires y R\u00edo Negro todo lo referido al trasvasamiento de aguas del r\u00edo Negro y al Colorado, declarando a la Provincia de R\u00edo Negro desobligada de todos los compromisos asumidos con tal motivo\u2026\u201d), los legisladores del Bloque JSRN, encuentran necesario, una vez m\u00e1s, plantear esta problem\u00e1tica, con la seriedad y profundidad que el tema amerita, en el \u00e1mbito natural como es la Autoridad Interjurisdiccional de Cuencas (AIC).<\/p>\n\n\n\n<p>En este marco es que el Bloque JSRN present\u00f3 ante sus pares parlamentarios un Proyecto de Declaraci\u00f3n mediante el que expresan \u201csu mas en\u00e9rgico rechazo al proyecto de trasvasamiento de agua del R\u00edo Negro hacia el R\u00edo Colorado impulsado unilateralmente por la provincia de Buenos Aires, que compromete otras jurisdicciones, sobre un volumen de recursos h\u00eddricos que no le pertenecen\u201d.&#8211;<br><strong>_____________________________________<br><br>Fuente: \u00c1rea de Comunicaci\u00f3n y Prensa Bloque de Legisladores<br>Juntos&nbsp;Somos R\u00edo Negro<\/strong><\/p>\n","protected":false},"excerpt":{"rendered":"","protected":false},"author":6,"featured_media":76517,"comment_status":"open","ping_status":"open","sticky":false,"template":"","format":"standard","meta":{"site-sidebar-layout":"default","site-content-layout":"","ast-site-content-layout":"default","site-content-style":"default","site-sidebar-style":"default","ast-global-header-display":"","ast-banner-title-visibility":"","ast-main-header-display":"","ast-hfb-above-header-display":"","ast-hfb-below-header-display":"","ast-hfb-mobile-header-display":"","site-post-title":"","ast-breadcrumbs-content":"","ast-featured-img":"","footer-sml-layout":"","ast-disable-related-posts":"","theme-transparent-header-meta":"","adv-header-id-meta":"","stick-header-meta":"","header-above-stick-meta":"","header-main-stick-meta":"","header-below-stick-meta":"","astra-migrate-meta-layouts":"default","ast-page-background-enabled":"default","ast-page-background-meta":{"desktop":{"background-color":"var(--ast-global-color-5)","background-image":"","background-repeat":"repeat","background-position":"center center","background-size":"auto","background-attachment":"scroll","background-type":"","background-media":"","overlay-type":"","overlay-color":"","overlay-opacity":"","overlay-gradient":""},"tablet":{"background-color":"","background-image":"","background-repeat":"repeat","background-position":"center center","background-size":"auto","background-attachment":"scroll","background-type":"","background-media":"","overlay-type":"","overlay-color":"","overlay-opacity":"","overlay-gradient":""},"mobile":{"background-color":"","background-image":"","background-repeat":"repeat","background-position":"center center","background-size":"auto","background-attachment":"scroll","background-type":"","background-media":"","overlay-type":"","overlay-color":"","overlay-opacity":"","overlay-gradient":""}},"ast-content-background-meta":{"desktop":{"background-color":"var(--ast-global-color-4)","background-image":"","background-repeat":"repeat","background-position":"center center","background-size":"auto","background-attachment":"scroll","background-type":"","background-media":"","overlay-type":"","overlay-color":"","overlay-opacity":"","overlay-gradient":""},"tablet":{"background-color":"var(--ast-global-color-4)","background-image":"","background-repeat":"repeat","background-position":"center center","background-size":"auto","background-attachment":"scroll","background-type":"","background-media":"","overlay-type":"","overlay-color":"","overlay-opacity":"","overlay-gradient":""},"mobile":{"background-color":"var(--ast-global-color-4)","background-image":"","background-repeat":"repeat","background-position":"center center","background-size":"auto","background-attachment":"scroll","background-type":"","background-media":"","overlay-type":"","overlay-color":"","overlay-opacity":"","overlay-gradient":""}},"footnotes":""},"categories":[11,1,13,14,10],"tags":[],"class_list":["post-76516","post","type-post","status-publish","format-standard","has-post-thumbnail","hentry","category-boletin","category-noticias","category-provinciales","category-rio-negro","category-rotador"],"yoast_head":"<!-- This site is optimized with the Yoast SEO Premium plugin v23.0 (Yoast SEO v27.4) - https:\/\/yoast.com\/product\/yoast-seo-premium-wordpress\/ -->\n<title>Con el agua del R\u00edo Negro: As\u00ed, no!<\/title>\n<meta name=\"robots\" content=\"index, follow, max-snippet:-1, max-image-preview:large, max-video-preview:-1\" \/>\n<link rel=\"canonical\" href=\"https:\/\/patagoniambiental.com.ar\/info\/con-el-agua-del-rio-negro-asi-no\/\" \/>\n<meta property=\"og:locale\" content=\"es_ES\" \/>\n<meta property=\"og:type\" content=\"article\" \/>\n<meta property=\"og:title\" content=\"Con el agua del R\u00edo Negro: As\u00ed, no!\" \/>\n<meta property=\"og:url\" content=\"https:\/\/patagoniambiental.com.ar\/info\/con-el-agua-del-rio-negro-asi-no\/\" \/>\n<meta property=\"og:site_name\" content=\"Patagonia Ambiental\" \/>\n<meta property=\"article:publisher\" content=\"https:\/\/www.facebook.com\/patagonia.ambiental\" \/>\n<meta property=\"article:published_time\" content=\"2022-11-07T10:00:00+00:00\" \/>\n<meta property=\"article:modified_time\" content=\"2022-11-08T14:34:55+00:00\" \/>\n<meta property=\"og:image\" content=\"https:\/\/patagoniambiental.com.ar\/info\/wp-content\/uploads\/2022\/11\/thumbnail_rio-colorado.jpg\" \/>\n\t<meta property=\"og:image:width\" content=\"600\" \/>\n\t<meta property=\"og:image:height\" content=\"377\" \/>\n\t<meta property=\"og:image:type\" content=\"image\/jpeg\" \/>\n<meta name=\"author\" content=\"BRAIAN ESTEVEZ\" \/>\n<meta name=\"twitter:card\" content=\"summary_large_image\" \/>\n<meta name=\"twitter:creator\" content=\"@PatAmb\" \/>\n<meta name=\"twitter:site\" content=\"@PatAmb\" \/>\n<script type=\"application\/ld+json\" class=\"yoast-schema-graph\">{\"@context\":\"https:\\\/\\\/schema.org\",\"@graph\":[{\"@type\":\"Article\",\"@id\":\"https:\\\/\\\/patagoniambiental.com.ar\\\/info\\\/con-el-agua-del-rio-negro-asi-no\\\/#article\",\"isPartOf\":{\"@id\":\"https:\\\/\\\/patagoniambiental.com.ar\\\/info\\\/con-el-agua-del-rio-negro-asi-no\\\/\"},\"author\":{\"name\":\"BRAIAN ESTEVEZ\",\"@id\":\"https:\\\/\\\/patagoniambiental.com.ar\\\/info\\\/#\\\/schema\\\/person\\\/e5af09d700b2e82cb10c6b8800e0c691\"},\"headline\":\"Con el agua del R\u00edo Negro: As\u00ed, no!\",\"datePublished\":\"2022-11-07T10:00:00+00:00\",\"dateModified\":\"2022-11-08T14:34:55+00:00\",\"mainEntityOfPage\":{\"@id\":\"https:\\\/\\\/patagoniambiental.com.ar\\\/info\\\/con-el-agua-del-rio-negro-asi-no\\\/\"},\"wordCount\":866,\"commentCount\":0,\"publisher\":{\"@id\":\"https:\\\/\\\/patagoniambiental.com.ar\\\/info\\\/#organization\"},\"image\":{\"@id\":\"https:\\\/\\\/patagoniambiental.com.ar\\\/info\\\/con-el-agua-del-rio-negro-asi-no\\\/#primaryimage\"},\"thumbnailUrl\":\"https:\\\/\\\/patagoniambiental.com.ar\\\/info\\\/wp-content\\\/uploads\\\/2022\\\/11\\\/thumbnail_rio-colorado.jpg\",\"articleSection\":[\"Bolet\u00edn\",\"Noticias\",\"Provinciales\",\"R\u00edo Negro\",\"Rotador\"],\"inLanguage\":\"es\",\"potentialAction\":[{\"@type\":\"CommentAction\",\"name\":\"Comment\",\"target\":[\"https:\\\/\\\/patagoniambiental.com.ar\\\/info\\\/con-el-agua-del-rio-negro-asi-no\\\/#respond\"]}]},{\"@type\":\"WebPage\",\"@id\":\"https:\\\/\\\/patagoniambiental.com.ar\\\/info\\\/con-el-agua-del-rio-negro-asi-no\\\/\",\"url\":\"https:\\\/\\\/patagoniambiental.com.ar\\\/info\\\/con-el-agua-del-rio-negro-asi-no\\\/\",\"name\":\"Con el agua del R\u00edo Negro: As\u00ed, no!\",\"isPartOf\":{\"@id\":\"https:\\\/\\\/patagoniambiental.com.ar\\\/info\\\/#website\"},\"primaryImageOfPage\":{\"@id\":\"https:\\\/\\\/patagoniambiental.com.ar\\\/info\\\/con-el-agua-del-rio-negro-asi-no\\\/#primaryimage\"},\"image\":{\"@id\":\"https:\\\/\\\/patagoniambiental.com.ar\\\/info\\\/con-el-agua-del-rio-negro-asi-no\\\/#primaryimage\"},\"thumbnailUrl\":\"https:\\\/\\\/patagoniambiental.com.ar\\\/info\\\/wp-content\\\/uploads\\\/2022\\\/11\\\/thumbnail_rio-colorado.jpg\",\"datePublished\":\"2022-11-07T10:00:00+00:00\",\"dateModified\":\"2022-11-08T14:34:55+00:00\",\"breadcrumb\":{\"@id\":\"https:\\\/\\\/patagoniambiental.com.ar\\\/info\\\/con-el-agua-del-rio-negro-asi-no\\\/#breadcrumb\"},\"inLanguage\":\"es\",\"potentialAction\":[{\"@type\":\"ReadAction\",\"target\":[\"https:\\\/\\\/patagoniambiental.com.ar\\\/info\\\/con-el-agua-del-rio-negro-asi-no\\\/\"]}]},{\"@type\":\"ImageObject\",\"inLanguage\":\"es\",\"@id\":\"https:\\\/\\\/patagoniambiental.com.ar\\\/info\\\/con-el-agua-del-rio-negro-asi-no\\\/#primaryimage\",\"url\":\"https:\\\/\\\/patagoniambiental.com.ar\\\/info\\\/wp-content\\\/uploads\\\/2022\\\/11\\\/thumbnail_rio-colorado.jpg\",\"contentUrl\":\"https:\\\/\\\/patagoniambiental.com.ar\\\/info\\\/wp-content\\\/uploads\\\/2022\\\/11\\\/thumbnail_rio-colorado.jpg\",\"width\":600,\"height\":377},{\"@type\":\"BreadcrumbList\",\"@id\":\"https:\\\/\\\/patagoniambiental.com.ar\\\/info\\\/con-el-agua-del-rio-negro-asi-no\\\/#breadcrumb\",\"itemListElement\":[{\"@type\":\"ListItem\",\"position\":1,\"name\":\"Inicio\",\"item\":\"https:\\\/\\\/patagoniambiental.com.ar\\\/info\\\/\"},{\"@type\":\"ListItem\",\"position\":2,\"name\":\"Con el agua del R\u00edo Negro: As\u00ed, no!\"}]},{\"@type\":\"WebSite\",\"@id\":\"https:\\\/\\\/patagoniambiental.com.ar\\\/info\\\/#website\",\"url\":\"https:\\\/\\\/patagoniambiental.com.ar\\\/info\\\/\",\"name\":\"Patagonia Ambiental\",\"description\":\"Monitoreo y an\u00e1lisis de la situaci\u00f3n geopol\u00edtica en el mundo y su implicancia en la Patagonia\",\"publisher\":{\"@id\":\"https:\\\/\\\/patagoniambiental.com.ar\\\/info\\\/#organization\"},\"potentialAction\":[{\"@type\":\"SearchAction\",\"target\":{\"@type\":\"EntryPoint\",\"urlTemplate\":\"https:\\\/\\\/patagoniambiental.com.ar\\\/info\\\/?s={search_term_string}\"},\"query-input\":{\"@type\":\"PropertyValueSpecification\",\"valueRequired\":true,\"valueName\":\"search_term_string\"}}],\"inLanguage\":\"es\"},{\"@type\":\"Organization\",\"@id\":\"https:\\\/\\\/patagoniambiental.com.ar\\\/info\\\/#organization\",\"name\":\"Patagonia Ambiental\",\"url\":\"https:\\\/\\\/patagoniambiental.com.ar\\\/info\\\/\",\"logo\":{\"@type\":\"ImageObject\",\"inLanguage\":\"es\",\"@id\":\"https:\\\/\\\/patagoniambiental.com.ar\\\/info\\\/#\\\/schema\\\/logo\\\/image\\\/\",\"url\":\"https:\\\/\\\/patagoniambiental.com.ar\\\/info\\\/wp-content\\\/uploads\\\/2025\\\/05\\\/LOGO-PATAGONIA-AMBIENTAL.png\",\"contentUrl\":\"https:\\\/\\\/patagoniambiental.com.ar\\\/info\\\/wp-content\\\/uploads\\\/2025\\\/05\\\/LOGO-PATAGONIA-AMBIENTAL.png\",\"width\":433,\"height\":250,\"caption\":\"Patagonia Ambiental\"},\"image\":{\"@id\":\"https:\\\/\\\/patagoniambiental.com.ar\\\/info\\\/#\\\/schema\\\/logo\\\/image\\\/\"},\"sameAs\":[\"https:\\\/\\\/www.facebook.com\\\/patagonia.ambiental\",\"https:\\\/\\\/x.com\\\/PatAmb\"]},{\"@type\":\"Person\",\"@id\":\"https:\\\/\\\/patagoniambiental.com.ar\\\/info\\\/#\\\/schema\\\/person\\\/e5af09d700b2e82cb10c6b8800e0c691\",\"name\":\"BRAIAN ESTEVEZ\",\"sameAs\":[\"http:\\\/\\\/www.patagoniambiental.com.ar\"]}]}<\/script>\n<!-- \/ Yoast SEO Premium plugin. -->","yoast_head_json":{"title":"Con el agua del R\u00edo Negro: As\u00ed, no!","robots":{"index":"index","follow":"follow","max-snippet":"max-snippet:-1","max-image-preview":"max-image-preview:large","max-video-preview":"max-video-preview:-1"},"canonical":"https:\/\/patagoniambiental.com.ar\/info\/con-el-agua-del-rio-negro-asi-no\/","og_locale":"es_ES","og_type":"article","og_title":"Con el agua del R\u00edo Negro: As\u00ed, no!","og_url":"https:\/\/patagoniambiental.com.ar\/info\/con-el-agua-del-rio-negro-asi-no\/","og_site_name":"Patagonia Ambiental","article_publisher":"https:\/\/www.facebook.com\/patagonia.ambiental","article_published_time":"2022-11-07T10:00:00+00:00","article_modified_time":"2022-11-08T14:34:55+00:00","og_image":[{"width":600,"height":377,"url":"https:\/\/patagoniambiental.com.ar\/info\/wp-content\/uploads\/2022\/11\/thumbnail_rio-colorado.jpg","type":"image\/jpeg"}],"author":"BRAIAN ESTEVEZ","twitter_card":"summary_large_image","twitter_creator":"@PatAmb","twitter_site":"@PatAmb","schema":{"@context":"https:\/\/schema.org","@graph":[{"@type":"Article","@id":"https:\/\/patagoniambiental.com.ar\/info\/con-el-agua-del-rio-negro-asi-no\/#article","isPartOf":{"@id":"https:\/\/patagoniambiental.com.ar\/info\/con-el-agua-del-rio-negro-asi-no\/"},"author":{"name":"BRAIAN ESTEVEZ","@id":"https:\/\/patagoniambiental.com.ar\/info\/#\/schema\/person\/e5af09d700b2e82cb10c6b8800e0c691"},"headline":"Con el agua del R\u00edo Negro: As\u00ed, no!","datePublished":"2022-11-07T10:00:00+00:00","dateModified":"2022-11-08T14:34:55+00:00","mainEntityOfPage":{"@id":"https:\/\/patagoniambiental.com.ar\/info\/con-el-agua-del-rio-negro-asi-no\/"},"wordCount":866,"commentCount":0,"publisher":{"@id":"https:\/\/patagoniambiental.com.ar\/info\/#organization"},"image":{"@id":"https:\/\/patagoniambiental.com.ar\/info\/con-el-agua-del-rio-negro-asi-no\/#primaryimage"},"thumbnailUrl":"https:\/\/patagoniambiental.com.ar\/info\/wp-content\/uploads\/2022\/11\/thumbnail_rio-colorado.jpg","articleSection":["Bolet\u00edn","Noticias","Provinciales","R\u00edo Negro","Rotador"],"inLanguage":"es","potentialAction":[{"@type":"CommentAction","name":"Comment","target":["https:\/\/patagoniambiental.com.ar\/info\/con-el-agua-del-rio-negro-asi-no\/#respond"]}]},{"@type":"WebPage","@id":"https:\/\/patagoniambiental.com.ar\/info\/con-el-agua-del-rio-negro-asi-no\/","url":"https:\/\/patagoniambiental.com.ar\/info\/con-el-agua-del-rio-negro-asi-no\/","name":"Con el agua del R\u00edo Negro: As\u00ed, no!","isPartOf":{"@id":"https:\/\/patagoniambiental.com.ar\/info\/#website"},"primaryImageOfPage":{"@id":"https:\/\/patagoniambiental.com.ar\/info\/con-el-agua-del-rio-negro-asi-no\/#primaryimage"},"image":{"@id":"https:\/\/patagoniambiental.com.ar\/info\/con-el-agua-del-rio-negro-asi-no\/#primaryimage"},"thumbnailUrl":"https:\/\/patagoniambiental.com.ar\/info\/wp-content\/uploads\/2022\/11\/thumbnail_rio-colorado.jpg","datePublished":"2022-11-07T10:00:00+00:00","dateModified":"2022-11-08T14:34:55+00:00","breadcrumb":{"@id":"https:\/\/patagoniambiental.com.ar\/info\/con-el-agua-del-rio-negro-asi-no\/#breadcrumb"},"inLanguage":"es","potentialAction":[{"@type":"ReadAction","target":["https:\/\/patagoniambiental.com.ar\/info\/con-el-agua-del-rio-negro-asi-no\/"]}]},{"@type":"ImageObject","inLanguage":"es","@id":"https:\/\/patagoniambiental.com.ar\/info\/con-el-agua-del-rio-negro-asi-no\/#primaryimage","url":"https:\/\/patagoniambiental.com.ar\/info\/wp-content\/uploads\/2022\/11\/thumbnail_rio-colorado.jpg","contentUrl":"https:\/\/patagoniambiental.com.ar\/info\/wp-content\/uploads\/2022\/11\/thumbnail_rio-colorado.jpg","width":600,"height":377},{"@type":"BreadcrumbList","@id":"https:\/\/patagoniambiental.com.ar\/info\/con-el-agua-del-rio-negro-asi-no\/#breadcrumb","itemListElement":[{"@type":"ListItem","position":1,"name":"Inicio","item":"https:\/\/patagoniambiental.com.ar\/info\/"},{"@type":"ListItem","position":2,"name":"Con el agua del R\u00edo Negro: As\u00ed, no!"}]},{"@type":"WebSite","@id":"https:\/\/patagoniambiental.com.ar\/info\/#website","url":"https:\/\/patagoniambiental.com.ar\/info\/","name":"Patagonia Ambiental","description":"Monitoreo y an\u00e1lisis de la situaci\u00f3n geopol\u00edtica en el mundo y su implicancia en la Patagonia","publisher":{"@id":"https:\/\/patagoniambiental.com.ar\/info\/#organization"},"potentialAction":[{"@type":"SearchAction","target":{"@type":"EntryPoint","urlTemplate":"https:\/\/patagoniambiental.com.ar\/info\/?s={search_term_string}"},"query-input":{"@type":"PropertyValueSpecification","valueRequired":true,"valueName":"search_term_string"}}],"inLanguage":"es"},{"@type":"Organization","@id":"https:\/\/patagoniambiental.com.ar\/info\/#organization","name":"Patagonia Ambiental","url":"https:\/\/patagoniambiental.com.ar\/info\/","logo":{"@type":"ImageObject","inLanguage":"es","@id":"https:\/\/patagoniambiental.com.ar\/info\/#\/schema\/logo\/image\/","url":"https:\/\/patagoniambiental.com.ar\/info\/wp-content\/uploads\/2025\/05\/LOGO-PATAGONIA-AMBIENTAL.png","contentUrl":"https:\/\/patagoniambiental.com.ar\/info\/wp-content\/uploads\/2025\/05\/LOGO-PATAGONIA-AMBIENTAL.png","width":433,"height":250,"caption":"Patagonia Ambiental"},"image":{"@id":"https:\/\/patagoniambiental.com.ar\/info\/#\/schema\/logo\/image\/"},"sameAs":["https:\/\/www.facebook.com\/patagonia.ambiental","https:\/\/x.com\/PatAmb"]},{"@type":"Person","@id":"https:\/\/patagoniambiental.com.ar\/info\/#\/schema\/person\/e5af09d700b2e82cb10c6b8800e0c691","name":"BRAIAN ESTEVEZ","sameAs":["http:\/\/www.patagoniambiental.com.ar"]}]}},"_links":{"self":[{"href":"https:\/\/patagoniambiental.com.ar\/info\/wp-json\/wp\/v2\/posts\/76516","targetHints":{"allow":["GET"]}}],"collection":[{"href":"https:\/\/patagoniambiental.com.ar\/info\/wp-json\/wp\/v2\/posts"}],"about":[{"href":"https:\/\/patagoniambiental.com.ar\/info\/wp-json\/wp\/v2\/types\/post"}],"author":[{"embeddable":true,"href":"https:\/\/patagoniambiental.com.ar\/info\/wp-json\/wp\/v2\/users\/6"}],"replies":[{"embeddable":true,"href":"https:\/\/patagoniambiental.com.ar\/info\/wp-json\/wp\/v2\/comments?post=76516"}],"version-history":[{"count":0,"href":"https:\/\/patagoniambiental.com.ar\/info\/wp-json\/wp\/v2\/posts\/76516\/revisions"}],"wp:featuredmedia":[{"embeddable":true,"href":"https:\/\/patagoniambiental.com.ar\/info\/wp-json\/wp\/v2\/media\/76517"}],"wp:attachment":[{"href":"https:\/\/patagoniambiental.com.ar\/info\/wp-json\/wp\/v2\/media?parent=76516"}],"wp:term":[{"taxonomy":"category","embeddable":true,"href":"https:\/\/patagoniambiental.com.ar\/info\/wp-json\/wp\/v2\/categories?post=76516"},{"taxonomy":"post_tag","embeddable":true,"href":"https:\/\/patagoniambiental.com.ar\/info\/wp-json\/wp\/v2\/tags?post=76516"}],"curies":[{"name":"wp","href":"https:\/\/api.w.org\/{rel}","templated":true}]}}