{"id":76536,"date":"2022-11-13T07:00:00","date_gmt":"2022-11-13T10:00:00","guid":{"rendered":"http:\/\/patagoniambiental.com.ar\/info\/?p=76536"},"modified":"2022-11-11T21:07:29","modified_gmt":"2022-11-12T00:07:29","slug":"exploradores-cientificos-y-artistas-piden-por-la-proteccion-de-la-peninsula-mitre","status":"publish","type":"post","link":"https:\/\/patagoniambiental.com.ar\/info\/exploradores-cientificos-y-artistas-piden-por-la-proteccion-de-la-peninsula-mitre\/","title":{"rendered":"Exploradores, cient\u00edficos y artistas piden por la protecci\u00f3n de la Pen\u00ednsula Mitre"},"content":{"rendered":"\n<!--more-->\n\n\n\n<p>Seg\u00fan entidades proteccionistas, re\u00fane el 84,4% del total de turberas del territorio nacional, humedales capaces de absorber y retener carbono y de cumplir con ello una funci\u00f3n clave en la mitigaci\u00f3n de la crisis clim\u00e1tica mundial.<\/p>\n\n\n\n<p><\/p>\n\n\n\n<figure class=\"wp-block-image\"><img decoding=\"async\" src=\"https:\/\/www.telam.com.ar\/thumbs\/bluesteel\/advf\/imagenes\/2022\/11\/636d2558e8801_1200.jpg\" alt=\"La Pennsula rene el 844 del total de turberas del territorio nacional Foto Cristina Urrutia\"\/><figcaption>La Pen\u00ednsula re\u00fane el 84,4% del total de turberas del territorio nacional \/ Foto: Cristina Urrutia.<\/figcaption><\/figure>\n\n\n\n<p>Exploradores de la regi\u00f3n patag\u00f3nica, cient\u00edficos y artistas sumaron su apoyo al<strong>&nbsp;proyecto de ley para declarar \u201c\u00c1rea Natural Protegida\u201d a Pen\u00ednsula Mitre<\/strong>, el estrat\u00e9gico sitio ambiental situado al sureste de Tierra del Fuego cuya protecci\u00f3n analiza la legislatura de la provincia.<\/p>\n\n\n\n<p>La iniciativa que busca resguardar el<strong>&nbsp;mayor reservorio de carbono del pa\u00eds, atesorado en 2.400 kil\u00f3metros cuadrados de turbales<\/strong>, obtuvo dictamen favorable en tres comisiones legislativas y podr\u00eda aprobarse este mismo a\u00f1o durante una sesi\u00f3n especial del parlamento fueguino, seg\u00fan confiaron fuentes legislativas.<\/p>\n\n\n\n<p>Mientras tanto, un grupo interdisciplinario de cient\u00edficos y exploradores llamado \u201cExploradores de Patagonia\u201d envi\u00f3 una carta a la Legislatura provincial en donde manifiestan su apoyo al proyecto.<\/p>\n\n\n\n<p>Una de las firmantes del escrito, la&nbsp;<strong>fot\u00f3grafa documentalista Luj\u00e1n Agusti<\/strong>, explic\u00f3 que el grupo est\u00e1 conformado por becarios de la National Geographic nucleados a partir de una capacitaci\u00f3n conjunta en 2018.<\/p>\n\n\n\n<figure class=\"wp-block-image\"><img decoding=\"async\" src=\"https:\/\/www.telam.com.ar\/thumbs\/bluesteel\/advf\/imagenes\/2022\/11\/636d25590fcff_1200.jpg\" alt=\"Es el mayor reservorio de carbono del pas atesorado en 2400 kilmetros cuadrados de turbales Foto Cristina Urrutia\"\/><figcaption>Es el mayor reservorio de carbono del pa\u00eds, atesorado en 2.400 kil\u00f3metros cuadrados de turbales \/ Foto: Cristina Urrutia.<\/figcaption><\/figure>\n\n\n\n<p>\u201cNuestra misi\u00f3n es poner en valor el patrimonio cultural y natural de la Patagonia, y empoderar a las comunidades locales a trav\u00e9s de la comunicaci\u00f3n cient\u00edfica y el trabajo colaborativo\u201d, afirma la carta difundida a los medios de prensa, que expresa su apoyo a la protecci\u00f3n de Pen\u00ednsula Mitre por su importancia \u201cpara el fortalecimiento de la conservaci\u00f3n del territorio patag\u00f3nico\u201d.<\/p>\n\n\n\n<p>\u201cEsta ley ser\u00e1 pionera en la generaci\u00f3n de herramientas p\u00fablicas que protejan y gu\u00eden los cambios que debemos transitar como humanidad para revincularnos con el planeta en el que vivimos\u201d, asevera el documento.<\/p>\n\n\n\n<p>Por su parte el&nbsp;<strong>investigador principal del Centro Austral de Investigaciones Cient\u00edficas (ubicado en Ushuaia y dependiente del Conicet) Adri\u00e1n Schiavini<\/strong>, apoy\u00f3 tambi\u00e9n la sanci\u00f3n de la ley y destac\u00f3 la necesidad de proteger a la pen\u00ednsula \u201cde la voracidad humana y la especulaci\u00f3n inmobiliaria\u201d.<\/p>\n\n\n\n<p>El especialista adelant\u00f3 que ser\u00e1 clave el plan de manejo ambiental dispuesto en el proyecto, para que \u201clos sectores con genuinos intereses en la zona pueden contribuir a desarrollar el mejor uso del lugar seg\u00fan sus particularidades\u201d, se\u00f1al\u00f3.<\/p>\n\n\n\n<figure class=\"wp-block-image\"><img decoding=\"async\" src=\"https:\/\/www.telam.com.ar\/thumbs\/bluesteel\/advf\/imagenes\/2022\/11\/636d255927e0a_1200.jpg\" alt=\"Piden la aprobacin del proyecto de ley para declarar rea Natural Protegida a Pennsula Mitre Foto Cristina Urrutia\"\/><figcaption>Piden la aprobaci\u00f3n del proyecto de ley para declarar \u201c\u00c1rea Natural Protegida\u201d a Pen\u00ednsula Mitre \/ Foto: Cristina Urrutia.<\/figcaption><\/figure>\n\n\n\n<p>En tanto, el&nbsp;<strong>actor fueguino Mariano Torre<\/strong>, que meses atr\u00e1s particip\u00f3 de la filmaci\u00f3n de un video con una canci\u00f3n en apoyo a la sanci\u00f3n de la norma, se esperanz\u00f3 en que la iniciativa pueda cristalizarse este a\u00f1o.<\/p>\n\n\n\n<p>\u201cS\u00e9 que esto tiene que salir, no hay manera que no veamos que nuestro mundo es necesario cuidarlo. Estamos ante un lugar inmensamente m\u00e1gico y abundante en todo sentido\u201d, evalu\u00f3 Torre en declaraciones a medios fueguinos.<\/p>\n\n\n\n<p>\u201cLa ley significar\u00e1 que el lugar ya es de la humanidad. Despu\u00e9s, depende de nosotros, todos los habitantes, que logremos entender el potencial que tiene. Nos va a modificar la vida a todos\u201d, concluy\u00f3 el artista.<\/p>\n\n\n\n<p>Seg\u00fan entidades proteccionistas, la pen\u00ednsula equivalente en sus dimensiones a 25 veces la ciudad de Buenos Aires es&nbsp;<strong>conocida por estar pr\u00e1cticamente deshabitada en su totalidad y por su clima hostil&nbsp;<\/strong>que la convierten en uno de los lugares m\u00e1s inh\u00f3spitos del mundo.<\/p>\n\n\n\n<p>Sin embargo, entre otras caracter\u00edsticas de su ecosistema,<strong>\u00a0re\u00fane el 84,4% del total de turberas del territorio nacional, humedales capaces de absorber y retener carbono<\/strong>, y de cumplir con ello una funci\u00f3n clave en la mitigaci\u00f3n de la crisis clim\u00e1tica mundial.<\/p>\n\n\n\n<p>Fuente: Telam<\/p>\n","protected":false},"excerpt":{"rendered":"","protected":false},"author":6,"featured_media":76537,"comment_status":"open","ping_status":"open","sticky":false,"template":"","format":"standard","meta":{"site-sidebar-layout":"default","site-content-layout":"","ast-site-content-layout":"default","site-content-style":"default","site-sidebar-style":"default","ast-global-header-display":"","ast-banner-title-visibility":"","ast-main-header-display":"","ast-hfb-above-header-display":"","ast-hfb-below-header-display":"","ast-hfb-mobile-header-display":"","site-post-title":"","ast-breadcrumbs-content":"","ast-featured-img":"","footer-sml-layout":"","ast-disable-related-posts":"","theme-transparent-header-meta":"","adv-header-id-meta":"","stick-header-meta":"","header-above-stick-meta":"","header-main-stick-meta":"","header-below-stick-meta":"","astra-migrate-meta-layouts":"default","ast-page-background-enabled":"default","ast-page-background-meta":{"desktop":{"background-color":"var(--ast-global-color-5)","background-image":"","background-repeat":"repeat","background-position":"center center","background-size":"auto","background-attachment":"scroll","background-type":"","background-media":"","overlay-type":"","overlay-color":"","overlay-opacity":"","overlay-gradient":""},"tablet":{"background-color":"","background-image":"","background-repeat":"repeat","background-position":"center center","background-size":"auto","background-attachment":"scroll","background-type":"","background-media":"","overlay-type":"","overlay-color":"","overlay-opacity":"","overlay-gradient":""},"mobile":{"background-color":"","background-image":"","background-repeat":"repeat","background-position":"center center","background-size":"auto","background-attachment":"scroll","background-type":"","background-media":"","overlay-type":"","overlay-color":"","overlay-opacity":"","overlay-gradient":""}},"ast-content-background-meta":{"desktop":{"background-color":"var(--ast-global-color-4)","background-image":"","background-repeat":"repeat","background-position":"center center","background-size":"auto","background-attachment":"scroll","background-type":"","background-media":"","overlay-type":"","overlay-color":"","overlay-opacity":"","overlay-gradient":""},"tablet":{"background-color":"var(--ast-global-color-4)","background-image":"","background-repeat":"repeat","background-position":"center center","background-size":"auto","background-attachment":"scroll","background-type":"","background-media":"","overlay-type":"","overlay-color":"","overlay-opacity":"","overlay-gradient":""},"mobile":{"background-color":"var(--ast-global-color-4)","background-image":"","background-repeat":"repeat","background-position":"center center","background-size":"auto","background-attachment":"scroll","background-type":"","background-media":"","overlay-type":"","overlay-color":"","overlay-opacity":"","overlay-gradient":""}},"footnotes":""},"categories":[11,1,13,10,25],"tags":[],"class_list":["post-76536","post","type-post","status-publish","format-standard","has-post-thumbnail","hentry","category-boletin","category-noticias","category-provinciales","category-rotador","category-tierra-del-fuego"],"yoast_head":"<!-- This site is optimized with the Yoast SEO Premium plugin v23.0 (Yoast SEO v27.4) - https:\/\/yoast.com\/product\/yoast-seo-premium-wordpress\/ -->\n<title>Exploradores, cient\u00edficos y artistas piden por la protecci\u00f3n de la Pen\u00ednsula Mitre<\/title>\n<meta name=\"robots\" content=\"index, follow, max-snippet:-1, max-image-preview:large, max-video-preview:-1\" \/>\n<link rel=\"canonical\" href=\"https:\/\/patagoniambiental.com.ar\/info\/exploradores-cientificos-y-artistas-piden-por-la-proteccion-de-la-peninsula-mitre\/\" \/>\n<meta property=\"og:locale\" content=\"es_ES\" \/>\n<meta property=\"og:type\" content=\"article\" \/>\n<meta property=\"og:title\" content=\"Exploradores, cient\u00edficos y artistas piden por la protecci\u00f3n de la Pen\u00ednsula Mitre\" \/>\n<meta property=\"og:url\" content=\"https:\/\/patagoniambiental.com.ar\/info\/exploradores-cientificos-y-artistas-piden-por-la-proteccion-de-la-peninsula-mitre\/\" \/>\n<meta property=\"og:site_name\" content=\"Patagonia Ambiental\" \/>\n<meta property=\"article:publisher\" content=\"https:\/\/www.facebook.com\/patagonia.ambiental\" \/>\n<meta property=\"article:published_time\" content=\"2022-11-13T10:00:00+00:00\" \/>\n<meta property=\"og:image\" content=\"https:\/\/patagoniambiental.com.ar\/info\/wp-content\/uploads\/2022\/11\/636d2558e8801_1200.jpg\" \/>\n\t<meta property=\"og:image:width\" content=\"1200\" \/>\n\t<meta property=\"og:image:height\" content=\"675\" \/>\n\t<meta property=\"og:image:type\" content=\"image\/jpeg\" \/>\n<meta name=\"author\" content=\"BRAIAN ESTEVEZ\" \/>\n<meta name=\"twitter:card\" content=\"summary_large_image\" \/>\n<meta name=\"twitter:creator\" content=\"@PatAmb\" \/>\n<meta name=\"twitter:site\" content=\"@PatAmb\" \/>\n<script type=\"application\/ld+json\" class=\"yoast-schema-graph\">{\"@context\":\"https:\\\/\\\/schema.org\",\"@graph\":[{\"@type\":\"Article\",\"@id\":\"https:\\\/\\\/patagoniambiental.com.ar\\\/info\\\/exploradores-cientificos-y-artistas-piden-por-la-proteccion-de-la-peninsula-mitre\\\/#article\",\"isPartOf\":{\"@id\":\"https:\\\/\\\/patagoniambiental.com.ar\\\/info\\\/exploradores-cientificos-y-artistas-piden-por-la-proteccion-de-la-peninsula-mitre\\\/\"},\"author\":{\"name\":\"BRAIAN ESTEVEZ\",\"@id\":\"https:\\\/\\\/patagoniambiental.com.ar\\\/info\\\/#\\\/schema\\\/person\\\/e5af09d700b2e82cb10c6b8800e0c691\"},\"headline\":\"Exploradores, cient\u00edficos y artistas piden por la protecci\u00f3n de la Pen\u00ednsula Mitre\",\"datePublished\":\"2022-11-13T10:00:00+00:00\",\"mainEntityOfPage\":{\"@id\":\"https:\\\/\\\/patagoniambiental.com.ar\\\/info\\\/exploradores-cientificos-y-artistas-piden-por-la-proteccion-de-la-peninsula-mitre\\\/\"},\"wordCount\":682,\"commentCount\":0,\"publisher\":{\"@id\":\"https:\\\/\\\/patagoniambiental.com.ar\\\/info\\\/#organization\"},\"image\":{\"@id\":\"https:\\\/\\\/patagoniambiental.com.ar\\\/info\\\/exploradores-cientificos-y-artistas-piden-por-la-proteccion-de-la-peninsula-mitre\\\/#primaryimage\"},\"thumbnailUrl\":\"https:\\\/\\\/patagoniambiental.com.ar\\\/info\\\/wp-content\\\/uploads\\\/2022\\\/11\\\/636d2558e8801_1200.jpg\",\"articleSection\":[\"Bolet\u00edn\",\"Noticias\",\"Provinciales\",\"Rotador\",\"Tierra del Fuego\"],\"inLanguage\":\"es\",\"potentialAction\":[{\"@type\":\"CommentAction\",\"name\":\"Comment\",\"target\":[\"https:\\\/\\\/patagoniambiental.com.ar\\\/info\\\/exploradores-cientificos-y-artistas-piden-por-la-proteccion-de-la-peninsula-mitre\\\/#respond\"]}]},{\"@type\":\"WebPage\",\"@id\":\"https:\\\/\\\/patagoniambiental.com.ar\\\/info\\\/exploradores-cientificos-y-artistas-piden-por-la-proteccion-de-la-peninsula-mitre\\\/\",\"url\":\"https:\\\/\\\/patagoniambiental.com.ar\\\/info\\\/exploradores-cientificos-y-artistas-piden-por-la-proteccion-de-la-peninsula-mitre\\\/\",\"name\":\"Exploradores, cient\u00edficos y artistas piden por la protecci\u00f3n de la Pen\u00ednsula Mitre\",\"isPartOf\":{\"@id\":\"https:\\\/\\\/patagoniambiental.com.ar\\\/info\\\/#website\"},\"primaryImageOfPage\":{\"@id\":\"https:\\\/\\\/patagoniambiental.com.ar\\\/info\\\/exploradores-cientificos-y-artistas-piden-por-la-proteccion-de-la-peninsula-mitre\\\/#primaryimage\"},\"image\":{\"@id\":\"https:\\\/\\\/patagoniambiental.com.ar\\\/info\\\/exploradores-cientificos-y-artistas-piden-por-la-proteccion-de-la-peninsula-mitre\\\/#primaryimage\"},\"thumbnailUrl\":\"https:\\\/\\\/patagoniambiental.com.ar\\\/info\\\/wp-content\\\/uploads\\\/2022\\\/11\\\/636d2558e8801_1200.jpg\",\"datePublished\":\"2022-11-13T10:00:00+00:00\",\"breadcrumb\":{\"@id\":\"https:\\\/\\\/patagoniambiental.com.ar\\\/info\\\/exploradores-cientificos-y-artistas-piden-por-la-proteccion-de-la-peninsula-mitre\\\/#breadcrumb\"},\"inLanguage\":\"es\",\"potentialAction\":[{\"@type\":\"ReadAction\",\"target\":[\"https:\\\/\\\/patagoniambiental.com.ar\\\/info\\\/exploradores-cientificos-y-artistas-piden-por-la-proteccion-de-la-peninsula-mitre\\\/\"]}]},{\"@type\":\"ImageObject\",\"inLanguage\":\"es\",\"@id\":\"https:\\\/\\\/patagoniambiental.com.ar\\\/info\\\/exploradores-cientificos-y-artistas-piden-por-la-proteccion-de-la-peninsula-mitre\\\/#primaryimage\",\"url\":\"https:\\\/\\\/patagoniambiental.com.ar\\\/info\\\/wp-content\\\/uploads\\\/2022\\\/11\\\/636d2558e8801_1200.jpg\",\"contentUrl\":\"https:\\\/\\\/patagoniambiental.com.ar\\\/info\\\/wp-content\\\/uploads\\\/2022\\\/11\\\/636d2558e8801_1200.jpg\",\"width\":1067,\"height\":600},{\"@type\":\"BreadcrumbList\",\"@id\":\"https:\\\/\\\/patagoniambiental.com.ar\\\/info\\\/exploradores-cientificos-y-artistas-piden-por-la-proteccion-de-la-peninsula-mitre\\\/#breadcrumb\",\"itemListElement\":[{\"@type\":\"ListItem\",\"position\":1,\"name\":\"Inicio\",\"item\":\"https:\\\/\\\/patagoniambiental.com.ar\\\/info\\\/\"},{\"@type\":\"ListItem\",\"position\":2,\"name\":\"Exploradores, cient\u00edficos y artistas piden por la protecci\u00f3n de la Pen\u00ednsula Mitre\"}]},{\"@type\":\"WebSite\",\"@id\":\"https:\\\/\\\/patagoniambiental.com.ar\\\/info\\\/#website\",\"url\":\"https:\\\/\\\/patagoniambiental.com.ar\\\/info\\\/\",\"name\":\"Patagonia Ambiental\",\"description\":\"Monitoreo y an\u00e1lisis de la situaci\u00f3n geopol\u00edtica en el mundo y su implicancia en la Patagonia\",\"publisher\":{\"@id\":\"https:\\\/\\\/patagoniambiental.com.ar\\\/info\\\/#organization\"},\"potentialAction\":[{\"@type\":\"SearchAction\",\"target\":{\"@type\":\"EntryPoint\",\"urlTemplate\":\"https:\\\/\\\/patagoniambiental.com.ar\\\/info\\\/?s={search_term_string}\"},\"query-input\":{\"@type\":\"PropertyValueSpecification\",\"valueRequired\":true,\"valueName\":\"search_term_string\"}}],\"inLanguage\":\"es\"},{\"@type\":\"Organization\",\"@id\":\"https:\\\/\\\/patagoniambiental.com.ar\\\/info\\\/#organization\",\"name\":\"Patagonia Ambiental\",\"url\":\"https:\\\/\\\/patagoniambiental.com.ar\\\/info\\\/\",\"logo\":{\"@type\":\"ImageObject\",\"inLanguage\":\"es\",\"@id\":\"https:\\\/\\\/patagoniambiental.com.ar\\\/info\\\/#\\\/schema\\\/logo\\\/image\\\/\",\"url\":\"https:\\\/\\\/patagoniambiental.com.ar\\\/info\\\/wp-content\\\/uploads\\\/2025\\\/05\\\/LOGO-PATAGONIA-AMBIENTAL.png\",\"contentUrl\":\"https:\\\/\\\/patagoniambiental.com.ar\\\/info\\\/wp-content\\\/uploads\\\/2025\\\/05\\\/LOGO-PATAGONIA-AMBIENTAL.png\",\"width\":433,\"height\":250,\"caption\":\"Patagonia Ambiental\"},\"image\":{\"@id\":\"https:\\\/\\\/patagoniambiental.com.ar\\\/info\\\/#\\\/schema\\\/logo\\\/image\\\/\"},\"sameAs\":[\"https:\\\/\\\/www.facebook.com\\\/patagonia.ambiental\",\"https:\\\/\\\/x.com\\\/PatAmb\"]},{\"@type\":\"Person\",\"@id\":\"https:\\\/\\\/patagoniambiental.com.ar\\\/info\\\/#\\\/schema\\\/person\\\/e5af09d700b2e82cb10c6b8800e0c691\",\"name\":\"BRAIAN ESTEVEZ\",\"sameAs\":[\"http:\\\/\\\/www.patagoniambiental.com.ar\"]}]}<\/script>\n<!-- \/ Yoast SEO Premium plugin. -->","yoast_head_json":{"title":"Exploradores, cient\u00edficos y artistas piden por la protecci\u00f3n de la Pen\u00ednsula Mitre","robots":{"index":"index","follow":"follow","max-snippet":"max-snippet:-1","max-image-preview":"max-image-preview:large","max-video-preview":"max-video-preview:-1"},"canonical":"https:\/\/patagoniambiental.com.ar\/info\/exploradores-cientificos-y-artistas-piden-por-la-proteccion-de-la-peninsula-mitre\/","og_locale":"es_ES","og_type":"article","og_title":"Exploradores, cient\u00edficos y artistas piden por la protecci\u00f3n de la Pen\u00ednsula Mitre","og_url":"https:\/\/patagoniambiental.com.ar\/info\/exploradores-cientificos-y-artistas-piden-por-la-proteccion-de-la-peninsula-mitre\/","og_site_name":"Patagonia Ambiental","article_publisher":"https:\/\/www.facebook.com\/patagonia.ambiental","article_published_time":"2022-11-13T10:00:00+00:00","og_image":[{"width":1200,"height":675,"url":"https:\/\/patagoniambiental.com.ar\/info\/wp-content\/uploads\/2022\/11\/636d2558e8801_1200.jpg","type":"image\/jpeg"}],"author":"BRAIAN ESTEVEZ","twitter_card":"summary_large_image","twitter_creator":"@PatAmb","twitter_site":"@PatAmb","schema":{"@context":"https:\/\/schema.org","@graph":[{"@type":"Article","@id":"https:\/\/patagoniambiental.com.ar\/info\/exploradores-cientificos-y-artistas-piden-por-la-proteccion-de-la-peninsula-mitre\/#article","isPartOf":{"@id":"https:\/\/patagoniambiental.com.ar\/info\/exploradores-cientificos-y-artistas-piden-por-la-proteccion-de-la-peninsula-mitre\/"},"author":{"name":"BRAIAN ESTEVEZ","@id":"https:\/\/patagoniambiental.com.ar\/info\/#\/schema\/person\/e5af09d700b2e82cb10c6b8800e0c691"},"headline":"Exploradores, cient\u00edficos y artistas piden por la protecci\u00f3n de la Pen\u00ednsula Mitre","datePublished":"2022-11-13T10:00:00+00:00","mainEntityOfPage":{"@id":"https:\/\/patagoniambiental.com.ar\/info\/exploradores-cientificos-y-artistas-piden-por-la-proteccion-de-la-peninsula-mitre\/"},"wordCount":682,"commentCount":0,"publisher":{"@id":"https:\/\/patagoniambiental.com.ar\/info\/#organization"},"image":{"@id":"https:\/\/patagoniambiental.com.ar\/info\/exploradores-cientificos-y-artistas-piden-por-la-proteccion-de-la-peninsula-mitre\/#primaryimage"},"thumbnailUrl":"https:\/\/patagoniambiental.com.ar\/info\/wp-content\/uploads\/2022\/11\/636d2558e8801_1200.jpg","articleSection":["Bolet\u00edn","Noticias","Provinciales","Rotador","Tierra del Fuego"],"inLanguage":"es","potentialAction":[{"@type":"CommentAction","name":"Comment","target":["https:\/\/patagoniambiental.com.ar\/info\/exploradores-cientificos-y-artistas-piden-por-la-proteccion-de-la-peninsula-mitre\/#respond"]}]},{"@type":"WebPage","@id":"https:\/\/patagoniambiental.com.ar\/info\/exploradores-cientificos-y-artistas-piden-por-la-proteccion-de-la-peninsula-mitre\/","url":"https:\/\/patagoniambiental.com.ar\/info\/exploradores-cientificos-y-artistas-piden-por-la-proteccion-de-la-peninsula-mitre\/","name":"Exploradores, cient\u00edficos y artistas piden por la protecci\u00f3n de la Pen\u00ednsula Mitre","isPartOf":{"@id":"https:\/\/patagoniambiental.com.ar\/info\/#website"},"primaryImageOfPage":{"@id":"https:\/\/patagoniambiental.com.ar\/info\/exploradores-cientificos-y-artistas-piden-por-la-proteccion-de-la-peninsula-mitre\/#primaryimage"},"image":{"@id":"https:\/\/patagoniambiental.com.ar\/info\/exploradores-cientificos-y-artistas-piden-por-la-proteccion-de-la-peninsula-mitre\/#primaryimage"},"thumbnailUrl":"https:\/\/patagoniambiental.com.ar\/info\/wp-content\/uploads\/2022\/11\/636d2558e8801_1200.jpg","datePublished":"2022-11-13T10:00:00+00:00","breadcrumb":{"@id":"https:\/\/patagoniambiental.com.ar\/info\/exploradores-cientificos-y-artistas-piden-por-la-proteccion-de-la-peninsula-mitre\/#breadcrumb"},"inLanguage":"es","potentialAction":[{"@type":"ReadAction","target":["https:\/\/patagoniambiental.com.ar\/info\/exploradores-cientificos-y-artistas-piden-por-la-proteccion-de-la-peninsula-mitre\/"]}]},{"@type":"ImageObject","inLanguage":"es","@id":"https:\/\/patagoniambiental.com.ar\/info\/exploradores-cientificos-y-artistas-piden-por-la-proteccion-de-la-peninsula-mitre\/#primaryimage","url":"https:\/\/patagoniambiental.com.ar\/info\/wp-content\/uploads\/2022\/11\/636d2558e8801_1200.jpg","contentUrl":"https:\/\/patagoniambiental.com.ar\/info\/wp-content\/uploads\/2022\/11\/636d2558e8801_1200.jpg","width":1067,"height":600},{"@type":"BreadcrumbList","@id":"https:\/\/patagoniambiental.com.ar\/info\/exploradores-cientificos-y-artistas-piden-por-la-proteccion-de-la-peninsula-mitre\/#breadcrumb","itemListElement":[{"@type":"ListItem","position":1,"name":"Inicio","item":"https:\/\/patagoniambiental.com.ar\/info\/"},{"@type":"ListItem","position":2,"name":"Exploradores, cient\u00edficos y artistas piden por la protecci\u00f3n de la Pen\u00ednsula Mitre"}]},{"@type":"WebSite","@id":"https:\/\/patagoniambiental.com.ar\/info\/#website","url":"https:\/\/patagoniambiental.com.ar\/info\/","name":"Patagonia Ambiental","description":"Monitoreo y an\u00e1lisis de la situaci\u00f3n geopol\u00edtica en el mundo y su implicancia en la Patagonia","publisher":{"@id":"https:\/\/patagoniambiental.com.ar\/info\/#organization"},"potentialAction":[{"@type":"SearchAction","target":{"@type":"EntryPoint","urlTemplate":"https:\/\/patagoniambiental.com.ar\/info\/?s={search_term_string}"},"query-input":{"@type":"PropertyValueSpecification","valueRequired":true,"valueName":"search_term_string"}}],"inLanguage":"es"},{"@type":"Organization","@id":"https:\/\/patagoniambiental.com.ar\/info\/#organization","name":"Patagonia Ambiental","url":"https:\/\/patagoniambiental.com.ar\/info\/","logo":{"@type":"ImageObject","inLanguage":"es","@id":"https:\/\/patagoniambiental.com.ar\/info\/#\/schema\/logo\/image\/","url":"https:\/\/patagoniambiental.com.ar\/info\/wp-content\/uploads\/2025\/05\/LOGO-PATAGONIA-AMBIENTAL.png","contentUrl":"https:\/\/patagoniambiental.com.ar\/info\/wp-content\/uploads\/2025\/05\/LOGO-PATAGONIA-AMBIENTAL.png","width":433,"height":250,"caption":"Patagonia Ambiental"},"image":{"@id":"https:\/\/patagoniambiental.com.ar\/info\/#\/schema\/logo\/image\/"},"sameAs":["https:\/\/www.facebook.com\/patagonia.ambiental","https:\/\/x.com\/PatAmb"]},{"@type":"Person","@id":"https:\/\/patagoniambiental.com.ar\/info\/#\/schema\/person\/e5af09d700b2e82cb10c6b8800e0c691","name":"BRAIAN ESTEVEZ","sameAs":["http:\/\/www.patagoniambiental.com.ar"]}]}},"_links":{"self":[{"href":"https:\/\/patagoniambiental.com.ar\/info\/wp-json\/wp\/v2\/posts\/76536","targetHints":{"allow":["GET"]}}],"collection":[{"href":"https:\/\/patagoniambiental.com.ar\/info\/wp-json\/wp\/v2\/posts"}],"about":[{"href":"https:\/\/patagoniambiental.com.ar\/info\/wp-json\/wp\/v2\/types\/post"}],"author":[{"embeddable":true,"href":"https:\/\/patagoniambiental.com.ar\/info\/wp-json\/wp\/v2\/users\/6"}],"replies":[{"embeddable":true,"href":"https:\/\/patagoniambiental.com.ar\/info\/wp-json\/wp\/v2\/comments?post=76536"}],"version-history":[{"count":0,"href":"https:\/\/patagoniambiental.com.ar\/info\/wp-json\/wp\/v2\/posts\/76536\/revisions"}],"wp:featuredmedia":[{"embeddable":true,"href":"https:\/\/patagoniambiental.com.ar\/info\/wp-json\/wp\/v2\/media\/76537"}],"wp:attachment":[{"href":"https:\/\/patagoniambiental.com.ar\/info\/wp-json\/wp\/v2\/media?parent=76536"}],"wp:term":[{"taxonomy":"category","embeddable":true,"href":"https:\/\/patagoniambiental.com.ar\/info\/wp-json\/wp\/v2\/categories?post=76536"},{"taxonomy":"post_tag","embeddable":true,"href":"https:\/\/patagoniambiental.com.ar\/info\/wp-json\/wp\/v2\/tags?post=76536"}],"curies":[{"name":"wp","href":"https:\/\/api.w.org\/{rel}","templated":true}]}}