{"id":76540,"date":"2022-11-14T07:00:00","date_gmt":"2022-11-14T10:00:00","guid":{"rendered":"http:\/\/patagoniambiental.com.ar\/info\/?p=76540"},"modified":"2022-11-15T09:20:19","modified_gmt":"2022-11-15T12:20:19","slug":"nadando-con-lobos-marinos-nueva-propuesta-en-la-costa-atlantica","status":"publish","type":"post","link":"https:\/\/patagoniambiental.com.ar\/info\/nadando-con-lobos-marinos-nueva-propuesta-en-la-costa-atlantica\/","title":{"rendered":"Nadando con lobos marinos, nueva propuesta en la costa atl\u00e1ntica"},"content":{"rendered":"\n<!--more-->\n\n\n\n<h2 class=\"wp-block-heading\">Se cumplieron los preparativos para desarrollar este nuevo producto recreativo y tur\u00edstico en San Antonio Este. La empresa organizadora ya est\u00e1 efectuando las reservas.<\/h2>\n\n\n\n<ul class=\"wp-block-list\"><li><\/li><li><\/li><li><\/li><li><\/li><\/ul>\n\n\n\n<figure class=\"wp-block-image\"><img decoding=\"async\" src=\"https:\/\/media.lmneuquen.com\/p\/ea01a73e87bef7e7235a62d238d21578\/adjuntos\/195\/imagenes\/007\/342\/0007342978\/770x0\/smart\/nado-lobos-san-antonio-este.png\" alt=\"Nadando con lobos marinos, nueva propuesta en la costa atl\u00e1ntica\" title=\"Nadando con lobos marinos, nueva propuesta en la costa atl\u00e1ntica | LM Neuquen\"\/><\/figure>\n\n\n\n<p>En aguas del puerto de San Antonio Este, se podr\u00e1 disfrutar en adelante de una nueva actividad para el esparcimiento y el turismo. \u00abNadando con lobos\u00bb, se denomina la iniciativa que ha puesto en marcha una empresa que ya ven\u00eda trabajando con el avistaje de ballenas, delfines, ping\u00fcinos y lobos marinos en ese lugar privilegiado de la naturaleza, que es la costa atl\u00e1ntica.<\/p>\n\n\n\n<p>Se trata de la primera iniciativa de este tipo en R\u00edo Negro, tras la reciente autorizaci\u00f3n que hizo de la alternativa el Ministerio de Turismo y Deporte y la Secretar\u00eda de Ambiente y Cambio Clim\u00e1tico de la Provincia.<\/p>\n\n\n\n<p>La firma que tom\u00f3 la posta de inmediato es Rupestre Experiencia Patag\u00f3nica y ya ha efectuado los preparativos y pruebas necesarios para que su nuevo producto est\u00e9 a disposici\u00f3n de quienes quieran disfrutarlo. Sus responsables, encabezados por Agust\u00edn S\u00e1nchez, ya est\u00e1n listos para ofrecer la alternativa, que est\u00e1n promocionando y para la cual est\u00e1n otorgando las reservas.<\/p>\n\n\n\n<p>Nadar con lobos marinos es una posibilidad tur\u00edstica que se viene desarrollando hace tiempo en Puerto Madryn y es frecuente acceder a ella tambi\u00e9n en diversos lugares del mundo. En R\u00edo Negro, las autoridades ven\u00edan estudiando su instrumentaci\u00f3n para la costa y finalmente promulg\u00f3 la habilitaci\u00f3n que se esperaba.<\/p>\n\n\n\n<figure class=\"wp-block-image\"><img decoding=\"async\" src=\"https:\/\/media.lmcipolletti.com\/p\/cb086cee9160729e7cc96e68a5070ae0\/adjuntos\/198\/imagenes\/007\/342\/0007342512\/770x0\/smart\/nado-lobos-3jpeg.jpeg\" alt=\"\"\/><\/figure>\n\n\n\n<p>Bel\u00e9n Vel\u00e1zquez<\/p>\n\n\n\n<p>S\u00e1nchez manifest\u00f3 que se han concretado las pruebas de rigor incluso con una persona que no sab\u00eda nadar. Y es que a los participantes se los provee de trajes de neoprene que les permiten permanecer a flote sin inconvenientes. Por su puesto, hay empleados que trabajan en el agua y en un bote para organizar las sesiones y ajustar los cuidados de seguridad. Por ejemplo, una soga conectada al bote permite extremar las precauciones y sostener un v\u00ednculo permanente con los encargados.<\/p>\n\n\n\n<p>Indic\u00f3 que los lobos marinos en el agua no representan ning\u00fan peligro para las personas, como lo ha comprobado una vasta experiencia internacional y nacional y tambi\u00e9n diversos estudios realizados. El mar es su medio natural, donde se sienten confiados y se muestran curiosos y para nada amenazantes, pese a tratarse de animales salvajes. En cambio, es en tierra, en un medio que no les es el propio, donde muestran un car\u00e1cter hura\u00f1o y en ocasiones agresivo. En el oc\u00e9ano, se relajan y divierten.<\/p>\n\n\n\n<figure class=\"wp-block-image\"><img decoding=\"async\" src=\"https:\/\/media.lmcipolletti.com\/p\/7da7a1ff36555e8d3beaf92fe3eabaf3\/adjuntos\/198\/imagenes\/007\/342\/0007342511\/770x0\/smart\/nado-lobos-2jpeg.jpeg\" alt=\"\"\/><\/figure>\n\n\n\n<p>Bel\u00e9n Vel\u00e1zquez<\/p>\n\n\n\n<p>El lugar elegido para la propuesta est\u00e1 frente a la playa Villarino, junto a un islote que deja la marea baja. Se concluy\u00f3 que all\u00ed es el punto m\u00e1s propicio de la costa del puerto de Santo Antonio Este, con aguas calmas y de temperaturas agradables para el disfrute de la poblaci\u00f3n.<\/p>\n\n\n\n<p>Entre las personas que est\u00e1n colaborando con el emprendimiento figura el fot\u00f3grafo y creador audiovisual Walter Castro V\u00e9liz, un cipole\u00f1o que est\u00e1 radicado en la costa atl\u00e1ntica, donde desarrolla una amplia labor profesional. Destac\u00f3 la belleza, la emoci\u00f3n y el buen momento que deparan este tipo de incursiones, en la compa\u00f1\u00eda de animales como los lobos marinos que permiten una proximidad que realmente congratula y queda en el recuerdo para siempre.<\/p>\n\n\n\n<p>Fuente: https:\/\/www.lmneuquen.com\/nadando-lobos-marinos-nueva-propuesta-la-costa-atlantica-n966224<\/p>\n","protected":false},"excerpt":{"rendered":"","protected":false},"author":6,"featured_media":76541,"comment_status":"open","ping_status":"open","sticky":false,"template":"","format":"standard","meta":{"site-sidebar-layout":"default","site-content-layout":"","ast-site-content-layout":"default","site-content-style":"default","site-sidebar-style":"default","ast-global-header-display":"","ast-banner-title-visibility":"","ast-main-header-display":"","ast-hfb-above-header-display":"","ast-hfb-below-header-display":"","ast-hfb-mobile-header-display":"","site-post-title":"","ast-breadcrumbs-content":"","ast-featured-img":"","footer-sml-layout":"","ast-disable-related-posts":"","theme-transparent-header-meta":"","adv-header-id-meta":"","stick-header-meta":"","header-above-stick-meta":"","header-main-stick-meta":"","header-below-stick-meta":"","astra-migrate-meta-layouts":"default","ast-page-background-enabled":"default","ast-page-background-meta":{"desktop":{"background-color":"var(--ast-global-color-5)","background-image":"","background-repeat":"repeat","background-position":"center center","background-size":"auto","background-attachment":"scroll","background-type":"","background-media":"","overlay-type":"","overlay-color":"","overlay-opacity":"","overlay-gradient":""},"tablet":{"background-color":"","background-image":"","background-repeat":"repeat","background-position":"center center","background-size":"auto","background-attachment":"scroll","background-type":"","background-media":"","overlay-type":"","overlay-color":"","overlay-opacity":"","overlay-gradient":""},"mobile":{"background-color":"","background-image":"","background-repeat":"repeat","background-position":"center center","background-size":"auto","background-attachment":"scroll","background-type":"","background-media":"","overlay-type":"","overlay-color":"","overlay-opacity":"","overlay-gradient":""}},"ast-content-background-meta":{"desktop":{"background-color":"var(--ast-global-color-4)","background-image":"","background-repeat":"repeat","background-position":"center center","background-size":"auto","background-attachment":"scroll","background-type":"","background-media":"","overlay-type":"","overlay-color":"","overlay-opacity":"","overlay-gradient":""},"tablet":{"background-color":"var(--ast-global-color-4)","background-image":"","background-repeat":"repeat","background-position":"center center","background-size":"auto","background-attachment":"scroll","background-type":"","background-media":"","overlay-type":"","overlay-color":"","overlay-opacity":"","overlay-gradient":""},"mobile":{"background-color":"var(--ast-global-color-4)","background-image":"","background-repeat":"repeat","background-position":"center center","background-size":"auto","background-attachment":"scroll","background-type":"","background-media":"","overlay-type":"","overlay-color":"","overlay-opacity":"","overlay-gradient":""}},"footnotes":""},"categories":[11,1,13,14,10],"tags":[],"class_list":["post-76540","post","type-post","status-publish","format-standard","has-post-thumbnail","hentry","category-boletin","category-noticias","category-provinciales","category-rio-negro","category-rotador"],"yoast_head":"<!-- This site is optimized with the Yoast SEO Premium plugin v23.0 (Yoast SEO v27.4) - https:\/\/yoast.com\/product\/yoast-seo-premium-wordpress\/ -->\n<title>Nadando con lobos marinos, nueva propuesta en la costa atl\u00e1ntica<\/title>\n<meta name=\"robots\" content=\"index, follow, max-snippet:-1, max-image-preview:large, max-video-preview:-1\" \/>\n<link rel=\"canonical\" href=\"https:\/\/patagoniambiental.com.ar\/info\/nadando-con-lobos-marinos-nueva-propuesta-en-la-costa-atlantica\/\" \/>\n<meta property=\"og:locale\" content=\"es_ES\" \/>\n<meta property=\"og:type\" content=\"article\" \/>\n<meta property=\"og:title\" content=\"Nadando con lobos marinos, nueva propuesta en la costa atl\u00e1ntica\" \/>\n<meta property=\"og:url\" content=\"https:\/\/patagoniambiental.com.ar\/info\/nadando-con-lobos-marinos-nueva-propuesta-en-la-costa-atlantica\/\" \/>\n<meta property=\"og:site_name\" content=\"Patagonia Ambiental\" \/>\n<meta property=\"article:publisher\" content=\"https:\/\/www.facebook.com\/patagonia.ambiental\" \/>\n<meta property=\"article:published_time\" content=\"2022-11-14T10:00:00+00:00\" \/>\n<meta property=\"article:modified_time\" content=\"2022-11-15T12:20:19+00:00\" \/>\n<meta property=\"og:image\" content=\"https:\/\/patagoniambiental.com.ar\/info\/wp-content\/uploads\/2022\/11\/images.jpeg\" \/>\n\t<meta property=\"og:image:width\" content=\"300\" \/>\n\t<meta property=\"og:image:height\" content=\"168\" \/>\n\t<meta property=\"og:image:type\" content=\"image\/jpeg\" \/>\n<meta name=\"author\" content=\"BRAIAN ESTEVEZ\" \/>\n<meta name=\"twitter:card\" content=\"summary_large_image\" \/>\n<meta name=\"twitter:creator\" content=\"@PatAmb\" \/>\n<meta name=\"twitter:site\" content=\"@PatAmb\" \/>\n<script type=\"application\/ld+json\" class=\"yoast-schema-graph\">{\"@context\":\"https:\\\/\\\/schema.org\",\"@graph\":[{\"@type\":\"Article\",\"@id\":\"https:\\\/\\\/patagoniambiental.com.ar\\\/info\\\/nadando-con-lobos-marinos-nueva-propuesta-en-la-costa-atlantica\\\/#article\",\"isPartOf\":{\"@id\":\"https:\\\/\\\/patagoniambiental.com.ar\\\/info\\\/nadando-con-lobos-marinos-nueva-propuesta-en-la-costa-atlantica\\\/\"},\"author\":{\"name\":\"BRAIAN ESTEVEZ\",\"@id\":\"https:\\\/\\\/patagoniambiental.com.ar\\\/info\\\/#\\\/schema\\\/person\\\/e5af09d700b2e82cb10c6b8800e0c691\"},\"headline\":\"Nadando con lobos marinos, nueva propuesta en la costa atl\u00e1ntica\",\"datePublished\":\"2022-11-14T10:00:00+00:00\",\"dateModified\":\"2022-11-15T12:20:19+00:00\",\"mainEntityOfPage\":{\"@id\":\"https:\\\/\\\/patagoniambiental.com.ar\\\/info\\\/nadando-con-lobos-marinos-nueva-propuesta-en-la-costa-atlantica\\\/\"},\"wordCount\":583,\"commentCount\":0,\"publisher\":{\"@id\":\"https:\\\/\\\/patagoniambiental.com.ar\\\/info\\\/#organization\"},\"image\":{\"@id\":\"https:\\\/\\\/patagoniambiental.com.ar\\\/info\\\/nadando-con-lobos-marinos-nueva-propuesta-en-la-costa-atlantica\\\/#primaryimage\"},\"thumbnailUrl\":\"https:\\\/\\\/patagoniambiental.com.ar\\\/info\\\/wp-content\\\/uploads\\\/2022\\\/11\\\/images.jpeg\",\"articleSection\":[\"Bolet\u00edn\",\"Noticias\",\"Provinciales\",\"R\u00edo Negro\",\"Rotador\"],\"inLanguage\":\"es\",\"potentialAction\":[{\"@type\":\"CommentAction\",\"name\":\"Comment\",\"target\":[\"https:\\\/\\\/patagoniambiental.com.ar\\\/info\\\/nadando-con-lobos-marinos-nueva-propuesta-en-la-costa-atlantica\\\/#respond\"]}]},{\"@type\":\"WebPage\",\"@id\":\"https:\\\/\\\/patagoniambiental.com.ar\\\/info\\\/nadando-con-lobos-marinos-nueva-propuesta-en-la-costa-atlantica\\\/\",\"url\":\"https:\\\/\\\/patagoniambiental.com.ar\\\/info\\\/nadando-con-lobos-marinos-nueva-propuesta-en-la-costa-atlantica\\\/\",\"name\":\"Nadando con lobos marinos, nueva propuesta en la costa atl\u00e1ntica\",\"isPartOf\":{\"@id\":\"https:\\\/\\\/patagoniambiental.com.ar\\\/info\\\/#website\"},\"primaryImageOfPage\":{\"@id\":\"https:\\\/\\\/patagoniambiental.com.ar\\\/info\\\/nadando-con-lobos-marinos-nueva-propuesta-en-la-costa-atlantica\\\/#primaryimage\"},\"image\":{\"@id\":\"https:\\\/\\\/patagoniambiental.com.ar\\\/info\\\/nadando-con-lobos-marinos-nueva-propuesta-en-la-costa-atlantica\\\/#primaryimage\"},\"thumbnailUrl\":\"https:\\\/\\\/patagoniambiental.com.ar\\\/info\\\/wp-content\\\/uploads\\\/2022\\\/11\\\/images.jpeg\",\"datePublished\":\"2022-11-14T10:00:00+00:00\",\"dateModified\":\"2022-11-15T12:20:19+00:00\",\"breadcrumb\":{\"@id\":\"https:\\\/\\\/patagoniambiental.com.ar\\\/info\\\/nadando-con-lobos-marinos-nueva-propuesta-en-la-costa-atlantica\\\/#breadcrumb\"},\"inLanguage\":\"es\",\"potentialAction\":[{\"@type\":\"ReadAction\",\"target\":[\"https:\\\/\\\/patagoniambiental.com.ar\\\/info\\\/nadando-con-lobos-marinos-nueva-propuesta-en-la-costa-atlantica\\\/\"]}]},{\"@type\":\"ImageObject\",\"inLanguage\":\"es\",\"@id\":\"https:\\\/\\\/patagoniambiental.com.ar\\\/info\\\/nadando-con-lobos-marinos-nueva-propuesta-en-la-costa-atlantica\\\/#primaryimage\",\"url\":\"https:\\\/\\\/patagoniambiental.com.ar\\\/info\\\/wp-content\\\/uploads\\\/2022\\\/11\\\/images.jpeg\",\"contentUrl\":\"https:\\\/\\\/patagoniambiental.com.ar\\\/info\\\/wp-content\\\/uploads\\\/2022\\\/11\\\/images.jpeg\",\"width\":300,\"height\":168,\"caption\":\"https:\\\/\\\/lu19.com.ar\\\/2022\\\/11\\\/08\\\/senti-lo-epico-de-nadar-en-las-aguas-rionegrinas-junto-a-los-lobos-marinos\\\/\"},{\"@type\":\"BreadcrumbList\",\"@id\":\"https:\\\/\\\/patagoniambiental.com.ar\\\/info\\\/nadando-con-lobos-marinos-nueva-propuesta-en-la-costa-atlantica\\\/#breadcrumb\",\"itemListElement\":[{\"@type\":\"ListItem\",\"position\":1,\"name\":\"Inicio\",\"item\":\"https:\\\/\\\/patagoniambiental.com.ar\\\/info\\\/\"},{\"@type\":\"ListItem\",\"position\":2,\"name\":\"Nadando con lobos marinos, nueva propuesta en la costa atl\u00e1ntica\"}]},{\"@type\":\"WebSite\",\"@id\":\"https:\\\/\\\/patagoniambiental.com.ar\\\/info\\\/#website\",\"url\":\"https:\\\/\\\/patagoniambiental.com.ar\\\/info\\\/\",\"name\":\"Patagonia Ambiental\",\"description\":\"Monitoreo y an\u00e1lisis de la situaci\u00f3n geopol\u00edtica en el mundo y su implicancia en la Patagonia\",\"publisher\":{\"@id\":\"https:\\\/\\\/patagoniambiental.com.ar\\\/info\\\/#organization\"},\"potentialAction\":[{\"@type\":\"SearchAction\",\"target\":{\"@type\":\"EntryPoint\",\"urlTemplate\":\"https:\\\/\\\/patagoniambiental.com.ar\\\/info\\\/?s={search_term_string}\"},\"query-input\":{\"@type\":\"PropertyValueSpecification\",\"valueRequired\":true,\"valueName\":\"search_term_string\"}}],\"inLanguage\":\"es\"},{\"@type\":\"Organization\",\"@id\":\"https:\\\/\\\/patagoniambiental.com.ar\\\/info\\\/#organization\",\"name\":\"Patagonia Ambiental\",\"url\":\"https:\\\/\\\/patagoniambiental.com.ar\\\/info\\\/\",\"logo\":{\"@type\":\"ImageObject\",\"inLanguage\":\"es\",\"@id\":\"https:\\\/\\\/patagoniambiental.com.ar\\\/info\\\/#\\\/schema\\\/logo\\\/image\\\/\",\"url\":\"https:\\\/\\\/patagoniambiental.com.ar\\\/info\\\/wp-content\\\/uploads\\\/2025\\\/05\\\/LOGO-PATAGONIA-AMBIENTAL.png\",\"contentUrl\":\"https:\\\/\\\/patagoniambiental.com.ar\\\/info\\\/wp-content\\\/uploads\\\/2025\\\/05\\\/LOGO-PATAGONIA-AMBIENTAL.png\",\"width\":433,\"height\":250,\"caption\":\"Patagonia Ambiental\"},\"image\":{\"@id\":\"https:\\\/\\\/patagoniambiental.com.ar\\\/info\\\/#\\\/schema\\\/logo\\\/image\\\/\"},\"sameAs\":[\"https:\\\/\\\/www.facebook.com\\\/patagonia.ambiental\",\"https:\\\/\\\/x.com\\\/PatAmb\"]},{\"@type\":\"Person\",\"@id\":\"https:\\\/\\\/patagoniambiental.com.ar\\\/info\\\/#\\\/schema\\\/person\\\/e5af09d700b2e82cb10c6b8800e0c691\",\"name\":\"BRAIAN ESTEVEZ\",\"sameAs\":[\"http:\\\/\\\/www.patagoniambiental.com.ar\"]}]}<\/script>\n<!-- \/ Yoast SEO Premium plugin. -->","yoast_head_json":{"title":"Nadando con lobos marinos, nueva propuesta en la costa atl\u00e1ntica","robots":{"index":"index","follow":"follow","max-snippet":"max-snippet:-1","max-image-preview":"max-image-preview:large","max-video-preview":"max-video-preview:-1"},"canonical":"https:\/\/patagoniambiental.com.ar\/info\/nadando-con-lobos-marinos-nueva-propuesta-en-la-costa-atlantica\/","og_locale":"es_ES","og_type":"article","og_title":"Nadando con lobos marinos, nueva propuesta en la costa atl\u00e1ntica","og_url":"https:\/\/patagoniambiental.com.ar\/info\/nadando-con-lobos-marinos-nueva-propuesta-en-la-costa-atlantica\/","og_site_name":"Patagonia Ambiental","article_publisher":"https:\/\/www.facebook.com\/patagonia.ambiental","article_published_time":"2022-11-14T10:00:00+00:00","article_modified_time":"2022-11-15T12:20:19+00:00","og_image":[{"width":300,"height":168,"url":"https:\/\/patagoniambiental.com.ar\/info\/wp-content\/uploads\/2022\/11\/images.jpeg","type":"image\/jpeg"}],"author":"BRAIAN ESTEVEZ","twitter_card":"summary_large_image","twitter_creator":"@PatAmb","twitter_site":"@PatAmb","schema":{"@context":"https:\/\/schema.org","@graph":[{"@type":"Article","@id":"https:\/\/patagoniambiental.com.ar\/info\/nadando-con-lobos-marinos-nueva-propuesta-en-la-costa-atlantica\/#article","isPartOf":{"@id":"https:\/\/patagoniambiental.com.ar\/info\/nadando-con-lobos-marinos-nueva-propuesta-en-la-costa-atlantica\/"},"author":{"name":"BRAIAN ESTEVEZ","@id":"https:\/\/patagoniambiental.com.ar\/info\/#\/schema\/person\/e5af09d700b2e82cb10c6b8800e0c691"},"headline":"Nadando con lobos marinos, nueva propuesta en la costa atl\u00e1ntica","datePublished":"2022-11-14T10:00:00+00:00","dateModified":"2022-11-15T12:20:19+00:00","mainEntityOfPage":{"@id":"https:\/\/patagoniambiental.com.ar\/info\/nadando-con-lobos-marinos-nueva-propuesta-en-la-costa-atlantica\/"},"wordCount":583,"commentCount":0,"publisher":{"@id":"https:\/\/patagoniambiental.com.ar\/info\/#organization"},"image":{"@id":"https:\/\/patagoniambiental.com.ar\/info\/nadando-con-lobos-marinos-nueva-propuesta-en-la-costa-atlantica\/#primaryimage"},"thumbnailUrl":"https:\/\/patagoniambiental.com.ar\/info\/wp-content\/uploads\/2022\/11\/images.jpeg","articleSection":["Bolet\u00edn","Noticias","Provinciales","R\u00edo Negro","Rotador"],"inLanguage":"es","potentialAction":[{"@type":"CommentAction","name":"Comment","target":["https:\/\/patagoniambiental.com.ar\/info\/nadando-con-lobos-marinos-nueva-propuesta-en-la-costa-atlantica\/#respond"]}]},{"@type":"WebPage","@id":"https:\/\/patagoniambiental.com.ar\/info\/nadando-con-lobos-marinos-nueva-propuesta-en-la-costa-atlantica\/","url":"https:\/\/patagoniambiental.com.ar\/info\/nadando-con-lobos-marinos-nueva-propuesta-en-la-costa-atlantica\/","name":"Nadando con lobos marinos, nueva propuesta en la costa atl\u00e1ntica","isPartOf":{"@id":"https:\/\/patagoniambiental.com.ar\/info\/#website"},"primaryImageOfPage":{"@id":"https:\/\/patagoniambiental.com.ar\/info\/nadando-con-lobos-marinos-nueva-propuesta-en-la-costa-atlantica\/#primaryimage"},"image":{"@id":"https:\/\/patagoniambiental.com.ar\/info\/nadando-con-lobos-marinos-nueva-propuesta-en-la-costa-atlantica\/#primaryimage"},"thumbnailUrl":"https:\/\/patagoniambiental.com.ar\/info\/wp-content\/uploads\/2022\/11\/images.jpeg","datePublished":"2022-11-14T10:00:00+00:00","dateModified":"2022-11-15T12:20:19+00:00","breadcrumb":{"@id":"https:\/\/patagoniambiental.com.ar\/info\/nadando-con-lobos-marinos-nueva-propuesta-en-la-costa-atlantica\/#breadcrumb"},"inLanguage":"es","potentialAction":[{"@type":"ReadAction","target":["https:\/\/patagoniambiental.com.ar\/info\/nadando-con-lobos-marinos-nueva-propuesta-en-la-costa-atlantica\/"]}]},{"@type":"ImageObject","inLanguage":"es","@id":"https:\/\/patagoniambiental.com.ar\/info\/nadando-con-lobos-marinos-nueva-propuesta-en-la-costa-atlantica\/#primaryimage","url":"https:\/\/patagoniambiental.com.ar\/info\/wp-content\/uploads\/2022\/11\/images.jpeg","contentUrl":"https:\/\/patagoniambiental.com.ar\/info\/wp-content\/uploads\/2022\/11\/images.jpeg","width":300,"height":168,"caption":"https:\/\/lu19.com.ar\/2022\/11\/08\/senti-lo-epico-de-nadar-en-las-aguas-rionegrinas-junto-a-los-lobos-marinos\/"},{"@type":"BreadcrumbList","@id":"https:\/\/patagoniambiental.com.ar\/info\/nadando-con-lobos-marinos-nueva-propuesta-en-la-costa-atlantica\/#breadcrumb","itemListElement":[{"@type":"ListItem","position":1,"name":"Inicio","item":"https:\/\/patagoniambiental.com.ar\/info\/"},{"@type":"ListItem","position":2,"name":"Nadando con lobos marinos, nueva propuesta en la costa atl\u00e1ntica"}]},{"@type":"WebSite","@id":"https:\/\/patagoniambiental.com.ar\/info\/#website","url":"https:\/\/patagoniambiental.com.ar\/info\/","name":"Patagonia Ambiental","description":"Monitoreo y an\u00e1lisis de la situaci\u00f3n geopol\u00edtica en el mundo y su implicancia en la Patagonia","publisher":{"@id":"https:\/\/patagoniambiental.com.ar\/info\/#organization"},"potentialAction":[{"@type":"SearchAction","target":{"@type":"EntryPoint","urlTemplate":"https:\/\/patagoniambiental.com.ar\/info\/?s={search_term_string}"},"query-input":{"@type":"PropertyValueSpecification","valueRequired":true,"valueName":"search_term_string"}}],"inLanguage":"es"},{"@type":"Organization","@id":"https:\/\/patagoniambiental.com.ar\/info\/#organization","name":"Patagonia Ambiental","url":"https:\/\/patagoniambiental.com.ar\/info\/","logo":{"@type":"ImageObject","inLanguage":"es","@id":"https:\/\/patagoniambiental.com.ar\/info\/#\/schema\/logo\/image\/","url":"https:\/\/patagoniambiental.com.ar\/info\/wp-content\/uploads\/2025\/05\/LOGO-PATAGONIA-AMBIENTAL.png","contentUrl":"https:\/\/patagoniambiental.com.ar\/info\/wp-content\/uploads\/2025\/05\/LOGO-PATAGONIA-AMBIENTAL.png","width":433,"height":250,"caption":"Patagonia Ambiental"},"image":{"@id":"https:\/\/patagoniambiental.com.ar\/info\/#\/schema\/logo\/image\/"},"sameAs":["https:\/\/www.facebook.com\/patagonia.ambiental","https:\/\/x.com\/PatAmb"]},{"@type":"Person","@id":"https:\/\/patagoniambiental.com.ar\/info\/#\/schema\/person\/e5af09d700b2e82cb10c6b8800e0c691","name":"BRAIAN ESTEVEZ","sameAs":["http:\/\/www.patagoniambiental.com.ar"]}]}},"_links":{"self":[{"href":"https:\/\/patagoniambiental.com.ar\/info\/wp-json\/wp\/v2\/posts\/76540","targetHints":{"allow":["GET"]}}],"collection":[{"href":"https:\/\/patagoniambiental.com.ar\/info\/wp-json\/wp\/v2\/posts"}],"about":[{"href":"https:\/\/patagoniambiental.com.ar\/info\/wp-json\/wp\/v2\/types\/post"}],"author":[{"embeddable":true,"href":"https:\/\/patagoniambiental.com.ar\/info\/wp-json\/wp\/v2\/users\/6"}],"replies":[{"embeddable":true,"href":"https:\/\/patagoniambiental.com.ar\/info\/wp-json\/wp\/v2\/comments?post=76540"}],"version-history":[{"count":0,"href":"https:\/\/patagoniambiental.com.ar\/info\/wp-json\/wp\/v2\/posts\/76540\/revisions"}],"wp:featuredmedia":[{"embeddable":true,"href":"https:\/\/patagoniambiental.com.ar\/info\/wp-json\/wp\/v2\/media\/76541"}],"wp:attachment":[{"href":"https:\/\/patagoniambiental.com.ar\/info\/wp-json\/wp\/v2\/media?parent=76540"}],"wp:term":[{"taxonomy":"category","embeddable":true,"href":"https:\/\/patagoniambiental.com.ar\/info\/wp-json\/wp\/v2\/categories?post=76540"},{"taxonomy":"post_tag","embeddable":true,"href":"https:\/\/patagoniambiental.com.ar\/info\/wp-json\/wp\/v2\/tags?post=76540"}],"curies":[{"name":"wp","href":"https:\/\/api.w.org\/{rel}","templated":true}]}}