{"id":76543,"date":"2022-11-15T07:00:00","date_gmt":"2022-11-15T10:00:00","guid":{"rendered":"http:\/\/patagoniambiental.com.ar\/info\/?p=76543"},"modified":"2022-11-16T10:39:57","modified_gmt":"2022-11-16T13:39:57","slug":"pesatti-defendio-la-ley-de-envases-y-pidio-un-trato-justo-para-las-ciudades-responsables-con-el-ambiente","status":"publish","type":"post","link":"https:\/\/patagoniambiental.com.ar\/info\/pesatti-defendio-la-ley-de-envases-y-pidio-un-trato-justo-para-las-ciudades-responsables-con-el-ambiente\/","title":{"rendered":"Pesatti defendi\u00f3 la \u00abley de Envases\u00bb y pidi\u00f3 un trato justo para las ciudades responsables con el ambiente"},"content":{"rendered":"\n<!--more-->\n\n\n\n<p><\/p>\n\n\n\n<p>El intendente Pedro Pesatti defendi\u00f3 en la C\u00e1mara de Diputados de la Naci\u00f3n la ley de Envases con Inclusi\u00f3n Social y se comprometi\u00f3 a dialogar con los parlamentarios rionegrinos para sumar sus votos en el Congreso.<\/p>\n\n\n\n<p>Motiva la decisi\u00f3n del mandatario comunal el estatus alcanzado por la ciudad respecto del tratamiento ambiental que reciben los residuos s\u00f3lidos urbanos, y el importante nivel de recuperaci\u00f3n de los residuos reciblables, promoviendo adem\u00e1s la economia circular y un menor impacto en el ecosistema.<\/p>\n\n\n\n<p>En su exposici\u00f3n Pesatti expres\u00f3 que \u00abestamos ac\u00e1 porque somos de los pocos municipios del pa\u00eds que tiene en sus manos la gesti\u00f3n integral de residuos, lo que significa que con mucho esfuerzo sostemos un sistema que requiere de m\u00e1s recursos de los que tenemos, por eso necesitamos de una ley que ayude a amortiguar los costos de este tipo de sistemas\u00bb<\/p>\n\n\n\n<p>De esta forma, el intendente viedmense no solo defendi\u00f3 la cuesti\u00f3n de fondo, sino que tambi\u00e9n avanz\u00f3 en la defensa de los derechos de los viedmenses \u00abque hacen un esfuerzo mayor al que hacen la mayor\u00eda de los argentinos, ya que los vecinos y vecinas de nuestra ciudad sostienen un sistema de tratamiento varias veces m\u00e1s caro que cualquier sistema contaminante\u00bb, indic\u00f3 Pesatti, y agreg\u00f3 que \u00abese esfuerzo y esa responsabilidad que los viedmenses asumimos con el ambiente debe ser retribuida o compensada de alguna forma\u00bb.<\/p>\n\n\n\n<p>\u00abTanto el tratamiento de separaci\u00f3n de residuos s\u00f3lidos que hoy realiza Viedma, como los cambios que producir\u00eda en la industria la nueva ley de envases son claves para la disminuci\u00f3n de la huella de carbono y colaboran a limitar el calentamiento global\u00bb, expres\u00f3 el jefe comunal viedmense.<\/p>\n\n\n\n<p>La Ley de Envases se basa en el principio de Responsabilidad Extendida al Productor (REP), la cual es entendida como el deber de cada uno de los productores de tomar responsabilidad objetiva por la gesti\u00f3n ambiental y su financiamiento respecto de los envases introducidos por ellos en el mercado nacional y los envases post consumo.<\/p>\n\n\n\n<p>Un adelanto lo hab\u00eda dado Pesatti durante el fin de semana, en oportunidad de acompa\u00f1ar el plenario nacional de la Federaci\u00f3n Argentina de Cartoneros, Carreros y Recicladores.<\/p>\n\n\n\n<p>\u00abViedma es una de las pocas municipalidades de la Argentina que hace separaci\u00f3n de residuos para su reciclaje y env\u00eda a un relleno sanitario, para su disposici\u00f3n final, los residuos org\u00e1nicos o que no se pueden reciclar\u00bb, hab\u00eda dicho Pesatti frente a 500 cartoneros provenientes de disitnos puntos del pa\u00eds para destacar tratamiento ambiental de la basura.<\/p>\n\n\n\n<p>El proyecto implica la implementaci\u00f3n de una tasa ambiental para las empresas y productores que coloquen envases en el mercado, premiando a los que se hagan con materiales reciclables y sean f\u00e1ciles de reciclar. Lo recaudado se utilizar\u00e1 para implementar Sistemas de Reciclado con Inclusi\u00f3n Social, que permitan recuperar los envases para que vuelvan a la industria y dignifiquen el trabajo de los cartoneros y las cartoneras de todo el pa\u00eds.<\/p>\n\n\n\n<p>Fuente: Municipalidad de Viedma <\/p>\n","protected":false},"excerpt":{"rendered":"","protected":false},"author":6,"featured_media":76544,"comment_status":"open","ping_status":"open","sticky":false,"template":"","format":"standard","meta":{"site-sidebar-layout":"default","site-content-layout":"","ast-site-content-layout":"default","site-content-style":"default","site-sidebar-style":"default","ast-global-header-display":"","ast-banner-title-visibility":"","ast-main-header-display":"","ast-hfb-above-header-display":"","ast-hfb-below-header-display":"","ast-hfb-mobile-header-display":"","site-post-title":"","ast-breadcrumbs-content":"","ast-featured-img":"","footer-sml-layout":"","ast-disable-related-posts":"","theme-transparent-header-meta":"","adv-header-id-meta":"","stick-header-meta":"","header-above-stick-meta":"","header-main-stick-meta":"","header-below-stick-meta":"","astra-migrate-meta-layouts":"default","ast-page-background-enabled":"default","ast-page-background-meta":{"desktop":{"background-color":"var(--ast-global-color-5)","background-image":"","background-repeat":"repeat","background-position":"center center","background-size":"auto","background-attachment":"scroll","background-type":"","background-media":"","overlay-type":"","overlay-color":"","overlay-opacity":"","overlay-gradient":""},"tablet":{"background-color":"","background-image":"","background-repeat":"repeat","background-position":"center center","background-size":"auto","background-attachment":"scroll","background-type":"","background-media":"","overlay-type":"","overlay-color":"","overlay-opacity":"","overlay-gradient":""},"mobile":{"background-color":"","background-image":"","background-repeat":"repeat","background-position":"center center","background-size":"auto","background-attachment":"scroll","background-type":"","background-media":"","overlay-type":"","overlay-color":"","overlay-opacity":"","overlay-gradient":""}},"ast-content-background-meta":{"desktop":{"background-color":"var(--ast-global-color-4)","background-image":"","background-repeat":"repeat","background-position":"center center","background-size":"auto","background-attachment":"scroll","background-type":"","background-media":"","overlay-type":"","overlay-color":"","overlay-opacity":"","overlay-gradient":""},"tablet":{"background-color":"var(--ast-global-color-4)","background-image":"","background-repeat":"repeat","background-position":"center center","background-size":"auto","background-attachment":"scroll","background-type":"","background-media":"","overlay-type":"","overlay-color":"","overlay-opacity":"","overlay-gradient":""},"mobile":{"background-color":"var(--ast-global-color-4)","background-image":"","background-repeat":"repeat","background-position":"center center","background-size":"auto","background-attachment":"scroll","background-type":"","background-media":"","overlay-type":"","overlay-color":"","overlay-opacity":"","overlay-gradient":""}},"footnotes":""},"categories":[11,16,1,10],"tags":[],"class_list":["post-76543","post","type-post","status-publish","format-standard","has-post-thumbnail","hentry","category-boletin","category-municipales","category-noticias","category-rotador"],"yoast_head":"<!-- This site is optimized with the Yoast SEO Premium plugin v23.0 (Yoast SEO v27.4) - https:\/\/yoast.com\/product\/yoast-seo-premium-wordpress\/ -->\n<title>Pesatti defendi\u00f3 la &quot;ley de Envases&quot; y pidi\u00f3 un trato justo para las ciudades responsables con el ambiente<\/title>\n<meta name=\"robots\" content=\"index, follow, max-snippet:-1, max-image-preview:large, max-video-preview:-1\" \/>\n<link rel=\"canonical\" href=\"https:\/\/patagoniambiental.com.ar\/info\/pesatti-defendio-la-ley-de-envases-y-pidio-un-trato-justo-para-las-ciudades-responsables-con-el-ambiente\/\" \/>\n<meta property=\"og:locale\" content=\"es_ES\" \/>\n<meta property=\"og:type\" content=\"article\" \/>\n<meta property=\"og:title\" content=\"Pesatti defendi\u00f3 la &quot;ley de Envases&quot; y pidi\u00f3 un trato justo para las ciudades responsables con el ambiente\" \/>\n<meta property=\"og:url\" content=\"https:\/\/patagoniambiental.com.ar\/info\/pesatti-defendio-la-ley-de-envases-y-pidio-un-trato-justo-para-las-ciudades-responsables-con-el-ambiente\/\" \/>\n<meta property=\"og:site_name\" content=\"Patagonia Ambiental\" \/>\n<meta property=\"article:publisher\" content=\"https:\/\/www.facebook.com\/patagonia.ambiental\" \/>\n<meta property=\"article:published_time\" content=\"2022-11-15T10:00:00+00:00\" \/>\n<meta property=\"article:modified_time\" content=\"2022-11-16T13:39:57+00:00\" \/>\n<meta property=\"og:image\" content=\"https:\/\/patagoniambiental.com.ar\/info\/wp-content\/uploads\/2022\/11\/index.jpeg\" \/>\n\t<meta property=\"og:image:width\" content=\"1280\" \/>\n\t<meta property=\"og:image:height\" content=\"856\" \/>\n\t<meta property=\"og:image:type\" content=\"image\/jpeg\" \/>\n<meta name=\"author\" content=\"BRAIAN ESTEVEZ\" \/>\n<meta name=\"twitter:card\" content=\"summary_large_image\" \/>\n<meta name=\"twitter:creator\" content=\"@PatAmb\" \/>\n<meta name=\"twitter:site\" content=\"@PatAmb\" \/>\n<script type=\"application\/ld+json\" class=\"yoast-schema-graph\">{\"@context\":\"https:\\\/\\\/schema.org\",\"@graph\":[{\"@type\":\"Article\",\"@id\":\"https:\\\/\\\/patagoniambiental.com.ar\\\/info\\\/pesatti-defendio-la-ley-de-envases-y-pidio-un-trato-justo-para-las-ciudades-responsables-con-el-ambiente\\\/#article\",\"isPartOf\":{\"@id\":\"https:\\\/\\\/patagoniambiental.com.ar\\\/info\\\/pesatti-defendio-la-ley-de-envases-y-pidio-un-trato-justo-para-las-ciudades-responsables-con-el-ambiente\\\/\"},\"author\":{\"name\":\"BRAIAN ESTEVEZ\",\"@id\":\"https:\\\/\\\/patagoniambiental.com.ar\\\/info\\\/#\\\/schema\\\/person\\\/e5af09d700b2e82cb10c6b8800e0c691\"},\"headline\":\"Pesatti defendi\u00f3 la \u00abley de Envases\u00bb y pidi\u00f3 un trato justo para las ciudades responsables con el ambiente\",\"datePublished\":\"2022-11-15T10:00:00+00:00\",\"dateModified\":\"2022-11-16T13:39:57+00:00\",\"mainEntityOfPage\":{\"@id\":\"https:\\\/\\\/patagoniambiental.com.ar\\\/info\\\/pesatti-defendio-la-ley-de-envases-y-pidio-un-trato-justo-para-las-ciudades-responsables-con-el-ambiente\\\/\"},\"wordCount\":539,\"commentCount\":0,\"publisher\":{\"@id\":\"https:\\\/\\\/patagoniambiental.com.ar\\\/info\\\/#organization\"},\"image\":{\"@id\":\"https:\\\/\\\/patagoniambiental.com.ar\\\/info\\\/pesatti-defendio-la-ley-de-envases-y-pidio-un-trato-justo-para-las-ciudades-responsables-con-el-ambiente\\\/#primaryimage\"},\"thumbnailUrl\":\"https:\\\/\\\/patagoniambiental.com.ar\\\/info\\\/wp-content\\\/uploads\\\/2022\\\/11\\\/index.jpeg\",\"articleSection\":[\"Bolet\u00edn\",\"Municipales\",\"Noticias\",\"Rotador\"],\"inLanguage\":\"es\",\"potentialAction\":[{\"@type\":\"CommentAction\",\"name\":\"Comment\",\"target\":[\"https:\\\/\\\/patagoniambiental.com.ar\\\/info\\\/pesatti-defendio-la-ley-de-envases-y-pidio-un-trato-justo-para-las-ciudades-responsables-con-el-ambiente\\\/#respond\"]}]},{\"@type\":\"WebPage\",\"@id\":\"https:\\\/\\\/patagoniambiental.com.ar\\\/info\\\/pesatti-defendio-la-ley-de-envases-y-pidio-un-trato-justo-para-las-ciudades-responsables-con-el-ambiente\\\/\",\"url\":\"https:\\\/\\\/patagoniambiental.com.ar\\\/info\\\/pesatti-defendio-la-ley-de-envases-y-pidio-un-trato-justo-para-las-ciudades-responsables-con-el-ambiente\\\/\",\"name\":\"Pesatti defendi\u00f3 la \\\"ley de Envases\\\" y pidi\u00f3 un trato justo para las ciudades responsables con el ambiente\",\"isPartOf\":{\"@id\":\"https:\\\/\\\/patagoniambiental.com.ar\\\/info\\\/#website\"},\"primaryImageOfPage\":{\"@id\":\"https:\\\/\\\/patagoniambiental.com.ar\\\/info\\\/pesatti-defendio-la-ley-de-envases-y-pidio-un-trato-justo-para-las-ciudades-responsables-con-el-ambiente\\\/#primaryimage\"},\"image\":{\"@id\":\"https:\\\/\\\/patagoniambiental.com.ar\\\/info\\\/pesatti-defendio-la-ley-de-envases-y-pidio-un-trato-justo-para-las-ciudades-responsables-con-el-ambiente\\\/#primaryimage\"},\"thumbnailUrl\":\"https:\\\/\\\/patagoniambiental.com.ar\\\/info\\\/wp-content\\\/uploads\\\/2022\\\/11\\\/index.jpeg\",\"datePublished\":\"2022-11-15T10:00:00+00:00\",\"dateModified\":\"2022-11-16T13:39:57+00:00\",\"breadcrumb\":{\"@id\":\"https:\\\/\\\/patagoniambiental.com.ar\\\/info\\\/pesatti-defendio-la-ley-de-envases-y-pidio-un-trato-justo-para-las-ciudades-responsables-con-el-ambiente\\\/#breadcrumb\"},\"inLanguage\":\"es\",\"potentialAction\":[{\"@type\":\"ReadAction\",\"target\":[\"https:\\\/\\\/patagoniambiental.com.ar\\\/info\\\/pesatti-defendio-la-ley-de-envases-y-pidio-un-trato-justo-para-las-ciudades-responsables-con-el-ambiente\\\/\"]}]},{\"@type\":\"ImageObject\",\"inLanguage\":\"es\",\"@id\":\"https:\\\/\\\/patagoniambiental.com.ar\\\/info\\\/pesatti-defendio-la-ley-de-envases-y-pidio-un-trato-justo-para-las-ciudades-responsables-con-el-ambiente\\\/#primaryimage\",\"url\":\"https:\\\/\\\/patagoniambiental.com.ar\\\/info\\\/wp-content\\\/uploads\\\/2022\\\/11\\\/index.jpeg\",\"contentUrl\":\"https:\\\/\\\/patagoniambiental.com.ar\\\/info\\\/wp-content\\\/uploads\\\/2022\\\/11\\\/index.jpeg\",\"width\":897,\"height\":600},{\"@type\":\"BreadcrumbList\",\"@id\":\"https:\\\/\\\/patagoniambiental.com.ar\\\/info\\\/pesatti-defendio-la-ley-de-envases-y-pidio-un-trato-justo-para-las-ciudades-responsables-con-el-ambiente\\\/#breadcrumb\",\"itemListElement\":[{\"@type\":\"ListItem\",\"position\":1,\"name\":\"Inicio\",\"item\":\"https:\\\/\\\/patagoniambiental.com.ar\\\/info\\\/\"},{\"@type\":\"ListItem\",\"position\":2,\"name\":\"Pesatti defendi\u00f3 la \u00abley de Envases\u00bb y pidi\u00f3 un trato justo para las ciudades responsables con el ambiente\"}]},{\"@type\":\"WebSite\",\"@id\":\"https:\\\/\\\/patagoniambiental.com.ar\\\/info\\\/#website\",\"url\":\"https:\\\/\\\/patagoniambiental.com.ar\\\/info\\\/\",\"name\":\"Patagonia Ambiental\",\"description\":\"Monitoreo y an\u00e1lisis de la situaci\u00f3n geopol\u00edtica en el mundo y su implicancia en la Patagonia\",\"publisher\":{\"@id\":\"https:\\\/\\\/patagoniambiental.com.ar\\\/info\\\/#organization\"},\"potentialAction\":[{\"@type\":\"SearchAction\",\"target\":{\"@type\":\"EntryPoint\",\"urlTemplate\":\"https:\\\/\\\/patagoniambiental.com.ar\\\/info\\\/?s={search_term_string}\"},\"query-input\":{\"@type\":\"PropertyValueSpecification\",\"valueRequired\":true,\"valueName\":\"search_term_string\"}}],\"inLanguage\":\"es\"},{\"@type\":\"Organization\",\"@id\":\"https:\\\/\\\/patagoniambiental.com.ar\\\/info\\\/#organization\",\"name\":\"Patagonia Ambiental\",\"url\":\"https:\\\/\\\/patagoniambiental.com.ar\\\/info\\\/\",\"logo\":{\"@type\":\"ImageObject\",\"inLanguage\":\"es\",\"@id\":\"https:\\\/\\\/patagoniambiental.com.ar\\\/info\\\/#\\\/schema\\\/logo\\\/image\\\/\",\"url\":\"https:\\\/\\\/patagoniambiental.com.ar\\\/info\\\/wp-content\\\/uploads\\\/2025\\\/05\\\/LOGO-PATAGONIA-AMBIENTAL.png\",\"contentUrl\":\"https:\\\/\\\/patagoniambiental.com.ar\\\/info\\\/wp-content\\\/uploads\\\/2025\\\/05\\\/LOGO-PATAGONIA-AMBIENTAL.png\",\"width\":433,\"height\":250,\"caption\":\"Patagonia Ambiental\"},\"image\":{\"@id\":\"https:\\\/\\\/patagoniambiental.com.ar\\\/info\\\/#\\\/schema\\\/logo\\\/image\\\/\"},\"sameAs\":[\"https:\\\/\\\/www.facebook.com\\\/patagonia.ambiental\",\"https:\\\/\\\/x.com\\\/PatAmb\"]},{\"@type\":\"Person\",\"@id\":\"https:\\\/\\\/patagoniambiental.com.ar\\\/info\\\/#\\\/schema\\\/person\\\/e5af09d700b2e82cb10c6b8800e0c691\",\"name\":\"BRAIAN ESTEVEZ\",\"sameAs\":[\"http:\\\/\\\/www.patagoniambiental.com.ar\"]}]}<\/script>\n<!-- \/ Yoast SEO Premium plugin. -->","yoast_head_json":{"title":"Pesatti defendi\u00f3 la \"ley de Envases\" y pidi\u00f3 un trato justo para las ciudades responsables con el ambiente","robots":{"index":"index","follow":"follow","max-snippet":"max-snippet:-1","max-image-preview":"max-image-preview:large","max-video-preview":"max-video-preview:-1"},"canonical":"https:\/\/patagoniambiental.com.ar\/info\/pesatti-defendio-la-ley-de-envases-y-pidio-un-trato-justo-para-las-ciudades-responsables-con-el-ambiente\/","og_locale":"es_ES","og_type":"article","og_title":"Pesatti defendi\u00f3 la \"ley de Envases\" y pidi\u00f3 un trato justo para las ciudades responsables con el ambiente","og_url":"https:\/\/patagoniambiental.com.ar\/info\/pesatti-defendio-la-ley-de-envases-y-pidio-un-trato-justo-para-las-ciudades-responsables-con-el-ambiente\/","og_site_name":"Patagonia Ambiental","article_publisher":"https:\/\/www.facebook.com\/patagonia.ambiental","article_published_time":"2022-11-15T10:00:00+00:00","article_modified_time":"2022-11-16T13:39:57+00:00","og_image":[{"width":1280,"height":856,"url":"https:\/\/patagoniambiental.com.ar\/info\/wp-content\/uploads\/2022\/11\/index.jpeg","type":"image\/jpeg"}],"author":"BRAIAN ESTEVEZ","twitter_card":"summary_large_image","twitter_creator":"@PatAmb","twitter_site":"@PatAmb","schema":{"@context":"https:\/\/schema.org","@graph":[{"@type":"Article","@id":"https:\/\/patagoniambiental.com.ar\/info\/pesatti-defendio-la-ley-de-envases-y-pidio-un-trato-justo-para-las-ciudades-responsables-con-el-ambiente\/#article","isPartOf":{"@id":"https:\/\/patagoniambiental.com.ar\/info\/pesatti-defendio-la-ley-de-envases-y-pidio-un-trato-justo-para-las-ciudades-responsables-con-el-ambiente\/"},"author":{"name":"BRAIAN ESTEVEZ","@id":"https:\/\/patagoniambiental.com.ar\/info\/#\/schema\/person\/e5af09d700b2e82cb10c6b8800e0c691"},"headline":"Pesatti defendi\u00f3 la \u00abley de Envases\u00bb y pidi\u00f3 un trato justo para las ciudades responsables con el ambiente","datePublished":"2022-11-15T10:00:00+00:00","dateModified":"2022-11-16T13:39:57+00:00","mainEntityOfPage":{"@id":"https:\/\/patagoniambiental.com.ar\/info\/pesatti-defendio-la-ley-de-envases-y-pidio-un-trato-justo-para-las-ciudades-responsables-con-el-ambiente\/"},"wordCount":539,"commentCount":0,"publisher":{"@id":"https:\/\/patagoniambiental.com.ar\/info\/#organization"},"image":{"@id":"https:\/\/patagoniambiental.com.ar\/info\/pesatti-defendio-la-ley-de-envases-y-pidio-un-trato-justo-para-las-ciudades-responsables-con-el-ambiente\/#primaryimage"},"thumbnailUrl":"https:\/\/patagoniambiental.com.ar\/info\/wp-content\/uploads\/2022\/11\/index.jpeg","articleSection":["Bolet\u00edn","Municipales","Noticias","Rotador"],"inLanguage":"es","potentialAction":[{"@type":"CommentAction","name":"Comment","target":["https:\/\/patagoniambiental.com.ar\/info\/pesatti-defendio-la-ley-de-envases-y-pidio-un-trato-justo-para-las-ciudades-responsables-con-el-ambiente\/#respond"]}]},{"@type":"WebPage","@id":"https:\/\/patagoniambiental.com.ar\/info\/pesatti-defendio-la-ley-de-envases-y-pidio-un-trato-justo-para-las-ciudades-responsables-con-el-ambiente\/","url":"https:\/\/patagoniambiental.com.ar\/info\/pesatti-defendio-la-ley-de-envases-y-pidio-un-trato-justo-para-las-ciudades-responsables-con-el-ambiente\/","name":"Pesatti defendi\u00f3 la \"ley de Envases\" y pidi\u00f3 un trato justo para las ciudades responsables con el ambiente","isPartOf":{"@id":"https:\/\/patagoniambiental.com.ar\/info\/#website"},"primaryImageOfPage":{"@id":"https:\/\/patagoniambiental.com.ar\/info\/pesatti-defendio-la-ley-de-envases-y-pidio-un-trato-justo-para-las-ciudades-responsables-con-el-ambiente\/#primaryimage"},"image":{"@id":"https:\/\/patagoniambiental.com.ar\/info\/pesatti-defendio-la-ley-de-envases-y-pidio-un-trato-justo-para-las-ciudades-responsables-con-el-ambiente\/#primaryimage"},"thumbnailUrl":"https:\/\/patagoniambiental.com.ar\/info\/wp-content\/uploads\/2022\/11\/index.jpeg","datePublished":"2022-11-15T10:00:00+00:00","dateModified":"2022-11-16T13:39:57+00:00","breadcrumb":{"@id":"https:\/\/patagoniambiental.com.ar\/info\/pesatti-defendio-la-ley-de-envases-y-pidio-un-trato-justo-para-las-ciudades-responsables-con-el-ambiente\/#breadcrumb"},"inLanguage":"es","potentialAction":[{"@type":"ReadAction","target":["https:\/\/patagoniambiental.com.ar\/info\/pesatti-defendio-la-ley-de-envases-y-pidio-un-trato-justo-para-las-ciudades-responsables-con-el-ambiente\/"]}]},{"@type":"ImageObject","inLanguage":"es","@id":"https:\/\/patagoniambiental.com.ar\/info\/pesatti-defendio-la-ley-de-envases-y-pidio-un-trato-justo-para-las-ciudades-responsables-con-el-ambiente\/#primaryimage","url":"https:\/\/patagoniambiental.com.ar\/info\/wp-content\/uploads\/2022\/11\/index.jpeg","contentUrl":"https:\/\/patagoniambiental.com.ar\/info\/wp-content\/uploads\/2022\/11\/index.jpeg","width":897,"height":600},{"@type":"BreadcrumbList","@id":"https:\/\/patagoniambiental.com.ar\/info\/pesatti-defendio-la-ley-de-envases-y-pidio-un-trato-justo-para-las-ciudades-responsables-con-el-ambiente\/#breadcrumb","itemListElement":[{"@type":"ListItem","position":1,"name":"Inicio","item":"https:\/\/patagoniambiental.com.ar\/info\/"},{"@type":"ListItem","position":2,"name":"Pesatti defendi\u00f3 la \u00abley de Envases\u00bb y pidi\u00f3 un trato justo para las ciudades responsables con el ambiente"}]},{"@type":"WebSite","@id":"https:\/\/patagoniambiental.com.ar\/info\/#website","url":"https:\/\/patagoniambiental.com.ar\/info\/","name":"Patagonia Ambiental","description":"Monitoreo y an\u00e1lisis de la situaci\u00f3n geopol\u00edtica en el mundo y su implicancia en la Patagonia","publisher":{"@id":"https:\/\/patagoniambiental.com.ar\/info\/#organization"},"potentialAction":[{"@type":"SearchAction","target":{"@type":"EntryPoint","urlTemplate":"https:\/\/patagoniambiental.com.ar\/info\/?s={search_term_string}"},"query-input":{"@type":"PropertyValueSpecification","valueRequired":true,"valueName":"search_term_string"}}],"inLanguage":"es"},{"@type":"Organization","@id":"https:\/\/patagoniambiental.com.ar\/info\/#organization","name":"Patagonia Ambiental","url":"https:\/\/patagoniambiental.com.ar\/info\/","logo":{"@type":"ImageObject","inLanguage":"es","@id":"https:\/\/patagoniambiental.com.ar\/info\/#\/schema\/logo\/image\/","url":"https:\/\/patagoniambiental.com.ar\/info\/wp-content\/uploads\/2025\/05\/LOGO-PATAGONIA-AMBIENTAL.png","contentUrl":"https:\/\/patagoniambiental.com.ar\/info\/wp-content\/uploads\/2025\/05\/LOGO-PATAGONIA-AMBIENTAL.png","width":433,"height":250,"caption":"Patagonia Ambiental"},"image":{"@id":"https:\/\/patagoniambiental.com.ar\/info\/#\/schema\/logo\/image\/"},"sameAs":["https:\/\/www.facebook.com\/patagonia.ambiental","https:\/\/x.com\/PatAmb"]},{"@type":"Person","@id":"https:\/\/patagoniambiental.com.ar\/info\/#\/schema\/person\/e5af09d700b2e82cb10c6b8800e0c691","name":"BRAIAN ESTEVEZ","sameAs":["http:\/\/www.patagoniambiental.com.ar"]}]}},"_links":{"self":[{"href":"https:\/\/patagoniambiental.com.ar\/info\/wp-json\/wp\/v2\/posts\/76543","targetHints":{"allow":["GET"]}}],"collection":[{"href":"https:\/\/patagoniambiental.com.ar\/info\/wp-json\/wp\/v2\/posts"}],"about":[{"href":"https:\/\/patagoniambiental.com.ar\/info\/wp-json\/wp\/v2\/types\/post"}],"author":[{"embeddable":true,"href":"https:\/\/patagoniambiental.com.ar\/info\/wp-json\/wp\/v2\/users\/6"}],"replies":[{"embeddable":true,"href":"https:\/\/patagoniambiental.com.ar\/info\/wp-json\/wp\/v2\/comments?post=76543"}],"version-history":[{"count":0,"href":"https:\/\/patagoniambiental.com.ar\/info\/wp-json\/wp\/v2\/posts\/76543\/revisions"}],"wp:featuredmedia":[{"embeddable":true,"href":"https:\/\/patagoniambiental.com.ar\/info\/wp-json\/wp\/v2\/media\/76544"}],"wp:attachment":[{"href":"https:\/\/patagoniambiental.com.ar\/info\/wp-json\/wp\/v2\/media?parent=76543"}],"wp:term":[{"taxonomy":"category","embeddable":true,"href":"https:\/\/patagoniambiental.com.ar\/info\/wp-json\/wp\/v2\/categories?post=76543"},{"taxonomy":"post_tag","embeddable":true,"href":"https:\/\/patagoniambiental.com.ar\/info\/wp-json\/wp\/v2\/tags?post=76543"}],"curies":[{"name":"wp","href":"https:\/\/api.w.org\/{rel}","templated":true}]}}