{"id":76549,"date":"2022-11-16T07:00:00","date_gmt":"2022-11-16T10:00:00","guid":{"rendered":"http:\/\/patagoniambiental.com.ar\/info\/?p=76549"},"modified":"2022-11-16T10:50:17","modified_gmt":"2022-11-16T13:50:17","slug":"construyeron-un-invernadero-hidroponico-con-energia-solar-en-una-escuela","status":"publish","type":"post","link":"https:\/\/patagoniambiental.com.ar\/info\/construyeron-un-invernadero-hidroponico-con-energia-solar-en-una-escuela\/","title":{"rendered":"Construyeron un invernadero hidrop\u00f3nico con energ\u00eda solar en una escuela"},"content":{"rendered":"\n<!--more-->\n\n\n\n<h2 class=\"wp-block-heading\">La cooperativa CALF y la Fundaci\u00f3n Neuqu\u00e9n Oeste realizaron el primer invernadero de este tipo para ense\u00f1ar a los m\u00e1s chicos \u00abuna cultura productiva y del cuidado del medio ambiente\u00bb.<\/h2>\n\n\n\n<ul class=\"wp-block-list\"><li><\/li><li><\/li><li><\/li><li><\/li><\/ul>\n\n\n\n<figure class=\"wp-block-image\"><img decoding=\"async\" src=\"https:\/\/media.lmneuquen.com\/p\/e22a1d36eca78d0d968350a62c72360a\/adjuntos\/195\/imagenes\/007\/343\/0007343986\/invernadero-hidroponico-calf.jpeg\" alt=\"Construyeron un invernadero hidrop\u00f3nico con energ\u00eda solar en una escuela\" title=\"Construyeron un invernadero hidrop\u00f3nico con energ\u00eda solar en una escuela | LM Neuquen\"\/><figcaption>gentileza<\/figcaption><\/figure>\n\n\n\n<p>La cooperativa CALF y la Fundaci\u00f3n Neuqu\u00e9n Oeste construyeron el primer invernadero hidrop\u00f3nico alimentado con energ\u00eda solar de Neuqu\u00e9n, con el objetivo de transmitir a las nuevas generaciones una cultura productiva y del cuidado del medio ambiente. Los primeros beneficiados con esta tecnolog\u00eda ser\u00e1n los estudiantes de los colegios que funcionan en las instalaciones de la fundaci\u00f3n ubicada en Ant\u00e1rtida Argentina al 3900.<\/p>\n\n\n\n<p>\u00abLa Fundaci\u00f3n agradece a la Cooperativa CALF por la confianza depositada y por el gran trabajo colaborativo que se est\u00e1 realizando en el marco del dictado y la gesti\u00f3n de la Tecnicatura Superior en Energ\u00eda Renovable\u00bb, destacaron en un comunicado.<\/p>\n\n\n\n<p>Te puede interesar&#8230;<\/p>\n\n\n\n<figure class=\"wp-block-image\"><a href=\"https:\/\/www.lmneuquen.com\/les-llevo-12-horas-los-bomberos-apagar-dos-incendios-senillosa-n967102\"><img decoding=\"async\" src=\"https:\/\/media.lmneuquen.com\/p\/443db315b124915ed37cc8a2d7df7a64\/adjuntos\/195\/imagenes\/007\/345\/0007345183\/incendio-senillosa-bomberosjpg.jpg\" alt=\"les llevo 12 horas a los bomberos apagar dos incendios en senillosa\" title=\"les llevo 12 horas a los bomberos apagar dos incendios en senillosa\"\/><\/a><\/figure>\n\n\n\n<p><a href=\"https:\/\/www.lmneuquen.com\/les-llevo-12-horas-los-bomberos-apagar-dos-incendios-senillosa-n967102\">Les llev\u00f3 12 horas a los bomberos apagar dos incendios en Senillosa<\/a><\/p>\n\n\n\n<figure class=\"wp-block-image\"><a href=\"https:\/\/www.lmneuquen.com\/rioseco-presento-como-caso-exito-la-experiencia-impulsar-politicas-educativas-traves-el-mangrullo-y-la-utn-n967128\"><img decoding=\"async\" src=\"https:\/\/media.lmneuquen.com\/p\/066427eb03be7f70ed88baf41777a317\/adjuntos\/195\/imagenes\/007\/345\/0007345220\/350x197\/smart\/riosecojpg.jpg\" alt=\"rioseco presento como caso de exito la experiencia de impulsar politicas educativas a traves de el mangrullo y la utn\" title=\"rioseco presento como caso de exito la experiencia de impulsar politicas educativas a traves de el mangrullo y la utn\"\/><\/a><\/figure>\n\n\n\n<p><a href=\"https:\/\/www.lmneuquen.com\/rioseco-presento-como-caso-exito-la-experiencia-impulsar-politicas-educativas-traves-el-mangrullo-y-la-utn-n967128\">Rioseco present\u00f3 como \u00abcaso de \u00e9xito\u00bb la experiencia de impulsar pol\u00edticas educativas a trav\u00e9s de el Mangrullo y la UTN<\/a><\/p>\n\n\n\n<p>Los estudiantes de estas escuelas ser\u00e1n los primeros beneficiarios y gestores de una visi\u00f3n \u00abrenovada que conjuga los conceptos de educaci\u00f3n, producci\u00f3n y energ\u00eda renovable\u00bb, aseguraron.<\/p>\n\n\n\n<p>Los beneficios de este tipo de tecnolog\u00eda son una mayor productividad y eficiencia en la producci\u00f3n de hortalizas de hoja verde y frutos, que los ni\u00f1os, ni\u00f1as y j\u00f3venes puedan utilizar su tiempo educativo en actividades productivas creando proyectos que los ayuden en su bienestar y econom\u00eda.<\/p>\n\n\n\n<p>Adem\u00e1s, este tipo de producci\u00f3n no utiliza agroqu\u00edmicos ni fertilizantes y tiene un ahorro del 90% del agua, por tratarse de un circuito cerrado de nutrici\u00f3n que se recicla.<\/p>\n\n\n\n<p>El invernadero hidrop\u00f3nico produce menos enfermedades, ya que existe una mayor limpieza en el manejo del cultivo, comenzando desde el momento en el que se siembra, hasta que se logra cultivar.<\/p>\n\n\n\n<p>Otro de los objetivos que se pusieron CALF y la Fundaci\u00f3n Neuqu\u00e9n Oeste al arribar a este convenio es \u00abponerle fin a la desnutrici\u00f3n mediante la promoci\u00f3n y difusi\u00f3n de la realizaci\u00f3n de invernaderos hidrop\u00f3nicos caseros, impulsar a los ni\u00f1os, adolescentes y j\u00f3venes a cuidar los recursos que los rodean\u00bb.<\/p>\n\n\n\n<h4 class=\"wp-block-heading\"><strong>El Invernadero y la Energ\u00eda Solar<\/strong><\/h4>\n\n\n\n<p>Para llevar adelante este proyecto se instal\u00f3 en las instalaciones de la Fundaci\u00f3n Neuqu\u00e9n Oeste un sistema de generaci\u00f3n de energ\u00eda, basado en el sistema de Energ\u00eda Solar OffGrid. El sistema, tiene una generaci\u00f3n promedio anual de 2000 kWh y est\u00e1 conformado por 4 paneles Fotovoltaico. El policristalino 72 cedas 340 Wp, cuyo fabricante es l\u00edder Amerisolar.<\/p>\n\n\n\n<p>Cuenta tambi\u00e9n con un inversor de 3kW de Potencia nominal del fabricante l\u00edder \u201cGrowatt New Energy\u201d. Su banco de bater\u00edas de Plomo-\u00c1cido de Tecnolog\u00eda VRLA GEL sin mantenimiento est\u00e1 compuesto por 2 unidades de 12V100AH, de recarga r\u00e1pida y baja tasa de auto-descarga, buen rendimiento de alta corriente y de descarga profunda.<\/p>\n\n\n\n<p>Resiste la sobrecarga a corto plazo con un excelente rendimiento antivibraci\u00f3n. Tiene alta consistencia, seguridad, confiabilidad y estabilidad.<\/p>\n\n\n\n<p><strong>El sistema de estructura de fijaci\u00f3n de los paneles solares al techo es de material de aluminio aportando un bajo peso por m2 al mismo y est\u00e1 certificada para vientos de 150 km\/h.<\/strong><\/p>\n\n\n\n<p>El sistema cuenta tambi\u00e9n con un tablero el\u00e9ctrico que cumple con las normativas AEA 92559-3-1 e 90364-7-712.<\/p>\n\n\n\n<h4 class=\"wp-block-heading\"><strong>Funcionamiento del Sistema Solar<\/strong><\/h4>\n\n\n\n<p>El invernadero hidrop\u00f3nico consumir\u00e1 autom\u00e1ticamente la energ\u00eda del sol durante las horas diurnas. En la medida que se acerque el atardecer y comiencen las horas nocturnas, se activa el consumo de la red el\u00e9ctrica de CALF.<\/p>\n\n\n\n<p>El banco de bater\u00edas entrar\u00e1 en modo activo cuando ninguna de las fuentes de energ\u00eda anteriores se encuentren presente, brindando de esta forma un backup de energ\u00eda continuo al invernadero.<\/p>\n\n\n\n<h4 class=\"wp-block-heading\"><strong>\u00bfC\u00f3mo funciona el sistema hidrop\u00f3nico NFT?<\/strong><\/h4>\n\n\n\n<p>Este sistema (Nutrient Film Technique o T\u00e9cnica de Film de Nutrientes) consiste en un canal inclinado por el cual pasa la soluci\u00f3n de nutrientes de forma constante y en el que se<\/p>\n\n\n\n<p>colocan las plantas en la parte superior, de tal forma que las ra\u00edces queden en contacto con la soluci\u00f3n.<\/p>\n\n\n\n<p>En este invernadero hidrop\u00f3nico se puede cultivar lechuga, acelga, espinaca, arom\u00e1ticas como albahaca, or\u00e9gano, laurel, lavanda, chile, pimiento morr\u00f3n, jitomate y ornamentales.<\/p>\n\n\n\n<p>Si bien explicaron que no todas las especies pueden ser producidas de esta manera, destacaron las muchas ventajas como el ahorro de agua, la posibilidad de producir en condiciones ambientales limitantes, no se usan herbicidas, se generan cultivos de alta calidad, ahorro en abonos y fertilizantes.<\/p>\n\n\n\n<p>Fuente: LM Neuquen<\/p>\n","protected":false},"excerpt":{"rendered":"","protected":false},"author":6,"featured_media":76550,"comment_status":"open","ping_status":"open","sticky":false,"template":"","format":"standard","meta":{"site-sidebar-layout":"default","site-content-layout":"","ast-site-content-layout":"default","site-content-style":"default","site-sidebar-style":"default","ast-global-header-display":"","ast-banner-title-visibility":"","ast-main-header-display":"","ast-hfb-above-header-display":"","ast-hfb-below-header-display":"","ast-hfb-mobile-header-display":"","site-post-title":"","ast-breadcrumbs-content":"","ast-featured-img":"","footer-sml-layout":"","ast-disable-related-posts":"","theme-transparent-header-meta":"","adv-header-id-meta":"","stick-header-meta":"","header-above-stick-meta":"","header-main-stick-meta":"","header-below-stick-meta":"","astra-migrate-meta-layouts":"default","ast-page-background-enabled":"default","ast-page-background-meta":{"desktop":{"background-color":"var(--ast-global-color-5)","background-image":"","background-repeat":"repeat","background-position":"center center","background-size":"auto","background-attachment":"scroll","background-type":"","background-media":"","overlay-type":"","overlay-color":"","overlay-opacity":"","overlay-gradient":""},"tablet":{"background-color":"","background-image":"","background-repeat":"repeat","background-position":"center center","background-size":"auto","background-attachment":"scroll","background-type":"","background-media":"","overlay-type":"","overlay-color":"","overlay-opacity":"","overlay-gradient":""},"mobile":{"background-color":"","background-image":"","background-repeat":"repeat","background-position":"center center","background-size":"auto","background-attachment":"scroll","background-type":"","background-media":"","overlay-type":"","overlay-color":"","overlay-opacity":"","overlay-gradient":""}},"ast-content-background-meta":{"desktop":{"background-color":"var(--ast-global-color-4)","background-image":"","background-repeat":"repeat","background-position":"center center","background-size":"auto","background-attachment":"scroll","background-type":"","background-media":"","overlay-type":"","overlay-color":"","overlay-opacity":"","overlay-gradient":""},"tablet":{"background-color":"var(--ast-global-color-4)","background-image":"","background-repeat":"repeat","background-position":"center center","background-size":"auto","background-attachment":"scroll","background-type":"","background-media":"","overlay-type":"","overlay-color":"","overlay-opacity":"","overlay-gradient":""},"mobile":{"background-color":"var(--ast-global-color-4)","background-image":"","background-repeat":"repeat","background-position":"center center","background-size":"auto","background-attachment":"scroll","background-type":"","background-media":"","overlay-type":"","overlay-color":"","overlay-opacity":"","overlay-gradient":""}},"footnotes":""},"categories":[11,18,1,13,10],"tags":[],"class_list":["post-76549","post","type-post","status-publish","format-standard","has-post-thumbnail","hentry","category-boletin","category-neuquen","category-noticias","category-provinciales","category-rotador"],"yoast_head":"<!-- This site is optimized with the Yoast SEO Premium plugin v23.0 (Yoast SEO v27.4) - https:\/\/yoast.com\/product\/yoast-seo-premium-wordpress\/ -->\n<title>Construyeron un invernadero hidrop\u00f3nico con energ\u00eda solar en una escuela<\/title>\n<meta name=\"robots\" content=\"index, follow, max-snippet:-1, max-image-preview:large, max-video-preview:-1\" \/>\n<link rel=\"canonical\" href=\"https:\/\/patagoniambiental.com.ar\/info\/construyeron-un-invernadero-hidroponico-con-energia-solar-en-una-escuela\/\" \/>\n<meta property=\"og:locale\" content=\"es_ES\" \/>\n<meta property=\"og:type\" content=\"article\" \/>\n<meta property=\"og:title\" content=\"Construyeron un invernadero hidrop\u00f3nico con energ\u00eda solar en una escuela\" \/>\n<meta property=\"og:url\" content=\"https:\/\/patagoniambiental.com.ar\/info\/construyeron-un-invernadero-hidroponico-con-energia-solar-en-una-escuela\/\" \/>\n<meta property=\"og:site_name\" content=\"Patagonia Ambiental\" \/>\n<meta property=\"article:publisher\" content=\"https:\/\/www.facebook.com\/patagonia.ambiental\" \/>\n<meta property=\"article:published_time\" content=\"2022-11-16T10:00:00+00:00\" \/>\n<meta property=\"article:modified_time\" content=\"2022-11-16T13:50:17+00:00\" \/>\n<meta property=\"og:image\" content=\"https:\/\/patagoniambiental.com.ar\/info\/wp-content\/uploads\/2022\/11\/index-1.jpeg\" \/>\n\t<meta property=\"og:image:width\" content=\"300\" \/>\n\t<meta property=\"og:image:height\" content=\"168\" \/>\n\t<meta property=\"og:image:type\" content=\"image\/jpeg\" \/>\n<meta name=\"author\" content=\"BRAIAN ESTEVEZ\" \/>\n<meta name=\"twitter:card\" content=\"summary_large_image\" \/>\n<meta name=\"twitter:creator\" content=\"@PatAmb\" \/>\n<meta name=\"twitter:site\" content=\"@PatAmb\" \/>\n<script type=\"application\/ld+json\" class=\"yoast-schema-graph\">{\"@context\":\"https:\\\/\\\/schema.org\",\"@graph\":[{\"@type\":\"Article\",\"@id\":\"https:\\\/\\\/patagoniambiental.com.ar\\\/info\\\/construyeron-un-invernadero-hidroponico-con-energia-solar-en-una-escuela\\\/#article\",\"isPartOf\":{\"@id\":\"https:\\\/\\\/patagoniambiental.com.ar\\\/info\\\/construyeron-un-invernadero-hidroponico-con-energia-solar-en-una-escuela\\\/\"},\"author\":{\"name\":\"BRAIAN ESTEVEZ\",\"@id\":\"https:\\\/\\\/patagoniambiental.com.ar\\\/info\\\/#\\\/schema\\\/person\\\/e5af09d700b2e82cb10c6b8800e0c691\"},\"headline\":\"Construyeron un invernadero hidrop\u00f3nico con energ\u00eda solar en una escuela\",\"datePublished\":\"2022-11-16T10:00:00+00:00\",\"dateModified\":\"2022-11-16T13:50:17+00:00\",\"mainEntityOfPage\":{\"@id\":\"https:\\\/\\\/patagoniambiental.com.ar\\\/info\\\/construyeron-un-invernadero-hidroponico-con-energia-solar-en-una-escuela\\\/\"},\"wordCount\":818,\"commentCount\":0,\"publisher\":{\"@id\":\"https:\\\/\\\/patagoniambiental.com.ar\\\/info\\\/#organization\"},\"image\":{\"@id\":\"https:\\\/\\\/patagoniambiental.com.ar\\\/info\\\/construyeron-un-invernadero-hidroponico-con-energia-solar-en-una-escuela\\\/#primaryimage\"},\"thumbnailUrl\":\"https:\\\/\\\/patagoniambiental.com.ar\\\/info\\\/wp-content\\\/uploads\\\/2022\\\/11\\\/index-1.jpeg\",\"articleSection\":[\"Bolet\u00edn\",\"Neuqu\u00e9n\",\"Noticias\",\"Provinciales\",\"Rotador\"],\"inLanguage\":\"es\",\"potentialAction\":[{\"@type\":\"CommentAction\",\"name\":\"Comment\",\"target\":[\"https:\\\/\\\/patagoniambiental.com.ar\\\/info\\\/construyeron-un-invernadero-hidroponico-con-energia-solar-en-una-escuela\\\/#respond\"]}]},{\"@type\":\"WebPage\",\"@id\":\"https:\\\/\\\/patagoniambiental.com.ar\\\/info\\\/construyeron-un-invernadero-hidroponico-con-energia-solar-en-una-escuela\\\/\",\"url\":\"https:\\\/\\\/patagoniambiental.com.ar\\\/info\\\/construyeron-un-invernadero-hidroponico-con-energia-solar-en-una-escuela\\\/\",\"name\":\"Construyeron un invernadero hidrop\u00f3nico con energ\u00eda solar en una escuela\",\"isPartOf\":{\"@id\":\"https:\\\/\\\/patagoniambiental.com.ar\\\/info\\\/#website\"},\"primaryImageOfPage\":{\"@id\":\"https:\\\/\\\/patagoniambiental.com.ar\\\/info\\\/construyeron-un-invernadero-hidroponico-con-energia-solar-en-una-escuela\\\/#primaryimage\"},\"image\":{\"@id\":\"https:\\\/\\\/patagoniambiental.com.ar\\\/info\\\/construyeron-un-invernadero-hidroponico-con-energia-solar-en-una-escuela\\\/#primaryimage\"},\"thumbnailUrl\":\"https:\\\/\\\/patagoniambiental.com.ar\\\/info\\\/wp-content\\\/uploads\\\/2022\\\/11\\\/index-1.jpeg\",\"datePublished\":\"2022-11-16T10:00:00+00:00\",\"dateModified\":\"2022-11-16T13:50:17+00:00\",\"breadcrumb\":{\"@id\":\"https:\\\/\\\/patagoniambiental.com.ar\\\/info\\\/construyeron-un-invernadero-hidroponico-con-energia-solar-en-una-escuela\\\/#breadcrumb\"},\"inLanguage\":\"es\",\"potentialAction\":[{\"@type\":\"ReadAction\",\"target\":[\"https:\\\/\\\/patagoniambiental.com.ar\\\/info\\\/construyeron-un-invernadero-hidroponico-con-energia-solar-en-una-escuela\\\/\"]}]},{\"@type\":\"ImageObject\",\"inLanguage\":\"es\",\"@id\":\"https:\\\/\\\/patagoniambiental.com.ar\\\/info\\\/construyeron-un-invernadero-hidroponico-con-energia-solar-en-una-escuela\\\/#primaryimage\",\"url\":\"https:\\\/\\\/patagoniambiental.com.ar\\\/info\\\/wp-content\\\/uploads\\\/2022\\\/11\\\/index-1.jpeg\",\"contentUrl\":\"https:\\\/\\\/patagoniambiental.com.ar\\\/info\\\/wp-content\\\/uploads\\\/2022\\\/11\\\/index-1.jpeg\",\"width\":300,\"height\":168},{\"@type\":\"BreadcrumbList\",\"@id\":\"https:\\\/\\\/patagoniambiental.com.ar\\\/info\\\/construyeron-un-invernadero-hidroponico-con-energia-solar-en-una-escuela\\\/#breadcrumb\",\"itemListElement\":[{\"@type\":\"ListItem\",\"position\":1,\"name\":\"Inicio\",\"item\":\"https:\\\/\\\/patagoniambiental.com.ar\\\/info\\\/\"},{\"@type\":\"ListItem\",\"position\":2,\"name\":\"Construyeron un invernadero hidrop\u00f3nico con energ\u00eda solar en una escuela\"}]},{\"@type\":\"WebSite\",\"@id\":\"https:\\\/\\\/patagoniambiental.com.ar\\\/info\\\/#website\",\"url\":\"https:\\\/\\\/patagoniambiental.com.ar\\\/info\\\/\",\"name\":\"Patagonia Ambiental\",\"description\":\"Monitoreo y an\u00e1lisis de la situaci\u00f3n geopol\u00edtica en el mundo y su implicancia en la Patagonia\",\"publisher\":{\"@id\":\"https:\\\/\\\/patagoniambiental.com.ar\\\/info\\\/#organization\"},\"potentialAction\":[{\"@type\":\"SearchAction\",\"target\":{\"@type\":\"EntryPoint\",\"urlTemplate\":\"https:\\\/\\\/patagoniambiental.com.ar\\\/info\\\/?s={search_term_string}\"},\"query-input\":{\"@type\":\"PropertyValueSpecification\",\"valueRequired\":true,\"valueName\":\"search_term_string\"}}],\"inLanguage\":\"es\"},{\"@type\":\"Organization\",\"@id\":\"https:\\\/\\\/patagoniambiental.com.ar\\\/info\\\/#organization\",\"name\":\"Patagonia Ambiental\",\"url\":\"https:\\\/\\\/patagoniambiental.com.ar\\\/info\\\/\",\"logo\":{\"@type\":\"ImageObject\",\"inLanguage\":\"es\",\"@id\":\"https:\\\/\\\/patagoniambiental.com.ar\\\/info\\\/#\\\/schema\\\/logo\\\/image\\\/\",\"url\":\"https:\\\/\\\/patagoniambiental.com.ar\\\/info\\\/wp-content\\\/uploads\\\/2025\\\/05\\\/LOGO-PATAGONIA-AMBIENTAL.png\",\"contentUrl\":\"https:\\\/\\\/patagoniambiental.com.ar\\\/info\\\/wp-content\\\/uploads\\\/2025\\\/05\\\/LOGO-PATAGONIA-AMBIENTAL.png\",\"width\":433,\"height\":250,\"caption\":\"Patagonia Ambiental\"},\"image\":{\"@id\":\"https:\\\/\\\/patagoniambiental.com.ar\\\/info\\\/#\\\/schema\\\/logo\\\/image\\\/\"},\"sameAs\":[\"https:\\\/\\\/www.facebook.com\\\/patagonia.ambiental\",\"https:\\\/\\\/x.com\\\/PatAmb\"]},{\"@type\":\"Person\",\"@id\":\"https:\\\/\\\/patagoniambiental.com.ar\\\/info\\\/#\\\/schema\\\/person\\\/e5af09d700b2e82cb10c6b8800e0c691\",\"name\":\"BRAIAN ESTEVEZ\",\"sameAs\":[\"http:\\\/\\\/www.patagoniambiental.com.ar\"]}]}<\/script>\n<!-- \/ Yoast SEO Premium plugin. -->","yoast_head_json":{"title":"Construyeron un invernadero hidrop\u00f3nico con energ\u00eda solar en una escuela","robots":{"index":"index","follow":"follow","max-snippet":"max-snippet:-1","max-image-preview":"max-image-preview:large","max-video-preview":"max-video-preview:-1"},"canonical":"https:\/\/patagoniambiental.com.ar\/info\/construyeron-un-invernadero-hidroponico-con-energia-solar-en-una-escuela\/","og_locale":"es_ES","og_type":"article","og_title":"Construyeron un invernadero hidrop\u00f3nico con energ\u00eda solar en una escuela","og_url":"https:\/\/patagoniambiental.com.ar\/info\/construyeron-un-invernadero-hidroponico-con-energia-solar-en-una-escuela\/","og_site_name":"Patagonia Ambiental","article_publisher":"https:\/\/www.facebook.com\/patagonia.ambiental","article_published_time":"2022-11-16T10:00:00+00:00","article_modified_time":"2022-11-16T13:50:17+00:00","og_image":[{"width":300,"height":168,"url":"https:\/\/patagoniambiental.com.ar\/info\/wp-content\/uploads\/2022\/11\/index-1.jpeg","type":"image\/jpeg"}],"author":"BRAIAN ESTEVEZ","twitter_card":"summary_large_image","twitter_creator":"@PatAmb","twitter_site":"@PatAmb","schema":{"@context":"https:\/\/schema.org","@graph":[{"@type":"Article","@id":"https:\/\/patagoniambiental.com.ar\/info\/construyeron-un-invernadero-hidroponico-con-energia-solar-en-una-escuela\/#article","isPartOf":{"@id":"https:\/\/patagoniambiental.com.ar\/info\/construyeron-un-invernadero-hidroponico-con-energia-solar-en-una-escuela\/"},"author":{"name":"BRAIAN ESTEVEZ","@id":"https:\/\/patagoniambiental.com.ar\/info\/#\/schema\/person\/e5af09d700b2e82cb10c6b8800e0c691"},"headline":"Construyeron un invernadero hidrop\u00f3nico con energ\u00eda solar en una escuela","datePublished":"2022-11-16T10:00:00+00:00","dateModified":"2022-11-16T13:50:17+00:00","mainEntityOfPage":{"@id":"https:\/\/patagoniambiental.com.ar\/info\/construyeron-un-invernadero-hidroponico-con-energia-solar-en-una-escuela\/"},"wordCount":818,"commentCount":0,"publisher":{"@id":"https:\/\/patagoniambiental.com.ar\/info\/#organization"},"image":{"@id":"https:\/\/patagoniambiental.com.ar\/info\/construyeron-un-invernadero-hidroponico-con-energia-solar-en-una-escuela\/#primaryimage"},"thumbnailUrl":"https:\/\/patagoniambiental.com.ar\/info\/wp-content\/uploads\/2022\/11\/index-1.jpeg","articleSection":["Bolet\u00edn","Neuqu\u00e9n","Noticias","Provinciales","Rotador"],"inLanguage":"es","potentialAction":[{"@type":"CommentAction","name":"Comment","target":["https:\/\/patagoniambiental.com.ar\/info\/construyeron-un-invernadero-hidroponico-con-energia-solar-en-una-escuela\/#respond"]}]},{"@type":"WebPage","@id":"https:\/\/patagoniambiental.com.ar\/info\/construyeron-un-invernadero-hidroponico-con-energia-solar-en-una-escuela\/","url":"https:\/\/patagoniambiental.com.ar\/info\/construyeron-un-invernadero-hidroponico-con-energia-solar-en-una-escuela\/","name":"Construyeron un invernadero hidrop\u00f3nico con energ\u00eda solar en una escuela","isPartOf":{"@id":"https:\/\/patagoniambiental.com.ar\/info\/#website"},"primaryImageOfPage":{"@id":"https:\/\/patagoniambiental.com.ar\/info\/construyeron-un-invernadero-hidroponico-con-energia-solar-en-una-escuela\/#primaryimage"},"image":{"@id":"https:\/\/patagoniambiental.com.ar\/info\/construyeron-un-invernadero-hidroponico-con-energia-solar-en-una-escuela\/#primaryimage"},"thumbnailUrl":"https:\/\/patagoniambiental.com.ar\/info\/wp-content\/uploads\/2022\/11\/index-1.jpeg","datePublished":"2022-11-16T10:00:00+00:00","dateModified":"2022-11-16T13:50:17+00:00","breadcrumb":{"@id":"https:\/\/patagoniambiental.com.ar\/info\/construyeron-un-invernadero-hidroponico-con-energia-solar-en-una-escuela\/#breadcrumb"},"inLanguage":"es","potentialAction":[{"@type":"ReadAction","target":["https:\/\/patagoniambiental.com.ar\/info\/construyeron-un-invernadero-hidroponico-con-energia-solar-en-una-escuela\/"]}]},{"@type":"ImageObject","inLanguage":"es","@id":"https:\/\/patagoniambiental.com.ar\/info\/construyeron-un-invernadero-hidroponico-con-energia-solar-en-una-escuela\/#primaryimage","url":"https:\/\/patagoniambiental.com.ar\/info\/wp-content\/uploads\/2022\/11\/index-1.jpeg","contentUrl":"https:\/\/patagoniambiental.com.ar\/info\/wp-content\/uploads\/2022\/11\/index-1.jpeg","width":300,"height":168},{"@type":"BreadcrumbList","@id":"https:\/\/patagoniambiental.com.ar\/info\/construyeron-un-invernadero-hidroponico-con-energia-solar-en-una-escuela\/#breadcrumb","itemListElement":[{"@type":"ListItem","position":1,"name":"Inicio","item":"https:\/\/patagoniambiental.com.ar\/info\/"},{"@type":"ListItem","position":2,"name":"Construyeron un invernadero hidrop\u00f3nico con energ\u00eda solar en una escuela"}]},{"@type":"WebSite","@id":"https:\/\/patagoniambiental.com.ar\/info\/#website","url":"https:\/\/patagoniambiental.com.ar\/info\/","name":"Patagonia Ambiental","description":"Monitoreo y an\u00e1lisis de la situaci\u00f3n geopol\u00edtica en el mundo y su implicancia en la Patagonia","publisher":{"@id":"https:\/\/patagoniambiental.com.ar\/info\/#organization"},"potentialAction":[{"@type":"SearchAction","target":{"@type":"EntryPoint","urlTemplate":"https:\/\/patagoniambiental.com.ar\/info\/?s={search_term_string}"},"query-input":{"@type":"PropertyValueSpecification","valueRequired":true,"valueName":"search_term_string"}}],"inLanguage":"es"},{"@type":"Organization","@id":"https:\/\/patagoniambiental.com.ar\/info\/#organization","name":"Patagonia Ambiental","url":"https:\/\/patagoniambiental.com.ar\/info\/","logo":{"@type":"ImageObject","inLanguage":"es","@id":"https:\/\/patagoniambiental.com.ar\/info\/#\/schema\/logo\/image\/","url":"https:\/\/patagoniambiental.com.ar\/info\/wp-content\/uploads\/2025\/05\/LOGO-PATAGONIA-AMBIENTAL.png","contentUrl":"https:\/\/patagoniambiental.com.ar\/info\/wp-content\/uploads\/2025\/05\/LOGO-PATAGONIA-AMBIENTAL.png","width":433,"height":250,"caption":"Patagonia Ambiental"},"image":{"@id":"https:\/\/patagoniambiental.com.ar\/info\/#\/schema\/logo\/image\/"},"sameAs":["https:\/\/www.facebook.com\/patagonia.ambiental","https:\/\/x.com\/PatAmb"]},{"@type":"Person","@id":"https:\/\/patagoniambiental.com.ar\/info\/#\/schema\/person\/e5af09d700b2e82cb10c6b8800e0c691","name":"BRAIAN ESTEVEZ","sameAs":["http:\/\/www.patagoniambiental.com.ar"]}]}},"_links":{"self":[{"href":"https:\/\/patagoniambiental.com.ar\/info\/wp-json\/wp\/v2\/posts\/76549","targetHints":{"allow":["GET"]}}],"collection":[{"href":"https:\/\/patagoniambiental.com.ar\/info\/wp-json\/wp\/v2\/posts"}],"about":[{"href":"https:\/\/patagoniambiental.com.ar\/info\/wp-json\/wp\/v2\/types\/post"}],"author":[{"embeddable":true,"href":"https:\/\/patagoniambiental.com.ar\/info\/wp-json\/wp\/v2\/users\/6"}],"replies":[{"embeddable":true,"href":"https:\/\/patagoniambiental.com.ar\/info\/wp-json\/wp\/v2\/comments?post=76549"}],"version-history":[{"count":0,"href":"https:\/\/patagoniambiental.com.ar\/info\/wp-json\/wp\/v2\/posts\/76549\/revisions"}],"wp:featuredmedia":[{"embeddable":true,"href":"https:\/\/patagoniambiental.com.ar\/info\/wp-json\/wp\/v2\/media\/76550"}],"wp:attachment":[{"href":"https:\/\/patagoniambiental.com.ar\/info\/wp-json\/wp\/v2\/media?parent=76549"}],"wp:term":[{"taxonomy":"category","embeddable":true,"href":"https:\/\/patagoniambiental.com.ar\/info\/wp-json\/wp\/v2\/categories?post=76549"},{"taxonomy":"post_tag","embeddable":true,"href":"https:\/\/patagoniambiental.com.ar\/info\/wp-json\/wp\/v2\/tags?post=76549"}],"curies":[{"name":"wp","href":"https:\/\/api.w.org\/{rel}","templated":true}]}}