{"id":76567,"date":"2022-11-20T07:00:00","date_gmt":"2022-11-20T10:00:00","guid":{"rendered":"http:\/\/patagoniambiental.com.ar\/info\/?p=76567"},"modified":"2022-11-22T11:33:50","modified_gmt":"2022-11-22T14:33:50","slug":"real-betis-firmo-alianza-con-fundacion-reforestemos","status":"publish","type":"post","link":"https:\/\/patagoniambiental.com.ar\/info\/real-betis-firmo-alianza-con-fundacion-reforestemos\/","title":{"rendered":"Real Betis firm\u00f3 alianza con Fundaci\u00f3n Reforestemos"},"content":{"rendered":"\n<!--more-->\n\n\n\n<p>Forever Green, la plataforma de sostenibilidad del club Real Betis, uno de los equipos de f\u00fatbol m\u00e1s sustentables del planeta, suma a Chile a su programa en la lucha contra el cambio clim\u00e1tico. La iniciativa, que ya se expande en 75 pa\u00edses, escogi\u00f3 a Fundaci\u00f3n Reforestemos, como aliado para llevar a cabo su proyecto en el pa\u00eds.<\/p>\n\n\n\n<p>En las instalaciones del Club Deportivo Universidad Cat\u00f3lica, lugar donde se llevaron a cabo los entrenamientos del equipo espa\u00f1ol en Santiago, se dio inicio a esta alianza. El proyecto consiste en crear un bosque \u201cForever Green by Real Betis\u201d en Patagonia, donde converja la colaboraci\u00f3n de todos sus hinchas, jugadores y ciudadan\u00eda en general. As\u00ed, el equipo espa\u00f1ol y Reforestemos invitan a la ciudadan\u00eda a seguir promoviendo la reforestaci\u00f3n nativa como principal acci\u00f3n en la lucha contra el cambio clim\u00e1tico.<\/p>\n\n\n\n<p>\u201cEste tipo de alianzas, como lo que hoy se da junto al Real Betis y con el apoyo del Club Universidad Cat\u00f3lica, son claves para continuar con nuestra misi\u00f3n de restaurar los bosques nativos. Es de vital importancia que nos unamos entre diversas disciplinas y liderazgos. Creemos que el hecho de unir un deporte tan importante como el f\u00fatbol con una causa medio ambiental es un gran acierto, ya que aparte de reforestar nos ayudan a amplificar esta relevante causa. Como Fundaci\u00f3n creemos que la lucha contra el cambio clim\u00e1tico es una tarea transversal a todos los actores de la sociedad tanto a nivel local como global, ya que el compromiso de todos ser\u00e1 la \u00fanica manera de revertir parte del da\u00f1o causado\u201d, dice Suzanne Wylie, Directora Ejecutiva de Reforestemos.<\/p>\n\n\n\n<p>En el marco de su gira internacional y los amistosos que disput\u00f3 en el pa\u00eds, el club dirigido por el chileno Manuel Pellegrini, dio el puntapi\u00e9 inicial a esta alianza, que va en apoyo a la reforestaci\u00f3n nativa como principal acci\u00f3n en la lucha contra el cambio clim\u00e1tico. El bosque \u201cForever Green by Real Betis\u201d, alojado en el sitio reforestemos.org, sumar\u00e1 \u00e1rboles nativos con el apoyo de personas de Chile y el mundo, donde cualquier persona puede personalizar su \u00e1rbol y ver las coordenadas exactas donde estar\u00e1 plantado. Los primeros \u00e1rboles ser\u00e1n plantados por los jugadores del equipo.<\/p>\n\n\n\n<p>Adicionalmente, como parte del compromiso del club con el medio ambiente y la toma de medidas concretas de mitigaci\u00f3n, Real Betis compensar\u00e1 la huella de carbono de su gira por Argentina y Chile a trav\u00e9s de la plantaci\u00f3n de \u00e1rboles nativos con Fundaci\u00f3n Reforestemos.<\/p>\n\n\n\n<figure class=\"wp-block-image\"><img decoding=\"async\" src=\"https:\/\/g5noticias.cl\/wp-content\/uploads\/2022\/11\/WhatsApp-Image-2022-11-18-at-12.33.30-300x225.jpeg.webp\" alt=\"\" class=\"wp-image-333588\"\/><\/figure>\n\n\n\n<p>\u201cPara el Real Betis estar en Chile es un honor, el recibimiento que hemos tenido ha sido incre\u00edble. Desde el club sabemos que tenemos una gran afici\u00f3n b\u00e9tica en el pa\u00eds y nuestro jugador Claudio Bravo y nuestro entrenador Manuel Pellegrini son muy queridos por los chilenos. A trav\u00e9s de nuestro programa Forever Green buscamos aportar en lo que podamos a mejorar la tierra en la que vivimos. Creemos que esta acci\u00f3n con Reforestemos es una de las muchas formas que podemos devolver a Chile el cari\u00f1o que nos dan. Agradecer a Cat\u00f3lica su hospitalidad y esperamos pr\u00f3ximamente estar realizando acciones similares con los grandes clubes del pa\u00eds. Invitamos a todos nuestros fans y los chilenos amantes al futbol a sumarse esta causa, toda ayuda por peque\u00f1a que sea nos ayudara a todos\u201d dice Ram\u00f3n Alarc\u00f3n, director general del Real Betis.<\/p>\n\n\n\n<figure class=\"wp-block-image\"><img decoding=\"async\" src=\"https:\/\/g5noticias.cl\/wp-content\/uploads\/2022\/11\/Imagen-4-225x300.jpeg.webp\" alt=\"\" class=\"wp-image-333586\"\/><\/figure>\n\n\n\n<figure class=\"wp-block-image\"><img decoding=\"async\" src=\"https:\/\/g5noticias.cl\/wp-content\/uploads\/2022\/11\/Imagen1-225x300.jpeg\" alt=\"\" class=\"wp-image-333587\"\/><\/figure>\n\n\n\n<p>El anuncio de esta alianza se materializ\u00f3 en las dependencias Cruzados, realizando una plantaci\u00f3n simb\u00f3lica de los primeros \u00e1rboles entre los representantes de cada organizaci\u00f3n, donde participaron el director general del Real Betis Balompi\u00e9, Ram\u00f3n Alarc\u00f3n, los jugadores del club espa\u00f1ol Joaqu\u00edn Sanchez y el exjugador del conjunto espa\u00f1ol Alexis Trujillo, la Directora ejecutiva de Fundaci\u00f3n Reforestemos, Suzanne Wylie y Juan Tagle, presidente de Cruzados, quienes han iniciado el proceso de remodelaci\u00f3n de su nuevo estadio en el Complejo San Carlos de Apoquindo, recinto deportivo que cuenta con un plan sustentable apoyado por CMPC.<\/p>\n\n\n\n<p>\u201cNos pone muy contentos como instituci\u00f3n recibir a la Fundaci\u00f3n Reforestemos y a nuestros amigos del Real Betis para esta iniciativa que tendr\u00e1 su punto de origen hoy en nuestro Complejo F\u00fatbol. Forever Green es una excelente idea que sintoniza con los principios de sustentabilidad a los que adhiere Cruzados con un compromiso diario que abarca desde el manejo responsable de residuos hasta planes de reforestaci\u00f3n impulsados junto a nuestro sponsor CMPC quienes tambi\u00e9n tendr\u00e1n un rol important\u00edsimos en la construcci\u00f3n de nuestro nuevo estadio. El planeta requiere de una concientizaci\u00f3n permanente en estos temas y estos conceptos los tenemos plenamente internalizados en nuestra instituci\u00f3n\u201d, se\u00f1al\u00f3 Juan Tagle, presidente de Cruzados.<\/p>\n\n\n\n<p>De esta manera, Real Betis y Fundaci\u00f3n Reforestemos, junto al apoyo de Cruzados, realizan una invitaci\u00f3n abierta a la ciudadan\u00eda, a los seguidores del f\u00fatbol, futbolistas y clubes nacionales, tal como lo ha hecho en esta ocasi\u00f3n Universidad Cat\u00f3lica, a sumarse a esta iniciativa global plantando un \u00e1rbol en el bosque virtual \u201cForever Green by Real Betis\u201d.<\/p>\n\n\n\n<p>As\u00ed, la lucha contra la desertificaci\u00f3n y la crisis clim\u00e1tica ser\u00e1 una vez m\u00e1s una cruzada sin fronteras, sin l\u00edmites, donde nos unimos para crear un nuevo pulm\u00f3n verde en un \u00e1rea silvestre protegida de la Patagonia chilena.<\/p>\n\n\n\n<p>SOBRE FUNDACI\u00d3N REFORESTEMOS<br>Nace en 2011 con el nombre \u201cReforestemos Patagonia\u201d, con el objetivo de gestionar acciones del mundo p\u00fablico y privado, para la recuperaci\u00f3n ecol\u00f3gica tras el \u00faltimo gran incendio en el Parque Nacional Torres del Paine. M\u00e1s tarde, a ra\u00edz de los catastr\u00f3ficos incendios forestales del a\u00f1o 2017, cambi\u00f3 el nombre a \u201cFundaci\u00f3n Reforestemos\u201d, ya que se propusieron la gran tarea de restaurar otras zonas da\u00f1adas del pa\u00eds. A sus 10 a\u00f1os, han plantado m\u00e1s de 1 mill\u00f3n de \u00e1rboles nativos y extendido su labor a once regiones de Chile y 3 pa\u00edses, implementando un plan de trabajo integral, en el que la reforestaci\u00f3n es parte de un ciclo que se inicia por medio de la educaci\u00f3n ambiental, seguido de la protecci\u00f3n de \u00e1reas de alto valor ecol\u00f3gico, la prevenci\u00f3n de incendios forestales, la germinaci\u00f3n de nuevas especies y finalmente la plantaci\u00f3n de nuevos \u00e1rboles nativos.<\/p>\n\n\n\n<p>Fuente: https:\/\/g5noticias.cl\/2022\/11\/20\/real-betis-firmo-alianza-con-fundacion-reforestemos\/<\/p>\n","protected":false},"excerpt":{"rendered":"","protected":false},"author":6,"featured_media":76568,"comment_status":"open","ping_status":"open","sticky":false,"template":"","format":"standard","meta":{"site-sidebar-layout":"default","site-content-layout":"","ast-site-content-layout":"default","site-content-style":"default","site-sidebar-style":"default","ast-global-header-display":"","ast-banner-title-visibility":"","ast-main-header-display":"","ast-hfb-above-header-display":"","ast-hfb-below-header-display":"","ast-hfb-mobile-header-display":"","site-post-title":"","ast-breadcrumbs-content":"","ast-featured-img":"","footer-sml-layout":"","ast-disable-related-posts":"","theme-transparent-header-meta":"","adv-header-id-meta":"","stick-header-meta":"","header-above-stick-meta":"","header-main-stick-meta":"","header-below-stick-meta":"","astra-migrate-meta-layouts":"default","ast-page-background-enabled":"default","ast-page-background-meta":{"desktop":{"background-color":"var(--ast-global-color-5)","background-image":"","background-repeat":"repeat","background-position":"center center","background-size":"auto","background-attachment":"scroll","background-type":"","background-media":"","overlay-type":"","overlay-color":"","overlay-opacity":"","overlay-gradient":""},"tablet":{"background-color":"","background-image":"","background-repeat":"repeat","background-position":"center center","background-size":"auto","background-attachment":"scroll","background-type":"","background-media":"","overlay-type":"","overlay-color":"","overlay-opacity":"","overlay-gradient":""},"mobile":{"background-color":"","background-image":"","background-repeat":"repeat","background-position":"center center","background-size":"auto","background-attachment":"scroll","background-type":"","background-media":"","overlay-type":"","overlay-color":"","overlay-opacity":"","overlay-gradient":""}},"ast-content-background-meta":{"desktop":{"background-color":"var(--ast-global-color-4)","background-image":"","background-repeat":"repeat","background-position":"center center","background-size":"auto","background-attachment":"scroll","background-type":"","background-media":"","overlay-type":"","overlay-color":"","overlay-opacity":"","overlay-gradient":""},"tablet":{"background-color":"var(--ast-global-color-4)","background-image":"","background-repeat":"repeat","background-position":"center center","background-size":"auto","background-attachment":"scroll","background-type":"","background-media":"","overlay-type":"","overlay-color":"","overlay-opacity":"","overlay-gradient":""},"mobile":{"background-color":"var(--ast-global-color-4)","background-image":"","background-repeat":"repeat","background-position":"center center","background-size":"auto","background-attachment":"scroll","background-type":"","background-media":"","overlay-type":"","overlay-color":"","overlay-opacity":"","overlay-gradient":""}},"footnotes":""},"categories":[11,1,10],"tags":[],"class_list":["post-76567","post","type-post","status-publish","format-standard","has-post-thumbnail","hentry","category-boletin","category-noticias","category-rotador"],"yoast_head":"<!-- This site is optimized with the Yoast SEO Premium plugin v23.0 (Yoast SEO v27.4) - https:\/\/yoast.com\/product\/yoast-seo-premium-wordpress\/ -->\n<title>Real Betis firm\u00f3 alianza con Fundaci\u00f3n Reforestemos<\/title>\n<meta name=\"robots\" content=\"index, follow, max-snippet:-1, max-image-preview:large, max-video-preview:-1\" \/>\n<link rel=\"canonical\" href=\"https:\/\/patagoniambiental.com.ar\/info\/real-betis-firmo-alianza-con-fundacion-reforestemos\/\" \/>\n<meta property=\"og:locale\" content=\"es_ES\" \/>\n<meta property=\"og:type\" content=\"article\" \/>\n<meta property=\"og:title\" content=\"Real Betis firm\u00f3 alianza con Fundaci\u00f3n Reforestemos\" \/>\n<meta property=\"og:url\" content=\"https:\/\/patagoniambiental.com.ar\/info\/real-betis-firmo-alianza-con-fundacion-reforestemos\/\" \/>\n<meta property=\"og:site_name\" content=\"Patagonia Ambiental\" \/>\n<meta property=\"article:publisher\" content=\"https:\/\/www.facebook.com\/patagonia.ambiental\" \/>\n<meta property=\"article:published_time\" content=\"2022-11-20T10:00:00+00:00\" \/>\n<meta property=\"article:modified_time\" content=\"2022-11-22T14:33:50+00:00\" \/>\n<meta property=\"og:image\" content=\"https:\/\/patagoniambiental.com.ar\/info\/wp-content\/uploads\/2022\/11\/index-3.jpeg\" \/>\n\t<meta property=\"og:image:width\" content=\"311\" \/>\n\t<meta property=\"og:image:height\" content=\"162\" \/>\n\t<meta property=\"og:image:type\" content=\"image\/jpeg\" \/>\n<meta name=\"author\" content=\"BRAIAN ESTEVEZ\" \/>\n<meta name=\"twitter:card\" content=\"summary_large_image\" \/>\n<meta name=\"twitter:creator\" content=\"@PatAmb\" \/>\n<meta name=\"twitter:site\" content=\"@PatAmb\" \/>\n<script type=\"application\/ld+json\" class=\"yoast-schema-graph\">{\"@context\":\"https:\\\/\\\/schema.org\",\"@graph\":[{\"@type\":\"Article\",\"@id\":\"https:\\\/\\\/patagoniambiental.com.ar\\\/info\\\/real-betis-firmo-alianza-con-fundacion-reforestemos\\\/#article\",\"isPartOf\":{\"@id\":\"https:\\\/\\\/patagoniambiental.com.ar\\\/info\\\/real-betis-firmo-alianza-con-fundacion-reforestemos\\\/\"},\"author\":{\"name\":\"BRAIAN ESTEVEZ\",\"@id\":\"https:\\\/\\\/patagoniambiental.com.ar\\\/info\\\/#\\\/schema\\\/person\\\/e5af09d700b2e82cb10c6b8800e0c691\"},\"headline\":\"Real Betis firm\u00f3 alianza con Fundaci\u00f3n Reforestemos\",\"datePublished\":\"2022-11-20T10:00:00+00:00\",\"dateModified\":\"2022-11-22T14:33:50+00:00\",\"mainEntityOfPage\":{\"@id\":\"https:\\\/\\\/patagoniambiental.com.ar\\\/info\\\/real-betis-firmo-alianza-con-fundacion-reforestemos\\\/\"},\"wordCount\":1103,\"commentCount\":0,\"publisher\":{\"@id\":\"https:\\\/\\\/patagoniambiental.com.ar\\\/info\\\/#organization\"},\"image\":{\"@id\":\"https:\\\/\\\/patagoniambiental.com.ar\\\/info\\\/real-betis-firmo-alianza-con-fundacion-reforestemos\\\/#primaryimage\"},\"thumbnailUrl\":\"https:\\\/\\\/patagoniambiental.com.ar\\\/info\\\/wp-content\\\/uploads\\\/2022\\\/11\\\/index-3.jpeg\",\"articleSection\":[\"Bolet\u00edn\",\"Noticias\",\"Rotador\"],\"inLanguage\":\"es\",\"potentialAction\":[{\"@type\":\"CommentAction\",\"name\":\"Comment\",\"target\":[\"https:\\\/\\\/patagoniambiental.com.ar\\\/info\\\/real-betis-firmo-alianza-con-fundacion-reforestemos\\\/#respond\"]}]},{\"@type\":\"WebPage\",\"@id\":\"https:\\\/\\\/patagoniambiental.com.ar\\\/info\\\/real-betis-firmo-alianza-con-fundacion-reforestemos\\\/\",\"url\":\"https:\\\/\\\/patagoniambiental.com.ar\\\/info\\\/real-betis-firmo-alianza-con-fundacion-reforestemos\\\/\",\"name\":\"Real Betis firm\u00f3 alianza con Fundaci\u00f3n Reforestemos\",\"isPartOf\":{\"@id\":\"https:\\\/\\\/patagoniambiental.com.ar\\\/info\\\/#website\"},\"primaryImageOfPage\":{\"@id\":\"https:\\\/\\\/patagoniambiental.com.ar\\\/info\\\/real-betis-firmo-alianza-con-fundacion-reforestemos\\\/#primaryimage\"},\"image\":{\"@id\":\"https:\\\/\\\/patagoniambiental.com.ar\\\/info\\\/real-betis-firmo-alianza-con-fundacion-reforestemos\\\/#primaryimage\"},\"thumbnailUrl\":\"https:\\\/\\\/patagoniambiental.com.ar\\\/info\\\/wp-content\\\/uploads\\\/2022\\\/11\\\/index-3.jpeg\",\"datePublished\":\"2022-11-20T10:00:00+00:00\",\"dateModified\":\"2022-11-22T14:33:50+00:00\",\"breadcrumb\":{\"@id\":\"https:\\\/\\\/patagoniambiental.com.ar\\\/info\\\/real-betis-firmo-alianza-con-fundacion-reforestemos\\\/#breadcrumb\"},\"inLanguage\":\"es\",\"potentialAction\":[{\"@type\":\"ReadAction\",\"target\":[\"https:\\\/\\\/patagoniambiental.com.ar\\\/info\\\/real-betis-firmo-alianza-con-fundacion-reforestemos\\\/\"]}]},{\"@type\":\"ImageObject\",\"inLanguage\":\"es\",\"@id\":\"https:\\\/\\\/patagoniambiental.com.ar\\\/info\\\/real-betis-firmo-alianza-con-fundacion-reforestemos\\\/#primaryimage\",\"url\":\"https:\\\/\\\/patagoniambiental.com.ar\\\/info\\\/wp-content\\\/uploads\\\/2022\\\/11\\\/index-3.jpeg\",\"contentUrl\":\"https:\\\/\\\/patagoniambiental.com.ar\\\/info\\\/wp-content\\\/uploads\\\/2022\\\/11\\\/index-3.jpeg\",\"width\":311,\"height\":162},{\"@type\":\"BreadcrumbList\",\"@id\":\"https:\\\/\\\/patagoniambiental.com.ar\\\/info\\\/real-betis-firmo-alianza-con-fundacion-reforestemos\\\/#breadcrumb\",\"itemListElement\":[{\"@type\":\"ListItem\",\"position\":1,\"name\":\"Inicio\",\"item\":\"https:\\\/\\\/patagoniambiental.com.ar\\\/info\\\/\"},{\"@type\":\"ListItem\",\"position\":2,\"name\":\"Real Betis firm\u00f3 alianza con Fundaci\u00f3n Reforestemos\"}]},{\"@type\":\"WebSite\",\"@id\":\"https:\\\/\\\/patagoniambiental.com.ar\\\/info\\\/#website\",\"url\":\"https:\\\/\\\/patagoniambiental.com.ar\\\/info\\\/\",\"name\":\"Patagonia Ambiental\",\"description\":\"Monitoreo y an\u00e1lisis de la situaci\u00f3n geopol\u00edtica en el mundo y su implicancia en la Patagonia\",\"publisher\":{\"@id\":\"https:\\\/\\\/patagoniambiental.com.ar\\\/info\\\/#organization\"},\"potentialAction\":[{\"@type\":\"SearchAction\",\"target\":{\"@type\":\"EntryPoint\",\"urlTemplate\":\"https:\\\/\\\/patagoniambiental.com.ar\\\/info\\\/?s={search_term_string}\"},\"query-input\":{\"@type\":\"PropertyValueSpecification\",\"valueRequired\":true,\"valueName\":\"search_term_string\"}}],\"inLanguage\":\"es\"},{\"@type\":\"Organization\",\"@id\":\"https:\\\/\\\/patagoniambiental.com.ar\\\/info\\\/#organization\",\"name\":\"Patagonia Ambiental\",\"url\":\"https:\\\/\\\/patagoniambiental.com.ar\\\/info\\\/\",\"logo\":{\"@type\":\"ImageObject\",\"inLanguage\":\"es\",\"@id\":\"https:\\\/\\\/patagoniambiental.com.ar\\\/info\\\/#\\\/schema\\\/logo\\\/image\\\/\",\"url\":\"https:\\\/\\\/patagoniambiental.com.ar\\\/info\\\/wp-content\\\/uploads\\\/2025\\\/05\\\/LOGO-PATAGONIA-AMBIENTAL.png\",\"contentUrl\":\"https:\\\/\\\/patagoniambiental.com.ar\\\/info\\\/wp-content\\\/uploads\\\/2025\\\/05\\\/LOGO-PATAGONIA-AMBIENTAL.png\",\"width\":433,\"height\":250,\"caption\":\"Patagonia Ambiental\"},\"image\":{\"@id\":\"https:\\\/\\\/patagoniambiental.com.ar\\\/info\\\/#\\\/schema\\\/logo\\\/image\\\/\"},\"sameAs\":[\"https:\\\/\\\/www.facebook.com\\\/patagonia.ambiental\",\"https:\\\/\\\/x.com\\\/PatAmb\"]},{\"@type\":\"Person\",\"@id\":\"https:\\\/\\\/patagoniambiental.com.ar\\\/info\\\/#\\\/schema\\\/person\\\/e5af09d700b2e82cb10c6b8800e0c691\",\"name\":\"BRAIAN ESTEVEZ\",\"sameAs\":[\"http:\\\/\\\/www.patagoniambiental.com.ar\"]}]}<\/script>\n<!-- \/ Yoast SEO Premium plugin. -->","yoast_head_json":{"title":"Real Betis firm\u00f3 alianza con Fundaci\u00f3n Reforestemos","robots":{"index":"index","follow":"follow","max-snippet":"max-snippet:-1","max-image-preview":"max-image-preview:large","max-video-preview":"max-video-preview:-1"},"canonical":"https:\/\/patagoniambiental.com.ar\/info\/real-betis-firmo-alianza-con-fundacion-reforestemos\/","og_locale":"es_ES","og_type":"article","og_title":"Real Betis firm\u00f3 alianza con Fundaci\u00f3n Reforestemos","og_url":"https:\/\/patagoniambiental.com.ar\/info\/real-betis-firmo-alianza-con-fundacion-reforestemos\/","og_site_name":"Patagonia Ambiental","article_publisher":"https:\/\/www.facebook.com\/patagonia.ambiental","article_published_time":"2022-11-20T10:00:00+00:00","article_modified_time":"2022-11-22T14:33:50+00:00","og_image":[{"width":311,"height":162,"url":"https:\/\/patagoniambiental.com.ar\/info\/wp-content\/uploads\/2022\/11\/index-3.jpeg","type":"image\/jpeg"}],"author":"BRAIAN ESTEVEZ","twitter_card":"summary_large_image","twitter_creator":"@PatAmb","twitter_site":"@PatAmb","schema":{"@context":"https:\/\/schema.org","@graph":[{"@type":"Article","@id":"https:\/\/patagoniambiental.com.ar\/info\/real-betis-firmo-alianza-con-fundacion-reforestemos\/#article","isPartOf":{"@id":"https:\/\/patagoniambiental.com.ar\/info\/real-betis-firmo-alianza-con-fundacion-reforestemos\/"},"author":{"name":"BRAIAN ESTEVEZ","@id":"https:\/\/patagoniambiental.com.ar\/info\/#\/schema\/person\/e5af09d700b2e82cb10c6b8800e0c691"},"headline":"Real Betis firm\u00f3 alianza con Fundaci\u00f3n Reforestemos","datePublished":"2022-11-20T10:00:00+00:00","dateModified":"2022-11-22T14:33:50+00:00","mainEntityOfPage":{"@id":"https:\/\/patagoniambiental.com.ar\/info\/real-betis-firmo-alianza-con-fundacion-reforestemos\/"},"wordCount":1103,"commentCount":0,"publisher":{"@id":"https:\/\/patagoniambiental.com.ar\/info\/#organization"},"image":{"@id":"https:\/\/patagoniambiental.com.ar\/info\/real-betis-firmo-alianza-con-fundacion-reforestemos\/#primaryimage"},"thumbnailUrl":"https:\/\/patagoniambiental.com.ar\/info\/wp-content\/uploads\/2022\/11\/index-3.jpeg","articleSection":["Bolet\u00edn","Noticias","Rotador"],"inLanguage":"es","potentialAction":[{"@type":"CommentAction","name":"Comment","target":["https:\/\/patagoniambiental.com.ar\/info\/real-betis-firmo-alianza-con-fundacion-reforestemos\/#respond"]}]},{"@type":"WebPage","@id":"https:\/\/patagoniambiental.com.ar\/info\/real-betis-firmo-alianza-con-fundacion-reforestemos\/","url":"https:\/\/patagoniambiental.com.ar\/info\/real-betis-firmo-alianza-con-fundacion-reforestemos\/","name":"Real Betis firm\u00f3 alianza con Fundaci\u00f3n Reforestemos","isPartOf":{"@id":"https:\/\/patagoniambiental.com.ar\/info\/#website"},"primaryImageOfPage":{"@id":"https:\/\/patagoniambiental.com.ar\/info\/real-betis-firmo-alianza-con-fundacion-reforestemos\/#primaryimage"},"image":{"@id":"https:\/\/patagoniambiental.com.ar\/info\/real-betis-firmo-alianza-con-fundacion-reforestemos\/#primaryimage"},"thumbnailUrl":"https:\/\/patagoniambiental.com.ar\/info\/wp-content\/uploads\/2022\/11\/index-3.jpeg","datePublished":"2022-11-20T10:00:00+00:00","dateModified":"2022-11-22T14:33:50+00:00","breadcrumb":{"@id":"https:\/\/patagoniambiental.com.ar\/info\/real-betis-firmo-alianza-con-fundacion-reforestemos\/#breadcrumb"},"inLanguage":"es","potentialAction":[{"@type":"ReadAction","target":["https:\/\/patagoniambiental.com.ar\/info\/real-betis-firmo-alianza-con-fundacion-reforestemos\/"]}]},{"@type":"ImageObject","inLanguage":"es","@id":"https:\/\/patagoniambiental.com.ar\/info\/real-betis-firmo-alianza-con-fundacion-reforestemos\/#primaryimage","url":"https:\/\/patagoniambiental.com.ar\/info\/wp-content\/uploads\/2022\/11\/index-3.jpeg","contentUrl":"https:\/\/patagoniambiental.com.ar\/info\/wp-content\/uploads\/2022\/11\/index-3.jpeg","width":311,"height":162},{"@type":"BreadcrumbList","@id":"https:\/\/patagoniambiental.com.ar\/info\/real-betis-firmo-alianza-con-fundacion-reforestemos\/#breadcrumb","itemListElement":[{"@type":"ListItem","position":1,"name":"Inicio","item":"https:\/\/patagoniambiental.com.ar\/info\/"},{"@type":"ListItem","position":2,"name":"Real Betis firm\u00f3 alianza con Fundaci\u00f3n Reforestemos"}]},{"@type":"WebSite","@id":"https:\/\/patagoniambiental.com.ar\/info\/#website","url":"https:\/\/patagoniambiental.com.ar\/info\/","name":"Patagonia Ambiental","description":"Monitoreo y an\u00e1lisis de la situaci\u00f3n geopol\u00edtica en el mundo y su implicancia en la Patagonia","publisher":{"@id":"https:\/\/patagoniambiental.com.ar\/info\/#organization"},"potentialAction":[{"@type":"SearchAction","target":{"@type":"EntryPoint","urlTemplate":"https:\/\/patagoniambiental.com.ar\/info\/?s={search_term_string}"},"query-input":{"@type":"PropertyValueSpecification","valueRequired":true,"valueName":"search_term_string"}}],"inLanguage":"es"},{"@type":"Organization","@id":"https:\/\/patagoniambiental.com.ar\/info\/#organization","name":"Patagonia Ambiental","url":"https:\/\/patagoniambiental.com.ar\/info\/","logo":{"@type":"ImageObject","inLanguage":"es","@id":"https:\/\/patagoniambiental.com.ar\/info\/#\/schema\/logo\/image\/","url":"https:\/\/patagoniambiental.com.ar\/info\/wp-content\/uploads\/2025\/05\/LOGO-PATAGONIA-AMBIENTAL.png","contentUrl":"https:\/\/patagoniambiental.com.ar\/info\/wp-content\/uploads\/2025\/05\/LOGO-PATAGONIA-AMBIENTAL.png","width":433,"height":250,"caption":"Patagonia Ambiental"},"image":{"@id":"https:\/\/patagoniambiental.com.ar\/info\/#\/schema\/logo\/image\/"},"sameAs":["https:\/\/www.facebook.com\/patagonia.ambiental","https:\/\/x.com\/PatAmb"]},{"@type":"Person","@id":"https:\/\/patagoniambiental.com.ar\/info\/#\/schema\/person\/e5af09d700b2e82cb10c6b8800e0c691","name":"BRAIAN ESTEVEZ","sameAs":["http:\/\/www.patagoniambiental.com.ar"]}]}},"_links":{"self":[{"href":"https:\/\/patagoniambiental.com.ar\/info\/wp-json\/wp\/v2\/posts\/76567","targetHints":{"allow":["GET"]}}],"collection":[{"href":"https:\/\/patagoniambiental.com.ar\/info\/wp-json\/wp\/v2\/posts"}],"about":[{"href":"https:\/\/patagoniambiental.com.ar\/info\/wp-json\/wp\/v2\/types\/post"}],"author":[{"embeddable":true,"href":"https:\/\/patagoniambiental.com.ar\/info\/wp-json\/wp\/v2\/users\/6"}],"replies":[{"embeddable":true,"href":"https:\/\/patagoniambiental.com.ar\/info\/wp-json\/wp\/v2\/comments?post=76567"}],"version-history":[{"count":0,"href":"https:\/\/patagoniambiental.com.ar\/info\/wp-json\/wp\/v2\/posts\/76567\/revisions"}],"wp:featuredmedia":[{"embeddable":true,"href":"https:\/\/patagoniambiental.com.ar\/info\/wp-json\/wp\/v2\/media\/76568"}],"wp:attachment":[{"href":"https:\/\/patagoniambiental.com.ar\/info\/wp-json\/wp\/v2\/media?parent=76567"}],"wp:term":[{"taxonomy":"category","embeddable":true,"href":"https:\/\/patagoniambiental.com.ar\/info\/wp-json\/wp\/v2\/categories?post=76567"},{"taxonomy":"post_tag","embeddable":true,"href":"https:\/\/patagoniambiental.com.ar\/info\/wp-json\/wp\/v2\/tags?post=76567"}],"curies":[{"name":"wp","href":"https:\/\/api.w.org\/{rel}","templated":true}]}}