{"id":76574,"date":"2022-11-23T19:00:00","date_gmt":"2022-11-23T22:00:00","guid":{"rendered":"http:\/\/patagoniambiental.com.ar\/info\/?p=76574"},"modified":"2025-05-13T00:49:12","modified_gmt":"2025-05-13T03:49:12","slug":"avance-del-57-en-las-obras-hidraulicas-de-la-ruta-83-en-el-manso","status":"publish","type":"post","link":"https:\/\/patagoniambiental.com.ar\/info\/avance-del-57-en-las-obras-hidraulicas-de-la-ruta-83-en-el-manso\/","title":{"rendered":"Avanza la infraestructura hidraulica en El Manso"},"content":{"rendered":"\n<!--more-->\n\n\n\n<p>El Manso, Rio Negro, 23 de noviembre de 2022. <em>\u00bfC\u00f3mo impacta una obra hidr\u00e1ulica en la vida cotidiana de una comunidad rural? \u00bfPor qu\u00e9 es crucial adaptar la infraestructura a fen\u00f3menos clim\u00e1ticos cada vez m\u00e1s frecuentes? El avance del 57% en las obras hidr\u00e1ulicas de la Ruta Provincial 83, en la zona de El Manso, no solo representa un progreso t\u00e9cnico, sino una mejora directa en la calidad de vida y la seguridad de los habitantes de esta regi\u00f3n patag\u00f3nica.<\/em><\/p>\n\n\n\n<p>La Ruta Provincial 83, ubicada en el paraje El Manso, en la provincia de R\u00edo Negro, es mucho m\u00e1s que un camino rural. Su traza conecta la Ruta Nacional 40 con el Paso Internacional R\u00edo Manso, en el l\u00edmite con Chile, constituy\u00e9ndose en un corredor fundamental para el turismo, el comercio regional y la movilidad de los vecinos. Sin embargo, esta v\u00eda ha enfrentado hist\u00f3ricamente serias dificultades por los desbordes del r\u00edo Foyel, que interrumpen la circulaci\u00f3n durante crecidas o eventos clim\u00e1ticos extremos.<\/p>\n\n\n\n<p>En ese contexto, el Gobierno de R\u00edo Negro, a trav\u00e9s de la Direcci\u00f3n de Vialidad Rionegrina, ejecuta dos obras hidr\u00e1ulicas claves sobre esta ruta. El objetivo principal: garantizar una circulaci\u00f3n segura, constante y previsible durante todo el a\u00f1o.<\/p>\n\n\n\n<h2 class=\"wp-block-heading\" id=\"h-un-57-de-avance-en-la-infraestructura-hidraulica-que-se-ha-hecho-hasta-ahora\"><strong>Un 57% de avance en la infraestructura hidr\u00e1ulica: \u00bfqu\u00e9 se ha hecho hasta ahora?<\/strong><\/h2>\n\n\n\n<p>La primera obra hidr\u00e1ulica ya fue concluida en el kil\u00f3metro 27,8, cerca de la Escuela Primaria N\u00b0 92. All\u00ed se construy\u00f3 una alcantarilla de tres bocas utilizando ca\u00f1os de Polietileno de Alta Densidad (PEAD), material reconocido por su durabilidad y resistencia a condiciones extremas. Los trabajos implicaron excavaciones profundas, colocaci\u00f3n de ca\u00f1os, instalaci\u00f3n de gaviones, geotextiles, colchonetas de protecci\u00f3n, terraplenado y enripiado.<\/p>\n\n\n\n<p><a href=\"https:\/\/patagoniambiental.com.ar\/info\/realizan-tareas-de-optimizacion-de-la-ruta-provincial-no83-en-el-manso\/\">Leer m\u00e1s: Realizan tareas de optimizaci\u00f3n de la Ruta Provincial N\u00ba83 en El Manso<\/a><\/p>\n\n\n\n<p>Actualmente, los equipos avanzan sobre la segunda obra, situada en el kil\u00f3metro 23,7. Se trata de una alcantarilla de hormig\u00f3n de baja altura y mayor longitud, con defensas laterales reforzadas mediante gaviones. Esta estructura responde a una necesidad puntual: permitir el paso en una zona cr\u00edtica donde las crecidas invernales del r\u00edo Foyel afectan particularmente a los veh\u00edculos livianos de tracci\u00f3n simple.<\/p>\n\n\n\n<p>El fen\u00f3meno de las crecidas repentinas en la regi\u00f3n no es nuevo. El Manso, como otras localidades cordilleranas, est\u00e1 expuesto a eventos clim\u00e1ticos cada vez m\u00e1s intensos, producto del cambio clim\u00e1tico. Las lluvias copiosas y deshielos acelerados pueden provocar anegamientos repentinos, arrastrando material suelto y poniendo en riesgo a quienes transitan por rutas sin infraestructura adecuada.<\/p>\n\n\n\n<p>Estas obras, por lo tanto, no solo mejoran la calidad de la v\u00eda, sino que aportan resiliencia clim\u00e1tica. Es decir, preparan la infraestructura para resistir y adaptarse a eventos extremos, minimizando su impacto en la poblaci\u00f3n.<\/p>\n\n\n\n<p>La comunidad de El Manso, al igual que otras peque\u00f1as localidades de la regi\u00f3n andina, depende de manera directa del estado de las rutas. La producci\u00f3n local, el acceso a servicios m\u00e9dicos, el transporte escolar y el turismo rural son actividades que requieren caminos transitables todo el a\u00f1o.<\/p>\n\n\n\n<p>En temporada alta, muchos turistas eligen esta ruta para acceder a zonas de camping, senderismo, pesca y conexi\u00f3n con la naturaleza. Cierres prolongados o desv\u00edos afectan negativamente la econom\u00eda local y la experiencia del visitante. En este sentido, la inversi\u00f3n p\u00fablica en obras hidr\u00e1ulicas se traduce en m\u00e1s oportunidades y desarrollo.<\/p>\n\n\n\n<p>El uso de ca\u00f1os de PEAD y estructuras de hormig\u00f3n armado en estas obras refleja una tendencia creciente en la ingenier\u00eda vial: la incorporaci\u00f3n de materiales de \u00faltima generaci\u00f3n, incluso en zonas rurales. Este tipo de materiales ofrece ventajas frente a los tradicionales, como mayor resistencia al desgaste, menor mantenimiento y mejor respuesta frente a la presi\u00f3n hidr\u00e1ulica.<\/p>\n\n\n\n<p>Asimismo, el uso de geotextiles y gaviones permite una mejor estabilizaci\u00f3n del terreno, evitando socavones y erosiones que pudieran comprometer la estructura con el paso del tiempo.<\/p>\n\n\n\n<p>La Direcci\u00f3n de Vialidad Rionegrina ha solicitado expl\u00edcitamente a todos los usuarios que transitan por la Ruta Provincial 83 que extremen las precauciones. En especial, durante el per\u00edodo de obras es importante:<\/p>\n\n\n\n<p>Respetar las velocidades m\u00e1ximas indicadas<br><\/p>\n\n\n\n<p>No remover se\u00f1alizaci\u00f3n ni obst\u00e1culos colocados por seguridad<br><\/p>\n\n\n\n<p>Evitar transitar durante fuertes lluvias o crecidas<br><\/p>\n\n\n\n<p><br>Estas recomendaciones no solo buscan proteger a los trabajadores, sino tambi\u00e9n evitar accidentes o da\u00f1os materiales en veh\u00edculos.<\/p>\n\n\n\n<p>Las obras sobre la Ruta 83 no son un hecho aislado, sino parte de una pol\u00edtica provincial de mejora de caminos rurales y fronterizos. En un territorio tan extenso como R\u00edo Negro, donde muchas rutas atraviesan \u00e1reas monta\u00f1osas, bosques o r\u00edos, la planificaci\u00f3n y el mantenimiento constante son claves para garantizar conectividad.<\/p>\n\n\n\n<p>Inversiones como estas muestran una mirada estrat\u00e9gica que combina necesidades actuales con previsiones a futuro: m\u00e1s turismo, m\u00e1s comercio, m\u00e1s seguridad y menos impacto negativo ante eventos extremos.<\/p>\n\n\n\n<p><strong>\u00bfQu\u00e9 m\u00e1s falta para completar la obra?<\/strong><\/p>\n\n\n\n<p>Seg\u00fan fuentes oficiales, el 57% de avance indica un progreso s\u00f3lido, pero a\u00fan restan tareas de gran relevancia:<\/p>\n\n\n\n<p>Finalizaci\u00f3n de la segunda alcantarilla<br><\/p>\n\n\n\n<p>Acondicionamiento del terreno circundante<br><\/p>\n\n\n\n<p>Colocaci\u00f3n de se\u00f1al\u00e9tica definitiva<br><\/p>\n\n\n\n<p>Evaluaci\u00f3n hidr\u00e1ulica post-obra<br><\/p>\n\n\n\n<p><br>Estas etapas son fundamentales para asegurar el correcto funcionamiento de la obra, especialmente ante las primeras lluvias o nevadas del invierno.<\/p>\n\n\n\n<p>Una sugerencia t\u00e9cnica relevante para obras de esta magnitud es la implementaci\u00f3n de sistemas de monitoreo hidr\u00e1ulico y mantenimiento programado. Instalar sensores de nivel o c\u00e1maras puede ayudar a detectar obstrucciones, erosiones o colapsos parciales antes de que representen un riesgo mayor. Adem\u00e1s, un plan de mantenimiento claro evita que la inversi\u00f3n se degrade con el tiempo.<\/p>\n\n\n\n<p>Dado el \u00e9xito parcial observado en esta intervenci\u00f3n, se abre una interesante posibilidad: replicar el modelo en otras rutas vulnerables de la Patagonia. Ya sea en la zona andina de Neuqu\u00e9n, Chubut o Santa Cruz, los problemas derivados de las crecidas estacionales son similares.<\/p>\n\n\n\n<p>El uso de alcantarillas modulares, materiales modernos y dise\u00f1o adaptativo podr\u00edan ser una soluci\u00f3n costo-efectiva en lugares donde el presupuesto estatal es limitado pero la necesidad es urgente.<\/p>\n\n\n\n<p><br><strong>Educaci\u00f3n ambiental y concientizaci\u00f3n: un rol complementario<\/strong><\/p>\n\n\n\n<p>En el marco de esta obra, tambi\u00e9n podr\u00eda aprovecharse para generar materiales educativos sobre la importancia de cuidar los cauces naturales, evitar el arrojo de residuos y comprender c\u00f3mo funcionan las defensas hidr\u00e1ulicas. Una comunidad informada se convierte en aliada de su propia infraestructura.<\/p>\n\n\n\n<p><\/p>\n\n\n\n<figure class=\"wp-block-image size-large\"><img fetchpriority=\"high\" decoding=\"async\" width=\"549\" height=\"287\" src=\"https:\/\/patagoniambiental.com.ar\/info\/wp-content\/uploads\/2022\/11\/imagen.png\" alt=\"\" class=\"wp-image-76575\"\/><\/figure>\n\n\n\n<p><\/p>\n\n\n\n<p><\/p>\n","protected":false},"excerpt":{"rendered":"","protected":false},"author":6,"featured_media":76578,"comment_status":"open","ping_status":"open","sticky":false,"template":"","format":"standard","meta":{"site-sidebar-layout":"default","site-content-layout":"","ast-site-content-layout":"default","site-content-style":"default","site-sidebar-style":"default","ast-global-header-display":"","ast-banner-title-visibility":"","ast-main-header-display":"","ast-hfb-above-header-display":"","ast-hfb-below-header-display":"","ast-hfb-mobile-header-display":"","site-post-title":"","ast-breadcrumbs-content":"","ast-featured-img":"","footer-sml-layout":"","ast-disable-related-posts":"","theme-transparent-header-meta":"","adv-header-id-meta":"","stick-header-meta":"","header-above-stick-meta":"","header-main-stick-meta":"","header-below-stick-meta":"","astra-migrate-meta-layouts":"default","ast-page-background-enabled":"default","ast-page-background-meta":{"desktop":{"background-color":"var(--ast-global-color-5)","background-image":"","background-repeat":"repeat","background-position":"center center","background-size":"auto","background-attachment":"scroll","background-type":"","background-media":"","overlay-type":"","overlay-color":"","overlay-opacity":"","overlay-gradient":""},"tablet":{"background-color":"","background-image":"","background-repeat":"repeat","background-position":"center center","background-size":"auto","background-attachment":"scroll","background-type":"","background-media":"","overlay-type":"","overlay-color":"","overlay-opacity":"","overlay-gradient":""},"mobile":{"background-color":"","background-image":"","background-repeat":"repeat","background-position":"center center","background-size":"auto","background-attachment":"scroll","background-type":"","background-media":"","overlay-type":"","overlay-color":"","overlay-opacity":"","overlay-gradient":""}},"ast-content-background-meta":{"desktop":{"background-color":"var(--ast-global-color-4)","background-image":"","background-repeat":"repeat","background-position":"center center","background-size":"auto","background-attachment":"scroll","background-type":"","background-media":"","overlay-type":"","overlay-color":"","overlay-opacity":"","overlay-gradient":""},"tablet":{"background-color":"var(--ast-global-color-4)","background-image":"","background-repeat":"repeat","background-position":"center center","background-size":"auto","background-attachment":"scroll","background-type":"","background-media":"","overlay-type":"","overlay-color":"","overlay-opacity":"","overlay-gradient":""},"mobile":{"background-color":"var(--ast-global-color-4)","background-image":"","background-repeat":"repeat","background-position":"center center","background-size":"auto","background-attachment":"scroll","background-type":"","background-media":"","overlay-type":"","overlay-color":"","overlay-opacity":"","overlay-gradient":""}},"footnotes":""},"categories":[1,13,14],"tags":[],"class_list":["post-76574","post","type-post","status-publish","format-standard","has-post-thumbnail","hentry","category-noticias","category-provinciales","category-rio-negro"],"yoast_head":"<!-- This site is optimized with the Yoast SEO Premium plugin v23.0 (Yoast SEO v27.4) - https:\/\/yoast.com\/product\/yoast-seo-premium-wordpress\/ -->\n<title>Avanza la infraestructura hidraulica en El Manso<\/title>\n<meta name=\"description\" content=\"La Ruta Provincial 83, ubicada en El Manso, en la provincia de R\u00edo Negro conecta la Ruta Nacional 40 con el Paso Internacional R\u00edo Manso\" \/>\n<meta name=\"robots\" content=\"index, follow, max-snippet:-1, max-image-preview:large, max-video-preview:-1\" \/>\n<link rel=\"canonical\" href=\"https:\/\/patagoniambiental.com.ar\/info\/avance-del-57-en-las-obras-hidraulicas-de-la-ruta-83-en-el-manso\/\" \/>\n<meta property=\"og:locale\" content=\"es_ES\" \/>\n<meta property=\"og:type\" content=\"article\" \/>\n<meta property=\"og:title\" content=\"Avanza la infraestructura hidraulica en El Manso\" \/>\n<meta property=\"og:description\" content=\"La Ruta Provincial 83, ubicada en El Manso, en la provincia de R\u00edo Negro conecta la Ruta Nacional 40 con el Paso Internacional R\u00edo Manso\" \/>\n<meta property=\"og:url\" content=\"https:\/\/patagoniambiental.com.ar\/info\/avance-del-57-en-las-obras-hidraulicas-de-la-ruta-83-en-el-manso\/\" \/>\n<meta property=\"og:site_name\" content=\"Patagonia Ambiental\" \/>\n<meta property=\"article:publisher\" content=\"https:\/\/www.facebook.com\/patagonia.ambiental\" \/>\n<meta property=\"article:published_time\" content=\"2022-11-23T22:00:00+00:00\" \/>\n<meta property=\"article:modified_time\" content=\"2025-05-13T03:49:12+00:00\" \/>\n<meta property=\"og:image\" content=\"https:\/\/patagoniambiental.com.ar\/info\/wp-content\/uploads\/2022\/11\/manso.jpeg\" \/>\n\t<meta property=\"og:image:width\" content=\"960\" \/>\n\t<meta property=\"og:image:height\" content=\"960\" \/>\n\t<meta property=\"og:image:type\" content=\"image\/jpeg\" \/>\n<meta name=\"author\" content=\"BRAIAN ESTEVEZ\" \/>\n<meta name=\"twitter:card\" content=\"summary_large_image\" \/>\n<meta name=\"twitter:creator\" content=\"@PatAmb\" \/>\n<meta name=\"twitter:site\" content=\"@PatAmb\" \/>\n<script type=\"application\/ld+json\" class=\"yoast-schema-graph\">{\"@context\":\"https:\\\/\\\/schema.org\",\"@graph\":[{\"@type\":\"Article\",\"@id\":\"https:\\\/\\\/patagoniambiental.com.ar\\\/info\\\/avance-del-57-en-las-obras-hidraulicas-de-la-ruta-83-en-el-manso\\\/#article\",\"isPartOf\":{\"@id\":\"https:\\\/\\\/patagoniambiental.com.ar\\\/info\\\/avance-del-57-en-las-obras-hidraulicas-de-la-ruta-83-en-el-manso\\\/\"},\"author\":{\"name\":\"BRAIAN ESTEVEZ\",\"@id\":\"https:\\\/\\\/patagoniambiental.com.ar\\\/info\\\/#\\\/schema\\\/person\\\/e5af09d700b2e82cb10c6b8800e0c691\"},\"headline\":\"Avanza la infraestructura hidraulica en El Manso\",\"datePublished\":\"2022-11-23T22:00:00+00:00\",\"dateModified\":\"2025-05-13T03:49:12+00:00\",\"mainEntityOfPage\":{\"@id\":\"https:\\\/\\\/patagoniambiental.com.ar\\\/info\\\/avance-del-57-en-las-obras-hidraulicas-de-la-ruta-83-en-el-manso\\\/\"},\"wordCount\":1130,\"commentCount\":0,\"publisher\":{\"@id\":\"https:\\\/\\\/patagoniambiental.com.ar\\\/info\\\/#organization\"},\"image\":{\"@id\":\"https:\\\/\\\/patagoniambiental.com.ar\\\/info\\\/avance-del-57-en-las-obras-hidraulicas-de-la-ruta-83-en-el-manso\\\/#primaryimage\"},\"thumbnailUrl\":\"https:\\\/\\\/patagoniambiental.com.ar\\\/info\\\/wp-content\\\/uploads\\\/2022\\\/11\\\/manso.jpeg\",\"articleSection\":[\"Noticias\",\"Provinciales\",\"R\u00edo Negro\"],\"inLanguage\":\"es\",\"potentialAction\":[{\"@type\":\"CommentAction\",\"name\":\"Comment\",\"target\":[\"https:\\\/\\\/patagoniambiental.com.ar\\\/info\\\/avance-del-57-en-las-obras-hidraulicas-de-la-ruta-83-en-el-manso\\\/#respond\"]}]},{\"@type\":\"WebPage\",\"@id\":\"https:\\\/\\\/patagoniambiental.com.ar\\\/info\\\/avance-del-57-en-las-obras-hidraulicas-de-la-ruta-83-en-el-manso\\\/\",\"url\":\"https:\\\/\\\/patagoniambiental.com.ar\\\/info\\\/avance-del-57-en-las-obras-hidraulicas-de-la-ruta-83-en-el-manso\\\/\",\"name\":\"Avanza la infraestructura hidraulica en El Manso\",\"isPartOf\":{\"@id\":\"https:\\\/\\\/patagoniambiental.com.ar\\\/info\\\/#website\"},\"primaryImageOfPage\":{\"@id\":\"https:\\\/\\\/patagoniambiental.com.ar\\\/info\\\/avance-del-57-en-las-obras-hidraulicas-de-la-ruta-83-en-el-manso\\\/#primaryimage\"},\"image\":{\"@id\":\"https:\\\/\\\/patagoniambiental.com.ar\\\/info\\\/avance-del-57-en-las-obras-hidraulicas-de-la-ruta-83-en-el-manso\\\/#primaryimage\"},\"thumbnailUrl\":\"https:\\\/\\\/patagoniambiental.com.ar\\\/info\\\/wp-content\\\/uploads\\\/2022\\\/11\\\/manso.jpeg\",\"datePublished\":\"2022-11-23T22:00:00+00:00\",\"dateModified\":\"2025-05-13T03:49:12+00:00\",\"description\":\"La Ruta Provincial 83, ubicada en El Manso, en la provincia de R\u00edo Negro conecta la Ruta Nacional 40 con el Paso Internacional R\u00edo Manso\",\"breadcrumb\":{\"@id\":\"https:\\\/\\\/patagoniambiental.com.ar\\\/info\\\/avance-del-57-en-las-obras-hidraulicas-de-la-ruta-83-en-el-manso\\\/#breadcrumb\"},\"inLanguage\":\"es\",\"potentialAction\":[{\"@type\":\"ReadAction\",\"target\":[\"https:\\\/\\\/patagoniambiental.com.ar\\\/info\\\/avance-del-57-en-las-obras-hidraulicas-de-la-ruta-83-en-el-manso\\\/\"]}]},{\"@type\":\"ImageObject\",\"inLanguage\":\"es\",\"@id\":\"https:\\\/\\\/patagoniambiental.com.ar\\\/info\\\/avance-del-57-en-las-obras-hidraulicas-de-la-ruta-83-en-el-manso\\\/#primaryimage\",\"url\":\"https:\\\/\\\/patagoniambiental.com.ar\\\/info\\\/wp-content\\\/uploads\\\/2022\\\/11\\\/manso.jpeg\",\"contentUrl\":\"https:\\\/\\\/patagoniambiental.com.ar\\\/info\\\/wp-content\\\/uploads\\\/2022\\\/11\\\/manso.jpeg\",\"width\":600,\"height\":600},{\"@type\":\"BreadcrumbList\",\"@id\":\"https:\\\/\\\/patagoniambiental.com.ar\\\/info\\\/avance-del-57-en-las-obras-hidraulicas-de-la-ruta-83-en-el-manso\\\/#breadcrumb\",\"itemListElement\":[{\"@type\":\"ListItem\",\"position\":1,\"name\":\"Inicio\",\"item\":\"https:\\\/\\\/patagoniambiental.com.ar\\\/info\\\/\"},{\"@type\":\"ListItem\",\"position\":2,\"name\":\"Avanza la infraestructura hidraulica en El Manso\"}]},{\"@type\":\"WebSite\",\"@id\":\"https:\\\/\\\/patagoniambiental.com.ar\\\/info\\\/#website\",\"url\":\"https:\\\/\\\/patagoniambiental.com.ar\\\/info\\\/\",\"name\":\"Patagonia Ambiental\",\"description\":\"Monitoreo y an\u00e1lisis de la situaci\u00f3n geopol\u00edtica en el mundo y su implicancia en la Patagonia\",\"publisher\":{\"@id\":\"https:\\\/\\\/patagoniambiental.com.ar\\\/info\\\/#organization\"},\"potentialAction\":[{\"@type\":\"SearchAction\",\"target\":{\"@type\":\"EntryPoint\",\"urlTemplate\":\"https:\\\/\\\/patagoniambiental.com.ar\\\/info\\\/?s={search_term_string}\"},\"query-input\":{\"@type\":\"PropertyValueSpecification\",\"valueRequired\":true,\"valueName\":\"search_term_string\"}}],\"inLanguage\":\"es\"},{\"@type\":\"Organization\",\"@id\":\"https:\\\/\\\/patagoniambiental.com.ar\\\/info\\\/#organization\",\"name\":\"Patagonia Ambiental\",\"url\":\"https:\\\/\\\/patagoniambiental.com.ar\\\/info\\\/\",\"logo\":{\"@type\":\"ImageObject\",\"inLanguage\":\"es\",\"@id\":\"https:\\\/\\\/patagoniambiental.com.ar\\\/info\\\/#\\\/schema\\\/logo\\\/image\\\/\",\"url\":\"https:\\\/\\\/patagoniambiental.com.ar\\\/info\\\/wp-content\\\/uploads\\\/2025\\\/05\\\/LOGO-PATAGONIA-AMBIENTAL.png\",\"contentUrl\":\"https:\\\/\\\/patagoniambiental.com.ar\\\/info\\\/wp-content\\\/uploads\\\/2025\\\/05\\\/LOGO-PATAGONIA-AMBIENTAL.png\",\"width\":433,\"height\":250,\"caption\":\"Patagonia Ambiental\"},\"image\":{\"@id\":\"https:\\\/\\\/patagoniambiental.com.ar\\\/info\\\/#\\\/schema\\\/logo\\\/image\\\/\"},\"sameAs\":[\"https:\\\/\\\/www.facebook.com\\\/patagonia.ambiental\",\"https:\\\/\\\/x.com\\\/PatAmb\"]},{\"@type\":\"Person\",\"@id\":\"https:\\\/\\\/patagoniambiental.com.ar\\\/info\\\/#\\\/schema\\\/person\\\/e5af09d700b2e82cb10c6b8800e0c691\",\"name\":\"BRAIAN ESTEVEZ\",\"sameAs\":[\"http:\\\/\\\/www.patagoniambiental.com.ar\"]}]}<\/script>\n<!-- \/ Yoast SEO Premium plugin. -->","yoast_head_json":{"title":"Avanza la infraestructura hidraulica en El Manso","description":"La Ruta Provincial 83, ubicada en El Manso, en la provincia de R\u00edo Negro conecta la Ruta Nacional 40 con el Paso Internacional R\u00edo Manso","robots":{"index":"index","follow":"follow","max-snippet":"max-snippet:-1","max-image-preview":"max-image-preview:large","max-video-preview":"max-video-preview:-1"},"canonical":"https:\/\/patagoniambiental.com.ar\/info\/avance-del-57-en-las-obras-hidraulicas-de-la-ruta-83-en-el-manso\/","og_locale":"es_ES","og_type":"article","og_title":"Avanza la infraestructura hidraulica en El Manso","og_description":"La Ruta Provincial 83, ubicada en El Manso, en la provincia de R\u00edo Negro conecta la Ruta Nacional 40 con el Paso Internacional R\u00edo Manso","og_url":"https:\/\/patagoniambiental.com.ar\/info\/avance-del-57-en-las-obras-hidraulicas-de-la-ruta-83-en-el-manso\/","og_site_name":"Patagonia Ambiental","article_publisher":"https:\/\/www.facebook.com\/patagonia.ambiental","article_published_time":"2022-11-23T22:00:00+00:00","article_modified_time":"2025-05-13T03:49:12+00:00","og_image":[{"width":960,"height":960,"url":"https:\/\/patagoniambiental.com.ar\/info\/wp-content\/uploads\/2022\/11\/manso.jpeg","type":"image\/jpeg"}],"author":"BRAIAN ESTEVEZ","twitter_card":"summary_large_image","twitter_creator":"@PatAmb","twitter_site":"@PatAmb","schema":{"@context":"https:\/\/schema.org","@graph":[{"@type":"Article","@id":"https:\/\/patagoniambiental.com.ar\/info\/avance-del-57-en-las-obras-hidraulicas-de-la-ruta-83-en-el-manso\/#article","isPartOf":{"@id":"https:\/\/patagoniambiental.com.ar\/info\/avance-del-57-en-las-obras-hidraulicas-de-la-ruta-83-en-el-manso\/"},"author":{"name":"BRAIAN ESTEVEZ","@id":"https:\/\/patagoniambiental.com.ar\/info\/#\/schema\/person\/e5af09d700b2e82cb10c6b8800e0c691"},"headline":"Avanza la infraestructura hidraulica en El Manso","datePublished":"2022-11-23T22:00:00+00:00","dateModified":"2025-05-13T03:49:12+00:00","mainEntityOfPage":{"@id":"https:\/\/patagoniambiental.com.ar\/info\/avance-del-57-en-las-obras-hidraulicas-de-la-ruta-83-en-el-manso\/"},"wordCount":1130,"commentCount":0,"publisher":{"@id":"https:\/\/patagoniambiental.com.ar\/info\/#organization"},"image":{"@id":"https:\/\/patagoniambiental.com.ar\/info\/avance-del-57-en-las-obras-hidraulicas-de-la-ruta-83-en-el-manso\/#primaryimage"},"thumbnailUrl":"https:\/\/patagoniambiental.com.ar\/info\/wp-content\/uploads\/2022\/11\/manso.jpeg","articleSection":["Noticias","Provinciales","R\u00edo Negro"],"inLanguage":"es","potentialAction":[{"@type":"CommentAction","name":"Comment","target":["https:\/\/patagoniambiental.com.ar\/info\/avance-del-57-en-las-obras-hidraulicas-de-la-ruta-83-en-el-manso\/#respond"]}]},{"@type":"WebPage","@id":"https:\/\/patagoniambiental.com.ar\/info\/avance-del-57-en-las-obras-hidraulicas-de-la-ruta-83-en-el-manso\/","url":"https:\/\/patagoniambiental.com.ar\/info\/avance-del-57-en-las-obras-hidraulicas-de-la-ruta-83-en-el-manso\/","name":"Avanza la infraestructura hidraulica en El Manso","isPartOf":{"@id":"https:\/\/patagoniambiental.com.ar\/info\/#website"},"primaryImageOfPage":{"@id":"https:\/\/patagoniambiental.com.ar\/info\/avance-del-57-en-las-obras-hidraulicas-de-la-ruta-83-en-el-manso\/#primaryimage"},"image":{"@id":"https:\/\/patagoniambiental.com.ar\/info\/avance-del-57-en-las-obras-hidraulicas-de-la-ruta-83-en-el-manso\/#primaryimage"},"thumbnailUrl":"https:\/\/patagoniambiental.com.ar\/info\/wp-content\/uploads\/2022\/11\/manso.jpeg","datePublished":"2022-11-23T22:00:00+00:00","dateModified":"2025-05-13T03:49:12+00:00","description":"La Ruta Provincial 83, ubicada en El Manso, en la provincia de R\u00edo Negro conecta la Ruta Nacional 40 con el Paso Internacional R\u00edo Manso","breadcrumb":{"@id":"https:\/\/patagoniambiental.com.ar\/info\/avance-del-57-en-las-obras-hidraulicas-de-la-ruta-83-en-el-manso\/#breadcrumb"},"inLanguage":"es","potentialAction":[{"@type":"ReadAction","target":["https:\/\/patagoniambiental.com.ar\/info\/avance-del-57-en-las-obras-hidraulicas-de-la-ruta-83-en-el-manso\/"]}]},{"@type":"ImageObject","inLanguage":"es","@id":"https:\/\/patagoniambiental.com.ar\/info\/avance-del-57-en-las-obras-hidraulicas-de-la-ruta-83-en-el-manso\/#primaryimage","url":"https:\/\/patagoniambiental.com.ar\/info\/wp-content\/uploads\/2022\/11\/manso.jpeg","contentUrl":"https:\/\/patagoniambiental.com.ar\/info\/wp-content\/uploads\/2022\/11\/manso.jpeg","width":600,"height":600},{"@type":"BreadcrumbList","@id":"https:\/\/patagoniambiental.com.ar\/info\/avance-del-57-en-las-obras-hidraulicas-de-la-ruta-83-en-el-manso\/#breadcrumb","itemListElement":[{"@type":"ListItem","position":1,"name":"Inicio","item":"https:\/\/patagoniambiental.com.ar\/info\/"},{"@type":"ListItem","position":2,"name":"Avanza la infraestructura hidraulica en El Manso"}]},{"@type":"WebSite","@id":"https:\/\/patagoniambiental.com.ar\/info\/#website","url":"https:\/\/patagoniambiental.com.ar\/info\/","name":"Patagonia Ambiental","description":"Monitoreo y an\u00e1lisis de la situaci\u00f3n geopol\u00edtica en el mundo y su implicancia en la Patagonia","publisher":{"@id":"https:\/\/patagoniambiental.com.ar\/info\/#organization"},"potentialAction":[{"@type":"SearchAction","target":{"@type":"EntryPoint","urlTemplate":"https:\/\/patagoniambiental.com.ar\/info\/?s={search_term_string}"},"query-input":{"@type":"PropertyValueSpecification","valueRequired":true,"valueName":"search_term_string"}}],"inLanguage":"es"},{"@type":"Organization","@id":"https:\/\/patagoniambiental.com.ar\/info\/#organization","name":"Patagonia Ambiental","url":"https:\/\/patagoniambiental.com.ar\/info\/","logo":{"@type":"ImageObject","inLanguage":"es","@id":"https:\/\/patagoniambiental.com.ar\/info\/#\/schema\/logo\/image\/","url":"https:\/\/patagoniambiental.com.ar\/info\/wp-content\/uploads\/2025\/05\/LOGO-PATAGONIA-AMBIENTAL.png","contentUrl":"https:\/\/patagoniambiental.com.ar\/info\/wp-content\/uploads\/2025\/05\/LOGO-PATAGONIA-AMBIENTAL.png","width":433,"height":250,"caption":"Patagonia Ambiental"},"image":{"@id":"https:\/\/patagoniambiental.com.ar\/info\/#\/schema\/logo\/image\/"},"sameAs":["https:\/\/www.facebook.com\/patagonia.ambiental","https:\/\/x.com\/PatAmb"]},{"@type":"Person","@id":"https:\/\/patagoniambiental.com.ar\/info\/#\/schema\/person\/e5af09d700b2e82cb10c6b8800e0c691","name":"BRAIAN ESTEVEZ","sameAs":["http:\/\/www.patagoniambiental.com.ar"]}]}},"_links":{"self":[{"href":"https:\/\/patagoniambiental.com.ar\/info\/wp-json\/wp\/v2\/posts\/76574","targetHints":{"allow":["GET"]}}],"collection":[{"href":"https:\/\/patagoniambiental.com.ar\/info\/wp-json\/wp\/v2\/posts"}],"about":[{"href":"https:\/\/patagoniambiental.com.ar\/info\/wp-json\/wp\/v2\/types\/post"}],"author":[{"embeddable":true,"href":"https:\/\/patagoniambiental.com.ar\/info\/wp-json\/wp\/v2\/users\/6"}],"replies":[{"embeddable":true,"href":"https:\/\/patagoniambiental.com.ar\/info\/wp-json\/wp\/v2\/comments?post=76574"}],"version-history":[{"count":0,"href":"https:\/\/patagoniambiental.com.ar\/info\/wp-json\/wp\/v2\/posts\/76574\/revisions"}],"wp:featuredmedia":[{"embeddable":true,"href":"https:\/\/patagoniambiental.com.ar\/info\/wp-json\/wp\/v2\/media\/76578"}],"wp:attachment":[{"href":"https:\/\/patagoniambiental.com.ar\/info\/wp-json\/wp\/v2\/media?parent=76574"}],"wp:term":[{"taxonomy":"category","embeddable":true,"href":"https:\/\/patagoniambiental.com.ar\/info\/wp-json\/wp\/v2\/categories?post=76574"},{"taxonomy":"post_tag","embeddable":true,"href":"https:\/\/patagoniambiental.com.ar\/info\/wp-json\/wp\/v2\/tags?post=76574"}],"curies":[{"name":"wp","href":"https:\/\/api.w.org\/{rel}","templated":true}]}}