{"id":76580,"date":"2022-11-25T08:58:58","date_gmt":"2022-11-25T11:58:58","guid":{"rendered":"http:\/\/patagoniambiental.com.ar\/info\/?p=76580"},"modified":"2022-11-25T08:59:01","modified_gmt":"2022-11-25T11:59:01","slug":"neuquen-comenzara-a-capacitar-en-medioambiente-con-la-ley-yolanda","status":"publish","type":"post","link":"https:\/\/patagoniambiental.com.ar\/info\/neuquen-comenzara-a-capacitar-en-medioambiente-con-la-ley-yolanda\/","title":{"rendered":"Neuqu\u00e9n comenzar\u00e1 a capacitar en medioambiente con la Ley Yolanda"},"content":{"rendered":"\n<!--more-->\n\n\n\n<h3 class=\"wp-block-heading\">La provincia adhiri\u00f3 en el a\u00f1o pasado a la ley nacional que establece la capacitaci\u00f3n obligatoria integral en tem\u00e1ticas ambientales para todas las personas que integran los tres poderes del estado.<\/h3>\n\n\n\n<p><a href=\"https:\/\/www.facebook.com\/sharer\/sharer.php?u=https%3A%2F%2Fwww.neuquenalinstante.com.ar%2Fnoticias%2F2022%2F11%2F24%2F93953-neuquen-comenzara-a-capacitar-en-medioambiente-con-la-ley-yolanda\" target=\"_blank\" rel=\"noreferrer noopener\"><\/a><a href=\"https:\/\/twitter.com\/share?text=Neuqu%C3%A9n%20comenzar%C3%A1%20a%20capacitar%20en%20medioambiente%20con%20la%20Ley%20Yolanda&amp;url=https%3A%2F%2Fwww.neuquenalinstante.com.ar%2Fnoticias%2F2022%2F11%2F24%2F93953-neuquen-comenzara-a-capacitar-en-medioambiente-con-la-ley-yolanda\" target=\"_blank\" rel=\"noreferrer noopener\"> <\/a><a href=\"https:\/\/www.linkedin.com\/shareArticle?mini=true&amp;url=https%3A%2F%2Fwww.neuquenalinstante.com.ar%2Fnoticias%2F2022%2F11%2F24%2F93953-neuquen-comenzara-a-capacitar-en-medioambiente-con-la-ley-yolanda&amp;title=Neuqu%C3%A9n%20comenzar%C3%A1%20a%20capacitar%20en%20medioambiente%20con%20la%20Ley%20Yolanda&amp;summary=\" target=\"_blank\" rel=\"noreferrer noopener\"><\/a><a href=\"https:\/\/pinterest.com\/pin\/create\/button\/?url=https%3A%2F%2Fwww.neuquenalinstante.com.ar%2Fnoticias%2F2022%2F11%2F24%2F93953-neuquen-comenzara-a-capacitar-en-medioambiente-con-la-ley-yolanda&amp;description=Neuqu%C3%A9n%20comenzar%C3%A1%20a%20capacitar%20en%20medioambiente%20con%20la%20Ley%20Yolanda\" target=\"_blank\" rel=\"noreferrer noopener\"><\/a><\/p>\n\n\n\n<figure class=\"wp-block-image\"><img decoding=\"async\" src=\"https:\/\/neuquenalinstante-s2.cdn.net.ar\/st2i1700\/2022\/11\/neuquenalinstante2\/images\/25\/41\/254130_c0192a2eaa6c68e796a4f754aaf4b5365e8a434bcf8428fe5e9d7d3f93ceaab4\/md.jpg\" alt=\"Neuqu\u00e9n comenzar\u00e1 a capacitar en medioambiente con la Ley Yolanda\" title=\"Neuqu\u00e9n comenzar\u00e1 a capacitar en medioambiente con la Ley Yolanda\"\/><\/figure>\n\n\n\n<p><\/p>\n\n\n\n<p>El Poder Ejecutivo provincial comenzar\u00e1 con la aplicaci\u00f3n de la Ley Yolanda y la instrumentaci\u00f3n de las capacitaciones, a partir del convenio que firmar\u00e1n la subsecretar\u00eda de Ambiente, que depende de la secretar\u00eda de Desarrollo Territorial y Ambiente (autoridad de aplicaci\u00f3n de la Ley) y la subsecretar\u00eda de Fortalecimiento Institucional y Asuntos P\u00fablicos que tiene a su cargo la direcci\u00f3n provincial de Capacitaci\u00f3n y Fortalecimiento de la Funci\u00f3n P\u00fablica.<\/p>\n\n\n\n<p>La firma tendr\u00e1 lugar este viernes 25 a las 10, en la Sala Auditorio del Centro Administrativo Ministerial (CAM), en calle Ant\u00e1rtida Argentina 1245, M\u00f3dulo 2, Piso 2, de la ciudad de Neuqu\u00e9n.<\/p>\n\n\n\n<p>La provincia de Neuqu\u00e9n adhiri\u00f3 el a\u00f1o pasado, por Ley 3.285, a la Ley nacional 27.592 denominada Ley Yolanda, que establece la capacitaci\u00f3n obligatoria integral en ambiente, con perspectiva de desarrollo sostenible y con especial \u00e9nfasis en cambio clim\u00e1tico, para todas las personas que integran los tres poderes del estado.<\/p>\n\n\n\n<p>Por lo cual, a partir de la firma del convenio, la subsecretar\u00eda de Ambiente aportar\u00e1 el material te\u00f3rico necesario para el dictado de los cursos, y sus actualizaciones; y propondr\u00e1 a los profesionales especialistas en la tem\u00e1tica. Para esto \u00faltimo, la subsecretar\u00eda firm\u00f3 un convenio de colaboraci\u00f3n mutua con la Facultad de Humanidades y la secretar\u00eda de Extensi\u00f3n de la Universidad Nacional del Comahue (UNCo), quienes ser\u00e1n los encargados del armado y dictado de los m\u00f3dulos de capacitaci\u00f3n.<\/p>\n\n\n\n<p>En tanto, desde el \u00e1rea de Capacitaci\u00f3n y Fortalecimiento de la Funci\u00f3n P\u00fablica se aportar\u00e1n estrategias metodol\u00f3gicas con enfoque en los procesos de educaci\u00f3n de las personas adultas para la formaci\u00f3n de competencias para las y los agentes p\u00fablicos; y se brindar\u00e1n los cursos de capacitaci\u00f3n a trav\u00e9s de la plataforma Integrar (e-learning) para la modalidad virtual autogestionada y tutorada de acuerdo a los diferentes perfiles del personal de la administraci\u00f3n p\u00fablica provincial.<\/p>\n\n\n\n<p>Tambi\u00e9n se organizar\u00e1n talleres presenciales para el personal que no cuente con dominio m\u00ednimo de herramientas inform\u00e1ticas para recibir la capacitaci\u00f3n; se actualizar\u00e1n los contenidos y el material del curso, en acuerdo con la subsecretar\u00eda de Ambiente; se organizar\u00e1n los procesos de inscripci\u00f3n, validaci\u00f3n de datos y seguimiento de cada curso; y se certificar\u00e1n las actividades de capacitaci\u00f3n en forma conjunta.<\/p>\n\n\n\n<p><strong>Ley Yolanda<\/strong><\/p>\n\n\n\n<p>La Ley 27.592 o Ley Yolanda tiene como objetivo garantizar la formaci\u00f3n integral en ambiente, con perspectiva de desarrollo sostenible y con especial \u00e9nfasis en cambio clim\u00e1tico, para las personas que se desempe\u00f1an en la funci\u00f3n p\u00fablica. Fue sancionada el 17 de noviembre de 2020.<\/p>\n\n\n\n<p>El nombre es un homenaje a Yolanda Ortiz quien fue la primera secretaria de Recursos Naturales y Ambiente Humano de Argentina y de Am\u00e9rica Latina, designada durante el gobierno de Juan Domingo Per\u00f3n en el a\u00f1o 1973.<\/p>\n\n\n\n<p>El objetivo principal de la Ley Yolanda es que las y los funcionarios y empleados p\u00fablicos comprendan la transversalidad de los temas ambientales en el dise\u00f1o, la planificaci\u00f3n y la implementaci\u00f3n de las pol\u00edticas p\u00fablicas para contribuir, desde la gesti\u00f3n estatal, a la construcci\u00f3n de una Argentina ambientalmente sostenible.<\/p>\n\n\n\n<p>Fuente: https:\/\/www.neuquenalinstante.com.ar\/noticias\/2022\/11\/24\/93953-neuquen-comenzara-a-capacitar-en-medioambiente-con-la-ley-yolanda<\/p>\n","protected":false},"excerpt":{"rendered":"","protected":false},"author":6,"featured_media":76581,"comment_status":"open","ping_status":"open","sticky":false,"template":"","format":"standard","meta":{"site-sidebar-layout":"default","site-content-layout":"","ast-site-content-layout":"default","site-content-style":"default","site-sidebar-style":"default","ast-global-header-display":"","ast-banner-title-visibility":"","ast-main-header-display":"","ast-hfb-above-header-display":"","ast-hfb-below-header-display":"","ast-hfb-mobile-header-display":"","site-post-title":"","ast-breadcrumbs-content":"","ast-featured-img":"","footer-sml-layout":"","ast-disable-related-posts":"","theme-transparent-header-meta":"","adv-header-id-meta":"","stick-header-meta":"","header-above-stick-meta":"","header-main-stick-meta":"","header-below-stick-meta":"","astra-migrate-meta-layouts":"default","ast-page-background-enabled":"default","ast-page-background-meta":{"desktop":{"background-color":"var(--ast-global-color-5)","background-image":"","background-repeat":"repeat","background-position":"center center","background-size":"auto","background-attachment":"scroll","background-type":"","background-media":"","overlay-type":"","overlay-color":"","overlay-opacity":"","overlay-gradient":""},"tablet":{"background-color":"","background-image":"","background-repeat":"repeat","background-position":"center center","background-size":"auto","background-attachment":"scroll","background-type":"","background-media":"","overlay-type":"","overlay-color":"","overlay-opacity":"","overlay-gradient":""},"mobile":{"background-color":"","background-image":"","background-repeat":"repeat","background-position":"center center","background-size":"auto","background-attachment":"scroll","background-type":"","background-media":"","overlay-type":"","overlay-color":"","overlay-opacity":"","overlay-gradient":""}},"ast-content-background-meta":{"desktop":{"background-color":"var(--ast-global-color-4)","background-image":"","background-repeat":"repeat","background-position":"center center","background-size":"auto","background-attachment":"scroll","background-type":"","background-media":"","overlay-type":"","overlay-color":"","overlay-opacity":"","overlay-gradient":""},"tablet":{"background-color":"var(--ast-global-color-4)","background-image":"","background-repeat":"repeat","background-position":"center center","background-size":"auto","background-attachment":"scroll","background-type":"","background-media":"","overlay-type":"","overlay-color":"","overlay-opacity":"","overlay-gradient":""},"mobile":{"background-color":"var(--ast-global-color-4)","background-image":"","background-repeat":"repeat","background-position":"center center","background-size":"auto","background-attachment":"scroll","background-type":"","background-media":"","overlay-type":"","overlay-color":"","overlay-opacity":"","overlay-gradient":""}},"footnotes":""},"categories":[11,18,1,13,10],"tags":[],"class_list":["post-76580","post","type-post","status-publish","format-standard","has-post-thumbnail","hentry","category-boletin","category-neuquen","category-noticias","category-provinciales","category-rotador"],"yoast_head":"<!-- This site is optimized with the Yoast SEO Premium plugin v23.0 (Yoast SEO v27.4) - https:\/\/yoast.com\/product\/yoast-seo-premium-wordpress\/ -->\n<title>Neuqu\u00e9n comenzar\u00e1 a capacitar en medioambiente con la Ley Yolanda<\/title>\n<meta name=\"robots\" content=\"index, follow, max-snippet:-1, max-image-preview:large, max-video-preview:-1\" \/>\n<link rel=\"canonical\" href=\"https:\/\/patagoniambiental.com.ar\/info\/neuquen-comenzara-a-capacitar-en-medioambiente-con-la-ley-yolanda\/\" \/>\n<meta property=\"og:locale\" content=\"es_ES\" \/>\n<meta property=\"og:type\" content=\"article\" \/>\n<meta property=\"og:title\" content=\"Neuqu\u00e9n comenzar\u00e1 a capacitar en medioambiente con la Ley Yolanda\" \/>\n<meta property=\"og:url\" content=\"https:\/\/patagoniambiental.com.ar\/info\/neuquen-comenzara-a-capacitar-en-medioambiente-con-la-ley-yolanda\/\" \/>\n<meta property=\"og:site_name\" content=\"Patagonia Ambiental\" \/>\n<meta property=\"article:publisher\" content=\"https:\/\/www.facebook.com\/patagonia.ambiental\" \/>\n<meta property=\"article:published_time\" content=\"2022-11-25T11:58:58+00:00\" \/>\n<meta property=\"article:modified_time\" content=\"2022-11-25T11:59:01+00:00\" \/>\n<meta property=\"og:image\" content=\"https:\/\/patagoniambiental.com.ar\/info\/wp-content\/uploads\/2022\/11\/md.jpg\" \/>\n\t<meta property=\"og:image:width\" content=\"992\" \/>\n\t<meta property=\"og:image:height\" content=\"560\" \/>\n\t<meta property=\"og:image:type\" content=\"image\/jpeg\" \/>\n<meta name=\"author\" content=\"BRAIAN ESTEVEZ\" \/>\n<meta name=\"twitter:card\" content=\"summary_large_image\" \/>\n<meta name=\"twitter:creator\" content=\"@PatAmb\" \/>\n<meta name=\"twitter:site\" content=\"@PatAmb\" \/>\n<script type=\"application\/ld+json\" class=\"yoast-schema-graph\">{\"@context\":\"https:\\\/\\\/schema.org\",\"@graph\":[{\"@type\":\"Article\",\"@id\":\"https:\\\/\\\/patagoniambiental.com.ar\\\/info\\\/neuquen-comenzara-a-capacitar-en-medioambiente-con-la-ley-yolanda\\\/#article\",\"isPartOf\":{\"@id\":\"https:\\\/\\\/patagoniambiental.com.ar\\\/info\\\/neuquen-comenzara-a-capacitar-en-medioambiente-con-la-ley-yolanda\\\/\"},\"author\":{\"name\":\"BRAIAN ESTEVEZ\",\"@id\":\"https:\\\/\\\/patagoniambiental.com.ar\\\/info\\\/#\\\/schema\\\/person\\\/e5af09d700b2e82cb10c6b8800e0c691\"},\"headline\":\"Neuqu\u00e9n comenzar\u00e1 a capacitar en medioambiente con la Ley Yolanda\",\"datePublished\":\"2022-11-25T11:58:58+00:00\",\"dateModified\":\"2022-11-25T11:59:01+00:00\",\"mainEntityOfPage\":{\"@id\":\"https:\\\/\\\/patagoniambiental.com.ar\\\/info\\\/neuquen-comenzara-a-capacitar-en-medioambiente-con-la-ley-yolanda\\\/\"},\"wordCount\":609,\"commentCount\":0,\"publisher\":{\"@id\":\"https:\\\/\\\/patagoniambiental.com.ar\\\/info\\\/#organization\"},\"image\":{\"@id\":\"https:\\\/\\\/patagoniambiental.com.ar\\\/info\\\/neuquen-comenzara-a-capacitar-en-medioambiente-con-la-ley-yolanda\\\/#primaryimage\"},\"thumbnailUrl\":\"https:\\\/\\\/patagoniambiental.com.ar\\\/info\\\/wp-content\\\/uploads\\\/2022\\\/11\\\/md.jpg\",\"articleSection\":[\"Bolet\u00edn\",\"Neuqu\u00e9n\",\"Noticias\",\"Provinciales\",\"Rotador\"],\"inLanguage\":\"es\",\"potentialAction\":[{\"@type\":\"CommentAction\",\"name\":\"Comment\",\"target\":[\"https:\\\/\\\/patagoniambiental.com.ar\\\/info\\\/neuquen-comenzara-a-capacitar-en-medioambiente-con-la-ley-yolanda\\\/#respond\"]}]},{\"@type\":\"WebPage\",\"@id\":\"https:\\\/\\\/patagoniambiental.com.ar\\\/info\\\/neuquen-comenzara-a-capacitar-en-medioambiente-con-la-ley-yolanda\\\/\",\"url\":\"https:\\\/\\\/patagoniambiental.com.ar\\\/info\\\/neuquen-comenzara-a-capacitar-en-medioambiente-con-la-ley-yolanda\\\/\",\"name\":\"Neuqu\u00e9n comenzar\u00e1 a capacitar en medioambiente con la Ley Yolanda\",\"isPartOf\":{\"@id\":\"https:\\\/\\\/patagoniambiental.com.ar\\\/info\\\/#website\"},\"primaryImageOfPage\":{\"@id\":\"https:\\\/\\\/patagoniambiental.com.ar\\\/info\\\/neuquen-comenzara-a-capacitar-en-medioambiente-con-la-ley-yolanda\\\/#primaryimage\"},\"image\":{\"@id\":\"https:\\\/\\\/patagoniambiental.com.ar\\\/info\\\/neuquen-comenzara-a-capacitar-en-medioambiente-con-la-ley-yolanda\\\/#primaryimage\"},\"thumbnailUrl\":\"https:\\\/\\\/patagoniambiental.com.ar\\\/info\\\/wp-content\\\/uploads\\\/2022\\\/11\\\/md.jpg\",\"datePublished\":\"2022-11-25T11:58:58+00:00\",\"dateModified\":\"2022-11-25T11:59:01+00:00\",\"breadcrumb\":{\"@id\":\"https:\\\/\\\/patagoniambiental.com.ar\\\/info\\\/neuquen-comenzara-a-capacitar-en-medioambiente-con-la-ley-yolanda\\\/#breadcrumb\"},\"inLanguage\":\"es\",\"potentialAction\":[{\"@type\":\"ReadAction\",\"target\":[\"https:\\\/\\\/patagoniambiental.com.ar\\\/info\\\/neuquen-comenzara-a-capacitar-en-medioambiente-con-la-ley-yolanda\\\/\"]}]},{\"@type\":\"ImageObject\",\"inLanguage\":\"es\",\"@id\":\"https:\\\/\\\/patagoniambiental.com.ar\\\/info\\\/neuquen-comenzara-a-capacitar-en-medioambiente-con-la-ley-yolanda\\\/#primaryimage\",\"url\":\"https:\\\/\\\/patagoniambiental.com.ar\\\/info\\\/wp-content\\\/uploads\\\/2022\\\/11\\\/md.jpg\",\"contentUrl\":\"https:\\\/\\\/patagoniambiental.com.ar\\\/info\\\/wp-content\\\/uploads\\\/2022\\\/11\\\/md.jpg\",\"width\":992,\"height\":560},{\"@type\":\"BreadcrumbList\",\"@id\":\"https:\\\/\\\/patagoniambiental.com.ar\\\/info\\\/neuquen-comenzara-a-capacitar-en-medioambiente-con-la-ley-yolanda\\\/#breadcrumb\",\"itemListElement\":[{\"@type\":\"ListItem\",\"position\":1,\"name\":\"Inicio\",\"item\":\"https:\\\/\\\/patagoniambiental.com.ar\\\/info\\\/\"},{\"@type\":\"ListItem\",\"position\":2,\"name\":\"Neuqu\u00e9n comenzar\u00e1 a capacitar en medioambiente con la Ley Yolanda\"}]},{\"@type\":\"WebSite\",\"@id\":\"https:\\\/\\\/patagoniambiental.com.ar\\\/info\\\/#website\",\"url\":\"https:\\\/\\\/patagoniambiental.com.ar\\\/info\\\/\",\"name\":\"Patagonia Ambiental\",\"description\":\"Monitoreo y an\u00e1lisis de la situaci\u00f3n geopol\u00edtica en el mundo y su implicancia en la Patagonia\",\"publisher\":{\"@id\":\"https:\\\/\\\/patagoniambiental.com.ar\\\/info\\\/#organization\"},\"potentialAction\":[{\"@type\":\"SearchAction\",\"target\":{\"@type\":\"EntryPoint\",\"urlTemplate\":\"https:\\\/\\\/patagoniambiental.com.ar\\\/info\\\/?s={search_term_string}\"},\"query-input\":{\"@type\":\"PropertyValueSpecification\",\"valueRequired\":true,\"valueName\":\"search_term_string\"}}],\"inLanguage\":\"es\"},{\"@type\":\"Organization\",\"@id\":\"https:\\\/\\\/patagoniambiental.com.ar\\\/info\\\/#organization\",\"name\":\"Patagonia Ambiental\",\"url\":\"https:\\\/\\\/patagoniambiental.com.ar\\\/info\\\/\",\"logo\":{\"@type\":\"ImageObject\",\"inLanguage\":\"es\",\"@id\":\"https:\\\/\\\/patagoniambiental.com.ar\\\/info\\\/#\\\/schema\\\/logo\\\/image\\\/\",\"url\":\"https:\\\/\\\/patagoniambiental.com.ar\\\/info\\\/wp-content\\\/uploads\\\/2025\\\/05\\\/LOGO-PATAGONIA-AMBIENTAL.png\",\"contentUrl\":\"https:\\\/\\\/patagoniambiental.com.ar\\\/info\\\/wp-content\\\/uploads\\\/2025\\\/05\\\/LOGO-PATAGONIA-AMBIENTAL.png\",\"width\":433,\"height\":250,\"caption\":\"Patagonia Ambiental\"},\"image\":{\"@id\":\"https:\\\/\\\/patagoniambiental.com.ar\\\/info\\\/#\\\/schema\\\/logo\\\/image\\\/\"},\"sameAs\":[\"https:\\\/\\\/www.facebook.com\\\/patagonia.ambiental\",\"https:\\\/\\\/x.com\\\/PatAmb\"]},{\"@type\":\"Person\",\"@id\":\"https:\\\/\\\/patagoniambiental.com.ar\\\/info\\\/#\\\/schema\\\/person\\\/e5af09d700b2e82cb10c6b8800e0c691\",\"name\":\"BRAIAN ESTEVEZ\",\"sameAs\":[\"http:\\\/\\\/www.patagoniambiental.com.ar\"]}]}<\/script>\n<!-- \/ Yoast SEO Premium plugin. -->","yoast_head_json":{"title":"Neuqu\u00e9n comenzar\u00e1 a capacitar en medioambiente con la Ley Yolanda","robots":{"index":"index","follow":"follow","max-snippet":"max-snippet:-1","max-image-preview":"max-image-preview:large","max-video-preview":"max-video-preview:-1"},"canonical":"https:\/\/patagoniambiental.com.ar\/info\/neuquen-comenzara-a-capacitar-en-medioambiente-con-la-ley-yolanda\/","og_locale":"es_ES","og_type":"article","og_title":"Neuqu\u00e9n comenzar\u00e1 a capacitar en medioambiente con la Ley Yolanda","og_url":"https:\/\/patagoniambiental.com.ar\/info\/neuquen-comenzara-a-capacitar-en-medioambiente-con-la-ley-yolanda\/","og_site_name":"Patagonia Ambiental","article_publisher":"https:\/\/www.facebook.com\/patagonia.ambiental","article_published_time":"2022-11-25T11:58:58+00:00","article_modified_time":"2022-11-25T11:59:01+00:00","og_image":[{"width":992,"height":560,"url":"https:\/\/patagoniambiental.com.ar\/info\/wp-content\/uploads\/2022\/11\/md.jpg","type":"image\/jpeg"}],"author":"BRAIAN ESTEVEZ","twitter_card":"summary_large_image","twitter_creator":"@PatAmb","twitter_site":"@PatAmb","schema":{"@context":"https:\/\/schema.org","@graph":[{"@type":"Article","@id":"https:\/\/patagoniambiental.com.ar\/info\/neuquen-comenzara-a-capacitar-en-medioambiente-con-la-ley-yolanda\/#article","isPartOf":{"@id":"https:\/\/patagoniambiental.com.ar\/info\/neuquen-comenzara-a-capacitar-en-medioambiente-con-la-ley-yolanda\/"},"author":{"name":"BRAIAN ESTEVEZ","@id":"https:\/\/patagoniambiental.com.ar\/info\/#\/schema\/person\/e5af09d700b2e82cb10c6b8800e0c691"},"headline":"Neuqu\u00e9n comenzar\u00e1 a capacitar en medioambiente con la Ley Yolanda","datePublished":"2022-11-25T11:58:58+00:00","dateModified":"2022-11-25T11:59:01+00:00","mainEntityOfPage":{"@id":"https:\/\/patagoniambiental.com.ar\/info\/neuquen-comenzara-a-capacitar-en-medioambiente-con-la-ley-yolanda\/"},"wordCount":609,"commentCount":0,"publisher":{"@id":"https:\/\/patagoniambiental.com.ar\/info\/#organization"},"image":{"@id":"https:\/\/patagoniambiental.com.ar\/info\/neuquen-comenzara-a-capacitar-en-medioambiente-con-la-ley-yolanda\/#primaryimage"},"thumbnailUrl":"https:\/\/patagoniambiental.com.ar\/info\/wp-content\/uploads\/2022\/11\/md.jpg","articleSection":["Bolet\u00edn","Neuqu\u00e9n","Noticias","Provinciales","Rotador"],"inLanguage":"es","potentialAction":[{"@type":"CommentAction","name":"Comment","target":["https:\/\/patagoniambiental.com.ar\/info\/neuquen-comenzara-a-capacitar-en-medioambiente-con-la-ley-yolanda\/#respond"]}]},{"@type":"WebPage","@id":"https:\/\/patagoniambiental.com.ar\/info\/neuquen-comenzara-a-capacitar-en-medioambiente-con-la-ley-yolanda\/","url":"https:\/\/patagoniambiental.com.ar\/info\/neuquen-comenzara-a-capacitar-en-medioambiente-con-la-ley-yolanda\/","name":"Neuqu\u00e9n comenzar\u00e1 a capacitar en medioambiente con la Ley Yolanda","isPartOf":{"@id":"https:\/\/patagoniambiental.com.ar\/info\/#website"},"primaryImageOfPage":{"@id":"https:\/\/patagoniambiental.com.ar\/info\/neuquen-comenzara-a-capacitar-en-medioambiente-con-la-ley-yolanda\/#primaryimage"},"image":{"@id":"https:\/\/patagoniambiental.com.ar\/info\/neuquen-comenzara-a-capacitar-en-medioambiente-con-la-ley-yolanda\/#primaryimage"},"thumbnailUrl":"https:\/\/patagoniambiental.com.ar\/info\/wp-content\/uploads\/2022\/11\/md.jpg","datePublished":"2022-11-25T11:58:58+00:00","dateModified":"2022-11-25T11:59:01+00:00","breadcrumb":{"@id":"https:\/\/patagoniambiental.com.ar\/info\/neuquen-comenzara-a-capacitar-en-medioambiente-con-la-ley-yolanda\/#breadcrumb"},"inLanguage":"es","potentialAction":[{"@type":"ReadAction","target":["https:\/\/patagoniambiental.com.ar\/info\/neuquen-comenzara-a-capacitar-en-medioambiente-con-la-ley-yolanda\/"]}]},{"@type":"ImageObject","inLanguage":"es","@id":"https:\/\/patagoniambiental.com.ar\/info\/neuquen-comenzara-a-capacitar-en-medioambiente-con-la-ley-yolanda\/#primaryimage","url":"https:\/\/patagoniambiental.com.ar\/info\/wp-content\/uploads\/2022\/11\/md.jpg","contentUrl":"https:\/\/patagoniambiental.com.ar\/info\/wp-content\/uploads\/2022\/11\/md.jpg","width":992,"height":560},{"@type":"BreadcrumbList","@id":"https:\/\/patagoniambiental.com.ar\/info\/neuquen-comenzara-a-capacitar-en-medioambiente-con-la-ley-yolanda\/#breadcrumb","itemListElement":[{"@type":"ListItem","position":1,"name":"Inicio","item":"https:\/\/patagoniambiental.com.ar\/info\/"},{"@type":"ListItem","position":2,"name":"Neuqu\u00e9n comenzar\u00e1 a capacitar en medioambiente con la Ley Yolanda"}]},{"@type":"WebSite","@id":"https:\/\/patagoniambiental.com.ar\/info\/#website","url":"https:\/\/patagoniambiental.com.ar\/info\/","name":"Patagonia Ambiental","description":"Monitoreo y an\u00e1lisis de la situaci\u00f3n geopol\u00edtica en el mundo y su implicancia en la Patagonia","publisher":{"@id":"https:\/\/patagoniambiental.com.ar\/info\/#organization"},"potentialAction":[{"@type":"SearchAction","target":{"@type":"EntryPoint","urlTemplate":"https:\/\/patagoniambiental.com.ar\/info\/?s={search_term_string}"},"query-input":{"@type":"PropertyValueSpecification","valueRequired":true,"valueName":"search_term_string"}}],"inLanguage":"es"},{"@type":"Organization","@id":"https:\/\/patagoniambiental.com.ar\/info\/#organization","name":"Patagonia Ambiental","url":"https:\/\/patagoniambiental.com.ar\/info\/","logo":{"@type":"ImageObject","inLanguage":"es","@id":"https:\/\/patagoniambiental.com.ar\/info\/#\/schema\/logo\/image\/","url":"https:\/\/patagoniambiental.com.ar\/info\/wp-content\/uploads\/2025\/05\/LOGO-PATAGONIA-AMBIENTAL.png","contentUrl":"https:\/\/patagoniambiental.com.ar\/info\/wp-content\/uploads\/2025\/05\/LOGO-PATAGONIA-AMBIENTAL.png","width":433,"height":250,"caption":"Patagonia Ambiental"},"image":{"@id":"https:\/\/patagoniambiental.com.ar\/info\/#\/schema\/logo\/image\/"},"sameAs":["https:\/\/www.facebook.com\/patagonia.ambiental","https:\/\/x.com\/PatAmb"]},{"@type":"Person","@id":"https:\/\/patagoniambiental.com.ar\/info\/#\/schema\/person\/e5af09d700b2e82cb10c6b8800e0c691","name":"BRAIAN ESTEVEZ","sameAs":["http:\/\/www.patagoniambiental.com.ar"]}]}},"_links":{"self":[{"href":"https:\/\/patagoniambiental.com.ar\/info\/wp-json\/wp\/v2\/posts\/76580","targetHints":{"allow":["GET"]}}],"collection":[{"href":"https:\/\/patagoniambiental.com.ar\/info\/wp-json\/wp\/v2\/posts"}],"about":[{"href":"https:\/\/patagoniambiental.com.ar\/info\/wp-json\/wp\/v2\/types\/post"}],"author":[{"embeddable":true,"href":"https:\/\/patagoniambiental.com.ar\/info\/wp-json\/wp\/v2\/users\/6"}],"replies":[{"embeddable":true,"href":"https:\/\/patagoniambiental.com.ar\/info\/wp-json\/wp\/v2\/comments?post=76580"}],"version-history":[{"count":0,"href":"https:\/\/patagoniambiental.com.ar\/info\/wp-json\/wp\/v2\/posts\/76580\/revisions"}],"wp:featuredmedia":[{"embeddable":true,"href":"https:\/\/patagoniambiental.com.ar\/info\/wp-json\/wp\/v2\/media\/76581"}],"wp:attachment":[{"href":"https:\/\/patagoniambiental.com.ar\/info\/wp-json\/wp\/v2\/media?parent=76580"}],"wp:term":[{"taxonomy":"category","embeddable":true,"href":"https:\/\/patagoniambiental.com.ar\/info\/wp-json\/wp\/v2\/categories?post=76580"},{"taxonomy":"post_tag","embeddable":true,"href":"https:\/\/patagoniambiental.com.ar\/info\/wp-json\/wp\/v2\/tags?post=76580"}],"curies":[{"name":"wp","href":"https:\/\/api.w.org\/{rel}","templated":true}]}}