{"id":76583,"date":"2022-11-25T07:00:00","date_gmt":"2022-11-25T10:00:00","guid":{"rendered":"http:\/\/patagoniambiental.com.ar\/info\/?p=76583"},"modified":"2022-11-25T09:10:40","modified_gmt":"2022-11-25T12:10:40","slug":"inauguran-el-primer-invernadero-hidroponico-con-energia-solar-de-la-provincia-de-neuquen","status":"publish","type":"post","link":"https:\/\/patagoniambiental.com.ar\/info\/inauguran-el-primer-invernadero-hidroponico-con-energia-solar-de-la-provincia-de-neuquen\/","title":{"rendered":"Inauguran el primer invernadero hidrop\u00f3nico con energ\u00eda solar de la provincia de Neuqu\u00e9n"},"content":{"rendered":"\n<!--more-->\n\n\n\n<h2 class=\"wp-block-heading\">Se dio en el marco del convenio que se firm\u00f3 entre CALF y la Fundaci\u00f3n Neuqu\u00e9n Oeste. Conoc\u00e9 c\u00f3mo funciona y sus beneficios.<\/h2>\n\n\n\n<ul class=\"wp-block-list\"><li><\/li><li><\/li><li><\/li><li><\/li><\/ul>\n\n\n\n<figure class=\"wp-block-image\"><img decoding=\"async\" src=\"https:\/\/media.lmneuquen.com\/p\/4c4ff00bbea56ad0314b0eae141d8c44\/adjuntos\/195\/imagenes\/007\/356\/0007356908\/770x0\/smart\/invernadero-hidroponico-energia-solar.png\" alt=\"Inauguran el primer invernadero hidrop\u00f3nico con energ\u00eda solar de la provincia\" title=\"Inauguran el primer invernadero hidrop\u00f3nico con energ\u00eda solar de la provincia | LM Neuquen\"\/><\/figure>\n\n\n\n<p>En el marco del convenio firmado entre CALF y la Fundaci\u00f3n Neuqu\u00e9n Oeste, y manteniendo el objetivo de cooperaci\u00f3n y asistencia t\u00e9cnica entre ambas entidades, se construy\u00f3 el primer invernadero hidrop\u00f3nico con energ\u00eda solar de la provincia de Neuqu\u00e9n.<\/p>\n\n\n\n<p>Con el objetivo de transmitir a las nuevas generaciones una cultura productiva y del cuidado del medio ambiente, se busc\u00f3 que los colegios que funcionan en las instalaciones de la Fundaci\u00f3n sean los primeros beneficiarios y gestores de una visi\u00f3n renovada que conjuga los conceptos de educaci\u00f3n, producci\u00f3n y energ\u00eda renovable.<\/p>\n\n\n\n<p><\/p>\n\n\n\n<p>La Fundaci\u00f3n agradece a la Cooperativa CALF por la confianza depositada y por el gran trabajo colaborativo que se est\u00e1 realizando en el marco del dictado y la gesti\u00f3n de la Tecnicatura Superior en Energ\u00eda Renovable.<\/p>\n\n\n\n<figure class=\"wp-block-image\"><img decoding=\"async\" src=\"https:\/\/media.lmneuquen.com\/p\/81737c889685a5f2cf3b07170aa66b85\/adjuntos\/195\/imagenes\/007\/356\/0007356909\/770x0\/smart\/invernadero-hidroponico-energia-solar.jpg\" alt=\"\"\/><\/figure>\n\n\n\n<h3 class=\"wp-block-heading\">Beneficios para un desarrollo sostenible<\/h3>\n\n\n\n<ul class=\"wp-block-list\"><li>Mayor productividad y eficiencia en la producci\u00f3n de hortalizas de hoja verde y frutos.<\/li><li>Que los ni\u00f1os\/ni\u00f1as y j\u00f3venes puedan utilizar su tiempo educativo en actividades productivas creando proyectos que los ayuden en su bienestar y econom\u00eda.<\/li><li>Ausencia de agroqu\u00edmicos y fertilizantes.<\/li><li>Ahorro del 90% del agua por tratarse de un circuito cerrado de nutrici\u00f3n que se recicla.<\/li><li>Menos enfermedades, pues existe una mayor limpieza en el manejo del cultivo comenzando desde el momento en el que se siembra, hasta que se logre cultivar.<\/li><li>Ponerle fin a la desnutrici\u00f3n, mediante la promoci\u00f3n y difusi\u00f3n de la realizaci\u00f3n de invernaderos hidrop\u00f3nicos caseros.<\/li><li>Impulsar a los ni\u00f1os, adolescentes y j\u00f3venes; la nueva generaci\u00f3n, a cuidar los recursos que nos rodean.<\/li><\/ul>\n\n\n\n<h3 class=\"wp-block-heading\">El Invernadero y la Energ\u00eda Solar<\/h3>\n\n\n\n<p>En la Fundaci\u00f3n Neuqu\u00e9n Oeste se instal\u00f3 un sistema de generaci\u00f3n de energ\u00eda basado en el sistema de Energ\u00eda Solar OffGrid. El sistema tiene una generaci\u00f3n promedio anual de 2000 kWh y est\u00e1 conformado por 4 (cuatro) paneles Fotovoltaico Policristalino 72 cedas 340 Wp, cuyo fabricante es l\u00edder Amerisolar. Cuenta tambi\u00e9n con 1 (un) Inversor de 3kW de Potencia nominal del fabricante l\u00edder \u201cGrowatt New Energy\u201d.<\/p>\n\n\n\n<p>Su banco de bater\u00edas de Plomo-\u00c1cido de Tecnolog\u00eda VRLA GEL sin mantenimiento est\u00e1 compuesto por 2 unidades de 12V100AH, de recarga r\u00e1pida y baja tasa de autodescarga, buen rendimiento de alta corriente y de descarga profunda.<\/p>\n\n\n\n<p>Resiste la sobrecarga a corto plazo con un excelente rendimiento antivibraci\u00f3n. Tiene alta consistencia, seguridad, confiabilidad y estabilidad.<\/p>\n\n\n\n<figure class=\"wp-block-image\"><img decoding=\"async\" src=\"https:\/\/media.lmneuquen.com\/p\/cfbb6858fe04a10d2318cc9ccc53b8f7\/adjuntos\/195\/imagenes\/007\/356\/0007356911\/770x0\/smart\/invernadero-hidroponico-energia-solar.jpg\" alt=\"\"\/><\/figure>\n\n\n\n<p>El sistema de estructura de fijaci\u00f3n de los paneles solares al techo es de material de aluminio aportando un bajo peso por m2 al mismo y est\u00e1 certificada para vientos de 150 km\/h.<\/p>\n\n\n\n<p>Finalmente, y no menos importante es el tablero el\u00e9ctrico cumple. El mismo cumple con las normativas AEA 92559-3-1 e 90364-7-712.<\/p>\n\n\n\n<p>Desde Alter Energy SAS especialistas en Energ\u00eda Solar, eficiencia energ\u00e9tica, dom\u00f3tica, movilidad el\u00e9ctrica y calidad de energ\u00eda, con matr\u00edcula N\u00b0 EMP1895 celebramos estas decisiones camino a reducir la #HuellaDeCarbono en nuestra regi\u00f3n.<\/p>\n\n\n\n<h3 class=\"wp-block-heading\">Funcionamiento del Sistema Solar<\/h3>\n\n\n\n<p>El invernadero Hidrop\u00f3nico consumir\u00e1 autom\u00e1ticamente la energ\u00eda del sol durante las horas diurnas. En la medida que se acerque el atardecer y comiencen las horas nocturnas, se activa el consumo de la red el\u00e9ctrica de CALF.<\/p>\n\n\n\n<p>EL banco de bater\u00edas entrara en modo activo cuando ninguna de las fuentes de energ\u00eda anteriores se encuentre presente, brindando de esta forma un Backup de Energ\u00eda continuo al invernadero.<\/p>\n\n\n\n<h3 class=\"wp-block-heading\">\u00bfC\u00f3mo funciona el sistema hidrop\u00f3nico NFT?<\/h3>\n\n\n\n<p>Este sistema (Nutrient Film Technique o T\u00e9cnica de Film de Nutrientes) consiste en un canal inclinado por el cual pasa la soluci\u00f3n de nutrientes de forma constante y en el que se colocan las plantas en la parte superior, de tal forma que las ra\u00edces queden en contacto con la soluci\u00f3n.<\/p>\n\n\n\n<h3 class=\"wp-block-heading\">\u00bfQu\u00e9 se puede cultivar en hidropon\u00eda NFT?<\/h3>\n\n\n\n<ul class=\"wp-block-list\"><li>Lechuga<\/li><li>Acelga<\/li><li>Espinaca<\/li><li>Arom\u00e1ticas (albahaca, or\u00e9gano, laurel, lavanda, etc)<\/li><li>Chile<\/li><li>Pimiento Morr\u00f3n<\/li><li>Jitomate<\/li><li>Ornamentales<\/li><li>\u00bfCu\u00e1les son las ventajas y desventajas de la hidropon\u00eda?<\/li><\/ul>\n\n\n\n<h3 class=\"wp-block-heading\">Ventajas y desventajas de la hidropon\u00eda<\/h3>\n\n\n\n<ul class=\"wp-block-list\"><li>Ahorro de agua<\/li><li>Hace posible producir en condiciones ambientales limitantes<\/li><li>No se usan herbicidas<\/li><li>Cultivos de alta calidad<\/li><li>Ahorro en abonos y fertilizantes<\/li><li>Inversi\u00f3n inicial alta<\/li><li>Cuidado indispensable de la planta<\/li><li>No es apta para todas las especies<\/li><\/ul>\n\n\n\n<p>Fuente:https:\/\/www.lmneuquen.com\/inauguran-el-primer-invernadero-hidroponico-energia-solar-la-provincia-n970391<\/p>\n","protected":false},"excerpt":{"rendered":"","protected":false},"author":6,"featured_media":76585,"comment_status":"open","ping_status":"open","sticky":false,"template":"","format":"standard","meta":{"site-sidebar-layout":"default","site-content-layout":"","ast-site-content-layout":"default","site-content-style":"default","site-sidebar-style":"default","ast-global-header-display":"","ast-banner-title-visibility":"","ast-main-header-display":"","ast-hfb-above-header-display":"","ast-hfb-below-header-display":"","ast-hfb-mobile-header-display":"","site-post-title":"","ast-breadcrumbs-content":"","ast-featured-img":"","footer-sml-layout":"","ast-disable-related-posts":"","theme-transparent-header-meta":"","adv-header-id-meta":"","stick-header-meta":"","header-above-stick-meta":"","header-main-stick-meta":"","header-below-stick-meta":"","astra-migrate-meta-layouts":"default","ast-page-background-enabled":"default","ast-page-background-meta":{"desktop":{"background-color":"var(--ast-global-color-5)","background-image":"","background-repeat":"repeat","background-position":"center center","background-size":"auto","background-attachment":"scroll","background-type":"","background-media":"","overlay-type":"","overlay-color":"","overlay-opacity":"","overlay-gradient":""},"tablet":{"background-color":"","background-image":"","background-repeat":"repeat","background-position":"center center","background-size":"auto","background-attachment":"scroll","background-type":"","background-media":"","overlay-type":"","overlay-color":"","overlay-opacity":"","overlay-gradient":""},"mobile":{"background-color":"","background-image":"","background-repeat":"repeat","background-position":"center center","background-size":"auto","background-attachment":"scroll","background-type":"","background-media":"","overlay-type":"","overlay-color":"","overlay-opacity":"","overlay-gradient":""}},"ast-content-background-meta":{"desktop":{"background-color":"var(--ast-global-color-4)","background-image":"","background-repeat":"repeat","background-position":"center center","background-size":"auto","background-attachment":"scroll","background-type":"","background-media":"","overlay-type":"","overlay-color":"","overlay-opacity":"","overlay-gradient":""},"tablet":{"background-color":"var(--ast-global-color-4)","background-image":"","background-repeat":"repeat","background-position":"center center","background-size":"auto","background-attachment":"scroll","background-type":"","background-media":"","overlay-type":"","overlay-color":"","overlay-opacity":"","overlay-gradient":""},"mobile":{"background-color":"var(--ast-global-color-4)","background-image":"","background-repeat":"repeat","background-position":"center center","background-size":"auto","background-attachment":"scroll","background-type":"","background-media":"","overlay-type":"","overlay-color":"","overlay-opacity":"","overlay-gradient":""}},"footnotes":""},"categories":[11,1,10],"tags":[],"class_list":["post-76583","post","type-post","status-publish","format-standard","has-post-thumbnail","hentry","category-boletin","category-noticias","category-rotador"],"yoast_head":"<!-- This site is optimized with the Yoast SEO Premium plugin v23.0 (Yoast SEO v27.4) - https:\/\/yoast.com\/product\/yoast-seo-premium-wordpress\/ -->\n<title>Inauguran el primer invernadero hidrop\u00f3nico con energ\u00eda solar de la provincia de Neuqu\u00e9n<\/title>\n<meta name=\"robots\" content=\"index, follow, max-snippet:-1, max-image-preview:large, max-video-preview:-1\" \/>\n<link rel=\"canonical\" href=\"https:\/\/patagoniambiental.com.ar\/info\/inauguran-el-primer-invernadero-hidroponico-con-energia-solar-de-la-provincia-de-neuquen\/\" \/>\n<meta property=\"og:locale\" content=\"es_ES\" \/>\n<meta property=\"og:type\" content=\"article\" \/>\n<meta property=\"og:title\" content=\"Inauguran el primer invernadero hidrop\u00f3nico con energ\u00eda solar de la provincia de Neuqu\u00e9n\" \/>\n<meta property=\"og:url\" content=\"https:\/\/patagoniambiental.com.ar\/info\/inauguran-el-primer-invernadero-hidroponico-con-energia-solar-de-la-provincia-de-neuquen\/\" \/>\n<meta property=\"og:site_name\" content=\"Patagonia Ambiental\" \/>\n<meta property=\"article:publisher\" content=\"https:\/\/www.facebook.com\/patagonia.ambiental\" \/>\n<meta property=\"article:published_time\" content=\"2022-11-25T10:00:00+00:00\" \/>\n<meta property=\"article:modified_time\" content=\"2022-11-25T12:10:40+00:00\" \/>\n<meta property=\"og:image\" content=\"https:\/\/patagoniambiental.com.ar\/info\/wp-content\/uploads\/2022\/11\/invernadero-hidroponico-calf.jpg\" \/>\n\t<meta property=\"og:image:width\" content=\"770\" \/>\n\t<meta property=\"og:image:height\" content=\"436\" \/>\n\t<meta property=\"og:image:type\" content=\"image\/jpeg\" \/>\n<meta name=\"author\" content=\"BRAIAN ESTEVEZ\" \/>\n<meta name=\"twitter:card\" content=\"summary_large_image\" \/>\n<meta name=\"twitter:creator\" content=\"@PatAmb\" \/>\n<meta name=\"twitter:site\" content=\"@PatAmb\" \/>\n<script type=\"application\/ld+json\" class=\"yoast-schema-graph\">{\"@context\":\"https:\\\/\\\/schema.org\",\"@graph\":[{\"@type\":\"Article\",\"@id\":\"https:\\\/\\\/patagoniambiental.com.ar\\\/info\\\/inauguran-el-primer-invernadero-hidroponico-con-energia-solar-de-la-provincia-de-neuquen\\\/#article\",\"isPartOf\":{\"@id\":\"https:\\\/\\\/patagoniambiental.com.ar\\\/info\\\/inauguran-el-primer-invernadero-hidroponico-con-energia-solar-de-la-provincia-de-neuquen\\\/\"},\"author\":{\"name\":\"BRAIAN ESTEVEZ\",\"@id\":\"https:\\\/\\\/patagoniambiental.com.ar\\\/info\\\/#\\\/schema\\\/person\\\/e5af09d700b2e82cb10c6b8800e0c691\"},\"headline\":\"Inauguran el primer invernadero hidrop\u00f3nico con energ\u00eda solar de la provincia de Neuqu\u00e9n\",\"datePublished\":\"2022-11-25T10:00:00+00:00\",\"dateModified\":\"2022-11-25T12:10:40+00:00\",\"mainEntityOfPage\":{\"@id\":\"https:\\\/\\\/patagoniambiental.com.ar\\\/info\\\/inauguran-el-primer-invernadero-hidroponico-con-energia-solar-de-la-provincia-de-neuquen\\\/\"},\"wordCount\":781,\"commentCount\":0,\"publisher\":{\"@id\":\"https:\\\/\\\/patagoniambiental.com.ar\\\/info\\\/#organization\"},\"image\":{\"@id\":\"https:\\\/\\\/patagoniambiental.com.ar\\\/info\\\/inauguran-el-primer-invernadero-hidroponico-con-energia-solar-de-la-provincia-de-neuquen\\\/#primaryimage\"},\"thumbnailUrl\":\"https:\\\/\\\/patagoniambiental.com.ar\\\/info\\\/wp-content\\\/uploads\\\/2022\\\/11\\\/invernadero-hidroponico-calf.jpg\",\"articleSection\":[\"Bolet\u00edn\",\"Noticias\",\"Rotador\"],\"inLanguage\":\"es\",\"potentialAction\":[{\"@type\":\"CommentAction\",\"name\":\"Comment\",\"target\":[\"https:\\\/\\\/patagoniambiental.com.ar\\\/info\\\/inauguran-el-primer-invernadero-hidroponico-con-energia-solar-de-la-provincia-de-neuquen\\\/#respond\"]}]},{\"@type\":\"WebPage\",\"@id\":\"https:\\\/\\\/patagoniambiental.com.ar\\\/info\\\/inauguran-el-primer-invernadero-hidroponico-con-energia-solar-de-la-provincia-de-neuquen\\\/\",\"url\":\"https:\\\/\\\/patagoniambiental.com.ar\\\/info\\\/inauguran-el-primer-invernadero-hidroponico-con-energia-solar-de-la-provincia-de-neuquen\\\/\",\"name\":\"Inauguran el primer invernadero hidrop\u00f3nico con energ\u00eda solar de la provincia de Neuqu\u00e9n\",\"isPartOf\":{\"@id\":\"https:\\\/\\\/patagoniambiental.com.ar\\\/info\\\/#website\"},\"primaryImageOfPage\":{\"@id\":\"https:\\\/\\\/patagoniambiental.com.ar\\\/info\\\/inauguran-el-primer-invernadero-hidroponico-con-energia-solar-de-la-provincia-de-neuquen\\\/#primaryimage\"},\"image\":{\"@id\":\"https:\\\/\\\/patagoniambiental.com.ar\\\/info\\\/inauguran-el-primer-invernadero-hidroponico-con-energia-solar-de-la-provincia-de-neuquen\\\/#primaryimage\"},\"thumbnailUrl\":\"https:\\\/\\\/patagoniambiental.com.ar\\\/info\\\/wp-content\\\/uploads\\\/2022\\\/11\\\/invernadero-hidroponico-calf.jpg\",\"datePublished\":\"2022-11-25T10:00:00+00:00\",\"dateModified\":\"2022-11-25T12:10:40+00:00\",\"breadcrumb\":{\"@id\":\"https:\\\/\\\/patagoniambiental.com.ar\\\/info\\\/inauguran-el-primer-invernadero-hidroponico-con-energia-solar-de-la-provincia-de-neuquen\\\/#breadcrumb\"},\"inLanguage\":\"es\",\"potentialAction\":[{\"@type\":\"ReadAction\",\"target\":[\"https:\\\/\\\/patagoniambiental.com.ar\\\/info\\\/inauguran-el-primer-invernadero-hidroponico-con-energia-solar-de-la-provincia-de-neuquen\\\/\"]}]},{\"@type\":\"ImageObject\",\"inLanguage\":\"es\",\"@id\":\"https:\\\/\\\/patagoniambiental.com.ar\\\/info\\\/inauguran-el-primer-invernadero-hidroponico-con-energia-solar-de-la-provincia-de-neuquen\\\/#primaryimage\",\"url\":\"https:\\\/\\\/patagoniambiental.com.ar\\\/info\\\/wp-content\\\/uploads\\\/2022\\\/11\\\/invernadero-hidroponico-calf.jpg\",\"contentUrl\":\"https:\\\/\\\/patagoniambiental.com.ar\\\/info\\\/wp-content\\\/uploads\\\/2022\\\/11\\\/invernadero-hidroponico-calf.jpg\",\"width\":770,\"height\":436},{\"@type\":\"BreadcrumbList\",\"@id\":\"https:\\\/\\\/patagoniambiental.com.ar\\\/info\\\/inauguran-el-primer-invernadero-hidroponico-con-energia-solar-de-la-provincia-de-neuquen\\\/#breadcrumb\",\"itemListElement\":[{\"@type\":\"ListItem\",\"position\":1,\"name\":\"Inicio\",\"item\":\"https:\\\/\\\/patagoniambiental.com.ar\\\/info\\\/\"},{\"@type\":\"ListItem\",\"position\":2,\"name\":\"Inauguran el primer invernadero hidrop\u00f3nico con energ\u00eda solar de la provincia de Neuqu\u00e9n\"}]},{\"@type\":\"WebSite\",\"@id\":\"https:\\\/\\\/patagoniambiental.com.ar\\\/info\\\/#website\",\"url\":\"https:\\\/\\\/patagoniambiental.com.ar\\\/info\\\/\",\"name\":\"Patagonia Ambiental\",\"description\":\"Monitoreo y an\u00e1lisis de la situaci\u00f3n geopol\u00edtica en el mundo y su implicancia en la Patagonia\",\"publisher\":{\"@id\":\"https:\\\/\\\/patagoniambiental.com.ar\\\/info\\\/#organization\"},\"potentialAction\":[{\"@type\":\"SearchAction\",\"target\":{\"@type\":\"EntryPoint\",\"urlTemplate\":\"https:\\\/\\\/patagoniambiental.com.ar\\\/info\\\/?s={search_term_string}\"},\"query-input\":{\"@type\":\"PropertyValueSpecification\",\"valueRequired\":true,\"valueName\":\"search_term_string\"}}],\"inLanguage\":\"es\"},{\"@type\":\"Organization\",\"@id\":\"https:\\\/\\\/patagoniambiental.com.ar\\\/info\\\/#organization\",\"name\":\"Patagonia Ambiental\",\"url\":\"https:\\\/\\\/patagoniambiental.com.ar\\\/info\\\/\",\"logo\":{\"@type\":\"ImageObject\",\"inLanguage\":\"es\",\"@id\":\"https:\\\/\\\/patagoniambiental.com.ar\\\/info\\\/#\\\/schema\\\/logo\\\/image\\\/\",\"url\":\"https:\\\/\\\/patagoniambiental.com.ar\\\/info\\\/wp-content\\\/uploads\\\/2025\\\/05\\\/LOGO-PATAGONIA-AMBIENTAL.png\",\"contentUrl\":\"https:\\\/\\\/patagoniambiental.com.ar\\\/info\\\/wp-content\\\/uploads\\\/2025\\\/05\\\/LOGO-PATAGONIA-AMBIENTAL.png\",\"width\":433,\"height\":250,\"caption\":\"Patagonia Ambiental\"},\"image\":{\"@id\":\"https:\\\/\\\/patagoniambiental.com.ar\\\/info\\\/#\\\/schema\\\/logo\\\/image\\\/\"},\"sameAs\":[\"https:\\\/\\\/www.facebook.com\\\/patagonia.ambiental\",\"https:\\\/\\\/x.com\\\/PatAmb\"]},{\"@type\":\"Person\",\"@id\":\"https:\\\/\\\/patagoniambiental.com.ar\\\/info\\\/#\\\/schema\\\/person\\\/e5af09d700b2e82cb10c6b8800e0c691\",\"name\":\"BRAIAN ESTEVEZ\",\"sameAs\":[\"http:\\\/\\\/www.patagoniambiental.com.ar\"]}]}<\/script>\n<!-- \/ Yoast SEO Premium plugin. -->","yoast_head_json":{"title":"Inauguran el primer invernadero hidrop\u00f3nico con energ\u00eda solar de la provincia de Neuqu\u00e9n","robots":{"index":"index","follow":"follow","max-snippet":"max-snippet:-1","max-image-preview":"max-image-preview:large","max-video-preview":"max-video-preview:-1"},"canonical":"https:\/\/patagoniambiental.com.ar\/info\/inauguran-el-primer-invernadero-hidroponico-con-energia-solar-de-la-provincia-de-neuquen\/","og_locale":"es_ES","og_type":"article","og_title":"Inauguran el primer invernadero hidrop\u00f3nico con energ\u00eda solar de la provincia de Neuqu\u00e9n","og_url":"https:\/\/patagoniambiental.com.ar\/info\/inauguran-el-primer-invernadero-hidroponico-con-energia-solar-de-la-provincia-de-neuquen\/","og_site_name":"Patagonia Ambiental","article_publisher":"https:\/\/www.facebook.com\/patagonia.ambiental","article_published_time":"2022-11-25T10:00:00+00:00","article_modified_time":"2022-11-25T12:10:40+00:00","og_image":[{"width":770,"height":436,"url":"https:\/\/patagoniambiental.com.ar\/info\/wp-content\/uploads\/2022\/11\/invernadero-hidroponico-calf.jpg","type":"image\/jpeg"}],"author":"BRAIAN ESTEVEZ","twitter_card":"summary_large_image","twitter_creator":"@PatAmb","twitter_site":"@PatAmb","schema":{"@context":"https:\/\/schema.org","@graph":[{"@type":"Article","@id":"https:\/\/patagoniambiental.com.ar\/info\/inauguran-el-primer-invernadero-hidroponico-con-energia-solar-de-la-provincia-de-neuquen\/#article","isPartOf":{"@id":"https:\/\/patagoniambiental.com.ar\/info\/inauguran-el-primer-invernadero-hidroponico-con-energia-solar-de-la-provincia-de-neuquen\/"},"author":{"name":"BRAIAN ESTEVEZ","@id":"https:\/\/patagoniambiental.com.ar\/info\/#\/schema\/person\/e5af09d700b2e82cb10c6b8800e0c691"},"headline":"Inauguran el primer invernadero hidrop\u00f3nico con energ\u00eda solar de la provincia de Neuqu\u00e9n","datePublished":"2022-11-25T10:00:00+00:00","dateModified":"2022-11-25T12:10:40+00:00","mainEntityOfPage":{"@id":"https:\/\/patagoniambiental.com.ar\/info\/inauguran-el-primer-invernadero-hidroponico-con-energia-solar-de-la-provincia-de-neuquen\/"},"wordCount":781,"commentCount":0,"publisher":{"@id":"https:\/\/patagoniambiental.com.ar\/info\/#organization"},"image":{"@id":"https:\/\/patagoniambiental.com.ar\/info\/inauguran-el-primer-invernadero-hidroponico-con-energia-solar-de-la-provincia-de-neuquen\/#primaryimage"},"thumbnailUrl":"https:\/\/patagoniambiental.com.ar\/info\/wp-content\/uploads\/2022\/11\/invernadero-hidroponico-calf.jpg","articleSection":["Bolet\u00edn","Noticias","Rotador"],"inLanguage":"es","potentialAction":[{"@type":"CommentAction","name":"Comment","target":["https:\/\/patagoniambiental.com.ar\/info\/inauguran-el-primer-invernadero-hidroponico-con-energia-solar-de-la-provincia-de-neuquen\/#respond"]}]},{"@type":"WebPage","@id":"https:\/\/patagoniambiental.com.ar\/info\/inauguran-el-primer-invernadero-hidroponico-con-energia-solar-de-la-provincia-de-neuquen\/","url":"https:\/\/patagoniambiental.com.ar\/info\/inauguran-el-primer-invernadero-hidroponico-con-energia-solar-de-la-provincia-de-neuquen\/","name":"Inauguran el primer invernadero hidrop\u00f3nico con energ\u00eda solar de la provincia de Neuqu\u00e9n","isPartOf":{"@id":"https:\/\/patagoniambiental.com.ar\/info\/#website"},"primaryImageOfPage":{"@id":"https:\/\/patagoniambiental.com.ar\/info\/inauguran-el-primer-invernadero-hidroponico-con-energia-solar-de-la-provincia-de-neuquen\/#primaryimage"},"image":{"@id":"https:\/\/patagoniambiental.com.ar\/info\/inauguran-el-primer-invernadero-hidroponico-con-energia-solar-de-la-provincia-de-neuquen\/#primaryimage"},"thumbnailUrl":"https:\/\/patagoniambiental.com.ar\/info\/wp-content\/uploads\/2022\/11\/invernadero-hidroponico-calf.jpg","datePublished":"2022-11-25T10:00:00+00:00","dateModified":"2022-11-25T12:10:40+00:00","breadcrumb":{"@id":"https:\/\/patagoniambiental.com.ar\/info\/inauguran-el-primer-invernadero-hidroponico-con-energia-solar-de-la-provincia-de-neuquen\/#breadcrumb"},"inLanguage":"es","potentialAction":[{"@type":"ReadAction","target":["https:\/\/patagoniambiental.com.ar\/info\/inauguran-el-primer-invernadero-hidroponico-con-energia-solar-de-la-provincia-de-neuquen\/"]}]},{"@type":"ImageObject","inLanguage":"es","@id":"https:\/\/patagoniambiental.com.ar\/info\/inauguran-el-primer-invernadero-hidroponico-con-energia-solar-de-la-provincia-de-neuquen\/#primaryimage","url":"https:\/\/patagoniambiental.com.ar\/info\/wp-content\/uploads\/2022\/11\/invernadero-hidroponico-calf.jpg","contentUrl":"https:\/\/patagoniambiental.com.ar\/info\/wp-content\/uploads\/2022\/11\/invernadero-hidroponico-calf.jpg","width":770,"height":436},{"@type":"BreadcrumbList","@id":"https:\/\/patagoniambiental.com.ar\/info\/inauguran-el-primer-invernadero-hidroponico-con-energia-solar-de-la-provincia-de-neuquen\/#breadcrumb","itemListElement":[{"@type":"ListItem","position":1,"name":"Inicio","item":"https:\/\/patagoniambiental.com.ar\/info\/"},{"@type":"ListItem","position":2,"name":"Inauguran el primer invernadero hidrop\u00f3nico con energ\u00eda solar de la provincia de Neuqu\u00e9n"}]},{"@type":"WebSite","@id":"https:\/\/patagoniambiental.com.ar\/info\/#website","url":"https:\/\/patagoniambiental.com.ar\/info\/","name":"Patagonia Ambiental","description":"Monitoreo y an\u00e1lisis de la situaci\u00f3n geopol\u00edtica en el mundo y su implicancia en la Patagonia","publisher":{"@id":"https:\/\/patagoniambiental.com.ar\/info\/#organization"},"potentialAction":[{"@type":"SearchAction","target":{"@type":"EntryPoint","urlTemplate":"https:\/\/patagoniambiental.com.ar\/info\/?s={search_term_string}"},"query-input":{"@type":"PropertyValueSpecification","valueRequired":true,"valueName":"search_term_string"}}],"inLanguage":"es"},{"@type":"Organization","@id":"https:\/\/patagoniambiental.com.ar\/info\/#organization","name":"Patagonia Ambiental","url":"https:\/\/patagoniambiental.com.ar\/info\/","logo":{"@type":"ImageObject","inLanguage":"es","@id":"https:\/\/patagoniambiental.com.ar\/info\/#\/schema\/logo\/image\/","url":"https:\/\/patagoniambiental.com.ar\/info\/wp-content\/uploads\/2025\/05\/LOGO-PATAGONIA-AMBIENTAL.png","contentUrl":"https:\/\/patagoniambiental.com.ar\/info\/wp-content\/uploads\/2025\/05\/LOGO-PATAGONIA-AMBIENTAL.png","width":433,"height":250,"caption":"Patagonia Ambiental"},"image":{"@id":"https:\/\/patagoniambiental.com.ar\/info\/#\/schema\/logo\/image\/"},"sameAs":["https:\/\/www.facebook.com\/patagonia.ambiental","https:\/\/x.com\/PatAmb"]},{"@type":"Person","@id":"https:\/\/patagoniambiental.com.ar\/info\/#\/schema\/person\/e5af09d700b2e82cb10c6b8800e0c691","name":"BRAIAN ESTEVEZ","sameAs":["http:\/\/www.patagoniambiental.com.ar"]}]}},"_links":{"self":[{"href":"https:\/\/patagoniambiental.com.ar\/info\/wp-json\/wp\/v2\/posts\/76583","targetHints":{"allow":["GET"]}}],"collection":[{"href":"https:\/\/patagoniambiental.com.ar\/info\/wp-json\/wp\/v2\/posts"}],"about":[{"href":"https:\/\/patagoniambiental.com.ar\/info\/wp-json\/wp\/v2\/types\/post"}],"author":[{"embeddable":true,"href":"https:\/\/patagoniambiental.com.ar\/info\/wp-json\/wp\/v2\/users\/6"}],"replies":[{"embeddable":true,"href":"https:\/\/patagoniambiental.com.ar\/info\/wp-json\/wp\/v2\/comments?post=76583"}],"version-history":[{"count":0,"href":"https:\/\/patagoniambiental.com.ar\/info\/wp-json\/wp\/v2\/posts\/76583\/revisions"}],"wp:featuredmedia":[{"embeddable":true,"href":"https:\/\/patagoniambiental.com.ar\/info\/wp-json\/wp\/v2\/media\/76585"}],"wp:attachment":[{"href":"https:\/\/patagoniambiental.com.ar\/info\/wp-json\/wp\/v2\/media?parent=76583"}],"wp:term":[{"taxonomy":"category","embeddable":true,"href":"https:\/\/patagoniambiental.com.ar\/info\/wp-json\/wp\/v2\/categories?post=76583"},{"taxonomy":"post_tag","embeddable":true,"href":"https:\/\/patagoniambiental.com.ar\/info\/wp-json\/wp\/v2\/tags?post=76583"}],"curies":[{"name":"wp","href":"https:\/\/api.w.org\/{rel}","templated":true}]}}