{"id":76595,"date":"2022-11-29T07:00:00","date_gmt":"2022-11-29T10:00:00","guid":{"rendered":"http:\/\/patagoniambiental.com.ar\/info\/?p=76595"},"modified":"2022-11-29T10:58:45","modified_gmt":"2022-11-29T13:58:45","slug":"presentaron-la-propuesta-para-que-bariloche-sea-sede-de-la-expo-internacional-2027","status":"publish","type":"post","link":"https:\/\/patagoniambiental.com.ar\/info\/presentaron-la-propuesta-para-que-bariloche-sea-sede-de-la-expo-internacional-2027\/","title":{"rendered":"Presentaron la propuesta para que Bariloche sea sede de la Expo Internacional 2027"},"content":{"rendered":"\n<!--more-->\n\n\n\n<p>El ministro de Turismo y Deportes, Mat\u00edas Lammens; la gobernadora de R\u00edo Negro, Arabela Carreras, y el intendente de San Carlos de Bariloche, Gustavo Gennuso presentaron este lunes por segunda vez en Par\u00eds la propuesta para que la ciudad patag\u00f3nica sea la sede de la Expo Internacional Especializada 2027.<\/p>\n\n\n\n<p>All\u00ed expusieron \u00absobre las bondades de la regi\u00f3n\u00bb y afirmaron que ya est\u00e1n \u00absembrando las semillas para convertirnos en un pa\u00eds productor y exportador de nuevas alternativas de generaci\u00f3n de energ\u00edas, que cuidan el medio ambiente y protegen el planeta\u00bb, indicaron desde el Ministerio de Turismo.<\/p>\n\n\n\n<h2 class=\"wp-block-heading\">Lee tambi\u00e9n<\/h2>\n\n\n\n<figure class=\"wp-block-image\"><a href=\"https:\/\/noticiasnqn.com.ar\/rio-negro\/78-rionegrinos-inscriptos-en-el-programa-para-dejar-de-fumar.htm\"><img decoding=\"async\" src=\"https:\/\/noticiasnqn.com.ar\/galeria\/fotos\/2022\/11\/29\/m_1669721125.jpg\" alt=\"\" title=\"78 rionegrinos inscriptos en el programa para dejar de fumar\"\/><\/a><\/figure>\n\n\n\n<p><a href=\"https:\/\/noticiasnqn.com.ar\/rio-negro\/rio-negro\">Rio Negro<\/a><a href=\"https:\/\/noticiasnqn.com.ar\/rio-negro\/78-rionegrinos-inscriptos-en-el-programa-para-dejar-de-fumar.htm\"> 78 rionegrinos inscriptos en el programa para dejar de fumar<\/a> 29 Nov 2022<\/p>\n\n\n\n<p>Bajo el lema \u00abNaturaleza + Tecnolog\u00eda\u00bb, la presentaci\u00f3n se realiz\u00f3 en el marco de la Asamblea 171 del Oficina Internacional de Exposiciones (BIE por sus siglas en ingl\u00e9s), que se desarroll\u00f3 este lunes en la capital francesa.<ins>https:\/\/googleads.g.doubleclick.net\/pagead\/ads?client=ca-pub-6701243718527398&amp;output=html&amp;h=90&amp;slotname=6848661680&amp;adk=3081438863&amp;adf=3510522029&amp;pi=t.ma~as.6848661680&amp;w=728&amp;lmt=1669730381&amp;format=728&#215;90&amp;url=https%3A%2F%2Fnoticiasnqn.com.ar%2Frio-negro%2Fpresentaron-la-propuesta-para-que-bariloche-sea-sede-de-la-expo-internacional-2027.htm&amp;wgl=1&amp;adsid=ChEIgPiWnAYQu_yl3LWC7MrDARI8AIEnR8xG1uz3wkl3uVt5ZUFfT5sqR10hgMBRn5PuTAP7_4V0jozEio7t7MBnVt1UwyOJkucJfQgrTK5f&amp;dt=1669730378806&amp;bpp=2&amp;bdt=6673&amp;idt=2151&amp;shv=r20221110&amp;mjsv=m202211150101&amp;ptt=9&amp;saldr=aa&amp;abxe=1&amp;cookie=ID%3Da7b6daef6f54086f-22f33296d87b0023%3AT%3D1646922384%3ART%3D1646922384%3AS%3DALNI_MZDniCe5p06O2RQCeeNW0njs-JWcw&amp;gpic=UID%3D0000094abbaaa2fd%3AT%3D1662653786%3ART%3D1666700849%3AS%3DALNI_MbaSoP3PK0vDAaxn30p0r-38nY0Yw&amp;prev_fmts=0x0&amp;nras=1&amp;correlator=4974782090404&amp;frm=20&amp;pv=1&amp;ga_vid=2045712566.1646922452&amp;ga_sid=1669730381&amp;ga_hid=505546764&amp;ga_fc=1&amp;u_tz=-180&amp;u_his=1&amp;u_h=768&amp;u_w=1366&amp;u_ah=728&amp;u_aw=1366&amp;u_cd=24&amp;u_sd=1&amp;adx=97&amp;ady=1727&amp;biw=1354&amp;bih=559&amp;scr_x=0&amp;scr_y=912&amp;eid=44759875%2C44759926%2C44759837%2C42531706%2C31070969%2C44770881&amp;oid=2&amp;pvsid=2282773518829421&amp;tmod=1187486160&amp;nvt=1&amp;ref=https%3A%2F%2Fwww.google.com%2F&amp;eae=0&amp;fc=1920&amp;brdim=0%2C0%2C0%2C0%2C1366%2C0%2C1366%2C697%2C1366%2C559&amp;vis=1&amp;rsz=%7C%7CeoEbr%7C&amp;abl=CS&amp;pfx=0&amp;fu=0&amp;bc=31&amp;jar=2022-11-16-13&amp;ifi=2&amp;uci=a!2&amp;btvi=1&amp;fsb=1&amp;xpc=eB7bpVGpHZ&amp;p=https%3A\/\/noticiasnqn.com.ar&amp;dtd=2385<\/ins><\/p>\n\n\n\n<p>Lammens, Carreras y Gennuso encabezaron la comitiva que expuso ante las autoridades del BIE \u00absobre las bondades de la regi\u00f3n patag\u00f3nica para la realizaci\u00f3n de la Expo\u00bb, indicaron desde el Ministerio de Turismo.<\/p>\n\n\n\n<figure class=\"wp-block-image\"><a href=\"https:\/\/noticiasnqn.com.ar\/rio-negro\/secuestran-en-cipolletti-un-auto-con-pedido-de-secuestro-de-buenos-aires.htm\"><img decoding=\"async\" src=\"https:\/\/noticiasnqn.com.ar\/galeria\/fotos\/2022\/11\/28\/m_1669664532.jpeg\" alt=\"\" title=\"Secuestran en Cipolletti un auto con pedido de secuestro de Buenos Aires\"\/><\/a><\/figure>\n\n\n\n<p><a href=\"https:\/\/noticiasnqn.com.ar\/rio-negro\/rio-negro\">Rio Negro<\/a><a href=\"https:\/\/noticiasnqn.com.ar\/rio-negro\/secuestran-en-cipolletti-un-auto-con-pedido-de-secuestro-de-buenos-aires.htm\"> Secuestran en Cipolletti un auto con pedido de secuestro de Buenos Aires<\/a> 28 Nov 2022<\/p>\n\n\n\n<p>Esta candidatura, y el proyecto que la sustenta, son el fruto del trabajo de tres jurisdicciones (municipal, provincial y nacional) de diferente origen pol\u00edtico, que trabajan en conjunto para realizar esta Expo.<ins>https:\/\/googleads.g.doubleclick.net\/pagead\/ads?client=ca-pub-6701243718527398&amp;output=html&amp;h=90&amp;slotname=6848661680&amp;adk=1480652184&amp;adf=259049466&amp;pi=t.ma~as.6848661680&amp;w=728&amp;lmt=1669730381&amp;format=728&#215;90&amp;url=https%3A%2F%2Fnoticiasnqn.com.ar%2Frio-negro%2Fpresentaron-la-propuesta-para-que-bariloche-sea-sede-de-la-expo-internacional-2027.htm&amp;wgl=1&amp;adsid=ChEIgPiWnAYQu_yl3LWC7MrDARI8AIEnR8xG1uz3wkl3uVt5ZUFfT5sqR10hgMBRn5PuTAP7_4V0jozEio7t7MBnVt1UwyOJkucJfQgrTK5f&amp;dt=1669730378806&amp;bpp=1&amp;bdt=6672&amp;idt=2154&amp;shv=r20221110&amp;mjsv=m202211150101&amp;ptt=9&amp;saldr=aa&amp;abxe=1&amp;cookie=ID%3Da7b6daef6f54086f-22f33296d87b0023%3AT%3D1646922384%3ART%3D1646922384%3AS%3DALNI_MZDniCe5p06O2RQCeeNW0njs-JWcw&amp;gpic=UID%3D0000094abbaaa2fd%3AT%3D1662653786%3ART%3D1666700849%3AS%3DALNI_MbaSoP3PK0vDAaxn30p0r-38nY0Yw&amp;prev_fmts=0x0%2C728x90&amp;nras=1&amp;correlator=4974782090404&amp;frm=20&amp;pv=1&amp;ga_vid=2045712566.1646922452&amp;ga_sid=1669730381&amp;ga_hid=505546764&amp;ga_fc=1&amp;u_tz=-180&amp;u_his=1&amp;u_h=768&amp;u_w=1366&amp;u_ah=728&amp;u_aw=1366&amp;u_cd=24&amp;u_sd=1&amp;adx=97&amp;ady=2202&amp;biw=1354&amp;bih=559&amp;scr_x=0&amp;scr_y=912&amp;eid=44759875%2C44759926%2C44759837%2C42531706%2C31070969%2C44770881&amp;oid=2&amp;pvsid=2282773518829421&amp;tmod=1187486160&amp;nvt=1&amp;ref=https%3A%2F%2Fwww.google.com%2F&amp;eae=0&amp;fc=1920&amp;brdim=0%2C0%2C0%2C0%2C1366%2C0%2C1366%2C697%2C1366%2C559&amp;vis=1&amp;rsz=%7C%7CeoEbr%7C&amp;abl=CS&amp;pfx=0&amp;fu=0&amp;bc=31&amp;jar=2022-11-16-13&amp;ifi=3&amp;uci=a!3&amp;btvi=2&amp;fsb=1&amp;xpc=19iaBtof9x&amp;p=https%3A\/\/noticiasnqn.com.ar&amp;dtd=2405<\/ins><\/p>\n\n\n\n<p>Lammens destac\u00f3 que \u00abluego de una articulaci\u00f3n virtuosa con el sector privado, podemos afirmar que en Argentina ya no estamos viendo la reactivaci\u00f3n sino el crecimiento de la actividad tur\u00edstica\u00bb.<a href=\"https:\/\/noticiasnqn.com.ar\/temas\/agencia-de-noticias-bariloche\"> BARILOCHE <\/a><a href=\"https:\/\/noticiasnqn.com.ar\/temas\/turismo\">turismo<\/a><\/p>\n\n\n\n<p><\/p>\n\n\n\n<h4 class=\"wp-block-heading\"><\/h4>\n\n\n\n<figure class=\"wp-block-embed\"><div class=\"wp-block-embed__wrapper\">\nhttps:\/\/www.facebook.com\/v2.9\/plugins\/comments.php?app_id=441030336249520&#038;channel=https%3A%2F%2Fstaticxx.facebook.com%2Fx%2Fconnect%2Fxd_arbiter%2F%3Fversion%3D46%23cb%3Df27490fc8d98b0a%26domain%3Dnoticiasnqn.com.ar%26is_canvas%3Dfalse%26origin%3Dhttps%253A%252F%252Fnoticiasnqn.com.ar%252Ff234e0d96caf746%26relation%3Dparent.parent&#038;container_width=828&#038;height=100&#038;href=https%3A%2F%2Fnoticiasnqn.com.ar%2Fuid-269539&#038;locale=es_LA&#038;numposts=10&#038;order_by=reverse_time&#038;sdk=joey&#038;version=v2.9&#038;width=\n<\/div><\/figure>\n\n\n\n<figure class=\"wp-block-image\"><img decoding=\"async\" src=\"https:\/\/cdn.ex.co\/logos\/5e6eef35-c6da-4b91-b042-e4a7e740f93d_null__1667977394704.png\" alt=\"exp-player-logo\"\/><\/figure>\n\n\n\n<p>Fuente: https:\/\/noticiasnqn.com.ar\/rio-negro\/presentaron-la-propuesta-para-que-bariloche-sea-sede-de-la-expo-internacional-2027.htm<\/p>\n","protected":false},"excerpt":{"rendered":"","protected":false},"author":6,"featured_media":76596,"comment_status":"open","ping_status":"open","sticky":false,"template":"","format":"standard","meta":{"site-sidebar-layout":"default","site-content-layout":"","ast-site-content-layout":"default","site-content-style":"default","site-sidebar-style":"default","ast-global-header-display":"","ast-banner-title-visibility":"","ast-main-header-display":"","ast-hfb-above-header-display":"","ast-hfb-below-header-display":"","ast-hfb-mobile-header-display":"","site-post-title":"","ast-breadcrumbs-content":"","ast-featured-img":"","footer-sml-layout":"","ast-disable-related-posts":"","theme-transparent-header-meta":"","adv-header-id-meta":"","stick-header-meta":"","header-above-stick-meta":"","header-main-stick-meta":"","header-below-stick-meta":"","astra-migrate-meta-layouts":"default","ast-page-background-enabled":"default","ast-page-background-meta":{"desktop":{"background-color":"var(--ast-global-color-5)","background-image":"","background-repeat":"repeat","background-position":"center center","background-size":"auto","background-attachment":"scroll","background-type":"","background-media":"","overlay-type":"","overlay-color":"","overlay-opacity":"","overlay-gradient":""},"tablet":{"background-color":"","background-image":"","background-repeat":"repeat","background-position":"center center","background-size":"auto","background-attachment":"scroll","background-type":"","background-media":"","overlay-type":"","overlay-color":"","overlay-opacity":"","overlay-gradient":""},"mobile":{"background-color":"","background-image":"","background-repeat":"repeat","background-position":"center center","background-size":"auto","background-attachment":"scroll","background-type":"","background-media":"","overlay-type":"","overlay-color":"","overlay-opacity":"","overlay-gradient":""}},"ast-content-background-meta":{"desktop":{"background-color":"var(--ast-global-color-4)","background-image":"","background-repeat":"repeat","background-position":"center center","background-size":"auto","background-attachment":"scroll","background-type":"","background-media":"","overlay-type":"","overlay-color":"","overlay-opacity":"","overlay-gradient":""},"tablet":{"background-color":"var(--ast-global-color-4)","background-image":"","background-repeat":"repeat","background-position":"center center","background-size":"auto","background-attachment":"scroll","background-type":"","background-media":"","overlay-type":"","overlay-color":"","overlay-opacity":"","overlay-gradient":""},"mobile":{"background-color":"var(--ast-global-color-4)","background-image":"","background-repeat":"repeat","background-position":"center center","background-size":"auto","background-attachment":"scroll","background-type":"","background-media":"","overlay-type":"","overlay-color":"","overlay-opacity":"","overlay-gradient":""}},"footnotes":""},"categories":[11,23,1,10],"tags":[],"class_list":["post-76595","post","type-post","status-publish","format-standard","has-post-thumbnail","hentry","category-boletin","category-internacionales","category-noticias","category-rotador"],"yoast_head":"<!-- This site is optimized with the Yoast SEO Premium plugin v23.0 (Yoast SEO v27.4) - https:\/\/yoast.com\/product\/yoast-seo-premium-wordpress\/ -->\n<title>Presentaron la propuesta para que Bariloche sea sede de la Expo Internacional 2027<\/title>\n<meta name=\"robots\" content=\"index, follow, max-snippet:-1, max-image-preview:large, max-video-preview:-1\" \/>\n<link rel=\"canonical\" href=\"https:\/\/patagoniambiental.com.ar\/info\/presentaron-la-propuesta-para-que-bariloche-sea-sede-de-la-expo-internacional-2027\/\" \/>\n<meta property=\"og:locale\" content=\"es_ES\" \/>\n<meta property=\"og:type\" content=\"article\" \/>\n<meta property=\"og:title\" content=\"Presentaron la propuesta para que Bariloche sea sede de la Expo Internacional 2027\" \/>\n<meta property=\"og:url\" content=\"https:\/\/patagoniambiental.com.ar\/info\/presentaron-la-propuesta-para-que-bariloche-sea-sede-de-la-expo-internacional-2027\/\" \/>\n<meta property=\"og:site_name\" content=\"Patagonia Ambiental\" \/>\n<meta property=\"article:publisher\" content=\"https:\/\/www.facebook.com\/patagonia.ambiental\" \/>\n<meta property=\"article:published_time\" content=\"2022-11-29T10:00:00+00:00\" \/>\n<meta property=\"article:modified_time\" content=\"2022-11-29T13:58:45+00:00\" \/>\n<meta property=\"og:image\" content=\"https:\/\/patagoniambiental.com.ar\/info\/wp-content\/uploads\/2022\/11\/l_1669685156.jpg\" \/>\n\t<meta property=\"og:image:width\" content=\"900\" \/>\n\t<meta property=\"og:image:height\" content=\"600\" \/>\n\t<meta property=\"og:image:type\" content=\"image\/jpeg\" \/>\n<meta name=\"author\" content=\"BRAIAN ESTEVEZ\" \/>\n<meta name=\"twitter:card\" content=\"summary_large_image\" \/>\n<meta name=\"twitter:creator\" content=\"@PatAmb\" \/>\n<meta name=\"twitter:site\" content=\"@PatAmb\" \/>\n<script type=\"application\/ld+json\" class=\"yoast-schema-graph\">{\"@context\":\"https:\\\/\\\/schema.org\",\"@graph\":[{\"@type\":\"Article\",\"@id\":\"https:\\\/\\\/patagoniambiental.com.ar\\\/info\\\/presentaron-la-propuesta-para-que-bariloche-sea-sede-de-la-expo-internacional-2027\\\/#article\",\"isPartOf\":{\"@id\":\"https:\\\/\\\/patagoniambiental.com.ar\\\/info\\\/presentaron-la-propuesta-para-que-bariloche-sea-sede-de-la-expo-internacional-2027\\\/\"},\"author\":{\"name\":\"BRAIAN ESTEVEZ\",\"@id\":\"https:\\\/\\\/patagoniambiental.com.ar\\\/info\\\/#\\\/schema\\\/person\\\/e5af09d700b2e82cb10c6b8800e0c691\"},\"headline\":\"Presentaron la propuesta para que Bariloche sea sede de la Expo Internacional 2027\",\"datePublished\":\"2022-11-29T10:00:00+00:00\",\"dateModified\":\"2022-11-29T13:58:45+00:00\",\"mainEntityOfPage\":{\"@id\":\"https:\\\/\\\/patagoniambiental.com.ar\\\/info\\\/presentaron-la-propuesta-para-que-bariloche-sea-sede-de-la-expo-internacional-2027\\\/\"},\"wordCount\":928,\"commentCount\":0,\"publisher\":{\"@id\":\"https:\\\/\\\/patagoniambiental.com.ar\\\/info\\\/#organization\"},\"image\":{\"@id\":\"https:\\\/\\\/patagoniambiental.com.ar\\\/info\\\/presentaron-la-propuesta-para-que-bariloche-sea-sede-de-la-expo-internacional-2027\\\/#primaryimage\"},\"thumbnailUrl\":\"https:\\\/\\\/patagoniambiental.com.ar\\\/info\\\/wp-content\\\/uploads\\\/2022\\\/11\\\/l_1669685156.jpg\",\"articleSection\":[\"Bolet\u00edn\",\"Internacionales\",\"Noticias\",\"Rotador\"],\"inLanguage\":\"es\",\"potentialAction\":[{\"@type\":\"CommentAction\",\"name\":\"Comment\",\"target\":[\"https:\\\/\\\/patagoniambiental.com.ar\\\/info\\\/presentaron-la-propuesta-para-que-bariloche-sea-sede-de-la-expo-internacional-2027\\\/#respond\"]}]},{\"@type\":\"WebPage\",\"@id\":\"https:\\\/\\\/patagoniambiental.com.ar\\\/info\\\/presentaron-la-propuesta-para-que-bariloche-sea-sede-de-la-expo-internacional-2027\\\/\",\"url\":\"https:\\\/\\\/patagoniambiental.com.ar\\\/info\\\/presentaron-la-propuesta-para-que-bariloche-sea-sede-de-la-expo-internacional-2027\\\/\",\"name\":\"Presentaron la propuesta para que Bariloche sea sede de la Expo Internacional 2027\",\"isPartOf\":{\"@id\":\"https:\\\/\\\/patagoniambiental.com.ar\\\/info\\\/#website\"},\"primaryImageOfPage\":{\"@id\":\"https:\\\/\\\/patagoniambiental.com.ar\\\/info\\\/presentaron-la-propuesta-para-que-bariloche-sea-sede-de-la-expo-internacional-2027\\\/#primaryimage\"},\"image\":{\"@id\":\"https:\\\/\\\/patagoniambiental.com.ar\\\/info\\\/presentaron-la-propuesta-para-que-bariloche-sea-sede-de-la-expo-internacional-2027\\\/#primaryimage\"},\"thumbnailUrl\":\"https:\\\/\\\/patagoniambiental.com.ar\\\/info\\\/wp-content\\\/uploads\\\/2022\\\/11\\\/l_1669685156.jpg\",\"datePublished\":\"2022-11-29T10:00:00+00:00\",\"dateModified\":\"2022-11-29T13:58:45+00:00\",\"breadcrumb\":{\"@id\":\"https:\\\/\\\/patagoniambiental.com.ar\\\/info\\\/presentaron-la-propuesta-para-que-bariloche-sea-sede-de-la-expo-internacional-2027\\\/#breadcrumb\"},\"inLanguage\":\"es\",\"potentialAction\":[{\"@type\":\"ReadAction\",\"target\":[\"https:\\\/\\\/patagoniambiental.com.ar\\\/info\\\/presentaron-la-propuesta-para-que-bariloche-sea-sede-de-la-expo-internacional-2027\\\/\"]}]},{\"@type\":\"ImageObject\",\"inLanguage\":\"es\",\"@id\":\"https:\\\/\\\/patagoniambiental.com.ar\\\/info\\\/presentaron-la-propuesta-para-que-bariloche-sea-sede-de-la-expo-internacional-2027\\\/#primaryimage\",\"url\":\"https:\\\/\\\/patagoniambiental.com.ar\\\/info\\\/wp-content\\\/uploads\\\/2022\\\/11\\\/l_1669685156.jpg\",\"contentUrl\":\"https:\\\/\\\/patagoniambiental.com.ar\\\/info\\\/wp-content\\\/uploads\\\/2022\\\/11\\\/l_1669685156.jpg\",\"width\":900,\"height\":600},{\"@type\":\"BreadcrumbList\",\"@id\":\"https:\\\/\\\/patagoniambiental.com.ar\\\/info\\\/presentaron-la-propuesta-para-que-bariloche-sea-sede-de-la-expo-internacional-2027\\\/#breadcrumb\",\"itemListElement\":[{\"@type\":\"ListItem\",\"position\":1,\"name\":\"Inicio\",\"item\":\"https:\\\/\\\/patagoniambiental.com.ar\\\/info\\\/\"},{\"@type\":\"ListItem\",\"position\":2,\"name\":\"Presentaron la propuesta para que Bariloche sea sede de la Expo Internacional 2027\"}]},{\"@type\":\"WebSite\",\"@id\":\"https:\\\/\\\/patagoniambiental.com.ar\\\/info\\\/#website\",\"url\":\"https:\\\/\\\/patagoniambiental.com.ar\\\/info\\\/\",\"name\":\"Patagonia Ambiental\",\"description\":\"Monitoreo y an\u00e1lisis de la situaci\u00f3n geopol\u00edtica en el mundo y su implicancia en la Patagonia\",\"publisher\":{\"@id\":\"https:\\\/\\\/patagoniambiental.com.ar\\\/info\\\/#organization\"},\"potentialAction\":[{\"@type\":\"SearchAction\",\"target\":{\"@type\":\"EntryPoint\",\"urlTemplate\":\"https:\\\/\\\/patagoniambiental.com.ar\\\/info\\\/?s={search_term_string}\"},\"query-input\":{\"@type\":\"PropertyValueSpecification\",\"valueRequired\":true,\"valueName\":\"search_term_string\"}}],\"inLanguage\":\"es\"},{\"@type\":\"Organization\",\"@id\":\"https:\\\/\\\/patagoniambiental.com.ar\\\/info\\\/#organization\",\"name\":\"Patagonia Ambiental\",\"url\":\"https:\\\/\\\/patagoniambiental.com.ar\\\/info\\\/\",\"logo\":{\"@type\":\"ImageObject\",\"inLanguage\":\"es\",\"@id\":\"https:\\\/\\\/patagoniambiental.com.ar\\\/info\\\/#\\\/schema\\\/logo\\\/image\\\/\",\"url\":\"https:\\\/\\\/patagoniambiental.com.ar\\\/info\\\/wp-content\\\/uploads\\\/2025\\\/05\\\/LOGO-PATAGONIA-AMBIENTAL.png\",\"contentUrl\":\"https:\\\/\\\/patagoniambiental.com.ar\\\/info\\\/wp-content\\\/uploads\\\/2025\\\/05\\\/LOGO-PATAGONIA-AMBIENTAL.png\",\"width\":433,\"height\":250,\"caption\":\"Patagonia Ambiental\"},\"image\":{\"@id\":\"https:\\\/\\\/patagoniambiental.com.ar\\\/info\\\/#\\\/schema\\\/logo\\\/image\\\/\"},\"sameAs\":[\"https:\\\/\\\/www.facebook.com\\\/patagonia.ambiental\",\"https:\\\/\\\/x.com\\\/PatAmb\"]},{\"@type\":\"Person\",\"@id\":\"https:\\\/\\\/patagoniambiental.com.ar\\\/info\\\/#\\\/schema\\\/person\\\/e5af09d700b2e82cb10c6b8800e0c691\",\"name\":\"BRAIAN ESTEVEZ\",\"sameAs\":[\"http:\\\/\\\/www.patagoniambiental.com.ar\"]}]}<\/script>\n<!-- \/ Yoast SEO Premium plugin. -->","yoast_head_json":{"title":"Presentaron la propuesta para que Bariloche sea sede de la Expo Internacional 2027","robots":{"index":"index","follow":"follow","max-snippet":"max-snippet:-1","max-image-preview":"max-image-preview:large","max-video-preview":"max-video-preview:-1"},"canonical":"https:\/\/patagoniambiental.com.ar\/info\/presentaron-la-propuesta-para-que-bariloche-sea-sede-de-la-expo-internacional-2027\/","og_locale":"es_ES","og_type":"article","og_title":"Presentaron la propuesta para que Bariloche sea sede de la Expo Internacional 2027","og_url":"https:\/\/patagoniambiental.com.ar\/info\/presentaron-la-propuesta-para-que-bariloche-sea-sede-de-la-expo-internacional-2027\/","og_site_name":"Patagonia Ambiental","article_publisher":"https:\/\/www.facebook.com\/patagonia.ambiental","article_published_time":"2022-11-29T10:00:00+00:00","article_modified_time":"2022-11-29T13:58:45+00:00","og_image":[{"width":900,"height":600,"url":"https:\/\/patagoniambiental.com.ar\/info\/wp-content\/uploads\/2022\/11\/l_1669685156.jpg","type":"image\/jpeg"}],"author":"BRAIAN ESTEVEZ","twitter_card":"summary_large_image","twitter_creator":"@PatAmb","twitter_site":"@PatAmb","schema":{"@context":"https:\/\/schema.org","@graph":[{"@type":"Article","@id":"https:\/\/patagoniambiental.com.ar\/info\/presentaron-la-propuesta-para-que-bariloche-sea-sede-de-la-expo-internacional-2027\/#article","isPartOf":{"@id":"https:\/\/patagoniambiental.com.ar\/info\/presentaron-la-propuesta-para-que-bariloche-sea-sede-de-la-expo-internacional-2027\/"},"author":{"name":"BRAIAN ESTEVEZ","@id":"https:\/\/patagoniambiental.com.ar\/info\/#\/schema\/person\/e5af09d700b2e82cb10c6b8800e0c691"},"headline":"Presentaron la propuesta para que Bariloche sea sede de la Expo Internacional 2027","datePublished":"2022-11-29T10:00:00+00:00","dateModified":"2022-11-29T13:58:45+00:00","mainEntityOfPage":{"@id":"https:\/\/patagoniambiental.com.ar\/info\/presentaron-la-propuesta-para-que-bariloche-sea-sede-de-la-expo-internacional-2027\/"},"wordCount":928,"commentCount":0,"publisher":{"@id":"https:\/\/patagoniambiental.com.ar\/info\/#organization"},"image":{"@id":"https:\/\/patagoniambiental.com.ar\/info\/presentaron-la-propuesta-para-que-bariloche-sea-sede-de-la-expo-internacional-2027\/#primaryimage"},"thumbnailUrl":"https:\/\/patagoniambiental.com.ar\/info\/wp-content\/uploads\/2022\/11\/l_1669685156.jpg","articleSection":["Bolet\u00edn","Internacionales","Noticias","Rotador"],"inLanguage":"es","potentialAction":[{"@type":"CommentAction","name":"Comment","target":["https:\/\/patagoniambiental.com.ar\/info\/presentaron-la-propuesta-para-que-bariloche-sea-sede-de-la-expo-internacional-2027\/#respond"]}]},{"@type":"WebPage","@id":"https:\/\/patagoniambiental.com.ar\/info\/presentaron-la-propuesta-para-que-bariloche-sea-sede-de-la-expo-internacional-2027\/","url":"https:\/\/patagoniambiental.com.ar\/info\/presentaron-la-propuesta-para-que-bariloche-sea-sede-de-la-expo-internacional-2027\/","name":"Presentaron la propuesta para que Bariloche sea sede de la Expo Internacional 2027","isPartOf":{"@id":"https:\/\/patagoniambiental.com.ar\/info\/#website"},"primaryImageOfPage":{"@id":"https:\/\/patagoniambiental.com.ar\/info\/presentaron-la-propuesta-para-que-bariloche-sea-sede-de-la-expo-internacional-2027\/#primaryimage"},"image":{"@id":"https:\/\/patagoniambiental.com.ar\/info\/presentaron-la-propuesta-para-que-bariloche-sea-sede-de-la-expo-internacional-2027\/#primaryimage"},"thumbnailUrl":"https:\/\/patagoniambiental.com.ar\/info\/wp-content\/uploads\/2022\/11\/l_1669685156.jpg","datePublished":"2022-11-29T10:00:00+00:00","dateModified":"2022-11-29T13:58:45+00:00","breadcrumb":{"@id":"https:\/\/patagoniambiental.com.ar\/info\/presentaron-la-propuesta-para-que-bariloche-sea-sede-de-la-expo-internacional-2027\/#breadcrumb"},"inLanguage":"es","potentialAction":[{"@type":"ReadAction","target":["https:\/\/patagoniambiental.com.ar\/info\/presentaron-la-propuesta-para-que-bariloche-sea-sede-de-la-expo-internacional-2027\/"]}]},{"@type":"ImageObject","inLanguage":"es","@id":"https:\/\/patagoniambiental.com.ar\/info\/presentaron-la-propuesta-para-que-bariloche-sea-sede-de-la-expo-internacional-2027\/#primaryimage","url":"https:\/\/patagoniambiental.com.ar\/info\/wp-content\/uploads\/2022\/11\/l_1669685156.jpg","contentUrl":"https:\/\/patagoniambiental.com.ar\/info\/wp-content\/uploads\/2022\/11\/l_1669685156.jpg","width":900,"height":600},{"@type":"BreadcrumbList","@id":"https:\/\/patagoniambiental.com.ar\/info\/presentaron-la-propuesta-para-que-bariloche-sea-sede-de-la-expo-internacional-2027\/#breadcrumb","itemListElement":[{"@type":"ListItem","position":1,"name":"Inicio","item":"https:\/\/patagoniambiental.com.ar\/info\/"},{"@type":"ListItem","position":2,"name":"Presentaron la propuesta para que Bariloche sea sede de la Expo Internacional 2027"}]},{"@type":"WebSite","@id":"https:\/\/patagoniambiental.com.ar\/info\/#website","url":"https:\/\/patagoniambiental.com.ar\/info\/","name":"Patagonia Ambiental","description":"Monitoreo y an\u00e1lisis de la situaci\u00f3n geopol\u00edtica en el mundo y su implicancia en la Patagonia","publisher":{"@id":"https:\/\/patagoniambiental.com.ar\/info\/#organization"},"potentialAction":[{"@type":"SearchAction","target":{"@type":"EntryPoint","urlTemplate":"https:\/\/patagoniambiental.com.ar\/info\/?s={search_term_string}"},"query-input":{"@type":"PropertyValueSpecification","valueRequired":true,"valueName":"search_term_string"}}],"inLanguage":"es"},{"@type":"Organization","@id":"https:\/\/patagoniambiental.com.ar\/info\/#organization","name":"Patagonia Ambiental","url":"https:\/\/patagoniambiental.com.ar\/info\/","logo":{"@type":"ImageObject","inLanguage":"es","@id":"https:\/\/patagoniambiental.com.ar\/info\/#\/schema\/logo\/image\/","url":"https:\/\/patagoniambiental.com.ar\/info\/wp-content\/uploads\/2025\/05\/LOGO-PATAGONIA-AMBIENTAL.png","contentUrl":"https:\/\/patagoniambiental.com.ar\/info\/wp-content\/uploads\/2025\/05\/LOGO-PATAGONIA-AMBIENTAL.png","width":433,"height":250,"caption":"Patagonia Ambiental"},"image":{"@id":"https:\/\/patagoniambiental.com.ar\/info\/#\/schema\/logo\/image\/"},"sameAs":["https:\/\/www.facebook.com\/patagonia.ambiental","https:\/\/x.com\/PatAmb"]},{"@type":"Person","@id":"https:\/\/patagoniambiental.com.ar\/info\/#\/schema\/person\/e5af09d700b2e82cb10c6b8800e0c691","name":"BRAIAN ESTEVEZ","sameAs":["http:\/\/www.patagoniambiental.com.ar"]}]}},"_links":{"self":[{"href":"https:\/\/patagoniambiental.com.ar\/info\/wp-json\/wp\/v2\/posts\/76595","targetHints":{"allow":["GET"]}}],"collection":[{"href":"https:\/\/patagoniambiental.com.ar\/info\/wp-json\/wp\/v2\/posts"}],"about":[{"href":"https:\/\/patagoniambiental.com.ar\/info\/wp-json\/wp\/v2\/types\/post"}],"author":[{"embeddable":true,"href":"https:\/\/patagoniambiental.com.ar\/info\/wp-json\/wp\/v2\/users\/6"}],"replies":[{"embeddable":true,"href":"https:\/\/patagoniambiental.com.ar\/info\/wp-json\/wp\/v2\/comments?post=76595"}],"version-history":[{"count":0,"href":"https:\/\/patagoniambiental.com.ar\/info\/wp-json\/wp\/v2\/posts\/76595\/revisions"}],"wp:featuredmedia":[{"embeddable":true,"href":"https:\/\/patagoniambiental.com.ar\/info\/wp-json\/wp\/v2\/media\/76596"}],"wp:attachment":[{"href":"https:\/\/patagoniambiental.com.ar\/info\/wp-json\/wp\/v2\/media?parent=76595"}],"wp:term":[{"taxonomy":"category","embeddable":true,"href":"https:\/\/patagoniambiental.com.ar\/info\/wp-json\/wp\/v2\/categories?post=76595"},{"taxonomy":"post_tag","embeddable":true,"href":"https:\/\/patagoniambiental.com.ar\/info\/wp-json\/wp\/v2\/tags?post=76595"}],"curies":[{"name":"wp","href":"https:\/\/api.w.org\/{rel}","templated":true}]}}