{"id":76599,"date":"2022-11-30T07:00:00","date_gmt":"2022-11-30T10:00:00","guid":{"rendered":"http:\/\/patagoniambiental.com.ar\/info\/?p=76599"},"modified":"2022-12-02T09:08:04","modified_gmt":"2022-12-02T12:08:04","slug":"lanzan-segunda-temporada-de-anfitriones-de-la-ruta-de-los-parques","status":"publish","type":"post","link":"https:\/\/patagoniambiental.com.ar\/info\/lanzan-segunda-temporada-de-anfitriones-de-la-ruta-de-los-parques\/","title":{"rendered":"Lanzan segunda temporada de \u201cAnfitriones de la Ruta de los Parques\u201d"},"content":{"rendered":"\n<!--more-->\n\n\n\n<p><em>La serie compuesta de 17 c\u00e1psulas de video, muestra las historias de vecinos de las comunidades aleda\u00f1as a los Parques Nacionales de la regi\u00f3n de Ays\u00e9n, destacando el orgullo que representa para ellos vivir y formar parte de la Ruta de los Parques de la Patagonia, un pulm\u00f3n verde de relevancia planetaria.<br><\/em><\/p>\n\n\n\n<div class=\"wp-block-image\"><figure class=\"alignleft\"><img decoding=\"async\" src=\"https:\/\/www.rutadelosparques.org\/web\/wp-content\/uploads\/2022\/11\/anfittriones_1.png\" alt=\"\" class=\"wp-image-7080\"\/><\/figure><\/div>\n\n\n\n<p><em>30 de noviembre 2022.-&nbsp;<\/em>Con el fin de visibilizar la importancia de las comunidades aleda\u00f1as a los parques nacionales, la Fundaci\u00f3n Rewilding Chile present\u00f3 la segunda temporada de la serie \u201cAnfitriones de la Ruta de los Parques\u201d, compuesta de 17 c\u00e1psulas de video que ser\u00e1n difundidos a trav\u00e9s del canal de&nbsp; <a href=\"http:\/\/www.youtube.com\/playlist?list=PL_MgYb-LjtdAFkHRRhGfXZZCyGiY8LCIj\">YouTube<\/a> de la&nbsp; Fundaci\u00f3n y sus redes sociales.&nbsp;<\/p>\n\n\n\n<p>Las c\u00e1psulas muestran diversas historias de los habitantes de las comunidades aleda\u00f1as a los parques nacionales Queulat, isla Magdalena, Laguna San Rafael y Patagonia, entre otros, y destacan el rol que estas \u00e1reas protegidas juegan en su vida diaria. As\u00ed, \u201cAnfitriones de la Ruta de los Parques\u201d, recoge&nbsp; testimonios de los vecinos de Puyuhuapi, Cerro Castillo, Chile Chico, por mencionar algunos, dando cuenta de \u00edntimas historias de vida y las diversas motivaciones de sus protagonistas, que van desde el turismo, la artesan\u00eda hasta la horticultura.&nbsp;<\/p>\n\n\n\n<p>\u201cA trav\u00e9s de este proyecto queremos relevar la importancia de las comunidades aleda\u00f1as a los parques nacionales. Adem\u00e1s de ser los anfitriones de quienes visitan las \u00e1reas protegidas, son los principales los defensores de estos territorios, gracias a los cuales pueden beneficiarse del desarrollo econ\u00f3mico generado en base al turismo como consecuencia de la conservaci\u00f3n\u201d, explica Carolina Cerda, Directora de Vinculaci\u00f3n Comunitaria de Rewilding Chile, impulsores de esta iniciativa.&nbsp;<\/p>\n\n\n\n<p>Por su parte la horticultora y dirigenta campesina, Gloria Becerra, una de las Anfitrionas de esta temporada, afirma que \u201cel poder reconocernos como habitantes de este territorio y ver nuestro esfuerzo es muy emocionante. Como comunidades tenemos una gran responsabilidad de cuidar nuestra naturaleza y cultura, para desarrollarnos desde el buen vivir y poder ofrecer experiencias significativas a quienes nos visiten\u201d.<\/p>\n\n\n\n<p>Anfitriones de la Ruta de los Parques busca poner en valor la visi\u00f3n territorial de la Ruta de los Parques de la Patagonia, la protecci\u00f3n de las \u00e1reas de conservaci\u00f3n,&nbsp; fomentando una cultura ambiental que protege la naturaleza.<\/p>\n\n\n\n<p>Algunos de los anfitriones de esta temporada son la escritora Luisa Ludwig de Puyuhuapi, el operador tur\u00edstico Celestino Ancamil de Puerto Cisnes, la fot\u00f3grafa aficionada Joaquina Barrientos de Villa Cerro Castillo y el educador ambiental Jorge Molina de Cochrane.<\/p>\n\n\n\n<p>Puedes ver la temporada completa de \u201cAnfitriones de la Ruta de los Parques\u201d en el canal de YouTube de @FundacionRewildingChile. \u00a1No te los pierdas!<\/p>\n\n\n\n<figure class=\"wp-block-embed is-type-video is-provider-youtube wp-block-embed-youtube wp-embed-aspect-16-9 wp-has-aspect-ratio\"><div class=\"wp-block-embed__wrapper\">\n<iframe title=\"Anfitriones de la Ruta de los Parques - Regi\u00f3n de Ays\u00e9n\" width=\"500\" height=\"281\" src=\"https:\/\/www.youtube.com\/embed\/videoseries?list=PL_MgYb-LjtdAFkHRRhGfXZZCyGiY8LCIj\" frameborder=\"0\" allow=\"accelerometer; autoplay; clipboard-write; encrypted-media; gyroscope; picture-in-picture; web-share\" referrerpolicy=\"strict-origin-when-cross-origin\" allowfullscreen><\/iframe>\n<\/div><\/figure>\n\n\n\n<figure class=\"wp-block-embed is-type-rich is-provider-gestor-del-servicio wp-block-embed-gestor-del-servicio\"><div class=\"wp-block-embed__wrapper\">\nhttps:\/\/youtube.com\/watch?v=videoseries%3Flist%3DPL_MgYb-LjtdAFkHRRhGfXZZCyGiY8LCIj\n<\/div><\/figure>\n\n\n\n<p><strong>La Ruta de los Parques de la Patagonia en cifras:<\/strong><\/p>\n\n\n\n<ul class=\"wp-block-list\"><li>17 Parques Nacionales<\/li><li>M\u00e1s de 60 comunidades<\/li><li>2.800 km entre Puerto Montt y Cabo de Hornos<\/li><li>3 regiones: Los Lagos, Ays\u00e9n y Magallanes<\/li><li>11,8 millones de hect\u00e1reas protegidas como parque nacional<\/li><li>91% del territorio protegido bajo categor\u00eda de Parque Nacional<\/li><li>3 veces m\u00e1s carbono almacenado por hect\u00e1rea que la Amazon\u00eda&nbsp;&nbsp;<\/li><\/ul>\n\n\n\n<p><strong>Parques Nacionales integrantes de la Ruta de los Parques:<\/strong><\/p>\n\n\n\n<ol class=\"wp-block-list\"><li>Parque Nacional Alerce Andino<\/li><li>Parque Nacional Hornopir\u00e9n<\/li><li>Parque Nacional Pumal\u00edn Douglas Tompkins<\/li><li>Parque Nacional Corcovado<\/li><li>Parque Nacional Melimoyu<\/li><li>Parque Nacional Queulat<\/li><li>Parque Nacional Isla Magdalena<\/li><li>Parque Nacional Laguna San Rafael<\/li><li>Parque Nacional Cerro Castillo<\/li><li>Parque Nacional Patagonia<\/li><li>Parque Nacional Bernardo O\u2019Higgins<\/li><li>Parque Nacional Kaw\u00e9sqar<\/li><li>Parque Nacional Torres del Paine<\/li><li>Parque Nacional Pali-Aike<\/li><li>Parque Nacional Alberto de Agostini<\/li><li>Parque Nacional Yendegaia<\/li><li>Parque Nacional Cabo de Hornos<\/li><\/ol>\n\n\n\n<h2 class=\"wp-block-heading\">Otras noticias<\/h2>\n\n\n\n<p><a href=\"https:\/\/www.rutadelosparques.org\/visita-comunitaria-al-sector-el-furioso-relevando-el-valor-ecologico-de-un-area-desconocido-del-parque-nacional-patagonia\/\">25 noviembre, 2022 Visita comunitaria al sector El Furioso: relevando el valor ecol\u00f3gico de un \u00e1rea desconocido del Parque Nacional Patagonia <\/a><a href=\"https:\/\/www.rutadelosparques.org\/comienza-el-programa-guardianes-del-parque-nacional-patagonia-para-alumnos-y-profesores-del-liceo-de-chile-chico\/\">09 noviembre, 2022 Comienza el programa \u201cDefensores del Parque Nacional Patagonia\u201d para alumnos y profesores del liceo de Chile Chico <\/a><a href=\"https:\/\/www.rutadelosparques.org\/salida-comunitaria-reconociendo-las-aves-de-la-estepa-en-primavera\/\">25 octubre, 2022 Salida comunitaria: reconociendo las aves de la estepa en primavera <\/a><a href=\"https:\/\/www.rutadelosparques.org\/comunidad-del-valle-de-chamiza-aprende-sobre-tenencia-responsable-de-mascotas\/\">14 octubre, 2022 Comunidad del Valle de Chamiza aprende sobre tenencia responsable de mascotas <\/a><a href=\"https:\/\/www.rutadelosparques.org\/salida-exploratoria-comunitaria-al-sector-loma-alta-conociendo-las-amenazas-del-parque-nacional-patagonia\/\">13 octubre, 2022 Salida exploratoria comunitaria al sector Loma Alta: conociendo las amenazas del Parque Nacional Patagonia <\/a><a href=\"https:\/\/www.rutadelosparques.org\/lanzan-primera-edicion-del-pasaporte-en-ingles\/\">14 septiembre, 2022 Lanzan primera edici\u00f3n del pasaporte en ingl\u00e9s Esta iniciativa \u00fanica en Chile contiene la informaci\u00f3n clave para ir descubriendo los lugares imperdibles de cada parque nacional de la Ruta y sus comunidades aleda\u00f1as <\/a><a href=\"https:\/\/www.rutadelosparques.org\/proyecto-de-investigacion-bordadoras-del-baker-lanza-su-libro-digital\/\">07 septiembre, 2022 Proyecto de investigaci\u00f3n \u201cBordadoras del Baker\u201d lanza su libro digital <\/a><a href=\"https:\/\/www.rutadelosparques.org\/explorando-el-potencial-turistico-del-parque-nacional-alerce-andino-de-cordillera-a-mar\/\">06 septiembre, 2022 Explorando el potencial tur\u00edstico del Parque Nacional Alerce Andino de cordillera a mar<\/a><\/p>\n\n\n\n<p>Fuente: https:\/\/www.rutadelosparques.org\/lanzan-segunda-temporada-de-anfitriones-de-la-ruta-de-los-parques\/<\/p>\n","protected":false},"excerpt":{"rendered":"","protected":false},"author":6,"featured_media":76601,"comment_status":"open","ping_status":"open","sticky":false,"template":"","format":"standard","meta":{"site-sidebar-layout":"default","site-content-layout":"","ast-site-content-layout":"default","site-content-style":"default","site-sidebar-style":"default","ast-global-header-display":"","ast-banner-title-visibility":"","ast-main-header-display":"","ast-hfb-above-header-display":"","ast-hfb-below-header-display":"","ast-hfb-mobile-header-display":"","site-post-title":"","ast-breadcrumbs-content":"","ast-featured-img":"","footer-sml-layout":"","ast-disable-related-posts":"","theme-transparent-header-meta":"","adv-header-id-meta":"","stick-header-meta":"","header-above-stick-meta":"","header-main-stick-meta":"","header-below-stick-meta":"","astra-migrate-meta-layouts":"default","ast-page-background-enabled":"default","ast-page-background-meta":{"desktop":{"background-color":"var(--ast-global-color-5)","background-image":"","background-repeat":"repeat","background-position":"center center","background-size":"auto","background-attachment":"scroll","background-type":"","background-media":"","overlay-type":"","overlay-color":"","overlay-opacity":"","overlay-gradient":""},"tablet":{"background-color":"","background-image":"","background-repeat":"repeat","background-position":"center center","background-size":"auto","background-attachment":"scroll","background-type":"","background-media":"","overlay-type":"","overlay-color":"","overlay-opacity":"","overlay-gradient":""},"mobile":{"background-color":"","background-image":"","background-repeat":"repeat","background-position":"center center","background-size":"auto","background-attachment":"scroll","background-type":"","background-media":"","overlay-type":"","overlay-color":"","overlay-opacity":"","overlay-gradient":""}},"ast-content-background-meta":{"desktop":{"background-color":"var(--ast-global-color-4)","background-image":"","background-repeat":"repeat","background-position":"center center","background-size":"auto","background-attachment":"scroll","background-type":"","background-media":"","overlay-type":"","overlay-color":"","overlay-opacity":"","overlay-gradient":""},"tablet":{"background-color":"var(--ast-global-color-4)","background-image":"","background-repeat":"repeat","background-position":"center center","background-size":"auto","background-attachment":"scroll","background-type":"","background-media":"","overlay-type":"","overlay-color":"","overlay-opacity":"","overlay-gradient":""},"mobile":{"background-color":"var(--ast-global-color-4)","background-image":"","background-repeat":"repeat","background-position":"center center","background-size":"auto","background-attachment":"scroll","background-type":"","background-media":"","overlay-type":"","overlay-color":"","overlay-opacity":"","overlay-gradient":""}},"footnotes":""},"categories":[11,1,3,10],"tags":[],"class_list":["post-76599","post","type-post","status-publish","format-standard","has-post-thumbnail","hentry","category-boletin","category-noticias","category-ong","category-rotador"],"yoast_head":"<!-- This site is optimized with the Yoast SEO Premium plugin v23.0 (Yoast SEO v27.4) - https:\/\/yoast.com\/product\/yoast-seo-premium-wordpress\/ -->\n<title>Lanzan segunda temporada de \u201cAnfitriones de la Ruta de los Parques\u201d<\/title>\n<meta name=\"robots\" content=\"index, follow, max-snippet:-1, max-image-preview:large, max-video-preview:-1\" \/>\n<link rel=\"canonical\" href=\"https:\/\/patagoniambiental.com.ar\/info\/lanzan-segunda-temporada-de-anfitriones-de-la-ruta-de-los-parques\/\" \/>\n<meta property=\"og:locale\" content=\"es_ES\" \/>\n<meta property=\"og:type\" content=\"article\" \/>\n<meta property=\"og:title\" content=\"Lanzan segunda temporada de \u201cAnfitriones de la Ruta de los Parques\u201d\" \/>\n<meta property=\"og:url\" content=\"https:\/\/patagoniambiental.com.ar\/info\/lanzan-segunda-temporada-de-anfitriones-de-la-ruta-de-los-parques\/\" \/>\n<meta property=\"og:site_name\" content=\"Patagonia Ambiental\" \/>\n<meta property=\"article:publisher\" content=\"https:\/\/www.facebook.com\/patagonia.ambiental\" \/>\n<meta property=\"article:published_time\" content=\"2022-11-30T10:00:00+00:00\" \/>\n<meta property=\"article:modified_time\" content=\"2022-12-02T12:08:04+00:00\" \/>\n<meta property=\"og:image\" content=\"https:\/\/patagoniambiental.com.ar\/info\/wp-content\/uploads\/2022\/12\/anfittriones_1.png\" \/>\n\t<meta property=\"og:image:width\" content=\"1000\" \/>\n\t<meta property=\"og:image:height\" content=\"503\" \/>\n\t<meta property=\"og:image:type\" content=\"image\/png\" \/>\n<meta name=\"author\" content=\"BRAIAN ESTEVEZ\" \/>\n<meta name=\"twitter:card\" content=\"summary_large_image\" \/>\n<meta name=\"twitter:creator\" content=\"@PatAmb\" \/>\n<meta name=\"twitter:site\" content=\"@PatAmb\" \/>\n<script type=\"application\/ld+json\" class=\"yoast-schema-graph\">{\"@context\":\"https:\\\/\\\/schema.org\",\"@graph\":[{\"@type\":\"Article\",\"@id\":\"https:\\\/\\\/patagoniambiental.com.ar\\\/info\\\/lanzan-segunda-temporada-de-anfitriones-de-la-ruta-de-los-parques\\\/#article\",\"isPartOf\":{\"@id\":\"https:\\\/\\\/patagoniambiental.com.ar\\\/info\\\/lanzan-segunda-temporada-de-anfitriones-de-la-ruta-de-los-parques\\\/\"},\"author\":{\"name\":\"BRAIAN ESTEVEZ\",\"@id\":\"https:\\\/\\\/patagoniambiental.com.ar\\\/info\\\/#\\\/schema\\\/person\\\/e5af09d700b2e82cb10c6b8800e0c691\"},\"headline\":\"Lanzan segunda temporada de \u201cAnfitriones de la Ruta de los Parques\u201d\",\"datePublished\":\"2022-11-30T10:00:00+00:00\",\"dateModified\":\"2022-12-02T12:08:04+00:00\",\"mainEntityOfPage\":{\"@id\":\"https:\\\/\\\/patagoniambiental.com.ar\\\/info\\\/lanzan-segunda-temporada-de-anfitriones-de-la-ruta-de-los-parques\\\/\"},\"wordCount\":775,\"commentCount\":0,\"publisher\":{\"@id\":\"https:\\\/\\\/patagoniambiental.com.ar\\\/info\\\/#organization\"},\"image\":{\"@id\":\"https:\\\/\\\/patagoniambiental.com.ar\\\/info\\\/lanzan-segunda-temporada-de-anfitriones-de-la-ruta-de-los-parques\\\/#primaryimage\"},\"thumbnailUrl\":\"https:\\\/\\\/patagoniambiental.com.ar\\\/info\\\/wp-content\\\/uploads\\\/2022\\\/12\\\/anfittriones_1.png\",\"articleSection\":[\"Bolet\u00edn\",\"Noticias\",\"ONG\",\"Rotador\"],\"inLanguage\":\"es\",\"potentialAction\":[{\"@type\":\"CommentAction\",\"name\":\"Comment\",\"target\":[\"https:\\\/\\\/patagoniambiental.com.ar\\\/info\\\/lanzan-segunda-temporada-de-anfitriones-de-la-ruta-de-los-parques\\\/#respond\"]}]},{\"@type\":\"WebPage\",\"@id\":\"https:\\\/\\\/patagoniambiental.com.ar\\\/info\\\/lanzan-segunda-temporada-de-anfitriones-de-la-ruta-de-los-parques\\\/\",\"url\":\"https:\\\/\\\/patagoniambiental.com.ar\\\/info\\\/lanzan-segunda-temporada-de-anfitriones-de-la-ruta-de-los-parques\\\/\",\"name\":\"Lanzan segunda temporada de \u201cAnfitriones de la Ruta de los Parques\u201d\",\"isPartOf\":{\"@id\":\"https:\\\/\\\/patagoniambiental.com.ar\\\/info\\\/#website\"},\"primaryImageOfPage\":{\"@id\":\"https:\\\/\\\/patagoniambiental.com.ar\\\/info\\\/lanzan-segunda-temporada-de-anfitriones-de-la-ruta-de-los-parques\\\/#primaryimage\"},\"image\":{\"@id\":\"https:\\\/\\\/patagoniambiental.com.ar\\\/info\\\/lanzan-segunda-temporada-de-anfitriones-de-la-ruta-de-los-parques\\\/#primaryimage\"},\"thumbnailUrl\":\"https:\\\/\\\/patagoniambiental.com.ar\\\/info\\\/wp-content\\\/uploads\\\/2022\\\/12\\\/anfittriones_1.png\",\"datePublished\":\"2022-11-30T10:00:00+00:00\",\"dateModified\":\"2022-12-02T12:08:04+00:00\",\"breadcrumb\":{\"@id\":\"https:\\\/\\\/patagoniambiental.com.ar\\\/info\\\/lanzan-segunda-temporada-de-anfitriones-de-la-ruta-de-los-parques\\\/#breadcrumb\"},\"inLanguage\":\"es\",\"potentialAction\":[{\"@type\":\"ReadAction\",\"target\":[\"https:\\\/\\\/patagoniambiental.com.ar\\\/info\\\/lanzan-segunda-temporada-de-anfitriones-de-la-ruta-de-los-parques\\\/\"]}]},{\"@type\":\"ImageObject\",\"inLanguage\":\"es\",\"@id\":\"https:\\\/\\\/patagoniambiental.com.ar\\\/info\\\/lanzan-segunda-temporada-de-anfitriones-de-la-ruta-de-los-parques\\\/#primaryimage\",\"url\":\"https:\\\/\\\/patagoniambiental.com.ar\\\/info\\\/wp-content\\\/uploads\\\/2022\\\/12\\\/anfittriones_1.png\",\"contentUrl\":\"https:\\\/\\\/patagoniambiental.com.ar\\\/info\\\/wp-content\\\/uploads\\\/2022\\\/12\\\/anfittriones_1.png\",\"width\":1000,\"height\":503},{\"@type\":\"BreadcrumbList\",\"@id\":\"https:\\\/\\\/patagoniambiental.com.ar\\\/info\\\/lanzan-segunda-temporada-de-anfitriones-de-la-ruta-de-los-parques\\\/#breadcrumb\",\"itemListElement\":[{\"@type\":\"ListItem\",\"position\":1,\"name\":\"Inicio\",\"item\":\"https:\\\/\\\/patagoniambiental.com.ar\\\/info\\\/\"},{\"@type\":\"ListItem\",\"position\":2,\"name\":\"Lanzan segunda temporada de \u201cAnfitriones de la Ruta de los Parques\u201d\"}]},{\"@type\":\"WebSite\",\"@id\":\"https:\\\/\\\/patagoniambiental.com.ar\\\/info\\\/#website\",\"url\":\"https:\\\/\\\/patagoniambiental.com.ar\\\/info\\\/\",\"name\":\"Patagonia Ambiental\",\"description\":\"Monitoreo y an\u00e1lisis de la situaci\u00f3n geopol\u00edtica en el mundo y su implicancia en la Patagonia\",\"publisher\":{\"@id\":\"https:\\\/\\\/patagoniambiental.com.ar\\\/info\\\/#organization\"},\"potentialAction\":[{\"@type\":\"SearchAction\",\"target\":{\"@type\":\"EntryPoint\",\"urlTemplate\":\"https:\\\/\\\/patagoniambiental.com.ar\\\/info\\\/?s={search_term_string}\"},\"query-input\":{\"@type\":\"PropertyValueSpecification\",\"valueRequired\":true,\"valueName\":\"search_term_string\"}}],\"inLanguage\":\"es\"},{\"@type\":\"Organization\",\"@id\":\"https:\\\/\\\/patagoniambiental.com.ar\\\/info\\\/#organization\",\"name\":\"Patagonia Ambiental\",\"url\":\"https:\\\/\\\/patagoniambiental.com.ar\\\/info\\\/\",\"logo\":{\"@type\":\"ImageObject\",\"inLanguage\":\"es\",\"@id\":\"https:\\\/\\\/patagoniambiental.com.ar\\\/info\\\/#\\\/schema\\\/logo\\\/image\\\/\",\"url\":\"https:\\\/\\\/patagoniambiental.com.ar\\\/info\\\/wp-content\\\/uploads\\\/2025\\\/05\\\/LOGO-PATAGONIA-AMBIENTAL.png\",\"contentUrl\":\"https:\\\/\\\/patagoniambiental.com.ar\\\/info\\\/wp-content\\\/uploads\\\/2025\\\/05\\\/LOGO-PATAGONIA-AMBIENTAL.png\",\"width\":433,\"height\":250,\"caption\":\"Patagonia Ambiental\"},\"image\":{\"@id\":\"https:\\\/\\\/patagoniambiental.com.ar\\\/info\\\/#\\\/schema\\\/logo\\\/image\\\/\"},\"sameAs\":[\"https:\\\/\\\/www.facebook.com\\\/patagonia.ambiental\",\"https:\\\/\\\/x.com\\\/PatAmb\"]},{\"@type\":\"Person\",\"@id\":\"https:\\\/\\\/patagoniambiental.com.ar\\\/info\\\/#\\\/schema\\\/person\\\/e5af09d700b2e82cb10c6b8800e0c691\",\"name\":\"BRAIAN ESTEVEZ\",\"sameAs\":[\"http:\\\/\\\/www.patagoniambiental.com.ar\"]}]}<\/script>\n<!-- \/ Yoast SEO Premium plugin. -->","yoast_head_json":{"title":"Lanzan segunda temporada de \u201cAnfitriones de la Ruta de los Parques\u201d","robots":{"index":"index","follow":"follow","max-snippet":"max-snippet:-1","max-image-preview":"max-image-preview:large","max-video-preview":"max-video-preview:-1"},"canonical":"https:\/\/patagoniambiental.com.ar\/info\/lanzan-segunda-temporada-de-anfitriones-de-la-ruta-de-los-parques\/","og_locale":"es_ES","og_type":"article","og_title":"Lanzan segunda temporada de \u201cAnfitriones de la Ruta de los Parques\u201d","og_url":"https:\/\/patagoniambiental.com.ar\/info\/lanzan-segunda-temporada-de-anfitriones-de-la-ruta-de-los-parques\/","og_site_name":"Patagonia Ambiental","article_publisher":"https:\/\/www.facebook.com\/patagonia.ambiental","article_published_time":"2022-11-30T10:00:00+00:00","article_modified_time":"2022-12-02T12:08:04+00:00","og_image":[{"width":1000,"height":503,"url":"https:\/\/patagoniambiental.com.ar\/info\/wp-content\/uploads\/2022\/12\/anfittriones_1.png","type":"image\/png"}],"author":"BRAIAN ESTEVEZ","twitter_card":"summary_large_image","twitter_creator":"@PatAmb","twitter_site":"@PatAmb","schema":{"@context":"https:\/\/schema.org","@graph":[{"@type":"Article","@id":"https:\/\/patagoniambiental.com.ar\/info\/lanzan-segunda-temporada-de-anfitriones-de-la-ruta-de-los-parques\/#article","isPartOf":{"@id":"https:\/\/patagoniambiental.com.ar\/info\/lanzan-segunda-temporada-de-anfitriones-de-la-ruta-de-los-parques\/"},"author":{"name":"BRAIAN ESTEVEZ","@id":"https:\/\/patagoniambiental.com.ar\/info\/#\/schema\/person\/e5af09d700b2e82cb10c6b8800e0c691"},"headline":"Lanzan segunda temporada de \u201cAnfitriones de la Ruta de los Parques\u201d","datePublished":"2022-11-30T10:00:00+00:00","dateModified":"2022-12-02T12:08:04+00:00","mainEntityOfPage":{"@id":"https:\/\/patagoniambiental.com.ar\/info\/lanzan-segunda-temporada-de-anfitriones-de-la-ruta-de-los-parques\/"},"wordCount":775,"commentCount":0,"publisher":{"@id":"https:\/\/patagoniambiental.com.ar\/info\/#organization"},"image":{"@id":"https:\/\/patagoniambiental.com.ar\/info\/lanzan-segunda-temporada-de-anfitriones-de-la-ruta-de-los-parques\/#primaryimage"},"thumbnailUrl":"https:\/\/patagoniambiental.com.ar\/info\/wp-content\/uploads\/2022\/12\/anfittriones_1.png","articleSection":["Bolet\u00edn","Noticias","ONG","Rotador"],"inLanguage":"es","potentialAction":[{"@type":"CommentAction","name":"Comment","target":["https:\/\/patagoniambiental.com.ar\/info\/lanzan-segunda-temporada-de-anfitriones-de-la-ruta-de-los-parques\/#respond"]}]},{"@type":"WebPage","@id":"https:\/\/patagoniambiental.com.ar\/info\/lanzan-segunda-temporada-de-anfitriones-de-la-ruta-de-los-parques\/","url":"https:\/\/patagoniambiental.com.ar\/info\/lanzan-segunda-temporada-de-anfitriones-de-la-ruta-de-los-parques\/","name":"Lanzan segunda temporada de \u201cAnfitriones de la Ruta de los Parques\u201d","isPartOf":{"@id":"https:\/\/patagoniambiental.com.ar\/info\/#website"},"primaryImageOfPage":{"@id":"https:\/\/patagoniambiental.com.ar\/info\/lanzan-segunda-temporada-de-anfitriones-de-la-ruta-de-los-parques\/#primaryimage"},"image":{"@id":"https:\/\/patagoniambiental.com.ar\/info\/lanzan-segunda-temporada-de-anfitriones-de-la-ruta-de-los-parques\/#primaryimage"},"thumbnailUrl":"https:\/\/patagoniambiental.com.ar\/info\/wp-content\/uploads\/2022\/12\/anfittriones_1.png","datePublished":"2022-11-30T10:00:00+00:00","dateModified":"2022-12-02T12:08:04+00:00","breadcrumb":{"@id":"https:\/\/patagoniambiental.com.ar\/info\/lanzan-segunda-temporada-de-anfitriones-de-la-ruta-de-los-parques\/#breadcrumb"},"inLanguage":"es","potentialAction":[{"@type":"ReadAction","target":["https:\/\/patagoniambiental.com.ar\/info\/lanzan-segunda-temporada-de-anfitriones-de-la-ruta-de-los-parques\/"]}]},{"@type":"ImageObject","inLanguage":"es","@id":"https:\/\/patagoniambiental.com.ar\/info\/lanzan-segunda-temporada-de-anfitriones-de-la-ruta-de-los-parques\/#primaryimage","url":"https:\/\/patagoniambiental.com.ar\/info\/wp-content\/uploads\/2022\/12\/anfittriones_1.png","contentUrl":"https:\/\/patagoniambiental.com.ar\/info\/wp-content\/uploads\/2022\/12\/anfittriones_1.png","width":1000,"height":503},{"@type":"BreadcrumbList","@id":"https:\/\/patagoniambiental.com.ar\/info\/lanzan-segunda-temporada-de-anfitriones-de-la-ruta-de-los-parques\/#breadcrumb","itemListElement":[{"@type":"ListItem","position":1,"name":"Inicio","item":"https:\/\/patagoniambiental.com.ar\/info\/"},{"@type":"ListItem","position":2,"name":"Lanzan segunda temporada de \u201cAnfitriones de la Ruta de los Parques\u201d"}]},{"@type":"WebSite","@id":"https:\/\/patagoniambiental.com.ar\/info\/#website","url":"https:\/\/patagoniambiental.com.ar\/info\/","name":"Patagonia Ambiental","description":"Monitoreo y an\u00e1lisis de la situaci\u00f3n geopol\u00edtica en el mundo y su implicancia en la Patagonia","publisher":{"@id":"https:\/\/patagoniambiental.com.ar\/info\/#organization"},"potentialAction":[{"@type":"SearchAction","target":{"@type":"EntryPoint","urlTemplate":"https:\/\/patagoniambiental.com.ar\/info\/?s={search_term_string}"},"query-input":{"@type":"PropertyValueSpecification","valueRequired":true,"valueName":"search_term_string"}}],"inLanguage":"es"},{"@type":"Organization","@id":"https:\/\/patagoniambiental.com.ar\/info\/#organization","name":"Patagonia Ambiental","url":"https:\/\/patagoniambiental.com.ar\/info\/","logo":{"@type":"ImageObject","inLanguage":"es","@id":"https:\/\/patagoniambiental.com.ar\/info\/#\/schema\/logo\/image\/","url":"https:\/\/patagoniambiental.com.ar\/info\/wp-content\/uploads\/2025\/05\/LOGO-PATAGONIA-AMBIENTAL.png","contentUrl":"https:\/\/patagoniambiental.com.ar\/info\/wp-content\/uploads\/2025\/05\/LOGO-PATAGONIA-AMBIENTAL.png","width":433,"height":250,"caption":"Patagonia Ambiental"},"image":{"@id":"https:\/\/patagoniambiental.com.ar\/info\/#\/schema\/logo\/image\/"},"sameAs":["https:\/\/www.facebook.com\/patagonia.ambiental","https:\/\/x.com\/PatAmb"]},{"@type":"Person","@id":"https:\/\/patagoniambiental.com.ar\/info\/#\/schema\/person\/e5af09d700b2e82cb10c6b8800e0c691","name":"BRAIAN ESTEVEZ","sameAs":["http:\/\/www.patagoniambiental.com.ar"]}]}},"_links":{"self":[{"href":"https:\/\/patagoniambiental.com.ar\/info\/wp-json\/wp\/v2\/posts\/76599","targetHints":{"allow":["GET"]}}],"collection":[{"href":"https:\/\/patagoniambiental.com.ar\/info\/wp-json\/wp\/v2\/posts"}],"about":[{"href":"https:\/\/patagoniambiental.com.ar\/info\/wp-json\/wp\/v2\/types\/post"}],"author":[{"embeddable":true,"href":"https:\/\/patagoniambiental.com.ar\/info\/wp-json\/wp\/v2\/users\/6"}],"replies":[{"embeddable":true,"href":"https:\/\/patagoniambiental.com.ar\/info\/wp-json\/wp\/v2\/comments?post=76599"}],"version-history":[{"count":0,"href":"https:\/\/patagoniambiental.com.ar\/info\/wp-json\/wp\/v2\/posts\/76599\/revisions"}],"wp:featuredmedia":[{"embeddable":true,"href":"https:\/\/patagoniambiental.com.ar\/info\/wp-json\/wp\/v2\/media\/76601"}],"wp:attachment":[{"href":"https:\/\/patagoniambiental.com.ar\/info\/wp-json\/wp\/v2\/media?parent=76599"}],"wp:term":[{"taxonomy":"category","embeddable":true,"href":"https:\/\/patagoniambiental.com.ar\/info\/wp-json\/wp\/v2\/categories?post=76599"},{"taxonomy":"post_tag","embeddable":true,"href":"https:\/\/patagoniambiental.com.ar\/info\/wp-json\/wp\/v2\/tags?post=76599"}],"curies":[{"name":"wp","href":"https:\/\/api.w.org\/{rel}","templated":true}]}}