{"id":76656,"date":"2022-12-19T07:00:00","date_gmt":"2022-12-19T10:00:00","guid":{"rendered":"http:\/\/patagoniambiental.com.ar\/info\/?p=76656"},"modified":"2024-09-19T11:17:49","modified_gmt":"2024-09-19T14:17:49","slug":"la-municipalidad-puso-en-valor-la-calera-y-se-suma-un-nuevo-sitio-historico-y-cultural-a-la-capital-neuquina","status":"publish","type":"post","link":"https:\/\/patagoniambiental.com.ar\/info\/la-municipalidad-puso-en-valor-la-calera-y-se-suma-un-nuevo-sitio-historico-y-cultural-a-la-capital-neuquina\/","title":{"rendered":"La Municipalidad puso en valor \u201cLa Calera\u201d y se suma un nuevo sitio hist\u00f3rico y cultural a la capital neuquina"},"content":{"rendered":"\n<!--more-->\n\n\n\n<h3 class=\"wp-block-heading\" id=\"h-el-municipio-capitalino-restauro-y-puso-en-valor-la-calera-un-sitio-arqueologico-historico-y-cultural-en-parque-norte\">El municipio capitalino restaur\u00f3 y puso en valor \u201cLa Calera\u201d, un sitio arqueol\u00f3gico, hist\u00f3rico y cultural en Parque Norte.<\/h3>\n\n\n\n<p>Se trata de un espacio ubicado en el medio de la barda, en un lugar rec\u00f3ndito al que ahora, por un sendero, podr\u00e1n visitar turistas, vecinos y vecinas y recorrer la flora y fauna nativa adem\u00e1s de conocer un poco m\u00e1s sobre los inicios de la ciudad.<\/p>\n\n\n\n<p>El subsecretario de Medio Ambiente y Protecci\u00f3n Ciudadana, Francisco Baggio, dijo que \u201cpusimos en valor este sitio ubicado en la barda de nuestra ciudad para que las personas puedan conocer sobre la historia de los hornos de cal que funcionaron en Neuqu\u00e9n, y as\u00ed tambi\u00e9n sumar un nuevo sendero hist\u00f3rico y cultural a sus cl\u00e1sicas caminatas por el parque\u201d.<\/p>\n\n\n\n<p>Asimismo, explic\u00f3 que \u201cLa calera\u201d es un horno de cal que funcionaba con llama viva para cocinar este material, utilizado principalmente en la construcci\u00f3n y como antis\u00e9ptico a principios del siglo XX. \u201cEn nuestra ciudad las caleras datan de los a\u00f1os 30, cuando las bardas eran un lugar muy alejado y los productores de la zona aprovechaban los recursos de la naturaleza, como la piedra caliza y la vegetaci\u00f3n le\u00f1osa o jarilla para el fog\u00f3n, para la producci\u00f3n de cal\u201d, agreg\u00f3.<\/p>\n\n\n\n<p>Baggio se\u00f1al\u00f3 que \u201cseguramente muchas personas que recorren Parque Norte desde hace tiempo han tenido contacto con el horno, algunos la llamaban cueva, otros no sab\u00edan muy bien qu\u00e9 era, pero lo cierto es que pudimos recuperar la historia, restaurar el espacio y preservarlo para que m\u00e1s visitantes puedan conocerla\u201d.<\/p>\n\n\n\n<p>El titular del \u00e1rea de Medio Ambiente y Protecci\u00f3n Ciudadana cont\u00f3 que hab\u00edan dos hornos pero uno se desmoron\u00f3 hace muchos a\u00f1os con los diferentes movimientos de suelo.<\/p>\n\n\n\n<p>Adem\u00e1s, agradeci\u00f3 al trabajo de la direcci\u00f3n provincial de Patrimonio Hist\u00f3rico a cargo de la antrop\u00f3loga Claudia Della Negra \u201cque nos dio una mano importante para buscar toda la informaci\u00f3n sobre este espacio\u201d.<\/p>\n\n\n\n<figure class=\"wp-block-image\"><img decoding=\"async\" src=\"https:\/\/neuquenalinstante-s2.cdn.net.ar\/st2i1700\/2022\/12\/neuquenalinstante2\/images\/28\/01\/280156_12254a269aeb226471e9a8cf14b0c2a7a8b9dddb168341461f27e392b526ede0\/sm.jpg\" alt=\"\"\/><\/figure>\n\n\n\n<p>Por otro lado, en cuanto a las pautas de cuidado para ingresar a este lugar, Baggio se\u00f1al\u00f3 que \u201cest\u00e1 todo indicado en el comienzo del sendero que est\u00e1 se\u00f1alizado con postes pintados de color rojo\u201d.<\/p>\n\n\n\n<p>\u201cEs un circuito de muy baja dificultad, lo puede hacer cualquier persona pero hay que tener cuidado por el lugar\u201d, aclar\u00f3 a lo que pidi\u00f3 que no ingresen al horno. \u201cEs un lugar hist\u00f3rico que tenemos que cuidar porque hay un trabajo enorme en su construcci\u00f3n\u201d, destac\u00f3 el subsecretario.<\/p>\n\n\n\n<p>\u201cParque Norte es una \u00e1rea protegida de las m\u00e1s lindos que tiene la ciudad y a 10 minutos del centro y que tiene en este lugar espec\u00edfico flora y fauna nativa, y todav\u00eda queda mucho por descubrir. Adem\u00e1s Pocas ciudades en el pa\u00eds tienen un lugar como este\u201d, finaliz\u00f3 Baggio.<\/p>\n\n\n\n<p>El sendero est\u00e1 totalmente se\u00f1alizado, incluye referencias hist\u00f3ricas, datos de inter\u00e9s y recomendaciones para cuidarlo.<\/p>\n\n\n\n<p>Se accede caminando por la intersecci\u00f3n de las calles Oc\u00e9ano Pac\u00edfico y Am\u00e9rica del Sur, del Barrio Rinc\u00f3n de Emilio. Est\u00e1 abierto todo el a\u00f1o para disfrutar.<\/p>\n\n\n\n<p>Fuente: Neuqu\u00e9n Al Instante<\/p>\n","protected":false},"excerpt":{"rendered":"","protected":false},"author":6,"featured_media":76657,"comment_status":"open","ping_status":"open","sticky":false,"template":"","format":"standard","meta":{"site-sidebar-layout":"default","site-content-layout":"","ast-site-content-layout":"default","site-content-style":"default","site-sidebar-style":"default","ast-global-header-display":"","ast-banner-title-visibility":"","ast-main-header-display":"","ast-hfb-above-header-display":"","ast-hfb-below-header-display":"","ast-hfb-mobile-header-display":"","site-post-title":"","ast-breadcrumbs-content":"","ast-featured-img":"","footer-sml-layout":"","ast-disable-related-posts":"","theme-transparent-header-meta":"","adv-header-id-meta":"","stick-header-meta":"","header-above-stick-meta":"","header-main-stick-meta":"","header-below-stick-meta":"","astra-migrate-meta-layouts":"default","ast-page-background-enabled":"default","ast-page-background-meta":{"desktop":{"background-color":"var(--ast-global-color-5)","background-image":"","background-repeat":"repeat","background-position":"center center","background-size":"auto","background-attachment":"scroll","background-type":"","background-media":"","overlay-type":"","overlay-color":"","overlay-opacity":"","overlay-gradient":""},"tablet":{"background-color":"","background-image":"","background-repeat":"repeat","background-position":"center center","background-size":"auto","background-attachment":"scroll","background-type":"","background-media":"","overlay-type":"","overlay-color":"","overlay-opacity":"","overlay-gradient":""},"mobile":{"background-color":"","background-image":"","background-repeat":"repeat","background-position":"center center","background-size":"auto","background-attachment":"scroll","background-type":"","background-media":"","overlay-type":"","overlay-color":"","overlay-opacity":"","overlay-gradient":""}},"ast-content-background-meta":{"desktop":{"background-color":"var(--ast-global-color-4)","background-image":"","background-repeat":"repeat","background-position":"center center","background-size":"auto","background-attachment":"scroll","background-type":"","background-media":"","overlay-type":"","overlay-color":"","overlay-opacity":"","overlay-gradient":""},"tablet":{"background-color":"var(--ast-global-color-4)","background-image":"","background-repeat":"repeat","background-position":"center center","background-size":"auto","background-attachment":"scroll","background-type":"","background-media":"","overlay-type":"","overlay-color":"","overlay-opacity":"","overlay-gradient":""},"mobile":{"background-color":"var(--ast-global-color-4)","background-image":"","background-repeat":"repeat","background-position":"center center","background-size":"auto","background-attachment":"scroll","background-type":"","background-media":"","overlay-type":"","overlay-color":"","overlay-opacity":"","overlay-gradient":""}},"footnotes":""},"categories":[11,18,1,10],"tags":[],"class_list":["post-76656","post","type-post","status-publish","format-standard","has-post-thumbnail","hentry","category-boletin","category-neuquen","category-noticias","category-rotador"],"yoast_head":"<!-- This site is optimized with the Yoast SEO Premium plugin v23.0 (Yoast SEO v27.5) - https:\/\/yoast.com\/product\/yoast-seo-premium-wordpress\/ -->\n<title>La Municipalidad puso en valor \u201cLa Calera\u201d y se suma un nuevo sitio hist\u00f3rico y cultural a la capital neuquina<\/title>\n<meta name=\"robots\" content=\"index, follow, max-snippet:-1, max-image-preview:large, max-video-preview:-1\" \/>\n<link rel=\"canonical\" href=\"https:\/\/patagoniambiental.com.ar\/info\/la-municipalidad-puso-en-valor-la-calera-y-se-suma-un-nuevo-sitio-historico-y-cultural-a-la-capital-neuquina\/\" \/>\n<meta property=\"og:locale\" content=\"es_ES\" \/>\n<meta property=\"og:type\" content=\"article\" \/>\n<meta property=\"og:title\" content=\"La Municipalidad puso en valor \u201cLa Calera\u201d y se suma un nuevo sitio hist\u00f3rico y cultural a la capital neuquina\" \/>\n<meta property=\"og:url\" content=\"https:\/\/patagoniambiental.com.ar\/info\/la-municipalidad-puso-en-valor-la-calera-y-se-suma-un-nuevo-sitio-historico-y-cultural-a-la-capital-neuquina\/\" \/>\n<meta property=\"og:site_name\" content=\"Patagonia Ambiental\" \/>\n<meta property=\"article:publisher\" content=\"https:\/\/www.facebook.com\/patagonia.ambiental\" \/>\n<meta property=\"article:published_time\" content=\"2022-12-19T10:00:00+00:00\" \/>\n<meta property=\"article:modified_time\" content=\"2024-09-19T14:17:49+00:00\" \/>\n<meta property=\"og:image\" content=\"https:\/\/patagoniambiental.com.ar\/info\/wp-content\/uploads\/2022\/12\/sm.jpg\" \/>\n\t<meta property=\"og:image:width\" content=\"768\" \/>\n\t<meta property=\"og:image:height\" content=\"511\" \/>\n\t<meta property=\"og:image:type\" content=\"image\/jpeg\" \/>\n<meta name=\"author\" content=\"BRAIAN ESTEVEZ\" \/>\n<meta name=\"twitter:card\" content=\"summary_large_image\" \/>\n<meta name=\"twitter:creator\" content=\"@PatAmb\" \/>\n<meta name=\"twitter:site\" content=\"@PatAmb\" \/>\n<script type=\"application\/ld+json\" class=\"yoast-schema-graph\">{\"@context\":\"https:\\\/\\\/schema.org\",\"@graph\":[{\"@type\":\"Article\",\"@id\":\"https:\\\/\\\/patagoniambiental.com.ar\\\/info\\\/la-municipalidad-puso-en-valor-la-calera-y-se-suma-un-nuevo-sitio-historico-y-cultural-a-la-capital-neuquina\\\/#article\",\"isPartOf\":{\"@id\":\"https:\\\/\\\/patagoniambiental.com.ar\\\/info\\\/la-municipalidad-puso-en-valor-la-calera-y-se-suma-un-nuevo-sitio-historico-y-cultural-a-la-capital-neuquina\\\/\"},\"author\":{\"name\":\"BRAIAN ESTEVEZ\",\"@id\":\"https:\\\/\\\/patagoniambiental.com.ar\\\/info\\\/#\\\/schema\\\/person\\\/e5af09d700b2e82cb10c6b8800e0c691\"},\"headline\":\"La Municipalidad puso en valor \u201cLa Calera\u201d y se suma un nuevo sitio hist\u00f3rico y cultural a la capital neuquina\",\"datePublished\":\"2022-12-19T10:00:00+00:00\",\"dateModified\":\"2024-09-19T14:17:49+00:00\",\"mainEntityOfPage\":{\"@id\":\"https:\\\/\\\/patagoniambiental.com.ar\\\/info\\\/la-municipalidad-puso-en-valor-la-calera-y-se-suma-un-nuevo-sitio-historico-y-cultural-a-la-capital-neuquina\\\/\"},\"wordCount\":564,\"commentCount\":0,\"publisher\":{\"@id\":\"https:\\\/\\\/patagoniambiental.com.ar\\\/info\\\/#organization\"},\"image\":{\"@id\":\"https:\\\/\\\/patagoniambiental.com.ar\\\/info\\\/la-municipalidad-puso-en-valor-la-calera-y-se-suma-un-nuevo-sitio-historico-y-cultural-a-la-capital-neuquina\\\/#primaryimage\"},\"thumbnailUrl\":\"https:\\\/\\\/patagoniambiental.com.ar\\\/info\\\/wp-content\\\/uploads\\\/2022\\\/12\\\/sm.jpg\",\"articleSection\":[\"Bolet\u00edn\",\"Neuqu\u00e9n\",\"Noticias\",\"Rotador\"],\"inLanguage\":\"es\",\"potentialAction\":[{\"@type\":\"CommentAction\",\"name\":\"Comment\",\"target\":[\"https:\\\/\\\/patagoniambiental.com.ar\\\/info\\\/la-municipalidad-puso-en-valor-la-calera-y-se-suma-un-nuevo-sitio-historico-y-cultural-a-la-capital-neuquina\\\/#respond\"]}]},{\"@type\":\"WebPage\",\"@id\":\"https:\\\/\\\/patagoniambiental.com.ar\\\/info\\\/la-municipalidad-puso-en-valor-la-calera-y-se-suma-un-nuevo-sitio-historico-y-cultural-a-la-capital-neuquina\\\/\",\"url\":\"https:\\\/\\\/patagoniambiental.com.ar\\\/info\\\/la-municipalidad-puso-en-valor-la-calera-y-se-suma-un-nuevo-sitio-historico-y-cultural-a-la-capital-neuquina\\\/\",\"name\":\"La Municipalidad puso en valor \u201cLa Calera\u201d y se suma un nuevo sitio hist\u00f3rico y cultural a la capital neuquina\",\"isPartOf\":{\"@id\":\"https:\\\/\\\/patagoniambiental.com.ar\\\/info\\\/#website\"},\"primaryImageOfPage\":{\"@id\":\"https:\\\/\\\/patagoniambiental.com.ar\\\/info\\\/la-municipalidad-puso-en-valor-la-calera-y-se-suma-un-nuevo-sitio-historico-y-cultural-a-la-capital-neuquina\\\/#primaryimage\"},\"image\":{\"@id\":\"https:\\\/\\\/patagoniambiental.com.ar\\\/info\\\/la-municipalidad-puso-en-valor-la-calera-y-se-suma-un-nuevo-sitio-historico-y-cultural-a-la-capital-neuquina\\\/#primaryimage\"},\"thumbnailUrl\":\"https:\\\/\\\/patagoniambiental.com.ar\\\/info\\\/wp-content\\\/uploads\\\/2022\\\/12\\\/sm.jpg\",\"datePublished\":\"2022-12-19T10:00:00+00:00\",\"dateModified\":\"2024-09-19T14:17:49+00:00\",\"breadcrumb\":{\"@id\":\"https:\\\/\\\/patagoniambiental.com.ar\\\/info\\\/la-municipalidad-puso-en-valor-la-calera-y-se-suma-un-nuevo-sitio-historico-y-cultural-a-la-capital-neuquina\\\/#breadcrumb\"},\"inLanguage\":\"es\",\"potentialAction\":[{\"@type\":\"ReadAction\",\"target\":[\"https:\\\/\\\/patagoniambiental.com.ar\\\/info\\\/la-municipalidad-puso-en-valor-la-calera-y-se-suma-un-nuevo-sitio-historico-y-cultural-a-la-capital-neuquina\\\/\"]}]},{\"@type\":\"ImageObject\",\"inLanguage\":\"es\",\"@id\":\"https:\\\/\\\/patagoniambiental.com.ar\\\/info\\\/la-municipalidad-puso-en-valor-la-calera-y-se-suma-un-nuevo-sitio-historico-y-cultural-a-la-capital-neuquina\\\/#primaryimage\",\"url\":\"https:\\\/\\\/patagoniambiental.com.ar\\\/info\\\/wp-content\\\/uploads\\\/2022\\\/12\\\/sm.jpg\",\"contentUrl\":\"https:\\\/\\\/patagoniambiental.com.ar\\\/info\\\/wp-content\\\/uploads\\\/2022\\\/12\\\/sm.jpg\",\"width\":768,\"height\":511},{\"@type\":\"BreadcrumbList\",\"@id\":\"https:\\\/\\\/patagoniambiental.com.ar\\\/info\\\/la-municipalidad-puso-en-valor-la-calera-y-se-suma-un-nuevo-sitio-historico-y-cultural-a-la-capital-neuquina\\\/#breadcrumb\",\"itemListElement\":[{\"@type\":\"ListItem\",\"position\":1,\"name\":\"Inicio\",\"item\":\"https:\\\/\\\/patagoniambiental.com.ar\\\/info\\\/\"},{\"@type\":\"ListItem\",\"position\":2,\"name\":\"La Municipalidad puso en valor \u201cLa Calera\u201d y se suma un nuevo sitio hist\u00f3rico y cultural a la capital neuquina\"}]},{\"@type\":\"WebSite\",\"@id\":\"https:\\\/\\\/patagoniambiental.com.ar\\\/info\\\/#website\",\"url\":\"https:\\\/\\\/patagoniambiental.com.ar\\\/info\\\/\",\"name\":\"Patagonia Ambiental\",\"description\":\"Monitoreo y an\u00e1lisis de la situaci\u00f3n geopol\u00edtica en el mundo y su implicancia en la Patagonia\",\"publisher\":{\"@id\":\"https:\\\/\\\/patagoniambiental.com.ar\\\/info\\\/#organization\"},\"potentialAction\":[{\"@type\":\"SearchAction\",\"target\":{\"@type\":\"EntryPoint\",\"urlTemplate\":\"https:\\\/\\\/patagoniambiental.com.ar\\\/info\\\/?s={search_term_string}\"},\"query-input\":{\"@type\":\"PropertyValueSpecification\",\"valueRequired\":true,\"valueName\":\"search_term_string\"}}],\"inLanguage\":\"es\"},{\"@type\":\"Organization\",\"@id\":\"https:\\\/\\\/patagoniambiental.com.ar\\\/info\\\/#organization\",\"name\":\"Patagonia Ambiental\",\"url\":\"https:\\\/\\\/patagoniambiental.com.ar\\\/info\\\/\",\"logo\":{\"@type\":\"ImageObject\",\"inLanguage\":\"es\",\"@id\":\"https:\\\/\\\/patagoniambiental.com.ar\\\/info\\\/#\\\/schema\\\/logo\\\/image\\\/\",\"url\":\"https:\\\/\\\/patagoniambiental.com.ar\\\/info\\\/wp-content\\\/uploads\\\/2025\\\/05\\\/LOGO-PATAGONIA-AMBIENTAL.png\",\"contentUrl\":\"https:\\\/\\\/patagoniambiental.com.ar\\\/info\\\/wp-content\\\/uploads\\\/2025\\\/05\\\/LOGO-PATAGONIA-AMBIENTAL.png\",\"width\":433,\"height\":250,\"caption\":\"Patagonia Ambiental\"},\"image\":{\"@id\":\"https:\\\/\\\/patagoniambiental.com.ar\\\/info\\\/#\\\/schema\\\/logo\\\/image\\\/\"},\"sameAs\":[\"https:\\\/\\\/www.facebook.com\\\/patagonia.ambiental\",\"https:\\\/\\\/x.com\\\/PatAmb\"]},{\"@type\":\"Person\",\"@id\":\"https:\\\/\\\/patagoniambiental.com.ar\\\/info\\\/#\\\/schema\\\/person\\\/e5af09d700b2e82cb10c6b8800e0c691\",\"name\":\"BRAIAN ESTEVEZ\",\"sameAs\":[\"http:\\\/\\\/www.patagoniambiental.com.ar\"]}]}<\/script>\n<!-- \/ Yoast SEO Premium plugin. -->","yoast_head_json":{"title":"La Municipalidad puso en valor \u201cLa Calera\u201d y se suma un nuevo sitio hist\u00f3rico y cultural a la capital neuquina","robots":{"index":"index","follow":"follow","max-snippet":"max-snippet:-1","max-image-preview":"max-image-preview:large","max-video-preview":"max-video-preview:-1"},"canonical":"https:\/\/patagoniambiental.com.ar\/info\/la-municipalidad-puso-en-valor-la-calera-y-se-suma-un-nuevo-sitio-historico-y-cultural-a-la-capital-neuquina\/","og_locale":"es_ES","og_type":"article","og_title":"La Municipalidad puso en valor \u201cLa Calera\u201d y se suma un nuevo sitio hist\u00f3rico y cultural a la capital neuquina","og_url":"https:\/\/patagoniambiental.com.ar\/info\/la-municipalidad-puso-en-valor-la-calera-y-se-suma-un-nuevo-sitio-historico-y-cultural-a-la-capital-neuquina\/","og_site_name":"Patagonia Ambiental","article_publisher":"https:\/\/www.facebook.com\/patagonia.ambiental","article_published_time":"2022-12-19T10:00:00+00:00","article_modified_time":"2024-09-19T14:17:49+00:00","og_image":[{"width":768,"height":511,"url":"https:\/\/patagoniambiental.com.ar\/info\/wp-content\/uploads\/2022\/12\/sm.jpg","type":"image\/jpeg"}],"author":"BRAIAN ESTEVEZ","twitter_card":"summary_large_image","twitter_creator":"@PatAmb","twitter_site":"@PatAmb","schema":{"@context":"https:\/\/schema.org","@graph":[{"@type":"Article","@id":"https:\/\/patagoniambiental.com.ar\/info\/la-municipalidad-puso-en-valor-la-calera-y-se-suma-un-nuevo-sitio-historico-y-cultural-a-la-capital-neuquina\/#article","isPartOf":{"@id":"https:\/\/patagoniambiental.com.ar\/info\/la-municipalidad-puso-en-valor-la-calera-y-se-suma-un-nuevo-sitio-historico-y-cultural-a-la-capital-neuquina\/"},"author":{"name":"BRAIAN ESTEVEZ","@id":"https:\/\/patagoniambiental.com.ar\/info\/#\/schema\/person\/e5af09d700b2e82cb10c6b8800e0c691"},"headline":"La Municipalidad puso en valor \u201cLa Calera\u201d y se suma un nuevo sitio hist\u00f3rico y cultural a la capital neuquina","datePublished":"2022-12-19T10:00:00+00:00","dateModified":"2024-09-19T14:17:49+00:00","mainEntityOfPage":{"@id":"https:\/\/patagoniambiental.com.ar\/info\/la-municipalidad-puso-en-valor-la-calera-y-se-suma-un-nuevo-sitio-historico-y-cultural-a-la-capital-neuquina\/"},"wordCount":564,"commentCount":0,"publisher":{"@id":"https:\/\/patagoniambiental.com.ar\/info\/#organization"},"image":{"@id":"https:\/\/patagoniambiental.com.ar\/info\/la-municipalidad-puso-en-valor-la-calera-y-se-suma-un-nuevo-sitio-historico-y-cultural-a-la-capital-neuquina\/#primaryimage"},"thumbnailUrl":"https:\/\/patagoniambiental.com.ar\/info\/wp-content\/uploads\/2022\/12\/sm.jpg","articleSection":["Bolet\u00edn","Neuqu\u00e9n","Noticias","Rotador"],"inLanguage":"es","potentialAction":[{"@type":"CommentAction","name":"Comment","target":["https:\/\/patagoniambiental.com.ar\/info\/la-municipalidad-puso-en-valor-la-calera-y-se-suma-un-nuevo-sitio-historico-y-cultural-a-la-capital-neuquina\/#respond"]}]},{"@type":"WebPage","@id":"https:\/\/patagoniambiental.com.ar\/info\/la-municipalidad-puso-en-valor-la-calera-y-se-suma-un-nuevo-sitio-historico-y-cultural-a-la-capital-neuquina\/","url":"https:\/\/patagoniambiental.com.ar\/info\/la-municipalidad-puso-en-valor-la-calera-y-se-suma-un-nuevo-sitio-historico-y-cultural-a-la-capital-neuquina\/","name":"La Municipalidad puso en valor \u201cLa Calera\u201d y se suma un nuevo sitio hist\u00f3rico y cultural a la capital neuquina","isPartOf":{"@id":"https:\/\/patagoniambiental.com.ar\/info\/#website"},"primaryImageOfPage":{"@id":"https:\/\/patagoniambiental.com.ar\/info\/la-municipalidad-puso-en-valor-la-calera-y-se-suma-un-nuevo-sitio-historico-y-cultural-a-la-capital-neuquina\/#primaryimage"},"image":{"@id":"https:\/\/patagoniambiental.com.ar\/info\/la-municipalidad-puso-en-valor-la-calera-y-se-suma-un-nuevo-sitio-historico-y-cultural-a-la-capital-neuquina\/#primaryimage"},"thumbnailUrl":"https:\/\/patagoniambiental.com.ar\/info\/wp-content\/uploads\/2022\/12\/sm.jpg","datePublished":"2022-12-19T10:00:00+00:00","dateModified":"2024-09-19T14:17:49+00:00","breadcrumb":{"@id":"https:\/\/patagoniambiental.com.ar\/info\/la-municipalidad-puso-en-valor-la-calera-y-se-suma-un-nuevo-sitio-historico-y-cultural-a-la-capital-neuquina\/#breadcrumb"},"inLanguage":"es","potentialAction":[{"@type":"ReadAction","target":["https:\/\/patagoniambiental.com.ar\/info\/la-municipalidad-puso-en-valor-la-calera-y-se-suma-un-nuevo-sitio-historico-y-cultural-a-la-capital-neuquina\/"]}]},{"@type":"ImageObject","inLanguage":"es","@id":"https:\/\/patagoniambiental.com.ar\/info\/la-municipalidad-puso-en-valor-la-calera-y-se-suma-un-nuevo-sitio-historico-y-cultural-a-la-capital-neuquina\/#primaryimage","url":"https:\/\/patagoniambiental.com.ar\/info\/wp-content\/uploads\/2022\/12\/sm.jpg","contentUrl":"https:\/\/patagoniambiental.com.ar\/info\/wp-content\/uploads\/2022\/12\/sm.jpg","width":768,"height":511},{"@type":"BreadcrumbList","@id":"https:\/\/patagoniambiental.com.ar\/info\/la-municipalidad-puso-en-valor-la-calera-y-se-suma-un-nuevo-sitio-historico-y-cultural-a-la-capital-neuquina\/#breadcrumb","itemListElement":[{"@type":"ListItem","position":1,"name":"Inicio","item":"https:\/\/patagoniambiental.com.ar\/info\/"},{"@type":"ListItem","position":2,"name":"La Municipalidad puso en valor \u201cLa Calera\u201d y se suma un nuevo sitio hist\u00f3rico y cultural a la capital neuquina"}]},{"@type":"WebSite","@id":"https:\/\/patagoniambiental.com.ar\/info\/#website","url":"https:\/\/patagoniambiental.com.ar\/info\/","name":"Patagonia Ambiental","description":"Monitoreo y an\u00e1lisis de la situaci\u00f3n geopol\u00edtica en el mundo y su implicancia en la Patagonia","publisher":{"@id":"https:\/\/patagoniambiental.com.ar\/info\/#organization"},"potentialAction":[{"@type":"SearchAction","target":{"@type":"EntryPoint","urlTemplate":"https:\/\/patagoniambiental.com.ar\/info\/?s={search_term_string}"},"query-input":{"@type":"PropertyValueSpecification","valueRequired":true,"valueName":"search_term_string"}}],"inLanguage":"es"},{"@type":"Organization","@id":"https:\/\/patagoniambiental.com.ar\/info\/#organization","name":"Patagonia Ambiental","url":"https:\/\/patagoniambiental.com.ar\/info\/","logo":{"@type":"ImageObject","inLanguage":"es","@id":"https:\/\/patagoniambiental.com.ar\/info\/#\/schema\/logo\/image\/","url":"https:\/\/patagoniambiental.com.ar\/info\/wp-content\/uploads\/2025\/05\/LOGO-PATAGONIA-AMBIENTAL.png","contentUrl":"https:\/\/patagoniambiental.com.ar\/info\/wp-content\/uploads\/2025\/05\/LOGO-PATAGONIA-AMBIENTAL.png","width":433,"height":250,"caption":"Patagonia Ambiental"},"image":{"@id":"https:\/\/patagoniambiental.com.ar\/info\/#\/schema\/logo\/image\/"},"sameAs":["https:\/\/www.facebook.com\/patagonia.ambiental","https:\/\/x.com\/PatAmb"]},{"@type":"Person","@id":"https:\/\/patagoniambiental.com.ar\/info\/#\/schema\/person\/e5af09d700b2e82cb10c6b8800e0c691","name":"BRAIAN ESTEVEZ","sameAs":["http:\/\/www.patagoniambiental.com.ar"]}]}},"_links":{"self":[{"href":"https:\/\/patagoniambiental.com.ar\/info\/wp-json\/wp\/v2\/posts\/76656","targetHints":{"allow":["GET"]}}],"collection":[{"href":"https:\/\/patagoniambiental.com.ar\/info\/wp-json\/wp\/v2\/posts"}],"about":[{"href":"https:\/\/patagoniambiental.com.ar\/info\/wp-json\/wp\/v2\/types\/post"}],"author":[{"embeddable":true,"href":"https:\/\/patagoniambiental.com.ar\/info\/wp-json\/wp\/v2\/users\/6"}],"replies":[{"embeddable":true,"href":"https:\/\/patagoniambiental.com.ar\/info\/wp-json\/wp\/v2\/comments?post=76656"}],"version-history":[{"count":0,"href":"https:\/\/patagoniambiental.com.ar\/info\/wp-json\/wp\/v2\/posts\/76656\/revisions"}],"wp:featuredmedia":[{"embeddable":true,"href":"https:\/\/patagoniambiental.com.ar\/info\/wp-json\/wp\/v2\/media\/76657"}],"wp:attachment":[{"href":"https:\/\/patagoniambiental.com.ar\/info\/wp-json\/wp\/v2\/media?parent=76656"}],"wp:term":[{"taxonomy":"category","embeddable":true,"href":"https:\/\/patagoniambiental.com.ar\/info\/wp-json\/wp\/v2\/categories?post=76656"},{"taxonomy":"post_tag","embeddable":true,"href":"https:\/\/patagoniambiental.com.ar\/info\/wp-json\/wp\/v2\/tags?post=76656"}],"curies":[{"name":"wp","href":"https:\/\/api.w.org\/{rel}","templated":true}]}}