{"id":76723,"date":"2022-12-29T19:00:00","date_gmt":"2022-12-29T22:00:00","guid":{"rendered":"http:\/\/patagoniambiental.com.ar\/info\/?p=76723"},"modified":"2024-09-19T11:07:52","modified_gmt":"2024-09-19T14:07:52","slug":"santuario-de-la-naturaleza-valle-cochamo-por-que-distintas-organizaciones-piden-la-proteccion-del-valle","status":"publish","type":"post","link":"https:\/\/patagoniambiental.com.ar\/info\/santuario-de-la-naturaleza-valle-cochamo-por-que-distintas-organizaciones-piden-la-proteccion-del-valle\/","title":{"rendered":"Santuario de la Naturaleza Valle Cocham\u00f3: por qu\u00e9 distintas organizaciones piden la protecci\u00f3n del valle"},"content":{"rendered":"\n<!--more-->\n\n\n\n<p><em>Conoce esta iniciativa de cuidado que lleva adelante la comunidad local hace m\u00e1s de 10 a\u00f1os y que hoy pide la protecci\u00f3n legal y definitiva del ic\u00f3nico Valle Cocham\u00f3.<\/em><\/p>\n\n\n\n<p>El Valle Cocham\u00f3 es reconocido nacional e internacionalmente por sus espectaculares paredes de granito, su cultura y su naturaleza que a\u00fan permanece salvaje e inexplorada. Sus paisajes son el resultado de las interacciones entre glaciares y rocas hace millones de a\u00f1os, los cuales dieron forma a sus gigantescas paredes que se levantan en medio de un valle glaciar de bosques antiguos, r\u00edos y esteros que fluyen libres de cordillera a mar. Lugar en donde habitan especies de flora, fauna y funga en categor\u00eda de extinci\u00f3n, que conviven con una comunidad con una arraigada cultura patagona y la convicci\u00f3n para proteger este tesoro natural y cultural, que se presenta como la puerta de entrada de la Patagonia norte.<\/p>\n\n\n\n<h2 class=\"wp-block-heading\" id=\"h-por-que-es-necesario-proteger-el-valle-cochamo\"><strong>\u00bfPor qu\u00e9 es necesario proteger el Valle Cocham\u00f3?<\/strong><\/h2>\n\n\n\n<p>A pesar de su alto valor natural, cultural y tur\u00edstico, el valle Cocham\u00f3 a\u00fan no cuenta con ning\u00fan tipo protecci\u00f3n oficial, lo que lo hace vulnerable a distintas amenazas como el desarrollo inmobiliario y el turismo descontrolado. Es por esta raz\u00f3n que organizaciones locales y personas amantes del valle, lideradas por la Organizaci\u00f3n Valle Cocham\u00f3, han logrado proteger este lugar y gestionar la entrada de los miles de turistas que cada verano visitan sus atractivos y que hoy trabajan para avanzar en la creaci\u00f3n del Santuario de la Naturaleza Valle Cocham\u00f3.<\/p>\n\n\n\n<p>Un Santuario de la Naturaleza es una herramienta que reconoce los valores ambientales y culturales y logra conciliar la conservaci\u00f3n de la naturaleza con los modos de vida de los habitantes del lugar, adem\u00e1s permite que \u00e1reas privadas y p\u00fablicas sean administradas por el organismo m\u00e1s coherente, que en este caso ser\u00eda la comunidad que hasta hoy ha gestionado y protegido el valle.<\/p>\n\n\n\n<p>La comunidad a cargo de cuidar y regular el acceso al Valle Cocham\u00f3, promueve el acceso consciente, informado, planificado a la monta\u00f1a, a diferencia de otros valles de monta\u00f1a con propiedad privada en Chile en donde, en muchos casos, las rutas permanecen cerradas al p\u00fablico general. La gesti\u00f3n de visitantes se ha llevado a&nbsp; cabo por la misma comunidad, quienes han invitado a&nbsp; las personas a proteger este lugar y a visitarlo con respeto para disfrutar de caminatas por sus senderos hist\u00f3ricos, alcanzar las cumbres o escalar sus gigantescas paredes de granito. &nbsp;<\/p>\n\n\n\n<h2 class=\"wp-block-heading\" id=\"h-valores-culturales-y-naturales-que-protege-el-santuario-de-la-naturaleza-valle-cochamo\"><strong>Valores culturales y naturales que protege el Santuario de la Naturaleza Valle Cocham\u00f3<\/strong><\/h2>\n\n\n\n<p>Las \u00e1reas protegidas son esenciales para la conservaci\u00f3n de la biodiversidad (sobre todo de especies end\u00e9micas y que se encuentran en peligro de extinci\u00f3n), son un sustento econ\u00f3mico sostenible para las comunidades locales, garantizan la seguridad alimentaria y mitigan los efectos del cambio clim\u00e1tico.&nbsp;<\/p>\n\n\n\n<p>\u201cLa declaraci\u00f3n de Santuario de la Naturaleza permitir\u00eda conservar la antigua ruta patrimonial que une el pueblo de Cocham\u00f3 con el sector de paso El Le\u00f3n y r\u00edo Manso y que utilizaban nuestros padres y abuelos para el arreo de animales. Esto permitir\u00e1 mantener vigente el legado de nuestra cultura arriera y continuar compatibilizando los antiguos estilos de vida con el desarrollo de un turismo de intereses especiales\u201d expres\u00f3 Patricio Almonacid, poblador del Valle Cocham\u00f3.<\/p>\n\n\n\n<p>La conservaci\u00f3n del patrimonio cultural es un punto importante dentro de los argumentos expuestos por la comunidad para la declaraci\u00f3n de un Santuario de la Naturaleza. La ruta hist\u00f3rica \u201cSendero Paso el Le\u00f3n\u201d, la cual conecta Chile con Argentina, fue la que dio origen al modo de vida de los \u201cArrieros Cordilleranos de Paso el Le\u00f3n\u201d, considerados como un Tesoro Humano Vivo de Chile por el Ministerio de Cultura.<\/p>\n\n\n\n<p>Luego de un par de horas caminando por este sendero se pueden apreciar a muy corta distancia las gigantescas paredes de granito, m\u00e1s espec\u00edficamente llamadas Batolito Patag\u00f3nico, objeto que tambi\u00e9n se busca proteger dentro del Santuario de la Naturaleza por ser uno de los m\u00e1s extensos del mundo, con m\u00e1s de 1500 km de largo y que durante las glaciaciones y la erosi\u00f3n del hielo dej\u00f3 enormes paredes y cimas con rocas expuestas. Adem\u00e1s, el Valle Cocham\u00f3 es zona de estudio del proyecto FONDECYT.<\/p>\n\n\n\n<p>\u201cDesde un punto de vista enfocado en el relieve glaciar, el Valle Cochamo representa un verdadero laboratorio natural para apreciar y estudiar el resultado de los procesos que lo han formado. Hay pocos lugares en los Andes Patg\u00f3nicos donde las partes altas de los valles glaciares y ubicadas sobre la l\u00ednea de los \u00e1rboles, se pueden acceder de manera relativamente f\u00e1cil a trav\u00e9s de senderos. Tambi\u00e9n me parece de suma importancia poder observar estas esculturas naturales en un entorno de m\u00ednimo impacto, sin caminos, edificios y m\u00e1s infraestructura\u201d sostiene Viktoria Georgieva, ge\u00f3loga de la Universidad Austral e investigadora responsable de proyecto de postdoctorado FONDECYT enfocado en la evoluci\u00f3n del relieve glaciar del Valle Cocham\u00f3 entre otras \u00e1reas de los Andes Patag\u00f3nicos.<\/p>\n\n\n\n<p>Por otra parte, la comuna de Cocham\u00f3 tiene la suerte de que m\u00e1s de un tercio del territorio est\u00e1 compuesto por bosques templados con miles de a\u00f1os de antig\u00fcedad, siendo el alerce una de las especies m\u00e1s emblem\u00e1ticas del valle. En la Comuna de&nbsp; Cocham\u00f3 hay aprox. 43.700 hect\u00e1reas de tipo forestal Alerce y a pesar de estar protegido, se encuentra en peligro de extinci\u00f3n debido a que es un \u00e1rbol que crece extremadamente lento y fue muy explotado por la industria maderera en el pasado.<\/p>\n\n\n\n<p>Otros valores que pretende proteger est\u00e1n, el pud\u00fa, el c\u00f3ndor, el monito del monte, los humedales ribere\u00f1os, la ranita de darwin, el puye grande y el r\u00edo Cocham\u00f3. Este \u00faltimo fue declarado, gracias al trabajo de la misma comunidad, como una reserva de agua el a\u00f1o 2009, para la conservaci\u00f3n ambiental y el desarrollo local de la cuenca.<\/p>\n\n\n\n<p>Adem\u00e1s, el Valle Cocham\u00f3 se encuentra dentro de la llamada Ecorregi\u00f3n Valdiviana y tambi\u00e9n forma parte de la ecorregi\u00f3n Bosques Templados Lluviosos de los Andes Australes delimitada como Reserva de la Biosfera por la UNESCO y est\u00e1 rodeado por tres Parques Nacionales; Parque Nacional Vicente P\u00e9rez Rosales, Parque Nacional Hornopir\u00e9n y el Parque Nacional Pumalin.&nbsp;<\/p>\n\n\n\n<p><strong>Estado de avance del Santuario<\/strong><\/p>\n\n\n\n<p>El trabajo de proteger esta zona se ha llevado adelante por organizaciones y miembros de la comunidad local desde hace m\u00e1s de una d\u00e9cada, tiempo en el que se han realizado numerosas reuniones y gestiones, en los distintos gobiernos. A fines del 2021 se solicit\u00f3 formalmente la protecci\u00f3n de estos excepcionales ecosistemas y paisajes, sin embargo la petici\u00f3n contin\u00faa en revisi\u00f3n.<\/p>\n\n\n\n<p>Y ha sido durante esta segunda mitad del a\u00f1o que se han sostenido las \u00faltimas convocatorias a la comunidad local para socializar la petici\u00f3n de Santuario, con cuatro instancias informativas en las localidades de Cocham\u00f3, R\u00edo Puelo, Vidal Gorm\u00e1z y Pocoihuen, adem\u00e1s de una reuni\u00f3n en Santiago con la ministra de Bienes Nacionales Javiera Toro el d\u00eda 5 de julio.&nbsp;<\/p>\n\n\n\n<p>Luego el d\u00eda 13 de octubre la ministra de Medio Ambiente, Maisa Rojas, envi\u00f3 una carta de apoyo para la creaci\u00f3n del Santuario de la Naturaleza Valle Cocham\u00f3 donde se le solicit\u00f3 al Ministerio de Bienes Nacionales su pronunciamiento respecto del predio fiscal que tiene que traspasar a Medio Ambiente para la creaci\u00f3n de esta \u00e1rea protegida. Actualmente este pronunciamiento sigue pendiente, ya que el expediente t\u00e9cnico se encuentra bajo an\u00e1lisis a nivel regional.<\/p>\n\n\n\n<h2 class=\"wp-block-heading\" id=\"h-por-que-es-urgente-proteger-el-valle-cochamo\"><strong>\u00bfPor qu\u00e9 es urgente proteger el Valle Cocham\u00f3?<\/strong><\/h2>\n\n\n\n<p>\u201cEl Valle Cocham\u00f3 es un \u00e1rea voluntariamente protegida colaborativamente entre propietarios, trabajadores de turismo, arrieros, comunidad ind\u00edgena, escaladores y amantes del Valle. La comunidad del Valle Cocham\u00f3 lleva m\u00e1s de 12 a\u00f1os realizando esfuerzos de conservaci\u00f3n, el 2009 se logr\u00f3 un reserva de caudal del 80% del rio Cochamo, luego de este trabajo el Valle Cocham\u00f3 comenz\u00f3 hacerse muy conocido, lo que gener\u00f3 un visitaci\u00f3n explosiva, trayendo consecuencias, como, mucha basura, camping en zonas sin servicios b\u00e1sicos, accidentes, etc\u201d se\u00f1al\u00f3 Tatiana Sandoval presidenta de la Organizaci\u00f3n Valle Cocham\u00f3.<\/p>\n\n\n\n<p>\u201cCuando nos dimos cuenta que este \u00edndice no iba a bajar y estaba aumentando m\u00e1s de un 60% cada a\u00f1o. Se cre\u00f3 la Organizaci\u00f3n Valle Cocham\u00f3, que es una organizaci\u00f3n comunitaria y transversal\u201d, agreg\u00f3 Tatiana.<\/p>\n\n\n\n<p>La misi\u00f3n de la Organizaci\u00f3n Valle Cocham\u00f3 es conservar el patrimonio natural y cultural para las generaciones futuras, promoviendo un turismo responsable, sustentable y sostenible en el tiempo. Alguno de sus logros estos \u00faltimos seis a\u00f1os han sido; la instalaci\u00f3n de un centro de visitantes, un sistema de reserva (que controla la capacidad de carga), mantenci\u00f3n del sendero principal, la instalaci\u00f3n de se\u00f1al\u00e9ticas (indicativas y educativas), un centro de reciclaje que funciona durante la temporada de verano y una propuesta de Santuario de la Naturaleza para el valle Cocham\u00f3 ingresada en diciembre del 2021.<\/p>\n\n\n\n<p>En la actualidad el Valle Cocham\u00f3 constituye uno de los principales destinos tur\u00edsticos de la comuna, presentando un aumento considerable de visitantes en los \u00faltimos a\u00f1os. Se ha consolidado dentro de la regi\u00f3n como uno de los sectores m\u00e1s visitados por los que realizan turismo aventura, ecoturismo y excursionismo.<\/p>\n\n\n\n<p>El a\u00f1o 2007 la cuenca del r\u00edo Cocham\u00f3 fue declarada Zonas de Inter\u00e9s Tur\u00edstico (ZOIT; SERNATUR, 2007) que establece que estas zonas \u201ctienen condiciones especiales para la atracci\u00f3n tur\u00edstica y requieran medidas de conservaci\u00f3n y una planificaci\u00f3n integrada para promover las inversiones del sector privado\u201d.&nbsp;<\/p>\n\n\n\n<p>\u201cLa comunidad ha logrado llevar adelante un trabajo de autogesti\u00f3n exitoso, sin embargo, a\u00fan existen amenazas, el riesgo de incendios forestales, la contaminaci\u00f3n y los accidentes. Un \u00e1rea protegida, con un plan de acci\u00f3n a corto, mediano y largo plazo, es esencial para conservar la biodiversidad y los atractivos que hoy son el sustento econ\u00f3mico para muchas familias de la comuna, adem\u00e1s, de su importancia a nivel global por mitigar los efectos del cambio clim\u00e1tico\u201d mencion\u00f3 Cristi\u00e1n Gallardo, miembro de la Organizaci\u00f3n Valle Cocham\u00f3.<\/p>\n\n\n\n<p>Por otro lado una de las crecientes amenazas que est\u00e1 viviendo no solo el valle sino que toda la patagonia, es el desarrollo inmobiliario. En la comuna de Cocham\u00f3 son cada vez m\u00e1s frecuentes las parcelaciones y subdivisiones de los campos, que genera impacto tanto para las comunidades rurales que ya exist\u00edan en el territorio como para la biodiversidad y los recursos naturales de la zona.<\/p>\n\n\n\n<p>Sin embargo, el trabajo de la comunidad y la figura de la ZOIT, que hasta hoy ha sido lo \u00fanico que ha permitido regular y planificar el desarrollo del turismo, no son suficientes para abordar el creciente turismo, ni para realizar de forma integral la gesti\u00f3n y el cuidado del Valle Cocham\u00f3.<\/p>\n\n\n\n<h2 class=\"wp-block-heading\" id=\"h-por-que-la-figura-de-santuario-para-proteger-el-valle\"><strong>Por qu\u00e9 la figura de santuario para proteger el valle<\/strong><\/h2>\n\n\n\n<p>\u201cLos Santuarios de la Naturaleza son todos aquellos sitios terrestres o marinos que ofrezcan posibilidades especiales para estudios e investigaciones geol\u00f3gicas, paleontol\u00f3gicas, zool\u00f3gicas, bot\u00e1nicas o de ecolog\u00eda, o que posean formaciones naturales, cuya conservaci\u00f3n sea de inter\u00e9s para la ciencia o para el Estado\u201d, seg\u00fan el Consejo de Monumentos Nacionales de Chile.<\/p>\n\n\n\n<p>El Santuario de la Naturaleza comprende un \u00e1rea de 11.432 hect\u00e1reas de las cuales 68 hect\u00e1reas corresponden a privados y 11.318 hect\u00e1reas corresponden al predio fiscal Rehuelhu\u00e9 que representa m\u00e1s de un tercio de la superficie de la cuenca del r\u00edo Cocham\u00f3 (que incluyen por ejemplo senderos como Cerro Arco\u00edris, La Paloma, el sector de escalada Pared Seca y los Toboganes).<\/p>\n\n\n\n<p>\u201cSe necesita un santuario porque es la \u00fanica protecci\u00f3n en donde puedes incorporar predios p\u00fablicos y privados, tambi\u00e9n es una figura legal que nos puede ayudar cuando tenemos amenazas como, megaloteos, forestales, hidroel\u00e9ctricas, turismo masivo y camino de veh\u00edculos. Y lo que m\u00e1s tiene este lugar es un ecosistema muy bien conservado, con un bajo impacto humano, que lo hace ser \u00fanico y&nbsp; da vida a una diversidad de especies tanto flora como fauna. Y lo otro que se considera en esta protecci\u00f3n es la cultura arriera junto con la ruta patrimonial construida en los a\u00f1os 1900, que va de mar a cordillera\u201d, enfatiz\u00f3 Tatiana.<\/p>\n\n\n\n<p>Fuente:puelopatagonia.cl<\/p>\n\n\n\n<p><\/p>\n","protected":false},"excerpt":{"rendered":"","protected":false},"author":6,"featured_media":76724,"comment_status":"open","ping_status":"open","sticky":false,"template":"","format":"standard","meta":{"site-sidebar-layout":"default","site-content-layout":"","ast-site-content-layout":"default","site-content-style":"default","site-sidebar-style":"default","ast-global-header-display":"","ast-banner-title-visibility":"","ast-main-header-display":"","ast-hfb-above-header-display":"","ast-hfb-below-header-display":"","ast-hfb-mobile-header-display":"","site-post-title":"","ast-breadcrumbs-content":"","ast-featured-img":"","footer-sml-layout":"","ast-disable-related-posts":"","theme-transparent-header-meta":"","adv-header-id-meta":"","stick-header-meta":"","header-above-stick-meta":"","header-main-stick-meta":"","header-below-stick-meta":"","astra-migrate-meta-layouts":"default","ast-page-background-enabled":"default","ast-page-background-meta":{"desktop":{"background-color":"var(--ast-global-color-5)","background-image":"","background-repeat":"repeat","background-position":"center center","background-size":"auto","background-attachment":"scroll","background-type":"","background-media":"","overlay-type":"","overlay-color":"","overlay-opacity":"","overlay-gradient":""},"tablet":{"background-color":"","background-image":"","background-repeat":"repeat","background-position":"center center","background-size":"auto","background-attachment":"scroll","background-type":"","background-media":"","overlay-type":"","overlay-color":"","overlay-opacity":"","overlay-gradient":""},"mobile":{"background-color":"","background-image":"","background-repeat":"repeat","background-position":"center center","background-size":"auto","background-attachment":"scroll","background-type":"","background-media":"","overlay-type":"","overlay-color":"","overlay-opacity":"","overlay-gradient":""}},"ast-content-background-meta":{"desktop":{"background-color":"var(--ast-global-color-4)","background-image":"","background-repeat":"repeat","background-position":"center center","background-size":"auto","background-attachment":"scroll","background-type":"","background-media":"","overlay-type":"","overlay-color":"","overlay-opacity":"","overlay-gradient":""},"tablet":{"background-color":"var(--ast-global-color-4)","background-image":"","background-repeat":"repeat","background-position":"center center","background-size":"auto","background-attachment":"scroll","background-type":"","background-media":"","overlay-type":"","overlay-color":"","overlay-opacity":"","overlay-gradient":""},"mobile":{"background-color":"var(--ast-global-color-4)","background-image":"","background-repeat":"repeat","background-position":"center center","background-size":"auto","background-attachment":"scroll","background-type":"","background-media":"","overlay-type":"","overlay-color":"","overlay-opacity":"","overlay-gradient":""}},"footnotes":""},"categories":[11,1,3,10],"tags":[],"class_list":["post-76723","post","type-post","status-publish","format-standard","has-post-thumbnail","hentry","category-boletin","category-noticias","category-ong","category-rotador"],"yoast_head":"<!-- This site is optimized with the Yoast SEO Premium plugin v23.0 (Yoast SEO v27.4) - https:\/\/yoast.com\/product\/yoast-seo-premium-wordpress\/ -->\n<title>Santuario de la Naturaleza Valle Cocham\u00f3: por qu\u00e9 distintas organizaciones piden la protecci\u00f3n del valle<\/title>\n<meta name=\"robots\" content=\"index, follow, max-snippet:-1, max-image-preview:large, max-video-preview:-1\" \/>\n<link rel=\"canonical\" href=\"https:\/\/patagoniambiental.com.ar\/info\/santuario-de-la-naturaleza-valle-cochamo-por-que-distintas-organizaciones-piden-la-proteccion-del-valle\/\" \/>\n<meta property=\"og:locale\" content=\"es_ES\" \/>\n<meta property=\"og:type\" content=\"article\" \/>\n<meta property=\"og:title\" content=\"Santuario de la Naturaleza Valle Cocham\u00f3: por qu\u00e9 distintas organizaciones piden la protecci\u00f3n del valle\" \/>\n<meta property=\"og:url\" content=\"https:\/\/patagoniambiental.com.ar\/info\/santuario-de-la-naturaleza-valle-cochamo-por-que-distintas-organizaciones-piden-la-proteccion-del-valle\/\" \/>\n<meta property=\"og:site_name\" content=\"Patagonia Ambiental\" \/>\n<meta property=\"article:publisher\" content=\"https:\/\/www.facebook.com\/patagonia.ambiental\" \/>\n<meta property=\"article:published_time\" content=\"2022-12-29T22:00:00+00:00\" \/>\n<meta property=\"article:modified_time\" content=\"2024-09-19T14:07:52+00:00\" \/>\n<meta property=\"og:image\" content=\"https:\/\/patagoniambiental.com.ar\/info\/wp-content\/uploads\/2022\/12\/image1.jpg\" \/>\n\t<meta property=\"og:image:width\" content=\"634\" \/>\n\t<meta property=\"og:image:height\" content=\"640\" \/>\n\t<meta property=\"og:image:type\" content=\"image\/jpeg\" \/>\n<meta name=\"author\" content=\"BRAIAN ESTEVEZ\" \/>\n<meta name=\"twitter:card\" content=\"summary_large_image\" \/>\n<meta name=\"twitter:creator\" content=\"@PatAmb\" \/>\n<meta name=\"twitter:site\" content=\"@PatAmb\" \/>\n<script type=\"application\/ld+json\" class=\"yoast-schema-graph\">{\"@context\":\"https:\\\/\\\/schema.org\",\"@graph\":[{\"@type\":\"Article\",\"@id\":\"https:\\\/\\\/patagoniambiental.com.ar\\\/info\\\/santuario-de-la-naturaleza-valle-cochamo-por-que-distintas-organizaciones-piden-la-proteccion-del-valle\\\/#article\",\"isPartOf\":{\"@id\":\"https:\\\/\\\/patagoniambiental.com.ar\\\/info\\\/santuario-de-la-naturaleza-valle-cochamo-por-que-distintas-organizaciones-piden-la-proteccion-del-valle\\\/\"},\"author\":{\"name\":\"BRAIAN ESTEVEZ\",\"@id\":\"https:\\\/\\\/patagoniambiental.com.ar\\\/info\\\/#\\\/schema\\\/person\\\/e5af09d700b2e82cb10c6b8800e0c691\"},\"headline\":\"Santuario de la Naturaleza Valle Cocham\u00f3: por qu\u00e9 distintas organizaciones piden la protecci\u00f3n del valle\",\"datePublished\":\"2022-12-29T22:00:00+00:00\",\"dateModified\":\"2024-09-19T14:07:52+00:00\",\"mainEntityOfPage\":{\"@id\":\"https:\\\/\\\/patagoniambiental.com.ar\\\/info\\\/santuario-de-la-naturaleza-valle-cochamo-por-que-distintas-organizaciones-piden-la-proteccion-del-valle\\\/\"},\"wordCount\":2126,\"commentCount\":0,\"publisher\":{\"@id\":\"https:\\\/\\\/patagoniambiental.com.ar\\\/info\\\/#organization\"},\"image\":{\"@id\":\"https:\\\/\\\/patagoniambiental.com.ar\\\/info\\\/santuario-de-la-naturaleza-valle-cochamo-por-que-distintas-organizaciones-piden-la-proteccion-del-valle\\\/#primaryimage\"},\"thumbnailUrl\":\"https:\\\/\\\/patagoniambiental.com.ar\\\/info\\\/wp-content\\\/uploads\\\/2022\\\/12\\\/image1.jpg\",\"articleSection\":[\"Bolet\u00edn\",\"Noticias\",\"ONG\",\"Rotador\"],\"inLanguage\":\"es\",\"potentialAction\":[{\"@type\":\"CommentAction\",\"name\":\"Comment\",\"target\":[\"https:\\\/\\\/patagoniambiental.com.ar\\\/info\\\/santuario-de-la-naturaleza-valle-cochamo-por-que-distintas-organizaciones-piden-la-proteccion-del-valle\\\/#respond\"]}]},{\"@type\":\"WebPage\",\"@id\":\"https:\\\/\\\/patagoniambiental.com.ar\\\/info\\\/santuario-de-la-naturaleza-valle-cochamo-por-que-distintas-organizaciones-piden-la-proteccion-del-valle\\\/\",\"url\":\"https:\\\/\\\/patagoniambiental.com.ar\\\/info\\\/santuario-de-la-naturaleza-valle-cochamo-por-que-distintas-organizaciones-piden-la-proteccion-del-valle\\\/\",\"name\":\"Santuario de la Naturaleza Valle Cocham\u00f3: por qu\u00e9 distintas organizaciones piden la protecci\u00f3n del valle\",\"isPartOf\":{\"@id\":\"https:\\\/\\\/patagoniambiental.com.ar\\\/info\\\/#website\"},\"primaryImageOfPage\":{\"@id\":\"https:\\\/\\\/patagoniambiental.com.ar\\\/info\\\/santuario-de-la-naturaleza-valle-cochamo-por-que-distintas-organizaciones-piden-la-proteccion-del-valle\\\/#primaryimage\"},\"image\":{\"@id\":\"https:\\\/\\\/patagoniambiental.com.ar\\\/info\\\/santuario-de-la-naturaleza-valle-cochamo-por-que-distintas-organizaciones-piden-la-proteccion-del-valle\\\/#primaryimage\"},\"thumbnailUrl\":\"https:\\\/\\\/patagoniambiental.com.ar\\\/info\\\/wp-content\\\/uploads\\\/2022\\\/12\\\/image1.jpg\",\"datePublished\":\"2022-12-29T22:00:00+00:00\",\"dateModified\":\"2024-09-19T14:07:52+00:00\",\"breadcrumb\":{\"@id\":\"https:\\\/\\\/patagoniambiental.com.ar\\\/info\\\/santuario-de-la-naturaleza-valle-cochamo-por-que-distintas-organizaciones-piden-la-proteccion-del-valle\\\/#breadcrumb\"},\"inLanguage\":\"es\",\"potentialAction\":[{\"@type\":\"ReadAction\",\"target\":[\"https:\\\/\\\/patagoniambiental.com.ar\\\/info\\\/santuario-de-la-naturaleza-valle-cochamo-por-que-distintas-organizaciones-piden-la-proteccion-del-valle\\\/\"]}]},{\"@type\":\"ImageObject\",\"inLanguage\":\"es\",\"@id\":\"https:\\\/\\\/patagoniambiental.com.ar\\\/info\\\/santuario-de-la-naturaleza-valle-cochamo-por-que-distintas-organizaciones-piden-la-proteccion-del-valle\\\/#primaryimage\",\"url\":\"https:\\\/\\\/patagoniambiental.com.ar\\\/info\\\/wp-content\\\/uploads\\\/2022\\\/12\\\/image1.jpg\",\"contentUrl\":\"https:\\\/\\\/patagoniambiental.com.ar\\\/info\\\/wp-content\\\/uploads\\\/2022\\\/12\\\/image1.jpg\",\"width\":594,\"height\":600},{\"@type\":\"BreadcrumbList\",\"@id\":\"https:\\\/\\\/patagoniambiental.com.ar\\\/info\\\/santuario-de-la-naturaleza-valle-cochamo-por-que-distintas-organizaciones-piden-la-proteccion-del-valle\\\/#breadcrumb\",\"itemListElement\":[{\"@type\":\"ListItem\",\"position\":1,\"name\":\"Inicio\",\"item\":\"https:\\\/\\\/patagoniambiental.com.ar\\\/info\\\/\"},{\"@type\":\"ListItem\",\"position\":2,\"name\":\"Santuario de la Naturaleza Valle Cocham\u00f3: por qu\u00e9 distintas organizaciones piden la protecci\u00f3n del valle\"}]},{\"@type\":\"WebSite\",\"@id\":\"https:\\\/\\\/patagoniambiental.com.ar\\\/info\\\/#website\",\"url\":\"https:\\\/\\\/patagoniambiental.com.ar\\\/info\\\/\",\"name\":\"Patagonia Ambiental\",\"description\":\"Monitoreo y an\u00e1lisis de la situaci\u00f3n geopol\u00edtica en el mundo y su implicancia en la Patagonia\",\"publisher\":{\"@id\":\"https:\\\/\\\/patagoniambiental.com.ar\\\/info\\\/#organization\"},\"potentialAction\":[{\"@type\":\"SearchAction\",\"target\":{\"@type\":\"EntryPoint\",\"urlTemplate\":\"https:\\\/\\\/patagoniambiental.com.ar\\\/info\\\/?s={search_term_string}\"},\"query-input\":{\"@type\":\"PropertyValueSpecification\",\"valueRequired\":true,\"valueName\":\"search_term_string\"}}],\"inLanguage\":\"es\"},{\"@type\":\"Organization\",\"@id\":\"https:\\\/\\\/patagoniambiental.com.ar\\\/info\\\/#organization\",\"name\":\"Patagonia Ambiental\",\"url\":\"https:\\\/\\\/patagoniambiental.com.ar\\\/info\\\/\",\"logo\":{\"@type\":\"ImageObject\",\"inLanguage\":\"es\",\"@id\":\"https:\\\/\\\/patagoniambiental.com.ar\\\/info\\\/#\\\/schema\\\/logo\\\/image\\\/\",\"url\":\"https:\\\/\\\/patagoniambiental.com.ar\\\/info\\\/wp-content\\\/uploads\\\/2025\\\/05\\\/LOGO-PATAGONIA-AMBIENTAL.png\",\"contentUrl\":\"https:\\\/\\\/patagoniambiental.com.ar\\\/info\\\/wp-content\\\/uploads\\\/2025\\\/05\\\/LOGO-PATAGONIA-AMBIENTAL.png\",\"width\":433,\"height\":250,\"caption\":\"Patagonia Ambiental\"},\"image\":{\"@id\":\"https:\\\/\\\/patagoniambiental.com.ar\\\/info\\\/#\\\/schema\\\/logo\\\/image\\\/\"},\"sameAs\":[\"https:\\\/\\\/www.facebook.com\\\/patagonia.ambiental\",\"https:\\\/\\\/x.com\\\/PatAmb\"]},{\"@type\":\"Person\",\"@id\":\"https:\\\/\\\/patagoniambiental.com.ar\\\/info\\\/#\\\/schema\\\/person\\\/e5af09d700b2e82cb10c6b8800e0c691\",\"name\":\"BRAIAN ESTEVEZ\",\"sameAs\":[\"http:\\\/\\\/www.patagoniambiental.com.ar\"]}]}<\/script>\n<!-- \/ Yoast SEO Premium plugin. -->","yoast_head_json":{"title":"Santuario de la Naturaleza Valle Cocham\u00f3: por qu\u00e9 distintas organizaciones piden la protecci\u00f3n del valle","robots":{"index":"index","follow":"follow","max-snippet":"max-snippet:-1","max-image-preview":"max-image-preview:large","max-video-preview":"max-video-preview:-1"},"canonical":"https:\/\/patagoniambiental.com.ar\/info\/santuario-de-la-naturaleza-valle-cochamo-por-que-distintas-organizaciones-piden-la-proteccion-del-valle\/","og_locale":"es_ES","og_type":"article","og_title":"Santuario de la Naturaleza Valle Cocham\u00f3: por qu\u00e9 distintas organizaciones piden la protecci\u00f3n del valle","og_url":"https:\/\/patagoniambiental.com.ar\/info\/santuario-de-la-naturaleza-valle-cochamo-por-que-distintas-organizaciones-piden-la-proteccion-del-valle\/","og_site_name":"Patagonia Ambiental","article_publisher":"https:\/\/www.facebook.com\/patagonia.ambiental","article_published_time":"2022-12-29T22:00:00+00:00","article_modified_time":"2024-09-19T14:07:52+00:00","og_image":[{"width":634,"height":640,"url":"https:\/\/patagoniambiental.com.ar\/info\/wp-content\/uploads\/2022\/12\/image1.jpg","type":"image\/jpeg"}],"author":"BRAIAN ESTEVEZ","twitter_card":"summary_large_image","twitter_creator":"@PatAmb","twitter_site":"@PatAmb","schema":{"@context":"https:\/\/schema.org","@graph":[{"@type":"Article","@id":"https:\/\/patagoniambiental.com.ar\/info\/santuario-de-la-naturaleza-valle-cochamo-por-que-distintas-organizaciones-piden-la-proteccion-del-valle\/#article","isPartOf":{"@id":"https:\/\/patagoniambiental.com.ar\/info\/santuario-de-la-naturaleza-valle-cochamo-por-que-distintas-organizaciones-piden-la-proteccion-del-valle\/"},"author":{"name":"BRAIAN ESTEVEZ","@id":"https:\/\/patagoniambiental.com.ar\/info\/#\/schema\/person\/e5af09d700b2e82cb10c6b8800e0c691"},"headline":"Santuario de la Naturaleza Valle Cocham\u00f3: por qu\u00e9 distintas organizaciones piden la protecci\u00f3n del valle","datePublished":"2022-12-29T22:00:00+00:00","dateModified":"2024-09-19T14:07:52+00:00","mainEntityOfPage":{"@id":"https:\/\/patagoniambiental.com.ar\/info\/santuario-de-la-naturaleza-valle-cochamo-por-que-distintas-organizaciones-piden-la-proteccion-del-valle\/"},"wordCount":2126,"commentCount":0,"publisher":{"@id":"https:\/\/patagoniambiental.com.ar\/info\/#organization"},"image":{"@id":"https:\/\/patagoniambiental.com.ar\/info\/santuario-de-la-naturaleza-valle-cochamo-por-que-distintas-organizaciones-piden-la-proteccion-del-valle\/#primaryimage"},"thumbnailUrl":"https:\/\/patagoniambiental.com.ar\/info\/wp-content\/uploads\/2022\/12\/image1.jpg","articleSection":["Bolet\u00edn","Noticias","ONG","Rotador"],"inLanguage":"es","potentialAction":[{"@type":"CommentAction","name":"Comment","target":["https:\/\/patagoniambiental.com.ar\/info\/santuario-de-la-naturaleza-valle-cochamo-por-que-distintas-organizaciones-piden-la-proteccion-del-valle\/#respond"]}]},{"@type":"WebPage","@id":"https:\/\/patagoniambiental.com.ar\/info\/santuario-de-la-naturaleza-valle-cochamo-por-que-distintas-organizaciones-piden-la-proteccion-del-valle\/","url":"https:\/\/patagoniambiental.com.ar\/info\/santuario-de-la-naturaleza-valle-cochamo-por-que-distintas-organizaciones-piden-la-proteccion-del-valle\/","name":"Santuario de la Naturaleza Valle Cocham\u00f3: por qu\u00e9 distintas organizaciones piden la protecci\u00f3n del valle","isPartOf":{"@id":"https:\/\/patagoniambiental.com.ar\/info\/#website"},"primaryImageOfPage":{"@id":"https:\/\/patagoniambiental.com.ar\/info\/santuario-de-la-naturaleza-valle-cochamo-por-que-distintas-organizaciones-piden-la-proteccion-del-valle\/#primaryimage"},"image":{"@id":"https:\/\/patagoniambiental.com.ar\/info\/santuario-de-la-naturaleza-valle-cochamo-por-que-distintas-organizaciones-piden-la-proteccion-del-valle\/#primaryimage"},"thumbnailUrl":"https:\/\/patagoniambiental.com.ar\/info\/wp-content\/uploads\/2022\/12\/image1.jpg","datePublished":"2022-12-29T22:00:00+00:00","dateModified":"2024-09-19T14:07:52+00:00","breadcrumb":{"@id":"https:\/\/patagoniambiental.com.ar\/info\/santuario-de-la-naturaleza-valle-cochamo-por-que-distintas-organizaciones-piden-la-proteccion-del-valle\/#breadcrumb"},"inLanguage":"es","potentialAction":[{"@type":"ReadAction","target":["https:\/\/patagoniambiental.com.ar\/info\/santuario-de-la-naturaleza-valle-cochamo-por-que-distintas-organizaciones-piden-la-proteccion-del-valle\/"]}]},{"@type":"ImageObject","inLanguage":"es","@id":"https:\/\/patagoniambiental.com.ar\/info\/santuario-de-la-naturaleza-valle-cochamo-por-que-distintas-organizaciones-piden-la-proteccion-del-valle\/#primaryimage","url":"https:\/\/patagoniambiental.com.ar\/info\/wp-content\/uploads\/2022\/12\/image1.jpg","contentUrl":"https:\/\/patagoniambiental.com.ar\/info\/wp-content\/uploads\/2022\/12\/image1.jpg","width":594,"height":600},{"@type":"BreadcrumbList","@id":"https:\/\/patagoniambiental.com.ar\/info\/santuario-de-la-naturaleza-valle-cochamo-por-que-distintas-organizaciones-piden-la-proteccion-del-valle\/#breadcrumb","itemListElement":[{"@type":"ListItem","position":1,"name":"Inicio","item":"https:\/\/patagoniambiental.com.ar\/info\/"},{"@type":"ListItem","position":2,"name":"Santuario de la Naturaleza Valle Cocham\u00f3: por qu\u00e9 distintas organizaciones piden la protecci\u00f3n del valle"}]},{"@type":"WebSite","@id":"https:\/\/patagoniambiental.com.ar\/info\/#website","url":"https:\/\/patagoniambiental.com.ar\/info\/","name":"Patagonia Ambiental","description":"Monitoreo y an\u00e1lisis de la situaci\u00f3n geopol\u00edtica en el mundo y su implicancia en la Patagonia","publisher":{"@id":"https:\/\/patagoniambiental.com.ar\/info\/#organization"},"potentialAction":[{"@type":"SearchAction","target":{"@type":"EntryPoint","urlTemplate":"https:\/\/patagoniambiental.com.ar\/info\/?s={search_term_string}"},"query-input":{"@type":"PropertyValueSpecification","valueRequired":true,"valueName":"search_term_string"}}],"inLanguage":"es"},{"@type":"Organization","@id":"https:\/\/patagoniambiental.com.ar\/info\/#organization","name":"Patagonia Ambiental","url":"https:\/\/patagoniambiental.com.ar\/info\/","logo":{"@type":"ImageObject","inLanguage":"es","@id":"https:\/\/patagoniambiental.com.ar\/info\/#\/schema\/logo\/image\/","url":"https:\/\/patagoniambiental.com.ar\/info\/wp-content\/uploads\/2025\/05\/LOGO-PATAGONIA-AMBIENTAL.png","contentUrl":"https:\/\/patagoniambiental.com.ar\/info\/wp-content\/uploads\/2025\/05\/LOGO-PATAGONIA-AMBIENTAL.png","width":433,"height":250,"caption":"Patagonia Ambiental"},"image":{"@id":"https:\/\/patagoniambiental.com.ar\/info\/#\/schema\/logo\/image\/"},"sameAs":["https:\/\/www.facebook.com\/patagonia.ambiental","https:\/\/x.com\/PatAmb"]},{"@type":"Person","@id":"https:\/\/patagoniambiental.com.ar\/info\/#\/schema\/person\/e5af09d700b2e82cb10c6b8800e0c691","name":"BRAIAN ESTEVEZ","sameAs":["http:\/\/www.patagoniambiental.com.ar"]}]}},"_links":{"self":[{"href":"https:\/\/patagoniambiental.com.ar\/info\/wp-json\/wp\/v2\/posts\/76723","targetHints":{"allow":["GET"]}}],"collection":[{"href":"https:\/\/patagoniambiental.com.ar\/info\/wp-json\/wp\/v2\/posts"}],"about":[{"href":"https:\/\/patagoniambiental.com.ar\/info\/wp-json\/wp\/v2\/types\/post"}],"author":[{"embeddable":true,"href":"https:\/\/patagoniambiental.com.ar\/info\/wp-json\/wp\/v2\/users\/6"}],"replies":[{"embeddable":true,"href":"https:\/\/patagoniambiental.com.ar\/info\/wp-json\/wp\/v2\/comments?post=76723"}],"version-history":[{"count":0,"href":"https:\/\/patagoniambiental.com.ar\/info\/wp-json\/wp\/v2\/posts\/76723\/revisions"}],"wp:featuredmedia":[{"embeddable":true,"href":"https:\/\/patagoniambiental.com.ar\/info\/wp-json\/wp\/v2\/media\/76724"}],"wp:attachment":[{"href":"https:\/\/patagoniambiental.com.ar\/info\/wp-json\/wp\/v2\/media?parent=76723"}],"wp:term":[{"taxonomy":"category","embeddable":true,"href":"https:\/\/patagoniambiental.com.ar\/info\/wp-json\/wp\/v2\/categories?post=76723"},{"taxonomy":"post_tag","embeddable":true,"href":"https:\/\/patagoniambiental.com.ar\/info\/wp-json\/wp\/v2\/tags?post=76723"}],"curies":[{"name":"wp","href":"https:\/\/api.w.org\/{rel}","templated":true}]}}