{"id":76744,"date":"2023-01-07T07:00:00","date_gmt":"2023-01-07T10:00:00","guid":{"rendered":"http:\/\/patagoniambiental.com.ar\/info\/?p=76744"},"modified":"2024-08-19T00:03:03","modified_gmt":"2024-08-19T03:03:03","slug":"casi-200-paises-acuerdan-metas-de-biodiversidad-para-el-2030","status":"publish","type":"post","link":"https:\/\/patagoniambiental.com.ar\/info\/casi-200-paises-acuerdan-metas-de-biodiversidad-para-el-2030\/","title":{"rendered":"Casi 200 pa\u00edses acuerdan metas de biodiversidad para el 2030"},"content":{"rendered":"\n<!--more-->\n\n\n\n<h2 class=\"wp-block-heading\" id=\"h-en-el-nuevo-marco-global-no-solo-es-clave-el-rol-del-estado-sino-ademas-el-compromiso-de-la-sociedad\">En el nuevo Marco Global, no s\u00f3lo es clave el rol del Estado sino adem\u00e1s el compromiso de la sociedad.<\/h2>\n\n\n\n<p>La planificaci\u00f3n estrat\u00e9gica de los Estados y el involucramiento de la sociedad ante la \u00abalarmante\u00bb p\u00e9rdida de biodiversidad y el deterioro del ambiente ser\u00e1n \u00abclaves\u00bb para alcanzar las metas acordadas para 2030 por 196 pa\u00edses, incluido Argentina, en el nuevo Marco Global para la Biodiversidad (MGB), consideraron tres especialistas en Ciencias Ambientales del Conicet que participaron de la Conferencia de las Partes sobre Diversidad Biol\u00f3gica de la ONU (COP15).<\/p>\n\n\n\n<p><br>A nivel global, 75% de los ecosistemas est\u00e1n alterados por la actividad humana y m\u00e1s de un mill\u00f3n de especies \u00abestar\u00edan\u00bb en peligro de extinci\u00f3n, de acuerdo a las conclusiones del encuentro internacional. \u00abNo nos podemos dar el lujo de no cumplir las metas para 2030 como sucedi\u00f3 con las Metas de Aichi que tuvieron vigencia entre 2010 y 2020, ser\u00eda un desastre\u00bb, advirti\u00f3 a T\u00e9lam la investigadora del Conicet y Universidad Nacional de C\u00f3rdoba en el Instituto Multidisciplinario de Biolog\u00eda Vegetal, Sandra D\u00edaz. \u00abEs necesaria una implementaci\u00f3n decidida por parte de los Estados y de la sociedad civil\u00bb, agreg\u00f3 la bi\u00f3loga que estuvo entre los cient\u00edficos\/as m\u00e1s destacadas del mundo en 2019.<\/p>\n\n\n\n<p><br>En el mismo sentido, el bi\u00f3logo doctor en Ecolog\u00eda Christopher Anderson, que trabaja en la Patagonia como investigador del Conicet y de la Universidad Nacional de Tierra del Fuego dijo que \u00abla conservaci\u00f3n no se va a lograr solo poniendo cercos\u00bb, sino involucrando a la sociedad \u00abreconociendo los derechos de los pueblos originarios y comunidades locales\u00bb, tal como marc\u00f3 una de las metas del MGB, lo que constituye \u00abun cambio paradigm\u00e1tico\u00bb.<\/p>\n\n\n\n<p><br>Tambi\u00e9n D\u00edaz remarc\u00f3 la importancia del respeto a los pueblos ind\u00edgenas por una cuesti\u00f3n de derechos humanos de acceder a su tierra ancestral, y porque comprobaron con un estudio de la Plataforma Intergubernamental de Biodiversidad y Servicios Ecosist\u00e9micos (IPBES) que \u00abmundialmente en promedio las tierras ind\u00edgenas tienen m\u00e1s biodiversidad y la biodiversidad se pierde menos que en las manejadas por los Estados nacionales y los sectores no ind\u00edgenas\u00bb, porque \u00abconservan determinadas pr\u00e1cticas, salvaguardas y conocimiento\u00bb.<\/p>\n\n\n\n<p><br>Para concretar las metas de Biodiversidad \u00abhace falta una planificaci\u00f3n estrat\u00e9gica\u00bb, explic\u00f3 a T\u00e9lam la bi\u00f3loga investigadora del Conicet en el Instituto Nacional de Antropolog\u00eda y Pensamiento Latinoamericano, Gabriela Lichtenstein, y agreg\u00f3 que los pa\u00edses tienen que desarrollar o actualizar sus estrategias nacionales de conservaci\u00f3n de la biodiversidad y, dentro de estas estrategias, habr\u00e1 indicadores que van a tener que monitorear a lo largo del tiempo y reportar a la CDB. Adem\u00e1s, es necesario \u00abatacar los impulsores y las causas del deterioro de la naturaleza\u00bb, sum\u00f3 D\u00edaz.<\/p>\n\n\n\n<div style=\"height:100px\" aria-hidden=\"true\" class=\"wp-block-spacer\"><\/div>\n\n\n\n<h2 class=\"wp-block-heading\" id=\"h-los-enemigos\"><br><strong>LOS ENEMIGOS<\/strong><\/h2>\n\n\n\n<p>Entre las causas directas de p\u00e9rdida de biodiversidad, la investigadora se\u00f1al\u00f3 el uso de la tierra, la explotaci\u00f3n directa de plantas y animales, el cambio clim\u00e1tico, la contaminaci\u00f3n, las especies invasoras. Entre las causas \u00abde ra\u00edz\u00bb, mencion\u00f3 cuestiones sociales, pol\u00edticas, como \u00ablos grandes subsidios a actividades que da\u00f1an la biodiversidad o favorecer el consumo innecesario\u00bb y, sobre este punto se\u00f1al\u00f3 que \u00abal marco le falta precisi\u00f3n para ponerle freno\u00bb.<\/p>\n\n\n\n<p><br>Por su parte, Lichtenstein explic\u00f3 que \u00ablos patrones actuales de producci\u00f3n suelen no considerar las externalidades ambientales, como muchas industrias extractivas; y el sobreconsumo, principalmente en los pa\u00edses del Norte Global\u00bb. Asimismo, advirti\u00f3 sobre la \u00abcreciente\u00bb disociaci\u00f3n entre personas y naturaleza, \u00aben parte debida a la vida en ciudades\u00bb. En Argentina el 92% de la poblaci\u00f3n vive en ciudades, en Latinoam\u00e9rica, el 80%, precis\u00f3: \u00abNo somos conscientes del costo ambiental de producci\u00f3n de lo que usamos y consumimos, ni de la cantidad de residuos que producimos, ni a d\u00f3nde van\u00bb, remarc\u00f3 la cient\u00edfica al explicar que lleva a un desequilibrio y a convertir a la naturaleza en un \u00abcommodity\u00bb.<\/p>\n\n\n\n<p><br>La Biodiversidad -defini\u00f3 D\u00edaz- no est\u00e1 solo en los parques nacionales, tambi\u00e9n est\u00e1 en la ciudad. \u00abEs todo lo que est\u00e1 vivo sobre el planeta Tierra, nosotros incluidos, es una interacci\u00f3n, una trama muy intrincada\u00bb.<\/p>\n\n\n\n<p><br>Am\u00e9rica contiene alrededor del 35% de los mam\u00edferos, 35% de los reptiles, 40% de las aves y 50% de los anfibios del mundo, apunt\u00f3 Anderson. \u00abTenemos gran porcentaje de la biodiversidad del planeta, pero en los grupos que han sido bien evaluados aproximadamente el 25% se encuentra bajo alg\u00fan grado de amenaza de extinci\u00f3n y esas son las situaciones que tenemos que revertir con esta meta a 2030 y 2050\u00bb, consider\u00f3 el investigador.<\/p>\n\n\n\n<p><br>\u00abEl Convenio sobre Diversidad Biol\u00f3gica (CBD, por sus siglas en ingl\u00e9s) es un instrumento legalmente vinculante mientras que el Marco Global, al que se lleg\u00f3 despu\u00e9s de 4 a\u00f1os de negociaci\u00f3n, es de &#8216;cumplimiento voluntario&#8217; de todos los Estados parte, que consideran alcanzables estas metas, que est\u00e1n atravesadas a su vez por un enfoque basado en derechos\u00bb, explic\u00f3 Lichtenstein, que particip\u00f3 de la COP15 en calidad de vicepresidenta regional para Am\u00e9rica del Sur y Mesoam\u00e9rica de la Comisi\u00f3n de Supervivencia de Especies de la Uni\u00f3n Internacional para la Conservaci\u00f3n de la Naturaleza (UICN).<\/p>\n\n\n\n<p><br>Para el caso de Argentina, el investigador consider\u00f3 que \u00abtiene que seguir reforzando las cosas que est\u00e1 haciendo bien\u00bb, como la nueva Ley de presupuestos m\u00ednimos de cambio clim\u00e1tico, con la cual a partir de un Gabinete Federal de Cambio Clim\u00e1tico, \u00abtodos los ministerios tienen representaci\u00f3n en el tema\u00bb y permite una \u00abplanificaci\u00f3n m\u00e1s transversal\u00bb para organizar las instituciones en lo ambiental.<\/p>\n\n\n\n<div style=\"height:100px\" aria-hidden=\"true\" class=\"wp-block-spacer\"><\/div>\n\n\n\n<h2 class=\"wp-block-heading\" id=\"h-nuevo-marco\"><br><strong>NUEVO MARCO<\/strong><\/h2>\n\n\n\n<p>En el marco del CBD, recientemente fue aprobado el &#8216;MGB Kunming-Montreal&#8217;, que reemplaz\u00f3 a las &#8216;Metas de Aichi&#8217;. \u00abCon el nuevo marco estamos mejor armados para no fallar porque es m\u00e1s jugado, amplio, inclusivo, tiene m\u00e1s n\u00fameros e indicadores precisos\u00bb, valor\u00f3 D\u00edaz.<\/p>\n\n\n\n<p><br>El acuerdo calificado como \u00abhist\u00f3rico\u00bb estableci\u00f3 como puntos centrales la protecci\u00f3n de al menos el 30% de las tierras, aguas continentales, zonas costeras y oc\u00e9anos del planeta para el 2030, mientras busca reducir a casi cero la p\u00e9rdida de \u00e1reas de gran importancia para la biodiversidad.<\/p>\n\n\n\n<p><br>El trabajo de D\u00edaz como co-presidenta de la Evaluaci\u00f3n Global de Biodiversidad y Servicios Ecosist\u00e9micos por parte de IPBES de 2019 fue \u00abla base principal\u00bb para el MGB, que plante\u00f3 cuatro objetivos y 23 metas relacionados con mantener y restaurar la biodiversidad de especies y poblaciones y los ecosistemas, as\u00ed como la resiliencia y conectividad de estos \u00faltimos para el a\u00f1o 2050; asegurar las contribuciones de la naturaleza para la gente en forma sostenible; compartir de manera justa y equitativa los beneficios de la naturaleza; y obtener los recursos financieros para la implementaci\u00f3n.<\/p>\n\n\n\n<p><br>\u00abEs importante hacer amigable para la naturaleza el otro 70% que no quedar\u00eda legalmente protegido, porque es donde vive la mayor\u00eda de la gente\u00bb, concluy\u00f3 D\u00edaz.<\/p>\n\n\n\n<div style=\"height:100px\" aria-hidden=\"true\" class=\"wp-block-spacer\"><\/div>\n\n\n\n<h2 class=\"wp-block-heading\" id=\"h-la-compatibilidad-con-la-industria\"><strong>La compatibilidad con la industria<\/strong><\/h2>\n\n\n\n<p>En cuanto a las industrias agr\u00edcolas, los cient\u00edficos argentinos consultados por T\u00e9lam explicaron que hay una \u00abfalsa dicotom\u00eda\u00bb entre producci\u00f3n y cuidado ambiental. \u00abSe puede producir de una forma que no da\u00f1e la biodiversidad ni a la gente. Lo que s\u00ed es incompatible es la ganancia extrema para una minor\u00eda con favorecer a la naturaleza y la salud humana\u00bb, se\u00f1al\u00f3 D\u00edaz al recordar que hay modos de producci\u00f3n que da\u00f1an a los otros organismos y a los seres humanos. \u00abSi uno le pone un poco de freno a eso, se puede seguir ganando, pero no al extremo de da\u00f1ar la trama viva que nos sostiene a todas las personas. Eso es lo que para m\u00ed el MGB no termina de hacer, porque no establece n\u00fameros en varias metas muy importantes\u00bb, a\u00f1adi\u00f3. En ese aspecto, Anderson agreg\u00f3 que hay distintas estrategias para que los sistemas agr\u00edcolas sean m\u00e1s agroecol\u00f3gicos aunque la pr\u00e1ctica extensiva industrial \u00absiempre va a generar da\u00f1os\u00bb.<\/p>\n\n\n\n<p>Fuente: T\u00e9lam<\/p>\n","protected":false},"excerpt":{"rendered":"","protected":false},"author":6,"featured_media":76745,"comment_status":"open","ping_status":"open","sticky":false,"template":"","format":"standard","meta":{"site-sidebar-layout":"default","site-content-layout":"","ast-site-content-layout":"default","site-content-style":"default","site-sidebar-style":"default","ast-global-header-display":"","ast-banner-title-visibility":"","ast-main-header-display":"","ast-hfb-above-header-display":"","ast-hfb-below-header-display":"","ast-hfb-mobile-header-display":"","site-post-title":"","ast-breadcrumbs-content":"","ast-featured-img":"","footer-sml-layout":"","ast-disable-related-posts":"","theme-transparent-header-meta":"","adv-header-id-meta":"","stick-header-meta":"","header-above-stick-meta":"","header-main-stick-meta":"","header-below-stick-meta":"","astra-migrate-meta-layouts":"default","ast-page-background-enabled":"default","ast-page-background-meta":{"desktop":{"background-color":"var(--ast-global-color-5)","background-image":"","background-repeat":"repeat","background-position":"center center","background-size":"auto","background-attachment":"scroll","background-type":"","background-media":"","overlay-type":"","overlay-color":"","overlay-opacity":"","overlay-gradient":""},"tablet":{"background-color":"","background-image":"","background-repeat":"repeat","background-position":"center center","background-size":"auto","background-attachment":"scroll","background-type":"","background-media":"","overlay-type":"","overlay-color":"","overlay-opacity":"","overlay-gradient":""},"mobile":{"background-color":"","background-image":"","background-repeat":"repeat","background-position":"center center","background-size":"auto","background-attachment":"scroll","background-type":"","background-media":"","overlay-type":"","overlay-color":"","overlay-opacity":"","overlay-gradient":""}},"ast-content-background-meta":{"desktop":{"background-color":"var(--ast-global-color-4)","background-image":"","background-repeat":"repeat","background-position":"center center","background-size":"auto","background-attachment":"scroll","background-type":"","background-media":"","overlay-type":"","overlay-color":"","overlay-opacity":"","overlay-gradient":""},"tablet":{"background-color":"var(--ast-global-color-4)","background-image":"","background-repeat":"repeat","background-position":"center center","background-size":"auto","background-attachment":"scroll","background-type":"","background-media":"","overlay-type":"","overlay-color":"","overlay-opacity":"","overlay-gradient":""},"mobile":{"background-color":"var(--ast-global-color-4)","background-image":"","background-repeat":"repeat","background-position":"center center","background-size":"auto","background-attachment":"scroll","background-type":"","background-media":"","overlay-type":"","overlay-color":"","overlay-opacity":"","overlay-gradient":""}},"footnotes":""},"categories":[11,23,1,10],"tags":[],"class_list":["post-76744","post","type-post","status-publish","format-standard","has-post-thumbnail","hentry","category-boletin","category-internacionales","category-noticias","category-rotador"],"yoast_head":"<!-- This site is optimized with the Yoast SEO Premium plugin v23.0 (Yoast SEO v27.5) - https:\/\/yoast.com\/product\/yoast-seo-premium-wordpress\/ -->\n<title>Casi 200 pa\u00edses acuerdan metas de biodiversidad para el 2030<\/title>\n<meta name=\"robots\" content=\"index, follow, max-snippet:-1, max-image-preview:large, max-video-preview:-1\" \/>\n<link rel=\"canonical\" href=\"https:\/\/patagoniambiental.com.ar\/info\/casi-200-paises-acuerdan-metas-de-biodiversidad-para-el-2030\/\" \/>\n<meta property=\"og:locale\" content=\"es_ES\" \/>\n<meta property=\"og:type\" content=\"article\" \/>\n<meta property=\"og:title\" content=\"Casi 200 pa\u00edses acuerdan metas de biodiversidad para el 2030\" \/>\n<meta property=\"og:url\" content=\"https:\/\/patagoniambiental.com.ar\/info\/casi-200-paises-acuerdan-metas-de-biodiversidad-para-el-2030\/\" \/>\n<meta property=\"og:site_name\" content=\"Patagonia Ambiental\" \/>\n<meta property=\"article:publisher\" content=\"https:\/\/www.facebook.com\/patagonia.ambiental\" \/>\n<meta property=\"article:published_time\" content=\"2023-01-07T10:00:00+00:00\" \/>\n<meta property=\"article:modified_time\" content=\"2024-08-19T03:03:03+00:00\" \/>\n<meta property=\"og:image\" content=\"https:\/\/patagoniambiental.com.ar\/info\/wp-content\/uploads\/2023\/01\/Sin-titulo-1.png\" \/>\n\t<meta property=\"og:image:width\" content=\"890\" \/>\n\t<meta property=\"og:image:height\" content=\"496\" \/>\n\t<meta property=\"og:image:type\" content=\"image\/png\" \/>\n<meta name=\"author\" content=\"BRAIAN ESTEVEZ\" \/>\n<meta name=\"twitter:card\" content=\"summary_large_image\" \/>\n<meta name=\"twitter:creator\" content=\"@PatAmb\" \/>\n<meta name=\"twitter:site\" content=\"@PatAmb\" \/>\n<script type=\"application\/ld+json\" class=\"yoast-schema-graph\">{\"@context\":\"https:\\\/\\\/schema.org\",\"@graph\":[{\"@type\":\"Article\",\"@id\":\"https:\\\/\\\/patagoniambiental.com.ar\\\/info\\\/casi-200-paises-acuerdan-metas-de-biodiversidad-para-el-2030\\\/#article\",\"isPartOf\":{\"@id\":\"https:\\\/\\\/patagoniambiental.com.ar\\\/info\\\/casi-200-paises-acuerdan-metas-de-biodiversidad-para-el-2030\\\/\"},\"author\":{\"name\":\"BRAIAN ESTEVEZ\",\"@id\":\"https:\\\/\\\/patagoniambiental.com.ar\\\/info\\\/#\\\/schema\\\/person\\\/e5af09d700b2e82cb10c6b8800e0c691\"},\"headline\":\"Casi 200 pa\u00edses acuerdan metas de biodiversidad para el 2030\",\"datePublished\":\"2023-01-07T10:00:00+00:00\",\"dateModified\":\"2024-08-19T03:03:03+00:00\",\"mainEntityOfPage\":{\"@id\":\"https:\\\/\\\/patagoniambiental.com.ar\\\/info\\\/casi-200-paises-acuerdan-metas-de-biodiversidad-para-el-2030\\\/\"},\"wordCount\":1361,\"commentCount\":0,\"publisher\":{\"@id\":\"https:\\\/\\\/patagoniambiental.com.ar\\\/info\\\/#organization\"},\"image\":{\"@id\":\"https:\\\/\\\/patagoniambiental.com.ar\\\/info\\\/casi-200-paises-acuerdan-metas-de-biodiversidad-para-el-2030\\\/#primaryimage\"},\"thumbnailUrl\":\"https:\\\/\\\/patagoniambiental.com.ar\\\/info\\\/wp-content\\\/uploads\\\/2023\\\/01\\\/Sin-titulo-1.png\",\"articleSection\":[\"Bolet\u00edn\",\"Internacionales\",\"Noticias\",\"Rotador\"],\"inLanguage\":\"es\",\"potentialAction\":[{\"@type\":\"CommentAction\",\"name\":\"Comment\",\"target\":[\"https:\\\/\\\/patagoniambiental.com.ar\\\/info\\\/casi-200-paises-acuerdan-metas-de-biodiversidad-para-el-2030\\\/#respond\"]}]},{\"@type\":\"WebPage\",\"@id\":\"https:\\\/\\\/patagoniambiental.com.ar\\\/info\\\/casi-200-paises-acuerdan-metas-de-biodiversidad-para-el-2030\\\/\",\"url\":\"https:\\\/\\\/patagoniambiental.com.ar\\\/info\\\/casi-200-paises-acuerdan-metas-de-biodiversidad-para-el-2030\\\/\",\"name\":\"Casi 200 pa\u00edses acuerdan metas de biodiversidad para el 2030\",\"isPartOf\":{\"@id\":\"https:\\\/\\\/patagoniambiental.com.ar\\\/info\\\/#website\"},\"primaryImageOfPage\":{\"@id\":\"https:\\\/\\\/patagoniambiental.com.ar\\\/info\\\/casi-200-paises-acuerdan-metas-de-biodiversidad-para-el-2030\\\/#primaryimage\"},\"image\":{\"@id\":\"https:\\\/\\\/patagoniambiental.com.ar\\\/info\\\/casi-200-paises-acuerdan-metas-de-biodiversidad-para-el-2030\\\/#primaryimage\"},\"thumbnailUrl\":\"https:\\\/\\\/patagoniambiental.com.ar\\\/info\\\/wp-content\\\/uploads\\\/2023\\\/01\\\/Sin-titulo-1.png\",\"datePublished\":\"2023-01-07T10:00:00+00:00\",\"dateModified\":\"2024-08-19T03:03:03+00:00\",\"breadcrumb\":{\"@id\":\"https:\\\/\\\/patagoniambiental.com.ar\\\/info\\\/casi-200-paises-acuerdan-metas-de-biodiversidad-para-el-2030\\\/#breadcrumb\"},\"inLanguage\":\"es\",\"potentialAction\":[{\"@type\":\"ReadAction\",\"target\":[\"https:\\\/\\\/patagoniambiental.com.ar\\\/info\\\/casi-200-paises-acuerdan-metas-de-biodiversidad-para-el-2030\\\/\"]}]},{\"@type\":\"ImageObject\",\"inLanguage\":\"es\",\"@id\":\"https:\\\/\\\/patagoniambiental.com.ar\\\/info\\\/casi-200-paises-acuerdan-metas-de-biodiversidad-para-el-2030\\\/#primaryimage\",\"url\":\"https:\\\/\\\/patagoniambiental.com.ar\\\/info\\\/wp-content\\\/uploads\\\/2023\\\/01\\\/Sin-titulo-1.png\",\"contentUrl\":\"https:\\\/\\\/patagoniambiental.com.ar\\\/info\\\/wp-content\\\/uploads\\\/2023\\\/01\\\/Sin-titulo-1.png\",\"width\":890,\"height\":496},{\"@type\":\"BreadcrumbList\",\"@id\":\"https:\\\/\\\/patagoniambiental.com.ar\\\/info\\\/casi-200-paises-acuerdan-metas-de-biodiversidad-para-el-2030\\\/#breadcrumb\",\"itemListElement\":[{\"@type\":\"ListItem\",\"position\":1,\"name\":\"Inicio\",\"item\":\"https:\\\/\\\/patagoniambiental.com.ar\\\/info\\\/\"},{\"@type\":\"ListItem\",\"position\":2,\"name\":\"Casi 200 pa\u00edses acuerdan metas de biodiversidad para el 2030\"}]},{\"@type\":\"WebSite\",\"@id\":\"https:\\\/\\\/patagoniambiental.com.ar\\\/info\\\/#website\",\"url\":\"https:\\\/\\\/patagoniambiental.com.ar\\\/info\\\/\",\"name\":\"Patagonia Ambiental\",\"description\":\"Monitoreo y an\u00e1lisis de la situaci\u00f3n geopol\u00edtica en el mundo y su implicancia en la Patagonia\",\"publisher\":{\"@id\":\"https:\\\/\\\/patagoniambiental.com.ar\\\/info\\\/#organization\"},\"potentialAction\":[{\"@type\":\"SearchAction\",\"target\":{\"@type\":\"EntryPoint\",\"urlTemplate\":\"https:\\\/\\\/patagoniambiental.com.ar\\\/info\\\/?s={search_term_string}\"},\"query-input\":{\"@type\":\"PropertyValueSpecification\",\"valueRequired\":true,\"valueName\":\"search_term_string\"}}],\"inLanguage\":\"es\"},{\"@type\":\"Organization\",\"@id\":\"https:\\\/\\\/patagoniambiental.com.ar\\\/info\\\/#organization\",\"name\":\"Patagonia Ambiental\",\"url\":\"https:\\\/\\\/patagoniambiental.com.ar\\\/info\\\/\",\"logo\":{\"@type\":\"ImageObject\",\"inLanguage\":\"es\",\"@id\":\"https:\\\/\\\/patagoniambiental.com.ar\\\/info\\\/#\\\/schema\\\/logo\\\/image\\\/\",\"url\":\"https:\\\/\\\/patagoniambiental.com.ar\\\/info\\\/wp-content\\\/uploads\\\/2025\\\/05\\\/LOGO-PATAGONIA-AMBIENTAL.png\",\"contentUrl\":\"https:\\\/\\\/patagoniambiental.com.ar\\\/info\\\/wp-content\\\/uploads\\\/2025\\\/05\\\/LOGO-PATAGONIA-AMBIENTAL.png\",\"width\":433,\"height\":250,\"caption\":\"Patagonia Ambiental\"},\"image\":{\"@id\":\"https:\\\/\\\/patagoniambiental.com.ar\\\/info\\\/#\\\/schema\\\/logo\\\/image\\\/\"},\"sameAs\":[\"https:\\\/\\\/www.facebook.com\\\/patagonia.ambiental\",\"https:\\\/\\\/x.com\\\/PatAmb\"]},{\"@type\":\"Person\",\"@id\":\"https:\\\/\\\/patagoniambiental.com.ar\\\/info\\\/#\\\/schema\\\/person\\\/e5af09d700b2e82cb10c6b8800e0c691\",\"name\":\"BRAIAN ESTEVEZ\",\"sameAs\":[\"http:\\\/\\\/www.patagoniambiental.com.ar\"]}]}<\/script>\n<!-- \/ Yoast SEO Premium plugin. -->","yoast_head_json":{"title":"Casi 200 pa\u00edses acuerdan metas de biodiversidad para el 2030","robots":{"index":"index","follow":"follow","max-snippet":"max-snippet:-1","max-image-preview":"max-image-preview:large","max-video-preview":"max-video-preview:-1"},"canonical":"https:\/\/patagoniambiental.com.ar\/info\/casi-200-paises-acuerdan-metas-de-biodiversidad-para-el-2030\/","og_locale":"es_ES","og_type":"article","og_title":"Casi 200 pa\u00edses acuerdan metas de biodiversidad para el 2030","og_url":"https:\/\/patagoniambiental.com.ar\/info\/casi-200-paises-acuerdan-metas-de-biodiversidad-para-el-2030\/","og_site_name":"Patagonia Ambiental","article_publisher":"https:\/\/www.facebook.com\/patagonia.ambiental","article_published_time":"2023-01-07T10:00:00+00:00","article_modified_time":"2024-08-19T03:03:03+00:00","og_image":[{"width":890,"height":496,"url":"https:\/\/patagoniambiental.com.ar\/info\/wp-content\/uploads\/2023\/01\/Sin-titulo-1.png","type":"image\/png"}],"author":"BRAIAN ESTEVEZ","twitter_card":"summary_large_image","twitter_creator":"@PatAmb","twitter_site":"@PatAmb","schema":{"@context":"https:\/\/schema.org","@graph":[{"@type":"Article","@id":"https:\/\/patagoniambiental.com.ar\/info\/casi-200-paises-acuerdan-metas-de-biodiversidad-para-el-2030\/#article","isPartOf":{"@id":"https:\/\/patagoniambiental.com.ar\/info\/casi-200-paises-acuerdan-metas-de-biodiversidad-para-el-2030\/"},"author":{"name":"BRAIAN ESTEVEZ","@id":"https:\/\/patagoniambiental.com.ar\/info\/#\/schema\/person\/e5af09d700b2e82cb10c6b8800e0c691"},"headline":"Casi 200 pa\u00edses acuerdan metas de biodiversidad para el 2030","datePublished":"2023-01-07T10:00:00+00:00","dateModified":"2024-08-19T03:03:03+00:00","mainEntityOfPage":{"@id":"https:\/\/patagoniambiental.com.ar\/info\/casi-200-paises-acuerdan-metas-de-biodiversidad-para-el-2030\/"},"wordCount":1361,"commentCount":0,"publisher":{"@id":"https:\/\/patagoniambiental.com.ar\/info\/#organization"},"image":{"@id":"https:\/\/patagoniambiental.com.ar\/info\/casi-200-paises-acuerdan-metas-de-biodiversidad-para-el-2030\/#primaryimage"},"thumbnailUrl":"https:\/\/patagoniambiental.com.ar\/info\/wp-content\/uploads\/2023\/01\/Sin-titulo-1.png","articleSection":["Bolet\u00edn","Internacionales","Noticias","Rotador"],"inLanguage":"es","potentialAction":[{"@type":"CommentAction","name":"Comment","target":["https:\/\/patagoniambiental.com.ar\/info\/casi-200-paises-acuerdan-metas-de-biodiversidad-para-el-2030\/#respond"]}]},{"@type":"WebPage","@id":"https:\/\/patagoniambiental.com.ar\/info\/casi-200-paises-acuerdan-metas-de-biodiversidad-para-el-2030\/","url":"https:\/\/patagoniambiental.com.ar\/info\/casi-200-paises-acuerdan-metas-de-biodiversidad-para-el-2030\/","name":"Casi 200 pa\u00edses acuerdan metas de biodiversidad para el 2030","isPartOf":{"@id":"https:\/\/patagoniambiental.com.ar\/info\/#website"},"primaryImageOfPage":{"@id":"https:\/\/patagoniambiental.com.ar\/info\/casi-200-paises-acuerdan-metas-de-biodiversidad-para-el-2030\/#primaryimage"},"image":{"@id":"https:\/\/patagoniambiental.com.ar\/info\/casi-200-paises-acuerdan-metas-de-biodiversidad-para-el-2030\/#primaryimage"},"thumbnailUrl":"https:\/\/patagoniambiental.com.ar\/info\/wp-content\/uploads\/2023\/01\/Sin-titulo-1.png","datePublished":"2023-01-07T10:00:00+00:00","dateModified":"2024-08-19T03:03:03+00:00","breadcrumb":{"@id":"https:\/\/patagoniambiental.com.ar\/info\/casi-200-paises-acuerdan-metas-de-biodiversidad-para-el-2030\/#breadcrumb"},"inLanguage":"es","potentialAction":[{"@type":"ReadAction","target":["https:\/\/patagoniambiental.com.ar\/info\/casi-200-paises-acuerdan-metas-de-biodiversidad-para-el-2030\/"]}]},{"@type":"ImageObject","inLanguage":"es","@id":"https:\/\/patagoniambiental.com.ar\/info\/casi-200-paises-acuerdan-metas-de-biodiversidad-para-el-2030\/#primaryimage","url":"https:\/\/patagoniambiental.com.ar\/info\/wp-content\/uploads\/2023\/01\/Sin-titulo-1.png","contentUrl":"https:\/\/patagoniambiental.com.ar\/info\/wp-content\/uploads\/2023\/01\/Sin-titulo-1.png","width":890,"height":496},{"@type":"BreadcrumbList","@id":"https:\/\/patagoniambiental.com.ar\/info\/casi-200-paises-acuerdan-metas-de-biodiversidad-para-el-2030\/#breadcrumb","itemListElement":[{"@type":"ListItem","position":1,"name":"Inicio","item":"https:\/\/patagoniambiental.com.ar\/info\/"},{"@type":"ListItem","position":2,"name":"Casi 200 pa\u00edses acuerdan metas de biodiversidad para el 2030"}]},{"@type":"WebSite","@id":"https:\/\/patagoniambiental.com.ar\/info\/#website","url":"https:\/\/patagoniambiental.com.ar\/info\/","name":"Patagonia Ambiental","description":"Monitoreo y an\u00e1lisis de la situaci\u00f3n geopol\u00edtica en el mundo y su implicancia en la Patagonia","publisher":{"@id":"https:\/\/patagoniambiental.com.ar\/info\/#organization"},"potentialAction":[{"@type":"SearchAction","target":{"@type":"EntryPoint","urlTemplate":"https:\/\/patagoniambiental.com.ar\/info\/?s={search_term_string}"},"query-input":{"@type":"PropertyValueSpecification","valueRequired":true,"valueName":"search_term_string"}}],"inLanguage":"es"},{"@type":"Organization","@id":"https:\/\/patagoniambiental.com.ar\/info\/#organization","name":"Patagonia Ambiental","url":"https:\/\/patagoniambiental.com.ar\/info\/","logo":{"@type":"ImageObject","inLanguage":"es","@id":"https:\/\/patagoniambiental.com.ar\/info\/#\/schema\/logo\/image\/","url":"https:\/\/patagoniambiental.com.ar\/info\/wp-content\/uploads\/2025\/05\/LOGO-PATAGONIA-AMBIENTAL.png","contentUrl":"https:\/\/patagoniambiental.com.ar\/info\/wp-content\/uploads\/2025\/05\/LOGO-PATAGONIA-AMBIENTAL.png","width":433,"height":250,"caption":"Patagonia Ambiental"},"image":{"@id":"https:\/\/patagoniambiental.com.ar\/info\/#\/schema\/logo\/image\/"},"sameAs":["https:\/\/www.facebook.com\/patagonia.ambiental","https:\/\/x.com\/PatAmb"]},{"@type":"Person","@id":"https:\/\/patagoniambiental.com.ar\/info\/#\/schema\/person\/e5af09d700b2e82cb10c6b8800e0c691","name":"BRAIAN ESTEVEZ","sameAs":["http:\/\/www.patagoniambiental.com.ar"]}]}},"_links":{"self":[{"href":"https:\/\/patagoniambiental.com.ar\/info\/wp-json\/wp\/v2\/posts\/76744","targetHints":{"allow":["GET"]}}],"collection":[{"href":"https:\/\/patagoniambiental.com.ar\/info\/wp-json\/wp\/v2\/posts"}],"about":[{"href":"https:\/\/patagoniambiental.com.ar\/info\/wp-json\/wp\/v2\/types\/post"}],"author":[{"embeddable":true,"href":"https:\/\/patagoniambiental.com.ar\/info\/wp-json\/wp\/v2\/users\/6"}],"replies":[{"embeddable":true,"href":"https:\/\/patagoniambiental.com.ar\/info\/wp-json\/wp\/v2\/comments?post=76744"}],"version-history":[{"count":0,"href":"https:\/\/patagoniambiental.com.ar\/info\/wp-json\/wp\/v2\/posts\/76744\/revisions"}],"wp:featuredmedia":[{"embeddable":true,"href":"https:\/\/patagoniambiental.com.ar\/info\/wp-json\/wp\/v2\/media\/76745"}],"wp:attachment":[{"href":"https:\/\/patagoniambiental.com.ar\/info\/wp-json\/wp\/v2\/media?parent=76744"}],"wp:term":[{"taxonomy":"category","embeddable":true,"href":"https:\/\/patagoniambiental.com.ar\/info\/wp-json\/wp\/v2\/categories?post=76744"},{"taxonomy":"post_tag","embeddable":true,"href":"https:\/\/patagoniambiental.com.ar\/info\/wp-json\/wp\/v2\/tags?post=76744"}],"curies":[{"name":"wp","href":"https:\/\/api.w.org\/{rel}","templated":true}]}}