{"id":76779,"date":"2023-01-16T07:00:00","date_gmt":"2023-01-16T10:00:00","guid":{"rendered":"http:\/\/patagoniambiental.com.ar\/info\/?p=76779"},"modified":"2024-08-18T23:58:23","modified_gmt":"2024-08-19T02:58:23","slug":"el-hospital-cutral-co-plaza-huincul-avanza-para-convertirse-en-un-hospital-verde","status":"publish","type":"post","link":"https:\/\/patagoniambiental.com.ar\/info\/el-hospital-cutral-co-plaza-huincul-avanza-para-convertirse-en-un-hospital-verde\/","title":{"rendered":"El Hospital Cutral Co-Plaza Huincul avanza para convertirse en un hospital verde"},"content":{"rendered":"\n<!--more-->\n\n\n\n<p><em>Actualmente trabajan en un proyecto propio para reciclar residuos hospitalarios para reducir el volumen de los residuos y fomentar el cuidado del medio ambiente.&nbsp;<\/em><\/p>\n\n\n\n<p>Adoptar la postura de que en el planeta hay \u201cuna salud\u201d es parte de un movimiento que comprende que hay que equilibrar y optimizar de manera sostenible la salud de las personas, los animales y los ecosistemas. Una mirada ya plasmada en el Plan Provincial de Salud 2019-2013, que toma nuevo impulso con la participaci\u00f3n de Salud en el Gabinete Provincial de Cambio Clim\u00e1tico, la creaci\u00f3n de la mesa de trabajo sobre Cambio Clim\u00e1tico y Salud y a la que se integran otras acciones, como es el caso del Hospital Cutral Co-Plaza Huincul. Actualmente, los trabajadores y trabajadoras del hospital impulsan un proyecto propio para reciclar residuos hospitalarios como una alternativa para reducir el volumen de los residuos y fomentar el cuidado del medio ambiente.&nbsp;&nbsp;<\/p>\n\n\n\n<p>Al respecto, la ministra de Salud, Andrea Peve, felicit\u00f3 la iniciativa de la comunidad hospitalaria de Cutral Co-Plaza Huincul e indic\u00f3 la importancia de trabajar a nivel provincial en torno a la salud ambiental, un concepto priorizado en el Plan de Salud. \u201cNuestro objetivo, y as\u00ed lo venimos llevando a cabo, es incidir en una estrategia de promoci\u00f3n del cuidado de la salud y de la adopci\u00f3n de h\u00e1bitos saludables, haciendo \u00e9nfasis en \u2018una salud\u2019 para el bienestar integral de las personas\u201d, subray\u00f3 Peve.<\/p>\n\n\n\n<p>El proyecto \u201cHospital Amigo del Medio Ambiente\u201d fue impulsado por la Licenciada en Enfermer\u00eda \u00c9rica De Andrade y el T\u00e9cnico Maestro Mayor de Obras Lucas Fiodorow, quienes se desempe\u00f1an en la Terapia Intensiva y en el Servicio de Ingenier\u00eda y Mantenimiento del hospital respectivamente. As\u00ed, con ideas en com\u00fan y mucho compromiso comenzaron en abril del a\u00f1o pasado a separar residuos aptos para reciclar.&nbsp;<\/p>\n\n\n\n<figure class=\"wp-block-image\"><img decoding=\"async\" src=\"https:\/\/www.saludneuquen.gob.ar\/wp-content\/uploads\/2023\/01\/proyecto-reciclado-cutral-co-palza-huincul-medio-ambiente.jpg\" alt=\"\" class=\"wp-image-196448\"\/><\/figure>\n\n\n\n<p>La idea surgi\u00f3 un poco antes, en 2021, bajo el interrogante de qu\u00e9 pod\u00edan aportar al medio ambiente y a su cuidado desde su lugar de trabajo. En este sentido, De Andrade cont\u00f3: \u201cFui investigando un poco acerca de qu\u00e9 hospitales estaban reciclando y a qui\u00e9nes les interesaba el tema del medio ambiente y descubr\u00ed que hay una gran cantidad de hospitales verdes, en Argentina tambi\u00e9n\u201d.&nbsp;&nbsp;<\/p>\n\n\n\n<p>As\u00ed fue como De Andrade pens\u00f3 en reciclar los baxter de suero, un material clasificado como pl\u00e1stico N\u00b0 4, de baja densidad. \u201cLo fundamental era darle un buen destino al pl\u00e1stico y que no vaya a parar a vertederos al aire libre\u201d, explic\u00f3 y detall\u00f3 que se contact\u00f3 con una empresa de Plottier que justamente trabaja con entidades sin fines de lucro, como escuelas y jardines.<br>https:\/\/www.youtube.com\/embed\/YPHIBrejSLE<\/p>\n\n\n\n<p>La prueba piloto se realiz\u00f3 en la Unidad de Terapia Intensiva (UTI), y a partir de los buenos resultados el proyecto comenz\u00f3 a avanzar. Fiodorow, por su parte, afirm\u00f3 que cuando se empez\u00f3 con la UTI, donde hay cinco camas de internaci\u00f3n, \u201cllegamos a separar un bols\u00f3n cada 40 d\u00edas, m\u00e1s o menos\u201d y se\u00f1al\u00f3 que el bols\u00f3n tiene dos metros c\u00fabicos, \u201ces un bols\u00f3n grande y aproximadamente pesa 40 kilos\u201d.<\/p>\n\n\n\n<p>Adem\u00e1s, De Andrade agreg\u00f3: \u201cDespu\u00e9s se incorpor\u00f3 el Servicio de Pediatr\u00eda y el Servicio de Guardia de Emergencias as\u00ed que hasta ahora contamos con esos tres sectores\u201d. Lo que se refleja en la cantidad de residuos separados, recolectados y enviados a Plottier para convertirse en madera pl\u00e1stica, con la que se construyen bancos, mesas o papeleros.<\/p>\n\n\n\n<p>Al observar los registros que llevan en torno al proyecto, el maestro mayor de obra indic\u00f3 que desde que se incorporaron los servicios, del 25 de agosto al 14 de diciembre de 2022, ya juntaron seis bolsones.&nbsp;<\/p>\n\n\n\n<figure class=\"wp-block-image\"><img decoding=\"async\" src=\"https:\/\/www.saludneuquen.gob.ar\/wp-content\/uploads\/2023\/01\/proyecto-hospital-Cutral-Co-plaza-Huincul-reciclado.jpg\" alt=\"\" class=\"wp-image-196446\"\/><\/figure>\n\n\n\n<p>\u201cCada 20 d\u00edas llenamos un bols\u00f3n teniendo tres sectores, que eso puede variar en m\u00e1s o menos d\u00edas, depende de la cantidad de gente que atienden y dem\u00e1s\u201d, indic\u00f3 Fiodorow, al tiempo que imagin\u00f3 lo que se podr\u00eda lograr sumando m\u00e1s servicios, los centros de salud de la zona y en un futuro a otros hospitales que repliquen el proyecto.<\/p>\n\n\n\n<p>En este sentido, aclaran que actualmente los servicios realizan la separaci\u00f3n de residuos, una tarea que llevan a cabo con entusiasmo y gracias a la buena predisposici\u00f3n de la comunidad hospitalaria, pero que requiere cumplir con algunos requisitos diferentes a la separaci\u00f3n de residuos domiciliarios.&nbsp;<\/p>\n\n\n\n<p>Fiodorow indic\u00f3 que al armar el proyecto, De Andrade \u201cbien lo llam\u00f3 \u2018reciclaje hospitalario\u2019 porque los residuos, como baxter de suero, todo lo que es del hospital, se separa aparte, porque lleva una revisi\u00f3n previa antes de llevarlo a la planta\u201d. Para ello se realiza una doble revisi\u00f3n: la primera en cada sector y luego otra antes de efectuar el env\u00edo a la planta, por si hay residuos mal clasificados u otras eventualidades.&nbsp;<\/p>\n\n\n\n<figure class=\"wp-block-image\"><img decoding=\"async\" src=\"https:\/\/www.saludneuquen.gob.ar\/wp-content\/uploads\/2023\/01\/hospital-cutral-co-plaza-hunciul-servicio-amigo-del-medio-ambiente.jpg\" alt=\"\" class=\"wp-image-196447\"\/><\/figure>\n\n\n\n<div style=\"height:100px\" aria-hidden=\"true\" class=\"wp-block-spacer\"><\/div>\n\n\n\n<h2 class=\"wp-block-heading\" id=\"h-pensar-en-el-futuro-nbsp\"><strong>Pensar en el futuro&nbsp;<\/strong><\/h2>\n\n\n\n<p>Si bien es muy incipiente para capitalizar los primeros frutos del proyecto, De Andrade indic\u00f3: \u201cEsto se maneja como un canje. Nosotros llevamos un bols\u00f3n, ellos nos dan un voucher y con cierta cantidad de vouchers tenemos ah\u00ed una lista como para canjear cosas, elementos que nosotros elijamos. Por lo general a los 25, ya podemos canjear algo\u201d.&nbsp;<\/p>\n\n\n\n<p>Esa instancia, seguramente ser\u00e1 un nuevo impulso para el proyecto, que sigue planeando su desarrollo a futuro, lo que incluye contar con infraestructura de acopio y comenzar a separar cart\u00f3n, otro insumo que se genera en cantidad y se puede recuperar y reciclar.&nbsp;<\/p>\n\n\n\n<p>Para concluir, la Licenciada en Enfermer\u00eda resalt\u00f3: \u201cPensar un poco en qu\u00e9 futuro queremos nosotros o qu\u00e9 planeta queremos dejar. Replantearse que hay cosas que uno puede cambiar de a poco y a medida que las vas haciendo las vas incorporando. (Se trata de) normalizar esta situaci\u00f3n y no que se tenga que pedir por favor que la gente separe los residuos, sino que sea algo, digamos en general, que ya est\u00e9 incorporado\u201d.<\/p>\n\n\n\n<p>Fuente: www.saludneuquen.gob.ar<\/p>\n","protected":false},"excerpt":{"rendered":"","protected":false},"author":6,"featured_media":76780,"comment_status":"open","ping_status":"open","sticky":false,"template":"","format":"standard","meta":{"site-sidebar-layout":"default","site-content-layout":"","ast-site-content-layout":"default","site-content-style":"default","site-sidebar-style":"default","ast-global-header-display":"","ast-banner-title-visibility":"","ast-main-header-display":"","ast-hfb-above-header-display":"","ast-hfb-below-header-display":"","ast-hfb-mobile-header-display":"","site-post-title":"","ast-breadcrumbs-content":"","ast-featured-img":"","footer-sml-layout":"","ast-disable-related-posts":"","theme-transparent-header-meta":"","adv-header-id-meta":"","stick-header-meta":"","header-above-stick-meta":"","header-main-stick-meta":"","header-below-stick-meta":"","astra-migrate-meta-layouts":"default","ast-page-background-enabled":"default","ast-page-background-meta":{"desktop":{"background-color":"var(--ast-global-color-5)","background-image":"","background-repeat":"repeat","background-position":"center center","background-size":"auto","background-attachment":"scroll","background-type":"","background-media":"","overlay-type":"","overlay-color":"","overlay-opacity":"","overlay-gradient":""},"tablet":{"background-color":"","background-image":"","background-repeat":"repeat","background-position":"center center","background-size":"auto","background-attachment":"scroll","background-type":"","background-media":"","overlay-type":"","overlay-color":"","overlay-opacity":"","overlay-gradient":""},"mobile":{"background-color":"","background-image":"","background-repeat":"repeat","background-position":"center center","background-size":"auto","background-attachment":"scroll","background-type":"","background-media":"","overlay-type":"","overlay-color":"","overlay-opacity":"","overlay-gradient":""}},"ast-content-background-meta":{"desktop":{"background-color":"var(--ast-global-color-4)","background-image":"","background-repeat":"repeat","background-position":"center center","background-size":"auto","background-attachment":"scroll","background-type":"","background-media":"","overlay-type":"","overlay-color":"","overlay-opacity":"","overlay-gradient":""},"tablet":{"background-color":"var(--ast-global-color-4)","background-image":"","background-repeat":"repeat","background-position":"center center","background-size":"auto","background-attachment":"scroll","background-type":"","background-media":"","overlay-type":"","overlay-color":"","overlay-opacity":"","overlay-gradient":""},"mobile":{"background-color":"var(--ast-global-color-4)","background-image":"","background-repeat":"repeat","background-position":"center center","background-size":"auto","background-attachment":"scroll","background-type":"","background-media":"","overlay-type":"","overlay-color":"","overlay-opacity":"","overlay-gradient":""}},"footnotes":""},"categories":[11,1,13,10],"tags":[],"class_list":["post-76779","post","type-post","status-publish","format-standard","has-post-thumbnail","hentry","category-boletin","category-noticias","category-provinciales","category-rotador"],"yoast_head":"<!-- This site is optimized with the Yoast SEO Premium plugin v23.0 (Yoast SEO v27.4) - https:\/\/yoast.com\/product\/yoast-seo-premium-wordpress\/ -->\n<title>El Hospital Cutral Co-Plaza Huincul avanza para convertirse en un hospital verde<\/title>\n<meta name=\"robots\" content=\"index, follow, max-snippet:-1, max-image-preview:large, max-video-preview:-1\" \/>\n<link rel=\"canonical\" href=\"https:\/\/patagoniambiental.com.ar\/info\/el-hospital-cutral-co-plaza-huincul-avanza-para-convertirse-en-un-hospital-verde\/\" \/>\n<meta property=\"og:locale\" content=\"es_ES\" \/>\n<meta property=\"og:type\" content=\"article\" \/>\n<meta property=\"og:title\" content=\"El Hospital Cutral Co-Plaza Huincul avanza para convertirse en un hospital verde\" \/>\n<meta property=\"og:url\" content=\"https:\/\/patagoniambiental.com.ar\/info\/el-hospital-cutral-co-plaza-huincul-avanza-para-convertirse-en-un-hospital-verde\/\" \/>\n<meta property=\"og:site_name\" content=\"Patagonia Ambiental\" \/>\n<meta property=\"article:publisher\" content=\"https:\/\/www.facebook.com\/patagonia.ambiental\" \/>\n<meta property=\"article:published_time\" content=\"2023-01-16T10:00:00+00:00\" \/>\n<meta property=\"article:modified_time\" content=\"2024-08-19T02:58:23+00:00\" \/>\n<meta property=\"og:image\" content=\"https:\/\/patagoniambiental.com.ar\/info\/wp-content\/uploads\/2023\/01\/proyecto-reciclado-hospital-cutral-co-plaza-huincul.jpg\" \/>\n\t<meta property=\"og:image:width\" content=\"1280\" \/>\n\t<meta property=\"og:image:height\" content=\"853\" \/>\n\t<meta property=\"og:image:type\" content=\"image\/jpeg\" \/>\n<meta name=\"author\" content=\"BRAIAN ESTEVEZ\" \/>\n<meta name=\"twitter:card\" content=\"summary_large_image\" \/>\n<meta name=\"twitter:creator\" content=\"@PatAmb\" \/>\n<meta name=\"twitter:site\" content=\"@PatAmb\" \/>\n<script type=\"application\/ld+json\" class=\"yoast-schema-graph\">{\"@context\":\"https:\\\/\\\/schema.org\",\"@graph\":[{\"@type\":\"Article\",\"@id\":\"https:\\\/\\\/patagoniambiental.com.ar\\\/info\\\/el-hospital-cutral-co-plaza-huincul-avanza-para-convertirse-en-un-hospital-verde\\\/#article\",\"isPartOf\":{\"@id\":\"https:\\\/\\\/patagoniambiental.com.ar\\\/info\\\/el-hospital-cutral-co-plaza-huincul-avanza-para-convertirse-en-un-hospital-verde\\\/\"},\"author\":{\"name\":\"BRAIAN ESTEVEZ\",\"@id\":\"https:\\\/\\\/patagoniambiental.com.ar\\\/info\\\/#\\\/schema\\\/person\\\/e5af09d700b2e82cb10c6b8800e0c691\"},\"headline\":\"El Hospital Cutral Co-Plaza Huincul avanza para convertirse en un hospital verde\",\"datePublished\":\"2023-01-16T10:00:00+00:00\",\"dateModified\":\"2024-08-19T02:58:23+00:00\",\"mainEntityOfPage\":{\"@id\":\"https:\\\/\\\/patagoniambiental.com.ar\\\/info\\\/el-hospital-cutral-co-plaza-huincul-avanza-para-convertirse-en-un-hospital-verde\\\/\"},\"wordCount\":1022,\"commentCount\":0,\"publisher\":{\"@id\":\"https:\\\/\\\/patagoniambiental.com.ar\\\/info\\\/#organization\"},\"image\":{\"@id\":\"https:\\\/\\\/patagoniambiental.com.ar\\\/info\\\/el-hospital-cutral-co-plaza-huincul-avanza-para-convertirse-en-un-hospital-verde\\\/#primaryimage\"},\"thumbnailUrl\":\"https:\\\/\\\/patagoniambiental.com.ar\\\/info\\\/wp-content\\\/uploads\\\/2023\\\/01\\\/proyecto-reciclado-hospital-cutral-co-plaza-huincul.jpg\",\"articleSection\":[\"Bolet\u00edn\",\"Noticias\",\"Provinciales\",\"Rotador\"],\"inLanguage\":\"es\",\"potentialAction\":[{\"@type\":\"CommentAction\",\"name\":\"Comment\",\"target\":[\"https:\\\/\\\/patagoniambiental.com.ar\\\/info\\\/el-hospital-cutral-co-plaza-huincul-avanza-para-convertirse-en-un-hospital-verde\\\/#respond\"]}]},{\"@type\":\"WebPage\",\"@id\":\"https:\\\/\\\/patagoniambiental.com.ar\\\/info\\\/el-hospital-cutral-co-plaza-huincul-avanza-para-convertirse-en-un-hospital-verde\\\/\",\"url\":\"https:\\\/\\\/patagoniambiental.com.ar\\\/info\\\/el-hospital-cutral-co-plaza-huincul-avanza-para-convertirse-en-un-hospital-verde\\\/\",\"name\":\"El Hospital Cutral Co-Plaza Huincul avanza para convertirse en un hospital verde\",\"isPartOf\":{\"@id\":\"https:\\\/\\\/patagoniambiental.com.ar\\\/info\\\/#website\"},\"primaryImageOfPage\":{\"@id\":\"https:\\\/\\\/patagoniambiental.com.ar\\\/info\\\/el-hospital-cutral-co-plaza-huincul-avanza-para-convertirse-en-un-hospital-verde\\\/#primaryimage\"},\"image\":{\"@id\":\"https:\\\/\\\/patagoniambiental.com.ar\\\/info\\\/el-hospital-cutral-co-plaza-huincul-avanza-para-convertirse-en-un-hospital-verde\\\/#primaryimage\"},\"thumbnailUrl\":\"https:\\\/\\\/patagoniambiental.com.ar\\\/info\\\/wp-content\\\/uploads\\\/2023\\\/01\\\/proyecto-reciclado-hospital-cutral-co-plaza-huincul.jpg\",\"datePublished\":\"2023-01-16T10:00:00+00:00\",\"dateModified\":\"2024-08-19T02:58:23+00:00\",\"breadcrumb\":{\"@id\":\"https:\\\/\\\/patagoniambiental.com.ar\\\/info\\\/el-hospital-cutral-co-plaza-huincul-avanza-para-convertirse-en-un-hospital-verde\\\/#breadcrumb\"},\"inLanguage\":\"es\",\"potentialAction\":[{\"@type\":\"ReadAction\",\"target\":[\"https:\\\/\\\/patagoniambiental.com.ar\\\/info\\\/el-hospital-cutral-co-plaza-huincul-avanza-para-convertirse-en-un-hospital-verde\\\/\"]}]},{\"@type\":\"ImageObject\",\"inLanguage\":\"es\",\"@id\":\"https:\\\/\\\/patagoniambiental.com.ar\\\/info\\\/el-hospital-cutral-co-plaza-huincul-avanza-para-convertirse-en-un-hospital-verde\\\/#primaryimage\",\"url\":\"https:\\\/\\\/patagoniambiental.com.ar\\\/info\\\/wp-content\\\/uploads\\\/2023\\\/01\\\/proyecto-reciclado-hospital-cutral-co-plaza-huincul.jpg\",\"contentUrl\":\"https:\\\/\\\/patagoniambiental.com.ar\\\/info\\\/wp-content\\\/uploads\\\/2023\\\/01\\\/proyecto-reciclado-hospital-cutral-co-plaza-huincul.jpg\",\"width\":900,\"height\":600},{\"@type\":\"BreadcrumbList\",\"@id\":\"https:\\\/\\\/patagoniambiental.com.ar\\\/info\\\/el-hospital-cutral-co-plaza-huincul-avanza-para-convertirse-en-un-hospital-verde\\\/#breadcrumb\",\"itemListElement\":[{\"@type\":\"ListItem\",\"position\":1,\"name\":\"Inicio\",\"item\":\"https:\\\/\\\/patagoniambiental.com.ar\\\/info\\\/\"},{\"@type\":\"ListItem\",\"position\":2,\"name\":\"El Hospital Cutral Co-Plaza Huincul avanza para convertirse en un hospital verde\"}]},{\"@type\":\"WebSite\",\"@id\":\"https:\\\/\\\/patagoniambiental.com.ar\\\/info\\\/#website\",\"url\":\"https:\\\/\\\/patagoniambiental.com.ar\\\/info\\\/\",\"name\":\"Patagonia Ambiental\",\"description\":\"Monitoreo y an\u00e1lisis de la situaci\u00f3n geopol\u00edtica en el mundo y su implicancia en la Patagonia\",\"publisher\":{\"@id\":\"https:\\\/\\\/patagoniambiental.com.ar\\\/info\\\/#organization\"},\"potentialAction\":[{\"@type\":\"SearchAction\",\"target\":{\"@type\":\"EntryPoint\",\"urlTemplate\":\"https:\\\/\\\/patagoniambiental.com.ar\\\/info\\\/?s={search_term_string}\"},\"query-input\":{\"@type\":\"PropertyValueSpecification\",\"valueRequired\":true,\"valueName\":\"search_term_string\"}}],\"inLanguage\":\"es\"},{\"@type\":\"Organization\",\"@id\":\"https:\\\/\\\/patagoniambiental.com.ar\\\/info\\\/#organization\",\"name\":\"Patagonia Ambiental\",\"url\":\"https:\\\/\\\/patagoniambiental.com.ar\\\/info\\\/\",\"logo\":{\"@type\":\"ImageObject\",\"inLanguage\":\"es\",\"@id\":\"https:\\\/\\\/patagoniambiental.com.ar\\\/info\\\/#\\\/schema\\\/logo\\\/image\\\/\",\"url\":\"https:\\\/\\\/patagoniambiental.com.ar\\\/info\\\/wp-content\\\/uploads\\\/2025\\\/05\\\/LOGO-PATAGONIA-AMBIENTAL.png\",\"contentUrl\":\"https:\\\/\\\/patagoniambiental.com.ar\\\/info\\\/wp-content\\\/uploads\\\/2025\\\/05\\\/LOGO-PATAGONIA-AMBIENTAL.png\",\"width\":433,\"height\":250,\"caption\":\"Patagonia Ambiental\"},\"image\":{\"@id\":\"https:\\\/\\\/patagoniambiental.com.ar\\\/info\\\/#\\\/schema\\\/logo\\\/image\\\/\"},\"sameAs\":[\"https:\\\/\\\/www.facebook.com\\\/patagonia.ambiental\",\"https:\\\/\\\/x.com\\\/PatAmb\"]},{\"@type\":\"Person\",\"@id\":\"https:\\\/\\\/patagoniambiental.com.ar\\\/info\\\/#\\\/schema\\\/person\\\/e5af09d700b2e82cb10c6b8800e0c691\",\"name\":\"BRAIAN ESTEVEZ\",\"sameAs\":[\"http:\\\/\\\/www.patagoniambiental.com.ar\"]}]}<\/script>\n<!-- \/ Yoast SEO Premium plugin. -->","yoast_head_json":{"title":"El Hospital Cutral Co-Plaza Huincul avanza para convertirse en un hospital verde","robots":{"index":"index","follow":"follow","max-snippet":"max-snippet:-1","max-image-preview":"max-image-preview:large","max-video-preview":"max-video-preview:-1"},"canonical":"https:\/\/patagoniambiental.com.ar\/info\/el-hospital-cutral-co-plaza-huincul-avanza-para-convertirse-en-un-hospital-verde\/","og_locale":"es_ES","og_type":"article","og_title":"El Hospital Cutral Co-Plaza Huincul avanza para convertirse en un hospital verde","og_url":"https:\/\/patagoniambiental.com.ar\/info\/el-hospital-cutral-co-plaza-huincul-avanza-para-convertirse-en-un-hospital-verde\/","og_site_name":"Patagonia Ambiental","article_publisher":"https:\/\/www.facebook.com\/patagonia.ambiental","article_published_time":"2023-01-16T10:00:00+00:00","article_modified_time":"2024-08-19T02:58:23+00:00","og_image":[{"width":1280,"height":853,"url":"https:\/\/patagoniambiental.com.ar\/info\/wp-content\/uploads\/2023\/01\/proyecto-reciclado-hospital-cutral-co-plaza-huincul.jpg","type":"image\/jpeg"}],"author":"BRAIAN ESTEVEZ","twitter_card":"summary_large_image","twitter_creator":"@PatAmb","twitter_site":"@PatAmb","schema":{"@context":"https:\/\/schema.org","@graph":[{"@type":"Article","@id":"https:\/\/patagoniambiental.com.ar\/info\/el-hospital-cutral-co-plaza-huincul-avanza-para-convertirse-en-un-hospital-verde\/#article","isPartOf":{"@id":"https:\/\/patagoniambiental.com.ar\/info\/el-hospital-cutral-co-plaza-huincul-avanza-para-convertirse-en-un-hospital-verde\/"},"author":{"name":"BRAIAN ESTEVEZ","@id":"https:\/\/patagoniambiental.com.ar\/info\/#\/schema\/person\/e5af09d700b2e82cb10c6b8800e0c691"},"headline":"El Hospital Cutral Co-Plaza Huincul avanza para convertirse en un hospital verde","datePublished":"2023-01-16T10:00:00+00:00","dateModified":"2024-08-19T02:58:23+00:00","mainEntityOfPage":{"@id":"https:\/\/patagoniambiental.com.ar\/info\/el-hospital-cutral-co-plaza-huincul-avanza-para-convertirse-en-un-hospital-verde\/"},"wordCount":1022,"commentCount":0,"publisher":{"@id":"https:\/\/patagoniambiental.com.ar\/info\/#organization"},"image":{"@id":"https:\/\/patagoniambiental.com.ar\/info\/el-hospital-cutral-co-plaza-huincul-avanza-para-convertirse-en-un-hospital-verde\/#primaryimage"},"thumbnailUrl":"https:\/\/patagoniambiental.com.ar\/info\/wp-content\/uploads\/2023\/01\/proyecto-reciclado-hospital-cutral-co-plaza-huincul.jpg","articleSection":["Bolet\u00edn","Noticias","Provinciales","Rotador"],"inLanguage":"es","potentialAction":[{"@type":"CommentAction","name":"Comment","target":["https:\/\/patagoniambiental.com.ar\/info\/el-hospital-cutral-co-plaza-huincul-avanza-para-convertirse-en-un-hospital-verde\/#respond"]}]},{"@type":"WebPage","@id":"https:\/\/patagoniambiental.com.ar\/info\/el-hospital-cutral-co-plaza-huincul-avanza-para-convertirse-en-un-hospital-verde\/","url":"https:\/\/patagoniambiental.com.ar\/info\/el-hospital-cutral-co-plaza-huincul-avanza-para-convertirse-en-un-hospital-verde\/","name":"El Hospital Cutral Co-Plaza Huincul avanza para convertirse en un hospital verde","isPartOf":{"@id":"https:\/\/patagoniambiental.com.ar\/info\/#website"},"primaryImageOfPage":{"@id":"https:\/\/patagoniambiental.com.ar\/info\/el-hospital-cutral-co-plaza-huincul-avanza-para-convertirse-en-un-hospital-verde\/#primaryimage"},"image":{"@id":"https:\/\/patagoniambiental.com.ar\/info\/el-hospital-cutral-co-plaza-huincul-avanza-para-convertirse-en-un-hospital-verde\/#primaryimage"},"thumbnailUrl":"https:\/\/patagoniambiental.com.ar\/info\/wp-content\/uploads\/2023\/01\/proyecto-reciclado-hospital-cutral-co-plaza-huincul.jpg","datePublished":"2023-01-16T10:00:00+00:00","dateModified":"2024-08-19T02:58:23+00:00","breadcrumb":{"@id":"https:\/\/patagoniambiental.com.ar\/info\/el-hospital-cutral-co-plaza-huincul-avanza-para-convertirse-en-un-hospital-verde\/#breadcrumb"},"inLanguage":"es","potentialAction":[{"@type":"ReadAction","target":["https:\/\/patagoniambiental.com.ar\/info\/el-hospital-cutral-co-plaza-huincul-avanza-para-convertirse-en-un-hospital-verde\/"]}]},{"@type":"ImageObject","inLanguage":"es","@id":"https:\/\/patagoniambiental.com.ar\/info\/el-hospital-cutral-co-plaza-huincul-avanza-para-convertirse-en-un-hospital-verde\/#primaryimage","url":"https:\/\/patagoniambiental.com.ar\/info\/wp-content\/uploads\/2023\/01\/proyecto-reciclado-hospital-cutral-co-plaza-huincul.jpg","contentUrl":"https:\/\/patagoniambiental.com.ar\/info\/wp-content\/uploads\/2023\/01\/proyecto-reciclado-hospital-cutral-co-plaza-huincul.jpg","width":900,"height":600},{"@type":"BreadcrumbList","@id":"https:\/\/patagoniambiental.com.ar\/info\/el-hospital-cutral-co-plaza-huincul-avanza-para-convertirse-en-un-hospital-verde\/#breadcrumb","itemListElement":[{"@type":"ListItem","position":1,"name":"Inicio","item":"https:\/\/patagoniambiental.com.ar\/info\/"},{"@type":"ListItem","position":2,"name":"El Hospital Cutral Co-Plaza Huincul avanza para convertirse en un hospital verde"}]},{"@type":"WebSite","@id":"https:\/\/patagoniambiental.com.ar\/info\/#website","url":"https:\/\/patagoniambiental.com.ar\/info\/","name":"Patagonia Ambiental","description":"Monitoreo y an\u00e1lisis de la situaci\u00f3n geopol\u00edtica en el mundo y su implicancia en la Patagonia","publisher":{"@id":"https:\/\/patagoniambiental.com.ar\/info\/#organization"},"potentialAction":[{"@type":"SearchAction","target":{"@type":"EntryPoint","urlTemplate":"https:\/\/patagoniambiental.com.ar\/info\/?s={search_term_string}"},"query-input":{"@type":"PropertyValueSpecification","valueRequired":true,"valueName":"search_term_string"}}],"inLanguage":"es"},{"@type":"Organization","@id":"https:\/\/patagoniambiental.com.ar\/info\/#organization","name":"Patagonia Ambiental","url":"https:\/\/patagoniambiental.com.ar\/info\/","logo":{"@type":"ImageObject","inLanguage":"es","@id":"https:\/\/patagoniambiental.com.ar\/info\/#\/schema\/logo\/image\/","url":"https:\/\/patagoniambiental.com.ar\/info\/wp-content\/uploads\/2025\/05\/LOGO-PATAGONIA-AMBIENTAL.png","contentUrl":"https:\/\/patagoniambiental.com.ar\/info\/wp-content\/uploads\/2025\/05\/LOGO-PATAGONIA-AMBIENTAL.png","width":433,"height":250,"caption":"Patagonia Ambiental"},"image":{"@id":"https:\/\/patagoniambiental.com.ar\/info\/#\/schema\/logo\/image\/"},"sameAs":["https:\/\/www.facebook.com\/patagonia.ambiental","https:\/\/x.com\/PatAmb"]},{"@type":"Person","@id":"https:\/\/patagoniambiental.com.ar\/info\/#\/schema\/person\/e5af09d700b2e82cb10c6b8800e0c691","name":"BRAIAN ESTEVEZ","sameAs":["http:\/\/www.patagoniambiental.com.ar"]}]}},"_links":{"self":[{"href":"https:\/\/patagoniambiental.com.ar\/info\/wp-json\/wp\/v2\/posts\/76779","targetHints":{"allow":["GET"]}}],"collection":[{"href":"https:\/\/patagoniambiental.com.ar\/info\/wp-json\/wp\/v2\/posts"}],"about":[{"href":"https:\/\/patagoniambiental.com.ar\/info\/wp-json\/wp\/v2\/types\/post"}],"author":[{"embeddable":true,"href":"https:\/\/patagoniambiental.com.ar\/info\/wp-json\/wp\/v2\/users\/6"}],"replies":[{"embeddable":true,"href":"https:\/\/patagoniambiental.com.ar\/info\/wp-json\/wp\/v2\/comments?post=76779"}],"version-history":[{"count":0,"href":"https:\/\/patagoniambiental.com.ar\/info\/wp-json\/wp\/v2\/posts\/76779\/revisions"}],"wp:featuredmedia":[{"embeddable":true,"href":"https:\/\/patagoniambiental.com.ar\/info\/wp-json\/wp\/v2\/media\/76780"}],"wp:attachment":[{"href":"https:\/\/patagoniambiental.com.ar\/info\/wp-json\/wp\/v2\/media?parent=76779"}],"wp:term":[{"taxonomy":"category","embeddable":true,"href":"https:\/\/patagoniambiental.com.ar\/info\/wp-json\/wp\/v2\/categories?post=76779"},{"taxonomy":"post_tag","embeddable":true,"href":"https:\/\/patagoniambiental.com.ar\/info\/wp-json\/wp\/v2\/tags?post=76779"}],"curies":[{"name":"wp","href":"https:\/\/api.w.org\/{rel}","templated":true}]}}