{"id":76797,"date":"2023-01-20T07:00:00","date_gmt":"2023-01-20T10:00:00","guid":{"rendered":"http:\/\/patagoniambiental.com.ar\/info\/?p=76797"},"modified":"2024-08-18T23:56:07","modified_gmt":"2024-08-19T02:56:07","slug":"nuevo-impulso-para-potenciar-la-ruta-de-los-parques-de-la-patagonia","status":"publish","type":"post","link":"https:\/\/patagoniambiental.com.ar\/info\/nuevo-impulso-para-potenciar-la-ruta-de-los-parques-de-la-patagonia\/","title":{"rendered":"NUEVO IMPULSO PARA POTENCIAR LA RUTA DE LOS PARQUES DE LA PATAGONIA"},"content":{"rendered":"\n<!--more-->\n\n\n\n<p>Por Carolina Cerda. Directora de Vinculaci\u00f3n Comunitaria Rewilding Chile, legado de Tompkins Conservatio<\/p>\n\n\n\n<p>Los parques nacionales son una inversi\u00f3n y no un gasto. Generan puestos de trabajo y fomentan una cadena productiva relacionada con el turismo de naturaleza, prestaci\u00f3n de servicios, alojamiento, alimentaci\u00f3n y al mismo tiempo, ponen en valor la identidad de las comunidades. Esta convicci\u00f3n impulsa a diario nuestro trabajo, por lo que celebramos el anuncio de Corfo para crear el Programa Estrat\u00e9gico Mesoregional (PEM) Ruta de los Parques de la Patagonia, el cual dar\u00e1 continuidad al Programa Territorial Integrado Ruta de los Parques de la Patagonia de Corfo Los Lagos que lleg\u00f3 a su fin, luego de 3 a\u00f1os de ejecuci\u00f3n.<\/p>\n\n\n\n<figure class=\"wp-block-image alignleft\"><img decoding=\"async\" src=\"https:\/\/www.rutadelosparques.org\/web\/wp-content\/uploads\/2022\/08\/3.jpg\" alt=\"\" class=\"wp-image-6790\"\/><\/figure>\n\n\n\n<p>Seg\u00fan un estudio de Waldr\u00f3n del 2020, por cada d\u00f3lar invertido en conservaci\u00f3n hay un retorno de al menos cinco d\u00f3lares. Las \u00e1reas protegidas impulsan la econom\u00eda global y brindan beneficios no monetarios clave: la protecci\u00f3n del 30% conduce a una mayor producci\u00f3n econ\u00f3mica y que invertir en la preservaci\u00f3n del medioambiente podr\u00eda hacer crecer la econom\u00eda mundial de un 4 a un 6% por a\u00f1o, de aqu\u00ed al 2050.<\/p>\n\n\n\n<figure class=\"wp-block-image alignleft\"><img decoding=\"async\" src=\"https:\/\/www.rutadelosparques.org\/web\/wp-content\/uploads\/2018\/06\/queulat9-1024x580.jpg\" alt=\"\" class=\"wp-image-2918\"\/><\/figure>\n\n\n\n<p>La primera vez que presentamos esta visi\u00f3n territorial de la Ruta de los Parques de la Patagonia al Gobierno chileno, fue en el 2014, \u00e9poca en que predominaba la idea que la conservaci\u00f3n se opon\u00eda al crecimiento. Posteriormente, Douglas Tompkins lanz\u00f3 p\u00fablicamente esta iniciativa en la cumbre de turismo aventura ATTA, que se realiz\u00f3 un a\u00f1o despu\u00e9s, en la Regi\u00f3n de los Lagos, proponiendo una estrategia integral para la Patagonia chilena basado en el desarrollo como consecuencia de la&nbsp; conservaci\u00f3n.&nbsp;<\/p>\n\n\n\n<figure class=\"wp-block-image alignleft\"><img decoding=\"async\" src=\"https:\/\/www.rutadelosparques.org\/web\/wp-content\/uploads\/2018\/06\/Torres-del-paine-6-1024x580.jpg\" alt=\"\" class=\"wp-image-2856\"\/><\/figure>\n\n\n\n<p>Hoy, este recorrido cruza un tercio de Chile, conecta 17 parques nacionales, 60 comunidades aleda\u00f1as y protege 11,8 millones de hect\u00e1reas y abarca 2.800 km. La Ruta de los Parques de la Patagonia es la columna vertebral de un modelo donde la protecci\u00f3n de los ecosistemas van de la mano con el bienestar de las comunidades, quienes se transforman en guardianes de su territorio y desarrollan actividades econ\u00f3micas basados en la naturaleza y el turismo.&nbsp;<\/p>\n\n\n\n<figure class=\"wp-block-image alignleft\"><img decoding=\"async\" src=\"https:\/\/www.rutadelosparques.org\/web\/wp-content\/uploads\/2018\/07\/puyuhuapi2-1024x608.jpg\" alt=\"\" class=\"wp-image-2409\"\/><\/figure>\n\n\n\n<p>El PEM ser\u00e1 una gran oportunidad para relevar la visi\u00f3n de la Ruta de los Parques de la Patagonia. Unificar\u00e1 e integrar\u00e1 la macrozona de la regi\u00f3n de Los Lagos, Ays\u00e9n y Magallanes. Permitir\u00e1 establecer una hoja de ruta, donde se canalicen los esfuerzos de desarrollo territorial y entregar\u00e1 una sustento duradero a esta visi\u00f3n de conservaci\u00f3n, donde no s\u00f3lo se plantea como una acci\u00f3n urgente para contrarrestar las crisis de extinci\u00f3n de especies y el cambio clim\u00e1tico, sino que tambi\u00e9n es una importante alternativa de desarrollo econ\u00f3mico para las comunidades aleda\u00f1as y para el pa\u00eds.&nbsp;<\/p>\n\n\n\n<p>Fuente: www.rutadelosparques.org<\/p>\n","protected":false},"excerpt":{"rendered":"","protected":false},"author":6,"featured_media":76798,"comment_status":"open","ping_status":"open","sticky":false,"template":"","format":"standard","meta":{"site-sidebar-layout":"default","site-content-layout":"","ast-site-content-layout":"default","site-content-style":"default","site-sidebar-style":"default","ast-global-header-display":"","ast-banner-title-visibility":"","ast-main-header-display":"","ast-hfb-above-header-display":"","ast-hfb-below-header-display":"","ast-hfb-mobile-header-display":"","site-post-title":"","ast-breadcrumbs-content":"","ast-featured-img":"","footer-sml-layout":"","ast-disable-related-posts":"","theme-transparent-header-meta":"","adv-header-id-meta":"","stick-header-meta":"","header-above-stick-meta":"","header-main-stick-meta":"","header-below-stick-meta":"","astra-migrate-meta-layouts":"default","ast-page-background-enabled":"default","ast-page-background-meta":{"desktop":{"background-color":"var(--ast-global-color-5)","background-image":"","background-repeat":"repeat","background-position":"center center","background-size":"auto","background-attachment":"scroll","background-type":"","background-media":"","overlay-type":"","overlay-color":"","overlay-opacity":"","overlay-gradient":""},"tablet":{"background-color":"","background-image":"","background-repeat":"repeat","background-position":"center center","background-size":"auto","background-attachment":"scroll","background-type":"","background-media":"","overlay-type":"","overlay-color":"","overlay-opacity":"","overlay-gradient":""},"mobile":{"background-color":"","background-image":"","background-repeat":"repeat","background-position":"center center","background-size":"auto","background-attachment":"scroll","background-type":"","background-media":"","overlay-type":"","overlay-color":"","overlay-opacity":"","overlay-gradient":""}},"ast-content-background-meta":{"desktop":{"background-color":"var(--ast-global-color-4)","background-image":"","background-repeat":"repeat","background-position":"center center","background-size":"auto","background-attachment":"scroll","background-type":"","background-media":"","overlay-type":"","overlay-color":"","overlay-opacity":"","overlay-gradient":""},"tablet":{"background-color":"var(--ast-global-color-4)","background-image":"","background-repeat":"repeat","background-position":"center center","background-size":"auto","background-attachment":"scroll","background-type":"","background-media":"","overlay-type":"","overlay-color":"","overlay-opacity":"","overlay-gradient":""},"mobile":{"background-color":"var(--ast-global-color-4)","background-image":"","background-repeat":"repeat","background-position":"center center","background-size":"auto","background-attachment":"scroll","background-type":"","background-media":"","overlay-type":"","overlay-color":"","overlay-opacity":"","overlay-gradient":""}},"footnotes":""},"categories":[11,1,3,10],"tags":[],"class_list":["post-76797","post","type-post","status-publish","format-standard","has-post-thumbnail","hentry","category-boletin","category-noticias","category-ong","category-rotador"],"yoast_head":"<!-- This site is optimized with the Yoast SEO Premium plugin v23.0 (Yoast SEO v27.5) - https:\/\/yoast.com\/product\/yoast-seo-premium-wordpress\/ -->\n<title>NUEVO IMPULSO PARA POTENCIAR LA RUTA DE LOS PARQUES DE LA PATAGONIA<\/title>\n<meta name=\"robots\" content=\"index, follow, max-snippet:-1, max-image-preview:large, max-video-preview:-1\" \/>\n<link rel=\"canonical\" href=\"https:\/\/patagoniambiental.com.ar\/info\/nuevo-impulso-para-potenciar-la-ruta-de-los-parques-de-la-patagonia\/\" \/>\n<meta property=\"og:locale\" content=\"es_ES\" \/>\n<meta property=\"og:type\" content=\"article\" \/>\n<meta property=\"og:title\" content=\"NUEVO IMPULSO PARA POTENCIAR LA RUTA DE LOS PARQUES DE LA PATAGONIA\" \/>\n<meta property=\"og:url\" content=\"https:\/\/patagoniambiental.com.ar\/info\/nuevo-impulso-para-potenciar-la-ruta-de-los-parques-de-la-patagonia\/\" \/>\n<meta property=\"og:site_name\" content=\"Patagonia Ambiental\" \/>\n<meta property=\"article:publisher\" content=\"https:\/\/www.facebook.com\/patagonia.ambiental\" \/>\n<meta property=\"article:published_time\" content=\"2023-01-20T10:00:00+00:00\" \/>\n<meta property=\"article:modified_time\" content=\"2024-08-19T02:56:07+00:00\" \/>\n<meta property=\"og:image\" content=\"https:\/\/patagoniambiental.com.ar\/info\/wp-content\/uploads\/2023\/01\/3.jpg\" \/>\n\t<meta property=\"og:image:width\" content=\"1000\" \/>\n\t<meta property=\"og:image:height\" content=\"750\" \/>\n\t<meta property=\"og:image:type\" content=\"image\/jpeg\" \/>\n<meta name=\"author\" content=\"BRAIAN ESTEVEZ\" \/>\n<meta name=\"twitter:card\" content=\"summary_large_image\" \/>\n<meta name=\"twitter:creator\" content=\"@PatAmb\" \/>\n<meta name=\"twitter:site\" content=\"@PatAmb\" \/>\n<script type=\"application\/ld+json\" class=\"yoast-schema-graph\">{\"@context\":\"https:\\\/\\\/schema.org\",\"@graph\":[{\"@type\":\"Article\",\"@id\":\"https:\\\/\\\/patagoniambiental.com.ar\\\/info\\\/nuevo-impulso-para-potenciar-la-ruta-de-los-parques-de-la-patagonia\\\/#article\",\"isPartOf\":{\"@id\":\"https:\\\/\\\/patagoniambiental.com.ar\\\/info\\\/nuevo-impulso-para-potenciar-la-ruta-de-los-parques-de-la-patagonia\\\/\"},\"author\":{\"name\":\"BRAIAN ESTEVEZ\",\"@id\":\"https:\\\/\\\/patagoniambiental.com.ar\\\/info\\\/#\\\/schema\\\/person\\\/e5af09d700b2e82cb10c6b8800e0c691\"},\"headline\":\"NUEVO IMPULSO PARA POTENCIAR LA RUTA DE LOS PARQUES DE LA PATAGONIA\",\"datePublished\":\"2023-01-20T10:00:00+00:00\",\"dateModified\":\"2024-08-19T02:56:07+00:00\",\"mainEntityOfPage\":{\"@id\":\"https:\\\/\\\/patagoniambiental.com.ar\\\/info\\\/nuevo-impulso-para-potenciar-la-ruta-de-los-parques-de-la-patagonia\\\/\"},\"wordCount\":490,\"commentCount\":0,\"publisher\":{\"@id\":\"https:\\\/\\\/patagoniambiental.com.ar\\\/info\\\/#organization\"},\"image\":{\"@id\":\"https:\\\/\\\/patagoniambiental.com.ar\\\/info\\\/nuevo-impulso-para-potenciar-la-ruta-de-los-parques-de-la-patagonia\\\/#primaryimage\"},\"thumbnailUrl\":\"https:\\\/\\\/patagoniambiental.com.ar\\\/info\\\/wp-content\\\/uploads\\\/2023\\\/01\\\/3.jpg\",\"articleSection\":[\"Bolet\u00edn\",\"Noticias\",\"ONG\",\"Rotador\"],\"inLanguage\":\"es\",\"potentialAction\":[{\"@type\":\"CommentAction\",\"name\":\"Comment\",\"target\":[\"https:\\\/\\\/patagoniambiental.com.ar\\\/info\\\/nuevo-impulso-para-potenciar-la-ruta-de-los-parques-de-la-patagonia\\\/#respond\"]}]},{\"@type\":\"WebPage\",\"@id\":\"https:\\\/\\\/patagoniambiental.com.ar\\\/info\\\/nuevo-impulso-para-potenciar-la-ruta-de-los-parques-de-la-patagonia\\\/\",\"url\":\"https:\\\/\\\/patagoniambiental.com.ar\\\/info\\\/nuevo-impulso-para-potenciar-la-ruta-de-los-parques-de-la-patagonia\\\/\",\"name\":\"NUEVO IMPULSO PARA POTENCIAR LA RUTA DE LOS PARQUES DE LA PATAGONIA\",\"isPartOf\":{\"@id\":\"https:\\\/\\\/patagoniambiental.com.ar\\\/info\\\/#website\"},\"primaryImageOfPage\":{\"@id\":\"https:\\\/\\\/patagoniambiental.com.ar\\\/info\\\/nuevo-impulso-para-potenciar-la-ruta-de-los-parques-de-la-patagonia\\\/#primaryimage\"},\"image\":{\"@id\":\"https:\\\/\\\/patagoniambiental.com.ar\\\/info\\\/nuevo-impulso-para-potenciar-la-ruta-de-los-parques-de-la-patagonia\\\/#primaryimage\"},\"thumbnailUrl\":\"https:\\\/\\\/patagoniambiental.com.ar\\\/info\\\/wp-content\\\/uploads\\\/2023\\\/01\\\/3.jpg\",\"datePublished\":\"2023-01-20T10:00:00+00:00\",\"dateModified\":\"2024-08-19T02:56:07+00:00\",\"breadcrumb\":{\"@id\":\"https:\\\/\\\/patagoniambiental.com.ar\\\/info\\\/nuevo-impulso-para-potenciar-la-ruta-de-los-parques-de-la-patagonia\\\/#breadcrumb\"},\"inLanguage\":\"es\",\"potentialAction\":[{\"@type\":\"ReadAction\",\"target\":[\"https:\\\/\\\/patagoniambiental.com.ar\\\/info\\\/nuevo-impulso-para-potenciar-la-ruta-de-los-parques-de-la-patagonia\\\/\"]}]},{\"@type\":\"ImageObject\",\"inLanguage\":\"es\",\"@id\":\"https:\\\/\\\/patagoniambiental.com.ar\\\/info\\\/nuevo-impulso-para-potenciar-la-ruta-de-los-parques-de-la-patagonia\\\/#primaryimage\",\"url\":\"https:\\\/\\\/patagoniambiental.com.ar\\\/info\\\/wp-content\\\/uploads\\\/2023\\\/01\\\/3.jpg\",\"contentUrl\":\"https:\\\/\\\/patagoniambiental.com.ar\\\/info\\\/wp-content\\\/uploads\\\/2023\\\/01\\\/3.jpg\",\"width\":800,\"height\":600},{\"@type\":\"BreadcrumbList\",\"@id\":\"https:\\\/\\\/patagoniambiental.com.ar\\\/info\\\/nuevo-impulso-para-potenciar-la-ruta-de-los-parques-de-la-patagonia\\\/#breadcrumb\",\"itemListElement\":[{\"@type\":\"ListItem\",\"position\":1,\"name\":\"Inicio\",\"item\":\"https:\\\/\\\/patagoniambiental.com.ar\\\/info\\\/\"},{\"@type\":\"ListItem\",\"position\":2,\"name\":\"NUEVO IMPULSO PARA POTENCIAR LA RUTA DE LOS PARQUES DE LA PATAGONIA\"}]},{\"@type\":\"WebSite\",\"@id\":\"https:\\\/\\\/patagoniambiental.com.ar\\\/info\\\/#website\",\"url\":\"https:\\\/\\\/patagoniambiental.com.ar\\\/info\\\/\",\"name\":\"Patagonia Ambiental\",\"description\":\"Monitoreo y an\u00e1lisis de la situaci\u00f3n geopol\u00edtica en el mundo y su implicancia en la Patagonia\",\"publisher\":{\"@id\":\"https:\\\/\\\/patagoniambiental.com.ar\\\/info\\\/#organization\"},\"potentialAction\":[{\"@type\":\"SearchAction\",\"target\":{\"@type\":\"EntryPoint\",\"urlTemplate\":\"https:\\\/\\\/patagoniambiental.com.ar\\\/info\\\/?s={search_term_string}\"},\"query-input\":{\"@type\":\"PropertyValueSpecification\",\"valueRequired\":true,\"valueName\":\"search_term_string\"}}],\"inLanguage\":\"es\"},{\"@type\":\"Organization\",\"@id\":\"https:\\\/\\\/patagoniambiental.com.ar\\\/info\\\/#organization\",\"name\":\"Patagonia Ambiental\",\"url\":\"https:\\\/\\\/patagoniambiental.com.ar\\\/info\\\/\",\"logo\":{\"@type\":\"ImageObject\",\"inLanguage\":\"es\",\"@id\":\"https:\\\/\\\/patagoniambiental.com.ar\\\/info\\\/#\\\/schema\\\/logo\\\/image\\\/\",\"url\":\"https:\\\/\\\/patagoniambiental.com.ar\\\/info\\\/wp-content\\\/uploads\\\/2025\\\/05\\\/LOGO-PATAGONIA-AMBIENTAL.png\",\"contentUrl\":\"https:\\\/\\\/patagoniambiental.com.ar\\\/info\\\/wp-content\\\/uploads\\\/2025\\\/05\\\/LOGO-PATAGONIA-AMBIENTAL.png\",\"width\":433,\"height\":250,\"caption\":\"Patagonia Ambiental\"},\"image\":{\"@id\":\"https:\\\/\\\/patagoniambiental.com.ar\\\/info\\\/#\\\/schema\\\/logo\\\/image\\\/\"},\"sameAs\":[\"https:\\\/\\\/www.facebook.com\\\/patagonia.ambiental\",\"https:\\\/\\\/x.com\\\/PatAmb\"]},{\"@type\":\"Person\",\"@id\":\"https:\\\/\\\/patagoniambiental.com.ar\\\/info\\\/#\\\/schema\\\/person\\\/e5af09d700b2e82cb10c6b8800e0c691\",\"name\":\"BRAIAN ESTEVEZ\",\"sameAs\":[\"http:\\\/\\\/www.patagoniambiental.com.ar\"]}]}<\/script>\n<!-- \/ Yoast SEO Premium plugin. -->","yoast_head_json":{"title":"NUEVO IMPULSO PARA POTENCIAR LA RUTA DE LOS PARQUES DE LA PATAGONIA","robots":{"index":"index","follow":"follow","max-snippet":"max-snippet:-1","max-image-preview":"max-image-preview:large","max-video-preview":"max-video-preview:-1"},"canonical":"https:\/\/patagoniambiental.com.ar\/info\/nuevo-impulso-para-potenciar-la-ruta-de-los-parques-de-la-patagonia\/","og_locale":"es_ES","og_type":"article","og_title":"NUEVO IMPULSO PARA POTENCIAR LA RUTA DE LOS PARQUES DE LA PATAGONIA","og_url":"https:\/\/patagoniambiental.com.ar\/info\/nuevo-impulso-para-potenciar-la-ruta-de-los-parques-de-la-patagonia\/","og_site_name":"Patagonia Ambiental","article_publisher":"https:\/\/www.facebook.com\/patagonia.ambiental","article_published_time":"2023-01-20T10:00:00+00:00","article_modified_time":"2024-08-19T02:56:07+00:00","og_image":[{"width":1000,"height":750,"url":"https:\/\/patagoniambiental.com.ar\/info\/wp-content\/uploads\/2023\/01\/3.jpg","type":"image\/jpeg"}],"author":"BRAIAN ESTEVEZ","twitter_card":"summary_large_image","twitter_creator":"@PatAmb","twitter_site":"@PatAmb","schema":{"@context":"https:\/\/schema.org","@graph":[{"@type":"Article","@id":"https:\/\/patagoniambiental.com.ar\/info\/nuevo-impulso-para-potenciar-la-ruta-de-los-parques-de-la-patagonia\/#article","isPartOf":{"@id":"https:\/\/patagoniambiental.com.ar\/info\/nuevo-impulso-para-potenciar-la-ruta-de-los-parques-de-la-patagonia\/"},"author":{"name":"BRAIAN ESTEVEZ","@id":"https:\/\/patagoniambiental.com.ar\/info\/#\/schema\/person\/e5af09d700b2e82cb10c6b8800e0c691"},"headline":"NUEVO IMPULSO PARA POTENCIAR LA RUTA DE LOS PARQUES DE LA PATAGONIA","datePublished":"2023-01-20T10:00:00+00:00","dateModified":"2024-08-19T02:56:07+00:00","mainEntityOfPage":{"@id":"https:\/\/patagoniambiental.com.ar\/info\/nuevo-impulso-para-potenciar-la-ruta-de-los-parques-de-la-patagonia\/"},"wordCount":490,"commentCount":0,"publisher":{"@id":"https:\/\/patagoniambiental.com.ar\/info\/#organization"},"image":{"@id":"https:\/\/patagoniambiental.com.ar\/info\/nuevo-impulso-para-potenciar-la-ruta-de-los-parques-de-la-patagonia\/#primaryimage"},"thumbnailUrl":"https:\/\/patagoniambiental.com.ar\/info\/wp-content\/uploads\/2023\/01\/3.jpg","articleSection":["Bolet\u00edn","Noticias","ONG","Rotador"],"inLanguage":"es","potentialAction":[{"@type":"CommentAction","name":"Comment","target":["https:\/\/patagoniambiental.com.ar\/info\/nuevo-impulso-para-potenciar-la-ruta-de-los-parques-de-la-patagonia\/#respond"]}]},{"@type":"WebPage","@id":"https:\/\/patagoniambiental.com.ar\/info\/nuevo-impulso-para-potenciar-la-ruta-de-los-parques-de-la-patagonia\/","url":"https:\/\/patagoniambiental.com.ar\/info\/nuevo-impulso-para-potenciar-la-ruta-de-los-parques-de-la-patagonia\/","name":"NUEVO IMPULSO PARA POTENCIAR LA RUTA DE LOS PARQUES DE LA PATAGONIA","isPartOf":{"@id":"https:\/\/patagoniambiental.com.ar\/info\/#website"},"primaryImageOfPage":{"@id":"https:\/\/patagoniambiental.com.ar\/info\/nuevo-impulso-para-potenciar-la-ruta-de-los-parques-de-la-patagonia\/#primaryimage"},"image":{"@id":"https:\/\/patagoniambiental.com.ar\/info\/nuevo-impulso-para-potenciar-la-ruta-de-los-parques-de-la-patagonia\/#primaryimage"},"thumbnailUrl":"https:\/\/patagoniambiental.com.ar\/info\/wp-content\/uploads\/2023\/01\/3.jpg","datePublished":"2023-01-20T10:00:00+00:00","dateModified":"2024-08-19T02:56:07+00:00","breadcrumb":{"@id":"https:\/\/patagoniambiental.com.ar\/info\/nuevo-impulso-para-potenciar-la-ruta-de-los-parques-de-la-patagonia\/#breadcrumb"},"inLanguage":"es","potentialAction":[{"@type":"ReadAction","target":["https:\/\/patagoniambiental.com.ar\/info\/nuevo-impulso-para-potenciar-la-ruta-de-los-parques-de-la-patagonia\/"]}]},{"@type":"ImageObject","inLanguage":"es","@id":"https:\/\/patagoniambiental.com.ar\/info\/nuevo-impulso-para-potenciar-la-ruta-de-los-parques-de-la-patagonia\/#primaryimage","url":"https:\/\/patagoniambiental.com.ar\/info\/wp-content\/uploads\/2023\/01\/3.jpg","contentUrl":"https:\/\/patagoniambiental.com.ar\/info\/wp-content\/uploads\/2023\/01\/3.jpg","width":800,"height":600},{"@type":"BreadcrumbList","@id":"https:\/\/patagoniambiental.com.ar\/info\/nuevo-impulso-para-potenciar-la-ruta-de-los-parques-de-la-patagonia\/#breadcrumb","itemListElement":[{"@type":"ListItem","position":1,"name":"Inicio","item":"https:\/\/patagoniambiental.com.ar\/info\/"},{"@type":"ListItem","position":2,"name":"NUEVO IMPULSO PARA POTENCIAR LA RUTA DE LOS PARQUES DE LA PATAGONIA"}]},{"@type":"WebSite","@id":"https:\/\/patagoniambiental.com.ar\/info\/#website","url":"https:\/\/patagoniambiental.com.ar\/info\/","name":"Patagonia Ambiental","description":"Monitoreo y an\u00e1lisis de la situaci\u00f3n geopol\u00edtica en el mundo y su implicancia en la Patagonia","publisher":{"@id":"https:\/\/patagoniambiental.com.ar\/info\/#organization"},"potentialAction":[{"@type":"SearchAction","target":{"@type":"EntryPoint","urlTemplate":"https:\/\/patagoniambiental.com.ar\/info\/?s={search_term_string}"},"query-input":{"@type":"PropertyValueSpecification","valueRequired":true,"valueName":"search_term_string"}}],"inLanguage":"es"},{"@type":"Organization","@id":"https:\/\/patagoniambiental.com.ar\/info\/#organization","name":"Patagonia Ambiental","url":"https:\/\/patagoniambiental.com.ar\/info\/","logo":{"@type":"ImageObject","inLanguage":"es","@id":"https:\/\/patagoniambiental.com.ar\/info\/#\/schema\/logo\/image\/","url":"https:\/\/patagoniambiental.com.ar\/info\/wp-content\/uploads\/2025\/05\/LOGO-PATAGONIA-AMBIENTAL.png","contentUrl":"https:\/\/patagoniambiental.com.ar\/info\/wp-content\/uploads\/2025\/05\/LOGO-PATAGONIA-AMBIENTAL.png","width":433,"height":250,"caption":"Patagonia Ambiental"},"image":{"@id":"https:\/\/patagoniambiental.com.ar\/info\/#\/schema\/logo\/image\/"},"sameAs":["https:\/\/www.facebook.com\/patagonia.ambiental","https:\/\/x.com\/PatAmb"]},{"@type":"Person","@id":"https:\/\/patagoniambiental.com.ar\/info\/#\/schema\/person\/e5af09d700b2e82cb10c6b8800e0c691","name":"BRAIAN ESTEVEZ","sameAs":["http:\/\/www.patagoniambiental.com.ar"]}]}},"_links":{"self":[{"href":"https:\/\/patagoniambiental.com.ar\/info\/wp-json\/wp\/v2\/posts\/76797","targetHints":{"allow":["GET"]}}],"collection":[{"href":"https:\/\/patagoniambiental.com.ar\/info\/wp-json\/wp\/v2\/posts"}],"about":[{"href":"https:\/\/patagoniambiental.com.ar\/info\/wp-json\/wp\/v2\/types\/post"}],"author":[{"embeddable":true,"href":"https:\/\/patagoniambiental.com.ar\/info\/wp-json\/wp\/v2\/users\/6"}],"replies":[{"embeddable":true,"href":"https:\/\/patagoniambiental.com.ar\/info\/wp-json\/wp\/v2\/comments?post=76797"}],"version-history":[{"count":0,"href":"https:\/\/patagoniambiental.com.ar\/info\/wp-json\/wp\/v2\/posts\/76797\/revisions"}],"wp:featuredmedia":[{"embeddable":true,"href":"https:\/\/patagoniambiental.com.ar\/info\/wp-json\/wp\/v2\/media\/76798"}],"wp:attachment":[{"href":"https:\/\/patagoniambiental.com.ar\/info\/wp-json\/wp\/v2\/media?parent=76797"}],"wp:term":[{"taxonomy":"category","embeddable":true,"href":"https:\/\/patagoniambiental.com.ar\/info\/wp-json\/wp\/v2\/categories?post=76797"},{"taxonomy":"post_tag","embeddable":true,"href":"https:\/\/patagoniambiental.com.ar\/info\/wp-json\/wp\/v2\/tags?post=76797"}],"curies":[{"name":"wp","href":"https:\/\/api.w.org\/{rel}","templated":true}]}}