{"id":76810,"date":"2023-01-24T07:00:00","date_gmt":"2023-01-24T10:00:00","guid":{"rendered":"http:\/\/patagoniambiental.com.ar\/info\/?p=76810"},"modified":"2024-08-18T23:51:02","modified_gmt":"2024-08-19T02:51:02","slug":"y-el-puma-reabrio-el-area-protegida-de-la-peninsula-hiroki","status":"publish","type":"post","link":"https:\/\/patagoniambiental.com.ar\/info\/y-el-puma-reabrio-el-area-protegida-de-la-peninsula-hiroki\/","title":{"rendered":"\u00bfY el puma? Reabri\u00f3 el \u00e1rea protegida de la Pen\u00ednsula Hiroki"},"content":{"rendered":"\n<!--more-->\n\n\n\n<h4 class=\"wp-block-heading\" id=\"h-este-martes-se-resolvio-la-apertura-del-espacio-recreativo-a-la-vera-del-rio-limay-luego-de-casi-dos-semanas-de-incertidumbre-por-la-presencia-de-un-puma\">Este martes se resolvi\u00f3 la apertura del espacio recreativo a la vera del r\u00edo Limay, luego de casi dos semanas de incertidumbre por la presencia de un puma.<\/h4>\n\n\n\n<figure class=\"wp-block-image\"><img decoding=\"async\" src=\"https:\/\/media.lmneuquen.com\/p\/c76d3b544d3a36a5e01a076206a74bd7\/adjuntos\/195\/imagenes\/007\/410\/0007410238\/770x0\/smart\/puma-la-peninsula-hiroki-1jpg.png\" alt=\"\u00bfY el puma? Reabri\u00f3 el \u00e1rea protegida de la Pen\u00ednsula Hiroki\" title=\"\u00bfY el puma? Reabri\u00f3 el \u00e1rea protegida de la Pen\u00ednsula Hiroki | LM Neuquen\"\/><\/figure>\n\n\n\n<p>La Municipalidad de Neuqu\u00e9n inform\u00f3 este martes que reabri\u00f3 el portal de acceso al \u00e1rea protegida de la Pen\u00ednsula Hiroki luego de haber estado cerrada por precauci\u00f3n y seguridad de los vecinos y vecinas a ra\u00edz de haberse visualizado rastros de un puma en la zona.about:blank<\/p>\n\n\n\n<p>As\u00ed lo inform\u00f3 el subsecretario de Medio Ambiente y Protecci\u00f3n Ciudadana, Francisco Baggio, quien coment\u00f3 que se resolvi\u00f3 la apertura del espacio luego de una reuni\u00f3n con la Direcci\u00f3n Provincial de Fauna.<\/p>\n\n\n\n<p>\u201cAcordamos una serie de puntos que tienen que ver con todo el trabajo que se realiz\u00f3, entre otras cosas con el centro en el monitoreo que se hizo con c\u00e1maras, las jaulas trampa que se instalaron en los recorridos y toda esta situaci\u00f3n deriv\u00f3 en que el \u00e1rea se puede abrir\u201d, explic\u00f3.<\/p>\n\n\n\n<figure class=\"wp-block-image\"><img decoding=\"async\" src=\"https:\/\/media.lmneuquen.com\/p\/f0dbd4ffd7d31f44b66e3aa20bb7c76d\/adjuntos\/195\/imagenes\/007\/401\/0007401533\/770x0\/smart\/sfp-buscan-puma-suelto-peninsula-hiroki-11jpg.jpg\" alt=\"\"\/><\/figure>\n\n\n\n<p><\/p>\n\n\n\n<p>El funcionario precis\u00f3 que esta apertura se lleva adelante con \u201cla instalaci\u00f3n de carteler\u00eda informativa al visitante advirtiendo de que es un \u00e1rea donde hubo rastros de un puma, y que los ni\u00f1os y ni\u00f1as deber\u00e1n ingresar acompa\u00f1ados de un adulto\u201d.<\/p>\n\n\n\n<p>Y aclar\u00f3 que la zona seguir\u00e1 siendo monitoreada a pesar de que \u201cno hay rastros en los \u00faltimos d\u00edas y de que ninguna de las instancias t\u00e9cnicas y tecnol\u00f3gicas que colocamos captaron al animal\u201d.<\/p>\n\n\n\n<figure class=\"wp-block-image\"><img decoding=\"async\" src=\"https:\/\/media.lmneuquen.com\/p\/6220890a47cc496d12da733512fa173c\/adjuntos\/195\/imagenes\/007\/402\/0007402217\/busqueda-puma-peninsula-hiroki-jaula.jpg?2023-01-13-15-43-43\" alt=\"\"\/><\/figure>\n\n\n\n<p>El pasado jueves 12 de enero se detectaron las<a href=\"https:\/\/www.lmneuquen.com\/operativo-y-busqueda-cerraron-hiroki-la-posible-presencia-un-puma-n984762\" target=\"_blank\" rel=\"noreferrer noopener\">&nbsp;supuestas huellas del animal y comenz\u00f3 el operativo de b\u00fasqueda<\/a>. Incluso algunos empleados del lugar indicaron que lo habr\u00eda visto con un cachorro.<\/p>\n\n\n\n<p>A lo largo de las \u00faltimos d\u00edas se fue intensificando el rastrillaje, al igual que sumando tecnolog\u00eda con c\u00e1maras nocturnas para detectar el puma, pero<a href=\"https:\/\/www.lmneuquen.com\/hiroki-las-camaras-no-detectaron-al-puma-pero-si-encontraron-un-animal-inusual-n987083\" target=\"_blank\" rel=\"noreferrer noopener\">&nbsp;solo se logr\u00f3 detectar a un gato mont\u00e9s<\/a>. Las trampas colocadas en el predio, adem\u00e1s, permitieron \u00abatrapar\u00bb a un par de perros y gatos.<\/p>\n\n\n\n<figure class=\"wp-block-image\"><img decoding=\"async\" src=\"https:\/\/media.lmneuquen.com\/p\/12f1547e43a8184e8f1c7c9b384d01ca\/adjuntos\/195\/imagenes\/007\/407\/0007407525\/770x0\/smart\/gato-montes-hirokijpg.jpg\" alt=\"\"\/><\/figure>\n\n\n\n<p>Fuente: LM Neuqu\u00e9n<\/p>\n","protected":false},"excerpt":{"rendered":"","protected":false},"author":6,"featured_media":76811,"comment_status":"open","ping_status":"open","sticky":false,"template":"","format":"standard","meta":{"site-sidebar-layout":"default","site-content-layout":"","ast-site-content-layout":"default","site-content-style":"default","site-sidebar-style":"default","ast-global-header-display":"","ast-banner-title-visibility":"","ast-main-header-display":"","ast-hfb-above-header-display":"","ast-hfb-below-header-display":"","ast-hfb-mobile-header-display":"","site-post-title":"","ast-breadcrumbs-content":"","ast-featured-img":"","footer-sml-layout":"","ast-disable-related-posts":"","theme-transparent-header-meta":"","adv-header-id-meta":"","stick-header-meta":"","header-above-stick-meta":"","header-main-stick-meta":"","header-below-stick-meta":"","astra-migrate-meta-layouts":"default","ast-page-background-enabled":"default","ast-page-background-meta":{"desktop":{"background-color":"var(--ast-global-color-5)","background-image":"","background-repeat":"repeat","background-position":"center center","background-size":"auto","background-attachment":"scroll","background-type":"","background-media":"","overlay-type":"","overlay-color":"","overlay-opacity":"","overlay-gradient":""},"tablet":{"background-color":"","background-image":"","background-repeat":"repeat","background-position":"center center","background-size":"auto","background-attachment":"scroll","background-type":"","background-media":"","overlay-type":"","overlay-color":"","overlay-opacity":"","overlay-gradient":""},"mobile":{"background-color":"","background-image":"","background-repeat":"repeat","background-position":"center center","background-size":"auto","background-attachment":"scroll","background-type":"","background-media":"","overlay-type":"","overlay-color":"","overlay-opacity":"","overlay-gradient":""}},"ast-content-background-meta":{"desktop":{"background-color":"var(--ast-global-color-4)","background-image":"","background-repeat":"repeat","background-position":"center center","background-size":"auto","background-attachment":"scroll","background-type":"","background-media":"","overlay-type":"","overlay-color":"","overlay-opacity":"","overlay-gradient":""},"tablet":{"background-color":"var(--ast-global-color-4)","background-image":"","background-repeat":"repeat","background-position":"center center","background-size":"auto","background-attachment":"scroll","background-type":"","background-media":"","overlay-type":"","overlay-color":"","overlay-opacity":"","overlay-gradient":""},"mobile":{"background-color":"var(--ast-global-color-4)","background-image":"","background-repeat":"repeat","background-position":"center center","background-size":"auto","background-attachment":"scroll","background-type":"","background-media":"","overlay-type":"","overlay-color":"","overlay-opacity":"","overlay-gradient":""}},"footnotes":""},"categories":[11,18,1,13,10],"tags":[],"class_list":["post-76810","post","type-post","status-publish","format-standard","has-post-thumbnail","hentry","category-boletin","category-neuquen","category-noticias","category-provinciales","category-rotador"],"yoast_head":"<!-- This site is optimized with the Yoast SEO Premium plugin v23.0 (Yoast SEO v27.5) - https:\/\/yoast.com\/product\/yoast-seo-premium-wordpress\/ -->\n<title>\u00bfY el puma? Reabri\u00f3 el \u00e1rea protegida de la Pen\u00ednsula Hiroki<\/title>\n<meta name=\"robots\" content=\"index, follow, max-snippet:-1, max-image-preview:large, max-video-preview:-1\" \/>\n<link rel=\"canonical\" href=\"https:\/\/patagoniambiental.com.ar\/info\/y-el-puma-reabrio-el-area-protegida-de-la-peninsula-hiroki\/\" \/>\n<meta property=\"og:locale\" content=\"es_ES\" \/>\n<meta property=\"og:type\" content=\"article\" \/>\n<meta property=\"og:title\" content=\"\u00bfY el puma? Reabri\u00f3 el \u00e1rea protegida de la Pen\u00ednsula Hiroki\" \/>\n<meta property=\"og:url\" content=\"https:\/\/patagoniambiental.com.ar\/info\/y-el-puma-reabrio-el-area-protegida-de-la-peninsula-hiroki\/\" \/>\n<meta property=\"og:site_name\" content=\"Patagonia Ambiental\" \/>\n<meta property=\"article:publisher\" content=\"https:\/\/www.facebook.com\/patagonia.ambiental\" \/>\n<meta property=\"article:published_time\" content=\"2023-01-24T10:00:00+00:00\" \/>\n<meta property=\"article:modified_time\" content=\"2024-08-19T02:51:02+00:00\" \/>\n<meta property=\"og:image\" content=\"https:\/\/patagoniambiental.com.ar\/info\/wp-content\/uploads\/2023\/01\/Sin-titulo-4.png\" \/>\n\t<meta property=\"og:image:width\" content=\"572\" \/>\n\t<meta property=\"og:image:height\" content=\"318\" \/>\n\t<meta property=\"og:image:type\" content=\"image\/png\" \/>\n<meta name=\"author\" content=\"BRAIAN ESTEVEZ\" \/>\n<meta name=\"twitter:card\" content=\"summary_large_image\" \/>\n<meta name=\"twitter:creator\" content=\"@PatAmb\" \/>\n<meta name=\"twitter:site\" content=\"@PatAmb\" \/>\n<script type=\"application\/ld+json\" class=\"yoast-schema-graph\">{\"@context\":\"https:\\\/\\\/schema.org\",\"@graph\":[{\"@type\":\"Article\",\"@id\":\"https:\\\/\\\/patagoniambiental.com.ar\\\/info\\\/y-el-puma-reabrio-el-area-protegida-de-la-peninsula-hiroki\\\/#article\",\"isPartOf\":{\"@id\":\"https:\\\/\\\/patagoniambiental.com.ar\\\/info\\\/y-el-puma-reabrio-el-area-protegida-de-la-peninsula-hiroki\\\/\"},\"author\":{\"name\":\"BRAIAN ESTEVEZ\",\"@id\":\"https:\\\/\\\/patagoniambiental.com.ar\\\/info\\\/#\\\/schema\\\/person\\\/e5af09d700b2e82cb10c6b8800e0c691\"},\"headline\":\"\u00bfY el puma? Reabri\u00f3 el \u00e1rea protegida de la Pen\u00ednsula Hiroki\",\"datePublished\":\"2023-01-24T10:00:00+00:00\",\"dateModified\":\"2024-08-19T02:51:02+00:00\",\"mainEntityOfPage\":{\"@id\":\"https:\\\/\\\/patagoniambiental.com.ar\\\/info\\\/y-el-puma-reabrio-el-area-protegida-de-la-peninsula-hiroki\\\/\"},\"wordCount\":359,\"commentCount\":0,\"publisher\":{\"@id\":\"https:\\\/\\\/patagoniambiental.com.ar\\\/info\\\/#organization\"},\"image\":{\"@id\":\"https:\\\/\\\/patagoniambiental.com.ar\\\/info\\\/y-el-puma-reabrio-el-area-protegida-de-la-peninsula-hiroki\\\/#primaryimage\"},\"thumbnailUrl\":\"https:\\\/\\\/patagoniambiental.com.ar\\\/info\\\/wp-content\\\/uploads\\\/2023\\\/01\\\/Sin-titulo-4.png\",\"articleSection\":[\"Bolet\u00edn\",\"Neuqu\u00e9n\",\"Noticias\",\"Provinciales\",\"Rotador\"],\"inLanguage\":\"es\",\"potentialAction\":[{\"@type\":\"CommentAction\",\"name\":\"Comment\",\"target\":[\"https:\\\/\\\/patagoniambiental.com.ar\\\/info\\\/y-el-puma-reabrio-el-area-protegida-de-la-peninsula-hiroki\\\/#respond\"]}]},{\"@type\":\"WebPage\",\"@id\":\"https:\\\/\\\/patagoniambiental.com.ar\\\/info\\\/y-el-puma-reabrio-el-area-protegida-de-la-peninsula-hiroki\\\/\",\"url\":\"https:\\\/\\\/patagoniambiental.com.ar\\\/info\\\/y-el-puma-reabrio-el-area-protegida-de-la-peninsula-hiroki\\\/\",\"name\":\"\u00bfY el puma? Reabri\u00f3 el \u00e1rea protegida de la Pen\u00ednsula Hiroki\",\"isPartOf\":{\"@id\":\"https:\\\/\\\/patagoniambiental.com.ar\\\/info\\\/#website\"},\"primaryImageOfPage\":{\"@id\":\"https:\\\/\\\/patagoniambiental.com.ar\\\/info\\\/y-el-puma-reabrio-el-area-protegida-de-la-peninsula-hiroki\\\/#primaryimage\"},\"image\":{\"@id\":\"https:\\\/\\\/patagoniambiental.com.ar\\\/info\\\/y-el-puma-reabrio-el-area-protegida-de-la-peninsula-hiroki\\\/#primaryimage\"},\"thumbnailUrl\":\"https:\\\/\\\/patagoniambiental.com.ar\\\/info\\\/wp-content\\\/uploads\\\/2023\\\/01\\\/Sin-titulo-4.png\",\"datePublished\":\"2023-01-24T10:00:00+00:00\",\"dateModified\":\"2024-08-19T02:51:02+00:00\",\"breadcrumb\":{\"@id\":\"https:\\\/\\\/patagoniambiental.com.ar\\\/info\\\/y-el-puma-reabrio-el-area-protegida-de-la-peninsula-hiroki\\\/#breadcrumb\"},\"inLanguage\":\"es\",\"potentialAction\":[{\"@type\":\"ReadAction\",\"target\":[\"https:\\\/\\\/patagoniambiental.com.ar\\\/info\\\/y-el-puma-reabrio-el-area-protegida-de-la-peninsula-hiroki\\\/\"]}]},{\"@type\":\"ImageObject\",\"inLanguage\":\"es\",\"@id\":\"https:\\\/\\\/patagoniambiental.com.ar\\\/info\\\/y-el-puma-reabrio-el-area-protegida-de-la-peninsula-hiroki\\\/#primaryimage\",\"url\":\"https:\\\/\\\/patagoniambiental.com.ar\\\/info\\\/wp-content\\\/uploads\\\/2023\\\/01\\\/Sin-titulo-4.png\",\"contentUrl\":\"https:\\\/\\\/patagoniambiental.com.ar\\\/info\\\/wp-content\\\/uploads\\\/2023\\\/01\\\/Sin-titulo-4.png\",\"width\":572,\"height\":318},{\"@type\":\"BreadcrumbList\",\"@id\":\"https:\\\/\\\/patagoniambiental.com.ar\\\/info\\\/y-el-puma-reabrio-el-area-protegida-de-la-peninsula-hiroki\\\/#breadcrumb\",\"itemListElement\":[{\"@type\":\"ListItem\",\"position\":1,\"name\":\"Inicio\",\"item\":\"https:\\\/\\\/patagoniambiental.com.ar\\\/info\\\/\"},{\"@type\":\"ListItem\",\"position\":2,\"name\":\"\u00bfY el puma? Reabri\u00f3 el \u00e1rea protegida de la Pen\u00ednsula Hiroki\"}]},{\"@type\":\"WebSite\",\"@id\":\"https:\\\/\\\/patagoniambiental.com.ar\\\/info\\\/#website\",\"url\":\"https:\\\/\\\/patagoniambiental.com.ar\\\/info\\\/\",\"name\":\"Patagonia Ambiental\",\"description\":\"Monitoreo y an\u00e1lisis de la situaci\u00f3n geopol\u00edtica en el mundo y su implicancia en la Patagonia\",\"publisher\":{\"@id\":\"https:\\\/\\\/patagoniambiental.com.ar\\\/info\\\/#organization\"},\"potentialAction\":[{\"@type\":\"SearchAction\",\"target\":{\"@type\":\"EntryPoint\",\"urlTemplate\":\"https:\\\/\\\/patagoniambiental.com.ar\\\/info\\\/?s={search_term_string}\"},\"query-input\":{\"@type\":\"PropertyValueSpecification\",\"valueRequired\":true,\"valueName\":\"search_term_string\"}}],\"inLanguage\":\"es\"},{\"@type\":\"Organization\",\"@id\":\"https:\\\/\\\/patagoniambiental.com.ar\\\/info\\\/#organization\",\"name\":\"Patagonia Ambiental\",\"url\":\"https:\\\/\\\/patagoniambiental.com.ar\\\/info\\\/\",\"logo\":{\"@type\":\"ImageObject\",\"inLanguage\":\"es\",\"@id\":\"https:\\\/\\\/patagoniambiental.com.ar\\\/info\\\/#\\\/schema\\\/logo\\\/image\\\/\",\"url\":\"https:\\\/\\\/patagoniambiental.com.ar\\\/info\\\/wp-content\\\/uploads\\\/2025\\\/05\\\/LOGO-PATAGONIA-AMBIENTAL.png\",\"contentUrl\":\"https:\\\/\\\/patagoniambiental.com.ar\\\/info\\\/wp-content\\\/uploads\\\/2025\\\/05\\\/LOGO-PATAGONIA-AMBIENTAL.png\",\"width\":433,\"height\":250,\"caption\":\"Patagonia Ambiental\"},\"image\":{\"@id\":\"https:\\\/\\\/patagoniambiental.com.ar\\\/info\\\/#\\\/schema\\\/logo\\\/image\\\/\"},\"sameAs\":[\"https:\\\/\\\/www.facebook.com\\\/patagonia.ambiental\",\"https:\\\/\\\/x.com\\\/PatAmb\"]},{\"@type\":\"Person\",\"@id\":\"https:\\\/\\\/patagoniambiental.com.ar\\\/info\\\/#\\\/schema\\\/person\\\/e5af09d700b2e82cb10c6b8800e0c691\",\"name\":\"BRAIAN ESTEVEZ\",\"sameAs\":[\"http:\\\/\\\/www.patagoniambiental.com.ar\"]}]}<\/script>\n<!-- \/ Yoast SEO Premium plugin. -->","yoast_head_json":{"title":"\u00bfY el puma? Reabri\u00f3 el \u00e1rea protegida de la Pen\u00ednsula Hiroki","robots":{"index":"index","follow":"follow","max-snippet":"max-snippet:-1","max-image-preview":"max-image-preview:large","max-video-preview":"max-video-preview:-1"},"canonical":"https:\/\/patagoniambiental.com.ar\/info\/y-el-puma-reabrio-el-area-protegida-de-la-peninsula-hiroki\/","og_locale":"es_ES","og_type":"article","og_title":"\u00bfY el puma? Reabri\u00f3 el \u00e1rea protegida de la Pen\u00ednsula Hiroki","og_url":"https:\/\/patagoniambiental.com.ar\/info\/y-el-puma-reabrio-el-area-protegida-de-la-peninsula-hiroki\/","og_site_name":"Patagonia Ambiental","article_publisher":"https:\/\/www.facebook.com\/patagonia.ambiental","article_published_time":"2023-01-24T10:00:00+00:00","article_modified_time":"2024-08-19T02:51:02+00:00","og_image":[{"width":572,"height":318,"url":"https:\/\/patagoniambiental.com.ar\/info\/wp-content\/uploads\/2023\/01\/Sin-titulo-4.png","type":"image\/png"}],"author":"BRAIAN ESTEVEZ","twitter_card":"summary_large_image","twitter_creator":"@PatAmb","twitter_site":"@PatAmb","schema":{"@context":"https:\/\/schema.org","@graph":[{"@type":"Article","@id":"https:\/\/patagoniambiental.com.ar\/info\/y-el-puma-reabrio-el-area-protegida-de-la-peninsula-hiroki\/#article","isPartOf":{"@id":"https:\/\/patagoniambiental.com.ar\/info\/y-el-puma-reabrio-el-area-protegida-de-la-peninsula-hiroki\/"},"author":{"name":"BRAIAN ESTEVEZ","@id":"https:\/\/patagoniambiental.com.ar\/info\/#\/schema\/person\/e5af09d700b2e82cb10c6b8800e0c691"},"headline":"\u00bfY el puma? Reabri\u00f3 el \u00e1rea protegida de la Pen\u00ednsula Hiroki","datePublished":"2023-01-24T10:00:00+00:00","dateModified":"2024-08-19T02:51:02+00:00","mainEntityOfPage":{"@id":"https:\/\/patagoniambiental.com.ar\/info\/y-el-puma-reabrio-el-area-protegida-de-la-peninsula-hiroki\/"},"wordCount":359,"commentCount":0,"publisher":{"@id":"https:\/\/patagoniambiental.com.ar\/info\/#organization"},"image":{"@id":"https:\/\/patagoniambiental.com.ar\/info\/y-el-puma-reabrio-el-area-protegida-de-la-peninsula-hiroki\/#primaryimage"},"thumbnailUrl":"https:\/\/patagoniambiental.com.ar\/info\/wp-content\/uploads\/2023\/01\/Sin-titulo-4.png","articleSection":["Bolet\u00edn","Neuqu\u00e9n","Noticias","Provinciales","Rotador"],"inLanguage":"es","potentialAction":[{"@type":"CommentAction","name":"Comment","target":["https:\/\/patagoniambiental.com.ar\/info\/y-el-puma-reabrio-el-area-protegida-de-la-peninsula-hiroki\/#respond"]}]},{"@type":"WebPage","@id":"https:\/\/patagoniambiental.com.ar\/info\/y-el-puma-reabrio-el-area-protegida-de-la-peninsula-hiroki\/","url":"https:\/\/patagoniambiental.com.ar\/info\/y-el-puma-reabrio-el-area-protegida-de-la-peninsula-hiroki\/","name":"\u00bfY el puma? Reabri\u00f3 el \u00e1rea protegida de la Pen\u00ednsula Hiroki","isPartOf":{"@id":"https:\/\/patagoniambiental.com.ar\/info\/#website"},"primaryImageOfPage":{"@id":"https:\/\/patagoniambiental.com.ar\/info\/y-el-puma-reabrio-el-area-protegida-de-la-peninsula-hiroki\/#primaryimage"},"image":{"@id":"https:\/\/patagoniambiental.com.ar\/info\/y-el-puma-reabrio-el-area-protegida-de-la-peninsula-hiroki\/#primaryimage"},"thumbnailUrl":"https:\/\/patagoniambiental.com.ar\/info\/wp-content\/uploads\/2023\/01\/Sin-titulo-4.png","datePublished":"2023-01-24T10:00:00+00:00","dateModified":"2024-08-19T02:51:02+00:00","breadcrumb":{"@id":"https:\/\/patagoniambiental.com.ar\/info\/y-el-puma-reabrio-el-area-protegida-de-la-peninsula-hiroki\/#breadcrumb"},"inLanguage":"es","potentialAction":[{"@type":"ReadAction","target":["https:\/\/patagoniambiental.com.ar\/info\/y-el-puma-reabrio-el-area-protegida-de-la-peninsula-hiroki\/"]}]},{"@type":"ImageObject","inLanguage":"es","@id":"https:\/\/patagoniambiental.com.ar\/info\/y-el-puma-reabrio-el-area-protegida-de-la-peninsula-hiroki\/#primaryimage","url":"https:\/\/patagoniambiental.com.ar\/info\/wp-content\/uploads\/2023\/01\/Sin-titulo-4.png","contentUrl":"https:\/\/patagoniambiental.com.ar\/info\/wp-content\/uploads\/2023\/01\/Sin-titulo-4.png","width":572,"height":318},{"@type":"BreadcrumbList","@id":"https:\/\/patagoniambiental.com.ar\/info\/y-el-puma-reabrio-el-area-protegida-de-la-peninsula-hiroki\/#breadcrumb","itemListElement":[{"@type":"ListItem","position":1,"name":"Inicio","item":"https:\/\/patagoniambiental.com.ar\/info\/"},{"@type":"ListItem","position":2,"name":"\u00bfY el puma? Reabri\u00f3 el \u00e1rea protegida de la Pen\u00ednsula Hiroki"}]},{"@type":"WebSite","@id":"https:\/\/patagoniambiental.com.ar\/info\/#website","url":"https:\/\/patagoniambiental.com.ar\/info\/","name":"Patagonia Ambiental","description":"Monitoreo y an\u00e1lisis de la situaci\u00f3n geopol\u00edtica en el mundo y su implicancia en la Patagonia","publisher":{"@id":"https:\/\/patagoniambiental.com.ar\/info\/#organization"},"potentialAction":[{"@type":"SearchAction","target":{"@type":"EntryPoint","urlTemplate":"https:\/\/patagoniambiental.com.ar\/info\/?s={search_term_string}"},"query-input":{"@type":"PropertyValueSpecification","valueRequired":true,"valueName":"search_term_string"}}],"inLanguage":"es"},{"@type":"Organization","@id":"https:\/\/patagoniambiental.com.ar\/info\/#organization","name":"Patagonia Ambiental","url":"https:\/\/patagoniambiental.com.ar\/info\/","logo":{"@type":"ImageObject","inLanguage":"es","@id":"https:\/\/patagoniambiental.com.ar\/info\/#\/schema\/logo\/image\/","url":"https:\/\/patagoniambiental.com.ar\/info\/wp-content\/uploads\/2025\/05\/LOGO-PATAGONIA-AMBIENTAL.png","contentUrl":"https:\/\/patagoniambiental.com.ar\/info\/wp-content\/uploads\/2025\/05\/LOGO-PATAGONIA-AMBIENTAL.png","width":433,"height":250,"caption":"Patagonia Ambiental"},"image":{"@id":"https:\/\/patagoniambiental.com.ar\/info\/#\/schema\/logo\/image\/"},"sameAs":["https:\/\/www.facebook.com\/patagonia.ambiental","https:\/\/x.com\/PatAmb"]},{"@type":"Person","@id":"https:\/\/patagoniambiental.com.ar\/info\/#\/schema\/person\/e5af09d700b2e82cb10c6b8800e0c691","name":"BRAIAN ESTEVEZ","sameAs":["http:\/\/www.patagoniambiental.com.ar"]}]}},"_links":{"self":[{"href":"https:\/\/patagoniambiental.com.ar\/info\/wp-json\/wp\/v2\/posts\/76810","targetHints":{"allow":["GET"]}}],"collection":[{"href":"https:\/\/patagoniambiental.com.ar\/info\/wp-json\/wp\/v2\/posts"}],"about":[{"href":"https:\/\/patagoniambiental.com.ar\/info\/wp-json\/wp\/v2\/types\/post"}],"author":[{"embeddable":true,"href":"https:\/\/patagoniambiental.com.ar\/info\/wp-json\/wp\/v2\/users\/6"}],"replies":[{"embeddable":true,"href":"https:\/\/patagoniambiental.com.ar\/info\/wp-json\/wp\/v2\/comments?post=76810"}],"version-history":[{"count":0,"href":"https:\/\/patagoniambiental.com.ar\/info\/wp-json\/wp\/v2\/posts\/76810\/revisions"}],"wp:featuredmedia":[{"embeddable":true,"href":"https:\/\/patagoniambiental.com.ar\/info\/wp-json\/wp\/v2\/media\/76811"}],"wp:attachment":[{"href":"https:\/\/patagoniambiental.com.ar\/info\/wp-json\/wp\/v2\/media?parent=76810"}],"wp:term":[{"taxonomy":"category","embeddable":true,"href":"https:\/\/patagoniambiental.com.ar\/info\/wp-json\/wp\/v2\/categories?post=76810"},{"taxonomy":"post_tag","embeddable":true,"href":"https:\/\/patagoniambiental.com.ar\/info\/wp-json\/wp\/v2\/tags?post=76810"}],"curies":[{"name":"wp","href":"https:\/\/api.w.org\/{rel}","templated":true}]}}