{"id":76875,"date":"2023-02-09T07:00:00","date_gmt":"2023-02-09T10:00:00","guid":{"rendered":"http:\/\/patagoniambiental.com.ar\/info\/?p=76875"},"modified":"2024-08-18T23:31:24","modified_gmt":"2024-08-19T02:31:24","slug":"avanza-la-obra-de-la-nueva-cisterna-para-agua-potable-en-general-pico","status":"publish","type":"post","link":"https:\/\/patagoniambiental.com.ar\/info\/avanza-la-obra-de-la-nueva-cisterna-para-agua-potable-en-general-pico\/","title":{"rendered":"Avanza la obra de la nueva cisterna para agua potable en General Pico"},"content":{"rendered":"\n<!--more-->\n\n\n\n<p>El monto actualizado a diciembre 2022 de la obra de la cisterna de 5 millones de litros es de $ 780.926.214. La obra tiene un avance 56% y la empresa que la lleva adelante es ILKA Construcciones.<\/p>\n\n\n\n<p>La Administraci\u00f3n Provincial del Agua (APA) avanza en la obra de la nueva cisterna que asegura el aumento de cantidad del recurso, con el objetivo de reforzar el abastecimiento de agua potable para consumo de las y los habitantes de General Pico.<\/p>\n\n\n\n<p>La nueva cisterna de 5 millones de litros se est\u00e1 construyendo en el predio de APySU y tiene como objetivo recaudar mayores cantidades en su sistema de almacenamiento que impactar\u00e1 en mejorar la distribuci\u00f3n de agua potable para la ciudad.<\/p>\n\n\n\n<p>La ampliaci\u00f3n y readecuaci\u00f3n del Centro de Abastecimiento de Agua Potable de General Pico, es construida e inspeccionada por la APA a trav\u00e9s del ENOHSA (Ente Nacional de Obras H\u00eddricas de Saneamiento).<\/p>\n\n\n\n<p>Las tareas incluyen la ampliaci\u00f3n de la sala de bombas existentes en la planta APySU de CORPICO que sea consecuente con el aumento de la cantidad almacenada.<\/p>\n\n\n\n<p>La obra iniciada en abril del 2022, se enmarca en la firma de tres contratos de obras para General Pico desde el ENOHSA.<\/p>\n\n\n\n<p>Una es la red y redistribuci\u00f3n de agua potable en barrio Los Horneros, la red de cloacas y estaci\u00f3n de bombeo de l\u00edquidos cloacales en ese sector de la ciudad y esta obra de ampliaci\u00f3n y readecuaci\u00f3n del Centro de Abastecimiento de agua potable principal de la ciudad.<\/p>\n\n\n\n<p>El monto actualizado a diciembre 2022 de la obra de la cisterna de 5 millones de litros es de $ 780.926.214.<\/p>\n\n\n\n<p>La obra tiene un avance 56% y la empresa que la lleva adelante es ILKA Construcciones.<\/p>\n\n\n\n<p>Los trabajos en el predio de CORPICO, ubicado en la calle 11 entre 104 y 106 han requerido la realizaci\u00f3n de una gran excavaci\u00f3n y la construcci\u00f3n de la cisterna de 5000 m3 en hormig\u00f3n armado, que da lugar al aumento de vol\u00famenes de agua para reservas y distribuci\u00f3n, en particular en \u00e9pocas de mayores consumos ante posibles fallas de la alimentaci\u00f3n desde las perforaciones o consumos muy elevados en horas pico.<\/p>\n\n\n\n<p>El contar con este tipo de lugares de reservas asegura la disponibilidad de agua potable sin afectar el servicio y garantiza el abastecimiento en tiempos de mayores consumos.<\/p>\n\n\n\n<p>Para adelantarse a cualquier falla el\u00e9ctrica, por altos consumos en temporada estival, se hace una nueva subestaci\u00f3n que responde al funcionamiento de todos los equipos electromec\u00e1nicos, adem\u00e1s se coloca un grupo electr\u00f3geno nuevo, como auxiliar que quedar\u00e1 vinculada a la cisterna de 2000 m3 existente.<\/p>\n\n\n\n<p>Estas nuevas instalaciones dan una autonom\u00eda de 8 horas de abastecimiento en caso de interrupci\u00f3n del servicio el\u00e9ctrico.<\/p>\n\n\n\n<p>La cisterna en construcci\u00f3n est\u00e1 proyectada para conectarse con los acueductos de r\u00edo Colorado y General Pico \u2013 V\u00e9rtiz.<\/p>\n\n\n\n<p>El Poder Ejecutivo asumi\u00f3 el compromiso de brindar calidad de vida y colaborar con la salud de las pampeanas y los pampeanos, adem\u00e1s de aportar acciones que colaboren con el cuidado del ambiente, son estas obras de ampliaci\u00f3n de distribuci\u00f3n de agua potable y saneamiento las que hacen cumplir esas metas propuestas, respetan y fomentan los derechos de las personas adem\u00e1s de potenciar las econom\u00edas regionales con la generaci\u00f3n de puestos de trabajos genuinos.<\/p>\n\n\n\n<p>Fuente: www.eldiariodelapampa.com.ar<\/p>\n","protected":false},"excerpt":{"rendered":"","protected":false},"author":6,"featured_media":76876,"comment_status":"open","ping_status":"open","sticky":false,"template":"","format":"standard","meta":{"site-sidebar-layout":"default","site-content-layout":"","ast-site-content-layout":"default","site-content-style":"default","site-sidebar-style":"default","ast-global-header-display":"","ast-banner-title-visibility":"","ast-main-header-display":"","ast-hfb-above-header-display":"","ast-hfb-below-header-display":"","ast-hfb-mobile-header-display":"","site-post-title":"","ast-breadcrumbs-content":"","ast-featured-img":"","footer-sml-layout":"","ast-disable-related-posts":"","theme-transparent-header-meta":"","adv-header-id-meta":"","stick-header-meta":"","header-above-stick-meta":"","header-main-stick-meta":"","header-below-stick-meta":"","astra-migrate-meta-layouts":"default","ast-page-background-enabled":"default","ast-page-background-meta":{"desktop":{"background-color":"var(--ast-global-color-5)","background-image":"","background-repeat":"repeat","background-position":"center center","background-size":"auto","background-attachment":"scroll","background-type":"","background-media":"","overlay-type":"","overlay-color":"","overlay-opacity":"","overlay-gradient":""},"tablet":{"background-color":"","background-image":"","background-repeat":"repeat","background-position":"center center","background-size":"auto","background-attachment":"scroll","background-type":"","background-media":"","overlay-type":"","overlay-color":"","overlay-opacity":"","overlay-gradient":""},"mobile":{"background-color":"","background-image":"","background-repeat":"repeat","background-position":"center center","background-size":"auto","background-attachment":"scroll","background-type":"","background-media":"","overlay-type":"","overlay-color":"","overlay-opacity":"","overlay-gradient":""}},"ast-content-background-meta":{"desktop":{"background-color":"var(--ast-global-color-4)","background-image":"","background-repeat":"repeat","background-position":"center center","background-size":"auto","background-attachment":"scroll","background-type":"","background-media":"","overlay-type":"","overlay-color":"","overlay-opacity":"","overlay-gradient":""},"tablet":{"background-color":"var(--ast-global-color-4)","background-image":"","background-repeat":"repeat","background-position":"center center","background-size":"auto","background-attachment":"scroll","background-type":"","background-media":"","overlay-type":"","overlay-color":"","overlay-opacity":"","overlay-gradient":""},"mobile":{"background-color":"var(--ast-global-color-4)","background-image":"","background-repeat":"repeat","background-position":"center center","background-size":"auto","background-attachment":"scroll","background-type":"","background-media":"","overlay-type":"","overlay-color":"","overlay-opacity":"","overlay-gradient":""}},"footnotes":""},"categories":[11,59,1,13,10],"tags":[],"class_list":["post-76875","post","type-post","status-publish","format-standard","has-post-thumbnail","hentry","category-boletin","category-la-pampa","category-noticias","category-provinciales","category-rotador"],"yoast_head":"<!-- This site is optimized with the Yoast SEO Premium plugin v23.0 (Yoast SEO v27.5) - https:\/\/yoast.com\/product\/yoast-seo-premium-wordpress\/ -->\n<title>Avanza la obra de la nueva cisterna para agua potable en General Pico<\/title>\n<meta name=\"robots\" content=\"index, follow, max-snippet:-1, max-image-preview:large, max-video-preview:-1\" \/>\n<link rel=\"canonical\" href=\"https:\/\/patagoniambiental.com.ar\/info\/avanza-la-obra-de-la-nueva-cisterna-para-agua-potable-en-general-pico\/\" \/>\n<meta property=\"og:locale\" content=\"es_ES\" \/>\n<meta property=\"og:type\" content=\"article\" \/>\n<meta property=\"og:title\" content=\"Avanza la obra de la nueva cisterna para agua potable en General Pico\" \/>\n<meta property=\"og:url\" content=\"https:\/\/patagoniambiental.com.ar\/info\/avanza-la-obra-de-la-nueva-cisterna-para-agua-potable-en-general-pico\/\" \/>\n<meta property=\"og:site_name\" content=\"Patagonia Ambiental\" \/>\n<meta property=\"article:publisher\" content=\"https:\/\/www.facebook.com\/patagonia.ambiental\" \/>\n<meta property=\"article:published_time\" content=\"2023-02-09T10:00:00+00:00\" \/>\n<meta property=\"article:modified_time\" content=\"2024-08-19T02:31:24+00:00\" \/>\n<meta property=\"og:image\" content=\"https:\/\/patagoniambiental.com.ar\/info\/wp-content\/uploads\/2023\/02\/Sin-titulo-3.png\" \/>\n\t<meta property=\"og:image:width\" content=\"839\" \/>\n\t<meta property=\"og:image:height\" content=\"429\" \/>\n\t<meta property=\"og:image:type\" content=\"image\/png\" \/>\n<meta name=\"author\" content=\"BRAIAN ESTEVEZ\" \/>\n<meta name=\"twitter:card\" content=\"summary_large_image\" \/>\n<meta name=\"twitter:creator\" content=\"@PatAmb\" \/>\n<meta name=\"twitter:site\" content=\"@PatAmb\" \/>\n<script type=\"application\/ld+json\" class=\"yoast-schema-graph\">{\"@context\":\"https:\\\/\\\/schema.org\",\"@graph\":[{\"@type\":\"Article\",\"@id\":\"https:\\\/\\\/patagoniambiental.com.ar\\\/info\\\/avanza-la-obra-de-la-nueva-cisterna-para-agua-potable-en-general-pico\\\/#article\",\"isPartOf\":{\"@id\":\"https:\\\/\\\/patagoniambiental.com.ar\\\/info\\\/avanza-la-obra-de-la-nueva-cisterna-para-agua-potable-en-general-pico\\\/\"},\"author\":{\"name\":\"BRAIAN ESTEVEZ\",\"@id\":\"https:\\\/\\\/patagoniambiental.com.ar\\\/info\\\/#\\\/schema\\\/person\\\/e5af09d700b2e82cb10c6b8800e0c691\"},\"headline\":\"Avanza la obra de la nueva cisterna para agua potable en General Pico\",\"datePublished\":\"2023-02-09T10:00:00+00:00\",\"dateModified\":\"2024-08-19T02:31:24+00:00\",\"mainEntityOfPage\":{\"@id\":\"https:\\\/\\\/patagoniambiental.com.ar\\\/info\\\/avanza-la-obra-de-la-nueva-cisterna-para-agua-potable-en-general-pico\\\/\"},\"wordCount\":577,\"commentCount\":0,\"publisher\":{\"@id\":\"https:\\\/\\\/patagoniambiental.com.ar\\\/info\\\/#organization\"},\"image\":{\"@id\":\"https:\\\/\\\/patagoniambiental.com.ar\\\/info\\\/avanza-la-obra-de-la-nueva-cisterna-para-agua-potable-en-general-pico\\\/#primaryimage\"},\"thumbnailUrl\":\"https:\\\/\\\/patagoniambiental.com.ar\\\/info\\\/wp-content\\\/uploads\\\/2023\\\/02\\\/Sin-titulo-3.png\",\"articleSection\":[\"Bolet\u00edn\",\"La Pampa\",\"Noticias\",\"Provinciales\",\"Rotador\"],\"inLanguage\":\"es\",\"potentialAction\":[{\"@type\":\"CommentAction\",\"name\":\"Comment\",\"target\":[\"https:\\\/\\\/patagoniambiental.com.ar\\\/info\\\/avanza-la-obra-de-la-nueva-cisterna-para-agua-potable-en-general-pico\\\/#respond\"]}]},{\"@type\":\"WebPage\",\"@id\":\"https:\\\/\\\/patagoniambiental.com.ar\\\/info\\\/avanza-la-obra-de-la-nueva-cisterna-para-agua-potable-en-general-pico\\\/\",\"url\":\"https:\\\/\\\/patagoniambiental.com.ar\\\/info\\\/avanza-la-obra-de-la-nueva-cisterna-para-agua-potable-en-general-pico\\\/\",\"name\":\"Avanza la obra de la nueva cisterna para agua potable en General Pico\",\"isPartOf\":{\"@id\":\"https:\\\/\\\/patagoniambiental.com.ar\\\/info\\\/#website\"},\"primaryImageOfPage\":{\"@id\":\"https:\\\/\\\/patagoniambiental.com.ar\\\/info\\\/avanza-la-obra-de-la-nueva-cisterna-para-agua-potable-en-general-pico\\\/#primaryimage\"},\"image\":{\"@id\":\"https:\\\/\\\/patagoniambiental.com.ar\\\/info\\\/avanza-la-obra-de-la-nueva-cisterna-para-agua-potable-en-general-pico\\\/#primaryimage\"},\"thumbnailUrl\":\"https:\\\/\\\/patagoniambiental.com.ar\\\/info\\\/wp-content\\\/uploads\\\/2023\\\/02\\\/Sin-titulo-3.png\",\"datePublished\":\"2023-02-09T10:00:00+00:00\",\"dateModified\":\"2024-08-19T02:31:24+00:00\",\"breadcrumb\":{\"@id\":\"https:\\\/\\\/patagoniambiental.com.ar\\\/info\\\/avanza-la-obra-de-la-nueva-cisterna-para-agua-potable-en-general-pico\\\/#breadcrumb\"},\"inLanguage\":\"es\",\"potentialAction\":[{\"@type\":\"ReadAction\",\"target\":[\"https:\\\/\\\/patagoniambiental.com.ar\\\/info\\\/avanza-la-obra-de-la-nueva-cisterna-para-agua-potable-en-general-pico\\\/\"]}]},{\"@type\":\"ImageObject\",\"inLanguage\":\"es\",\"@id\":\"https:\\\/\\\/patagoniambiental.com.ar\\\/info\\\/avanza-la-obra-de-la-nueva-cisterna-para-agua-potable-en-general-pico\\\/#primaryimage\",\"url\":\"https:\\\/\\\/patagoniambiental.com.ar\\\/info\\\/wp-content\\\/uploads\\\/2023\\\/02\\\/Sin-titulo-3.png\",\"contentUrl\":\"https:\\\/\\\/patagoniambiental.com.ar\\\/info\\\/wp-content\\\/uploads\\\/2023\\\/02\\\/Sin-titulo-3.png\",\"width\":839,\"height\":429},{\"@type\":\"BreadcrumbList\",\"@id\":\"https:\\\/\\\/patagoniambiental.com.ar\\\/info\\\/avanza-la-obra-de-la-nueva-cisterna-para-agua-potable-en-general-pico\\\/#breadcrumb\",\"itemListElement\":[{\"@type\":\"ListItem\",\"position\":1,\"name\":\"Inicio\",\"item\":\"https:\\\/\\\/patagoniambiental.com.ar\\\/info\\\/\"},{\"@type\":\"ListItem\",\"position\":2,\"name\":\"Avanza la obra de la nueva cisterna para agua potable en General Pico\"}]},{\"@type\":\"WebSite\",\"@id\":\"https:\\\/\\\/patagoniambiental.com.ar\\\/info\\\/#website\",\"url\":\"https:\\\/\\\/patagoniambiental.com.ar\\\/info\\\/\",\"name\":\"Patagonia Ambiental\",\"description\":\"Monitoreo y an\u00e1lisis de la situaci\u00f3n geopol\u00edtica en el mundo y su implicancia en la Patagonia\",\"publisher\":{\"@id\":\"https:\\\/\\\/patagoniambiental.com.ar\\\/info\\\/#organization\"},\"potentialAction\":[{\"@type\":\"SearchAction\",\"target\":{\"@type\":\"EntryPoint\",\"urlTemplate\":\"https:\\\/\\\/patagoniambiental.com.ar\\\/info\\\/?s={search_term_string}\"},\"query-input\":{\"@type\":\"PropertyValueSpecification\",\"valueRequired\":true,\"valueName\":\"search_term_string\"}}],\"inLanguage\":\"es\"},{\"@type\":\"Organization\",\"@id\":\"https:\\\/\\\/patagoniambiental.com.ar\\\/info\\\/#organization\",\"name\":\"Patagonia Ambiental\",\"url\":\"https:\\\/\\\/patagoniambiental.com.ar\\\/info\\\/\",\"logo\":{\"@type\":\"ImageObject\",\"inLanguage\":\"es\",\"@id\":\"https:\\\/\\\/patagoniambiental.com.ar\\\/info\\\/#\\\/schema\\\/logo\\\/image\\\/\",\"url\":\"https:\\\/\\\/patagoniambiental.com.ar\\\/info\\\/wp-content\\\/uploads\\\/2025\\\/05\\\/LOGO-PATAGONIA-AMBIENTAL.png\",\"contentUrl\":\"https:\\\/\\\/patagoniambiental.com.ar\\\/info\\\/wp-content\\\/uploads\\\/2025\\\/05\\\/LOGO-PATAGONIA-AMBIENTAL.png\",\"width\":433,\"height\":250,\"caption\":\"Patagonia Ambiental\"},\"image\":{\"@id\":\"https:\\\/\\\/patagoniambiental.com.ar\\\/info\\\/#\\\/schema\\\/logo\\\/image\\\/\"},\"sameAs\":[\"https:\\\/\\\/www.facebook.com\\\/patagonia.ambiental\",\"https:\\\/\\\/x.com\\\/PatAmb\"]},{\"@type\":\"Person\",\"@id\":\"https:\\\/\\\/patagoniambiental.com.ar\\\/info\\\/#\\\/schema\\\/person\\\/e5af09d700b2e82cb10c6b8800e0c691\",\"name\":\"BRAIAN ESTEVEZ\",\"sameAs\":[\"http:\\\/\\\/www.patagoniambiental.com.ar\"]}]}<\/script>\n<!-- \/ Yoast SEO Premium plugin. -->","yoast_head_json":{"title":"Avanza la obra de la nueva cisterna para agua potable en General Pico","robots":{"index":"index","follow":"follow","max-snippet":"max-snippet:-1","max-image-preview":"max-image-preview:large","max-video-preview":"max-video-preview:-1"},"canonical":"https:\/\/patagoniambiental.com.ar\/info\/avanza-la-obra-de-la-nueva-cisterna-para-agua-potable-en-general-pico\/","og_locale":"es_ES","og_type":"article","og_title":"Avanza la obra de la nueva cisterna para agua potable en General Pico","og_url":"https:\/\/patagoniambiental.com.ar\/info\/avanza-la-obra-de-la-nueva-cisterna-para-agua-potable-en-general-pico\/","og_site_name":"Patagonia Ambiental","article_publisher":"https:\/\/www.facebook.com\/patagonia.ambiental","article_published_time":"2023-02-09T10:00:00+00:00","article_modified_time":"2024-08-19T02:31:24+00:00","og_image":[{"width":839,"height":429,"url":"https:\/\/patagoniambiental.com.ar\/info\/wp-content\/uploads\/2023\/02\/Sin-titulo-3.png","type":"image\/png"}],"author":"BRAIAN ESTEVEZ","twitter_card":"summary_large_image","twitter_creator":"@PatAmb","twitter_site":"@PatAmb","schema":{"@context":"https:\/\/schema.org","@graph":[{"@type":"Article","@id":"https:\/\/patagoniambiental.com.ar\/info\/avanza-la-obra-de-la-nueva-cisterna-para-agua-potable-en-general-pico\/#article","isPartOf":{"@id":"https:\/\/patagoniambiental.com.ar\/info\/avanza-la-obra-de-la-nueva-cisterna-para-agua-potable-en-general-pico\/"},"author":{"name":"BRAIAN ESTEVEZ","@id":"https:\/\/patagoniambiental.com.ar\/info\/#\/schema\/person\/e5af09d700b2e82cb10c6b8800e0c691"},"headline":"Avanza la obra de la nueva cisterna para agua potable en General Pico","datePublished":"2023-02-09T10:00:00+00:00","dateModified":"2024-08-19T02:31:24+00:00","mainEntityOfPage":{"@id":"https:\/\/patagoniambiental.com.ar\/info\/avanza-la-obra-de-la-nueva-cisterna-para-agua-potable-en-general-pico\/"},"wordCount":577,"commentCount":0,"publisher":{"@id":"https:\/\/patagoniambiental.com.ar\/info\/#organization"},"image":{"@id":"https:\/\/patagoniambiental.com.ar\/info\/avanza-la-obra-de-la-nueva-cisterna-para-agua-potable-en-general-pico\/#primaryimage"},"thumbnailUrl":"https:\/\/patagoniambiental.com.ar\/info\/wp-content\/uploads\/2023\/02\/Sin-titulo-3.png","articleSection":["Bolet\u00edn","La Pampa","Noticias","Provinciales","Rotador"],"inLanguage":"es","potentialAction":[{"@type":"CommentAction","name":"Comment","target":["https:\/\/patagoniambiental.com.ar\/info\/avanza-la-obra-de-la-nueva-cisterna-para-agua-potable-en-general-pico\/#respond"]}]},{"@type":"WebPage","@id":"https:\/\/patagoniambiental.com.ar\/info\/avanza-la-obra-de-la-nueva-cisterna-para-agua-potable-en-general-pico\/","url":"https:\/\/patagoniambiental.com.ar\/info\/avanza-la-obra-de-la-nueva-cisterna-para-agua-potable-en-general-pico\/","name":"Avanza la obra de la nueva cisterna para agua potable en General Pico","isPartOf":{"@id":"https:\/\/patagoniambiental.com.ar\/info\/#website"},"primaryImageOfPage":{"@id":"https:\/\/patagoniambiental.com.ar\/info\/avanza-la-obra-de-la-nueva-cisterna-para-agua-potable-en-general-pico\/#primaryimage"},"image":{"@id":"https:\/\/patagoniambiental.com.ar\/info\/avanza-la-obra-de-la-nueva-cisterna-para-agua-potable-en-general-pico\/#primaryimage"},"thumbnailUrl":"https:\/\/patagoniambiental.com.ar\/info\/wp-content\/uploads\/2023\/02\/Sin-titulo-3.png","datePublished":"2023-02-09T10:00:00+00:00","dateModified":"2024-08-19T02:31:24+00:00","breadcrumb":{"@id":"https:\/\/patagoniambiental.com.ar\/info\/avanza-la-obra-de-la-nueva-cisterna-para-agua-potable-en-general-pico\/#breadcrumb"},"inLanguage":"es","potentialAction":[{"@type":"ReadAction","target":["https:\/\/patagoniambiental.com.ar\/info\/avanza-la-obra-de-la-nueva-cisterna-para-agua-potable-en-general-pico\/"]}]},{"@type":"ImageObject","inLanguage":"es","@id":"https:\/\/patagoniambiental.com.ar\/info\/avanza-la-obra-de-la-nueva-cisterna-para-agua-potable-en-general-pico\/#primaryimage","url":"https:\/\/patagoniambiental.com.ar\/info\/wp-content\/uploads\/2023\/02\/Sin-titulo-3.png","contentUrl":"https:\/\/patagoniambiental.com.ar\/info\/wp-content\/uploads\/2023\/02\/Sin-titulo-3.png","width":839,"height":429},{"@type":"BreadcrumbList","@id":"https:\/\/patagoniambiental.com.ar\/info\/avanza-la-obra-de-la-nueva-cisterna-para-agua-potable-en-general-pico\/#breadcrumb","itemListElement":[{"@type":"ListItem","position":1,"name":"Inicio","item":"https:\/\/patagoniambiental.com.ar\/info\/"},{"@type":"ListItem","position":2,"name":"Avanza la obra de la nueva cisterna para agua potable en General Pico"}]},{"@type":"WebSite","@id":"https:\/\/patagoniambiental.com.ar\/info\/#website","url":"https:\/\/patagoniambiental.com.ar\/info\/","name":"Patagonia Ambiental","description":"Monitoreo y an\u00e1lisis de la situaci\u00f3n geopol\u00edtica en el mundo y su implicancia en la Patagonia","publisher":{"@id":"https:\/\/patagoniambiental.com.ar\/info\/#organization"},"potentialAction":[{"@type":"SearchAction","target":{"@type":"EntryPoint","urlTemplate":"https:\/\/patagoniambiental.com.ar\/info\/?s={search_term_string}"},"query-input":{"@type":"PropertyValueSpecification","valueRequired":true,"valueName":"search_term_string"}}],"inLanguage":"es"},{"@type":"Organization","@id":"https:\/\/patagoniambiental.com.ar\/info\/#organization","name":"Patagonia Ambiental","url":"https:\/\/patagoniambiental.com.ar\/info\/","logo":{"@type":"ImageObject","inLanguage":"es","@id":"https:\/\/patagoniambiental.com.ar\/info\/#\/schema\/logo\/image\/","url":"https:\/\/patagoniambiental.com.ar\/info\/wp-content\/uploads\/2025\/05\/LOGO-PATAGONIA-AMBIENTAL.png","contentUrl":"https:\/\/patagoniambiental.com.ar\/info\/wp-content\/uploads\/2025\/05\/LOGO-PATAGONIA-AMBIENTAL.png","width":433,"height":250,"caption":"Patagonia Ambiental"},"image":{"@id":"https:\/\/patagoniambiental.com.ar\/info\/#\/schema\/logo\/image\/"},"sameAs":["https:\/\/www.facebook.com\/patagonia.ambiental","https:\/\/x.com\/PatAmb"]},{"@type":"Person","@id":"https:\/\/patagoniambiental.com.ar\/info\/#\/schema\/person\/e5af09d700b2e82cb10c6b8800e0c691","name":"BRAIAN ESTEVEZ","sameAs":["http:\/\/www.patagoniambiental.com.ar"]}]}},"_links":{"self":[{"href":"https:\/\/patagoniambiental.com.ar\/info\/wp-json\/wp\/v2\/posts\/76875","targetHints":{"allow":["GET"]}}],"collection":[{"href":"https:\/\/patagoniambiental.com.ar\/info\/wp-json\/wp\/v2\/posts"}],"about":[{"href":"https:\/\/patagoniambiental.com.ar\/info\/wp-json\/wp\/v2\/types\/post"}],"author":[{"embeddable":true,"href":"https:\/\/patagoniambiental.com.ar\/info\/wp-json\/wp\/v2\/users\/6"}],"replies":[{"embeddable":true,"href":"https:\/\/patagoniambiental.com.ar\/info\/wp-json\/wp\/v2\/comments?post=76875"}],"version-history":[{"count":0,"href":"https:\/\/patagoniambiental.com.ar\/info\/wp-json\/wp\/v2\/posts\/76875\/revisions"}],"wp:featuredmedia":[{"embeddable":true,"href":"https:\/\/patagoniambiental.com.ar\/info\/wp-json\/wp\/v2\/media\/76876"}],"wp:attachment":[{"href":"https:\/\/patagoniambiental.com.ar\/info\/wp-json\/wp\/v2\/media?parent=76875"}],"wp:term":[{"taxonomy":"category","embeddable":true,"href":"https:\/\/patagoniambiental.com.ar\/info\/wp-json\/wp\/v2\/categories?post=76875"},{"taxonomy":"post_tag","embeddable":true,"href":"https:\/\/patagoniambiental.com.ar\/info\/wp-json\/wp\/v2\/tags?post=76875"}],"curies":[{"name":"wp","href":"https:\/\/api.w.org\/{rel}","templated":true}]}}