{"id":76881,"date":"2023-02-08T19:00:00","date_gmt":"2023-02-08T22:00:00","guid":{"rendered":"http:\/\/patagoniambiental.com.ar\/info\/?p=76881"},"modified":"2024-08-18T23:31:53","modified_gmt":"2024-08-19T02:31:53","slug":"se-construira-en-tierra-del-fuego-el-primer-centro-interinstitucional-en-temas-antarticos","status":"publish","type":"post","link":"https:\/\/patagoniambiental.com.ar\/info\/se-construira-en-tierra-del-fuego-el-primer-centro-interinstitucional-en-temas-antarticos\/","title":{"rendered":"Se construir\u00e1 en Tierra del Fuego el primer Centro Interinstitucional en Temas Ant\u00e1rticos"},"content":{"rendered":"\n<!--more-->\n\n\n\n<figure class=\"wp-block-image\"><a href=\"https:\/\/www.pampazul.gob.ar\/se-construira-en-tierra-del-fuego-el-primer-centro-interinstitucional-en-temas-antarticos\/\"><img decoding=\"async\" src=\"https:\/\/www.pampazul.gob.ar\/wp-content\/uploads\/2023\/02\/CITEAS.png\" alt=\"\"\/><\/a><\/figure>\n\n\n\n<h4 class=\"wp-block-heading\" id=\"h-el-ministro-de-ciencia-daniel-filmus-firmo-la-resolucion-por-la-cual-el-ministerio-transfiere-a-la-universidad-nacional-de-tierra-del-fuego-la-suma-de-292-111-920-millones-de-pesos-para-el-comienzo-de-la-obra-el-nuevo-centro-busca-contribuir-al-fortalecimiento-de-la-soberania-argentina-a-traves-de-la-generacion-de-conocimientos-basicos-y-aplicados-en-temas-estrategicos-de-la-region-antartica-y-subantartica\">El Ministro de Ciencia, Daniel Filmus, firm\u00f3 la resoluci\u00f3n por la cual el Ministerio transfiere a la Universidad Nacional de Tierra del Fuego la suma de $292.111.920 millones de pesos para el comienzo de la obra. El nuevo centro busca contribuir al fortalecimiento de la soberan\u00eda argentina, a trav\u00e9s de la generaci\u00f3n de conocimientos b\u00e1sicos y aplicados en temas estrat\u00e9gicos de la regi\u00f3n ant\u00e1rtica y subant\u00e1rtica.<\/h4>\n\n\n\n<figure class=\"wp-block-image\"><img decoding=\"async\" src=\"https:\/\/www.pampazul.gob.ar\/wp-content\/uploads\/2023\/02\/CITEAS-1024x264.png\" alt=\"\" class=\"wp-image-7411\"\/><figcaption class=\"wp-element-caption\">El CITEAS ser\u00e1 construido en la ciudad de Ushuaia, Tierra del Fuego.<\/figcaption><\/figure>\n\n\n\n<p>Desde 1904 la Argentina cuenta con presencia ininterrumpida en el continente ant\u00e1rtico, un aval de nuestra soberan\u00eda en este territorio. Nuestro pa\u00eds fund\u00f3 la 1\u00b0 base ant\u00e1rtica de investigaci\u00f3n cient\u00edfica en la Ant\u00e1rtida, y es el pa\u00eds el que tiene m\u00e1s bases, m\u00e1s antig\u00fcedad en el sector y uno de los que lleva adelante m\u00e1s actividades de investigaci\u00f3n cient\u00edfica. En ese contexto, el Ministerio de Ciencia, Tecnolog\u00eda e Innovaci\u00f3n invertir\u00e1 la suma de $973.706.400 millones de pesos para la construcci\u00f3n del edificio que albergar\u00e1 al flamante Centro Interinstitucional en Temas Estrat\u00e9gicos Ant\u00e1rticos y Subant\u00e1rticos (CITEAS) en la ciudad de Ushuaia, Provincia de Tierra del Fuego, Ant\u00e1rtida e Islas del Atl\u00e1ntico Sur. Esta inicitiva es parte del Programa de Centros Interinstitucionales en Temas Estrat\u00e9gicos (CITEs) cuyo objetivo es promover la asociaci\u00f3n multidisciplinaria de centros de investigaci\u00f3n para la conformaci\u00f3n de centros interinstitucionales y as\u00ed complementar capacidades y recursos en torno a una problem\u00e1tica o tema estrat\u00e9gico.<\/p>\n\n\n\n<p>El ministro Filmus sostuvo que la resoluci\u00f3n \u201cmarca el compromiso que desde el comienzo de su gesti\u00f3n el Gobierno Nacional ha tenido con los temas ant\u00e1rticos. Este nuevo centro interinstitucional tiene que ver con consolidar la soberan\u00eda bicontinental argentina, fortalecer las capacidades de investigaci\u00f3n y trabajo de nuestras cient\u00edficas y cient\u00edficos, defender el medio ambiente y cuidar las riquezas naturales. Adem\u00e1s, la construcci\u00f3n del CITEAS en la Ciudad de Ushuaia va de la mano de un objetivo central para nosotros que es la federalizaci\u00f3n de la ciencia y el convencimiento de que estos temas deben investigarse en el territorio con una exhaustiva articulaci\u00f3n interinstitucional en la que est\u00e9n presentes todos los actores\u201d.<\/p>\n\n\n\n<p>Las instituciones que participan del Centro Interinstitucional en Temas Estrat\u00e9gicos Ant\u00e1rticos y Subant\u00e1rticos son: el Centro Austral de Investigaciones Cient\u00edficas (CADIC-CONICET); el Instituto Ant\u00e1rtico Argentino del Ministerio de Relaciones Exteriores, Comercio Internacional y Culto (IAA-MRECIC); la Universidad Nacional de Tierra del Fuego, Ant\u00e1rtida e Islas del Atl\u00e1ntico Sur (UNTDF); la Universidad Tecnol\u00f3gica Nacional \u2013 Facultad Regional Tierra del Fuego (UTN-FRTDF); el Instituto de Investigaci\u00f3n y Desarrollo Pesquero (INIDEP); la Administraci\u00f3n de Parques Nacionales (APN); el Gobierno de la Provincia de Tierra del Fuego, Ant\u00e1rtida e Islas del Atl\u00e1ntico Sur; y la Municipalidad de la Ciudad de Ushuaia.<\/p>\n\n\n\n<p>Entre sus objetivos se encuentran:<\/p>\n\n\n\n<ul class=\"wp-block-list\">\n<li>Producir conocimiento interdisciplinario sobre los ecosistemas marinos y terrestres de la Provincia de Tierra del Fuego, Ant\u00e1rtida e Islas del Atl\u00e1ntico Sur, y el Atl\u00e1ntico Sur, en el marco de la problem\u00e1tica del cambio clim\u00e1tico global, impactos de origen antr\u00f3pico y el desarrollo de biotecnolog\u00edas marinas.<\/li>\n\n\n\n<li>Posicionar a Tierra del Fuego, AeIAS, y espec\u00edficamente a Ushuaia, en su rol de puerta de entrada a la Ant\u00e1rtida, a partir del desarrollo de tecnolog\u00edas sustentables, log\u00edstica, comunicaci\u00f3n y articulaci\u00f3n con actores p\u00fablicos y privados, nacionales e internacionales.<\/li>\n\n\n\n<li>Generar conocimiento interdisciplinario sobre los procesos sociohist\u00f3ricos relacionados con las desigualdades, conflictos sociales y pol\u00edticos y la matriz productiva de la regi\u00f3n, entre otros.<\/li>\n\n\n\n<li>Contribuir a la formaci\u00f3n de recursos humanos altamente calificados, especializados en la tem\u00e1tica.<\/li>\n\n\n\n<li>Contribuir a la construcci\u00f3n del sentido de pertenencia austral y ant\u00e1rtica, al resguardo y puesta en valor del patrimonio natural y cultural de la regi\u00f3n Ant\u00e1rtica y Sub-Ant\u00e1rtica, y de sus conexiones hist\u00f3ricas con Tierra del Fuego, AeIAS, a trav\u00e9s de la divulgaci\u00f3n y la popularizaci\u00f3n de la ciencia argentina, aportando al sistema educativo en lo relativo a la regi\u00f3n.<\/li>\n\n\n\n<li><\/li>\n\n\n\n<li>Fuente: www.pampazul.gob.ar<\/li>\n<\/ul>\n","protected":false},"excerpt":{"rendered":"","protected":false},"author":6,"featured_media":76882,"comment_status":"open","ping_status":"open","sticky":false,"template":"","format":"standard","meta":{"site-sidebar-layout":"default","site-content-layout":"","ast-site-content-layout":"default","site-content-style":"default","site-sidebar-style":"default","ast-global-header-display":"","ast-banner-title-visibility":"","ast-main-header-display":"","ast-hfb-above-header-display":"","ast-hfb-below-header-display":"","ast-hfb-mobile-header-display":"","site-post-title":"","ast-breadcrumbs-content":"","ast-featured-img":"","footer-sml-layout":"","ast-disable-related-posts":"","theme-transparent-header-meta":"","adv-header-id-meta":"","stick-header-meta":"","header-above-stick-meta":"","header-main-stick-meta":"","header-below-stick-meta":"","astra-migrate-meta-layouts":"default","ast-page-background-enabled":"default","ast-page-background-meta":{"desktop":{"background-color":"var(--ast-global-color-5)","background-image":"","background-repeat":"repeat","background-position":"center center","background-size":"auto","background-attachment":"scroll","background-type":"","background-media":"","overlay-type":"","overlay-color":"","overlay-opacity":"","overlay-gradient":""},"tablet":{"background-color":"","background-image":"","background-repeat":"repeat","background-position":"center center","background-size":"auto","background-attachment":"scroll","background-type":"","background-media":"","overlay-type":"","overlay-color":"","overlay-opacity":"","overlay-gradient":""},"mobile":{"background-color":"","background-image":"","background-repeat":"repeat","background-position":"center center","background-size":"auto","background-attachment":"scroll","background-type":"","background-media":"","overlay-type":"","overlay-color":"","overlay-opacity":"","overlay-gradient":""}},"ast-content-background-meta":{"desktop":{"background-color":"var(--ast-global-color-4)","background-image":"","background-repeat":"repeat","background-position":"center center","background-size":"auto","background-attachment":"scroll","background-type":"","background-media":"","overlay-type":"","overlay-color":"","overlay-opacity":"","overlay-gradient":""},"tablet":{"background-color":"var(--ast-global-color-4)","background-image":"","background-repeat":"repeat","background-position":"center center","background-size":"auto","background-attachment":"scroll","background-type":"","background-media":"","overlay-type":"","overlay-color":"","overlay-opacity":"","overlay-gradient":""},"mobile":{"background-color":"var(--ast-global-color-4)","background-image":"","background-repeat":"repeat","background-position":"center center","background-size":"auto","background-attachment":"scroll","background-type":"","background-media":"","overlay-type":"","overlay-color":"","overlay-opacity":"","overlay-gradient":""}},"footnotes":""},"categories":[11,1,13,10,25],"tags":[],"class_list":["post-76881","post","type-post","status-publish","format-standard","has-post-thumbnail","hentry","category-boletin","category-noticias","category-provinciales","category-rotador","category-tierra-del-fuego"],"yoast_head":"<!-- This site is optimized with the Yoast SEO Premium plugin v23.0 (Yoast SEO v27.5) - https:\/\/yoast.com\/product\/yoast-seo-premium-wordpress\/ -->\n<title>Se construir\u00e1 en Tierra del Fuego el primer Centro Interinstitucional en Temas Ant\u00e1rticos<\/title>\n<meta name=\"robots\" content=\"index, follow, max-snippet:-1, max-image-preview:large, max-video-preview:-1\" \/>\n<link rel=\"canonical\" href=\"https:\/\/patagoniambiental.com.ar\/info\/se-construira-en-tierra-del-fuego-el-primer-centro-interinstitucional-en-temas-antarticos\/\" \/>\n<meta property=\"og:locale\" content=\"es_ES\" \/>\n<meta property=\"og:type\" content=\"article\" \/>\n<meta property=\"og:title\" content=\"Se construir\u00e1 en Tierra del Fuego el primer Centro Interinstitucional en Temas Ant\u00e1rticos\" \/>\n<meta property=\"og:url\" content=\"https:\/\/patagoniambiental.com.ar\/info\/se-construira-en-tierra-del-fuego-el-primer-centro-interinstitucional-en-temas-antarticos\/\" \/>\n<meta property=\"og:site_name\" content=\"Patagonia Ambiental\" \/>\n<meta property=\"article:publisher\" content=\"https:\/\/www.facebook.com\/patagonia.ambiental\" \/>\n<meta property=\"article:published_time\" content=\"2023-02-08T22:00:00+00:00\" \/>\n<meta property=\"article:modified_time\" content=\"2024-08-19T02:31:53+00:00\" \/>\n<meta property=\"og:image\" content=\"https:\/\/patagoniambiental.com.ar\/info\/wp-content\/uploads\/2023\/02\/CITEAS.png\" \/>\n\t<meta property=\"og:image:width\" content=\"1337\" \/>\n\t<meta property=\"og:image:height\" content=\"345\" \/>\n\t<meta property=\"og:image:type\" content=\"image\/png\" \/>\n<meta name=\"author\" content=\"BRAIAN ESTEVEZ\" \/>\n<meta name=\"twitter:card\" content=\"summary_large_image\" \/>\n<meta name=\"twitter:creator\" content=\"@PatAmb\" \/>\n<meta name=\"twitter:site\" content=\"@PatAmb\" \/>\n<script type=\"application\/ld+json\" class=\"yoast-schema-graph\">{\"@context\":\"https:\\\/\\\/schema.org\",\"@graph\":[{\"@type\":\"Article\",\"@id\":\"https:\\\/\\\/patagoniambiental.com.ar\\\/info\\\/se-construira-en-tierra-del-fuego-el-primer-centro-interinstitucional-en-temas-antarticos\\\/#article\",\"isPartOf\":{\"@id\":\"https:\\\/\\\/patagoniambiental.com.ar\\\/info\\\/se-construira-en-tierra-del-fuego-el-primer-centro-interinstitucional-en-temas-antarticos\\\/\"},\"author\":{\"name\":\"BRAIAN ESTEVEZ\",\"@id\":\"https:\\\/\\\/patagoniambiental.com.ar\\\/info\\\/#\\\/schema\\\/person\\\/e5af09d700b2e82cb10c6b8800e0c691\"},\"headline\":\"Se construir\u00e1 en Tierra del Fuego el primer Centro Interinstitucional en Temas Ant\u00e1rticos\",\"datePublished\":\"2023-02-08T22:00:00+00:00\",\"dateModified\":\"2024-08-19T02:31:53+00:00\",\"mainEntityOfPage\":{\"@id\":\"https:\\\/\\\/patagoniambiental.com.ar\\\/info\\\/se-construira-en-tierra-del-fuego-el-primer-centro-interinstitucional-en-temas-antarticos\\\/\"},\"wordCount\":733,\"commentCount\":0,\"publisher\":{\"@id\":\"https:\\\/\\\/patagoniambiental.com.ar\\\/info\\\/#organization\"},\"image\":{\"@id\":\"https:\\\/\\\/patagoniambiental.com.ar\\\/info\\\/se-construira-en-tierra-del-fuego-el-primer-centro-interinstitucional-en-temas-antarticos\\\/#primaryimage\"},\"thumbnailUrl\":\"https:\\\/\\\/patagoniambiental.com.ar\\\/info\\\/wp-content\\\/uploads\\\/2023\\\/02\\\/CITEAS.png\",\"articleSection\":[\"Bolet\u00edn\",\"Noticias\",\"Provinciales\",\"Rotador\",\"Tierra del Fuego\"],\"inLanguage\":\"es\",\"potentialAction\":[{\"@type\":\"CommentAction\",\"name\":\"Comment\",\"target\":[\"https:\\\/\\\/patagoniambiental.com.ar\\\/info\\\/se-construira-en-tierra-del-fuego-el-primer-centro-interinstitucional-en-temas-antarticos\\\/#respond\"]}]},{\"@type\":\"WebPage\",\"@id\":\"https:\\\/\\\/patagoniambiental.com.ar\\\/info\\\/se-construira-en-tierra-del-fuego-el-primer-centro-interinstitucional-en-temas-antarticos\\\/\",\"url\":\"https:\\\/\\\/patagoniambiental.com.ar\\\/info\\\/se-construira-en-tierra-del-fuego-el-primer-centro-interinstitucional-en-temas-antarticos\\\/\",\"name\":\"Se construir\u00e1 en Tierra del Fuego el primer Centro Interinstitucional en Temas Ant\u00e1rticos\",\"isPartOf\":{\"@id\":\"https:\\\/\\\/patagoniambiental.com.ar\\\/info\\\/#website\"},\"primaryImageOfPage\":{\"@id\":\"https:\\\/\\\/patagoniambiental.com.ar\\\/info\\\/se-construira-en-tierra-del-fuego-el-primer-centro-interinstitucional-en-temas-antarticos\\\/#primaryimage\"},\"image\":{\"@id\":\"https:\\\/\\\/patagoniambiental.com.ar\\\/info\\\/se-construira-en-tierra-del-fuego-el-primer-centro-interinstitucional-en-temas-antarticos\\\/#primaryimage\"},\"thumbnailUrl\":\"https:\\\/\\\/patagoniambiental.com.ar\\\/info\\\/wp-content\\\/uploads\\\/2023\\\/02\\\/CITEAS.png\",\"datePublished\":\"2023-02-08T22:00:00+00:00\",\"dateModified\":\"2024-08-19T02:31:53+00:00\",\"breadcrumb\":{\"@id\":\"https:\\\/\\\/patagoniambiental.com.ar\\\/info\\\/se-construira-en-tierra-del-fuego-el-primer-centro-interinstitucional-en-temas-antarticos\\\/#breadcrumb\"},\"inLanguage\":\"es\",\"potentialAction\":[{\"@type\":\"ReadAction\",\"target\":[\"https:\\\/\\\/patagoniambiental.com.ar\\\/info\\\/se-construira-en-tierra-del-fuego-el-primer-centro-interinstitucional-en-temas-antarticos\\\/\"]}]},{\"@type\":\"ImageObject\",\"inLanguage\":\"es\",\"@id\":\"https:\\\/\\\/patagoniambiental.com.ar\\\/info\\\/se-construira-en-tierra-del-fuego-el-primer-centro-interinstitucional-en-temas-antarticos\\\/#primaryimage\",\"url\":\"https:\\\/\\\/patagoniambiental.com.ar\\\/info\\\/wp-content\\\/uploads\\\/2023\\\/02\\\/CITEAS.png\",\"contentUrl\":\"https:\\\/\\\/patagoniambiental.com.ar\\\/info\\\/wp-content\\\/uploads\\\/2023\\\/02\\\/CITEAS.png\",\"width\":1337,\"height\":345},{\"@type\":\"BreadcrumbList\",\"@id\":\"https:\\\/\\\/patagoniambiental.com.ar\\\/info\\\/se-construira-en-tierra-del-fuego-el-primer-centro-interinstitucional-en-temas-antarticos\\\/#breadcrumb\",\"itemListElement\":[{\"@type\":\"ListItem\",\"position\":1,\"name\":\"Inicio\",\"item\":\"https:\\\/\\\/patagoniambiental.com.ar\\\/info\\\/\"},{\"@type\":\"ListItem\",\"position\":2,\"name\":\"Se construir\u00e1 en Tierra del Fuego el primer Centro Interinstitucional en Temas Ant\u00e1rticos\"}]},{\"@type\":\"WebSite\",\"@id\":\"https:\\\/\\\/patagoniambiental.com.ar\\\/info\\\/#website\",\"url\":\"https:\\\/\\\/patagoniambiental.com.ar\\\/info\\\/\",\"name\":\"Patagonia Ambiental\",\"description\":\"Monitoreo y an\u00e1lisis de la situaci\u00f3n geopol\u00edtica en el mundo y su implicancia en la Patagonia\",\"publisher\":{\"@id\":\"https:\\\/\\\/patagoniambiental.com.ar\\\/info\\\/#organization\"},\"potentialAction\":[{\"@type\":\"SearchAction\",\"target\":{\"@type\":\"EntryPoint\",\"urlTemplate\":\"https:\\\/\\\/patagoniambiental.com.ar\\\/info\\\/?s={search_term_string}\"},\"query-input\":{\"@type\":\"PropertyValueSpecification\",\"valueRequired\":true,\"valueName\":\"search_term_string\"}}],\"inLanguage\":\"es\"},{\"@type\":\"Organization\",\"@id\":\"https:\\\/\\\/patagoniambiental.com.ar\\\/info\\\/#organization\",\"name\":\"Patagonia Ambiental\",\"url\":\"https:\\\/\\\/patagoniambiental.com.ar\\\/info\\\/\",\"logo\":{\"@type\":\"ImageObject\",\"inLanguage\":\"es\",\"@id\":\"https:\\\/\\\/patagoniambiental.com.ar\\\/info\\\/#\\\/schema\\\/logo\\\/image\\\/\",\"url\":\"https:\\\/\\\/patagoniambiental.com.ar\\\/info\\\/wp-content\\\/uploads\\\/2025\\\/05\\\/LOGO-PATAGONIA-AMBIENTAL.png\",\"contentUrl\":\"https:\\\/\\\/patagoniambiental.com.ar\\\/info\\\/wp-content\\\/uploads\\\/2025\\\/05\\\/LOGO-PATAGONIA-AMBIENTAL.png\",\"width\":433,\"height\":250,\"caption\":\"Patagonia Ambiental\"},\"image\":{\"@id\":\"https:\\\/\\\/patagoniambiental.com.ar\\\/info\\\/#\\\/schema\\\/logo\\\/image\\\/\"},\"sameAs\":[\"https:\\\/\\\/www.facebook.com\\\/patagonia.ambiental\",\"https:\\\/\\\/x.com\\\/PatAmb\"]},{\"@type\":\"Person\",\"@id\":\"https:\\\/\\\/patagoniambiental.com.ar\\\/info\\\/#\\\/schema\\\/person\\\/e5af09d700b2e82cb10c6b8800e0c691\",\"name\":\"BRAIAN ESTEVEZ\",\"sameAs\":[\"http:\\\/\\\/www.patagoniambiental.com.ar\"]}]}<\/script>\n<!-- \/ Yoast SEO Premium plugin. -->","yoast_head_json":{"title":"Se construir\u00e1 en Tierra del Fuego el primer Centro Interinstitucional en Temas Ant\u00e1rticos","robots":{"index":"index","follow":"follow","max-snippet":"max-snippet:-1","max-image-preview":"max-image-preview:large","max-video-preview":"max-video-preview:-1"},"canonical":"https:\/\/patagoniambiental.com.ar\/info\/se-construira-en-tierra-del-fuego-el-primer-centro-interinstitucional-en-temas-antarticos\/","og_locale":"es_ES","og_type":"article","og_title":"Se construir\u00e1 en Tierra del Fuego el primer Centro Interinstitucional en Temas Ant\u00e1rticos","og_url":"https:\/\/patagoniambiental.com.ar\/info\/se-construira-en-tierra-del-fuego-el-primer-centro-interinstitucional-en-temas-antarticos\/","og_site_name":"Patagonia Ambiental","article_publisher":"https:\/\/www.facebook.com\/patagonia.ambiental","article_published_time":"2023-02-08T22:00:00+00:00","article_modified_time":"2024-08-19T02:31:53+00:00","og_image":[{"width":1337,"height":345,"url":"https:\/\/patagoniambiental.com.ar\/info\/wp-content\/uploads\/2023\/02\/CITEAS.png","type":"image\/png"}],"author":"BRAIAN ESTEVEZ","twitter_card":"summary_large_image","twitter_creator":"@PatAmb","twitter_site":"@PatAmb","schema":{"@context":"https:\/\/schema.org","@graph":[{"@type":"Article","@id":"https:\/\/patagoniambiental.com.ar\/info\/se-construira-en-tierra-del-fuego-el-primer-centro-interinstitucional-en-temas-antarticos\/#article","isPartOf":{"@id":"https:\/\/patagoniambiental.com.ar\/info\/se-construira-en-tierra-del-fuego-el-primer-centro-interinstitucional-en-temas-antarticos\/"},"author":{"name":"BRAIAN ESTEVEZ","@id":"https:\/\/patagoniambiental.com.ar\/info\/#\/schema\/person\/e5af09d700b2e82cb10c6b8800e0c691"},"headline":"Se construir\u00e1 en Tierra del Fuego el primer Centro Interinstitucional en Temas Ant\u00e1rticos","datePublished":"2023-02-08T22:00:00+00:00","dateModified":"2024-08-19T02:31:53+00:00","mainEntityOfPage":{"@id":"https:\/\/patagoniambiental.com.ar\/info\/se-construira-en-tierra-del-fuego-el-primer-centro-interinstitucional-en-temas-antarticos\/"},"wordCount":733,"commentCount":0,"publisher":{"@id":"https:\/\/patagoniambiental.com.ar\/info\/#organization"},"image":{"@id":"https:\/\/patagoniambiental.com.ar\/info\/se-construira-en-tierra-del-fuego-el-primer-centro-interinstitucional-en-temas-antarticos\/#primaryimage"},"thumbnailUrl":"https:\/\/patagoniambiental.com.ar\/info\/wp-content\/uploads\/2023\/02\/CITEAS.png","articleSection":["Bolet\u00edn","Noticias","Provinciales","Rotador","Tierra del Fuego"],"inLanguage":"es","potentialAction":[{"@type":"CommentAction","name":"Comment","target":["https:\/\/patagoniambiental.com.ar\/info\/se-construira-en-tierra-del-fuego-el-primer-centro-interinstitucional-en-temas-antarticos\/#respond"]}]},{"@type":"WebPage","@id":"https:\/\/patagoniambiental.com.ar\/info\/se-construira-en-tierra-del-fuego-el-primer-centro-interinstitucional-en-temas-antarticos\/","url":"https:\/\/patagoniambiental.com.ar\/info\/se-construira-en-tierra-del-fuego-el-primer-centro-interinstitucional-en-temas-antarticos\/","name":"Se construir\u00e1 en Tierra del Fuego el primer Centro Interinstitucional en Temas Ant\u00e1rticos","isPartOf":{"@id":"https:\/\/patagoniambiental.com.ar\/info\/#website"},"primaryImageOfPage":{"@id":"https:\/\/patagoniambiental.com.ar\/info\/se-construira-en-tierra-del-fuego-el-primer-centro-interinstitucional-en-temas-antarticos\/#primaryimage"},"image":{"@id":"https:\/\/patagoniambiental.com.ar\/info\/se-construira-en-tierra-del-fuego-el-primer-centro-interinstitucional-en-temas-antarticos\/#primaryimage"},"thumbnailUrl":"https:\/\/patagoniambiental.com.ar\/info\/wp-content\/uploads\/2023\/02\/CITEAS.png","datePublished":"2023-02-08T22:00:00+00:00","dateModified":"2024-08-19T02:31:53+00:00","breadcrumb":{"@id":"https:\/\/patagoniambiental.com.ar\/info\/se-construira-en-tierra-del-fuego-el-primer-centro-interinstitucional-en-temas-antarticos\/#breadcrumb"},"inLanguage":"es","potentialAction":[{"@type":"ReadAction","target":["https:\/\/patagoniambiental.com.ar\/info\/se-construira-en-tierra-del-fuego-el-primer-centro-interinstitucional-en-temas-antarticos\/"]}]},{"@type":"ImageObject","inLanguage":"es","@id":"https:\/\/patagoniambiental.com.ar\/info\/se-construira-en-tierra-del-fuego-el-primer-centro-interinstitucional-en-temas-antarticos\/#primaryimage","url":"https:\/\/patagoniambiental.com.ar\/info\/wp-content\/uploads\/2023\/02\/CITEAS.png","contentUrl":"https:\/\/patagoniambiental.com.ar\/info\/wp-content\/uploads\/2023\/02\/CITEAS.png","width":1337,"height":345},{"@type":"BreadcrumbList","@id":"https:\/\/patagoniambiental.com.ar\/info\/se-construira-en-tierra-del-fuego-el-primer-centro-interinstitucional-en-temas-antarticos\/#breadcrumb","itemListElement":[{"@type":"ListItem","position":1,"name":"Inicio","item":"https:\/\/patagoniambiental.com.ar\/info\/"},{"@type":"ListItem","position":2,"name":"Se construir\u00e1 en Tierra del Fuego el primer Centro Interinstitucional en Temas Ant\u00e1rticos"}]},{"@type":"WebSite","@id":"https:\/\/patagoniambiental.com.ar\/info\/#website","url":"https:\/\/patagoniambiental.com.ar\/info\/","name":"Patagonia Ambiental","description":"Monitoreo y an\u00e1lisis de la situaci\u00f3n geopol\u00edtica en el mundo y su implicancia en la Patagonia","publisher":{"@id":"https:\/\/patagoniambiental.com.ar\/info\/#organization"},"potentialAction":[{"@type":"SearchAction","target":{"@type":"EntryPoint","urlTemplate":"https:\/\/patagoniambiental.com.ar\/info\/?s={search_term_string}"},"query-input":{"@type":"PropertyValueSpecification","valueRequired":true,"valueName":"search_term_string"}}],"inLanguage":"es"},{"@type":"Organization","@id":"https:\/\/patagoniambiental.com.ar\/info\/#organization","name":"Patagonia Ambiental","url":"https:\/\/patagoniambiental.com.ar\/info\/","logo":{"@type":"ImageObject","inLanguage":"es","@id":"https:\/\/patagoniambiental.com.ar\/info\/#\/schema\/logo\/image\/","url":"https:\/\/patagoniambiental.com.ar\/info\/wp-content\/uploads\/2025\/05\/LOGO-PATAGONIA-AMBIENTAL.png","contentUrl":"https:\/\/patagoniambiental.com.ar\/info\/wp-content\/uploads\/2025\/05\/LOGO-PATAGONIA-AMBIENTAL.png","width":433,"height":250,"caption":"Patagonia Ambiental"},"image":{"@id":"https:\/\/patagoniambiental.com.ar\/info\/#\/schema\/logo\/image\/"},"sameAs":["https:\/\/www.facebook.com\/patagonia.ambiental","https:\/\/x.com\/PatAmb"]},{"@type":"Person","@id":"https:\/\/patagoniambiental.com.ar\/info\/#\/schema\/person\/e5af09d700b2e82cb10c6b8800e0c691","name":"BRAIAN ESTEVEZ","sameAs":["http:\/\/www.patagoniambiental.com.ar"]}]}},"_links":{"self":[{"href":"https:\/\/patagoniambiental.com.ar\/info\/wp-json\/wp\/v2\/posts\/76881","targetHints":{"allow":["GET"]}}],"collection":[{"href":"https:\/\/patagoniambiental.com.ar\/info\/wp-json\/wp\/v2\/posts"}],"about":[{"href":"https:\/\/patagoniambiental.com.ar\/info\/wp-json\/wp\/v2\/types\/post"}],"author":[{"embeddable":true,"href":"https:\/\/patagoniambiental.com.ar\/info\/wp-json\/wp\/v2\/users\/6"}],"replies":[{"embeddable":true,"href":"https:\/\/patagoniambiental.com.ar\/info\/wp-json\/wp\/v2\/comments?post=76881"}],"version-history":[{"count":0,"href":"https:\/\/patagoniambiental.com.ar\/info\/wp-json\/wp\/v2\/posts\/76881\/revisions"}],"wp:featuredmedia":[{"embeddable":true,"href":"https:\/\/patagoniambiental.com.ar\/info\/wp-json\/wp\/v2\/media\/76882"}],"wp:attachment":[{"href":"https:\/\/patagoniambiental.com.ar\/info\/wp-json\/wp\/v2\/media?parent=76881"}],"wp:term":[{"taxonomy":"category","embeddable":true,"href":"https:\/\/patagoniambiental.com.ar\/info\/wp-json\/wp\/v2\/categories?post=76881"},{"taxonomy":"post_tag","embeddable":true,"href":"https:\/\/patagoniambiental.com.ar\/info\/wp-json\/wp\/v2\/tags?post=76881"}],"curies":[{"name":"wp","href":"https:\/\/api.w.org\/{rel}","templated":true}]}}