{"id":76894,"date":"2023-02-13T07:00:00","date_gmt":"2023-02-13T10:00:00","guid":{"rendered":"http:\/\/patagoniambiental.com.ar\/info\/?p=76894"},"modified":"2024-08-18T23:28:40","modified_gmt":"2024-08-19T02:28:40","slug":"pietragalla-se-reunio-con-mapuches-y-vecinos-de-villa-mascardi-para-una-solucion-pacifica","status":"publish","type":"post","link":"https:\/\/patagoniambiental.com.ar\/info\/pietragalla-se-reunio-con-mapuches-y-vecinos-de-villa-mascardi-para-una-solucion-pacifica\/","title":{"rendered":"Pietragalla se reuni\u00f3 con mapuches y vecinos de Villa Mascardi para una soluci\u00f3n pac\u00edfica"},"content":{"rendered":"\n<!--more-->\n\n\n\n<h4 class=\"wp-block-heading\" id=\"h-el-secretario-de-derechos-humanos-nbsp-mantuvo-este-viernes-en-bariloche-reuniones-con-representantes-de-comunidades-mapuches-de-rio-negro-chubut-y-neuquen\">El secretario de Derechos Humanos&nbsp;mantuvo este viernes en Bariloche reuniones con representantes de comunidades mapuches de R\u00edo Negro, Chubut y Neuqu\u00e9n.<\/h4>\n\n\n\n<figure class=\"wp-block-image\"><img decoding=\"async\" src=\"https:\/\/media.cdn.eldestapeweb.com\/eldestape\/022023\/1676119759119.webp?cw=770&amp;ch=440&amp;extw=jpg\" alt=\"Pietragalla se reuni\u00f3 con mapuches y vecinos de Villa Mascardi para una soluci\u00f3n pac\u00edfica\"\/><\/figure>\n\n\n\n<p>El secretario de Derechos Humanos, <strong>Horacio Pietragalla Corti<\/strong>, mantuvo este viernes en <strong>Bariloche <\/strong>reuniones con<strong> representantes de comunidades mapuches de R\u00edo Negro, Chubut y Neuqu\u00e9n<\/strong>, y luego con vecinos de<strong> <a href=\"https:\/\/www.eldestapeweb.com\/tag\/villa-mascardi\">Villa Mascardi<\/a> \u00aben busca de una resoluci\u00f3n pac\u00edfica del conflicto\u00bb que afecta la regi\u00f3n.<\/strong><br><br>\u00abEn dos semanas se realizar\u00e1 una nueva reuni\u00f3n para seguir trabajando de forma conjunta, a trav\u00e9s del di\u00e1logo, en la resoluci\u00f3n pac\u00edfica de los conflictos\u00bb, se\u00f1al\u00f3 Pietragalla Corti en un mensaje publicado en su cuenta de la red social Twitter.https:\/\/d-15665292162847851611.ampproject.net\/2301261900000\/frame.html<\/p>\n\n\n\n<p><br>El funcionario consign\u00f3 que se reuni\u00f3 con representantes de<strong> comunidades mapuches de R\u00edo Negro, Chubut y Neuqu\u00e9n como parte de la Mesa de Di\u00e1logo<\/strong> para la resoluci\u00f3n pac\u00edfica del conflicto.<\/p>\n\n\n\n<p>Fuentes del organismo indicaron que estuvieron presentes en el encuentro el vocero de la Coordinadora del Parlamento Mapuche, Orlando Carriqueo; el grupo de veedores pertenecientes a organismos de DD.HH; representantes del INAI, del Ministerio de Mujeres, G\u00e9neros y Diversidades; del Ministerio de Seguridad, de Parques Nacionales, autoridades provinciales, municipales y universitarias.<\/p>\n\n\n\n<p>Seg\u00fan se inform\u00f3 oficialmente, esos encuentros se realizar\u00e1n en el marco la mesa de di\u00e1logo convocada por el presidente<strong> Alberto Fern\u00e1ndez<\/strong>, y en l\u00ednea a lo acordado en las reuniones realizadas por la Secretar\u00eda de Derechos Humanos de la Naci\u00f3n. <\/p>\n\n\n\n<p>Esa reuni\u00f3n se desarroll\u00f3 en el Centro Social Cultural y Deportivo \u201cAlborada\u201d de la ciudad y es el tercero que se realiza en el marco de la mesa convocada por el Presidente, el pasado 14 de diciembre en la Casa Rosada.<br><br>En aquel encuentro, <strong>Fern\u00e1ndez solicit\u00f3 que la secretar\u00eda a cargo de Pietragalla Corti convoque a una mesa de di\u00e1logo; \u00abreiterando su compromiso y la necesidad de avanzar en una soluci\u00f3n en relaci\u00f3n con el conflicto territorial en la regi\u00f3n\u00bb<\/strong>, se record\u00f3 en un comunicado de prensa.<br><br>Desde entonces, Pietragalla Corti convoc\u00f3 a reuniones con representantes de las comunidades mapuches y con integrantes de la Junta Vecinal de Villa Mascardi, que se realizaron los d\u00edas 12 y 18 de enero respectivamente, en la sede de la Secretar\u00eda ubicada en el predio de la ex ESMA en la ciudad de Buenos Aires.<br><br>Luego, el secretario mantuvo el encuentro pactado con los integrantes de la Junta Vecinal de Villa Mascardi, \u00abpara avanzar de forma conjunta, a trav\u00e9s del di\u00e1logo, en la resoluci\u00f3n pac\u00edfica de los conflictos\u00bb, seg\u00fan se inform\u00f3.<\/p>\n\n\n\n<p>FUENTE: www.eldestapeweb.com<\/p>\n","protected":false},"excerpt":{"rendered":"","protected":false},"author":6,"featured_media":76895,"comment_status":"open","ping_status":"open","sticky":false,"template":"","format":"standard","meta":{"site-sidebar-layout":"default","site-content-layout":"","ast-site-content-layout":"default","site-content-style":"default","site-sidebar-style":"default","ast-global-header-display":"","ast-banner-title-visibility":"","ast-main-header-display":"","ast-hfb-above-header-display":"","ast-hfb-below-header-display":"","ast-hfb-mobile-header-display":"","site-post-title":"","ast-breadcrumbs-content":"","ast-featured-img":"","footer-sml-layout":"","ast-disable-related-posts":"","theme-transparent-header-meta":"","adv-header-id-meta":"","stick-header-meta":"","header-above-stick-meta":"","header-main-stick-meta":"","header-below-stick-meta":"","astra-migrate-meta-layouts":"default","ast-page-background-enabled":"default","ast-page-background-meta":{"desktop":{"background-color":"var(--ast-global-color-5)","background-image":"","background-repeat":"repeat","background-position":"center center","background-size":"auto","background-attachment":"scroll","background-type":"","background-media":"","overlay-type":"","overlay-color":"","overlay-opacity":"","overlay-gradient":""},"tablet":{"background-color":"","background-image":"","background-repeat":"repeat","background-position":"center center","background-size":"auto","background-attachment":"scroll","background-type":"","background-media":"","overlay-type":"","overlay-color":"","overlay-opacity":"","overlay-gradient":""},"mobile":{"background-color":"","background-image":"","background-repeat":"repeat","background-position":"center center","background-size":"auto","background-attachment":"scroll","background-type":"","background-media":"","overlay-type":"","overlay-color":"","overlay-opacity":"","overlay-gradient":""}},"ast-content-background-meta":{"desktop":{"background-color":"var(--ast-global-color-4)","background-image":"","background-repeat":"repeat","background-position":"center center","background-size":"auto","background-attachment":"scroll","background-type":"","background-media":"","overlay-type":"","overlay-color":"","overlay-opacity":"","overlay-gradient":""},"tablet":{"background-color":"var(--ast-global-color-4)","background-image":"","background-repeat":"repeat","background-position":"center center","background-size":"auto","background-attachment":"scroll","background-type":"","background-media":"","overlay-type":"","overlay-color":"","overlay-opacity":"","overlay-gradient":""},"mobile":{"background-color":"var(--ast-global-color-4)","background-image":"","background-repeat":"repeat","background-position":"center center","background-size":"auto","background-attachment":"scroll","background-type":"","background-media":"","overlay-type":"","overlay-color":"","overlay-opacity":"","overlay-gradient":""}},"footnotes":""},"categories":[11,19,1,10],"tags":[],"class_list":["post-76894","post","type-post","status-publish","format-standard","has-post-thumbnail","hentry","category-boletin","category-nacionales","category-noticias","category-rotador"],"yoast_head":"<!-- This site is optimized with the Yoast SEO Premium plugin v23.0 (Yoast SEO v27.5) - https:\/\/yoast.com\/product\/yoast-seo-premium-wordpress\/ -->\n<title>Pietragalla se reuni\u00f3 con mapuches y vecinos de Villa Mascardi para una soluci\u00f3n pac\u00edfica<\/title>\n<meta name=\"robots\" content=\"index, follow, max-snippet:-1, max-image-preview:large, max-video-preview:-1\" \/>\n<link rel=\"canonical\" href=\"https:\/\/patagoniambiental.com.ar\/info\/pietragalla-se-reunio-con-mapuches-y-vecinos-de-villa-mascardi-para-una-solucion-pacifica\/\" \/>\n<meta property=\"og:locale\" content=\"es_ES\" \/>\n<meta property=\"og:type\" content=\"article\" \/>\n<meta property=\"og:title\" content=\"Pietragalla se reuni\u00f3 con mapuches y vecinos de Villa Mascardi para una soluci\u00f3n pac\u00edfica\" \/>\n<meta property=\"og:url\" content=\"https:\/\/patagoniambiental.com.ar\/info\/pietragalla-se-reunio-con-mapuches-y-vecinos-de-villa-mascardi-para-una-solucion-pacifica\/\" \/>\n<meta property=\"og:site_name\" content=\"Patagonia Ambiental\" \/>\n<meta property=\"article:publisher\" content=\"https:\/\/www.facebook.com\/patagonia.ambiental\" \/>\n<meta property=\"article:published_time\" content=\"2023-02-13T10:00:00+00:00\" \/>\n<meta property=\"article:modified_time\" content=\"2024-08-19T02:28:40+00:00\" \/>\n<meta property=\"og:image\" content=\"https:\/\/patagoniambiental.com.ar\/info\/wp-content\/uploads\/2023\/02\/Horacio-696x522-1.jpg\" \/>\n\t<meta property=\"og:image:width\" content=\"696\" \/>\n\t<meta property=\"og:image:height\" content=\"522\" \/>\n\t<meta property=\"og:image:type\" content=\"image\/jpeg\" \/>\n<meta name=\"author\" content=\"BRAIAN ESTEVEZ\" \/>\n<meta name=\"twitter:card\" content=\"summary_large_image\" \/>\n<meta name=\"twitter:creator\" content=\"@PatAmb\" \/>\n<meta name=\"twitter:site\" content=\"@PatAmb\" \/>\n<script type=\"application\/ld+json\" class=\"yoast-schema-graph\">{\"@context\":\"https:\\\/\\\/schema.org\",\"@graph\":[{\"@type\":\"Article\",\"@id\":\"https:\\\/\\\/patagoniambiental.com.ar\\\/info\\\/pietragalla-se-reunio-con-mapuches-y-vecinos-de-villa-mascardi-para-una-solucion-pacifica\\\/#article\",\"isPartOf\":{\"@id\":\"https:\\\/\\\/patagoniambiental.com.ar\\\/info\\\/pietragalla-se-reunio-con-mapuches-y-vecinos-de-villa-mascardi-para-una-solucion-pacifica\\\/\"},\"author\":{\"name\":\"BRAIAN ESTEVEZ\",\"@id\":\"https:\\\/\\\/patagoniambiental.com.ar\\\/info\\\/#\\\/schema\\\/person\\\/e5af09d700b2e82cb10c6b8800e0c691\"},\"headline\":\"Pietragalla se reuni\u00f3 con mapuches y vecinos de Villa Mascardi para una soluci\u00f3n pac\u00edfica\",\"datePublished\":\"2023-02-13T10:00:00+00:00\",\"dateModified\":\"2024-08-19T02:28:40+00:00\",\"mainEntityOfPage\":{\"@id\":\"https:\\\/\\\/patagoniambiental.com.ar\\\/info\\\/pietragalla-se-reunio-con-mapuches-y-vecinos-de-villa-mascardi-para-una-solucion-pacifica\\\/\"},\"wordCount\":469,\"commentCount\":0,\"publisher\":{\"@id\":\"https:\\\/\\\/patagoniambiental.com.ar\\\/info\\\/#organization\"},\"image\":{\"@id\":\"https:\\\/\\\/patagoniambiental.com.ar\\\/info\\\/pietragalla-se-reunio-con-mapuches-y-vecinos-de-villa-mascardi-para-una-solucion-pacifica\\\/#primaryimage\"},\"thumbnailUrl\":\"https:\\\/\\\/patagoniambiental.com.ar\\\/info\\\/wp-content\\\/uploads\\\/2023\\\/02\\\/Horacio-696x522-1.jpg\",\"articleSection\":[\"Bolet\u00edn\",\"Nacionales\",\"Noticias\",\"Rotador\"],\"inLanguage\":\"es\",\"potentialAction\":[{\"@type\":\"CommentAction\",\"name\":\"Comment\",\"target\":[\"https:\\\/\\\/patagoniambiental.com.ar\\\/info\\\/pietragalla-se-reunio-con-mapuches-y-vecinos-de-villa-mascardi-para-una-solucion-pacifica\\\/#respond\"]}]},{\"@type\":\"WebPage\",\"@id\":\"https:\\\/\\\/patagoniambiental.com.ar\\\/info\\\/pietragalla-se-reunio-con-mapuches-y-vecinos-de-villa-mascardi-para-una-solucion-pacifica\\\/\",\"url\":\"https:\\\/\\\/patagoniambiental.com.ar\\\/info\\\/pietragalla-se-reunio-con-mapuches-y-vecinos-de-villa-mascardi-para-una-solucion-pacifica\\\/\",\"name\":\"Pietragalla se reuni\u00f3 con mapuches y vecinos de Villa Mascardi para una soluci\u00f3n pac\u00edfica\",\"isPartOf\":{\"@id\":\"https:\\\/\\\/patagoniambiental.com.ar\\\/info\\\/#website\"},\"primaryImageOfPage\":{\"@id\":\"https:\\\/\\\/patagoniambiental.com.ar\\\/info\\\/pietragalla-se-reunio-con-mapuches-y-vecinos-de-villa-mascardi-para-una-solucion-pacifica\\\/#primaryimage\"},\"image\":{\"@id\":\"https:\\\/\\\/patagoniambiental.com.ar\\\/info\\\/pietragalla-se-reunio-con-mapuches-y-vecinos-de-villa-mascardi-para-una-solucion-pacifica\\\/#primaryimage\"},\"thumbnailUrl\":\"https:\\\/\\\/patagoniambiental.com.ar\\\/info\\\/wp-content\\\/uploads\\\/2023\\\/02\\\/Horacio-696x522-1.jpg\",\"datePublished\":\"2023-02-13T10:00:00+00:00\",\"dateModified\":\"2024-08-19T02:28:40+00:00\",\"breadcrumb\":{\"@id\":\"https:\\\/\\\/patagoniambiental.com.ar\\\/info\\\/pietragalla-se-reunio-con-mapuches-y-vecinos-de-villa-mascardi-para-una-solucion-pacifica\\\/#breadcrumb\"},\"inLanguage\":\"es\",\"potentialAction\":[{\"@type\":\"ReadAction\",\"target\":[\"https:\\\/\\\/patagoniambiental.com.ar\\\/info\\\/pietragalla-se-reunio-con-mapuches-y-vecinos-de-villa-mascardi-para-una-solucion-pacifica\\\/\"]}]},{\"@type\":\"ImageObject\",\"inLanguage\":\"es\",\"@id\":\"https:\\\/\\\/patagoniambiental.com.ar\\\/info\\\/pietragalla-se-reunio-con-mapuches-y-vecinos-de-villa-mascardi-para-una-solucion-pacifica\\\/#primaryimage\",\"url\":\"https:\\\/\\\/patagoniambiental.com.ar\\\/info\\\/wp-content\\\/uploads\\\/2023\\\/02\\\/Horacio-696x522-1.jpg\",\"contentUrl\":\"https:\\\/\\\/patagoniambiental.com.ar\\\/info\\\/wp-content\\\/uploads\\\/2023\\\/02\\\/Horacio-696x522-1.jpg\",\"width\":696,\"height\":522},{\"@type\":\"BreadcrumbList\",\"@id\":\"https:\\\/\\\/patagoniambiental.com.ar\\\/info\\\/pietragalla-se-reunio-con-mapuches-y-vecinos-de-villa-mascardi-para-una-solucion-pacifica\\\/#breadcrumb\",\"itemListElement\":[{\"@type\":\"ListItem\",\"position\":1,\"name\":\"Inicio\",\"item\":\"https:\\\/\\\/patagoniambiental.com.ar\\\/info\\\/\"},{\"@type\":\"ListItem\",\"position\":2,\"name\":\"Pietragalla se reuni\u00f3 con mapuches y vecinos de Villa Mascardi para una soluci\u00f3n pac\u00edfica\"}]},{\"@type\":\"WebSite\",\"@id\":\"https:\\\/\\\/patagoniambiental.com.ar\\\/info\\\/#website\",\"url\":\"https:\\\/\\\/patagoniambiental.com.ar\\\/info\\\/\",\"name\":\"Patagonia Ambiental\",\"description\":\"Monitoreo y an\u00e1lisis de la situaci\u00f3n geopol\u00edtica en el mundo y su implicancia en la Patagonia\",\"publisher\":{\"@id\":\"https:\\\/\\\/patagoniambiental.com.ar\\\/info\\\/#organization\"},\"potentialAction\":[{\"@type\":\"SearchAction\",\"target\":{\"@type\":\"EntryPoint\",\"urlTemplate\":\"https:\\\/\\\/patagoniambiental.com.ar\\\/info\\\/?s={search_term_string}\"},\"query-input\":{\"@type\":\"PropertyValueSpecification\",\"valueRequired\":true,\"valueName\":\"search_term_string\"}}],\"inLanguage\":\"es\"},{\"@type\":\"Organization\",\"@id\":\"https:\\\/\\\/patagoniambiental.com.ar\\\/info\\\/#organization\",\"name\":\"Patagonia Ambiental\",\"url\":\"https:\\\/\\\/patagoniambiental.com.ar\\\/info\\\/\",\"logo\":{\"@type\":\"ImageObject\",\"inLanguage\":\"es\",\"@id\":\"https:\\\/\\\/patagoniambiental.com.ar\\\/info\\\/#\\\/schema\\\/logo\\\/image\\\/\",\"url\":\"https:\\\/\\\/patagoniambiental.com.ar\\\/info\\\/wp-content\\\/uploads\\\/2025\\\/05\\\/LOGO-PATAGONIA-AMBIENTAL.png\",\"contentUrl\":\"https:\\\/\\\/patagoniambiental.com.ar\\\/info\\\/wp-content\\\/uploads\\\/2025\\\/05\\\/LOGO-PATAGONIA-AMBIENTAL.png\",\"width\":433,\"height\":250,\"caption\":\"Patagonia Ambiental\"},\"image\":{\"@id\":\"https:\\\/\\\/patagoniambiental.com.ar\\\/info\\\/#\\\/schema\\\/logo\\\/image\\\/\"},\"sameAs\":[\"https:\\\/\\\/www.facebook.com\\\/patagonia.ambiental\",\"https:\\\/\\\/x.com\\\/PatAmb\"]},{\"@type\":\"Person\",\"@id\":\"https:\\\/\\\/patagoniambiental.com.ar\\\/info\\\/#\\\/schema\\\/person\\\/e5af09d700b2e82cb10c6b8800e0c691\",\"name\":\"BRAIAN ESTEVEZ\",\"sameAs\":[\"http:\\\/\\\/www.patagoniambiental.com.ar\"]}]}<\/script>\n<!-- \/ Yoast SEO Premium plugin. -->","yoast_head_json":{"title":"Pietragalla se reuni\u00f3 con mapuches y vecinos de Villa Mascardi para una soluci\u00f3n pac\u00edfica","robots":{"index":"index","follow":"follow","max-snippet":"max-snippet:-1","max-image-preview":"max-image-preview:large","max-video-preview":"max-video-preview:-1"},"canonical":"https:\/\/patagoniambiental.com.ar\/info\/pietragalla-se-reunio-con-mapuches-y-vecinos-de-villa-mascardi-para-una-solucion-pacifica\/","og_locale":"es_ES","og_type":"article","og_title":"Pietragalla se reuni\u00f3 con mapuches y vecinos de Villa Mascardi para una soluci\u00f3n pac\u00edfica","og_url":"https:\/\/patagoniambiental.com.ar\/info\/pietragalla-se-reunio-con-mapuches-y-vecinos-de-villa-mascardi-para-una-solucion-pacifica\/","og_site_name":"Patagonia Ambiental","article_publisher":"https:\/\/www.facebook.com\/patagonia.ambiental","article_published_time":"2023-02-13T10:00:00+00:00","article_modified_time":"2024-08-19T02:28:40+00:00","og_image":[{"width":696,"height":522,"url":"https:\/\/patagoniambiental.com.ar\/info\/wp-content\/uploads\/2023\/02\/Horacio-696x522-1.jpg","type":"image\/jpeg"}],"author":"BRAIAN ESTEVEZ","twitter_card":"summary_large_image","twitter_creator":"@PatAmb","twitter_site":"@PatAmb","schema":{"@context":"https:\/\/schema.org","@graph":[{"@type":"Article","@id":"https:\/\/patagoniambiental.com.ar\/info\/pietragalla-se-reunio-con-mapuches-y-vecinos-de-villa-mascardi-para-una-solucion-pacifica\/#article","isPartOf":{"@id":"https:\/\/patagoniambiental.com.ar\/info\/pietragalla-se-reunio-con-mapuches-y-vecinos-de-villa-mascardi-para-una-solucion-pacifica\/"},"author":{"name":"BRAIAN ESTEVEZ","@id":"https:\/\/patagoniambiental.com.ar\/info\/#\/schema\/person\/e5af09d700b2e82cb10c6b8800e0c691"},"headline":"Pietragalla se reuni\u00f3 con mapuches y vecinos de Villa Mascardi para una soluci\u00f3n pac\u00edfica","datePublished":"2023-02-13T10:00:00+00:00","dateModified":"2024-08-19T02:28:40+00:00","mainEntityOfPage":{"@id":"https:\/\/patagoniambiental.com.ar\/info\/pietragalla-se-reunio-con-mapuches-y-vecinos-de-villa-mascardi-para-una-solucion-pacifica\/"},"wordCount":469,"commentCount":0,"publisher":{"@id":"https:\/\/patagoniambiental.com.ar\/info\/#organization"},"image":{"@id":"https:\/\/patagoniambiental.com.ar\/info\/pietragalla-se-reunio-con-mapuches-y-vecinos-de-villa-mascardi-para-una-solucion-pacifica\/#primaryimage"},"thumbnailUrl":"https:\/\/patagoniambiental.com.ar\/info\/wp-content\/uploads\/2023\/02\/Horacio-696x522-1.jpg","articleSection":["Bolet\u00edn","Nacionales","Noticias","Rotador"],"inLanguage":"es","potentialAction":[{"@type":"CommentAction","name":"Comment","target":["https:\/\/patagoniambiental.com.ar\/info\/pietragalla-se-reunio-con-mapuches-y-vecinos-de-villa-mascardi-para-una-solucion-pacifica\/#respond"]}]},{"@type":"WebPage","@id":"https:\/\/patagoniambiental.com.ar\/info\/pietragalla-se-reunio-con-mapuches-y-vecinos-de-villa-mascardi-para-una-solucion-pacifica\/","url":"https:\/\/patagoniambiental.com.ar\/info\/pietragalla-se-reunio-con-mapuches-y-vecinos-de-villa-mascardi-para-una-solucion-pacifica\/","name":"Pietragalla se reuni\u00f3 con mapuches y vecinos de Villa Mascardi para una soluci\u00f3n pac\u00edfica","isPartOf":{"@id":"https:\/\/patagoniambiental.com.ar\/info\/#website"},"primaryImageOfPage":{"@id":"https:\/\/patagoniambiental.com.ar\/info\/pietragalla-se-reunio-con-mapuches-y-vecinos-de-villa-mascardi-para-una-solucion-pacifica\/#primaryimage"},"image":{"@id":"https:\/\/patagoniambiental.com.ar\/info\/pietragalla-se-reunio-con-mapuches-y-vecinos-de-villa-mascardi-para-una-solucion-pacifica\/#primaryimage"},"thumbnailUrl":"https:\/\/patagoniambiental.com.ar\/info\/wp-content\/uploads\/2023\/02\/Horacio-696x522-1.jpg","datePublished":"2023-02-13T10:00:00+00:00","dateModified":"2024-08-19T02:28:40+00:00","breadcrumb":{"@id":"https:\/\/patagoniambiental.com.ar\/info\/pietragalla-se-reunio-con-mapuches-y-vecinos-de-villa-mascardi-para-una-solucion-pacifica\/#breadcrumb"},"inLanguage":"es","potentialAction":[{"@type":"ReadAction","target":["https:\/\/patagoniambiental.com.ar\/info\/pietragalla-se-reunio-con-mapuches-y-vecinos-de-villa-mascardi-para-una-solucion-pacifica\/"]}]},{"@type":"ImageObject","inLanguage":"es","@id":"https:\/\/patagoniambiental.com.ar\/info\/pietragalla-se-reunio-con-mapuches-y-vecinos-de-villa-mascardi-para-una-solucion-pacifica\/#primaryimage","url":"https:\/\/patagoniambiental.com.ar\/info\/wp-content\/uploads\/2023\/02\/Horacio-696x522-1.jpg","contentUrl":"https:\/\/patagoniambiental.com.ar\/info\/wp-content\/uploads\/2023\/02\/Horacio-696x522-1.jpg","width":696,"height":522},{"@type":"BreadcrumbList","@id":"https:\/\/patagoniambiental.com.ar\/info\/pietragalla-se-reunio-con-mapuches-y-vecinos-de-villa-mascardi-para-una-solucion-pacifica\/#breadcrumb","itemListElement":[{"@type":"ListItem","position":1,"name":"Inicio","item":"https:\/\/patagoniambiental.com.ar\/info\/"},{"@type":"ListItem","position":2,"name":"Pietragalla se reuni\u00f3 con mapuches y vecinos de Villa Mascardi para una soluci\u00f3n pac\u00edfica"}]},{"@type":"WebSite","@id":"https:\/\/patagoniambiental.com.ar\/info\/#website","url":"https:\/\/patagoniambiental.com.ar\/info\/","name":"Patagonia Ambiental","description":"Monitoreo y an\u00e1lisis de la situaci\u00f3n geopol\u00edtica en el mundo y su implicancia en la Patagonia","publisher":{"@id":"https:\/\/patagoniambiental.com.ar\/info\/#organization"},"potentialAction":[{"@type":"SearchAction","target":{"@type":"EntryPoint","urlTemplate":"https:\/\/patagoniambiental.com.ar\/info\/?s={search_term_string}"},"query-input":{"@type":"PropertyValueSpecification","valueRequired":true,"valueName":"search_term_string"}}],"inLanguage":"es"},{"@type":"Organization","@id":"https:\/\/patagoniambiental.com.ar\/info\/#organization","name":"Patagonia Ambiental","url":"https:\/\/patagoniambiental.com.ar\/info\/","logo":{"@type":"ImageObject","inLanguage":"es","@id":"https:\/\/patagoniambiental.com.ar\/info\/#\/schema\/logo\/image\/","url":"https:\/\/patagoniambiental.com.ar\/info\/wp-content\/uploads\/2025\/05\/LOGO-PATAGONIA-AMBIENTAL.png","contentUrl":"https:\/\/patagoniambiental.com.ar\/info\/wp-content\/uploads\/2025\/05\/LOGO-PATAGONIA-AMBIENTAL.png","width":433,"height":250,"caption":"Patagonia Ambiental"},"image":{"@id":"https:\/\/patagoniambiental.com.ar\/info\/#\/schema\/logo\/image\/"},"sameAs":["https:\/\/www.facebook.com\/patagonia.ambiental","https:\/\/x.com\/PatAmb"]},{"@type":"Person","@id":"https:\/\/patagoniambiental.com.ar\/info\/#\/schema\/person\/e5af09d700b2e82cb10c6b8800e0c691","name":"BRAIAN ESTEVEZ","sameAs":["http:\/\/www.patagoniambiental.com.ar"]}]}},"_links":{"self":[{"href":"https:\/\/patagoniambiental.com.ar\/info\/wp-json\/wp\/v2\/posts\/76894","targetHints":{"allow":["GET"]}}],"collection":[{"href":"https:\/\/patagoniambiental.com.ar\/info\/wp-json\/wp\/v2\/posts"}],"about":[{"href":"https:\/\/patagoniambiental.com.ar\/info\/wp-json\/wp\/v2\/types\/post"}],"author":[{"embeddable":true,"href":"https:\/\/patagoniambiental.com.ar\/info\/wp-json\/wp\/v2\/users\/6"}],"replies":[{"embeddable":true,"href":"https:\/\/patagoniambiental.com.ar\/info\/wp-json\/wp\/v2\/comments?post=76894"}],"version-history":[{"count":0,"href":"https:\/\/patagoniambiental.com.ar\/info\/wp-json\/wp\/v2\/posts\/76894\/revisions"}],"wp:featuredmedia":[{"embeddable":true,"href":"https:\/\/patagoniambiental.com.ar\/info\/wp-json\/wp\/v2\/media\/76895"}],"wp:attachment":[{"href":"https:\/\/patagoniambiental.com.ar\/info\/wp-json\/wp\/v2\/media?parent=76894"}],"wp:term":[{"taxonomy":"category","embeddable":true,"href":"https:\/\/patagoniambiental.com.ar\/info\/wp-json\/wp\/v2\/categories?post=76894"},{"taxonomy":"post_tag","embeddable":true,"href":"https:\/\/patagoniambiental.com.ar\/info\/wp-json\/wp\/v2\/tags?post=76894"}],"curies":[{"name":"wp","href":"https:\/\/api.w.org\/{rel}","templated":true}]}}