{"id":76897,"date":"2023-02-14T07:00:00","date_gmt":"2023-02-14T10:00:00","guid":{"rendered":"http:\/\/patagoniambiental.com.ar\/info\/?p=76897"},"modified":"2024-08-18T23:27:52","modified_gmt":"2024-08-19T02:27:52","slug":"la-subida-del-nivel-del-mar-amenaza-con-un-exodo-masivo-alerta-la-onu","status":"publish","type":"post","link":"https:\/\/patagoniambiental.com.ar\/info\/la-subida-del-nivel-del-mar-amenaza-con-un-exodo-masivo-alerta-la-onu\/","title":{"rendered":"La subida del nivel del mar amenaza con un \u00ab\u00e9xodo masivo\u00bb, alerta la ONU"},"content":{"rendered":"\n<!--more-->\n\n\n\n<p>Naciones Unidas, 14 feb (EFE).- La subida del nivel del mar supone una amenaza existencial para numerosas comunidades y puede desencadenar un \u00ab\u00e9xodo masivo\u00bb con \u00abproporciones b\u00edblicas\u00bb, alert\u00f3 este martes el secretario general de la ONU, Ant\u00f3nio Guterres.<\/p>\n\n\n\n<p>\u00abBajo cualquier escenario, pa\u00edses como Banglad\u00e9s, China, India y Pa\u00edses Bajos est\u00e1n en riesgo. Megaciudades en todos los continentes se enfrentan a serios impactos incluyendo El Cairo, Lagos, Maputo, Bangkok, Daca, Yarkarta, Bombay, Shangh\u00e1i, Copenhague, Londres, Los \u00c1ngeles, Nueva York, Buenos Aires y Santiago\u00bb, dijo Guterres.<\/p>\n\n\n\n<p>El jefe de Naciones Unidas se pronunci\u00f3 as\u00ed en un discurso ante el Consejo de Seguridad, que este martes se reuni\u00f3 para discutir las consecuencias del aumento del nivel del mar en el \u00e1mbito de la paz y la seguridad.<\/p>\n\n\n\n<p>Seg\u00fan Guterres, la subida de las aguas -acelerada por la crisis clim\u00e1tica y que el siglo pasado fue mayor que en ning\u00fan otro en los \u00faltimos 3.000 a\u00f1os- es tanto un problema en s\u00ed como un \u00abmultiplicador\u00bb de otras amenazas y ya est\u00e1 creando \u00abnuevas fuentes de inestabilidad y conflicto\u00bb.<\/p>\n\n\n\n<p>\u00abLa subida de los martes amenaza vidas y pone en peligro el acceso al agua, los alimentos y la atenci\u00f3n m\u00e9dica. La entrada de agua salada puede diezmar empleos y econom\u00edas enteras en industrias clave como la agricultura, la pesca y el turismo. Puede da\u00f1ar o destruir infraestructura vital\u00bb, enumer\u00f3.<\/p>\n\n\n\n<figure class=\"wp-block-image\"><img decoding=\"async\" src=\"https:\/\/s.yimg.com\/ny\/api\/res\/1.2\/kmZPEIOSJruJ5p4ptPEFgQ--\/YXBwaWQ9aGlnaGxhbmRlcjt3PTk2MDtoPTYyMDtjZj13ZWJw\/https:\/\/media.zenfs.com\/es\/efe.es\/1abf8ef947d4b1f5ddf285d7fcf1a6f2\" alt=\"\"\/><\/figure>\n\n\n\n<p>En el caso de algunas comunidades y pa\u00edses, recalc\u00f3, el fen\u00f3meno plantea un problema existencial, sobre todo si se cumplen las proyecciones m\u00e1s alarmantes hechas por organismos cient\u00edficos.<\/p>\n\n\n\n<p>\u00abEl peligro es especialmente grave para los casi 900 millones de personas que viven en zonas costeras de baja altitud, es decir, una de cada diez personas en la Tierra\u00bb, se\u00f1al\u00f3.<\/p>\n\n\n\n<p>Guterres advirti\u00f3 que la combinaci\u00f3n de la subida del mar y de la entrada de agua salada en ciertos ecosistemas amenaza por ejemplo con convertir en inhabitables algunos de los grandes deltas del mundo, como el del r\u00edo Mekong en Vietnam o el del Ganges en la India y Banglad\u00e9s.<\/p>\n\n\n\n<p>\u00abComunidades bajas y pa\u00edses enteros podr\u00edan desaparecer para siempre. Ver\u00edamos un \u00e9xodo masivo de poblaciones enteras con proporciones b\u00edblicas. Y ver\u00edamos una competencia a\u00fan m\u00e1s fiera por el agua dulce, la tierra y otros recursos\u00bb, insisti\u00f3.<\/p>\n\n\n\n<p>Por todo ello, el diplom\u00e1tico portugu\u00e9s pidi\u00f3 a la comunidad internacionales acciones decididas en tres grandes \u00e1mbitos: la lucha contra el calentamiento global, la protecci\u00f3n de comunidades vulnerables y la modificaci\u00f3n de la legislaci\u00f3n internacional para proteger a los desplazados.<\/p>\n\n\n\n<p>Fuente: Agencia EFE<\/p>\n\n\n\n<p><a rel=\"noreferrer noopener\" href=\"https:\/\/www.facebook.com\/dialog\/feed?app_id=458584288257241&amp;link=https%3A%2F%2Fes-us.noticias.yahoo.com%2Fsubida-nivel-mar-amenaza-%25C3%25A9xodo-192030260.html%3Fsoc_src%3Dsocial-sh%26soc_trk%3Dfb%26tsrc%3Dfb\" target=\"_blank\"><\/a><a rel=\"noreferrer noopener\" href=\"https:\/\/twitter.com\/intent\/tweet?text=La%20subida%20del%20nivel%20del%20mar%20amenaza%20con%20un%20%22%C3%A9xodo%20masivo%22%2C%20alerta%20la%20ONU&amp;url=https%3A%2F%2Fes-us.noticias.yahoo.com%2Fsubida-nivel-mar-amenaza-%25C3%25A9xodo-192030260.html%3Fsoc_src%3Dsocial-sh%26soc_trk%3Dtw%26tsrc%3Dtwtr&amp;via=Yahoo\" target=\"_blank\"><\/a><a rel=\"noreferrer noopener\" href=\"mailto:?subject=La%20subida%20del%20nivel%20del%20mar%20amenaza%20con%20un%20%22%C3%A9xodo%20masivo%22%2C%20alerta%20la%20ONU&amp;body=https%3A%2F%2Fes-us.noticias.yahoo.com%2Fsubida-nivel-mar-amenaza-%25C3%25A9xodo-192030260.html%3Fsoc_src%3Dsocial-sh%26soc_trk%3Dma\" target=\"_blank\"><\/a><\/p>\n","protected":false},"excerpt":{"rendered":"","protected":false},"author":6,"featured_media":76898,"comment_status":"open","ping_status":"open","sticky":false,"template":"","format":"standard","meta":{"site-sidebar-layout":"default","site-content-layout":"","ast-site-content-layout":"default","site-content-style":"default","site-sidebar-style":"default","ast-global-header-display":"","ast-banner-title-visibility":"","ast-main-header-display":"","ast-hfb-above-header-display":"","ast-hfb-below-header-display":"","ast-hfb-mobile-header-display":"","site-post-title":"","ast-breadcrumbs-content":"","ast-featured-img":"","footer-sml-layout":"","ast-disable-related-posts":"","theme-transparent-header-meta":"","adv-header-id-meta":"","stick-header-meta":"","header-above-stick-meta":"","header-main-stick-meta":"","header-below-stick-meta":"","astra-migrate-meta-layouts":"default","ast-page-background-enabled":"default","ast-page-background-meta":{"desktop":{"background-color":"var(--ast-global-color-5)","background-image":"","background-repeat":"repeat","background-position":"center center","background-size":"auto","background-attachment":"scroll","background-type":"","background-media":"","overlay-type":"","overlay-color":"","overlay-opacity":"","overlay-gradient":""},"tablet":{"background-color":"","background-image":"","background-repeat":"repeat","background-position":"center center","background-size":"auto","background-attachment":"scroll","background-type":"","background-media":"","overlay-type":"","overlay-color":"","overlay-opacity":"","overlay-gradient":""},"mobile":{"background-color":"","background-image":"","background-repeat":"repeat","background-position":"center center","background-size":"auto","background-attachment":"scroll","background-type":"","background-media":"","overlay-type":"","overlay-color":"","overlay-opacity":"","overlay-gradient":""}},"ast-content-background-meta":{"desktop":{"background-color":"var(--ast-global-color-4)","background-image":"","background-repeat":"repeat","background-position":"center center","background-size":"auto","background-attachment":"scroll","background-type":"","background-media":"","overlay-type":"","overlay-color":"","overlay-opacity":"","overlay-gradient":""},"tablet":{"background-color":"var(--ast-global-color-4)","background-image":"","background-repeat":"repeat","background-position":"center center","background-size":"auto","background-attachment":"scroll","background-type":"","background-media":"","overlay-type":"","overlay-color":"","overlay-opacity":"","overlay-gradient":""},"mobile":{"background-color":"var(--ast-global-color-4)","background-image":"","background-repeat":"repeat","background-position":"center center","background-size":"auto","background-attachment":"scroll","background-type":"","background-media":"","overlay-type":"","overlay-color":"","overlay-opacity":"","overlay-gradient":""}},"footnotes":""},"categories":[11,23,1,10],"tags":[],"class_list":["post-76897","post","type-post","status-publish","format-standard","has-post-thumbnail","hentry","category-boletin","category-internacionales","category-noticias","category-rotador"],"yoast_head":"<!-- This site is optimized with the Yoast SEO Premium plugin v23.0 (Yoast SEO v27.5) - https:\/\/yoast.com\/product\/yoast-seo-premium-wordpress\/ -->\n<title>La subida del nivel del mar amenaza con un &quot;\u00e9xodo masivo&quot;, alerta la ONU<\/title>\n<meta name=\"robots\" content=\"index, follow, max-snippet:-1, max-image-preview:large, max-video-preview:-1\" \/>\n<link rel=\"canonical\" href=\"https:\/\/patagoniambiental.com.ar\/info\/la-subida-del-nivel-del-mar-amenaza-con-un-exodo-masivo-alerta-la-onu\/\" \/>\n<meta property=\"og:locale\" content=\"es_ES\" \/>\n<meta property=\"og:type\" content=\"article\" \/>\n<meta property=\"og:title\" content=\"La subida del nivel del mar amenaza con un &quot;\u00e9xodo masivo&quot;, alerta la ONU\" \/>\n<meta property=\"og:url\" content=\"https:\/\/patagoniambiental.com.ar\/info\/la-subida-del-nivel-del-mar-amenaza-con-un-exodo-masivo-alerta-la-onu\/\" \/>\n<meta property=\"og:site_name\" content=\"Patagonia Ambiental\" \/>\n<meta property=\"article:publisher\" content=\"https:\/\/www.facebook.com\/patagonia.ambiental\" \/>\n<meta property=\"article:published_time\" content=\"2023-02-14T10:00:00+00:00\" \/>\n<meta property=\"article:modified_time\" content=\"2024-08-19T02:27:52+00:00\" \/>\n<meta property=\"og:image\" content=\"https:\/\/patagoniambiental.com.ar\/info\/wp-content\/uploads\/2023\/02\/Sin-titulo-6.png\" \/>\n\t<meta property=\"og:image:width\" content=\"747\" \/>\n\t<meta property=\"og:image:height\" content=\"429\" \/>\n\t<meta property=\"og:image:type\" content=\"image\/png\" \/>\n<meta name=\"author\" content=\"BRAIAN ESTEVEZ\" \/>\n<meta name=\"twitter:card\" content=\"summary_large_image\" \/>\n<meta name=\"twitter:creator\" content=\"@PatAmb\" \/>\n<meta name=\"twitter:site\" content=\"@PatAmb\" \/>\n<script type=\"application\/ld+json\" class=\"yoast-schema-graph\">{\"@context\":\"https:\\\/\\\/schema.org\",\"@graph\":[{\"@type\":\"Article\",\"@id\":\"https:\\\/\\\/patagoniambiental.com.ar\\\/info\\\/la-subida-del-nivel-del-mar-amenaza-con-un-exodo-masivo-alerta-la-onu\\\/#article\",\"isPartOf\":{\"@id\":\"https:\\\/\\\/patagoniambiental.com.ar\\\/info\\\/la-subida-del-nivel-del-mar-amenaza-con-un-exodo-masivo-alerta-la-onu\\\/\"},\"author\":{\"name\":\"BRAIAN ESTEVEZ\",\"@id\":\"https:\\\/\\\/patagoniambiental.com.ar\\\/info\\\/#\\\/schema\\\/person\\\/e5af09d700b2e82cb10c6b8800e0c691\"},\"headline\":\"La subida del nivel del mar amenaza con un \u00ab\u00e9xodo masivo\u00bb, alerta la ONU\",\"datePublished\":\"2023-02-14T10:00:00+00:00\",\"dateModified\":\"2024-08-19T02:27:52+00:00\",\"mainEntityOfPage\":{\"@id\":\"https:\\\/\\\/patagoniambiental.com.ar\\\/info\\\/la-subida-del-nivel-del-mar-amenaza-con-un-exodo-masivo-alerta-la-onu\\\/\"},\"wordCount\":459,\"commentCount\":0,\"publisher\":{\"@id\":\"https:\\\/\\\/patagoniambiental.com.ar\\\/info\\\/#organization\"},\"image\":{\"@id\":\"https:\\\/\\\/patagoniambiental.com.ar\\\/info\\\/la-subida-del-nivel-del-mar-amenaza-con-un-exodo-masivo-alerta-la-onu\\\/#primaryimage\"},\"thumbnailUrl\":\"https:\\\/\\\/patagoniambiental.com.ar\\\/info\\\/wp-content\\\/uploads\\\/2023\\\/02\\\/Sin-titulo-6.png\",\"articleSection\":[\"Bolet\u00edn\",\"Internacionales\",\"Noticias\",\"Rotador\"],\"inLanguage\":\"es\",\"potentialAction\":[{\"@type\":\"CommentAction\",\"name\":\"Comment\",\"target\":[\"https:\\\/\\\/patagoniambiental.com.ar\\\/info\\\/la-subida-del-nivel-del-mar-amenaza-con-un-exodo-masivo-alerta-la-onu\\\/#respond\"]}]},{\"@type\":\"WebPage\",\"@id\":\"https:\\\/\\\/patagoniambiental.com.ar\\\/info\\\/la-subida-del-nivel-del-mar-amenaza-con-un-exodo-masivo-alerta-la-onu\\\/\",\"url\":\"https:\\\/\\\/patagoniambiental.com.ar\\\/info\\\/la-subida-del-nivel-del-mar-amenaza-con-un-exodo-masivo-alerta-la-onu\\\/\",\"name\":\"La subida del nivel del mar amenaza con un \\\"\u00e9xodo masivo\\\", alerta la ONU\",\"isPartOf\":{\"@id\":\"https:\\\/\\\/patagoniambiental.com.ar\\\/info\\\/#website\"},\"primaryImageOfPage\":{\"@id\":\"https:\\\/\\\/patagoniambiental.com.ar\\\/info\\\/la-subida-del-nivel-del-mar-amenaza-con-un-exodo-masivo-alerta-la-onu\\\/#primaryimage\"},\"image\":{\"@id\":\"https:\\\/\\\/patagoniambiental.com.ar\\\/info\\\/la-subida-del-nivel-del-mar-amenaza-con-un-exodo-masivo-alerta-la-onu\\\/#primaryimage\"},\"thumbnailUrl\":\"https:\\\/\\\/patagoniambiental.com.ar\\\/info\\\/wp-content\\\/uploads\\\/2023\\\/02\\\/Sin-titulo-6.png\",\"datePublished\":\"2023-02-14T10:00:00+00:00\",\"dateModified\":\"2024-08-19T02:27:52+00:00\",\"breadcrumb\":{\"@id\":\"https:\\\/\\\/patagoniambiental.com.ar\\\/info\\\/la-subida-del-nivel-del-mar-amenaza-con-un-exodo-masivo-alerta-la-onu\\\/#breadcrumb\"},\"inLanguage\":\"es\",\"potentialAction\":[{\"@type\":\"ReadAction\",\"target\":[\"https:\\\/\\\/patagoniambiental.com.ar\\\/info\\\/la-subida-del-nivel-del-mar-amenaza-con-un-exodo-masivo-alerta-la-onu\\\/\"]}]},{\"@type\":\"ImageObject\",\"inLanguage\":\"es\",\"@id\":\"https:\\\/\\\/patagoniambiental.com.ar\\\/info\\\/la-subida-del-nivel-del-mar-amenaza-con-un-exodo-masivo-alerta-la-onu\\\/#primaryimage\",\"url\":\"https:\\\/\\\/patagoniambiental.com.ar\\\/info\\\/wp-content\\\/uploads\\\/2023\\\/02\\\/Sin-titulo-6.png\",\"contentUrl\":\"https:\\\/\\\/patagoniambiental.com.ar\\\/info\\\/wp-content\\\/uploads\\\/2023\\\/02\\\/Sin-titulo-6.png\",\"width\":747,\"height\":429},{\"@type\":\"BreadcrumbList\",\"@id\":\"https:\\\/\\\/patagoniambiental.com.ar\\\/info\\\/la-subida-del-nivel-del-mar-amenaza-con-un-exodo-masivo-alerta-la-onu\\\/#breadcrumb\",\"itemListElement\":[{\"@type\":\"ListItem\",\"position\":1,\"name\":\"Inicio\",\"item\":\"https:\\\/\\\/patagoniambiental.com.ar\\\/info\\\/\"},{\"@type\":\"ListItem\",\"position\":2,\"name\":\"La subida del nivel del mar amenaza con un \u00ab\u00e9xodo masivo\u00bb, alerta la ONU\"}]},{\"@type\":\"WebSite\",\"@id\":\"https:\\\/\\\/patagoniambiental.com.ar\\\/info\\\/#website\",\"url\":\"https:\\\/\\\/patagoniambiental.com.ar\\\/info\\\/\",\"name\":\"Patagonia Ambiental\",\"description\":\"Monitoreo y an\u00e1lisis de la situaci\u00f3n geopol\u00edtica en el mundo y su implicancia en la Patagonia\",\"publisher\":{\"@id\":\"https:\\\/\\\/patagoniambiental.com.ar\\\/info\\\/#organization\"},\"potentialAction\":[{\"@type\":\"SearchAction\",\"target\":{\"@type\":\"EntryPoint\",\"urlTemplate\":\"https:\\\/\\\/patagoniambiental.com.ar\\\/info\\\/?s={search_term_string}\"},\"query-input\":{\"@type\":\"PropertyValueSpecification\",\"valueRequired\":true,\"valueName\":\"search_term_string\"}}],\"inLanguage\":\"es\"},{\"@type\":\"Organization\",\"@id\":\"https:\\\/\\\/patagoniambiental.com.ar\\\/info\\\/#organization\",\"name\":\"Patagonia Ambiental\",\"url\":\"https:\\\/\\\/patagoniambiental.com.ar\\\/info\\\/\",\"logo\":{\"@type\":\"ImageObject\",\"inLanguage\":\"es\",\"@id\":\"https:\\\/\\\/patagoniambiental.com.ar\\\/info\\\/#\\\/schema\\\/logo\\\/image\\\/\",\"url\":\"https:\\\/\\\/patagoniambiental.com.ar\\\/info\\\/wp-content\\\/uploads\\\/2025\\\/05\\\/LOGO-PATAGONIA-AMBIENTAL.png\",\"contentUrl\":\"https:\\\/\\\/patagoniambiental.com.ar\\\/info\\\/wp-content\\\/uploads\\\/2025\\\/05\\\/LOGO-PATAGONIA-AMBIENTAL.png\",\"width\":433,\"height\":250,\"caption\":\"Patagonia Ambiental\"},\"image\":{\"@id\":\"https:\\\/\\\/patagoniambiental.com.ar\\\/info\\\/#\\\/schema\\\/logo\\\/image\\\/\"},\"sameAs\":[\"https:\\\/\\\/www.facebook.com\\\/patagonia.ambiental\",\"https:\\\/\\\/x.com\\\/PatAmb\"]},{\"@type\":\"Person\",\"@id\":\"https:\\\/\\\/patagoniambiental.com.ar\\\/info\\\/#\\\/schema\\\/person\\\/e5af09d700b2e82cb10c6b8800e0c691\",\"name\":\"BRAIAN ESTEVEZ\",\"sameAs\":[\"http:\\\/\\\/www.patagoniambiental.com.ar\"]}]}<\/script>\n<!-- \/ Yoast SEO Premium plugin. -->","yoast_head_json":{"title":"La subida del nivel del mar amenaza con un \"\u00e9xodo masivo\", alerta la ONU","robots":{"index":"index","follow":"follow","max-snippet":"max-snippet:-1","max-image-preview":"max-image-preview:large","max-video-preview":"max-video-preview:-1"},"canonical":"https:\/\/patagoniambiental.com.ar\/info\/la-subida-del-nivel-del-mar-amenaza-con-un-exodo-masivo-alerta-la-onu\/","og_locale":"es_ES","og_type":"article","og_title":"La subida del nivel del mar amenaza con un \"\u00e9xodo masivo\", alerta la ONU","og_url":"https:\/\/patagoniambiental.com.ar\/info\/la-subida-del-nivel-del-mar-amenaza-con-un-exodo-masivo-alerta-la-onu\/","og_site_name":"Patagonia Ambiental","article_publisher":"https:\/\/www.facebook.com\/patagonia.ambiental","article_published_time":"2023-02-14T10:00:00+00:00","article_modified_time":"2024-08-19T02:27:52+00:00","og_image":[{"width":747,"height":429,"url":"https:\/\/patagoniambiental.com.ar\/info\/wp-content\/uploads\/2023\/02\/Sin-titulo-6.png","type":"image\/png"}],"author":"BRAIAN ESTEVEZ","twitter_card":"summary_large_image","twitter_creator":"@PatAmb","twitter_site":"@PatAmb","schema":{"@context":"https:\/\/schema.org","@graph":[{"@type":"Article","@id":"https:\/\/patagoniambiental.com.ar\/info\/la-subida-del-nivel-del-mar-amenaza-con-un-exodo-masivo-alerta-la-onu\/#article","isPartOf":{"@id":"https:\/\/patagoniambiental.com.ar\/info\/la-subida-del-nivel-del-mar-amenaza-con-un-exodo-masivo-alerta-la-onu\/"},"author":{"name":"BRAIAN ESTEVEZ","@id":"https:\/\/patagoniambiental.com.ar\/info\/#\/schema\/person\/e5af09d700b2e82cb10c6b8800e0c691"},"headline":"La subida del nivel del mar amenaza con un \u00ab\u00e9xodo masivo\u00bb, alerta la ONU","datePublished":"2023-02-14T10:00:00+00:00","dateModified":"2024-08-19T02:27:52+00:00","mainEntityOfPage":{"@id":"https:\/\/patagoniambiental.com.ar\/info\/la-subida-del-nivel-del-mar-amenaza-con-un-exodo-masivo-alerta-la-onu\/"},"wordCount":459,"commentCount":0,"publisher":{"@id":"https:\/\/patagoniambiental.com.ar\/info\/#organization"},"image":{"@id":"https:\/\/patagoniambiental.com.ar\/info\/la-subida-del-nivel-del-mar-amenaza-con-un-exodo-masivo-alerta-la-onu\/#primaryimage"},"thumbnailUrl":"https:\/\/patagoniambiental.com.ar\/info\/wp-content\/uploads\/2023\/02\/Sin-titulo-6.png","articleSection":["Bolet\u00edn","Internacionales","Noticias","Rotador"],"inLanguage":"es","potentialAction":[{"@type":"CommentAction","name":"Comment","target":["https:\/\/patagoniambiental.com.ar\/info\/la-subida-del-nivel-del-mar-amenaza-con-un-exodo-masivo-alerta-la-onu\/#respond"]}]},{"@type":"WebPage","@id":"https:\/\/patagoniambiental.com.ar\/info\/la-subida-del-nivel-del-mar-amenaza-con-un-exodo-masivo-alerta-la-onu\/","url":"https:\/\/patagoniambiental.com.ar\/info\/la-subida-del-nivel-del-mar-amenaza-con-un-exodo-masivo-alerta-la-onu\/","name":"La subida del nivel del mar amenaza con un \"\u00e9xodo masivo\", alerta la ONU","isPartOf":{"@id":"https:\/\/patagoniambiental.com.ar\/info\/#website"},"primaryImageOfPage":{"@id":"https:\/\/patagoniambiental.com.ar\/info\/la-subida-del-nivel-del-mar-amenaza-con-un-exodo-masivo-alerta-la-onu\/#primaryimage"},"image":{"@id":"https:\/\/patagoniambiental.com.ar\/info\/la-subida-del-nivel-del-mar-amenaza-con-un-exodo-masivo-alerta-la-onu\/#primaryimage"},"thumbnailUrl":"https:\/\/patagoniambiental.com.ar\/info\/wp-content\/uploads\/2023\/02\/Sin-titulo-6.png","datePublished":"2023-02-14T10:00:00+00:00","dateModified":"2024-08-19T02:27:52+00:00","breadcrumb":{"@id":"https:\/\/patagoniambiental.com.ar\/info\/la-subida-del-nivel-del-mar-amenaza-con-un-exodo-masivo-alerta-la-onu\/#breadcrumb"},"inLanguage":"es","potentialAction":[{"@type":"ReadAction","target":["https:\/\/patagoniambiental.com.ar\/info\/la-subida-del-nivel-del-mar-amenaza-con-un-exodo-masivo-alerta-la-onu\/"]}]},{"@type":"ImageObject","inLanguage":"es","@id":"https:\/\/patagoniambiental.com.ar\/info\/la-subida-del-nivel-del-mar-amenaza-con-un-exodo-masivo-alerta-la-onu\/#primaryimage","url":"https:\/\/patagoniambiental.com.ar\/info\/wp-content\/uploads\/2023\/02\/Sin-titulo-6.png","contentUrl":"https:\/\/patagoniambiental.com.ar\/info\/wp-content\/uploads\/2023\/02\/Sin-titulo-6.png","width":747,"height":429},{"@type":"BreadcrumbList","@id":"https:\/\/patagoniambiental.com.ar\/info\/la-subida-del-nivel-del-mar-amenaza-con-un-exodo-masivo-alerta-la-onu\/#breadcrumb","itemListElement":[{"@type":"ListItem","position":1,"name":"Inicio","item":"https:\/\/patagoniambiental.com.ar\/info\/"},{"@type":"ListItem","position":2,"name":"La subida del nivel del mar amenaza con un \u00ab\u00e9xodo masivo\u00bb, alerta la ONU"}]},{"@type":"WebSite","@id":"https:\/\/patagoniambiental.com.ar\/info\/#website","url":"https:\/\/patagoniambiental.com.ar\/info\/","name":"Patagonia Ambiental","description":"Monitoreo y an\u00e1lisis de la situaci\u00f3n geopol\u00edtica en el mundo y su implicancia en la Patagonia","publisher":{"@id":"https:\/\/patagoniambiental.com.ar\/info\/#organization"},"potentialAction":[{"@type":"SearchAction","target":{"@type":"EntryPoint","urlTemplate":"https:\/\/patagoniambiental.com.ar\/info\/?s={search_term_string}"},"query-input":{"@type":"PropertyValueSpecification","valueRequired":true,"valueName":"search_term_string"}}],"inLanguage":"es"},{"@type":"Organization","@id":"https:\/\/patagoniambiental.com.ar\/info\/#organization","name":"Patagonia Ambiental","url":"https:\/\/patagoniambiental.com.ar\/info\/","logo":{"@type":"ImageObject","inLanguage":"es","@id":"https:\/\/patagoniambiental.com.ar\/info\/#\/schema\/logo\/image\/","url":"https:\/\/patagoniambiental.com.ar\/info\/wp-content\/uploads\/2025\/05\/LOGO-PATAGONIA-AMBIENTAL.png","contentUrl":"https:\/\/patagoniambiental.com.ar\/info\/wp-content\/uploads\/2025\/05\/LOGO-PATAGONIA-AMBIENTAL.png","width":433,"height":250,"caption":"Patagonia Ambiental"},"image":{"@id":"https:\/\/patagoniambiental.com.ar\/info\/#\/schema\/logo\/image\/"},"sameAs":["https:\/\/www.facebook.com\/patagonia.ambiental","https:\/\/x.com\/PatAmb"]},{"@type":"Person","@id":"https:\/\/patagoniambiental.com.ar\/info\/#\/schema\/person\/e5af09d700b2e82cb10c6b8800e0c691","name":"BRAIAN ESTEVEZ","sameAs":["http:\/\/www.patagoniambiental.com.ar"]}]}},"_links":{"self":[{"href":"https:\/\/patagoniambiental.com.ar\/info\/wp-json\/wp\/v2\/posts\/76897","targetHints":{"allow":["GET"]}}],"collection":[{"href":"https:\/\/patagoniambiental.com.ar\/info\/wp-json\/wp\/v2\/posts"}],"about":[{"href":"https:\/\/patagoniambiental.com.ar\/info\/wp-json\/wp\/v2\/types\/post"}],"author":[{"embeddable":true,"href":"https:\/\/patagoniambiental.com.ar\/info\/wp-json\/wp\/v2\/users\/6"}],"replies":[{"embeddable":true,"href":"https:\/\/patagoniambiental.com.ar\/info\/wp-json\/wp\/v2\/comments?post=76897"}],"version-history":[{"count":0,"href":"https:\/\/patagoniambiental.com.ar\/info\/wp-json\/wp\/v2\/posts\/76897\/revisions"}],"wp:featuredmedia":[{"embeddable":true,"href":"https:\/\/patagoniambiental.com.ar\/info\/wp-json\/wp\/v2\/media\/76898"}],"wp:attachment":[{"href":"https:\/\/patagoniambiental.com.ar\/info\/wp-json\/wp\/v2\/media?parent=76897"}],"wp:term":[{"taxonomy":"category","embeddable":true,"href":"https:\/\/patagoniambiental.com.ar\/info\/wp-json\/wp\/v2\/categories?post=76897"},{"taxonomy":"post_tag","embeddable":true,"href":"https:\/\/patagoniambiental.com.ar\/info\/wp-json\/wp\/v2\/tags?post=76897"}],"curies":[{"name":"wp","href":"https:\/\/api.w.org\/{rel}","templated":true}]}}