{"id":76919,"date":"2023-02-20T07:00:00","date_gmt":"2023-02-20T10:00:00","guid":{"rendered":"http:\/\/patagoniambiental.com.ar\/info\/?p=76919"},"modified":"2024-08-18T23:23:33","modified_gmt":"2024-08-19T02:23:33","slug":"se-viene-un-servicio-de-recoleccion-selectiva-en-ushuaia","status":"publish","type":"post","link":"https:\/\/patagoniambiental.com.ar\/info\/se-viene-un-servicio-de-recoleccion-selectiva-en-ushuaia\/","title":{"rendered":"Se viene un servicio de recolecci\u00f3n selectiva en Ushuaia"},"content":{"rendered":"\n<!--more-->\n\n\n\n<p>La Municipalidad implementar\u00e1 un servicio espec\u00edfico, un d\u00eda a la semana, para retirar solamente residuos secos, previamente separados por los vecinos en bolsas a tal fin. La primera etapa abarcar\u00e1 s\u00f3lo la zona del Pipo.<\/p>\n\n\n\n<p>El secretario de Ambiente de la Municipalidad de Ushuaia, C\u00e9sar Molina, se refiri\u00f3 a los nuevos proyectos de servicios de higiene urbana, uno especial para el \u00e1rea tur\u00edstica y una recolecci\u00f3n selectiva puerta a puerta con separaci\u00f3n en domicilios.<\/p>\n\n\n\n<p>En el \u00e1rea tur\u00edstica se incorporan nuevos servicios, mientras que se implementar\u00e1 de manera progresiva la separaci\u00f3n de residuos secos puerta a puerta, cuya primera etapa est\u00e1 prevista para la zona del Pipo para luego ir sumando sectores paulatinamente.<\/p>\n\n\n\n<p>\u201cLa idea es tener un cami\u00f3n diferenciado que en esta primera etapa recolecte un d\u00eda de la semana en lugares que iremos comunicando\u201d, lo que ser\u00edan residuos secos como papel, cart\u00f3n, pl\u00e1stico, vidrio, aluminio, etc.<\/p>\n\n\n\n<p>Un d\u00eda espec\u00edfico ser\u00e1 determinado para que ese tipo de residuos en la casa, el vecino y la vecina separe en una bolsa diferente: \u201cva a pasar un cami\u00f3n espec\u00edficamente con ese servicio a recolectar un d\u00eda determinado de la semana\u201d, ampli\u00f3 el funcionario.<\/p>\n\n\n\n<p>Luego, con posterioridad, habr\u00e1 un proceso de separaci\u00f3n en el centro ambiental, para darle a cada corriente de residuos el destino de revalorizaci\u00f3n que corresponde. Molina indic\u00f3 que, a mediano plazo y con financiamiento del BID, se generar\u00eda \u201cun espacio espec\u00edfico para este tipo de separaci\u00f3n y puesta en valor de los residuos. Hoy tenemos un espacio que funciona\u201d distingui\u00f3.<\/p>\n\n\n\n<p>La idea con el programa es que una vez que se inicie, tener dos meses de acopio de informaci\u00f3n, sumado a la correspondiente educaci\u00f3n, para, a partir de ah\u00ed, y en funci\u00f3n de c\u00f3mo vaya impactando y evolucionando, ir incorporando distintos barrios. El objetivo es \u201cpoder valorizar toda la corriente de residuos que hoy por ah\u00ed termina en el relleno sanitario, salvo lo que la gente lleva a las campanas que eso tiene su destino\u201d, ampli\u00f3 C\u00e9sar Molina.<\/p>\n\n\n\n<p>Con respecto al actual relleno sanitario y la decisi\u00f3n de abogar por un nuevo espacio para descomprimir la situaci\u00f3n, dijo que una nueva parcela en el emplazamiento pronta a inaugurarse \u201ctendr\u00e1 una vida \u00fatil de varios a\u00f1os, en ese sentido estamos tranquilos\u201d.<\/p>\n\n\n\n<p>Asimismo, en relaci\u00f3n con aquel anuncio formulado en noviembre de 2021 en Ushuaia por el ministro de Ambiente de Naci\u00f3n, Juan Cabandi\u00e9, de centros ambientales en Ushuaia, R\u00edo Grande y Tolhuin financiados por el BID, el Dr. Molina rescat\u00f3 que \u201ceso sigue en tr\u00e1mite, est\u00e1 dentro de los procedimientos administrativos. Es un proyecto puntual que viene con financiamiento exterior, todo tiene sus procedimientos administrativos, sus tiempos. Estamos deseosos que se puede concretar, pero depende de los tiempos del resto\u201d culmin\u00f3.<\/p>\n\n\n\n<p>Fuente: www.eldiariodelfindelmundo.com<\/p>\n","protected":false},"excerpt":{"rendered":"","protected":false},"author":6,"featured_media":76920,"comment_status":"open","ping_status":"open","sticky":false,"template":"","format":"standard","meta":{"site-sidebar-layout":"default","site-content-layout":"","ast-site-content-layout":"default","site-content-style":"default","site-sidebar-style":"default","ast-global-header-display":"","ast-banner-title-visibility":"","ast-main-header-display":"","ast-hfb-above-header-display":"","ast-hfb-below-header-display":"","ast-hfb-mobile-header-display":"","site-post-title":"","ast-breadcrumbs-content":"","ast-featured-img":"","footer-sml-layout":"","ast-disable-related-posts":"","theme-transparent-header-meta":"","adv-header-id-meta":"","stick-header-meta":"","header-above-stick-meta":"","header-main-stick-meta":"","header-below-stick-meta":"","astra-migrate-meta-layouts":"default","ast-page-background-enabled":"default","ast-page-background-meta":{"desktop":{"background-color":"var(--ast-global-color-5)","background-image":"","background-repeat":"repeat","background-position":"center center","background-size":"auto","background-attachment":"scroll","background-type":"","background-media":"","overlay-type":"","overlay-color":"","overlay-opacity":"","overlay-gradient":""},"tablet":{"background-color":"","background-image":"","background-repeat":"repeat","background-position":"center center","background-size":"auto","background-attachment":"scroll","background-type":"","background-media":"","overlay-type":"","overlay-color":"","overlay-opacity":"","overlay-gradient":""},"mobile":{"background-color":"","background-image":"","background-repeat":"repeat","background-position":"center center","background-size":"auto","background-attachment":"scroll","background-type":"","background-media":"","overlay-type":"","overlay-color":"","overlay-opacity":"","overlay-gradient":""}},"ast-content-background-meta":{"desktop":{"background-color":"var(--ast-global-color-4)","background-image":"","background-repeat":"repeat","background-position":"center center","background-size":"auto","background-attachment":"scroll","background-type":"","background-media":"","overlay-type":"","overlay-color":"","overlay-opacity":"","overlay-gradient":""},"tablet":{"background-color":"var(--ast-global-color-4)","background-image":"","background-repeat":"repeat","background-position":"center center","background-size":"auto","background-attachment":"scroll","background-type":"","background-media":"","overlay-type":"","overlay-color":"","overlay-opacity":"","overlay-gradient":""},"mobile":{"background-color":"var(--ast-global-color-4)","background-image":"","background-repeat":"repeat","background-position":"center center","background-size":"auto","background-attachment":"scroll","background-type":"","background-media":"","overlay-type":"","overlay-color":"","overlay-opacity":"","overlay-gradient":""}},"footnotes":""},"categories":[11,3357,16,1,10],"tags":[],"class_list":["post-76919","post","type-post","status-publish","format-standard","has-post-thumbnail","hentry","category-boletin","category-girsu","category-municipales","category-noticias","category-rotador"],"yoast_head":"<!-- This site is optimized with the Yoast SEO Premium plugin v23.0 (Yoast SEO v27.4) - https:\/\/yoast.com\/product\/yoast-seo-premium-wordpress\/ -->\n<title>Se viene un servicio de recolecci\u00f3n selectiva en Ushuaia<\/title>\n<meta name=\"robots\" content=\"index, follow, max-snippet:-1, max-image-preview:large, max-video-preview:-1\" \/>\n<link rel=\"canonical\" href=\"https:\/\/patagoniambiental.com.ar\/info\/se-viene-un-servicio-de-recoleccion-selectiva-en-ushuaia\/\" \/>\n<meta property=\"og:locale\" content=\"es_ES\" \/>\n<meta property=\"og:type\" content=\"article\" \/>\n<meta property=\"og:title\" content=\"Se viene un servicio de recolecci\u00f3n selectiva en Ushuaia\" \/>\n<meta property=\"og:url\" content=\"https:\/\/patagoniambiental.com.ar\/info\/se-viene-un-servicio-de-recoleccion-selectiva-en-ushuaia\/\" \/>\n<meta property=\"og:site_name\" content=\"Patagonia Ambiental\" \/>\n<meta property=\"article:publisher\" content=\"https:\/\/www.facebook.com\/patagonia.ambiental\" \/>\n<meta property=\"article:published_time\" content=\"2023-02-20T10:00:00+00:00\" \/>\n<meta property=\"article:modified_time\" content=\"2024-08-19T02:23:33+00:00\" \/>\n<meta property=\"og:image\" content=\"https:\/\/patagoniambiental.com.ar\/info\/wp-content\/uploads\/2023\/02\/3.jpg\" \/>\n\t<meta property=\"og:image:width\" content=\"800\" \/>\n\t<meta property=\"og:image:height\" content=\"534\" \/>\n\t<meta property=\"og:image:type\" content=\"image\/jpeg\" \/>\n<meta name=\"author\" content=\"BRAIAN ESTEVEZ\" \/>\n<meta name=\"twitter:card\" content=\"summary_large_image\" \/>\n<meta name=\"twitter:creator\" content=\"@PatAmb\" \/>\n<meta name=\"twitter:site\" content=\"@PatAmb\" \/>\n<script type=\"application\/ld+json\" class=\"yoast-schema-graph\">{\"@context\":\"https:\\\/\\\/schema.org\",\"@graph\":[{\"@type\":\"Article\",\"@id\":\"https:\\\/\\\/patagoniambiental.com.ar\\\/info\\\/se-viene-un-servicio-de-recoleccion-selectiva-en-ushuaia\\\/#article\",\"isPartOf\":{\"@id\":\"https:\\\/\\\/patagoniambiental.com.ar\\\/info\\\/se-viene-un-servicio-de-recoleccion-selectiva-en-ushuaia\\\/\"},\"author\":{\"name\":\"BRAIAN ESTEVEZ\",\"@id\":\"https:\\\/\\\/patagoniambiental.com.ar\\\/info\\\/#\\\/schema\\\/person\\\/e5af09d700b2e82cb10c6b8800e0c691\"},\"headline\":\"Se viene un servicio de recolecci\u00f3n selectiva en Ushuaia\",\"datePublished\":\"2023-02-20T10:00:00+00:00\",\"dateModified\":\"2024-08-19T02:23:33+00:00\",\"mainEntityOfPage\":{\"@id\":\"https:\\\/\\\/patagoniambiental.com.ar\\\/info\\\/se-viene-un-servicio-de-recoleccion-selectiva-en-ushuaia\\\/\"},\"wordCount\":501,\"commentCount\":0,\"publisher\":{\"@id\":\"https:\\\/\\\/patagoniambiental.com.ar\\\/info\\\/#organization\"},\"image\":{\"@id\":\"https:\\\/\\\/patagoniambiental.com.ar\\\/info\\\/se-viene-un-servicio-de-recoleccion-selectiva-en-ushuaia\\\/#primaryimage\"},\"thumbnailUrl\":\"https:\\\/\\\/patagoniambiental.com.ar\\\/info\\\/wp-content\\\/uploads\\\/2023\\\/02\\\/3.jpg\",\"articleSection\":[\"Bolet\u00edn\",\"GIRSU\",\"Municipales\",\"Noticias\",\"Rotador\"],\"inLanguage\":\"es\",\"potentialAction\":[{\"@type\":\"CommentAction\",\"name\":\"Comment\",\"target\":[\"https:\\\/\\\/patagoniambiental.com.ar\\\/info\\\/se-viene-un-servicio-de-recoleccion-selectiva-en-ushuaia\\\/#respond\"]}]},{\"@type\":\"WebPage\",\"@id\":\"https:\\\/\\\/patagoniambiental.com.ar\\\/info\\\/se-viene-un-servicio-de-recoleccion-selectiva-en-ushuaia\\\/\",\"url\":\"https:\\\/\\\/patagoniambiental.com.ar\\\/info\\\/se-viene-un-servicio-de-recoleccion-selectiva-en-ushuaia\\\/\",\"name\":\"Se viene un servicio de recolecci\u00f3n selectiva en Ushuaia\",\"isPartOf\":{\"@id\":\"https:\\\/\\\/patagoniambiental.com.ar\\\/info\\\/#website\"},\"primaryImageOfPage\":{\"@id\":\"https:\\\/\\\/patagoniambiental.com.ar\\\/info\\\/se-viene-un-servicio-de-recoleccion-selectiva-en-ushuaia\\\/#primaryimage\"},\"image\":{\"@id\":\"https:\\\/\\\/patagoniambiental.com.ar\\\/info\\\/se-viene-un-servicio-de-recoleccion-selectiva-en-ushuaia\\\/#primaryimage\"},\"thumbnailUrl\":\"https:\\\/\\\/patagoniambiental.com.ar\\\/info\\\/wp-content\\\/uploads\\\/2023\\\/02\\\/3.jpg\",\"datePublished\":\"2023-02-20T10:00:00+00:00\",\"dateModified\":\"2024-08-19T02:23:33+00:00\",\"breadcrumb\":{\"@id\":\"https:\\\/\\\/patagoniambiental.com.ar\\\/info\\\/se-viene-un-servicio-de-recoleccion-selectiva-en-ushuaia\\\/#breadcrumb\"},\"inLanguage\":\"es\",\"potentialAction\":[{\"@type\":\"ReadAction\",\"target\":[\"https:\\\/\\\/patagoniambiental.com.ar\\\/info\\\/se-viene-un-servicio-de-recoleccion-selectiva-en-ushuaia\\\/\"]}]},{\"@type\":\"ImageObject\",\"inLanguage\":\"es\",\"@id\":\"https:\\\/\\\/patagoniambiental.com.ar\\\/info\\\/se-viene-un-servicio-de-recoleccion-selectiva-en-ushuaia\\\/#primaryimage\",\"url\":\"https:\\\/\\\/patagoniambiental.com.ar\\\/info\\\/wp-content\\\/uploads\\\/2023\\\/02\\\/3.jpg\",\"contentUrl\":\"https:\\\/\\\/patagoniambiental.com.ar\\\/info\\\/wp-content\\\/uploads\\\/2023\\\/02\\\/3.jpg\",\"width\":800,\"height\":534},{\"@type\":\"BreadcrumbList\",\"@id\":\"https:\\\/\\\/patagoniambiental.com.ar\\\/info\\\/se-viene-un-servicio-de-recoleccion-selectiva-en-ushuaia\\\/#breadcrumb\",\"itemListElement\":[{\"@type\":\"ListItem\",\"position\":1,\"name\":\"Inicio\",\"item\":\"https:\\\/\\\/patagoniambiental.com.ar\\\/info\\\/\"},{\"@type\":\"ListItem\",\"position\":2,\"name\":\"Se viene un servicio de recolecci\u00f3n selectiva en Ushuaia\"}]},{\"@type\":\"WebSite\",\"@id\":\"https:\\\/\\\/patagoniambiental.com.ar\\\/info\\\/#website\",\"url\":\"https:\\\/\\\/patagoniambiental.com.ar\\\/info\\\/\",\"name\":\"Patagonia Ambiental\",\"description\":\"Monitoreo y an\u00e1lisis de la situaci\u00f3n geopol\u00edtica en el mundo y su implicancia en la Patagonia\",\"publisher\":{\"@id\":\"https:\\\/\\\/patagoniambiental.com.ar\\\/info\\\/#organization\"},\"potentialAction\":[{\"@type\":\"SearchAction\",\"target\":{\"@type\":\"EntryPoint\",\"urlTemplate\":\"https:\\\/\\\/patagoniambiental.com.ar\\\/info\\\/?s={search_term_string}\"},\"query-input\":{\"@type\":\"PropertyValueSpecification\",\"valueRequired\":true,\"valueName\":\"search_term_string\"}}],\"inLanguage\":\"es\"},{\"@type\":\"Organization\",\"@id\":\"https:\\\/\\\/patagoniambiental.com.ar\\\/info\\\/#organization\",\"name\":\"Patagonia Ambiental\",\"url\":\"https:\\\/\\\/patagoniambiental.com.ar\\\/info\\\/\",\"logo\":{\"@type\":\"ImageObject\",\"inLanguage\":\"es\",\"@id\":\"https:\\\/\\\/patagoniambiental.com.ar\\\/info\\\/#\\\/schema\\\/logo\\\/image\\\/\",\"url\":\"https:\\\/\\\/patagoniambiental.com.ar\\\/info\\\/wp-content\\\/uploads\\\/2025\\\/05\\\/LOGO-PATAGONIA-AMBIENTAL.png\",\"contentUrl\":\"https:\\\/\\\/patagoniambiental.com.ar\\\/info\\\/wp-content\\\/uploads\\\/2025\\\/05\\\/LOGO-PATAGONIA-AMBIENTAL.png\",\"width\":433,\"height\":250,\"caption\":\"Patagonia Ambiental\"},\"image\":{\"@id\":\"https:\\\/\\\/patagoniambiental.com.ar\\\/info\\\/#\\\/schema\\\/logo\\\/image\\\/\"},\"sameAs\":[\"https:\\\/\\\/www.facebook.com\\\/patagonia.ambiental\",\"https:\\\/\\\/x.com\\\/PatAmb\"]},{\"@type\":\"Person\",\"@id\":\"https:\\\/\\\/patagoniambiental.com.ar\\\/info\\\/#\\\/schema\\\/person\\\/e5af09d700b2e82cb10c6b8800e0c691\",\"name\":\"BRAIAN ESTEVEZ\",\"sameAs\":[\"http:\\\/\\\/www.patagoniambiental.com.ar\"]}]}<\/script>\n<!-- \/ Yoast SEO Premium plugin. -->","yoast_head_json":{"title":"Se viene un servicio de recolecci\u00f3n selectiva en Ushuaia","robots":{"index":"index","follow":"follow","max-snippet":"max-snippet:-1","max-image-preview":"max-image-preview:large","max-video-preview":"max-video-preview:-1"},"canonical":"https:\/\/patagoniambiental.com.ar\/info\/se-viene-un-servicio-de-recoleccion-selectiva-en-ushuaia\/","og_locale":"es_ES","og_type":"article","og_title":"Se viene un servicio de recolecci\u00f3n selectiva en Ushuaia","og_url":"https:\/\/patagoniambiental.com.ar\/info\/se-viene-un-servicio-de-recoleccion-selectiva-en-ushuaia\/","og_site_name":"Patagonia Ambiental","article_publisher":"https:\/\/www.facebook.com\/patagonia.ambiental","article_published_time":"2023-02-20T10:00:00+00:00","article_modified_time":"2024-08-19T02:23:33+00:00","og_image":[{"width":800,"height":534,"url":"https:\/\/patagoniambiental.com.ar\/info\/wp-content\/uploads\/2023\/02\/3.jpg","type":"image\/jpeg"}],"author":"BRAIAN ESTEVEZ","twitter_card":"summary_large_image","twitter_creator":"@PatAmb","twitter_site":"@PatAmb","schema":{"@context":"https:\/\/schema.org","@graph":[{"@type":"Article","@id":"https:\/\/patagoniambiental.com.ar\/info\/se-viene-un-servicio-de-recoleccion-selectiva-en-ushuaia\/#article","isPartOf":{"@id":"https:\/\/patagoniambiental.com.ar\/info\/se-viene-un-servicio-de-recoleccion-selectiva-en-ushuaia\/"},"author":{"name":"BRAIAN ESTEVEZ","@id":"https:\/\/patagoniambiental.com.ar\/info\/#\/schema\/person\/e5af09d700b2e82cb10c6b8800e0c691"},"headline":"Se viene un servicio de recolecci\u00f3n selectiva en Ushuaia","datePublished":"2023-02-20T10:00:00+00:00","dateModified":"2024-08-19T02:23:33+00:00","mainEntityOfPage":{"@id":"https:\/\/patagoniambiental.com.ar\/info\/se-viene-un-servicio-de-recoleccion-selectiva-en-ushuaia\/"},"wordCount":501,"commentCount":0,"publisher":{"@id":"https:\/\/patagoniambiental.com.ar\/info\/#organization"},"image":{"@id":"https:\/\/patagoniambiental.com.ar\/info\/se-viene-un-servicio-de-recoleccion-selectiva-en-ushuaia\/#primaryimage"},"thumbnailUrl":"https:\/\/patagoniambiental.com.ar\/info\/wp-content\/uploads\/2023\/02\/3.jpg","articleSection":["Bolet\u00edn","GIRSU","Municipales","Noticias","Rotador"],"inLanguage":"es","potentialAction":[{"@type":"CommentAction","name":"Comment","target":["https:\/\/patagoniambiental.com.ar\/info\/se-viene-un-servicio-de-recoleccion-selectiva-en-ushuaia\/#respond"]}]},{"@type":"WebPage","@id":"https:\/\/patagoniambiental.com.ar\/info\/se-viene-un-servicio-de-recoleccion-selectiva-en-ushuaia\/","url":"https:\/\/patagoniambiental.com.ar\/info\/se-viene-un-servicio-de-recoleccion-selectiva-en-ushuaia\/","name":"Se viene un servicio de recolecci\u00f3n selectiva en Ushuaia","isPartOf":{"@id":"https:\/\/patagoniambiental.com.ar\/info\/#website"},"primaryImageOfPage":{"@id":"https:\/\/patagoniambiental.com.ar\/info\/se-viene-un-servicio-de-recoleccion-selectiva-en-ushuaia\/#primaryimage"},"image":{"@id":"https:\/\/patagoniambiental.com.ar\/info\/se-viene-un-servicio-de-recoleccion-selectiva-en-ushuaia\/#primaryimage"},"thumbnailUrl":"https:\/\/patagoniambiental.com.ar\/info\/wp-content\/uploads\/2023\/02\/3.jpg","datePublished":"2023-02-20T10:00:00+00:00","dateModified":"2024-08-19T02:23:33+00:00","breadcrumb":{"@id":"https:\/\/patagoniambiental.com.ar\/info\/se-viene-un-servicio-de-recoleccion-selectiva-en-ushuaia\/#breadcrumb"},"inLanguage":"es","potentialAction":[{"@type":"ReadAction","target":["https:\/\/patagoniambiental.com.ar\/info\/se-viene-un-servicio-de-recoleccion-selectiva-en-ushuaia\/"]}]},{"@type":"ImageObject","inLanguage":"es","@id":"https:\/\/patagoniambiental.com.ar\/info\/se-viene-un-servicio-de-recoleccion-selectiva-en-ushuaia\/#primaryimage","url":"https:\/\/patagoniambiental.com.ar\/info\/wp-content\/uploads\/2023\/02\/3.jpg","contentUrl":"https:\/\/patagoniambiental.com.ar\/info\/wp-content\/uploads\/2023\/02\/3.jpg","width":800,"height":534},{"@type":"BreadcrumbList","@id":"https:\/\/patagoniambiental.com.ar\/info\/se-viene-un-servicio-de-recoleccion-selectiva-en-ushuaia\/#breadcrumb","itemListElement":[{"@type":"ListItem","position":1,"name":"Inicio","item":"https:\/\/patagoniambiental.com.ar\/info\/"},{"@type":"ListItem","position":2,"name":"Se viene un servicio de recolecci\u00f3n selectiva en Ushuaia"}]},{"@type":"WebSite","@id":"https:\/\/patagoniambiental.com.ar\/info\/#website","url":"https:\/\/patagoniambiental.com.ar\/info\/","name":"Patagonia Ambiental","description":"Monitoreo y an\u00e1lisis de la situaci\u00f3n geopol\u00edtica en el mundo y su implicancia en la Patagonia","publisher":{"@id":"https:\/\/patagoniambiental.com.ar\/info\/#organization"},"potentialAction":[{"@type":"SearchAction","target":{"@type":"EntryPoint","urlTemplate":"https:\/\/patagoniambiental.com.ar\/info\/?s={search_term_string}"},"query-input":{"@type":"PropertyValueSpecification","valueRequired":true,"valueName":"search_term_string"}}],"inLanguage":"es"},{"@type":"Organization","@id":"https:\/\/patagoniambiental.com.ar\/info\/#organization","name":"Patagonia Ambiental","url":"https:\/\/patagoniambiental.com.ar\/info\/","logo":{"@type":"ImageObject","inLanguage":"es","@id":"https:\/\/patagoniambiental.com.ar\/info\/#\/schema\/logo\/image\/","url":"https:\/\/patagoniambiental.com.ar\/info\/wp-content\/uploads\/2025\/05\/LOGO-PATAGONIA-AMBIENTAL.png","contentUrl":"https:\/\/patagoniambiental.com.ar\/info\/wp-content\/uploads\/2025\/05\/LOGO-PATAGONIA-AMBIENTAL.png","width":433,"height":250,"caption":"Patagonia Ambiental"},"image":{"@id":"https:\/\/patagoniambiental.com.ar\/info\/#\/schema\/logo\/image\/"},"sameAs":["https:\/\/www.facebook.com\/patagonia.ambiental","https:\/\/x.com\/PatAmb"]},{"@type":"Person","@id":"https:\/\/patagoniambiental.com.ar\/info\/#\/schema\/person\/e5af09d700b2e82cb10c6b8800e0c691","name":"BRAIAN ESTEVEZ","sameAs":["http:\/\/www.patagoniambiental.com.ar"]}]}},"_links":{"self":[{"href":"https:\/\/patagoniambiental.com.ar\/info\/wp-json\/wp\/v2\/posts\/76919","targetHints":{"allow":["GET"]}}],"collection":[{"href":"https:\/\/patagoniambiental.com.ar\/info\/wp-json\/wp\/v2\/posts"}],"about":[{"href":"https:\/\/patagoniambiental.com.ar\/info\/wp-json\/wp\/v2\/types\/post"}],"author":[{"embeddable":true,"href":"https:\/\/patagoniambiental.com.ar\/info\/wp-json\/wp\/v2\/users\/6"}],"replies":[{"embeddable":true,"href":"https:\/\/patagoniambiental.com.ar\/info\/wp-json\/wp\/v2\/comments?post=76919"}],"version-history":[{"count":0,"href":"https:\/\/patagoniambiental.com.ar\/info\/wp-json\/wp\/v2\/posts\/76919\/revisions"}],"wp:featuredmedia":[{"embeddable":true,"href":"https:\/\/patagoniambiental.com.ar\/info\/wp-json\/wp\/v2\/media\/76920"}],"wp:attachment":[{"href":"https:\/\/patagoniambiental.com.ar\/info\/wp-json\/wp\/v2\/media?parent=76919"}],"wp:term":[{"taxonomy":"category","embeddable":true,"href":"https:\/\/patagoniambiental.com.ar\/info\/wp-json\/wp\/v2\/categories?post=76919"},{"taxonomy":"post_tag","embeddable":true,"href":"https:\/\/patagoniambiental.com.ar\/info\/wp-json\/wp\/v2\/tags?post=76919"}],"curies":[{"name":"wp","href":"https:\/\/api.w.org\/{rel}","templated":true}]}}