{"id":76937,"date":"2023-02-26T07:00:00","date_gmt":"2023-02-26T10:00:00","guid":{"rendered":"http:\/\/patagoniambiental.com.ar\/info\/?p=76937"},"modified":"2024-08-18T23:18:52","modified_gmt":"2024-08-19T02:18:52","slug":"que-o-quienes-pusieron-al-huemul-al-borde-de-la-extincion","status":"publish","type":"post","link":"https:\/\/patagoniambiental.com.ar\/info\/que-o-quienes-pusieron-al-huemul-al-borde-de-la-extincion\/","title":{"rendered":"\u00bfQu\u00e9 o qui\u00e9nes pusieron al huemul al borde de la extinci\u00f3n?"},"content":{"rendered":"\n<!--more-->\n\n\n\n<p>Fuentes hist\u00f3ricas de fines del siglo XIX consignan la presencia del ciervo aut\u00f3ctono en espacios de estepa, pero hace tiempo que dej\u00f3 de migrar. \u00bfPor qu\u00e9? En la Argentina, solo quedan entre 350 y 500.<\/p>\n\n\n\n<p>Adquiri\u00f3 trascendencia nacional el nacimiento de un huemul macho en cautiverio, que se produjo en una estaci\u00f3n sita en Chubut. En realidad, el alumbramiento se concret\u00f3 en noviembre \u00faltimo, pero se dio a conocer a mediados de la semana que finaliza. \u00bfPor qu\u00e9 se anunci\u00f3 con tono festivo? Porque se trata de una especie en serio peligro de extinci\u00f3n. \u00bfQu\u00e9 o qui\u00e9nes son los responsables de poner al huemul contra las cuerdas?<\/p>\n\n\n\n<p>El informe m\u00e1s actualizado que difundi\u00f3 el CONICET data de julio \u00faltimo e introduce que \u201cen tiempos modernos se conceptualiz\u00f3 equ\u00edvocamente al huemul (Hippocamelus bisulcus) como una especie adaptada al bosque y exclusivamente a la alta monta\u00f1a, con ambientes rocosos y fuertes pendientes\u201d. Sin embargo, un estudio que publicaron especialistas en la revista Conservation \u201cpone en crisis este concepto\u201d.<\/p>\n\n\n\n<p>Seg\u00fan las m\u00e1s recientes averiguaciones, \u201cel huemul no es distinto a otros c\u00e9rvidos\u201d y \u201cla causa de su disminuci\u00f3n extraordinaria se debe a la presi\u00f3n antr\u00f3pica hist\u00f3rica y prehist\u00f3rica que result\u00f3 en su expulsi\u00f3n de buena parte de su territorio original en la pen\u00ednsula patag\u00f3nica (sic) y lo dej\u00f3 sobrevivir exclusivamente en refugios del bosque andino alto\u201d. El principal autor del trabajo es Werner Flueck, quien se desempe\u00f1a en el Parque Nacional Nahuel Huapi y tambi\u00e9n fue interlocutor de la prensa a ra\u00edz del nacimiento.<\/p>\n\n\n\n<p>\u201cLa p\u00e9rdida de las tradiciones migratorias del huemul a ra\u00edz de la sobrecacer\u00eda en el pasado y el establecimiento de poblaciones humanas en zonas habitadas por estos animales puso a esta especie en peligro de extinci\u00f3n\u201d, indica Flueck. En consecuencia, \u201cla reclusi\u00f3n obligada a regiones de los Andes, en zonas clasificadas como veranadas, ser\u00eda un factor que explicar\u00eda la disminuci\u00f3n de su poblaci\u00f3n y la alta proporci\u00f3n de ejemplares con afecci\u00f3n del esqueleto y baja longevidad\u201d, completa el informe del CONICET.<\/p>\n\n\n\n<p>Sigue Flueck: \u201cLos datos hist\u00f3ricos encontrados demuestran que en el pasado el huemul tuvo miembros que migraron estacionalmente pasando de zonas andinas boscosas, clasificadas como veranadas, a regiones no boscosas de la pen\u00ednsula patag\u00f3nica durante los inviernos. Incluso, en esta zona de invernadas, se estima que muchos grupos de huemules se comportaban como residentes anuales, compartiendo h\u00e1bitat con guanacos y choiques, u otros animales esteparios. En tal sentido su comportamiento es muy similar al de otros c\u00e9rvidos\u201d.<\/p>\n\n\n\n<p>El autor tambi\u00e9n investiga para el Instituto Suizo de Salud Tropical y P\u00fablica (Basilea). El reporte trae a colaci\u00f3n que Francisco Moreno hab\u00eda relatado en 1898 avistamientos de huemules en zonas no boscosas de la Patagonia y que, llamativamente, no hu\u00edan a pesar del peligro que corr\u00edan. Carl Martin, alem\u00e1n al servicio del gobierno de Chile en las \u00e9pocas de la delimitaci\u00f3n, tambi\u00e9n consign\u00f3 al a\u00f1o siguiente que, en una zona de estepa con retazos de bosque bajo y abierto, miembros de su expedici\u00f3n avistaron considerables grupos de huemules y se alimentaron de su carne durante semanas.<\/p>\n\n\n\n<p>Flueck y colegas colocaron radio collares (uno con GPS satelital) en seis huemules: tres hembras y tres machos. Se trata de individuos que viven en el Parque Protegido Shoonem, el mismo sitio donde se produjo el reciente alumbramiento. \u201cLos huemules radiomarcados y geolocalizados permanecieron todo el a\u00f1o en peque\u00f1os rangos territoriales con m\u00ednimos movimientos altitudinales estacionales. Constatamos as\u00ed que es el \u00fanico c\u00e9rvido en el mundo que habita veranadas de las cordilleras monta\u00f1osas durante todo el a\u00f1o como reacci\u00f3n a las actividades antropog\u00e9nicas\u201d, destac\u00f3 el especialista.<\/p>\n\n\n\n<p>\u201cSin embargo, la anatom\u00eda del huemul demuestra que est\u00e1 adaptado a praderas (\u00e1reas abiertas desforestadas). Desafortunadamente la presencia humana lo alej\u00f3 de sus tradiciones migratorias. Este cambio disminuy\u00f3 sus tasas de reproducci\u00f3n y alter\u00f3 de manera perjudicial su salud\u201d, lament\u00f3 el investigador. Del lado argentino de la cordillera, solo quedan entre 350 y 500 huemules.<\/p>\n\n\n\n<p>En las zonas de veranada, la calidad nutricional del forraje es menor en comparaci\u00f3n con las zonas de invernadas, adonde los huemules no tienen acceso por la presencia humana y porque perdieron la costumbre de migrar. \u201cLos pocos casos donde un huemul baja a un valle, generalmente no sobrevive por ataques de perros, caza o accidentes con veh\u00edculos. Por esta raz\u00f3n, la mayor\u00eda de las subpoblaciones existentes de huemules habitan en \u00e1reas monta\u00f1osas remotas, poco atractivas para los asentamientos humanos y de poco valor para la agricultura o la silvicultura\u201d. Pareciera que responsables de poner al huemul en peligro de extinci\u00f3n, somos todos.<\/p>\n\n\n\n<p>Fuente:<a href=\"https:\/\/www.elcordillerano.com.ar\/noticias\/2023\/02\/26\/155482-que-o-quienes-pusieron-al-huemul-al-borde-de-la-extincion\" target=\"_blank\" rel=\"noreferrer noopener\"> www.elcordillerano.com.ar<\/a><\/p>\n\n\n\n<p><\/p>\n\n\n\n<p><\/p>\n\n\n\n<p><\/p>\n\n\n\n<p><\/p>\n\n\n\n<p><\/p>\n\n\n\n<p><\/p>\n","protected":false},"excerpt":{"rendered":"","protected":false},"author":6,"featured_media":76938,"comment_status":"open","ping_status":"open","sticky":false,"template":"","format":"standard","meta":{"site-sidebar-layout":"default","site-content-layout":"","ast-site-content-layout":"default","site-content-style":"default","site-sidebar-style":"default","ast-global-header-display":"","ast-banner-title-visibility":"","ast-main-header-display":"","ast-hfb-above-header-display":"","ast-hfb-below-header-display":"","ast-hfb-mobile-header-display":"","site-post-title":"","ast-breadcrumbs-content":"","ast-featured-img":"","footer-sml-layout":"","ast-disable-related-posts":"","theme-transparent-header-meta":"","adv-header-id-meta":"","stick-header-meta":"","header-above-stick-meta":"","header-main-stick-meta":"","header-below-stick-meta":"","astra-migrate-meta-layouts":"default","ast-page-background-enabled":"default","ast-page-background-meta":{"desktop":{"background-color":"var(--ast-global-color-5)","background-image":"","background-repeat":"repeat","background-position":"center center","background-size":"auto","background-attachment":"scroll","background-type":"","background-media":"","overlay-type":"","overlay-color":"","overlay-opacity":"","overlay-gradient":""},"tablet":{"background-color":"","background-image":"","background-repeat":"repeat","background-position":"center center","background-size":"auto","background-attachment":"scroll","background-type":"","background-media":"","overlay-type":"","overlay-color":"","overlay-opacity":"","overlay-gradient":""},"mobile":{"background-color":"","background-image":"","background-repeat":"repeat","background-position":"center center","background-size":"auto","background-attachment":"scroll","background-type":"","background-media":"","overlay-type":"","overlay-color":"","overlay-opacity":"","overlay-gradient":""}},"ast-content-background-meta":{"desktop":{"background-color":"var(--ast-global-color-4)","background-image":"","background-repeat":"repeat","background-position":"center center","background-size":"auto","background-attachment":"scroll","background-type":"","background-media":"","overlay-type":"","overlay-color":"","overlay-opacity":"","overlay-gradient":""},"tablet":{"background-color":"var(--ast-global-color-4)","background-image":"","background-repeat":"repeat","background-position":"center center","background-size":"auto","background-attachment":"scroll","background-type":"","background-media":"","overlay-type":"","overlay-color":"","overlay-opacity":"","overlay-gradient":""},"mobile":{"background-color":"var(--ast-global-color-4)","background-image":"","background-repeat":"repeat","background-position":"center center","background-size":"auto","background-attachment":"scroll","background-type":"","background-media":"","overlay-type":"","overlay-color":"","overlay-opacity":"","overlay-gradient":""}},"footnotes":""},"categories":[11,1,13,14,10],"tags":[],"class_list":["post-76937","post","type-post","status-publish","format-standard","has-post-thumbnail","hentry","category-boletin","category-noticias","category-provinciales","category-rio-negro","category-rotador"],"yoast_head":"<!-- This site is optimized with the Yoast SEO Premium plugin v23.0 (Yoast SEO v27.4) - https:\/\/yoast.com\/product\/yoast-seo-premium-wordpress\/ -->\n<title>\u00bfQu\u00e9 o qui\u00e9nes pusieron al huemul al borde de la extinci\u00f3n?<\/title>\n<meta name=\"robots\" content=\"index, follow, max-snippet:-1, max-image-preview:large, max-video-preview:-1\" \/>\n<link rel=\"canonical\" href=\"https:\/\/patagoniambiental.com.ar\/info\/que-o-quienes-pusieron-al-huemul-al-borde-de-la-extincion\/\" \/>\n<meta property=\"og:locale\" content=\"es_ES\" \/>\n<meta property=\"og:type\" content=\"article\" \/>\n<meta property=\"og:title\" content=\"\u00bfQu\u00e9 o qui\u00e9nes pusieron al huemul al borde de la extinci\u00f3n?\" \/>\n<meta property=\"og:url\" content=\"https:\/\/patagoniambiental.com.ar\/info\/que-o-quienes-pusieron-al-huemul-al-borde-de-la-extincion\/\" \/>\n<meta property=\"og:site_name\" content=\"Patagonia Ambiental\" \/>\n<meta property=\"article:publisher\" content=\"https:\/\/www.facebook.com\/patagonia.ambiental\" \/>\n<meta property=\"article:published_time\" content=\"2023-02-26T10:00:00+00:00\" \/>\n<meta property=\"article:modified_time\" content=\"2024-08-19T02:18:52+00:00\" \/>\n<meta property=\"og:image\" content=\"https:\/\/patagoniambiental.com.ar\/info\/wp-content\/uploads\/2023\/02\/md.jpg\" \/>\n\t<meta property=\"og:image:width\" content=\"992\" \/>\n\t<meta property=\"og:image:height\" content=\"558\" \/>\n\t<meta property=\"og:image:type\" content=\"image\/jpeg\" \/>\n<meta name=\"author\" content=\"BRAIAN ESTEVEZ\" \/>\n<meta name=\"twitter:card\" content=\"summary_large_image\" \/>\n<meta name=\"twitter:creator\" content=\"@PatAmb\" \/>\n<meta name=\"twitter:site\" content=\"@PatAmb\" \/>\n<script type=\"application\/ld+json\" class=\"yoast-schema-graph\">{\"@context\":\"https:\\\/\\\/schema.org\",\"@graph\":[{\"@type\":\"Article\",\"@id\":\"https:\\\/\\\/patagoniambiental.com.ar\\\/info\\\/que-o-quienes-pusieron-al-huemul-al-borde-de-la-extincion\\\/#article\",\"isPartOf\":{\"@id\":\"https:\\\/\\\/patagoniambiental.com.ar\\\/info\\\/que-o-quienes-pusieron-al-huemul-al-borde-de-la-extincion\\\/\"},\"author\":{\"name\":\"BRAIAN ESTEVEZ\",\"@id\":\"https:\\\/\\\/patagoniambiental.com.ar\\\/info\\\/#\\\/schema\\\/person\\\/e5af09d700b2e82cb10c6b8800e0c691\"},\"headline\":\"\u00bfQu\u00e9 o qui\u00e9nes pusieron al huemul al borde de la extinci\u00f3n?\",\"datePublished\":\"2023-02-26T10:00:00+00:00\",\"dateModified\":\"2024-08-19T02:18:52+00:00\",\"mainEntityOfPage\":{\"@id\":\"https:\\\/\\\/patagoniambiental.com.ar\\\/info\\\/que-o-quienes-pusieron-al-huemul-al-borde-de-la-extincion\\\/\"},\"wordCount\":828,\"commentCount\":0,\"publisher\":{\"@id\":\"https:\\\/\\\/patagoniambiental.com.ar\\\/info\\\/#organization\"},\"image\":{\"@id\":\"https:\\\/\\\/patagoniambiental.com.ar\\\/info\\\/que-o-quienes-pusieron-al-huemul-al-borde-de-la-extincion\\\/#primaryimage\"},\"thumbnailUrl\":\"https:\\\/\\\/patagoniambiental.com.ar\\\/info\\\/wp-content\\\/uploads\\\/2023\\\/02\\\/md.jpg\",\"articleSection\":[\"Bolet\u00edn\",\"Noticias\",\"Provinciales\",\"R\u00edo Negro\",\"Rotador\"],\"inLanguage\":\"es\",\"potentialAction\":[{\"@type\":\"CommentAction\",\"name\":\"Comment\",\"target\":[\"https:\\\/\\\/patagoniambiental.com.ar\\\/info\\\/que-o-quienes-pusieron-al-huemul-al-borde-de-la-extincion\\\/#respond\"]}]},{\"@type\":\"WebPage\",\"@id\":\"https:\\\/\\\/patagoniambiental.com.ar\\\/info\\\/que-o-quienes-pusieron-al-huemul-al-borde-de-la-extincion\\\/\",\"url\":\"https:\\\/\\\/patagoniambiental.com.ar\\\/info\\\/que-o-quienes-pusieron-al-huemul-al-borde-de-la-extincion\\\/\",\"name\":\"\u00bfQu\u00e9 o qui\u00e9nes pusieron al huemul al borde de la extinci\u00f3n?\",\"isPartOf\":{\"@id\":\"https:\\\/\\\/patagoniambiental.com.ar\\\/info\\\/#website\"},\"primaryImageOfPage\":{\"@id\":\"https:\\\/\\\/patagoniambiental.com.ar\\\/info\\\/que-o-quienes-pusieron-al-huemul-al-borde-de-la-extincion\\\/#primaryimage\"},\"image\":{\"@id\":\"https:\\\/\\\/patagoniambiental.com.ar\\\/info\\\/que-o-quienes-pusieron-al-huemul-al-borde-de-la-extincion\\\/#primaryimage\"},\"thumbnailUrl\":\"https:\\\/\\\/patagoniambiental.com.ar\\\/info\\\/wp-content\\\/uploads\\\/2023\\\/02\\\/md.jpg\",\"datePublished\":\"2023-02-26T10:00:00+00:00\",\"dateModified\":\"2024-08-19T02:18:52+00:00\",\"breadcrumb\":{\"@id\":\"https:\\\/\\\/patagoniambiental.com.ar\\\/info\\\/que-o-quienes-pusieron-al-huemul-al-borde-de-la-extincion\\\/#breadcrumb\"},\"inLanguage\":\"es\",\"potentialAction\":[{\"@type\":\"ReadAction\",\"target\":[\"https:\\\/\\\/patagoniambiental.com.ar\\\/info\\\/que-o-quienes-pusieron-al-huemul-al-borde-de-la-extincion\\\/\"]}]},{\"@type\":\"ImageObject\",\"inLanguage\":\"es\",\"@id\":\"https:\\\/\\\/patagoniambiental.com.ar\\\/info\\\/que-o-quienes-pusieron-al-huemul-al-borde-de-la-extincion\\\/#primaryimage\",\"url\":\"https:\\\/\\\/patagoniambiental.com.ar\\\/info\\\/wp-content\\\/uploads\\\/2023\\\/02\\\/md.jpg\",\"contentUrl\":\"https:\\\/\\\/patagoniambiental.com.ar\\\/info\\\/wp-content\\\/uploads\\\/2023\\\/02\\\/md.jpg\",\"width\":992,\"height\":558},{\"@type\":\"BreadcrumbList\",\"@id\":\"https:\\\/\\\/patagoniambiental.com.ar\\\/info\\\/que-o-quienes-pusieron-al-huemul-al-borde-de-la-extincion\\\/#breadcrumb\",\"itemListElement\":[{\"@type\":\"ListItem\",\"position\":1,\"name\":\"Inicio\",\"item\":\"https:\\\/\\\/patagoniambiental.com.ar\\\/info\\\/\"},{\"@type\":\"ListItem\",\"position\":2,\"name\":\"\u00bfQu\u00e9 o qui\u00e9nes pusieron al huemul al borde de la extinci\u00f3n?\"}]},{\"@type\":\"WebSite\",\"@id\":\"https:\\\/\\\/patagoniambiental.com.ar\\\/info\\\/#website\",\"url\":\"https:\\\/\\\/patagoniambiental.com.ar\\\/info\\\/\",\"name\":\"Patagonia Ambiental\",\"description\":\"Monitoreo y an\u00e1lisis de la situaci\u00f3n geopol\u00edtica en el mundo y su implicancia en la Patagonia\",\"publisher\":{\"@id\":\"https:\\\/\\\/patagoniambiental.com.ar\\\/info\\\/#organization\"},\"potentialAction\":[{\"@type\":\"SearchAction\",\"target\":{\"@type\":\"EntryPoint\",\"urlTemplate\":\"https:\\\/\\\/patagoniambiental.com.ar\\\/info\\\/?s={search_term_string}\"},\"query-input\":{\"@type\":\"PropertyValueSpecification\",\"valueRequired\":true,\"valueName\":\"search_term_string\"}}],\"inLanguage\":\"es\"},{\"@type\":\"Organization\",\"@id\":\"https:\\\/\\\/patagoniambiental.com.ar\\\/info\\\/#organization\",\"name\":\"Patagonia Ambiental\",\"url\":\"https:\\\/\\\/patagoniambiental.com.ar\\\/info\\\/\",\"logo\":{\"@type\":\"ImageObject\",\"inLanguage\":\"es\",\"@id\":\"https:\\\/\\\/patagoniambiental.com.ar\\\/info\\\/#\\\/schema\\\/logo\\\/image\\\/\",\"url\":\"https:\\\/\\\/patagoniambiental.com.ar\\\/info\\\/wp-content\\\/uploads\\\/2025\\\/05\\\/LOGO-PATAGONIA-AMBIENTAL.png\",\"contentUrl\":\"https:\\\/\\\/patagoniambiental.com.ar\\\/info\\\/wp-content\\\/uploads\\\/2025\\\/05\\\/LOGO-PATAGONIA-AMBIENTAL.png\",\"width\":433,\"height\":250,\"caption\":\"Patagonia Ambiental\"},\"image\":{\"@id\":\"https:\\\/\\\/patagoniambiental.com.ar\\\/info\\\/#\\\/schema\\\/logo\\\/image\\\/\"},\"sameAs\":[\"https:\\\/\\\/www.facebook.com\\\/patagonia.ambiental\",\"https:\\\/\\\/x.com\\\/PatAmb\"]},{\"@type\":\"Person\",\"@id\":\"https:\\\/\\\/patagoniambiental.com.ar\\\/info\\\/#\\\/schema\\\/person\\\/e5af09d700b2e82cb10c6b8800e0c691\",\"name\":\"BRAIAN ESTEVEZ\",\"sameAs\":[\"http:\\\/\\\/www.patagoniambiental.com.ar\"]}]}<\/script>\n<!-- \/ Yoast SEO Premium plugin. -->","yoast_head_json":{"title":"\u00bfQu\u00e9 o qui\u00e9nes pusieron al huemul al borde de la extinci\u00f3n?","robots":{"index":"index","follow":"follow","max-snippet":"max-snippet:-1","max-image-preview":"max-image-preview:large","max-video-preview":"max-video-preview:-1"},"canonical":"https:\/\/patagoniambiental.com.ar\/info\/que-o-quienes-pusieron-al-huemul-al-borde-de-la-extincion\/","og_locale":"es_ES","og_type":"article","og_title":"\u00bfQu\u00e9 o qui\u00e9nes pusieron al huemul al borde de la extinci\u00f3n?","og_url":"https:\/\/patagoniambiental.com.ar\/info\/que-o-quienes-pusieron-al-huemul-al-borde-de-la-extincion\/","og_site_name":"Patagonia Ambiental","article_publisher":"https:\/\/www.facebook.com\/patagonia.ambiental","article_published_time":"2023-02-26T10:00:00+00:00","article_modified_time":"2024-08-19T02:18:52+00:00","og_image":[{"width":992,"height":558,"url":"https:\/\/patagoniambiental.com.ar\/info\/wp-content\/uploads\/2023\/02\/md.jpg","type":"image\/jpeg"}],"author":"BRAIAN ESTEVEZ","twitter_card":"summary_large_image","twitter_creator":"@PatAmb","twitter_site":"@PatAmb","schema":{"@context":"https:\/\/schema.org","@graph":[{"@type":"Article","@id":"https:\/\/patagoniambiental.com.ar\/info\/que-o-quienes-pusieron-al-huemul-al-borde-de-la-extincion\/#article","isPartOf":{"@id":"https:\/\/patagoniambiental.com.ar\/info\/que-o-quienes-pusieron-al-huemul-al-borde-de-la-extincion\/"},"author":{"name":"BRAIAN ESTEVEZ","@id":"https:\/\/patagoniambiental.com.ar\/info\/#\/schema\/person\/e5af09d700b2e82cb10c6b8800e0c691"},"headline":"\u00bfQu\u00e9 o qui\u00e9nes pusieron al huemul al borde de la extinci\u00f3n?","datePublished":"2023-02-26T10:00:00+00:00","dateModified":"2024-08-19T02:18:52+00:00","mainEntityOfPage":{"@id":"https:\/\/patagoniambiental.com.ar\/info\/que-o-quienes-pusieron-al-huemul-al-borde-de-la-extincion\/"},"wordCount":828,"commentCount":0,"publisher":{"@id":"https:\/\/patagoniambiental.com.ar\/info\/#organization"},"image":{"@id":"https:\/\/patagoniambiental.com.ar\/info\/que-o-quienes-pusieron-al-huemul-al-borde-de-la-extincion\/#primaryimage"},"thumbnailUrl":"https:\/\/patagoniambiental.com.ar\/info\/wp-content\/uploads\/2023\/02\/md.jpg","articleSection":["Bolet\u00edn","Noticias","Provinciales","R\u00edo Negro","Rotador"],"inLanguage":"es","potentialAction":[{"@type":"CommentAction","name":"Comment","target":["https:\/\/patagoniambiental.com.ar\/info\/que-o-quienes-pusieron-al-huemul-al-borde-de-la-extincion\/#respond"]}]},{"@type":"WebPage","@id":"https:\/\/patagoniambiental.com.ar\/info\/que-o-quienes-pusieron-al-huemul-al-borde-de-la-extincion\/","url":"https:\/\/patagoniambiental.com.ar\/info\/que-o-quienes-pusieron-al-huemul-al-borde-de-la-extincion\/","name":"\u00bfQu\u00e9 o qui\u00e9nes pusieron al huemul al borde de la extinci\u00f3n?","isPartOf":{"@id":"https:\/\/patagoniambiental.com.ar\/info\/#website"},"primaryImageOfPage":{"@id":"https:\/\/patagoniambiental.com.ar\/info\/que-o-quienes-pusieron-al-huemul-al-borde-de-la-extincion\/#primaryimage"},"image":{"@id":"https:\/\/patagoniambiental.com.ar\/info\/que-o-quienes-pusieron-al-huemul-al-borde-de-la-extincion\/#primaryimage"},"thumbnailUrl":"https:\/\/patagoniambiental.com.ar\/info\/wp-content\/uploads\/2023\/02\/md.jpg","datePublished":"2023-02-26T10:00:00+00:00","dateModified":"2024-08-19T02:18:52+00:00","breadcrumb":{"@id":"https:\/\/patagoniambiental.com.ar\/info\/que-o-quienes-pusieron-al-huemul-al-borde-de-la-extincion\/#breadcrumb"},"inLanguage":"es","potentialAction":[{"@type":"ReadAction","target":["https:\/\/patagoniambiental.com.ar\/info\/que-o-quienes-pusieron-al-huemul-al-borde-de-la-extincion\/"]}]},{"@type":"ImageObject","inLanguage":"es","@id":"https:\/\/patagoniambiental.com.ar\/info\/que-o-quienes-pusieron-al-huemul-al-borde-de-la-extincion\/#primaryimage","url":"https:\/\/patagoniambiental.com.ar\/info\/wp-content\/uploads\/2023\/02\/md.jpg","contentUrl":"https:\/\/patagoniambiental.com.ar\/info\/wp-content\/uploads\/2023\/02\/md.jpg","width":992,"height":558},{"@type":"BreadcrumbList","@id":"https:\/\/patagoniambiental.com.ar\/info\/que-o-quienes-pusieron-al-huemul-al-borde-de-la-extincion\/#breadcrumb","itemListElement":[{"@type":"ListItem","position":1,"name":"Inicio","item":"https:\/\/patagoniambiental.com.ar\/info\/"},{"@type":"ListItem","position":2,"name":"\u00bfQu\u00e9 o qui\u00e9nes pusieron al huemul al borde de la extinci\u00f3n?"}]},{"@type":"WebSite","@id":"https:\/\/patagoniambiental.com.ar\/info\/#website","url":"https:\/\/patagoniambiental.com.ar\/info\/","name":"Patagonia Ambiental","description":"Monitoreo y an\u00e1lisis de la situaci\u00f3n geopol\u00edtica en el mundo y su implicancia en la Patagonia","publisher":{"@id":"https:\/\/patagoniambiental.com.ar\/info\/#organization"},"potentialAction":[{"@type":"SearchAction","target":{"@type":"EntryPoint","urlTemplate":"https:\/\/patagoniambiental.com.ar\/info\/?s={search_term_string}"},"query-input":{"@type":"PropertyValueSpecification","valueRequired":true,"valueName":"search_term_string"}}],"inLanguage":"es"},{"@type":"Organization","@id":"https:\/\/patagoniambiental.com.ar\/info\/#organization","name":"Patagonia Ambiental","url":"https:\/\/patagoniambiental.com.ar\/info\/","logo":{"@type":"ImageObject","inLanguage":"es","@id":"https:\/\/patagoniambiental.com.ar\/info\/#\/schema\/logo\/image\/","url":"https:\/\/patagoniambiental.com.ar\/info\/wp-content\/uploads\/2025\/05\/LOGO-PATAGONIA-AMBIENTAL.png","contentUrl":"https:\/\/patagoniambiental.com.ar\/info\/wp-content\/uploads\/2025\/05\/LOGO-PATAGONIA-AMBIENTAL.png","width":433,"height":250,"caption":"Patagonia Ambiental"},"image":{"@id":"https:\/\/patagoniambiental.com.ar\/info\/#\/schema\/logo\/image\/"},"sameAs":["https:\/\/www.facebook.com\/patagonia.ambiental","https:\/\/x.com\/PatAmb"]},{"@type":"Person","@id":"https:\/\/patagoniambiental.com.ar\/info\/#\/schema\/person\/e5af09d700b2e82cb10c6b8800e0c691","name":"BRAIAN ESTEVEZ","sameAs":["http:\/\/www.patagoniambiental.com.ar"]}]}},"_links":{"self":[{"href":"https:\/\/patagoniambiental.com.ar\/info\/wp-json\/wp\/v2\/posts\/76937","targetHints":{"allow":["GET"]}}],"collection":[{"href":"https:\/\/patagoniambiental.com.ar\/info\/wp-json\/wp\/v2\/posts"}],"about":[{"href":"https:\/\/patagoniambiental.com.ar\/info\/wp-json\/wp\/v2\/types\/post"}],"author":[{"embeddable":true,"href":"https:\/\/patagoniambiental.com.ar\/info\/wp-json\/wp\/v2\/users\/6"}],"replies":[{"embeddable":true,"href":"https:\/\/patagoniambiental.com.ar\/info\/wp-json\/wp\/v2\/comments?post=76937"}],"version-history":[{"count":0,"href":"https:\/\/patagoniambiental.com.ar\/info\/wp-json\/wp\/v2\/posts\/76937\/revisions"}],"wp:featuredmedia":[{"embeddable":true,"href":"https:\/\/patagoniambiental.com.ar\/info\/wp-json\/wp\/v2\/media\/76938"}],"wp:attachment":[{"href":"https:\/\/patagoniambiental.com.ar\/info\/wp-json\/wp\/v2\/media?parent=76937"}],"wp:term":[{"taxonomy":"category","embeddable":true,"href":"https:\/\/patagoniambiental.com.ar\/info\/wp-json\/wp\/v2\/categories?post=76937"},{"taxonomy":"post_tag","embeddable":true,"href":"https:\/\/patagoniambiental.com.ar\/info\/wp-json\/wp\/v2\/tags?post=76937"}],"curies":[{"name":"wp","href":"https:\/\/api.w.org\/{rel}","templated":true}]}}