{"id":76947,"date":"2023-03-03T07:00:00","date_gmt":"2023-03-03T10:00:00","guid":{"rendered":"http:\/\/patagoniambiental.com.ar\/info\/?p=76947"},"modified":"2024-08-18T23:13:48","modified_gmt":"2024-08-19T02:13:48","slug":"ambientalistas-consideran-una-bomba-de-tiempo-el-puerto-que-mirgor-construira-en-rio-grande","status":"publish","type":"post","link":"https:\/\/patagoniambiental.com.ar\/info\/ambientalistas-consideran-una-bomba-de-tiempo-el-puerto-que-mirgor-construira-en-rio-grande\/","title":{"rendered":"Ambientalistas consideran &#8216;una bomba de tiempo&#8217; el puerto que Mirgor construir\u00e1 en R\u00edo Grande"},"content":{"rendered":"\n<!--more-->\n\n\n\n<h4 class=\"wp-block-heading\" id=\"h-para-la-asociacion-manekenk-el-diseno-del-puerto-que-mirgor-propone-construir-en-rio-grande-es-una-bomba-de-tiempo-ambiental-y-podria-provocar-la-erosion-de-hasta-300-metros-costa-adentro-en-caso-de-fallas-estructurales-en-su-funcionamiento\">Para la Asociaci\u00f3n Manekenk, el dise\u00f1o del puerto que Mirgor propone construir en R\u00edo Grande \u00abes una bomba de tiempo ambiental\u00bb y podr\u00eda provocar la erosi\u00f3n de hasta 300 metros costa adentro en caso de fallas estructurales en su funcionamiento.<\/h4>\n\n\n\n<figure class=\"wp-block-image\"><img decoding=\"async\" src=\"https:\/\/criticasur.com.ar\/uploads\/noticias\/5\/20230227060914_da_rsenas_puerto_mirgor.png\" alt=\"\" title=\"\"\/><\/figure>\n\n\n\n<p><\/p>\n\n\n\n<p>Desde la <strong>Asociaci\u00f3n Manekenk<\/strong> advirtieron que el dise\u00f1o del puerto que Mirgor propone construir en R\u00edo Grande \u201c<strong>es una bomba de tiempo ambiental<\/strong>\u201d que pone en riesgo, entre otros aspectos, la Reserva Hemisf\u00e9rica de Aves Playeras.<\/p>\n\n\n\n<p>\u201cEl dise\u00f1o del puerto de Mirgor en la Reserva Costa Atl\u00e1ntica y sitio Ramsar, es una bomba de tiempo ambiental. El tipo de dise\u00f1o propuesto podr\u00eda provocar la erosi\u00f3n de hasta 300 metros costa adentro en caso de fallas estructurales en su funcionamiento\u201d, cuestionaron a trav\u00e9s de una gacetilla de prensa difundida ayer.<\/p>\n\n\n\n<p>La ONG menciona que el estudio de impacto ambiental, realizado por la Consultora Serman y Asociados a pedido de Mirgor, incluye el an\u00e1lisis de \u201c<strong>reconocidos especialistas en la provincia en cada tema<\/strong>\u201d, entendiendo que ofrece informaci\u00f3n \u201c<strong>con sumo detalle y profundidad las graves afectaciones a la costa y a la Reserva que producir\u00e1 el tipo de puerto que se pretende construir<\/strong>\u201d.<\/p>\n\n\n\n<p>\u201c<strong>Como organizaci\u00f3n de la sociedad civil, entendemos que el desarrollo de infraestructura es importante en la medida que responda a las necesidades del desarrollo local, contribuya a fortalecer nuestros derechos soberanos y tenga una inserci\u00f3n arm\u00f3nica con el medio socio-ambiental<\/strong>\u201d, destacaron desde Manekenk.<\/p>\n\n\n\n<p>Sin embargo, aclararon que \u201c<strong>no podemos dejar pasar algunas observaciones significativas que llamaron nuestra atenci\u00f3n al analizar profundamente los riesgos ambientales que dicha obra podr\u00eda causar en caso de sostener el modelo de puerto proyectado<\/strong>\u201d.<\/p>\n\n\n\n<p>Entre las observaciones realizadas por la ONG se menciona que \u201c<strong>el emplazamiento propuesto se halla dentro de la Reserva Provincial Costa Atl\u00e1ntica, en cuyas recomendaciones se invita particularmente a no admitir la actividad portuaria, adem\u00e1s de haber sido declarado sitio de importancia hemisf\u00e9rica de la Red Hemisf\u00e9rica de Reservas para Aves Playeras, considerado adem\u00e1s como sitio RAMSAR y \u00c1rea Importante para la Conservaci\u00f3n de las Aves (AICA)<\/strong>\u201d.<\/p>\n\n\n\n<p>\u201c<strong>En este mismo sentido, como objetivo de inter\u00e9s ambiental y tur\u00edstico para el Municipio de R\u00edo Grande, se trata de una Zona Especial de Inter\u00e9s Ambiental (ZEIA) dentro de la Cinta Costera del Mar Argentino\u201d, agregaron.<\/strong><\/p>\n\n\n\n<p><strong>Asimismo, advirtieron que \u201cla alteraci\u00f3n de la zona intermareal asociada al funcionamiento de un denominado by-pass de sedimentos &#8211; el cual no puede dejar de funcionar en ning\u00fan momento, con demanda de energ\u00eda para el bombeo de dichos s\u00f3lidos, poniendo en riesgo la biodiversidad (sitio de alimentaci\u00f3n de aves migratorias) y el patrimonio paleontol\u00f3gico<\/strong>\u201d.<\/p>\n\n\n\n<p>\u201c<strong>El funcionamiento del sistema de bombeo de sedimentos (by-pass) de un lado al otro de las obras de abrigo, condiciona toda la obra y su funcionamiento. Adem\u00e1s en todo el estudio de impacto ambiental, su correcto funcionamiento es puesto en duda permanentemente<\/strong>\u201d, explicaron.<\/p>\n\n\n\n<p>La asociaci\u00f3n alert\u00f3 que \u201c<strong>la soluci\u00f3n prevista para evitar la acumulaci\u00f3n de material en la costa implica el transporte diario de un estimado de 350\/500 m3 (m\u00e1s de 40 camiones diarios) a trav\u00e9s de un tubo que capte los sedimentos por un lado, los transporte bajo el canal de acceso al puerto, y los disperse del otro lado<\/strong>\u201d.<\/p>\n\n\n\n<p>Y enfatizaron: \u201c<strong>No hay antecedentes que permitan asegurar el \u201c\u00e9xito\u00bb de este denominado \u00abBy pass\u00bb. Si no funciona, o la empresa abandona la operaci\u00f3n, el desastre costero ser\u00e1 inevitable<\/strong>\u201d.<\/p>\n\n\n\n<p>\u201c<strong>Un mal funcionamiento del \u201cby-pass\u201d podr\u00eda provocar la erosi\u00f3n de la costa sur en m\u00e1s de 300 metros costa adentro y un crecimiento en el dep\u00f3sito de sedimentos en la zona norte de igual magnitud<\/strong>\u201d, se\u00f1alaron.<\/p>\n\n\n\n<p>Asimismo, desde la ONG cuestionaron que el proyecto \u201cno define si la fuente de agua dulce para garantizar la correcta construcci\u00f3n de las instalaciones ser\u00e1 de acu\u00edferos (el estudio no menciona si se conoce su existencia en las proximidades) u otras fuentes, con la consiguiente consecuencia en los usuarios y el ambiente.<\/p>\n\n\n\n<p>Por otro lado propone una planta de osmosis inversa (desalinizadora) que no est\u00e1 prevista en el proyecto\u201d. \u201cLa inc\u00f3gnita acerca de la obtenci\u00f3n de conglomerados (materiales \u00e1ridos) que utilizar\u00e1n durante la construcci\u00f3n del puerto, no fue evaluado por desconocerse las canteras que los proveer\u00e1n\u201d, detallaron.<\/p>\n\n\n\n<p>Adem\u00e1s, remarcaron que \u201cel estudio de suelos se encuentra pendiente de presentaci\u00f3n\u201d, por lo que \u201cno est\u00e1 definido cu\u00e1nto material \u00e1rido se requerir\u00e1 ni si provendr\u00e1 de canteras cercanas, actualmente prohibidas en el \u00e1rea protegida Reserva Costa Atl\u00e1ntica\u201d.<\/p>\n\n\n\n<p>\u201c<strong>La normativa actual no admite la instalaci\u00f3n de un puerto en el sector, por lo cual esta obra condiciona al estado a tener que modificar una normativa aprobada en el plan de manejo de la Reserva<\/strong>\u201d, indicaron. &nbsp;<\/p>\n\n\n\n<p>Por \u00faltimo, desde Manekenk puntualizaron que \u201c<strong>las modificaciones sobre el ecosistema y el paisaje son evaluados como de \u2018Alto Impacto\u2019 por los autores del informe\u201d, por lo que \u201cexigimos a la autoridad de aplicaci\u00f3n que el estudio de impacto ambiental no debe ser aprobado<\/strong>\u201d.<\/p>\n\n\n\n<p>Fuente: criticasur.com.ar<\/p>\n","protected":false},"excerpt":{"rendered":"","protected":false},"author":6,"featured_media":76948,"comment_status":"open","ping_status":"open","sticky":false,"template":"","format":"standard","meta":{"site-sidebar-layout":"default","site-content-layout":"","ast-site-content-layout":"default","site-content-style":"default","site-sidebar-style":"default","ast-global-header-display":"","ast-banner-title-visibility":"","ast-main-header-display":"","ast-hfb-above-header-display":"","ast-hfb-below-header-display":"","ast-hfb-mobile-header-display":"","site-post-title":"","ast-breadcrumbs-content":"","ast-featured-img":"","footer-sml-layout":"","ast-disable-related-posts":"","theme-transparent-header-meta":"","adv-header-id-meta":"","stick-header-meta":"","header-above-stick-meta":"","header-main-stick-meta":"","header-below-stick-meta":"","astra-migrate-meta-layouts":"default","ast-page-background-enabled":"default","ast-page-background-meta":{"desktop":{"background-color":"var(--ast-global-color-5)","background-image":"","background-repeat":"repeat","background-position":"center center","background-size":"auto","background-attachment":"scroll","background-type":"","background-media":"","overlay-type":"","overlay-color":"","overlay-opacity":"","overlay-gradient":""},"tablet":{"background-color":"","background-image":"","background-repeat":"repeat","background-position":"center center","background-size":"auto","background-attachment":"scroll","background-type":"","background-media":"","overlay-type":"","overlay-color":"","overlay-opacity":"","overlay-gradient":""},"mobile":{"background-color":"","background-image":"","background-repeat":"repeat","background-position":"center center","background-size":"auto","background-attachment":"scroll","background-type":"","background-media":"","overlay-type":"","overlay-color":"","overlay-opacity":"","overlay-gradient":""}},"ast-content-background-meta":{"desktop":{"background-color":"var(--ast-global-color-4)","background-image":"","background-repeat":"repeat","background-position":"center center","background-size":"auto","background-attachment":"scroll","background-type":"","background-media":"","overlay-type":"","overlay-color":"","overlay-opacity":"","overlay-gradient":""},"tablet":{"background-color":"var(--ast-global-color-4)","background-image":"","background-repeat":"repeat","background-position":"center center","background-size":"auto","background-attachment":"scroll","background-type":"","background-media":"","overlay-type":"","overlay-color":"","overlay-opacity":"","overlay-gradient":""},"mobile":{"background-color":"var(--ast-global-color-4)","background-image":"","background-repeat":"repeat","background-position":"center center","background-size":"auto","background-attachment":"scroll","background-type":"","background-media":"","overlay-type":"","overlay-color":"","overlay-opacity":"","overlay-gradient":""}},"footnotes":""},"categories":[11,1,3,13,10,25],"tags":[],"class_list":["post-76947","post","type-post","status-publish","format-standard","has-post-thumbnail","hentry","category-boletin","category-noticias","category-ong","category-provinciales","category-rotador","category-tierra-del-fuego"],"yoast_head":"<!-- This site is optimized with the Yoast SEO Premium plugin v23.0 (Yoast SEO v27.4) - https:\/\/yoast.com\/product\/yoast-seo-premium-wordpress\/ -->\n<title>Ambientalistas consideran &#039;una bomba de tiempo&#039; el puerto que Mirgor construir\u00e1 en R\u00edo Grande<\/title>\n<meta name=\"robots\" content=\"index, follow, max-snippet:-1, max-image-preview:large, max-video-preview:-1\" \/>\n<link rel=\"canonical\" href=\"https:\/\/patagoniambiental.com.ar\/info\/ambientalistas-consideran-una-bomba-de-tiempo-el-puerto-que-mirgor-construira-en-rio-grande\/\" \/>\n<meta property=\"og:locale\" content=\"es_ES\" \/>\n<meta property=\"og:type\" content=\"article\" \/>\n<meta property=\"og:title\" content=\"Ambientalistas consideran &#039;una bomba de tiempo&#039; el puerto que Mirgor construir\u00e1 en R\u00edo Grande\" \/>\n<meta property=\"og:url\" content=\"https:\/\/patagoniambiental.com.ar\/info\/ambientalistas-consideran-una-bomba-de-tiempo-el-puerto-que-mirgor-construira-en-rio-grande\/\" \/>\n<meta property=\"og:site_name\" content=\"Patagonia Ambiental\" \/>\n<meta property=\"article:publisher\" content=\"https:\/\/www.facebook.com\/patagonia.ambiental\" \/>\n<meta property=\"article:published_time\" content=\"2023-03-03T10:00:00+00:00\" \/>\n<meta property=\"article:modified_time\" content=\"2024-08-19T02:13:48+00:00\" \/>\n<meta property=\"og:image\" content=\"https:\/\/patagoniambiental.com.ar\/info\/wp-content\/uploads\/2023\/03\/mirgor.png\" \/>\n\t<meta property=\"og:image:width\" content=\"880\" \/>\n\t<meta property=\"og:image:height\" content=\"586\" \/>\n\t<meta property=\"og:image:type\" content=\"image\/png\" \/>\n<meta name=\"author\" content=\"BRAIAN ESTEVEZ\" \/>\n<meta name=\"twitter:card\" content=\"summary_large_image\" \/>\n<meta name=\"twitter:creator\" content=\"@PatAmb\" \/>\n<meta name=\"twitter:site\" content=\"@PatAmb\" \/>\n<script type=\"application\/ld+json\" class=\"yoast-schema-graph\">{\"@context\":\"https:\\\/\\\/schema.org\",\"@graph\":[{\"@type\":\"Article\",\"@id\":\"https:\\\/\\\/patagoniambiental.com.ar\\\/info\\\/ambientalistas-consideran-una-bomba-de-tiempo-el-puerto-que-mirgor-construira-en-rio-grande\\\/#article\",\"isPartOf\":{\"@id\":\"https:\\\/\\\/patagoniambiental.com.ar\\\/info\\\/ambientalistas-consideran-una-bomba-de-tiempo-el-puerto-que-mirgor-construira-en-rio-grande\\\/\"},\"author\":{\"name\":\"BRAIAN ESTEVEZ\",\"@id\":\"https:\\\/\\\/patagoniambiental.com.ar\\\/info\\\/#\\\/schema\\\/person\\\/e5af09d700b2e82cb10c6b8800e0c691\"},\"headline\":\"Ambientalistas consideran &#8216;una bomba de tiempo&#8217; el puerto que Mirgor construir\u00e1 en R\u00edo Grande\",\"datePublished\":\"2023-03-03T10:00:00+00:00\",\"dateModified\":\"2024-08-19T02:13:48+00:00\",\"mainEntityOfPage\":{\"@id\":\"https:\\\/\\\/patagoniambiental.com.ar\\\/info\\\/ambientalistas-consideran-una-bomba-de-tiempo-el-puerto-que-mirgor-construira-en-rio-grande\\\/\"},\"wordCount\":885,\"commentCount\":0,\"publisher\":{\"@id\":\"https:\\\/\\\/patagoniambiental.com.ar\\\/info\\\/#organization\"},\"image\":{\"@id\":\"https:\\\/\\\/patagoniambiental.com.ar\\\/info\\\/ambientalistas-consideran-una-bomba-de-tiempo-el-puerto-que-mirgor-construira-en-rio-grande\\\/#primaryimage\"},\"thumbnailUrl\":\"https:\\\/\\\/patagoniambiental.com.ar\\\/info\\\/wp-content\\\/uploads\\\/2023\\\/03\\\/mirgor.png\",\"articleSection\":[\"Bolet\u00edn\",\"Noticias\",\"ONG\",\"Provinciales\",\"Rotador\",\"Tierra del Fuego\"],\"inLanguage\":\"es\",\"potentialAction\":[{\"@type\":\"CommentAction\",\"name\":\"Comment\",\"target\":[\"https:\\\/\\\/patagoniambiental.com.ar\\\/info\\\/ambientalistas-consideran-una-bomba-de-tiempo-el-puerto-que-mirgor-construira-en-rio-grande\\\/#respond\"]}]},{\"@type\":\"WebPage\",\"@id\":\"https:\\\/\\\/patagoniambiental.com.ar\\\/info\\\/ambientalistas-consideran-una-bomba-de-tiempo-el-puerto-que-mirgor-construira-en-rio-grande\\\/\",\"url\":\"https:\\\/\\\/patagoniambiental.com.ar\\\/info\\\/ambientalistas-consideran-una-bomba-de-tiempo-el-puerto-que-mirgor-construira-en-rio-grande\\\/\",\"name\":\"Ambientalistas consideran 'una bomba de tiempo' el puerto que Mirgor construir\u00e1 en R\u00edo Grande\",\"isPartOf\":{\"@id\":\"https:\\\/\\\/patagoniambiental.com.ar\\\/info\\\/#website\"},\"primaryImageOfPage\":{\"@id\":\"https:\\\/\\\/patagoniambiental.com.ar\\\/info\\\/ambientalistas-consideran-una-bomba-de-tiempo-el-puerto-que-mirgor-construira-en-rio-grande\\\/#primaryimage\"},\"image\":{\"@id\":\"https:\\\/\\\/patagoniambiental.com.ar\\\/info\\\/ambientalistas-consideran-una-bomba-de-tiempo-el-puerto-que-mirgor-construira-en-rio-grande\\\/#primaryimage\"},\"thumbnailUrl\":\"https:\\\/\\\/patagoniambiental.com.ar\\\/info\\\/wp-content\\\/uploads\\\/2023\\\/03\\\/mirgor.png\",\"datePublished\":\"2023-03-03T10:00:00+00:00\",\"dateModified\":\"2024-08-19T02:13:48+00:00\",\"breadcrumb\":{\"@id\":\"https:\\\/\\\/patagoniambiental.com.ar\\\/info\\\/ambientalistas-consideran-una-bomba-de-tiempo-el-puerto-que-mirgor-construira-en-rio-grande\\\/#breadcrumb\"},\"inLanguage\":\"es\",\"potentialAction\":[{\"@type\":\"ReadAction\",\"target\":[\"https:\\\/\\\/patagoniambiental.com.ar\\\/info\\\/ambientalistas-consideran-una-bomba-de-tiempo-el-puerto-que-mirgor-construira-en-rio-grande\\\/\"]}]},{\"@type\":\"ImageObject\",\"inLanguage\":\"es\",\"@id\":\"https:\\\/\\\/patagoniambiental.com.ar\\\/info\\\/ambientalistas-consideran-una-bomba-de-tiempo-el-puerto-que-mirgor-construira-en-rio-grande\\\/#primaryimage\",\"url\":\"https:\\\/\\\/patagoniambiental.com.ar\\\/info\\\/wp-content\\\/uploads\\\/2023\\\/03\\\/mirgor.png\",\"contentUrl\":\"https:\\\/\\\/patagoniambiental.com.ar\\\/info\\\/wp-content\\\/uploads\\\/2023\\\/03\\\/mirgor.png\",\"width\":880,\"height\":586},{\"@type\":\"BreadcrumbList\",\"@id\":\"https:\\\/\\\/patagoniambiental.com.ar\\\/info\\\/ambientalistas-consideran-una-bomba-de-tiempo-el-puerto-que-mirgor-construira-en-rio-grande\\\/#breadcrumb\",\"itemListElement\":[{\"@type\":\"ListItem\",\"position\":1,\"name\":\"Inicio\",\"item\":\"https:\\\/\\\/patagoniambiental.com.ar\\\/info\\\/\"},{\"@type\":\"ListItem\",\"position\":2,\"name\":\"Ambientalistas consideran &#8216;una bomba de tiempo&#8217; el puerto que Mirgor construir\u00e1 en R\u00edo Grande\"}]},{\"@type\":\"WebSite\",\"@id\":\"https:\\\/\\\/patagoniambiental.com.ar\\\/info\\\/#website\",\"url\":\"https:\\\/\\\/patagoniambiental.com.ar\\\/info\\\/\",\"name\":\"Patagonia Ambiental\",\"description\":\"Monitoreo y an\u00e1lisis de la situaci\u00f3n geopol\u00edtica en el mundo y su implicancia en la Patagonia\",\"publisher\":{\"@id\":\"https:\\\/\\\/patagoniambiental.com.ar\\\/info\\\/#organization\"},\"potentialAction\":[{\"@type\":\"SearchAction\",\"target\":{\"@type\":\"EntryPoint\",\"urlTemplate\":\"https:\\\/\\\/patagoniambiental.com.ar\\\/info\\\/?s={search_term_string}\"},\"query-input\":{\"@type\":\"PropertyValueSpecification\",\"valueRequired\":true,\"valueName\":\"search_term_string\"}}],\"inLanguage\":\"es\"},{\"@type\":\"Organization\",\"@id\":\"https:\\\/\\\/patagoniambiental.com.ar\\\/info\\\/#organization\",\"name\":\"Patagonia Ambiental\",\"url\":\"https:\\\/\\\/patagoniambiental.com.ar\\\/info\\\/\",\"logo\":{\"@type\":\"ImageObject\",\"inLanguage\":\"es\",\"@id\":\"https:\\\/\\\/patagoniambiental.com.ar\\\/info\\\/#\\\/schema\\\/logo\\\/image\\\/\",\"url\":\"https:\\\/\\\/patagoniambiental.com.ar\\\/info\\\/wp-content\\\/uploads\\\/2025\\\/05\\\/LOGO-PATAGONIA-AMBIENTAL.png\",\"contentUrl\":\"https:\\\/\\\/patagoniambiental.com.ar\\\/info\\\/wp-content\\\/uploads\\\/2025\\\/05\\\/LOGO-PATAGONIA-AMBIENTAL.png\",\"width\":433,\"height\":250,\"caption\":\"Patagonia Ambiental\"},\"image\":{\"@id\":\"https:\\\/\\\/patagoniambiental.com.ar\\\/info\\\/#\\\/schema\\\/logo\\\/image\\\/\"},\"sameAs\":[\"https:\\\/\\\/www.facebook.com\\\/patagonia.ambiental\",\"https:\\\/\\\/x.com\\\/PatAmb\"]},{\"@type\":\"Person\",\"@id\":\"https:\\\/\\\/patagoniambiental.com.ar\\\/info\\\/#\\\/schema\\\/person\\\/e5af09d700b2e82cb10c6b8800e0c691\",\"name\":\"BRAIAN ESTEVEZ\",\"sameAs\":[\"http:\\\/\\\/www.patagoniambiental.com.ar\"]}]}<\/script>\n<!-- \/ Yoast SEO Premium plugin. -->","yoast_head_json":{"title":"Ambientalistas consideran 'una bomba de tiempo' el puerto que Mirgor construir\u00e1 en R\u00edo Grande","robots":{"index":"index","follow":"follow","max-snippet":"max-snippet:-1","max-image-preview":"max-image-preview:large","max-video-preview":"max-video-preview:-1"},"canonical":"https:\/\/patagoniambiental.com.ar\/info\/ambientalistas-consideran-una-bomba-de-tiempo-el-puerto-que-mirgor-construira-en-rio-grande\/","og_locale":"es_ES","og_type":"article","og_title":"Ambientalistas consideran 'una bomba de tiempo' el puerto que Mirgor construir\u00e1 en R\u00edo Grande","og_url":"https:\/\/patagoniambiental.com.ar\/info\/ambientalistas-consideran-una-bomba-de-tiempo-el-puerto-que-mirgor-construira-en-rio-grande\/","og_site_name":"Patagonia Ambiental","article_publisher":"https:\/\/www.facebook.com\/patagonia.ambiental","article_published_time":"2023-03-03T10:00:00+00:00","article_modified_time":"2024-08-19T02:13:48+00:00","og_image":[{"width":880,"height":586,"url":"https:\/\/patagoniambiental.com.ar\/info\/wp-content\/uploads\/2023\/03\/mirgor.png","type":"image\/png"}],"author":"BRAIAN ESTEVEZ","twitter_card":"summary_large_image","twitter_creator":"@PatAmb","twitter_site":"@PatAmb","schema":{"@context":"https:\/\/schema.org","@graph":[{"@type":"Article","@id":"https:\/\/patagoniambiental.com.ar\/info\/ambientalistas-consideran-una-bomba-de-tiempo-el-puerto-que-mirgor-construira-en-rio-grande\/#article","isPartOf":{"@id":"https:\/\/patagoniambiental.com.ar\/info\/ambientalistas-consideran-una-bomba-de-tiempo-el-puerto-que-mirgor-construira-en-rio-grande\/"},"author":{"name":"BRAIAN ESTEVEZ","@id":"https:\/\/patagoniambiental.com.ar\/info\/#\/schema\/person\/e5af09d700b2e82cb10c6b8800e0c691"},"headline":"Ambientalistas consideran &#8216;una bomba de tiempo&#8217; el puerto que Mirgor construir\u00e1 en R\u00edo Grande","datePublished":"2023-03-03T10:00:00+00:00","dateModified":"2024-08-19T02:13:48+00:00","mainEntityOfPage":{"@id":"https:\/\/patagoniambiental.com.ar\/info\/ambientalistas-consideran-una-bomba-de-tiempo-el-puerto-que-mirgor-construira-en-rio-grande\/"},"wordCount":885,"commentCount":0,"publisher":{"@id":"https:\/\/patagoniambiental.com.ar\/info\/#organization"},"image":{"@id":"https:\/\/patagoniambiental.com.ar\/info\/ambientalistas-consideran-una-bomba-de-tiempo-el-puerto-que-mirgor-construira-en-rio-grande\/#primaryimage"},"thumbnailUrl":"https:\/\/patagoniambiental.com.ar\/info\/wp-content\/uploads\/2023\/03\/mirgor.png","articleSection":["Bolet\u00edn","Noticias","ONG","Provinciales","Rotador","Tierra del Fuego"],"inLanguage":"es","potentialAction":[{"@type":"CommentAction","name":"Comment","target":["https:\/\/patagoniambiental.com.ar\/info\/ambientalistas-consideran-una-bomba-de-tiempo-el-puerto-que-mirgor-construira-en-rio-grande\/#respond"]}]},{"@type":"WebPage","@id":"https:\/\/patagoniambiental.com.ar\/info\/ambientalistas-consideran-una-bomba-de-tiempo-el-puerto-que-mirgor-construira-en-rio-grande\/","url":"https:\/\/patagoniambiental.com.ar\/info\/ambientalistas-consideran-una-bomba-de-tiempo-el-puerto-que-mirgor-construira-en-rio-grande\/","name":"Ambientalistas consideran 'una bomba de tiempo' el puerto que Mirgor construir\u00e1 en R\u00edo Grande","isPartOf":{"@id":"https:\/\/patagoniambiental.com.ar\/info\/#website"},"primaryImageOfPage":{"@id":"https:\/\/patagoniambiental.com.ar\/info\/ambientalistas-consideran-una-bomba-de-tiempo-el-puerto-que-mirgor-construira-en-rio-grande\/#primaryimage"},"image":{"@id":"https:\/\/patagoniambiental.com.ar\/info\/ambientalistas-consideran-una-bomba-de-tiempo-el-puerto-que-mirgor-construira-en-rio-grande\/#primaryimage"},"thumbnailUrl":"https:\/\/patagoniambiental.com.ar\/info\/wp-content\/uploads\/2023\/03\/mirgor.png","datePublished":"2023-03-03T10:00:00+00:00","dateModified":"2024-08-19T02:13:48+00:00","breadcrumb":{"@id":"https:\/\/patagoniambiental.com.ar\/info\/ambientalistas-consideran-una-bomba-de-tiempo-el-puerto-que-mirgor-construira-en-rio-grande\/#breadcrumb"},"inLanguage":"es","potentialAction":[{"@type":"ReadAction","target":["https:\/\/patagoniambiental.com.ar\/info\/ambientalistas-consideran-una-bomba-de-tiempo-el-puerto-que-mirgor-construira-en-rio-grande\/"]}]},{"@type":"ImageObject","inLanguage":"es","@id":"https:\/\/patagoniambiental.com.ar\/info\/ambientalistas-consideran-una-bomba-de-tiempo-el-puerto-que-mirgor-construira-en-rio-grande\/#primaryimage","url":"https:\/\/patagoniambiental.com.ar\/info\/wp-content\/uploads\/2023\/03\/mirgor.png","contentUrl":"https:\/\/patagoniambiental.com.ar\/info\/wp-content\/uploads\/2023\/03\/mirgor.png","width":880,"height":586},{"@type":"BreadcrumbList","@id":"https:\/\/patagoniambiental.com.ar\/info\/ambientalistas-consideran-una-bomba-de-tiempo-el-puerto-que-mirgor-construira-en-rio-grande\/#breadcrumb","itemListElement":[{"@type":"ListItem","position":1,"name":"Inicio","item":"https:\/\/patagoniambiental.com.ar\/info\/"},{"@type":"ListItem","position":2,"name":"Ambientalistas consideran &#8216;una bomba de tiempo&#8217; el puerto que Mirgor construir\u00e1 en R\u00edo Grande"}]},{"@type":"WebSite","@id":"https:\/\/patagoniambiental.com.ar\/info\/#website","url":"https:\/\/patagoniambiental.com.ar\/info\/","name":"Patagonia Ambiental","description":"Monitoreo y an\u00e1lisis de la situaci\u00f3n geopol\u00edtica en el mundo y su implicancia en la Patagonia","publisher":{"@id":"https:\/\/patagoniambiental.com.ar\/info\/#organization"},"potentialAction":[{"@type":"SearchAction","target":{"@type":"EntryPoint","urlTemplate":"https:\/\/patagoniambiental.com.ar\/info\/?s={search_term_string}"},"query-input":{"@type":"PropertyValueSpecification","valueRequired":true,"valueName":"search_term_string"}}],"inLanguage":"es"},{"@type":"Organization","@id":"https:\/\/patagoniambiental.com.ar\/info\/#organization","name":"Patagonia Ambiental","url":"https:\/\/patagoniambiental.com.ar\/info\/","logo":{"@type":"ImageObject","inLanguage":"es","@id":"https:\/\/patagoniambiental.com.ar\/info\/#\/schema\/logo\/image\/","url":"https:\/\/patagoniambiental.com.ar\/info\/wp-content\/uploads\/2025\/05\/LOGO-PATAGONIA-AMBIENTAL.png","contentUrl":"https:\/\/patagoniambiental.com.ar\/info\/wp-content\/uploads\/2025\/05\/LOGO-PATAGONIA-AMBIENTAL.png","width":433,"height":250,"caption":"Patagonia Ambiental"},"image":{"@id":"https:\/\/patagoniambiental.com.ar\/info\/#\/schema\/logo\/image\/"},"sameAs":["https:\/\/www.facebook.com\/patagonia.ambiental","https:\/\/x.com\/PatAmb"]},{"@type":"Person","@id":"https:\/\/patagoniambiental.com.ar\/info\/#\/schema\/person\/e5af09d700b2e82cb10c6b8800e0c691","name":"BRAIAN ESTEVEZ","sameAs":["http:\/\/www.patagoniambiental.com.ar"]}]}},"_links":{"self":[{"href":"https:\/\/patagoniambiental.com.ar\/info\/wp-json\/wp\/v2\/posts\/76947","targetHints":{"allow":["GET"]}}],"collection":[{"href":"https:\/\/patagoniambiental.com.ar\/info\/wp-json\/wp\/v2\/posts"}],"about":[{"href":"https:\/\/patagoniambiental.com.ar\/info\/wp-json\/wp\/v2\/types\/post"}],"author":[{"embeddable":true,"href":"https:\/\/patagoniambiental.com.ar\/info\/wp-json\/wp\/v2\/users\/6"}],"replies":[{"embeddable":true,"href":"https:\/\/patagoniambiental.com.ar\/info\/wp-json\/wp\/v2\/comments?post=76947"}],"version-history":[{"count":0,"href":"https:\/\/patagoniambiental.com.ar\/info\/wp-json\/wp\/v2\/posts\/76947\/revisions"}],"wp:featuredmedia":[{"embeddable":true,"href":"https:\/\/patagoniambiental.com.ar\/info\/wp-json\/wp\/v2\/media\/76948"}],"wp:attachment":[{"href":"https:\/\/patagoniambiental.com.ar\/info\/wp-json\/wp\/v2\/media?parent=76947"}],"wp:term":[{"taxonomy":"category","embeddable":true,"href":"https:\/\/patagoniambiental.com.ar\/info\/wp-json\/wp\/v2\/categories?post=76947"},{"taxonomy":"post_tag","embeddable":true,"href":"https:\/\/patagoniambiental.com.ar\/info\/wp-json\/wp\/v2\/tags?post=76947"}],"curies":[{"name":"wp","href":"https:\/\/api.w.org\/{rel}","templated":true}]}}