{"id":76963,"date":"2023-03-05T09:17:00","date_gmt":"2023-03-05T12:17:00","guid":{"rendered":"http:\/\/patagoniambiental.com.ar\/info\/?p=76963"},"modified":"2024-08-18T23:11:49","modified_gmt":"2024-08-19T02:11:49","slug":"la-bahia-de-san-antonio-contara-con-nueva-infraestructura-turistica","status":"publish","type":"post","link":"https:\/\/patagoniambiental.com.ar\/info\/la-bahia-de-san-antonio-contara-con-nueva-infraestructura-turistica\/","title":{"rendered":"La Bah\u00eda de San Antonio contar\u00e1 con nueva infraestructura tur\u00edstica"},"content":{"rendered":"\n<!--more-->\n\n\n\n<h4 class=\"wp-block-heading\" id=\"h-con-el-objetivo-de-continuar-potenciando-los-destinos-turisticos-de-la-provincia-se-realizo-hoy-la-apertura-de-sobres-para-la-construccion-de-nueva-infraestructura-que-se-emplazara-en-el-puerto-de-san-antonio-este-para-brindar-mas-y-mejores-servicios-al-turismo-asimismo-instituciones-de-la-ciudad-de-viedma-recibieron-su-personeria-juridica\">Con el objetivo de continuar potenciando los destinos tur\u00edsticos de la provincia, se realiz\u00f3 hoy la apertura de sobres para la construcci\u00f3n de nueva infraestructura que se emplazar\u00e1 en el Puerto de San Antonio Este para brindar m\u00e1s y mejores servicios al turismo. Asimismo, instituciones de la ciudad de Viedma recibieron su personer\u00eda jur\u00eddica.<\/h4>\n\n\n\n<p><img decoding=\"async\" alt=\"\" srcset=\"\/_next\/image?url=https%3A%2F%2Fsilvercoder.rionegro.gov.ar%2Ffiles%2F1677848451_9aa7bd2edf570ff4961c.jpg&amp;w=640&amp;q=75 640w, \/_next\/image?url=https%3A%2F%2Fsilvercoder.rionegro.gov.ar%2Ffiles%2F1677848451_9aa7bd2edf570ff4961c.jpg&amp;w=750&amp;q=75 750w, \/_next\/image?url=https%3A%2F%2Fsilvercoder.rionegro.gov.ar%2Ffiles%2F1677848451_9aa7bd2edf570ff4961c.jpg&amp;w=828&amp;q=75 828w, \/_next\/image?url=https%3A%2F%2Fsilvercoder.rionegro.gov.ar%2Ffiles%2F1677848451_9aa7bd2edf570ff4961c.jpg&amp;w=1080&amp;q=75 1080w, \/_next\/image?url=https%3A%2F%2Fsilvercoder.rionegro.gov.ar%2Ffiles%2F1677848451_9aa7bd2edf570ff4961c.jpg&amp;w=1200&amp;q=75 1200w, \/_next\/image?url=https%3A%2F%2Fsilvercoder.rionegro.gov.ar%2Ffiles%2F1677848451_9aa7bd2edf570ff4961c.jpg&amp;w=1920&amp;q=75 1920w, \/_next\/image?url=https%3A%2F%2Fsilvercoder.rionegro.gov.ar%2Ffiles%2F1677848451_9aa7bd2edf570ff4961c.jpg&amp;w=2048&amp;q=75 2048w, \/_next\/image?url=https%3A%2F%2Fsilvercoder.rionegro.gov.ar%2Ffiles%2F1677848451_9aa7bd2edf570ff4961c.jpg&amp;w=3840&amp;q=75 3840w\" src=\"https:\/\/prensa.rionegro.gov.ar\/_next\/image?url=https%3A%2F%2Fsilvercoder.rionegro.gov.ar%2Ffiles%2F1677848451_9aa7bd2edf570ff4961c.jpg&amp;w=3840&amp;q=75\">El acto se llev\u00f3 a cabo en el Sal\u00f3n Gris de Casa de Gobierno. Cr\u00e9dito: Daniel Idiarte \/ Gobierno de R\u00edo Negro<\/p>\n\n\n\n<p>En este marco, dos ofertas presentaron los pliegos para llevar a cabo la obra. Se trata de la empresa COSYC Coop. Ltda con una inversi\u00f3n de $112.014.344 y Dubdora Group SRL con $122.638.046.<\/p>\n\n\n\n<p>El acto se realiz\u00f3 en el Sal\u00f3n Gris de Casa de Gobierno y estuvo encabezado por el ministro de Turismo, Diego Cannestraci junto al intendente de San Antonio Oeste, Adri\u00e1n Casadei y secretario de Obras e Infraestructura, Alejandro Echarren.<\/p>\n\n\n\n<p>La obra consiste en la construcci\u00f3n de cinco m\u00f3dulos de servicio sanitario que estar\u00e1n distribuidos en Saco Viejo, Punta Perdices, Punta Villarino y en las proximidades del Parador La Toscana y el Club de Pesca; un m\u00f3dulo oficina que se ejecutar\u00e1 en el ingreso a la pen\u00ednsula y un mirador que facilitar\u00e1 el avistaje de fauna marina.<\/p>\n\n\n\n<p>\u201cTenemos la necesidad de hacer un trabajo coordinado de equipo y de poder planificar en esta gran actividad que es el turismo, generadora de desarrollo econ\u00f3mico y empleo en R\u00edo Negro\u201d, remarc\u00f3 Cannestraci.<\/p>\n\n\n\n<p>\u201cEsta infraestructura que tiene que ver con el cuidado del recurso que tenemos tiene dos aristas, una pr\u00e1ctica para que el p\u00fablico tenga mejores servicios y una ambiental que est\u00e1 en el centro de la agenda del Gobierno provincial\u201d, agreg\u00f3.<\/p>\n\n\n\n<p>En tanto, Casadei afirm\u00f3 que \u201choy vamos a poder tener, a ra\u00edz de esta licitaci\u00f3n, las obras necesarias para brindar los servicios, que nos van a posibilitar seguir tomando decisiones en pos del turismo y en complementaci\u00f3n con el ambiente\u201d.<\/p>\n\n\n\n<p>\u201cQuiero agradecer mucho al gobierno de la provincia y al gobierno nacional que nos escuch\u00f3 en las necesidades y demanda que ten\u00edamos en el lugar\u201d, finaliz\u00f3 el jefe comunal.<\/p>\n\n\n\n<p>Cabe destacar que se trata de un proyecto financiado a trav\u00e9s del Programa 50 Destinos del Ministerio de Turismo y Deportes de la Naci\u00f3n, cuyo presupuesto oficial es de $80.762.714,38, m\u00e1s lo que surja de una posterior readecuaci\u00f3n de precios que ser\u00e1 absorbido por el Fondo de Infraestructura Tur\u00edstica, impulsado por el Ministerio de Turismo y Deporte de la provincia.<\/p>\n\n\n\n<p>Estuvieron presentes adem\u00e1s, los secretarios General, Jos\u00e9 Mar\u00eda Apud y de Gobierno Agust\u00edn R\u00edos, las secretarias de Planificaci\u00f3n de SAO, Fabiana La Biunda, y de Turismo, Marisol Mart\u00ednez, la delegada de SAE, Romina Paredes y las legisladoras Nancy Andaloro y Graciela Valdebenito.<\/p>\n\n\n\n<div style=\"height:100px\" aria-hidden=\"true\" class=\"wp-block-spacer\"><\/div>\n\n\n\n<h2 class=\"wp-block-heading\" id=\"h-sobre-la-obra\"><strong>Sobre la obra<\/strong><\/h2>\n\n\n\n<p>Los m\u00f3dulos a utilizar para el servicio sanitario ser\u00e1n contenedores de tipo mar\u00edtimos reutilizados que contar\u00e1n con cinco boxes en su interior, uno adaptado para personas con discapacidad. Adem\u00e1s, se dotar\u00e1 a los n\u00facleos de rampas de acceso y pasarelas anchas totalmente accesibles que estar\u00e1n cubiertas por p\u00e9rgolas con media sombra.<\/p>\n\n\n\n<p>Por otra parte, el mirador contar\u00e1 con una estructura de madera y con barandas, escaleras y rampas, as\u00ed como tambi\u00e9n con carteles de infograf\u00eda sobre la fauna que habita el lugar. Tambi\u00e9n habr\u00e1 bancos donde podr\u00e1n reposar los visitantes mientras disfrutan la incre\u00edble vista del Golfo San Mat\u00edas.<\/p>\n\n\n\n<figure class=\"wp-block-image\"><img decoding=\"async\" src=\"https:\/\/silvercoder.rionegro.gov.ar\/files\/1677848619_0198412426301d81acbd.jpeg\" alt=\"\"\/><\/figure>\n\n\n\n<p>De esta manera, la nueva obra que se sumar\u00e1 a las ejecutadas anteriormente a trav\u00e9s del programa 50 Destinos entre las que se encuentra el flamante Punto Tur\u00edstico y Ambiental en el ANP Punta Bermeja, las renovaciones y mejoras destinadas a favorecer el funcionamiento y desarrollo de La Trochita en la L\u00ednea Sur; la remodelaci\u00f3n del camping municipal y la renovaci\u00f3n del sistema el\u00e9ctrico de monof\u00e1sico a trif\u00e1sico en el balneario La Lober\u00eda y otras tantas se encuentran proyectadas en las cuatro regiones del territorio.<\/p>\n\n\n\n<div style=\"height:100px\" aria-hidden=\"true\" class=\"wp-block-spacer\"><\/div>\n\n\n\n<h2 class=\"wp-block-heading\" id=\"h-entrega-de-personeria-juridica\"><strong>Entrega de Personer\u00eda jur\u00eddica<\/strong><\/h2>\n\n\n\n<p>En tanto, instituciones de la capital provincial recibieron la personer\u00eda jur\u00eddica. Se trata de las Asociaciones \u201cDeportivo 152 Viviendas\u201d, \u201cMejor es Dar\u201d \u201cAgrupaci\u00f3n Penitenciaria, el Club Atl\u00e9tico y Social Pioneras y la Fundaci\u00f3n \u201cAlt\u00edsimo School\u201d.&nbsp;<\/p>\n\n\n\n<figure class=\"wp-block-image\"><img decoding=\"async\" src=\"https:\/\/silvercoder.rionegro.gov.ar\/files\/1677848665_f9fd4d992dd1190143b9.jpg\" alt=\"\"\/><\/figure>\n\n\n\n<h4 class=\"wp-block-heading\" id=\"h-fuente-prensa-rionegro-gov-ar\">Fuente: prensa.rionegro.gov.ar<\/h4>\n","protected":false},"excerpt":{"rendered":"","protected":false},"author":6,"featured_media":76965,"comment_status":"open","ping_status":"open","sticky":false,"template":"","format":"standard","meta":{"site-sidebar-layout":"default","site-content-layout":"","ast-site-content-layout":"default","site-content-style":"default","site-sidebar-style":"default","ast-global-header-display":"","ast-banner-title-visibility":"","ast-main-header-display":"","ast-hfb-above-header-display":"","ast-hfb-below-header-display":"","ast-hfb-mobile-header-display":"","site-post-title":"","ast-breadcrumbs-content":"","ast-featured-img":"","footer-sml-layout":"","ast-disable-related-posts":"","theme-transparent-header-meta":"","adv-header-id-meta":"","stick-header-meta":"","header-above-stick-meta":"","header-main-stick-meta":"","header-below-stick-meta":"","astra-migrate-meta-layouts":"default","ast-page-background-enabled":"default","ast-page-background-meta":{"desktop":{"background-color":"var(--ast-global-color-5)","background-image":"","background-repeat":"repeat","background-position":"center center","background-size":"auto","background-attachment":"scroll","background-type":"","background-media":"","overlay-type":"","overlay-color":"","overlay-opacity":"","overlay-gradient":""},"tablet":{"background-color":"","background-image":"","background-repeat":"repeat","background-position":"center center","background-size":"auto","background-attachment":"scroll","background-type":"","background-media":"","overlay-type":"","overlay-color":"","overlay-opacity":"","overlay-gradient":""},"mobile":{"background-color":"","background-image":"","background-repeat":"repeat","background-position":"center center","background-size":"auto","background-attachment":"scroll","background-type":"","background-media":"","overlay-type":"","overlay-color":"","overlay-opacity":"","overlay-gradient":""}},"ast-content-background-meta":{"desktop":{"background-color":"var(--ast-global-color-4)","background-image":"","background-repeat":"repeat","background-position":"center center","background-size":"auto","background-attachment":"scroll","background-type":"","background-media":"","overlay-type":"","overlay-color":"","overlay-opacity":"","overlay-gradient":""},"tablet":{"background-color":"var(--ast-global-color-4)","background-image":"","background-repeat":"repeat","background-position":"center center","background-size":"auto","background-attachment":"scroll","background-type":"","background-media":"","overlay-type":"","overlay-color":"","overlay-opacity":"","overlay-gradient":""},"mobile":{"background-color":"var(--ast-global-color-4)","background-image":"","background-repeat":"repeat","background-position":"center center","background-size":"auto","background-attachment":"scroll","background-type":"","background-media":"","overlay-type":"","overlay-color":"","overlay-opacity":"","overlay-gradient":""}},"footnotes":""},"categories":[11,1,13,14,10],"tags":[],"class_list":["post-76963","post","type-post","status-publish","format-standard","has-post-thumbnail","hentry","category-boletin","category-noticias","category-provinciales","category-rio-negro","category-rotador"],"yoast_head":"<!-- This site is optimized with the Yoast SEO Premium plugin v23.0 (Yoast SEO v27.4) - https:\/\/yoast.com\/product\/yoast-seo-premium-wordpress\/ -->\n<title>La Bah\u00eda de San Antonio contar\u00e1 con nueva infraestructura tur\u00edstica<\/title>\n<meta name=\"robots\" content=\"index, follow, max-snippet:-1, max-image-preview:large, max-video-preview:-1\" \/>\n<link rel=\"canonical\" href=\"https:\/\/patagoniambiental.com.ar\/info\/la-bahia-de-san-antonio-contara-con-nueva-infraestructura-turistica\/\" \/>\n<meta property=\"og:locale\" content=\"es_ES\" \/>\n<meta property=\"og:type\" content=\"article\" \/>\n<meta property=\"og:title\" content=\"La Bah\u00eda de San Antonio contar\u00e1 con nueva infraestructura tur\u00edstica\" \/>\n<meta property=\"og:url\" content=\"https:\/\/patagoniambiental.com.ar\/info\/la-bahia-de-san-antonio-contara-con-nueva-infraestructura-turistica\/\" \/>\n<meta property=\"og:site_name\" content=\"Patagonia Ambiental\" \/>\n<meta property=\"article:publisher\" content=\"https:\/\/www.facebook.com\/patagonia.ambiental\" \/>\n<meta property=\"article:published_time\" content=\"2023-03-05T12:17:00+00:00\" \/>\n<meta property=\"article:modified_time\" content=\"2024-08-19T02:11:49+00:00\" \/>\n<meta property=\"og:image\" content=\"https:\/\/patagoniambiental.com.ar\/info\/wp-content\/uploads\/2023\/03\/1.jpeg\" \/>\n\t<meta property=\"og:image:width\" content=\"1200\" \/>\n\t<meta property=\"og:image:height\" content=\"971\" \/>\n\t<meta property=\"og:image:type\" content=\"image\/jpeg\" \/>\n<meta name=\"author\" content=\"BRAIAN ESTEVEZ\" \/>\n<meta name=\"twitter:card\" content=\"summary_large_image\" \/>\n<meta name=\"twitter:creator\" content=\"@PatAmb\" \/>\n<meta name=\"twitter:site\" content=\"@PatAmb\" \/>\n<script type=\"application\/ld+json\" class=\"yoast-schema-graph\">{\"@context\":\"https:\\\/\\\/schema.org\",\"@graph\":[{\"@type\":\"Article\",\"@id\":\"https:\\\/\\\/patagoniambiental.com.ar\\\/info\\\/la-bahia-de-san-antonio-contara-con-nueva-infraestructura-turistica\\\/#article\",\"isPartOf\":{\"@id\":\"https:\\\/\\\/patagoniambiental.com.ar\\\/info\\\/la-bahia-de-san-antonio-contara-con-nueva-infraestructura-turistica\\\/\"},\"author\":{\"name\":\"BRAIAN ESTEVEZ\",\"@id\":\"https:\\\/\\\/patagoniambiental.com.ar\\\/info\\\/#\\\/schema\\\/person\\\/e5af09d700b2e82cb10c6b8800e0c691\"},\"headline\":\"La Bah\u00eda de San Antonio contar\u00e1 con nueva infraestructura tur\u00edstica\",\"datePublished\":\"2023-03-05T12:17:00+00:00\",\"dateModified\":\"2024-08-19T02:11:49+00:00\",\"mainEntityOfPage\":{\"@id\":\"https:\\\/\\\/patagoniambiental.com.ar\\\/info\\\/la-bahia-de-san-antonio-contara-con-nueva-infraestructura-turistica\\\/\"},\"wordCount\":752,\"commentCount\":0,\"publisher\":{\"@id\":\"https:\\\/\\\/patagoniambiental.com.ar\\\/info\\\/#organization\"},\"image\":{\"@id\":\"https:\\\/\\\/patagoniambiental.com.ar\\\/info\\\/la-bahia-de-san-antonio-contara-con-nueva-infraestructura-turistica\\\/#primaryimage\"},\"thumbnailUrl\":\"https:\\\/\\\/patagoniambiental.com.ar\\\/info\\\/wp-content\\\/uploads\\\/2023\\\/03\\\/1.jpeg\",\"articleSection\":[\"Bolet\u00edn\",\"Noticias\",\"Provinciales\",\"R\u00edo Negro\",\"Rotador\"],\"inLanguage\":\"es\",\"potentialAction\":[{\"@type\":\"CommentAction\",\"name\":\"Comment\",\"target\":[\"https:\\\/\\\/patagoniambiental.com.ar\\\/info\\\/la-bahia-de-san-antonio-contara-con-nueva-infraestructura-turistica\\\/#respond\"]}]},{\"@type\":\"WebPage\",\"@id\":\"https:\\\/\\\/patagoniambiental.com.ar\\\/info\\\/la-bahia-de-san-antonio-contara-con-nueva-infraestructura-turistica\\\/\",\"url\":\"https:\\\/\\\/patagoniambiental.com.ar\\\/info\\\/la-bahia-de-san-antonio-contara-con-nueva-infraestructura-turistica\\\/\",\"name\":\"La Bah\u00eda de San Antonio contar\u00e1 con nueva infraestructura tur\u00edstica\",\"isPartOf\":{\"@id\":\"https:\\\/\\\/patagoniambiental.com.ar\\\/info\\\/#website\"},\"primaryImageOfPage\":{\"@id\":\"https:\\\/\\\/patagoniambiental.com.ar\\\/info\\\/la-bahia-de-san-antonio-contara-con-nueva-infraestructura-turistica\\\/#primaryimage\"},\"image\":{\"@id\":\"https:\\\/\\\/patagoniambiental.com.ar\\\/info\\\/la-bahia-de-san-antonio-contara-con-nueva-infraestructura-turistica\\\/#primaryimage\"},\"thumbnailUrl\":\"https:\\\/\\\/patagoniambiental.com.ar\\\/info\\\/wp-content\\\/uploads\\\/2023\\\/03\\\/1.jpeg\",\"datePublished\":\"2023-03-05T12:17:00+00:00\",\"dateModified\":\"2024-08-19T02:11:49+00:00\",\"breadcrumb\":{\"@id\":\"https:\\\/\\\/patagoniambiental.com.ar\\\/info\\\/la-bahia-de-san-antonio-contara-con-nueva-infraestructura-turistica\\\/#breadcrumb\"},\"inLanguage\":\"es\",\"potentialAction\":[{\"@type\":\"ReadAction\",\"target\":[\"https:\\\/\\\/patagoniambiental.com.ar\\\/info\\\/la-bahia-de-san-antonio-contara-con-nueva-infraestructura-turistica\\\/\"]}]},{\"@type\":\"ImageObject\",\"inLanguage\":\"es\",\"@id\":\"https:\\\/\\\/patagoniambiental.com.ar\\\/info\\\/la-bahia-de-san-antonio-contara-con-nueva-infraestructura-turistica\\\/#primaryimage\",\"url\":\"https:\\\/\\\/patagoniambiental.com.ar\\\/info\\\/wp-content\\\/uploads\\\/2023\\\/03\\\/1.jpeg\",\"contentUrl\":\"https:\\\/\\\/patagoniambiental.com.ar\\\/info\\\/wp-content\\\/uploads\\\/2023\\\/03\\\/1.jpeg\",\"width\":742,\"height\":600},{\"@type\":\"BreadcrumbList\",\"@id\":\"https:\\\/\\\/patagoniambiental.com.ar\\\/info\\\/la-bahia-de-san-antonio-contara-con-nueva-infraestructura-turistica\\\/#breadcrumb\",\"itemListElement\":[{\"@type\":\"ListItem\",\"position\":1,\"name\":\"Inicio\",\"item\":\"https:\\\/\\\/patagoniambiental.com.ar\\\/info\\\/\"},{\"@type\":\"ListItem\",\"position\":2,\"name\":\"La Bah\u00eda de San Antonio contar\u00e1 con nueva infraestructura tur\u00edstica\"}]},{\"@type\":\"WebSite\",\"@id\":\"https:\\\/\\\/patagoniambiental.com.ar\\\/info\\\/#website\",\"url\":\"https:\\\/\\\/patagoniambiental.com.ar\\\/info\\\/\",\"name\":\"Patagonia Ambiental\",\"description\":\"Monitoreo y an\u00e1lisis de la situaci\u00f3n geopol\u00edtica en el mundo y su implicancia en la Patagonia\",\"publisher\":{\"@id\":\"https:\\\/\\\/patagoniambiental.com.ar\\\/info\\\/#organization\"},\"potentialAction\":[{\"@type\":\"SearchAction\",\"target\":{\"@type\":\"EntryPoint\",\"urlTemplate\":\"https:\\\/\\\/patagoniambiental.com.ar\\\/info\\\/?s={search_term_string}\"},\"query-input\":{\"@type\":\"PropertyValueSpecification\",\"valueRequired\":true,\"valueName\":\"search_term_string\"}}],\"inLanguage\":\"es\"},{\"@type\":\"Organization\",\"@id\":\"https:\\\/\\\/patagoniambiental.com.ar\\\/info\\\/#organization\",\"name\":\"Patagonia Ambiental\",\"url\":\"https:\\\/\\\/patagoniambiental.com.ar\\\/info\\\/\",\"logo\":{\"@type\":\"ImageObject\",\"inLanguage\":\"es\",\"@id\":\"https:\\\/\\\/patagoniambiental.com.ar\\\/info\\\/#\\\/schema\\\/logo\\\/image\\\/\",\"url\":\"https:\\\/\\\/patagoniambiental.com.ar\\\/info\\\/wp-content\\\/uploads\\\/2025\\\/05\\\/LOGO-PATAGONIA-AMBIENTAL.png\",\"contentUrl\":\"https:\\\/\\\/patagoniambiental.com.ar\\\/info\\\/wp-content\\\/uploads\\\/2025\\\/05\\\/LOGO-PATAGONIA-AMBIENTAL.png\",\"width\":433,\"height\":250,\"caption\":\"Patagonia Ambiental\"},\"image\":{\"@id\":\"https:\\\/\\\/patagoniambiental.com.ar\\\/info\\\/#\\\/schema\\\/logo\\\/image\\\/\"},\"sameAs\":[\"https:\\\/\\\/www.facebook.com\\\/patagonia.ambiental\",\"https:\\\/\\\/x.com\\\/PatAmb\"]},{\"@type\":\"Person\",\"@id\":\"https:\\\/\\\/patagoniambiental.com.ar\\\/info\\\/#\\\/schema\\\/person\\\/e5af09d700b2e82cb10c6b8800e0c691\",\"name\":\"BRAIAN ESTEVEZ\",\"sameAs\":[\"http:\\\/\\\/www.patagoniambiental.com.ar\"]}]}<\/script>\n<!-- \/ Yoast SEO Premium plugin. -->","yoast_head_json":{"title":"La Bah\u00eda de San Antonio contar\u00e1 con nueva infraestructura tur\u00edstica","robots":{"index":"index","follow":"follow","max-snippet":"max-snippet:-1","max-image-preview":"max-image-preview:large","max-video-preview":"max-video-preview:-1"},"canonical":"https:\/\/patagoniambiental.com.ar\/info\/la-bahia-de-san-antonio-contara-con-nueva-infraestructura-turistica\/","og_locale":"es_ES","og_type":"article","og_title":"La Bah\u00eda de San Antonio contar\u00e1 con nueva infraestructura tur\u00edstica","og_url":"https:\/\/patagoniambiental.com.ar\/info\/la-bahia-de-san-antonio-contara-con-nueva-infraestructura-turistica\/","og_site_name":"Patagonia Ambiental","article_publisher":"https:\/\/www.facebook.com\/patagonia.ambiental","article_published_time":"2023-03-05T12:17:00+00:00","article_modified_time":"2024-08-19T02:11:49+00:00","og_image":[{"width":1200,"height":971,"url":"https:\/\/patagoniambiental.com.ar\/info\/wp-content\/uploads\/2023\/03\/1.jpeg","type":"image\/jpeg"}],"author":"BRAIAN ESTEVEZ","twitter_card":"summary_large_image","twitter_creator":"@PatAmb","twitter_site":"@PatAmb","schema":{"@context":"https:\/\/schema.org","@graph":[{"@type":"Article","@id":"https:\/\/patagoniambiental.com.ar\/info\/la-bahia-de-san-antonio-contara-con-nueva-infraestructura-turistica\/#article","isPartOf":{"@id":"https:\/\/patagoniambiental.com.ar\/info\/la-bahia-de-san-antonio-contara-con-nueva-infraestructura-turistica\/"},"author":{"name":"BRAIAN ESTEVEZ","@id":"https:\/\/patagoniambiental.com.ar\/info\/#\/schema\/person\/e5af09d700b2e82cb10c6b8800e0c691"},"headline":"La Bah\u00eda de San Antonio contar\u00e1 con nueva infraestructura tur\u00edstica","datePublished":"2023-03-05T12:17:00+00:00","dateModified":"2024-08-19T02:11:49+00:00","mainEntityOfPage":{"@id":"https:\/\/patagoniambiental.com.ar\/info\/la-bahia-de-san-antonio-contara-con-nueva-infraestructura-turistica\/"},"wordCount":752,"commentCount":0,"publisher":{"@id":"https:\/\/patagoniambiental.com.ar\/info\/#organization"},"image":{"@id":"https:\/\/patagoniambiental.com.ar\/info\/la-bahia-de-san-antonio-contara-con-nueva-infraestructura-turistica\/#primaryimage"},"thumbnailUrl":"https:\/\/patagoniambiental.com.ar\/info\/wp-content\/uploads\/2023\/03\/1.jpeg","articleSection":["Bolet\u00edn","Noticias","Provinciales","R\u00edo Negro","Rotador"],"inLanguage":"es","potentialAction":[{"@type":"CommentAction","name":"Comment","target":["https:\/\/patagoniambiental.com.ar\/info\/la-bahia-de-san-antonio-contara-con-nueva-infraestructura-turistica\/#respond"]}]},{"@type":"WebPage","@id":"https:\/\/patagoniambiental.com.ar\/info\/la-bahia-de-san-antonio-contara-con-nueva-infraestructura-turistica\/","url":"https:\/\/patagoniambiental.com.ar\/info\/la-bahia-de-san-antonio-contara-con-nueva-infraestructura-turistica\/","name":"La Bah\u00eda de San Antonio contar\u00e1 con nueva infraestructura tur\u00edstica","isPartOf":{"@id":"https:\/\/patagoniambiental.com.ar\/info\/#website"},"primaryImageOfPage":{"@id":"https:\/\/patagoniambiental.com.ar\/info\/la-bahia-de-san-antonio-contara-con-nueva-infraestructura-turistica\/#primaryimage"},"image":{"@id":"https:\/\/patagoniambiental.com.ar\/info\/la-bahia-de-san-antonio-contara-con-nueva-infraestructura-turistica\/#primaryimage"},"thumbnailUrl":"https:\/\/patagoniambiental.com.ar\/info\/wp-content\/uploads\/2023\/03\/1.jpeg","datePublished":"2023-03-05T12:17:00+00:00","dateModified":"2024-08-19T02:11:49+00:00","breadcrumb":{"@id":"https:\/\/patagoniambiental.com.ar\/info\/la-bahia-de-san-antonio-contara-con-nueva-infraestructura-turistica\/#breadcrumb"},"inLanguage":"es","potentialAction":[{"@type":"ReadAction","target":["https:\/\/patagoniambiental.com.ar\/info\/la-bahia-de-san-antonio-contara-con-nueva-infraestructura-turistica\/"]}]},{"@type":"ImageObject","inLanguage":"es","@id":"https:\/\/patagoniambiental.com.ar\/info\/la-bahia-de-san-antonio-contara-con-nueva-infraestructura-turistica\/#primaryimage","url":"https:\/\/patagoniambiental.com.ar\/info\/wp-content\/uploads\/2023\/03\/1.jpeg","contentUrl":"https:\/\/patagoniambiental.com.ar\/info\/wp-content\/uploads\/2023\/03\/1.jpeg","width":742,"height":600},{"@type":"BreadcrumbList","@id":"https:\/\/patagoniambiental.com.ar\/info\/la-bahia-de-san-antonio-contara-con-nueva-infraestructura-turistica\/#breadcrumb","itemListElement":[{"@type":"ListItem","position":1,"name":"Inicio","item":"https:\/\/patagoniambiental.com.ar\/info\/"},{"@type":"ListItem","position":2,"name":"La Bah\u00eda de San Antonio contar\u00e1 con nueva infraestructura tur\u00edstica"}]},{"@type":"WebSite","@id":"https:\/\/patagoniambiental.com.ar\/info\/#website","url":"https:\/\/patagoniambiental.com.ar\/info\/","name":"Patagonia Ambiental","description":"Monitoreo y an\u00e1lisis de la situaci\u00f3n geopol\u00edtica en el mundo y su implicancia en la Patagonia","publisher":{"@id":"https:\/\/patagoniambiental.com.ar\/info\/#organization"},"potentialAction":[{"@type":"SearchAction","target":{"@type":"EntryPoint","urlTemplate":"https:\/\/patagoniambiental.com.ar\/info\/?s={search_term_string}"},"query-input":{"@type":"PropertyValueSpecification","valueRequired":true,"valueName":"search_term_string"}}],"inLanguage":"es"},{"@type":"Organization","@id":"https:\/\/patagoniambiental.com.ar\/info\/#organization","name":"Patagonia Ambiental","url":"https:\/\/patagoniambiental.com.ar\/info\/","logo":{"@type":"ImageObject","inLanguage":"es","@id":"https:\/\/patagoniambiental.com.ar\/info\/#\/schema\/logo\/image\/","url":"https:\/\/patagoniambiental.com.ar\/info\/wp-content\/uploads\/2025\/05\/LOGO-PATAGONIA-AMBIENTAL.png","contentUrl":"https:\/\/patagoniambiental.com.ar\/info\/wp-content\/uploads\/2025\/05\/LOGO-PATAGONIA-AMBIENTAL.png","width":433,"height":250,"caption":"Patagonia Ambiental"},"image":{"@id":"https:\/\/patagoniambiental.com.ar\/info\/#\/schema\/logo\/image\/"},"sameAs":["https:\/\/www.facebook.com\/patagonia.ambiental","https:\/\/x.com\/PatAmb"]},{"@type":"Person","@id":"https:\/\/patagoniambiental.com.ar\/info\/#\/schema\/person\/e5af09d700b2e82cb10c6b8800e0c691","name":"BRAIAN ESTEVEZ","sameAs":["http:\/\/www.patagoniambiental.com.ar"]}]}},"_links":{"self":[{"href":"https:\/\/patagoniambiental.com.ar\/info\/wp-json\/wp\/v2\/posts\/76963","targetHints":{"allow":["GET"]}}],"collection":[{"href":"https:\/\/patagoniambiental.com.ar\/info\/wp-json\/wp\/v2\/posts"}],"about":[{"href":"https:\/\/patagoniambiental.com.ar\/info\/wp-json\/wp\/v2\/types\/post"}],"author":[{"embeddable":true,"href":"https:\/\/patagoniambiental.com.ar\/info\/wp-json\/wp\/v2\/users\/6"}],"replies":[{"embeddable":true,"href":"https:\/\/patagoniambiental.com.ar\/info\/wp-json\/wp\/v2\/comments?post=76963"}],"version-history":[{"count":0,"href":"https:\/\/patagoniambiental.com.ar\/info\/wp-json\/wp\/v2\/posts\/76963\/revisions"}],"wp:featuredmedia":[{"embeddable":true,"href":"https:\/\/patagoniambiental.com.ar\/info\/wp-json\/wp\/v2\/media\/76965"}],"wp:attachment":[{"href":"https:\/\/patagoniambiental.com.ar\/info\/wp-json\/wp\/v2\/media?parent=76963"}],"wp:term":[{"taxonomy":"category","embeddable":true,"href":"https:\/\/patagoniambiental.com.ar\/info\/wp-json\/wp\/v2\/categories?post=76963"},{"taxonomy":"post_tag","embeddable":true,"href":"https:\/\/patagoniambiental.com.ar\/info\/wp-json\/wp\/v2\/tags?post=76963"}],"curies":[{"name":"wp","href":"https:\/\/api.w.org\/{rel}","templated":true}]}}