{"id":77031,"date":"2023-03-13T19:00:00","date_gmt":"2023-03-13T22:00:00","guid":{"rendered":"http:\/\/patagoniambiental.com.ar\/info\/?p=77031"},"modified":"2024-08-18T23:04:01","modified_gmt":"2024-08-19T02:04:01","slug":"plan-castello-carreras-inauguro-importantes-obras-energeticas-en-el-solito","status":"publish","type":"post","link":"https:\/\/patagoniambiental.com.ar\/info\/plan-castello-carreras-inauguro-importantes-obras-energeticas-en-el-solito\/","title":{"rendered":"Carreras inaugur\u00f3 importantes obras energ\u00e9ticas en El Solito"},"content":{"rendered":"\n<!--more-->\n\n\n\n<h4 class=\"wp-block-heading\" id=\"h-la-gobernadora-arabela-carreras-dejo-inaugurada-hoy-la-estacion-transformadora-el-solito-y-las-lineas-de-alta-tension-en-132-kv-dos-obras-trascendentales-del-plan-castello-para-optimizar-el-suministro-electrico-y-energetico-de-toda-la-zona\">La Gobernadora Arabela Carreras dej\u00f3 inaugurada hoy la Estaci\u00f3n Transformadora El Solito y las l\u00edneas de alta tensi\u00f3n en 132 Kv, dos obras trascendentales del Plan Castello para optimizar el suministro el\u00e9ctrico y energ\u00e9tico de toda la zona.<\/h4>\n\n\n\n<p><img decoding=\"async\" alt=\"\" srcset=\"\/_next\/image?url=https%3A%2F%2Fsilvercoder.rionegro.gov.ar%2Ffiles%2F1678735227_3c06fe7c09bf88ad7eb0.jpeg&amp;w=640&amp;q=75 640w, \/_next\/image?url=https%3A%2F%2Fsilvercoder.rionegro.gov.ar%2Ffiles%2F1678735227_3c06fe7c09bf88ad7eb0.jpeg&amp;w=750&amp;q=75 750w, \/_next\/image?url=https%3A%2F%2Fsilvercoder.rionegro.gov.ar%2Ffiles%2F1678735227_3c06fe7c09bf88ad7eb0.jpeg&amp;w=828&amp;q=75 828w, \/_next\/image?url=https%3A%2F%2Fsilvercoder.rionegro.gov.ar%2Ffiles%2F1678735227_3c06fe7c09bf88ad7eb0.jpeg&amp;w=1080&amp;q=75 1080w, \/_next\/image?url=https%3A%2F%2Fsilvercoder.rionegro.gov.ar%2Ffiles%2F1678735227_3c06fe7c09bf88ad7eb0.jpeg&amp;w=1200&amp;q=75 1200w, \/_next\/image?url=https%3A%2F%2Fsilvercoder.rionegro.gov.ar%2Ffiles%2F1678735227_3c06fe7c09bf88ad7eb0.jpeg&amp;w=1920&amp;q=75 1920w, \/_next\/image?url=https%3A%2F%2Fsilvercoder.rionegro.gov.ar%2Ffiles%2F1678735227_3c06fe7c09bf88ad7eb0.jpeg&amp;w=2048&amp;q=75 2048w, \/_next\/image?url=https%3A%2F%2Fsilvercoder.rionegro.gov.ar%2Ffiles%2F1678735227_3c06fe7c09bf88ad7eb0.jpeg&amp;w=3840&amp;q=75 3840w\" src=\"https:\/\/rionegro.gov.ar\/_next\/image?url=https%3A%2F%2Fsilvercoder.rionegro.gov.ar%2Ffiles%2F1678735227_3c06fe7c09bf88ad7eb0.jpeg&amp;w=3840&amp;q=75\">Carreras destac\u00f3 la transversalidad del Plan Castello.Cr\u00e9dito: Secretar\u00eda de Comunicaci\u00f3n de R\u00edo Negro \/ Rafael Alvian<\/p>\n\n\n\n<p>La Mandataria estuvo acompa\u00f1ada por el vicegobernador de la provincia, Alejandro Palmieri, los intendentes de Conesa, H\u00e9ctor Leineker, de Pomona, Miguel Jara, de Choele Choel, Diego Ramello, de R\u00edo Colorado, Gustavo San Rom\u00e1n; y la secretaria de Estado de Energ\u00eda, Andrea Confini. Tambi\u00e9n estuvieron la presidenta de la empresa Transcomahue, Mar\u00eda Fernanda Garc\u00eda, y su gerente T\u00e9cnico, N\u00e9stor Salazar.<\/p>\n\n\n\n<p>La Gobernadora Carreras destac\u00f3 que \u201chace poco presentamos el plan el\u00e9ctrico de la provincia que incluye esta y otras obras que se har\u00e1n a partir de estas grandes inversiones\u201d y felicit\u00f3 a todo el equipo de Energ\u00eda de la Provincia.<\/p>\n\n\n\n<p>\u201cEl Plan Castello es un ejemplo de transversalidad de las pol\u00edticas p\u00fablicas\u201d asegur\u00f3 la Mandataria y valor\u00f3 la importancia de comprender la continuidad: \u201cHace 12 a\u00f1os empezamos a mirar con una luz nueva los proyectos de la Provincia, hoy casi todas las obras del Castello est\u00e1n inaugur\u00e1ndose\u201d.<\/p>\n\n\n\n<p>Carreras agreg\u00f3 que \u201cel Plan Castello es una deuda que se traduce directamente en obras en todo el territorio provincial, en bienestar para la poblaci\u00f3n y tambi\u00e9n tiene por detr\u00e1s una ingenier\u00eda econ\u00f3mica que hay que llevar adelante\u201d y anunci\u00f3 que el \u00faltimo viernes se pagaron m\u00e1s de $2.000 millones en concepto de cuota de los intereses del Plan.<\/p>\n\n\n\n<figure class=\"wp-block-image\"><img decoding=\"async\" src=\"https:\/\/silvercoder.rionegro.gov.ar\/files\/1678735355_256de08d7c25508f81e6.jpeg\" alt=\"\"\/><\/figure>\n\n\n\n<p>\u201cEs un orgullo formar parte de esta etapa del desarrollo de la provincia\u201d afirm\u00f3 la Gobernadora y a\u00f1adi\u00f3 que \u201cimaginamos un gran crecimiento a partir de esta obra. Estamos pensando en un provincia grande, integral y con una mirada transversal desde lo pol\u00edtico, integrando la producci\u00f3n para el crecimiento de la provincia\u201d.<\/p>\n\n\n\n<p>La inversi\u00f3n total a trav\u00e9s del Plan Castello fue de $401.002.370 para la Estaci\u00f3n Transformadora y de $1.005.311.468 para los casi 80 kil\u00f3metros de l\u00edneas de alta tensi\u00f3n entre Pomona y El Solito.<\/p>\n\n\n\n<p>Por su parte, Confini, destac\u00f3 la labor de la empresa Transcomahue, encargada del transporte de alta tensi\u00f3n de la energ\u00eda el\u00e9ctrica, y repas\u00f3 los proyectos que est\u00e1n siendo abordado en la provincia por la cartera de Energ\u00eda, y coment\u00f3: \u201cUn d\u00eda lleg\u00f3 el Plan Castello, y un porcentaje fue para obras el\u00e9ctricas; y previo a eso segu\u00edamos trabajando y pudimos construir una estaci\u00f3n trasformadora en Allen, realizar obras en Roca, en Pomona, y cuando nos quisimos dar cuenta hab\u00edamos sumado una gran cantidad de estaciones transformadoras, de la mano del Plan Castello, y Transcomahue comenzaba a crecer\u201d.<\/p>\n\n\n\n<figure class=\"wp-block-image\"><img decoding=\"async\" src=\"https:\/\/silvercoder.rionegro.gov.ar\/files\/1678735380_b8394c5de23247cb4b90.jpeg\" alt=\"\"\/><\/figure>\n\n\n\n<p>El gerente t\u00e9cnico de Transcomahue, N\u00e9stor Salazar, explic\u00f3 que se trata de la \u201cprimera de las dos estaciones transformadoras que conforman el electroducto, que adem\u00e1s est\u00e1 compuesto por dos l\u00edneas de 132 Kv, una que une Pomona con El Solito y la otra El Solito con Conesa\u201d.<\/p>\n\n\n\n<p>Salazar agreg\u00f3 adem\u00e1s que \u201cen esta instalaci\u00f3n tenemos todo el equipamiento de maniobra necesario en 132 Kv para que la estaci\u00f3n sea aut\u00f3noma, siendo alimentada desde Pomona\u201d.<\/p>\n\n\n\n<p>\u201cLa intenci\u00f3n es garantizar la calidad del servicio a trav\u00e9s del electroducto de 132 Kv desde un punto firme de potencia como lo es la estaci\u00f3n transformadora Pomona con su parque e\u00f3lico y la cercan\u00eda a la estaci\u00f3n Choele Choel que est\u00e1 dentro del sistema el\u00e9ctrico de Extra Alta Tensi\u00f3n\u201d asegur\u00f3 Salazar quien destac\u00f3 que la Estaci\u00f3n cuenta con interruptores y equipamiento de protecci\u00f3n y de control de \u00faltima generaci\u00f3n.<\/p>\n\n\n\n<div style=\"height:100px\" aria-hidden=\"true\" class=\"wp-block-spacer\"><\/div>\n\n\n\n<h2 class=\"wp-block-heading\" id=\"h-dos-obras-claves\">Dos obras claves<\/h2>\n\n\n\n<p>La nueva Estaci\u00f3n Transformadora El Solito, junto a la que est\u00e1 por terminarse en General Conesa, m\u00e1s los dos tramos de l\u00edneas de alta tensi\u00f3n que totalizan unos 145 kil\u00f3metros de l\u00edneas que las vinculan, son cuatro obras que brindar\u00e1n un punto de disponibilidad de potencia firme.<\/p>\n\n\n\n<figure class=\"wp-block-image\"><img decoding=\"async\" src=\"https:\/\/silvercoder.rionegro.gov.ar\/files\/1678735411_ff137acd17dc078ca54b.jpeg\" alt=\"\"\/><\/figure>\n\n\n\n<p>A partir de ello, se podr\u00e1 desarrollar un sistema de distribuci\u00f3n que alimente los sistemas de riego necesarios para promover el desarrollo productivo de los valles de Colonia Josefa y Negro Muerto. Un sector que posee una gran potencialidad para la generaci\u00f3n de empleo.<\/p>\n\n\n\n<p>La nueva ET El Solito, tiene emplazado un transformador de potencia de 15 MVA, mientras que el tramo de l\u00edneas de 132 kv, posee 77,8 kms y se vincula al sistema el\u00e9ctrico por distribuci\u00f3n troncal con la estaci\u00f3n transformadora del Parque E\u00f3lico Pomona 1. En un futuro pr\u00f3ximo, servir\u00e1 de v\u00ednculo a la nueva Estaci\u00f3n Transformadora General Conesa, mediante otro tramo de l\u00ednea de 132 kv, que tiene un recorrido de 66,8 kms.<\/p>\n\n\n\n<p>En esta \u00faltima etapa se est\u00e1n realizando los ensayos finales para su puesta marcha. Una vez que el esquema el\u00e9ctrico est\u00e9 completo, se dar\u00e1 seguridad al abastecimiento el\u00e9ctrico de General Conesa y su zona de influencia, brindando un punto de disponibilidad de potencia firme y m\u00e1s seguro al interconectarse con el nodo Choele Choel.<\/p>\n\n\n\n<p>Tambi\u00e9n acompa\u00f1aron la inauguraci\u00f3n el secretario de Gobierno, Agust\u00edn R\u00edos, el secretario general de Edersa, Ra\u00fal Barhen, las legisladoras M\u00f3nica Silva y Alejandra M\u00e1s, y el legislador Fabio Sosa, y dem\u00e1s autoridades provinciales, municipales, de Edersa y Transcomahue.<\/p>\n\n\n\n<p>Fuente: rionegro.gov.ar<\/p>\n","protected":false},"excerpt":{"rendered":"","protected":false},"author":2,"featured_media":77032,"comment_status":"open","ping_status":"open","sticky":false,"template":"","format":"standard","meta":{"site-sidebar-layout":"default","site-content-layout":"","ast-site-content-layout":"default","site-content-style":"default","site-sidebar-style":"default","ast-global-header-display":"","ast-banner-title-visibility":"","ast-main-header-display":"","ast-hfb-above-header-display":"","ast-hfb-below-header-display":"","ast-hfb-mobile-header-display":"","site-post-title":"","ast-breadcrumbs-content":"","ast-featured-img":"","footer-sml-layout":"","ast-disable-related-posts":"","theme-transparent-header-meta":"","adv-header-id-meta":"","stick-header-meta":"","header-above-stick-meta":"","header-main-stick-meta":"","header-below-stick-meta":"","astra-migrate-meta-layouts":"default","ast-page-background-enabled":"default","ast-page-background-meta":{"desktop":{"background-color":"var(--ast-global-color-5)","background-image":"","background-repeat":"repeat","background-position":"center center","background-size":"auto","background-attachment":"scroll","background-type":"","background-media":"","overlay-type":"","overlay-color":"","overlay-opacity":"","overlay-gradient":""},"tablet":{"background-color":"","background-image":"","background-repeat":"repeat","background-position":"center center","background-size":"auto","background-attachment":"scroll","background-type":"","background-media":"","overlay-type":"","overlay-color":"","overlay-opacity":"","overlay-gradient":""},"mobile":{"background-color":"","background-image":"","background-repeat":"repeat","background-position":"center center","background-size":"auto","background-attachment":"scroll","background-type":"","background-media":"","overlay-type":"","overlay-color":"","overlay-opacity":"","overlay-gradient":""}},"ast-content-background-meta":{"desktop":{"background-color":"var(--ast-global-color-4)","background-image":"","background-repeat":"repeat","background-position":"center center","background-size":"auto","background-attachment":"scroll","background-type":"","background-media":"","overlay-type":"","overlay-color":"","overlay-opacity":"","overlay-gradient":""},"tablet":{"background-color":"var(--ast-global-color-4)","background-image":"","background-repeat":"repeat","background-position":"center center","background-size":"auto","background-attachment":"scroll","background-type":"","background-media":"","overlay-type":"","overlay-color":"","overlay-opacity":"","overlay-gradient":""},"mobile":{"background-color":"var(--ast-global-color-4)","background-image":"","background-repeat":"repeat","background-position":"center center","background-size":"auto","background-attachment":"scroll","background-type":"","background-media":"","overlay-type":"","overlay-color":"","overlay-opacity":"","overlay-gradient":""}},"footnotes":""},"categories":[11,1,13,14,10],"tags":[],"class_list":["post-77031","post","type-post","status-publish","format-standard","has-post-thumbnail","hentry","category-boletin","category-noticias","category-provinciales","category-rio-negro","category-rotador"],"yoast_head":"<!-- This site is optimized with the Yoast SEO Premium plugin v23.0 (Yoast SEO v27.4) - https:\/\/yoast.com\/product\/yoast-seo-premium-wordpress\/ -->\n<title>Carreras inaugur\u00f3 importantes obras energ\u00e9ticas en El Solito<\/title>\n<meta name=\"robots\" content=\"index, follow, max-snippet:-1, max-image-preview:large, max-video-preview:-1\" \/>\n<link rel=\"canonical\" href=\"https:\/\/patagoniambiental.com.ar\/info\/plan-castello-carreras-inauguro-importantes-obras-energeticas-en-el-solito\/\" \/>\n<meta property=\"og:locale\" content=\"es_ES\" \/>\n<meta property=\"og:type\" content=\"article\" \/>\n<meta property=\"og:title\" content=\"Carreras inaugur\u00f3 importantes obras energ\u00e9ticas en El Solito\" \/>\n<meta property=\"og:url\" content=\"https:\/\/patagoniambiental.com.ar\/info\/plan-castello-carreras-inauguro-importantes-obras-energeticas-en-el-solito\/\" \/>\n<meta property=\"og:site_name\" content=\"Patagonia Ambiental\" \/>\n<meta property=\"article:publisher\" content=\"https:\/\/www.facebook.com\/patagonia.ambiental\" \/>\n<meta property=\"article:author\" content=\"https:\/\/www.facebook.com\/share\/1C1V8Gv9BX\/?mibextid=qi2Omg\" \/>\n<meta property=\"article:published_time\" content=\"2023-03-13T22:00:00+00:00\" \/>\n<meta property=\"article:modified_time\" content=\"2024-08-19T02:04:01+00:00\" \/>\n<meta property=\"og:image\" content=\"https:\/\/patagoniambiental.com.ar\/info\/wp-content\/uploads\/2023\/03\/1678735380_b8394c5de23247cb4b90.jpeg\" \/>\n\t<meta property=\"og:image:width\" content=\"1600\" \/>\n\t<meta property=\"og:image:height\" content=\"1066\" \/>\n\t<meta property=\"og:image:type\" content=\"image\/jpeg\" \/>\n<meta name=\"author\" content=\"Patagonia Ambiental\" \/>\n<meta name=\"twitter:card\" content=\"summary_large_image\" \/>\n<meta name=\"twitter:creator\" content=\"@PatAmb\" \/>\n<meta name=\"twitter:site\" content=\"@PatAmb\" \/>\n<script type=\"application\/ld+json\" class=\"yoast-schema-graph\">{\"@context\":\"https:\\\/\\\/schema.org\",\"@graph\":[{\"@type\":\"Article\",\"@id\":\"https:\\\/\\\/patagoniambiental.com.ar\\\/info\\\/plan-castello-carreras-inauguro-importantes-obras-energeticas-en-el-solito\\\/#article\",\"isPartOf\":{\"@id\":\"https:\\\/\\\/patagoniambiental.com.ar\\\/info\\\/plan-castello-carreras-inauguro-importantes-obras-energeticas-en-el-solito\\\/\"},\"author\":{\"name\":\"Patagonia Ambiental\",\"@id\":\"https:\\\/\\\/patagoniambiental.com.ar\\\/info\\\/#\\\/schema\\\/person\\\/db12bff64bbcbf6a253710bf0ea37b5d\"},\"headline\":\"Carreras inaugur\u00f3 importantes obras energ\u00e9ticas en El Solito\",\"datePublished\":\"2023-03-13T22:00:00+00:00\",\"dateModified\":\"2024-08-19T02:04:01+00:00\",\"mainEntityOfPage\":{\"@id\":\"https:\\\/\\\/patagoniambiental.com.ar\\\/info\\\/plan-castello-carreras-inauguro-importantes-obras-energeticas-en-el-solito\\\/\"},\"wordCount\":943,\"commentCount\":0,\"publisher\":{\"@id\":\"https:\\\/\\\/patagoniambiental.com.ar\\\/info\\\/#organization\"},\"image\":{\"@id\":\"https:\\\/\\\/patagoniambiental.com.ar\\\/info\\\/plan-castello-carreras-inauguro-importantes-obras-energeticas-en-el-solito\\\/#primaryimage\"},\"thumbnailUrl\":\"https:\\\/\\\/patagoniambiental.com.ar\\\/info\\\/wp-content\\\/uploads\\\/2023\\\/03\\\/1678735380_b8394c5de23247cb4b90.jpeg\",\"articleSection\":[\"Bolet\u00edn\",\"Noticias\",\"Provinciales\",\"R\u00edo Negro\",\"Rotador\"],\"inLanguage\":\"es\",\"potentialAction\":[{\"@type\":\"CommentAction\",\"name\":\"Comment\",\"target\":[\"https:\\\/\\\/patagoniambiental.com.ar\\\/info\\\/plan-castello-carreras-inauguro-importantes-obras-energeticas-en-el-solito\\\/#respond\"]}]},{\"@type\":\"WebPage\",\"@id\":\"https:\\\/\\\/patagoniambiental.com.ar\\\/info\\\/plan-castello-carreras-inauguro-importantes-obras-energeticas-en-el-solito\\\/\",\"url\":\"https:\\\/\\\/patagoniambiental.com.ar\\\/info\\\/plan-castello-carreras-inauguro-importantes-obras-energeticas-en-el-solito\\\/\",\"name\":\"Carreras inaugur\u00f3 importantes obras energ\u00e9ticas en El Solito\",\"isPartOf\":{\"@id\":\"https:\\\/\\\/patagoniambiental.com.ar\\\/info\\\/#website\"},\"primaryImageOfPage\":{\"@id\":\"https:\\\/\\\/patagoniambiental.com.ar\\\/info\\\/plan-castello-carreras-inauguro-importantes-obras-energeticas-en-el-solito\\\/#primaryimage\"},\"image\":{\"@id\":\"https:\\\/\\\/patagoniambiental.com.ar\\\/info\\\/plan-castello-carreras-inauguro-importantes-obras-energeticas-en-el-solito\\\/#primaryimage\"},\"thumbnailUrl\":\"https:\\\/\\\/patagoniambiental.com.ar\\\/info\\\/wp-content\\\/uploads\\\/2023\\\/03\\\/1678735380_b8394c5de23247cb4b90.jpeg\",\"datePublished\":\"2023-03-13T22:00:00+00:00\",\"dateModified\":\"2024-08-19T02:04:01+00:00\",\"breadcrumb\":{\"@id\":\"https:\\\/\\\/patagoniambiental.com.ar\\\/info\\\/plan-castello-carreras-inauguro-importantes-obras-energeticas-en-el-solito\\\/#breadcrumb\"},\"inLanguage\":\"es\",\"potentialAction\":[{\"@type\":\"ReadAction\",\"target\":[\"https:\\\/\\\/patagoniambiental.com.ar\\\/info\\\/plan-castello-carreras-inauguro-importantes-obras-energeticas-en-el-solito\\\/\"]}]},{\"@type\":\"ImageObject\",\"inLanguage\":\"es\",\"@id\":\"https:\\\/\\\/patagoniambiental.com.ar\\\/info\\\/plan-castello-carreras-inauguro-importantes-obras-energeticas-en-el-solito\\\/#primaryimage\",\"url\":\"https:\\\/\\\/patagoniambiental.com.ar\\\/info\\\/wp-content\\\/uploads\\\/2023\\\/03\\\/1678735380_b8394c5de23247cb4b90.jpeg\",\"contentUrl\":\"https:\\\/\\\/patagoniambiental.com.ar\\\/info\\\/wp-content\\\/uploads\\\/2023\\\/03\\\/1678735380_b8394c5de23247cb4b90.jpeg\",\"width\":901,\"height\":600},{\"@type\":\"BreadcrumbList\",\"@id\":\"https:\\\/\\\/patagoniambiental.com.ar\\\/info\\\/plan-castello-carreras-inauguro-importantes-obras-energeticas-en-el-solito\\\/#breadcrumb\",\"itemListElement\":[{\"@type\":\"ListItem\",\"position\":1,\"name\":\"Inicio\",\"item\":\"https:\\\/\\\/patagoniambiental.com.ar\\\/info\\\/\"},{\"@type\":\"ListItem\",\"position\":2,\"name\":\"Carreras inaugur\u00f3 importantes obras energ\u00e9ticas en El Solito\"}]},{\"@type\":\"WebSite\",\"@id\":\"https:\\\/\\\/patagoniambiental.com.ar\\\/info\\\/#website\",\"url\":\"https:\\\/\\\/patagoniambiental.com.ar\\\/info\\\/\",\"name\":\"Patagonia Ambiental\",\"description\":\"Monitoreo y an\u00e1lisis de la situaci\u00f3n geopol\u00edtica en el mundo y su implicancia en la Patagonia\",\"publisher\":{\"@id\":\"https:\\\/\\\/patagoniambiental.com.ar\\\/info\\\/#organization\"},\"potentialAction\":[{\"@type\":\"SearchAction\",\"target\":{\"@type\":\"EntryPoint\",\"urlTemplate\":\"https:\\\/\\\/patagoniambiental.com.ar\\\/info\\\/?s={search_term_string}\"},\"query-input\":{\"@type\":\"PropertyValueSpecification\",\"valueRequired\":true,\"valueName\":\"search_term_string\"}}],\"inLanguage\":\"es\"},{\"@type\":\"Organization\",\"@id\":\"https:\\\/\\\/patagoniambiental.com.ar\\\/info\\\/#organization\",\"name\":\"Patagonia Ambiental\",\"url\":\"https:\\\/\\\/patagoniambiental.com.ar\\\/info\\\/\",\"logo\":{\"@type\":\"ImageObject\",\"inLanguage\":\"es\",\"@id\":\"https:\\\/\\\/patagoniambiental.com.ar\\\/info\\\/#\\\/schema\\\/logo\\\/image\\\/\",\"url\":\"https:\\\/\\\/patagoniambiental.com.ar\\\/info\\\/wp-content\\\/uploads\\\/2025\\\/05\\\/LOGO-PATAGONIA-AMBIENTAL.png\",\"contentUrl\":\"https:\\\/\\\/patagoniambiental.com.ar\\\/info\\\/wp-content\\\/uploads\\\/2025\\\/05\\\/LOGO-PATAGONIA-AMBIENTAL.png\",\"width\":433,\"height\":250,\"caption\":\"Patagonia Ambiental\"},\"image\":{\"@id\":\"https:\\\/\\\/patagoniambiental.com.ar\\\/info\\\/#\\\/schema\\\/logo\\\/image\\\/\"},\"sameAs\":[\"https:\\\/\\\/www.facebook.com\\\/patagonia.ambiental\",\"https:\\\/\\\/x.com\\\/PatAmb\"]},{\"@type\":\"Person\",\"@id\":\"https:\\\/\\\/patagoniambiental.com.ar\\\/info\\\/#\\\/schema\\\/person\\\/db12bff64bbcbf6a253710bf0ea37b5d\",\"name\":\"Patagonia Ambiental\",\"description\":\"Andr\u00e9s Nievas T\u00e9cnico en manejo ambiental, consultor Ambiental y escritor para medios locales e internacionales sobre temas de geopolitica y medio ambiente.\",\"sameAs\":[\"http:\\\/\\\/www.patagoniambiental.com.ar\",\"https:\\\/\\\/www.facebook.com\\\/share\\\/1C1V8Gv9BX\\\/?mibextid=qi2Omg\",\"@patagoniambiental\",\"https:\\\/\\\/youtube.com\\\/@patagoniaambiental2023?si=BLt58t0wuXquxlYZ\"]}]}<\/script>\n<!-- \/ Yoast SEO Premium plugin. -->","yoast_head_json":{"title":"Carreras inaugur\u00f3 importantes obras energ\u00e9ticas en El Solito","robots":{"index":"index","follow":"follow","max-snippet":"max-snippet:-1","max-image-preview":"max-image-preview:large","max-video-preview":"max-video-preview:-1"},"canonical":"https:\/\/patagoniambiental.com.ar\/info\/plan-castello-carreras-inauguro-importantes-obras-energeticas-en-el-solito\/","og_locale":"es_ES","og_type":"article","og_title":"Carreras inaugur\u00f3 importantes obras energ\u00e9ticas en El Solito","og_url":"https:\/\/patagoniambiental.com.ar\/info\/plan-castello-carreras-inauguro-importantes-obras-energeticas-en-el-solito\/","og_site_name":"Patagonia Ambiental","article_publisher":"https:\/\/www.facebook.com\/patagonia.ambiental","article_author":"https:\/\/www.facebook.com\/share\/1C1V8Gv9BX\/?mibextid=qi2Omg","article_published_time":"2023-03-13T22:00:00+00:00","article_modified_time":"2024-08-19T02:04:01+00:00","og_image":[{"width":1600,"height":1066,"url":"https:\/\/patagoniambiental.com.ar\/info\/wp-content\/uploads\/2023\/03\/1678735380_b8394c5de23247cb4b90.jpeg","type":"image\/jpeg"}],"author":"Patagonia Ambiental","twitter_card":"summary_large_image","twitter_creator":"@PatAmb","twitter_site":"@PatAmb","schema":{"@context":"https:\/\/schema.org","@graph":[{"@type":"Article","@id":"https:\/\/patagoniambiental.com.ar\/info\/plan-castello-carreras-inauguro-importantes-obras-energeticas-en-el-solito\/#article","isPartOf":{"@id":"https:\/\/patagoniambiental.com.ar\/info\/plan-castello-carreras-inauguro-importantes-obras-energeticas-en-el-solito\/"},"author":{"name":"Patagonia Ambiental","@id":"https:\/\/patagoniambiental.com.ar\/info\/#\/schema\/person\/db12bff64bbcbf6a253710bf0ea37b5d"},"headline":"Carreras inaugur\u00f3 importantes obras energ\u00e9ticas en El Solito","datePublished":"2023-03-13T22:00:00+00:00","dateModified":"2024-08-19T02:04:01+00:00","mainEntityOfPage":{"@id":"https:\/\/patagoniambiental.com.ar\/info\/plan-castello-carreras-inauguro-importantes-obras-energeticas-en-el-solito\/"},"wordCount":943,"commentCount":0,"publisher":{"@id":"https:\/\/patagoniambiental.com.ar\/info\/#organization"},"image":{"@id":"https:\/\/patagoniambiental.com.ar\/info\/plan-castello-carreras-inauguro-importantes-obras-energeticas-en-el-solito\/#primaryimage"},"thumbnailUrl":"https:\/\/patagoniambiental.com.ar\/info\/wp-content\/uploads\/2023\/03\/1678735380_b8394c5de23247cb4b90.jpeg","articleSection":["Bolet\u00edn","Noticias","Provinciales","R\u00edo Negro","Rotador"],"inLanguage":"es","potentialAction":[{"@type":"CommentAction","name":"Comment","target":["https:\/\/patagoniambiental.com.ar\/info\/plan-castello-carreras-inauguro-importantes-obras-energeticas-en-el-solito\/#respond"]}]},{"@type":"WebPage","@id":"https:\/\/patagoniambiental.com.ar\/info\/plan-castello-carreras-inauguro-importantes-obras-energeticas-en-el-solito\/","url":"https:\/\/patagoniambiental.com.ar\/info\/plan-castello-carreras-inauguro-importantes-obras-energeticas-en-el-solito\/","name":"Carreras inaugur\u00f3 importantes obras energ\u00e9ticas en El Solito","isPartOf":{"@id":"https:\/\/patagoniambiental.com.ar\/info\/#website"},"primaryImageOfPage":{"@id":"https:\/\/patagoniambiental.com.ar\/info\/plan-castello-carreras-inauguro-importantes-obras-energeticas-en-el-solito\/#primaryimage"},"image":{"@id":"https:\/\/patagoniambiental.com.ar\/info\/plan-castello-carreras-inauguro-importantes-obras-energeticas-en-el-solito\/#primaryimage"},"thumbnailUrl":"https:\/\/patagoniambiental.com.ar\/info\/wp-content\/uploads\/2023\/03\/1678735380_b8394c5de23247cb4b90.jpeg","datePublished":"2023-03-13T22:00:00+00:00","dateModified":"2024-08-19T02:04:01+00:00","breadcrumb":{"@id":"https:\/\/patagoniambiental.com.ar\/info\/plan-castello-carreras-inauguro-importantes-obras-energeticas-en-el-solito\/#breadcrumb"},"inLanguage":"es","potentialAction":[{"@type":"ReadAction","target":["https:\/\/patagoniambiental.com.ar\/info\/plan-castello-carreras-inauguro-importantes-obras-energeticas-en-el-solito\/"]}]},{"@type":"ImageObject","inLanguage":"es","@id":"https:\/\/patagoniambiental.com.ar\/info\/plan-castello-carreras-inauguro-importantes-obras-energeticas-en-el-solito\/#primaryimage","url":"https:\/\/patagoniambiental.com.ar\/info\/wp-content\/uploads\/2023\/03\/1678735380_b8394c5de23247cb4b90.jpeg","contentUrl":"https:\/\/patagoniambiental.com.ar\/info\/wp-content\/uploads\/2023\/03\/1678735380_b8394c5de23247cb4b90.jpeg","width":901,"height":600},{"@type":"BreadcrumbList","@id":"https:\/\/patagoniambiental.com.ar\/info\/plan-castello-carreras-inauguro-importantes-obras-energeticas-en-el-solito\/#breadcrumb","itemListElement":[{"@type":"ListItem","position":1,"name":"Inicio","item":"https:\/\/patagoniambiental.com.ar\/info\/"},{"@type":"ListItem","position":2,"name":"Carreras inaugur\u00f3 importantes obras energ\u00e9ticas en El Solito"}]},{"@type":"WebSite","@id":"https:\/\/patagoniambiental.com.ar\/info\/#website","url":"https:\/\/patagoniambiental.com.ar\/info\/","name":"Patagonia Ambiental","description":"Monitoreo y an\u00e1lisis de la situaci\u00f3n geopol\u00edtica en el mundo y su implicancia en la Patagonia","publisher":{"@id":"https:\/\/patagoniambiental.com.ar\/info\/#organization"},"potentialAction":[{"@type":"SearchAction","target":{"@type":"EntryPoint","urlTemplate":"https:\/\/patagoniambiental.com.ar\/info\/?s={search_term_string}"},"query-input":{"@type":"PropertyValueSpecification","valueRequired":true,"valueName":"search_term_string"}}],"inLanguage":"es"},{"@type":"Organization","@id":"https:\/\/patagoniambiental.com.ar\/info\/#organization","name":"Patagonia Ambiental","url":"https:\/\/patagoniambiental.com.ar\/info\/","logo":{"@type":"ImageObject","inLanguage":"es","@id":"https:\/\/patagoniambiental.com.ar\/info\/#\/schema\/logo\/image\/","url":"https:\/\/patagoniambiental.com.ar\/info\/wp-content\/uploads\/2025\/05\/LOGO-PATAGONIA-AMBIENTAL.png","contentUrl":"https:\/\/patagoniambiental.com.ar\/info\/wp-content\/uploads\/2025\/05\/LOGO-PATAGONIA-AMBIENTAL.png","width":433,"height":250,"caption":"Patagonia Ambiental"},"image":{"@id":"https:\/\/patagoniambiental.com.ar\/info\/#\/schema\/logo\/image\/"},"sameAs":["https:\/\/www.facebook.com\/patagonia.ambiental","https:\/\/x.com\/PatAmb"]},{"@type":"Person","@id":"https:\/\/patagoniambiental.com.ar\/info\/#\/schema\/person\/db12bff64bbcbf6a253710bf0ea37b5d","name":"Patagonia Ambiental","description":"Andr\u00e9s Nievas T\u00e9cnico en manejo ambiental, consultor Ambiental y escritor para medios locales e internacionales sobre temas de geopolitica y medio ambiente.","sameAs":["http:\/\/www.patagoniambiental.com.ar","https:\/\/www.facebook.com\/share\/1C1V8Gv9BX\/?mibextid=qi2Omg","@patagoniambiental","https:\/\/youtube.com\/@patagoniaambiental2023?si=BLt58t0wuXquxlYZ"]}]}},"_links":{"self":[{"href":"https:\/\/patagoniambiental.com.ar\/info\/wp-json\/wp\/v2\/posts\/77031","targetHints":{"allow":["GET"]}}],"collection":[{"href":"https:\/\/patagoniambiental.com.ar\/info\/wp-json\/wp\/v2\/posts"}],"about":[{"href":"https:\/\/patagoniambiental.com.ar\/info\/wp-json\/wp\/v2\/types\/post"}],"author":[{"embeddable":true,"href":"https:\/\/patagoniambiental.com.ar\/info\/wp-json\/wp\/v2\/users\/2"}],"replies":[{"embeddable":true,"href":"https:\/\/patagoniambiental.com.ar\/info\/wp-json\/wp\/v2\/comments?post=77031"}],"version-history":[{"count":0,"href":"https:\/\/patagoniambiental.com.ar\/info\/wp-json\/wp\/v2\/posts\/77031\/revisions"}],"wp:featuredmedia":[{"embeddable":true,"href":"https:\/\/patagoniambiental.com.ar\/info\/wp-json\/wp\/v2\/media\/77032"}],"wp:attachment":[{"href":"https:\/\/patagoniambiental.com.ar\/info\/wp-json\/wp\/v2\/media?parent=77031"}],"wp:term":[{"taxonomy":"category","embeddable":true,"href":"https:\/\/patagoniambiental.com.ar\/info\/wp-json\/wp\/v2\/categories?post=77031"},{"taxonomy":"post_tag","embeddable":true,"href":"https:\/\/patagoniambiental.com.ar\/info\/wp-json\/wp\/v2\/tags?post=77031"}],"curies":[{"name":"wp","href":"https:\/\/api.w.org\/{rel}","templated":true}]}}