{"id":77037,"date":"2023-03-14T07:00:00","date_gmt":"2023-03-14T10:00:00","guid":{"rendered":"http:\/\/patagoniambiental.com.ar\/info\/?p=77037"},"modified":"2024-08-18T23:02:31","modified_gmt":"2024-08-19T02:02:31","slug":"se-desarrollan-obras-hidricas-en-la-provincia-por-mas-2-000-millones-de-pesos","status":"publish","type":"post","link":"https:\/\/patagoniambiental.com.ar\/info\/se-desarrollan-obras-hidricas-en-la-provincia-por-mas-2-000-millones-de-pesos\/","title":{"rendered":"Se desarrollan obras h\u00eddricas en la provincia por m\u00e1s 2.000 millones de pesos"},"content":{"rendered":"\n<!--more-->\n\n\n\n<p><em>Se avanza en la elaboraci\u00f3n de proyectos ejecutivos y licitaciones para dotar de m\u00e1s infraestructura las localidades de Chos Malal, Taquimil\u00e1n, Villa del Nahueve, Andacollo, Los Miches y Manzano Amargo.<\/em><\/p>\n\n\n\n<p>D\u00edas atr\u00e1s, funcionarios y t\u00e9cnicos de la subsecretar\u00eda de Recursos H\u00eddricos, acompa\u00f1ados por intendentes, recorrieron distintas obras que se est\u00e1n ejecutando en la zona norte de la provincia.<\/p>\n\n\n\n<p>La comisi\u00f3n de trabajo estuvo integrada por el subsecretario de Recursos H\u00eddricos, Horacio Carvalho; el director provincial de Obras y Proyectos, Omar Palavecino; adem\u00e1s de inspectores y personal administrativo de la direcci\u00f3n de Contratos y Certificaci\u00f3n de obras.<\/p>\n\n\n\n<p>Entre las actividades que se desarrollaron, se realiz\u00f3 la apertura de sobres de la licitaci\u00f3n para la obra \u201cReacondicionamiento del Canal Norte-Chos Malal\u201d. Hubo tres propuestas y la mejor oferta fue de 49 millones de pesos. Los trabajos consisten en poner en condiciones el canal norte con la limpieza del material del costado del canal, reparaci\u00f3n de compuertas y obras con la colocaci\u00f3n de gaviones. \u201cEs una obra de suma importancia para los productores\u201d, se\u00f1al\u00f3 Carvalho.<\/p>\n\n\n\n<p>Luego, junto con el equipo municipal, se realiz\u00f3 una recorrida por los tramos donde el canal Los Maitenes recorre la localidad. Para esta obra, la subsecretar\u00eda de Recursos H\u00eddricos se encuentra elaborando un proyecto para poner en condiciones todo el sistema.<\/p>\n\n\n\n<p>\u201cLa obra consiste en readecuar las instalaciones del canal y as\u00ed mejorar el funcionamiento del sistema a la necesidad de los productores. Tambi\u00e9n se evalu\u00f3 la limpieza de todos los ca\u00f1adones a trav\u00e9s de una licitaci\u00f3n. Anunciamos la elaboraci\u00f3n de un proyecto ejecutivo de lo que son los pluvioaluvionales, para lo cual se estima una inversi\u00f3n de alrededor de 50 millones de pesos y que se relaciona con lo que pregona la subsecretar\u00eda, que es la planificaci\u00f3n. Tenemos tormentas convectivas que generan graves inconvenientes en las localidades. Es por eso que creemos importante el avance del proyecto ejecutivo para ver qu\u00e9 es lo que tenemos que hacer y luego buscar el financiamiento\u201d, destac\u00f3 el subsecretario.<\/p>\n\n\n\n<div style=\"height:100px\" aria-hidden=\"true\" class=\"wp-block-spacer\"><\/div>\n\n\n\n<h2 class=\"wp-block-heading\" id=\"h-huinganco\">Huinganco<\/h2>\n\n\n\n<p>\u201cHicimos un aporte de alrededor de 16 millones de pesos a trav\u00e9s del Comit\u00e9 de Emergencia por Sequ\u00eda y que son tres perforaciones que nos hab\u00eda solicitado el municipio en distintos sectores de la localidad. Tambi\u00e9n hicimos un aporte de tres millones de pesos para un proyecto del acueducto Los Huemules, y el alquiler de un cami\u00f3n para llevar agua a productores por un monto aproximado de seis millones de pesos\u201d, agreg\u00f3.<\/p>\n\n\n\n<div style=\"height:100px\" aria-hidden=\"true\" class=\"wp-block-spacer\"><\/div>\n\n\n\n<h2 class=\"wp-block-heading\" id=\"h-los-miches\">Los Miches<\/h2>\n\n\n\n<p>Junto con el intendente Ezequiel V\u00e9lez, se anunci\u00f3 la elaboraci\u00f3n de un proyecto para la readecuaci\u00f3n de la zona de ingreso a la localidad. \u201cVamos a elaborar el proyecto ejecutivo que prev\u00e9 un aporte en materiales -de lo que surja de ese proyecto-, para que el municipio, con mano de obra local, lo ejecute. El intendente nos solicit\u00f3, a trav\u00e9s del Comit\u00e9 de Emergencia por Sequ\u00eda, cuatro perforaciones y vamos a mejorar la operaci\u00f3n de los sistemas de riego, adem\u00e1s de contratar un tomero\u201d, indic\u00f3 Carvalho.<\/p>\n\n\n\n<div style=\"height:100px\" aria-hidden=\"true\" class=\"wp-block-spacer\"><\/div>\n\n\n\n<h2 class=\"wp-block-heading\" id=\"h-villa-del-nahueve\">Villa del Nahueve<\/h2>\n\n\n\n<p>\u201cRecorrimos la zona con autoridades municipales y se resolvi\u00f3 llevar adelante la ejecuci\u00f3n de un proyecto para la captaci\u00f3n de agua de la zona alta hacia la localidad, a trav\u00e9s de una zanja de guarda para evitar el deterioro de la ruta\u201d, dijo.<\/p>\n\n\n\n<div style=\"height:100px\" aria-hidden=\"true\" class=\"wp-block-spacer\"><\/div>\n\n\n\n<h2 class=\"wp-block-heading\" id=\"h-manzano-amargo\">Manzano Amargo<\/h2>\n\n\n\n<p>En esta localidad se adjudic\u00f3 la obra de defensa sobre el r\u00edo Neuqu\u00e9n, donde se ejecutar\u00e1 una costanera con una inversi\u00f3n de 108 millones de pesos. Se adjudicar\u00e1 pr\u00f3ximamente una obra de defensa aluvional en la ruta que va a la cascada La Fragua, que prev\u00e9 una inversi\u00f3n de 115 millones de pesos. \u201cSon fuertes inversiones en Manzano Amargo para mejorar la calidad de vida de los vecinos y poner en valor una costanera para que disfruten todos los locales y visitantes\u201d, agreg\u00f3.<\/p>\n\n\n\n<div style=\"height:100px\" aria-hidden=\"true\" class=\"wp-block-spacer\"><\/div>\n\n\n\n<h2 class=\"wp-block-heading\" id=\"h-taquimilan\">Taquimil\u00e1n<\/h2>\n\n\n\n<p>\u201cPudimos observar con mucho agrado el inicio de obra del acueducto, con una inversi\u00f3n de casi 356 millones de pesos, con recursos del Fondo H\u00eddrico Provincial. Este acueducto solucionar\u00e1 definitivamente el problema de agua potable y riego de la localidad. Tuvimos la suerte de poder hacer una cuantificaci\u00f3n del agua que se puede obtener del r\u00edo Neuqu\u00e9n, a partir del pozo filtrante que estamos desarrollando y super\u00f3 largamente las expectativas que ten\u00edamos\u201d, expres\u00f3 el subsecretario.<\/p>\n\n\n\n<p>Agreg\u00f3 que, \u201cparalelamente, ya estaban en ejecuci\u00f3n las perforaciones de Naunauco y Taquimil\u00e1n, con un excelente resultado\u201d.<\/p>\n\n\n\n<div style=\"height:100px\" aria-hidden=\"true\" class=\"wp-block-spacer\"><\/div>\n\n\n\n<h2 class=\"wp-block-heading\" id=\"h-andacollo\">Andacollo<\/h2>\n\n\n\n<p>\u201cEstuvimos recorriendo la obra Canal La Primavera segunda etapa. La primera ya se ejecut\u00f3 en 2021 y finalizamos en 2022. Actualmente estamos en la etapa dos, con 63 millones de pesos de inversi\u00f3n, pero los trabajos se encuentran paralizados, ya que debe esperarse la impermeabilizaci\u00f3n de una parte del canal debido a que hay que trabajar con un canal seco\u201d, dijo y agreg\u00f3 que se recorri\u00f3 una zona donde falta completar los desag\u00fces pluvioaluvionales. Si bien son obras menores, mejoran el escurrimiento en caso de tormentas. Se prev\u00e9 contratar la tercera etapa del proyecto en el Canal La Primavera, que prev\u00e9 inversiones que podr\u00edan superar los 80 millones de pesos.<\/p>\n\n\n\n<p>Fuente: Neuquen Informa <\/p>\n","protected":false},"excerpt":{"rendered":"","protected":false},"author":2,"featured_media":77038,"comment_status":"open","ping_status":"open","sticky":false,"template":"","format":"standard","meta":{"site-sidebar-layout":"default","site-content-layout":"","ast-site-content-layout":"default","site-content-style":"default","site-sidebar-style":"default","ast-global-header-display":"","ast-banner-title-visibility":"","ast-main-header-display":"","ast-hfb-above-header-display":"","ast-hfb-below-header-display":"","ast-hfb-mobile-header-display":"","site-post-title":"","ast-breadcrumbs-content":"","ast-featured-img":"","footer-sml-layout":"","ast-disable-related-posts":"","theme-transparent-header-meta":"","adv-header-id-meta":"","stick-header-meta":"","header-above-stick-meta":"","header-main-stick-meta":"","header-below-stick-meta":"","astra-migrate-meta-layouts":"default","ast-page-background-enabled":"default","ast-page-background-meta":{"desktop":{"background-color":"var(--ast-global-color-5)","background-image":"","background-repeat":"repeat","background-position":"center center","background-size":"auto","background-attachment":"scroll","background-type":"","background-media":"","overlay-type":"","overlay-color":"","overlay-opacity":"","overlay-gradient":""},"tablet":{"background-color":"","background-image":"","background-repeat":"repeat","background-position":"center center","background-size":"auto","background-attachment":"scroll","background-type":"","background-media":"","overlay-type":"","overlay-color":"","overlay-opacity":"","overlay-gradient":""},"mobile":{"background-color":"","background-image":"","background-repeat":"repeat","background-position":"center center","background-size":"auto","background-attachment":"scroll","background-type":"","background-media":"","overlay-type":"","overlay-color":"","overlay-opacity":"","overlay-gradient":""}},"ast-content-background-meta":{"desktop":{"background-color":"var(--ast-global-color-4)","background-image":"","background-repeat":"repeat","background-position":"center center","background-size":"auto","background-attachment":"scroll","background-type":"","background-media":"","overlay-type":"","overlay-color":"","overlay-opacity":"","overlay-gradient":""},"tablet":{"background-color":"var(--ast-global-color-4)","background-image":"","background-repeat":"repeat","background-position":"center center","background-size":"auto","background-attachment":"scroll","background-type":"","background-media":"","overlay-type":"","overlay-color":"","overlay-opacity":"","overlay-gradient":""},"mobile":{"background-color":"var(--ast-global-color-4)","background-image":"","background-repeat":"repeat","background-position":"center center","background-size":"auto","background-attachment":"scroll","background-type":"","background-media":"","overlay-type":"","overlay-color":"","overlay-opacity":"","overlay-gradient":""}},"footnotes":""},"categories":[11,18,1,13,10],"tags":[],"class_list":["post-77037","post","type-post","status-publish","format-standard","has-post-thumbnail","hentry","category-boletin","category-neuquen","category-noticias","category-provinciales","category-rotador"],"yoast_head":"<!-- This site is optimized with the Yoast SEO Premium plugin v23.0 (Yoast SEO v27.4) - https:\/\/yoast.com\/product\/yoast-seo-premium-wordpress\/ -->\n<title>Se desarrollan obras h\u00eddricas en la provincia por m\u00e1s 2.000 millones de pesos<\/title>\n<meta name=\"robots\" content=\"index, follow, max-snippet:-1, max-image-preview:large, max-video-preview:-1\" \/>\n<link rel=\"canonical\" href=\"https:\/\/patagoniambiental.com.ar\/info\/se-desarrollan-obras-hidricas-en-la-provincia-por-mas-2-000-millones-de-pesos\/\" \/>\n<meta property=\"og:locale\" content=\"es_ES\" \/>\n<meta property=\"og:type\" content=\"article\" \/>\n<meta property=\"og:title\" content=\"Se desarrollan obras h\u00eddricas en la provincia por m\u00e1s 2.000 millones de pesos\" \/>\n<meta property=\"og:url\" content=\"https:\/\/patagoniambiental.com.ar\/info\/se-desarrollan-obras-hidricas-en-la-provincia-por-mas-2-000-millones-de-pesos\/\" \/>\n<meta property=\"og:site_name\" content=\"Patagonia Ambiental\" \/>\n<meta property=\"article:publisher\" content=\"https:\/\/www.facebook.com\/patagonia.ambiental\" \/>\n<meta property=\"article:author\" content=\"https:\/\/www.facebook.com\/share\/1C1V8Gv9BX\/?mibextid=qi2Omg\" \/>\n<meta property=\"article:published_time\" content=\"2023-03-14T10:00:00+00:00\" \/>\n<meta property=\"article:modified_time\" content=\"2024-08-19T02:02:31+00:00\" \/>\n<meta property=\"og:image\" content=\"https:\/\/patagoniambiental.com.ar\/info\/wp-content\/uploads\/2023\/03\/2.jpg\" \/>\n\t<meta property=\"og:image:width\" content=\"1280\" \/>\n\t<meta property=\"og:image:height\" content=\"632\" \/>\n\t<meta property=\"og:image:type\" content=\"image\/jpeg\" \/>\n<meta name=\"author\" content=\"Patagonia Ambiental\" \/>\n<meta name=\"twitter:card\" content=\"summary_large_image\" \/>\n<meta name=\"twitter:creator\" content=\"@PatAmb\" \/>\n<meta name=\"twitter:site\" content=\"@PatAmb\" \/>\n<script type=\"application\/ld+json\" class=\"yoast-schema-graph\">{\"@context\":\"https:\\\/\\\/schema.org\",\"@graph\":[{\"@type\":\"Article\",\"@id\":\"https:\\\/\\\/patagoniambiental.com.ar\\\/info\\\/se-desarrollan-obras-hidricas-en-la-provincia-por-mas-2-000-millones-de-pesos\\\/#article\",\"isPartOf\":{\"@id\":\"https:\\\/\\\/patagoniambiental.com.ar\\\/info\\\/se-desarrollan-obras-hidricas-en-la-provincia-por-mas-2-000-millones-de-pesos\\\/\"},\"author\":{\"name\":\"Patagonia Ambiental\",\"@id\":\"https:\\\/\\\/patagoniambiental.com.ar\\\/info\\\/#\\\/schema\\\/person\\\/db12bff64bbcbf6a253710bf0ea37b5d\"},\"headline\":\"Se desarrollan obras h\u00eddricas en la provincia por m\u00e1s 2.000 millones de pesos\",\"datePublished\":\"2023-03-14T10:00:00+00:00\",\"dateModified\":\"2024-08-19T02:02:31+00:00\",\"mainEntityOfPage\":{\"@id\":\"https:\\\/\\\/patagoniambiental.com.ar\\\/info\\\/se-desarrollan-obras-hidricas-en-la-provincia-por-mas-2-000-millones-de-pesos\\\/\"},\"wordCount\":893,\"commentCount\":0,\"publisher\":{\"@id\":\"https:\\\/\\\/patagoniambiental.com.ar\\\/info\\\/#organization\"},\"image\":{\"@id\":\"https:\\\/\\\/patagoniambiental.com.ar\\\/info\\\/se-desarrollan-obras-hidricas-en-la-provincia-por-mas-2-000-millones-de-pesos\\\/#primaryimage\"},\"thumbnailUrl\":\"https:\\\/\\\/patagoniambiental.com.ar\\\/info\\\/wp-content\\\/uploads\\\/2023\\\/03\\\/2.jpg\",\"articleSection\":[\"Bolet\u00edn\",\"Neuqu\u00e9n\",\"Noticias\",\"Provinciales\",\"Rotador\"],\"inLanguage\":\"es\",\"potentialAction\":[{\"@type\":\"CommentAction\",\"name\":\"Comment\",\"target\":[\"https:\\\/\\\/patagoniambiental.com.ar\\\/info\\\/se-desarrollan-obras-hidricas-en-la-provincia-por-mas-2-000-millones-de-pesos\\\/#respond\"]}]},{\"@type\":\"WebPage\",\"@id\":\"https:\\\/\\\/patagoniambiental.com.ar\\\/info\\\/se-desarrollan-obras-hidricas-en-la-provincia-por-mas-2-000-millones-de-pesos\\\/\",\"url\":\"https:\\\/\\\/patagoniambiental.com.ar\\\/info\\\/se-desarrollan-obras-hidricas-en-la-provincia-por-mas-2-000-millones-de-pesos\\\/\",\"name\":\"Se desarrollan obras h\u00eddricas en la provincia por m\u00e1s 2.000 millones de pesos\",\"isPartOf\":{\"@id\":\"https:\\\/\\\/patagoniambiental.com.ar\\\/info\\\/#website\"},\"primaryImageOfPage\":{\"@id\":\"https:\\\/\\\/patagoniambiental.com.ar\\\/info\\\/se-desarrollan-obras-hidricas-en-la-provincia-por-mas-2-000-millones-de-pesos\\\/#primaryimage\"},\"image\":{\"@id\":\"https:\\\/\\\/patagoniambiental.com.ar\\\/info\\\/se-desarrollan-obras-hidricas-en-la-provincia-por-mas-2-000-millones-de-pesos\\\/#primaryimage\"},\"thumbnailUrl\":\"https:\\\/\\\/patagoniambiental.com.ar\\\/info\\\/wp-content\\\/uploads\\\/2023\\\/03\\\/2.jpg\",\"datePublished\":\"2023-03-14T10:00:00+00:00\",\"dateModified\":\"2024-08-19T02:02:31+00:00\",\"breadcrumb\":{\"@id\":\"https:\\\/\\\/patagoniambiental.com.ar\\\/info\\\/se-desarrollan-obras-hidricas-en-la-provincia-por-mas-2-000-millones-de-pesos\\\/#breadcrumb\"},\"inLanguage\":\"es\",\"potentialAction\":[{\"@type\":\"ReadAction\",\"target\":[\"https:\\\/\\\/patagoniambiental.com.ar\\\/info\\\/se-desarrollan-obras-hidricas-en-la-provincia-por-mas-2-000-millones-de-pesos\\\/\"]}]},{\"@type\":\"ImageObject\",\"inLanguage\":\"es\",\"@id\":\"https:\\\/\\\/patagoniambiental.com.ar\\\/info\\\/se-desarrollan-obras-hidricas-en-la-provincia-por-mas-2-000-millones-de-pesos\\\/#primaryimage\",\"url\":\"https:\\\/\\\/patagoniambiental.com.ar\\\/info\\\/wp-content\\\/uploads\\\/2023\\\/03\\\/2.jpg\",\"contentUrl\":\"https:\\\/\\\/patagoniambiental.com.ar\\\/info\\\/wp-content\\\/uploads\\\/2023\\\/03\\\/2.jpg\",\"width\":1200,\"height\":593},{\"@type\":\"BreadcrumbList\",\"@id\":\"https:\\\/\\\/patagoniambiental.com.ar\\\/info\\\/se-desarrollan-obras-hidricas-en-la-provincia-por-mas-2-000-millones-de-pesos\\\/#breadcrumb\",\"itemListElement\":[{\"@type\":\"ListItem\",\"position\":1,\"name\":\"Inicio\",\"item\":\"https:\\\/\\\/patagoniambiental.com.ar\\\/info\\\/\"},{\"@type\":\"ListItem\",\"position\":2,\"name\":\"Se desarrollan obras h\u00eddricas en la provincia por m\u00e1s 2.000 millones de pesos\"}]},{\"@type\":\"WebSite\",\"@id\":\"https:\\\/\\\/patagoniambiental.com.ar\\\/info\\\/#website\",\"url\":\"https:\\\/\\\/patagoniambiental.com.ar\\\/info\\\/\",\"name\":\"Patagonia Ambiental\",\"description\":\"Monitoreo y an\u00e1lisis de la situaci\u00f3n geopol\u00edtica en el mundo y su implicancia en la Patagonia\",\"publisher\":{\"@id\":\"https:\\\/\\\/patagoniambiental.com.ar\\\/info\\\/#organization\"},\"potentialAction\":[{\"@type\":\"SearchAction\",\"target\":{\"@type\":\"EntryPoint\",\"urlTemplate\":\"https:\\\/\\\/patagoniambiental.com.ar\\\/info\\\/?s={search_term_string}\"},\"query-input\":{\"@type\":\"PropertyValueSpecification\",\"valueRequired\":true,\"valueName\":\"search_term_string\"}}],\"inLanguage\":\"es\"},{\"@type\":\"Organization\",\"@id\":\"https:\\\/\\\/patagoniambiental.com.ar\\\/info\\\/#organization\",\"name\":\"Patagonia Ambiental\",\"url\":\"https:\\\/\\\/patagoniambiental.com.ar\\\/info\\\/\",\"logo\":{\"@type\":\"ImageObject\",\"inLanguage\":\"es\",\"@id\":\"https:\\\/\\\/patagoniambiental.com.ar\\\/info\\\/#\\\/schema\\\/logo\\\/image\\\/\",\"url\":\"https:\\\/\\\/patagoniambiental.com.ar\\\/info\\\/wp-content\\\/uploads\\\/2025\\\/05\\\/LOGO-PATAGONIA-AMBIENTAL.png\",\"contentUrl\":\"https:\\\/\\\/patagoniambiental.com.ar\\\/info\\\/wp-content\\\/uploads\\\/2025\\\/05\\\/LOGO-PATAGONIA-AMBIENTAL.png\",\"width\":433,\"height\":250,\"caption\":\"Patagonia Ambiental\"},\"image\":{\"@id\":\"https:\\\/\\\/patagoniambiental.com.ar\\\/info\\\/#\\\/schema\\\/logo\\\/image\\\/\"},\"sameAs\":[\"https:\\\/\\\/www.facebook.com\\\/patagonia.ambiental\",\"https:\\\/\\\/x.com\\\/PatAmb\"]},{\"@type\":\"Person\",\"@id\":\"https:\\\/\\\/patagoniambiental.com.ar\\\/info\\\/#\\\/schema\\\/person\\\/db12bff64bbcbf6a253710bf0ea37b5d\",\"name\":\"Patagonia Ambiental\",\"description\":\"Andr\u00e9s Nievas T\u00e9cnico en manejo ambiental, consultor Ambiental y escritor para medios locales e internacionales sobre temas de geopolitica y medio ambiente.\",\"sameAs\":[\"http:\\\/\\\/www.patagoniambiental.com.ar\",\"https:\\\/\\\/www.facebook.com\\\/share\\\/1C1V8Gv9BX\\\/?mibextid=qi2Omg\",\"@patagoniambiental\",\"https:\\\/\\\/youtube.com\\\/@patagoniaambiental2023?si=BLt58t0wuXquxlYZ\"]}]}<\/script>\n<!-- \/ Yoast SEO Premium plugin. -->","yoast_head_json":{"title":"Se desarrollan obras h\u00eddricas en la provincia por m\u00e1s 2.000 millones de pesos","robots":{"index":"index","follow":"follow","max-snippet":"max-snippet:-1","max-image-preview":"max-image-preview:large","max-video-preview":"max-video-preview:-1"},"canonical":"https:\/\/patagoniambiental.com.ar\/info\/se-desarrollan-obras-hidricas-en-la-provincia-por-mas-2-000-millones-de-pesos\/","og_locale":"es_ES","og_type":"article","og_title":"Se desarrollan obras h\u00eddricas en la provincia por m\u00e1s 2.000 millones de pesos","og_url":"https:\/\/patagoniambiental.com.ar\/info\/se-desarrollan-obras-hidricas-en-la-provincia-por-mas-2-000-millones-de-pesos\/","og_site_name":"Patagonia Ambiental","article_publisher":"https:\/\/www.facebook.com\/patagonia.ambiental","article_author":"https:\/\/www.facebook.com\/share\/1C1V8Gv9BX\/?mibextid=qi2Omg","article_published_time":"2023-03-14T10:00:00+00:00","article_modified_time":"2024-08-19T02:02:31+00:00","og_image":[{"width":1280,"height":632,"url":"https:\/\/patagoniambiental.com.ar\/info\/wp-content\/uploads\/2023\/03\/2.jpg","type":"image\/jpeg"}],"author":"Patagonia Ambiental","twitter_card":"summary_large_image","twitter_creator":"@PatAmb","twitter_site":"@PatAmb","schema":{"@context":"https:\/\/schema.org","@graph":[{"@type":"Article","@id":"https:\/\/patagoniambiental.com.ar\/info\/se-desarrollan-obras-hidricas-en-la-provincia-por-mas-2-000-millones-de-pesos\/#article","isPartOf":{"@id":"https:\/\/patagoniambiental.com.ar\/info\/se-desarrollan-obras-hidricas-en-la-provincia-por-mas-2-000-millones-de-pesos\/"},"author":{"name":"Patagonia Ambiental","@id":"https:\/\/patagoniambiental.com.ar\/info\/#\/schema\/person\/db12bff64bbcbf6a253710bf0ea37b5d"},"headline":"Se desarrollan obras h\u00eddricas en la provincia por m\u00e1s 2.000 millones de pesos","datePublished":"2023-03-14T10:00:00+00:00","dateModified":"2024-08-19T02:02:31+00:00","mainEntityOfPage":{"@id":"https:\/\/patagoniambiental.com.ar\/info\/se-desarrollan-obras-hidricas-en-la-provincia-por-mas-2-000-millones-de-pesos\/"},"wordCount":893,"commentCount":0,"publisher":{"@id":"https:\/\/patagoniambiental.com.ar\/info\/#organization"},"image":{"@id":"https:\/\/patagoniambiental.com.ar\/info\/se-desarrollan-obras-hidricas-en-la-provincia-por-mas-2-000-millones-de-pesos\/#primaryimage"},"thumbnailUrl":"https:\/\/patagoniambiental.com.ar\/info\/wp-content\/uploads\/2023\/03\/2.jpg","articleSection":["Bolet\u00edn","Neuqu\u00e9n","Noticias","Provinciales","Rotador"],"inLanguage":"es","potentialAction":[{"@type":"CommentAction","name":"Comment","target":["https:\/\/patagoniambiental.com.ar\/info\/se-desarrollan-obras-hidricas-en-la-provincia-por-mas-2-000-millones-de-pesos\/#respond"]}]},{"@type":"WebPage","@id":"https:\/\/patagoniambiental.com.ar\/info\/se-desarrollan-obras-hidricas-en-la-provincia-por-mas-2-000-millones-de-pesos\/","url":"https:\/\/patagoniambiental.com.ar\/info\/se-desarrollan-obras-hidricas-en-la-provincia-por-mas-2-000-millones-de-pesos\/","name":"Se desarrollan obras h\u00eddricas en la provincia por m\u00e1s 2.000 millones de pesos","isPartOf":{"@id":"https:\/\/patagoniambiental.com.ar\/info\/#website"},"primaryImageOfPage":{"@id":"https:\/\/patagoniambiental.com.ar\/info\/se-desarrollan-obras-hidricas-en-la-provincia-por-mas-2-000-millones-de-pesos\/#primaryimage"},"image":{"@id":"https:\/\/patagoniambiental.com.ar\/info\/se-desarrollan-obras-hidricas-en-la-provincia-por-mas-2-000-millones-de-pesos\/#primaryimage"},"thumbnailUrl":"https:\/\/patagoniambiental.com.ar\/info\/wp-content\/uploads\/2023\/03\/2.jpg","datePublished":"2023-03-14T10:00:00+00:00","dateModified":"2024-08-19T02:02:31+00:00","breadcrumb":{"@id":"https:\/\/patagoniambiental.com.ar\/info\/se-desarrollan-obras-hidricas-en-la-provincia-por-mas-2-000-millones-de-pesos\/#breadcrumb"},"inLanguage":"es","potentialAction":[{"@type":"ReadAction","target":["https:\/\/patagoniambiental.com.ar\/info\/se-desarrollan-obras-hidricas-en-la-provincia-por-mas-2-000-millones-de-pesos\/"]}]},{"@type":"ImageObject","inLanguage":"es","@id":"https:\/\/patagoniambiental.com.ar\/info\/se-desarrollan-obras-hidricas-en-la-provincia-por-mas-2-000-millones-de-pesos\/#primaryimage","url":"https:\/\/patagoniambiental.com.ar\/info\/wp-content\/uploads\/2023\/03\/2.jpg","contentUrl":"https:\/\/patagoniambiental.com.ar\/info\/wp-content\/uploads\/2023\/03\/2.jpg","width":1200,"height":593},{"@type":"BreadcrumbList","@id":"https:\/\/patagoniambiental.com.ar\/info\/se-desarrollan-obras-hidricas-en-la-provincia-por-mas-2-000-millones-de-pesos\/#breadcrumb","itemListElement":[{"@type":"ListItem","position":1,"name":"Inicio","item":"https:\/\/patagoniambiental.com.ar\/info\/"},{"@type":"ListItem","position":2,"name":"Se desarrollan obras h\u00eddricas en la provincia por m\u00e1s 2.000 millones de pesos"}]},{"@type":"WebSite","@id":"https:\/\/patagoniambiental.com.ar\/info\/#website","url":"https:\/\/patagoniambiental.com.ar\/info\/","name":"Patagonia Ambiental","description":"Monitoreo y an\u00e1lisis de la situaci\u00f3n geopol\u00edtica en el mundo y su implicancia en la Patagonia","publisher":{"@id":"https:\/\/patagoniambiental.com.ar\/info\/#organization"},"potentialAction":[{"@type":"SearchAction","target":{"@type":"EntryPoint","urlTemplate":"https:\/\/patagoniambiental.com.ar\/info\/?s={search_term_string}"},"query-input":{"@type":"PropertyValueSpecification","valueRequired":true,"valueName":"search_term_string"}}],"inLanguage":"es"},{"@type":"Organization","@id":"https:\/\/patagoniambiental.com.ar\/info\/#organization","name":"Patagonia Ambiental","url":"https:\/\/patagoniambiental.com.ar\/info\/","logo":{"@type":"ImageObject","inLanguage":"es","@id":"https:\/\/patagoniambiental.com.ar\/info\/#\/schema\/logo\/image\/","url":"https:\/\/patagoniambiental.com.ar\/info\/wp-content\/uploads\/2025\/05\/LOGO-PATAGONIA-AMBIENTAL.png","contentUrl":"https:\/\/patagoniambiental.com.ar\/info\/wp-content\/uploads\/2025\/05\/LOGO-PATAGONIA-AMBIENTAL.png","width":433,"height":250,"caption":"Patagonia Ambiental"},"image":{"@id":"https:\/\/patagoniambiental.com.ar\/info\/#\/schema\/logo\/image\/"},"sameAs":["https:\/\/www.facebook.com\/patagonia.ambiental","https:\/\/x.com\/PatAmb"]},{"@type":"Person","@id":"https:\/\/patagoniambiental.com.ar\/info\/#\/schema\/person\/db12bff64bbcbf6a253710bf0ea37b5d","name":"Patagonia Ambiental","description":"Andr\u00e9s Nievas T\u00e9cnico en manejo ambiental, consultor Ambiental y escritor para medios locales e internacionales sobre temas de geopolitica y medio ambiente.","sameAs":["http:\/\/www.patagoniambiental.com.ar","https:\/\/www.facebook.com\/share\/1C1V8Gv9BX\/?mibextid=qi2Omg","@patagoniambiental","https:\/\/youtube.com\/@patagoniaambiental2023?si=BLt58t0wuXquxlYZ"]}]}},"_links":{"self":[{"href":"https:\/\/patagoniambiental.com.ar\/info\/wp-json\/wp\/v2\/posts\/77037","targetHints":{"allow":["GET"]}}],"collection":[{"href":"https:\/\/patagoniambiental.com.ar\/info\/wp-json\/wp\/v2\/posts"}],"about":[{"href":"https:\/\/patagoniambiental.com.ar\/info\/wp-json\/wp\/v2\/types\/post"}],"author":[{"embeddable":true,"href":"https:\/\/patagoniambiental.com.ar\/info\/wp-json\/wp\/v2\/users\/2"}],"replies":[{"embeddable":true,"href":"https:\/\/patagoniambiental.com.ar\/info\/wp-json\/wp\/v2\/comments?post=77037"}],"version-history":[{"count":0,"href":"https:\/\/patagoniambiental.com.ar\/info\/wp-json\/wp\/v2\/posts\/77037\/revisions"}],"wp:featuredmedia":[{"embeddable":true,"href":"https:\/\/patagoniambiental.com.ar\/info\/wp-json\/wp\/v2\/media\/77038"}],"wp:attachment":[{"href":"https:\/\/patagoniambiental.com.ar\/info\/wp-json\/wp\/v2\/media?parent=77037"}],"wp:term":[{"taxonomy":"category","embeddable":true,"href":"https:\/\/patagoniambiental.com.ar\/info\/wp-json\/wp\/v2\/categories?post=77037"},{"taxonomy":"post_tag","embeddable":true,"href":"https:\/\/patagoniambiental.com.ar\/info\/wp-json\/wp\/v2\/tags?post=77037"}],"curies":[{"name":"wp","href":"https:\/\/api.w.org\/{rel}","templated":true}]}}