{"id":77040,"date":"2023-03-14T18:00:00","date_gmt":"2023-03-14T21:00:00","guid":{"rendered":"http:\/\/patagoniambiental.com.ar\/info\/?p=77040"},"modified":"2024-08-18T23:01:21","modified_gmt":"2024-08-19T02:01:21","slug":"neuquen-se-encamina-a-construir-su-primer-parque-eolico-provincial","status":"publish","type":"post","link":"https:\/\/patagoniambiental.com.ar\/info\/neuquen-se-encamina-a-construir-su-primer-parque-eolico-provincial\/","title":{"rendered":"Neuqu\u00e9n se encamina a construir su primer parque e\u00f3lico provincial"},"content":{"rendered":"\n<!--more-->\n\n\n\n<p><em>La Secretar\u00eda de Energ\u00eda de la Naci\u00f3n aprob\u00f3 el modelo de contrato de abastecimiento de Energ\u00eda El\u00e9ctrica Renovable para el proyecto presentado por el gobierno provincial en la zona de Pic\u00fan Leuf\u00fa. Instruy\u00f3 a CAMMESA a firmar contrato con ADI-NQN S.E.P. por una potencia contratada de 100 MW, a un valor de U$S 53,56 MWh.<\/em><\/p>\n\n\n\n<p>El proyecto e\u00f3lico Pic\u00fan Leuf\u00fa, ubicado a 20 kms de la localidad hom\u00f3nima, fue seleccionado por el cluster conformado el a\u00f1o pasado en San Juan por el gobierno nacional y varias provincias, entre las cuales figura Neuqu\u00e9n. Esto permiti\u00f3 la incorporaci\u00f3n de sus 100 megavatios (MW) en el Sistema Interconectado Nacional y la obtenci\u00f3n de un Contrato con la Compa\u00f1\u00eda Administradora del Mercado Mayorista El\u00e9ctrico, CAMMESA,<strong> <\/strong>para la comercializaci\u00f3n de la energ\u00eda el\u00e9ctrica producida, a un precio definido de 53,56 d\u00f3lares por megavatio hora (U$S\/MWh).<\/p>\n\n\n\n<p>As\u00ed lo anunci\u00f3 hoy el gobernador Omar Guti\u00e9rrez, durante una conferencia de prensa convocada tras firmar un convenio marco de colaboraci\u00f3n con la Agencia Nacional de Promoci\u00f3n de la Investigaci\u00f3n, el Desarrollo Tecnol\u00f3gico y la Innovaci\u00f3n que dar\u00e1 impulso a la Agencia Neuquina de Innovaci\u00f3n para el Desarrollo, ANIDE.<\/p>\n\n\n\n<p>\u201cLa Secretar\u00eda de Energ\u00eda de la Naci\u00f3n sancion\u00f3 la Resoluci\u00f3n que determina la reserva de 100 MW en el Sistema Interconectado Nacional y una tarifa de 53,56 U$S el MWh por 20 a\u00f1os -dijo Guti\u00e9rrez-; autoriza a ADI NQN a firmar el contrato con CAMMESA y otorga un plazo a la provincia de 540 d\u00edas para concretar el financiamiento del proyecto cuya inversi\u00f3n es de 200 U$S millones\u201d.<\/p>\n\n\n\n<p>Explic\u00f3 que este Parque E\u00f3lico ser\u00e1 el primero de propiedad provincial. Estar\u00e1 ubicado a 20 kil\u00f3metros de Pic\u00fan Leuf\u00fa por la ruta provincial 17 con direcci\u00f3n hacia Plaza Huincul. \u201cEl proyecto Pic\u00fan Leuf\u00fa tiene todas las habilitaciones y autorizaciones para funcionar. Fue estudiado durante 14 a\u00f1os\u201d, precis\u00f3.<\/p>\n\n\n\n<p>A principios del a\u00f1o pasado, el gobernador neuquino le solicit\u00f3 al Gobierno Nacional -conforme a lo establecido por el Decreto Nacional 476\/2019 y como lo establece la Ley N\u00ba 27.191- la emisi\u00f3n del Certificado de Inclusi\u00f3n en el R\u00e9gimen de Fomento de las Energ\u00edas Renovables y la asignaci\u00f3n de los Beneficios Promocionales correspondientes, a favor de la Agencia para la Promoci\u00f3n y Desarrollo de Inversiones del Neuqu\u00e9n, ADI-NQN.<\/p>\n\n\n\n<p>Como consecuencia de ello, el proyecto e\u00f3lico Pic\u00fan Leuf\u00fa fue seleccionado y obtuvo un contrato con Cammesa para la comercializaci\u00f3n de la energ\u00eda el\u00e9ctrica producida, a un precio definido de U$S 53,56 \/MWh. Estos beneficios se solicitaron a favor de ADI-NQN por ser titular del proyecto de inversi\u00f3n.<\/p>\n\n\n\n<p>As\u00ed mismo, ADI NQN, mediante su estatuto, est\u00e1 constituida, y se encuentra habilitada para comercializar directamente la energ\u00eda, teniendo en cuenta que cumple con los requisitos del Decreto 476\/2019:&nbsp; a) Es titular del Proyecto de Inversi\u00f3n; b) Integra el Sector P\u00fablico y es pasible de acceder a financiamiento otorgado por Organismos Nacionales y Multilaterales, en condiciones preferenciales y c) Se trata de un Proyecto de Inversi\u00f3n con un significativo impacto para el desarrollo local.<\/p>\n\n\n\n<p>Para este proyecto, ADI \u2013 NQN se ha vinculado con IMPSA, una sociedad con participaci\u00f3n estatal mayoritaria, cuyas acciones en un 85 % son propiedad del Estado (Nacional y de la Provincia de Mendoza) y un 15 % son de propiedad privada. Constituye una empresa con 114 a\u00f1os de trayectoria y m\u00e1s de 50.000 MW de potencia instalada en todo el mundo, as\u00ed como dispone de todo tipo de equipos para la industria de procesos y generaci\u00f3n energ\u00e9tica.<\/p>\n\n\n\n<p>El proyecto propuesto ayuda a reconvertir la matriz energ\u00e9tica, a diversificar la econom\u00eda y a equilibrar el territorio neuquino, a trav\u00e9s de una conjunci\u00f3n de aportes entre la Provincia y la Naci\u00f3n, a trav\u00e9s de una sociedad provincial titular de los proyectos, una sociedad tecnol\u00f3gica nacional y fuentes nacionales de financiamiento.<\/p>\n\n\n\n<div style=\"height:100px\" aria-hidden=\"true\" class=\"wp-block-spacer\"><\/div>\n\n\n\n<h2 class=\"wp-block-heading\" id=\"h-la-resolucion\"><strong>La resoluci\u00f3n<\/strong><\/h2>\n\n\n\n<p>Por Resoluci\u00f3n de la Secretar\u00eda de Energ\u00eda de la Naci\u00f3n 2023 -33 \u2013 APN \u2013 SE # MEC se aprob\u00f3 el Modelo de Contrato de Abastecimiento de Energ\u00eda El\u00e9ctrica Renovable \u2013 Parque E\u00f3lico Pic\u00fan Leuf\u00fa, instruy\u00e9ndose a CAMMESA a celebrar el Contrato de Abastecimiento de energ\u00eda el\u00e9ctrica renovable con ADI-NQN S.E.P. por el proyecto denominado Parque E\u00f3lico Pic\u00fan Leuf\u00fa por una potencia contratada de 100 MW de tecnolog\u00eda e\u00f3lica, de conformidad con el Modelo de Contrato de Abastecimiento de Energ\u00eda El\u00e9ctrica Renovable, aprobado por el Art\u00edculo 1\u00b0 de la citada resoluci\u00f3n.<\/p>\n\n\n\n<p>Asimismo, en su Art\u00edculo 3, se establece que los precios a ser abonados por la energ\u00eda el\u00e9ctrica abastecida en el marco de los Contratos de Abastecimiento de Energ\u00eda El\u00e9ctrica Renovable que se celebren en los t\u00e9rminos de la presente resoluci\u00f3n ser\u00e1n de 53,56 USD\/MWh, aplic\u00e1ndose el Factor de Ajuste Anual y el Factor de Incentivo previstos en el Modelo de Contrato que se aprueba.<\/p>\n\n\n\n<p>Fuente: Neuquen Informa <\/p>\n","protected":false},"excerpt":{"rendered":"","protected":false},"author":2,"featured_media":77041,"comment_status":"open","ping_status":"open","sticky":false,"template":"","format":"standard","meta":{"site-sidebar-layout":"default","site-content-layout":"","ast-site-content-layout":"default","site-content-style":"default","site-sidebar-style":"default","ast-global-header-display":"","ast-banner-title-visibility":"","ast-main-header-display":"","ast-hfb-above-header-display":"","ast-hfb-below-header-display":"","ast-hfb-mobile-header-display":"","site-post-title":"","ast-breadcrumbs-content":"","ast-featured-img":"","footer-sml-layout":"","ast-disable-related-posts":"","theme-transparent-header-meta":"","adv-header-id-meta":"","stick-header-meta":"","header-above-stick-meta":"","header-main-stick-meta":"","header-below-stick-meta":"","astra-migrate-meta-layouts":"default","ast-page-background-enabled":"default","ast-page-background-meta":{"desktop":{"background-color":"var(--ast-global-color-5)","background-image":"","background-repeat":"repeat","background-position":"center center","background-size":"auto","background-attachment":"scroll","background-type":"","background-media":"","overlay-type":"","overlay-color":"","overlay-opacity":"","overlay-gradient":""},"tablet":{"background-color":"","background-image":"","background-repeat":"repeat","background-position":"center center","background-size":"auto","background-attachment":"scroll","background-type":"","background-media":"","overlay-type":"","overlay-color":"","overlay-opacity":"","overlay-gradient":""},"mobile":{"background-color":"","background-image":"","background-repeat":"repeat","background-position":"center center","background-size":"auto","background-attachment":"scroll","background-type":"","background-media":"","overlay-type":"","overlay-color":"","overlay-opacity":"","overlay-gradient":""}},"ast-content-background-meta":{"desktop":{"background-color":"var(--ast-global-color-4)","background-image":"","background-repeat":"repeat","background-position":"center center","background-size":"auto","background-attachment":"scroll","background-type":"","background-media":"","overlay-type":"","overlay-color":"","overlay-opacity":"","overlay-gradient":""},"tablet":{"background-color":"var(--ast-global-color-4)","background-image":"","background-repeat":"repeat","background-position":"center center","background-size":"auto","background-attachment":"scroll","background-type":"","background-media":"","overlay-type":"","overlay-color":"","overlay-opacity":"","overlay-gradient":""},"mobile":{"background-color":"var(--ast-global-color-4)","background-image":"","background-repeat":"repeat","background-position":"center center","background-size":"auto","background-attachment":"scroll","background-type":"","background-media":"","overlay-type":"","overlay-color":"","overlay-opacity":"","overlay-gradient":""}},"footnotes":""},"categories":[18,1,13],"tags":[],"class_list":["post-77040","post","type-post","status-publish","format-standard","has-post-thumbnail","hentry","category-neuquen","category-noticias","category-provinciales"],"yoast_head":"<!-- This site is optimized with the Yoast SEO Premium plugin v23.0 (Yoast SEO v27.4) - https:\/\/yoast.com\/product\/yoast-seo-premium-wordpress\/ -->\n<title>Neuqu\u00e9n se encamina a construir su primer parque e\u00f3lico provincial<\/title>\n<meta name=\"robots\" content=\"index, follow, max-snippet:-1, max-image-preview:large, max-video-preview:-1\" \/>\n<link rel=\"canonical\" href=\"https:\/\/patagoniambiental.com.ar\/info\/neuquen-se-encamina-a-construir-su-primer-parque-eolico-provincial\/\" \/>\n<meta property=\"og:locale\" content=\"es_ES\" \/>\n<meta property=\"og:type\" content=\"article\" \/>\n<meta property=\"og:title\" content=\"Neuqu\u00e9n se encamina a construir su primer parque e\u00f3lico provincial\" \/>\n<meta property=\"og:url\" content=\"https:\/\/patagoniambiental.com.ar\/info\/neuquen-se-encamina-a-construir-su-primer-parque-eolico-provincial\/\" \/>\n<meta property=\"og:site_name\" content=\"Patagonia Ambiental\" \/>\n<meta property=\"article:publisher\" content=\"https:\/\/www.facebook.com\/patagonia.ambiental\" \/>\n<meta property=\"article:author\" content=\"https:\/\/www.facebook.com\/share\/1C1V8Gv9BX\/?mibextid=qi2Omg\" \/>\n<meta property=\"article:published_time\" content=\"2023-03-14T21:00:00+00:00\" \/>\n<meta property=\"article:modified_time\" content=\"2024-08-19T02:01:21+00:00\" \/>\n<meta property=\"og:image\" content=\"https:\/\/patagoniambiental.com.ar\/info\/wp-content\/uploads\/2023\/03\/thumbnail_WEB-PARQUE-EOLICO_MG_2458.jpg\" \/>\n\t<meta property=\"og:image:width\" content=\"1280\" \/>\n\t<meta property=\"og:image:height\" content=\"632\" \/>\n\t<meta property=\"og:image:type\" content=\"image\/jpeg\" \/>\n<meta name=\"author\" content=\"Patagonia Ambiental\" \/>\n<meta name=\"twitter:card\" content=\"summary_large_image\" \/>\n<meta name=\"twitter:creator\" content=\"@PatAmb\" \/>\n<meta name=\"twitter:site\" content=\"@PatAmb\" \/>\n<script type=\"application\/ld+json\" class=\"yoast-schema-graph\">{\"@context\":\"https:\\\/\\\/schema.org\",\"@graph\":[{\"@type\":\"Article\",\"@id\":\"https:\\\/\\\/patagoniambiental.com.ar\\\/info\\\/neuquen-se-encamina-a-construir-su-primer-parque-eolico-provincial\\\/#article\",\"isPartOf\":{\"@id\":\"https:\\\/\\\/patagoniambiental.com.ar\\\/info\\\/neuquen-se-encamina-a-construir-su-primer-parque-eolico-provincial\\\/\"},\"author\":{\"name\":\"Patagonia Ambiental\",\"@id\":\"https:\\\/\\\/patagoniambiental.com.ar\\\/info\\\/#\\\/schema\\\/person\\\/db12bff64bbcbf6a253710bf0ea37b5d\"},\"headline\":\"Neuqu\u00e9n se encamina a construir su primer parque e\u00f3lico provincial\",\"datePublished\":\"2023-03-14T21:00:00+00:00\",\"dateModified\":\"2024-08-19T02:01:21+00:00\",\"mainEntityOfPage\":{\"@id\":\"https:\\\/\\\/patagoniambiental.com.ar\\\/info\\\/neuquen-se-encamina-a-construir-su-primer-parque-eolico-provincial\\\/\"},\"wordCount\":874,\"commentCount\":0,\"publisher\":{\"@id\":\"https:\\\/\\\/patagoniambiental.com.ar\\\/info\\\/#organization\"},\"image\":{\"@id\":\"https:\\\/\\\/patagoniambiental.com.ar\\\/info\\\/neuquen-se-encamina-a-construir-su-primer-parque-eolico-provincial\\\/#primaryimage\"},\"thumbnailUrl\":\"https:\\\/\\\/patagoniambiental.com.ar\\\/info\\\/wp-content\\\/uploads\\\/2023\\\/03\\\/thumbnail_WEB-PARQUE-EOLICO_MG_2458.jpg\",\"articleSection\":[\"Neuqu\u00e9n\",\"Noticias\",\"Provinciales\"],\"inLanguage\":\"es\",\"potentialAction\":[{\"@type\":\"CommentAction\",\"name\":\"Comment\",\"target\":[\"https:\\\/\\\/patagoniambiental.com.ar\\\/info\\\/neuquen-se-encamina-a-construir-su-primer-parque-eolico-provincial\\\/#respond\"]}]},{\"@type\":\"WebPage\",\"@id\":\"https:\\\/\\\/patagoniambiental.com.ar\\\/info\\\/neuquen-se-encamina-a-construir-su-primer-parque-eolico-provincial\\\/\",\"url\":\"https:\\\/\\\/patagoniambiental.com.ar\\\/info\\\/neuquen-se-encamina-a-construir-su-primer-parque-eolico-provincial\\\/\",\"name\":\"Neuqu\u00e9n se encamina a construir su primer parque e\u00f3lico provincial\",\"isPartOf\":{\"@id\":\"https:\\\/\\\/patagoniambiental.com.ar\\\/info\\\/#website\"},\"primaryImageOfPage\":{\"@id\":\"https:\\\/\\\/patagoniambiental.com.ar\\\/info\\\/neuquen-se-encamina-a-construir-su-primer-parque-eolico-provincial\\\/#primaryimage\"},\"image\":{\"@id\":\"https:\\\/\\\/patagoniambiental.com.ar\\\/info\\\/neuquen-se-encamina-a-construir-su-primer-parque-eolico-provincial\\\/#primaryimage\"},\"thumbnailUrl\":\"https:\\\/\\\/patagoniambiental.com.ar\\\/info\\\/wp-content\\\/uploads\\\/2023\\\/03\\\/thumbnail_WEB-PARQUE-EOLICO_MG_2458.jpg\",\"datePublished\":\"2023-03-14T21:00:00+00:00\",\"dateModified\":\"2024-08-19T02:01:21+00:00\",\"breadcrumb\":{\"@id\":\"https:\\\/\\\/patagoniambiental.com.ar\\\/info\\\/neuquen-se-encamina-a-construir-su-primer-parque-eolico-provincial\\\/#breadcrumb\"},\"inLanguage\":\"es\",\"potentialAction\":[{\"@type\":\"ReadAction\",\"target\":[\"https:\\\/\\\/patagoniambiental.com.ar\\\/info\\\/neuquen-se-encamina-a-construir-su-primer-parque-eolico-provincial\\\/\"]}]},{\"@type\":\"ImageObject\",\"inLanguage\":\"es\",\"@id\":\"https:\\\/\\\/patagoniambiental.com.ar\\\/info\\\/neuquen-se-encamina-a-construir-su-primer-parque-eolico-provincial\\\/#primaryimage\",\"url\":\"https:\\\/\\\/patagoniambiental.com.ar\\\/info\\\/wp-content\\\/uploads\\\/2023\\\/03\\\/thumbnail_WEB-PARQUE-EOLICO_MG_2458.jpg\",\"contentUrl\":\"https:\\\/\\\/patagoniambiental.com.ar\\\/info\\\/wp-content\\\/uploads\\\/2023\\\/03\\\/thumbnail_WEB-PARQUE-EOLICO_MG_2458.jpg\",\"width\":1200,\"height\":593},{\"@type\":\"BreadcrumbList\",\"@id\":\"https:\\\/\\\/patagoniambiental.com.ar\\\/info\\\/neuquen-se-encamina-a-construir-su-primer-parque-eolico-provincial\\\/#breadcrumb\",\"itemListElement\":[{\"@type\":\"ListItem\",\"position\":1,\"name\":\"Inicio\",\"item\":\"https:\\\/\\\/patagoniambiental.com.ar\\\/info\\\/\"},{\"@type\":\"ListItem\",\"position\":2,\"name\":\"Neuqu\u00e9n se encamina a construir su primer parque e\u00f3lico provincial\"}]},{\"@type\":\"WebSite\",\"@id\":\"https:\\\/\\\/patagoniambiental.com.ar\\\/info\\\/#website\",\"url\":\"https:\\\/\\\/patagoniambiental.com.ar\\\/info\\\/\",\"name\":\"Patagonia Ambiental\",\"description\":\"Monitoreo y an\u00e1lisis de la situaci\u00f3n geopol\u00edtica en el mundo y su implicancia en la Patagonia\",\"publisher\":{\"@id\":\"https:\\\/\\\/patagoniambiental.com.ar\\\/info\\\/#organization\"},\"potentialAction\":[{\"@type\":\"SearchAction\",\"target\":{\"@type\":\"EntryPoint\",\"urlTemplate\":\"https:\\\/\\\/patagoniambiental.com.ar\\\/info\\\/?s={search_term_string}\"},\"query-input\":{\"@type\":\"PropertyValueSpecification\",\"valueRequired\":true,\"valueName\":\"search_term_string\"}}],\"inLanguage\":\"es\"},{\"@type\":\"Organization\",\"@id\":\"https:\\\/\\\/patagoniambiental.com.ar\\\/info\\\/#organization\",\"name\":\"Patagonia Ambiental\",\"url\":\"https:\\\/\\\/patagoniambiental.com.ar\\\/info\\\/\",\"logo\":{\"@type\":\"ImageObject\",\"inLanguage\":\"es\",\"@id\":\"https:\\\/\\\/patagoniambiental.com.ar\\\/info\\\/#\\\/schema\\\/logo\\\/image\\\/\",\"url\":\"https:\\\/\\\/patagoniambiental.com.ar\\\/info\\\/wp-content\\\/uploads\\\/2025\\\/05\\\/LOGO-PATAGONIA-AMBIENTAL.png\",\"contentUrl\":\"https:\\\/\\\/patagoniambiental.com.ar\\\/info\\\/wp-content\\\/uploads\\\/2025\\\/05\\\/LOGO-PATAGONIA-AMBIENTAL.png\",\"width\":433,\"height\":250,\"caption\":\"Patagonia Ambiental\"},\"image\":{\"@id\":\"https:\\\/\\\/patagoniambiental.com.ar\\\/info\\\/#\\\/schema\\\/logo\\\/image\\\/\"},\"sameAs\":[\"https:\\\/\\\/www.facebook.com\\\/patagonia.ambiental\",\"https:\\\/\\\/x.com\\\/PatAmb\"]},{\"@type\":\"Person\",\"@id\":\"https:\\\/\\\/patagoniambiental.com.ar\\\/info\\\/#\\\/schema\\\/person\\\/db12bff64bbcbf6a253710bf0ea37b5d\",\"name\":\"Patagonia Ambiental\",\"description\":\"Andr\u00e9s Nievas T\u00e9cnico en manejo ambiental, consultor Ambiental y escritor para medios locales e internacionales sobre temas de geopolitica y medio ambiente.\",\"sameAs\":[\"http:\\\/\\\/www.patagoniambiental.com.ar\",\"https:\\\/\\\/www.facebook.com\\\/share\\\/1C1V8Gv9BX\\\/?mibextid=qi2Omg\",\"@patagoniambiental\",\"https:\\\/\\\/youtube.com\\\/@patagoniaambiental2023?si=BLt58t0wuXquxlYZ\"]}]}<\/script>\n<!-- \/ Yoast SEO Premium plugin. -->","yoast_head_json":{"title":"Neuqu\u00e9n se encamina a construir su primer parque e\u00f3lico provincial","robots":{"index":"index","follow":"follow","max-snippet":"max-snippet:-1","max-image-preview":"max-image-preview:large","max-video-preview":"max-video-preview:-1"},"canonical":"https:\/\/patagoniambiental.com.ar\/info\/neuquen-se-encamina-a-construir-su-primer-parque-eolico-provincial\/","og_locale":"es_ES","og_type":"article","og_title":"Neuqu\u00e9n se encamina a construir su primer parque e\u00f3lico provincial","og_url":"https:\/\/patagoniambiental.com.ar\/info\/neuquen-se-encamina-a-construir-su-primer-parque-eolico-provincial\/","og_site_name":"Patagonia Ambiental","article_publisher":"https:\/\/www.facebook.com\/patagonia.ambiental","article_author":"https:\/\/www.facebook.com\/share\/1C1V8Gv9BX\/?mibextid=qi2Omg","article_published_time":"2023-03-14T21:00:00+00:00","article_modified_time":"2024-08-19T02:01:21+00:00","og_image":[{"width":1280,"height":632,"url":"https:\/\/patagoniambiental.com.ar\/info\/wp-content\/uploads\/2023\/03\/thumbnail_WEB-PARQUE-EOLICO_MG_2458.jpg","type":"image\/jpeg"}],"author":"Patagonia Ambiental","twitter_card":"summary_large_image","twitter_creator":"@PatAmb","twitter_site":"@PatAmb","schema":{"@context":"https:\/\/schema.org","@graph":[{"@type":"Article","@id":"https:\/\/patagoniambiental.com.ar\/info\/neuquen-se-encamina-a-construir-su-primer-parque-eolico-provincial\/#article","isPartOf":{"@id":"https:\/\/patagoniambiental.com.ar\/info\/neuquen-se-encamina-a-construir-su-primer-parque-eolico-provincial\/"},"author":{"name":"Patagonia Ambiental","@id":"https:\/\/patagoniambiental.com.ar\/info\/#\/schema\/person\/db12bff64bbcbf6a253710bf0ea37b5d"},"headline":"Neuqu\u00e9n se encamina a construir su primer parque e\u00f3lico provincial","datePublished":"2023-03-14T21:00:00+00:00","dateModified":"2024-08-19T02:01:21+00:00","mainEntityOfPage":{"@id":"https:\/\/patagoniambiental.com.ar\/info\/neuquen-se-encamina-a-construir-su-primer-parque-eolico-provincial\/"},"wordCount":874,"commentCount":0,"publisher":{"@id":"https:\/\/patagoniambiental.com.ar\/info\/#organization"},"image":{"@id":"https:\/\/patagoniambiental.com.ar\/info\/neuquen-se-encamina-a-construir-su-primer-parque-eolico-provincial\/#primaryimage"},"thumbnailUrl":"https:\/\/patagoniambiental.com.ar\/info\/wp-content\/uploads\/2023\/03\/thumbnail_WEB-PARQUE-EOLICO_MG_2458.jpg","articleSection":["Neuqu\u00e9n","Noticias","Provinciales"],"inLanguage":"es","potentialAction":[{"@type":"CommentAction","name":"Comment","target":["https:\/\/patagoniambiental.com.ar\/info\/neuquen-se-encamina-a-construir-su-primer-parque-eolico-provincial\/#respond"]}]},{"@type":"WebPage","@id":"https:\/\/patagoniambiental.com.ar\/info\/neuquen-se-encamina-a-construir-su-primer-parque-eolico-provincial\/","url":"https:\/\/patagoniambiental.com.ar\/info\/neuquen-se-encamina-a-construir-su-primer-parque-eolico-provincial\/","name":"Neuqu\u00e9n se encamina a construir su primer parque e\u00f3lico provincial","isPartOf":{"@id":"https:\/\/patagoniambiental.com.ar\/info\/#website"},"primaryImageOfPage":{"@id":"https:\/\/patagoniambiental.com.ar\/info\/neuquen-se-encamina-a-construir-su-primer-parque-eolico-provincial\/#primaryimage"},"image":{"@id":"https:\/\/patagoniambiental.com.ar\/info\/neuquen-se-encamina-a-construir-su-primer-parque-eolico-provincial\/#primaryimage"},"thumbnailUrl":"https:\/\/patagoniambiental.com.ar\/info\/wp-content\/uploads\/2023\/03\/thumbnail_WEB-PARQUE-EOLICO_MG_2458.jpg","datePublished":"2023-03-14T21:00:00+00:00","dateModified":"2024-08-19T02:01:21+00:00","breadcrumb":{"@id":"https:\/\/patagoniambiental.com.ar\/info\/neuquen-se-encamina-a-construir-su-primer-parque-eolico-provincial\/#breadcrumb"},"inLanguage":"es","potentialAction":[{"@type":"ReadAction","target":["https:\/\/patagoniambiental.com.ar\/info\/neuquen-se-encamina-a-construir-su-primer-parque-eolico-provincial\/"]}]},{"@type":"ImageObject","inLanguage":"es","@id":"https:\/\/patagoniambiental.com.ar\/info\/neuquen-se-encamina-a-construir-su-primer-parque-eolico-provincial\/#primaryimage","url":"https:\/\/patagoniambiental.com.ar\/info\/wp-content\/uploads\/2023\/03\/thumbnail_WEB-PARQUE-EOLICO_MG_2458.jpg","contentUrl":"https:\/\/patagoniambiental.com.ar\/info\/wp-content\/uploads\/2023\/03\/thumbnail_WEB-PARQUE-EOLICO_MG_2458.jpg","width":1200,"height":593},{"@type":"BreadcrumbList","@id":"https:\/\/patagoniambiental.com.ar\/info\/neuquen-se-encamina-a-construir-su-primer-parque-eolico-provincial\/#breadcrumb","itemListElement":[{"@type":"ListItem","position":1,"name":"Inicio","item":"https:\/\/patagoniambiental.com.ar\/info\/"},{"@type":"ListItem","position":2,"name":"Neuqu\u00e9n se encamina a construir su primer parque e\u00f3lico provincial"}]},{"@type":"WebSite","@id":"https:\/\/patagoniambiental.com.ar\/info\/#website","url":"https:\/\/patagoniambiental.com.ar\/info\/","name":"Patagonia Ambiental","description":"Monitoreo y an\u00e1lisis de la situaci\u00f3n geopol\u00edtica en el mundo y su implicancia en la Patagonia","publisher":{"@id":"https:\/\/patagoniambiental.com.ar\/info\/#organization"},"potentialAction":[{"@type":"SearchAction","target":{"@type":"EntryPoint","urlTemplate":"https:\/\/patagoniambiental.com.ar\/info\/?s={search_term_string}"},"query-input":{"@type":"PropertyValueSpecification","valueRequired":true,"valueName":"search_term_string"}}],"inLanguage":"es"},{"@type":"Organization","@id":"https:\/\/patagoniambiental.com.ar\/info\/#organization","name":"Patagonia Ambiental","url":"https:\/\/patagoniambiental.com.ar\/info\/","logo":{"@type":"ImageObject","inLanguage":"es","@id":"https:\/\/patagoniambiental.com.ar\/info\/#\/schema\/logo\/image\/","url":"https:\/\/patagoniambiental.com.ar\/info\/wp-content\/uploads\/2025\/05\/LOGO-PATAGONIA-AMBIENTAL.png","contentUrl":"https:\/\/patagoniambiental.com.ar\/info\/wp-content\/uploads\/2025\/05\/LOGO-PATAGONIA-AMBIENTAL.png","width":433,"height":250,"caption":"Patagonia Ambiental"},"image":{"@id":"https:\/\/patagoniambiental.com.ar\/info\/#\/schema\/logo\/image\/"},"sameAs":["https:\/\/www.facebook.com\/patagonia.ambiental","https:\/\/x.com\/PatAmb"]},{"@type":"Person","@id":"https:\/\/patagoniambiental.com.ar\/info\/#\/schema\/person\/db12bff64bbcbf6a253710bf0ea37b5d","name":"Patagonia Ambiental","description":"Andr\u00e9s Nievas T\u00e9cnico en manejo ambiental, consultor Ambiental y escritor para medios locales e internacionales sobre temas de geopolitica y medio ambiente.","sameAs":["http:\/\/www.patagoniambiental.com.ar","https:\/\/www.facebook.com\/share\/1C1V8Gv9BX\/?mibextid=qi2Omg","@patagoniambiental","https:\/\/youtube.com\/@patagoniaambiental2023?si=BLt58t0wuXquxlYZ"]}]}},"_links":{"self":[{"href":"https:\/\/patagoniambiental.com.ar\/info\/wp-json\/wp\/v2\/posts\/77040","targetHints":{"allow":["GET"]}}],"collection":[{"href":"https:\/\/patagoniambiental.com.ar\/info\/wp-json\/wp\/v2\/posts"}],"about":[{"href":"https:\/\/patagoniambiental.com.ar\/info\/wp-json\/wp\/v2\/types\/post"}],"author":[{"embeddable":true,"href":"https:\/\/patagoniambiental.com.ar\/info\/wp-json\/wp\/v2\/users\/2"}],"replies":[{"embeddable":true,"href":"https:\/\/patagoniambiental.com.ar\/info\/wp-json\/wp\/v2\/comments?post=77040"}],"version-history":[{"count":0,"href":"https:\/\/patagoniambiental.com.ar\/info\/wp-json\/wp\/v2\/posts\/77040\/revisions"}],"wp:featuredmedia":[{"embeddable":true,"href":"https:\/\/patagoniambiental.com.ar\/info\/wp-json\/wp\/v2\/media\/77041"}],"wp:attachment":[{"href":"https:\/\/patagoniambiental.com.ar\/info\/wp-json\/wp\/v2\/media?parent=77040"}],"wp:term":[{"taxonomy":"category","embeddable":true,"href":"https:\/\/patagoniambiental.com.ar\/info\/wp-json\/wp\/v2\/categories?post=77040"},{"taxonomy":"post_tag","embeddable":true,"href":"https:\/\/patagoniambiental.com.ar\/info\/wp-json\/wp\/v2\/tags?post=77040"}],"curies":[{"name":"wp","href":"https:\/\/api.w.org\/{rel}","templated":true}]}}