{"id":77068,"date":"2023-03-15T09:56:19","date_gmt":"2023-03-15T12:56:19","guid":{"rendered":"http:\/\/patagoniambiental.com.ar\/info\/?p=77068"},"modified":"2024-08-18T23:00:13","modified_gmt":"2024-08-19T02:00:13","slug":"rio-grande-va-a-tener-su-puerto-resguardando-el-ambiente-afirmo-melella","status":"publish","type":"post","link":"https:\/\/patagoniambiental.com.ar\/info\/rio-grande-va-a-tener-su-puerto-resguardando-el-ambiente-afirmo-melella\/","title":{"rendered":"\u201cR\u00cdO GRANDE VA A TENER SU PUERTO RESGUARDANDO EL AMBIENTE\u201d"},"content":{"rendered":"\n<!--more-->\n\n\n\n<p><strong>As\u00ed lo asever\u00f3 el Gobernador Gustavo Melella en respaldo al proyecto del Puerto multiprop\u00f3sito en R\u00edo Grande que construir\u00e1 el Grupo Mirgor y respondiendo a las voces contrarias a la ejecuci\u00f3n de la obra en la zona norte la isla. Asimismo record\u00f3 que \u201cR\u00edo Grande necesita el Puerto, porque el 80% de los contenedores que llegan a Ushuaia son para la industria de R\u00edo Grande que va a crecer m\u00e1s\u201d.<\/strong><\/p>\n\n\n\n<p>R\u00edo Grande.- El gobernador de la provincia Gustavo Melella hizo referencia a los cuestionamientos ambientales sobre el proyecto de Puerto se\u00f1alando que \u201cR\u00edo Grande va a tener su puerto, el 80% de los contenedores que llegan a Ushuaia son para la industria de R\u00edo Grande, que va a crecer m\u00e1s, tambi\u00e9n va a tener su Petroqu\u00edmica, lo que hay que hacer es que el impacto sea el menor posible y es ah\u00ed donde tiene que venir el trabajo t\u00e9cnico\u201d.<\/p>\n\n\n\n<p>Asimismo resalt\u00f3 que \u201cla verdad es que impacto hay, cuando caminamos por el bosque generamos impacto, lo que hay que hacer es que sea el menor posible\u201d.<\/p>\n\n\n\n<p>El mandatario provincial afirm\u00f3 que \u201cel puerto se va a hacer porque la comunidad lo defini\u00f3 as\u00ed, lo quiere, y el Gobierno de la provincia acompa\u00f1a plenamente\u201d, continu\u00f3 y asegur\u00f3 que \u201ctiene que ver con el desarrollo de energ\u00edas renovables, tiene que ver con el hidr\u00f3geno verde que viene muy bien en la provincia, con inversiones que yo como Gobernador no las voy a ver, pero si las vamos a ver como vecinos, porque es la provincia que se viene\u201d.<\/p>\n\n\n\n<p>En esta l\u00ednea, Melella sostuvo que \u201csiempre hay que buscar el punto de equilibrio, no hay que ir en contra del desarrollo y esto va de la mano de lo sostenible, que significa que es posible hacer un puerto, una petroqu\u00edmica, un hotel, tu vivienda, siempre cuidando el ambiente que es lo que todos deseamos\u201d.<\/p>\n\n\n\n<p>Por tal motivo dijo que \u201cla verdad es que uno cuida el medio ambiente; como lo dice el Papa es la casa de todos y lo tenemos que cuidar, pero necesitamos generar empleo y desarrollo\u201d a\u00f1adi\u00f3, y concluy\u00f3 que \u201cR\u00edo Grande va a tener su puerto resguardando el ambiente y va a seguir creciendo\u201d.<\/p>\n\n\n\n<div style=\"height:100px\" aria-hidden=\"true\" class=\"wp-block-spacer\"><\/div>\n\n\n\n<h2 class=\"wp-block-heading\" id=\"h-la-posibilidad-de-contar-con-un-puerto-maritimo-de-estas-caracteristicas-es-positivo-para-el-desarrollo-de-la-provincia\"><strong>\u201cLa posibilidad de contar con un puerto mar\u00edtimo de \u00e9stas caracter\u00edsticas es positivo para el desarrollo de la provincia\u201d<\/strong><\/h2>\n\n\n\n<p>As\u00ed lo marc\u00f3 la ministra de Producci\u00f3n y Ambiente, Sonia Castiglione, luego de la audiencia p\u00fablica que se realiz\u00f3 sobre el estudio de impacto ambiental del proyecto \u201cPuerto de R\u00edo Grande\u201d, obra que abre m\u00faltiples oportunidades de desarrollo productivo y econ\u00f3mico en la zona norte de la Provincia.<\/p>\n\n\n\n<p>En el Centro Cultural Yaganes se llev\u00f3 a cabo el proceso de audiencia p\u00fablica para abrir la oportunidad a la comunidad, empresas y asociaciones p\u00fablicas o privadas de brindar su parecer sobre el estudio de impacto ambiental presentado por la firma IATEC SA a trav\u00e9s de la firma consultora ambiental Consultora Serman y asociados SA.<\/p>\n\n\n\n<p>La Ministra de Producci\u00f3n y Ambiente, Sonia Castiglione, subray\u00f3 \u201cla enorme relevancia de este proyecto de inversi\u00f3n privada que a su vez cuenta con una declaraci\u00f3n de inter\u00e9s p\u00fablico provincial emitida por la Legislatura en diciembre del a\u00f1o 2022. Sin lugar a dudas la posibilidad de contar con un puerto mar\u00edtimo de estas caracter\u00edsticas en la zona norte es ampliamente positivo para el desarrollo de la Provincia y, especialmente, de la ciudad de R\u00edo Grande. Generar\u00e1 no solo dinamismo econ\u00f3mico y&nbsp; mayor oportunidad de empleo genuino, sino que aportar\u00e1 la posibilidad de contar con la conectividad necesaria para seguir consolidando el camino de ampliaci\u00f3n de la matriz productiva. Esta obra abrir\u00e1 la oportunidad de fortalecer, diversificar y ampliar los sectores productivos existentes como el ganadero, pesquero o hidrocarbur\u00edfero entre otros, pero tambi\u00e9n para desarrollar nuevas l\u00edneas productivas\u201d.<\/p>\n\n\n\n<p>\u201cSumado a todo esto -destac\u00f3- la superlativa importancia en materia de soberan\u00eda, de posicionamiento estrat\u00e9gico como provincia y como pa\u00eds en el Atl\u00e1ntico sur; y en materia ambiental, los equipos profesionales y t\u00e9cnicos de la Secretar\u00eda de Ambiente vienen trabajando de manera muy comprometida, profesional y totalmente a la altura de la dimensi\u00f3n del proyecto, demostrando una vez m\u00e1s la calidad de servidores p\u00fablicos con que cuenta la provincia\u201d.<\/p>\n\n\n\n<p>A lo largo de la audiencia se presentaron un total de 10 expositores que, de acuerdo a lo estipulado, manifestaron distintos puntos de vista sobre la aprobaci\u00f3n del estudio de impacto ambiental del proyecto, que consiste en la construcci\u00f3n de un puerto multiprop\u00f3sito excavado con un canal de acceso para buques, protegido por obras de abrigo a ambos lados, en el predio adquirido por la empresa a Estancia Las Violetas. Incluye la construcci\u00f3n de una intersecci\u00f3n con la Ruta Nacional N\u00b03 para el acceso a la terminal, los caminos de circulaci\u00f3n interna, la playa de contenedores y un edificio administrativo con estacionamiento. El mismo comprende una superficie de 224Ha.<\/p>\n\n\n\n<p>Eugenia \u00c1lvarez, secretaria de Ambiente, coment\u00f3 por su parte que \u201cm\u00e1s all\u00e1 de que la audiencia p\u00fablica no es vinculante, se trata de una instancia muy importante debido a que sirve como aporte e insumo para la autoridad de aplicaci\u00f3n y t\u00e9cnicos de la Secretar\u00eda de Ambiente a la hora de realizar una valoraci\u00f3n de las diferentes percepciones y opiniones del territorio sobre el proyecto y sus emergentes como parte del procesos de evaluaci\u00f3n\u201d.<\/p>\n\n\n\n<p>\u201cDesde la Secretar\u00eda solicitamos algunos requerimientos de informaci\u00f3n ampliatoria que ser\u00e1n sumados al an\u00e1lisis de las ponencias expuestas por los disertantes, y es en esa instancia que se volver\u00e1 a cotejar la informaci\u00f3n en un an\u00e1lisis integral entre las distintas \u00e1reas competentes de la secretar\u00eda como lo son la Direcci\u00f3n General de Gesti\u00f3n Ambiental, la Direcci\u00f3n General de Recursos H\u00eddricos, y la Direcci\u00f3n General de Biodiversidad y Conservaci\u00f3n para realizar el dictamen final o concluyente respeto a la valoraci\u00f3n cr\u00edtica del estudio de impacto ambiental\u201d, cerr\u00f3.<\/p>\n\n\n\n<p>Estuvieron presentes la Ministra de Producci\u00f3n y Ambiente (v\u00eda zoom) Sonia Castiglione, Eugenia \u00c1lvarez, Secretaria de Ambiente, integrantes de las distintas direcciones generales de la Secretar\u00eda de Ambiente, representantes de la empresa Mirgor, el presidente de la Direcci\u00f3n Provincial de Puertos, Roberto Murcia, el secretario de Hidrocarburos, Alejandro Aguirre y residentes del barrio El Murtillar. Asimismo participaron otras autoridades provinciales y distintos representantes de gremios, c\u00e1maras, asociaciones, entidades, fuerzas armadas y miembros de la comunidad.<\/p>\n\n\n\n<p>Fuente: www.radiouniversidad.com.ar<\/p>\n","protected":false},"excerpt":{"rendered":"","protected":false},"author":2,"featured_media":77069,"comment_status":"open","ping_status":"open","sticky":false,"template":"","format":"standard","meta":{"site-sidebar-layout":"default","site-content-layout":"","ast-site-content-layout":"default","site-content-style":"default","site-sidebar-style":"default","ast-global-header-display":"","ast-banner-title-visibility":"","ast-main-header-display":"","ast-hfb-above-header-display":"","ast-hfb-below-header-display":"","ast-hfb-mobile-header-display":"","site-post-title":"","ast-breadcrumbs-content":"","ast-featured-img":"","footer-sml-layout":"","ast-disable-related-posts":"","theme-transparent-header-meta":"","adv-header-id-meta":"","stick-header-meta":"","header-above-stick-meta":"","header-main-stick-meta":"","header-below-stick-meta":"","astra-migrate-meta-layouts":"default","ast-page-background-enabled":"default","ast-page-background-meta":{"desktop":{"background-color":"var(--ast-global-color-5)","background-image":"","background-repeat":"repeat","background-position":"center center","background-size":"auto","background-attachment":"scroll","background-type":"","background-media":"","overlay-type":"","overlay-color":"","overlay-opacity":"","overlay-gradient":""},"tablet":{"background-color":"","background-image":"","background-repeat":"repeat","background-position":"center center","background-size":"auto","background-attachment":"scroll","background-type":"","background-media":"","overlay-type":"","overlay-color":"","overlay-opacity":"","overlay-gradient":""},"mobile":{"background-color":"","background-image":"","background-repeat":"repeat","background-position":"center center","background-size":"auto","background-attachment":"scroll","background-type":"","background-media":"","overlay-type":"","overlay-color":"","overlay-opacity":"","overlay-gradient":""}},"ast-content-background-meta":{"desktop":{"background-color":"var(--ast-global-color-4)","background-image":"","background-repeat":"repeat","background-position":"center center","background-size":"auto","background-attachment":"scroll","background-type":"","background-media":"","overlay-type":"","overlay-color":"","overlay-opacity":"","overlay-gradient":""},"tablet":{"background-color":"var(--ast-global-color-4)","background-image":"","background-repeat":"repeat","background-position":"center center","background-size":"auto","background-attachment":"scroll","background-type":"","background-media":"","overlay-type":"","overlay-color":"","overlay-opacity":"","overlay-gradient":""},"mobile":{"background-color":"var(--ast-global-color-4)","background-image":"","background-repeat":"repeat","background-position":"center center","background-size":"auto","background-attachment":"scroll","background-type":"","background-media":"","overlay-type":"","overlay-color":"","overlay-opacity":"","overlay-gradient":""}},"footnotes":""},"categories":[1,13,25],"tags":[],"class_list":["post-77068","post","type-post","status-publish","format-standard","has-post-thumbnail","hentry","category-noticias","category-provinciales","category-tierra-del-fuego"],"yoast_head":"<!-- This site is optimized with the Yoast SEO Premium plugin v23.0 (Yoast SEO v27.4) - https:\/\/yoast.com\/product\/yoast-seo-premium-wordpress\/ -->\n<title>\u201cR\u00cdO GRANDE VA A TENER SU PUERTO RESGUARDANDO EL AMBIENTE\u201d<\/title>\n<meta name=\"robots\" content=\"index, follow, max-snippet:-1, max-image-preview:large, max-video-preview:-1\" \/>\n<link rel=\"canonical\" href=\"https:\/\/patagoniambiental.com.ar\/info\/rio-grande-va-a-tener-su-puerto-resguardando-el-ambiente-afirmo-melella\/\" \/>\n<meta property=\"og:locale\" content=\"es_ES\" \/>\n<meta property=\"og:type\" content=\"article\" \/>\n<meta property=\"og:title\" content=\"\u201cR\u00cdO GRANDE VA A TENER SU PUERTO RESGUARDANDO EL AMBIENTE\u201d\" \/>\n<meta property=\"og:url\" content=\"https:\/\/patagoniambiental.com.ar\/info\/rio-grande-va-a-tener-su-puerto-resguardando-el-ambiente-afirmo-melella\/\" \/>\n<meta property=\"og:site_name\" content=\"Patagonia Ambiental\" \/>\n<meta property=\"article:publisher\" content=\"https:\/\/www.facebook.com\/patagonia.ambiental\" \/>\n<meta property=\"article:author\" content=\"https:\/\/www.facebook.com\/share\/1C1V8Gv9BX\/?mibextid=qi2Omg\" \/>\n<meta property=\"article:published_time\" content=\"2023-03-15T12:56:19+00:00\" \/>\n<meta property=\"article:modified_time\" content=\"2024-08-19T02:00:13+00:00\" \/>\n<meta property=\"og:image\" content=\"https:\/\/patagoniambiental.com.ar\/info\/wp-content\/uploads\/2023\/03\/puerto-2-1024x682-1.jpg\" \/>\n\t<meta property=\"og:image:width\" content=\"1024\" \/>\n\t<meta property=\"og:image:height\" content=\"682\" \/>\n\t<meta property=\"og:image:type\" content=\"image\/jpeg\" \/>\n<meta name=\"author\" content=\"Patagonia Ambiental\" \/>\n<meta name=\"twitter:card\" content=\"summary_large_image\" \/>\n<meta name=\"twitter:creator\" content=\"@PatAmb\" \/>\n<meta name=\"twitter:site\" content=\"@PatAmb\" \/>\n<script type=\"application\/ld+json\" class=\"yoast-schema-graph\">{\"@context\":\"https:\\\/\\\/schema.org\",\"@graph\":[{\"@type\":\"Article\",\"@id\":\"https:\\\/\\\/patagoniambiental.com.ar\\\/info\\\/rio-grande-va-a-tener-su-puerto-resguardando-el-ambiente-afirmo-melella\\\/#article\",\"isPartOf\":{\"@id\":\"https:\\\/\\\/patagoniambiental.com.ar\\\/info\\\/rio-grande-va-a-tener-su-puerto-resguardando-el-ambiente-afirmo-melella\\\/\"},\"author\":{\"name\":\"Patagonia Ambiental\",\"@id\":\"https:\\\/\\\/patagoniambiental.com.ar\\\/info\\\/#\\\/schema\\\/person\\\/db12bff64bbcbf6a253710bf0ea37b5d\"},\"headline\":\"\u201cR\u00cdO GRANDE VA A TENER SU PUERTO RESGUARDANDO EL AMBIENTE\u201d\",\"datePublished\":\"2023-03-15T12:56:19+00:00\",\"dateModified\":\"2024-08-19T02:00:13+00:00\",\"mainEntityOfPage\":{\"@id\":\"https:\\\/\\\/patagoniambiental.com.ar\\\/info\\\/rio-grande-va-a-tener-su-puerto-resguardando-el-ambiente-afirmo-melella\\\/\"},\"wordCount\":1139,\"commentCount\":0,\"publisher\":{\"@id\":\"https:\\\/\\\/patagoniambiental.com.ar\\\/info\\\/#organization\"},\"image\":{\"@id\":\"https:\\\/\\\/patagoniambiental.com.ar\\\/info\\\/rio-grande-va-a-tener-su-puerto-resguardando-el-ambiente-afirmo-melella\\\/#primaryimage\"},\"thumbnailUrl\":\"https:\\\/\\\/patagoniambiental.com.ar\\\/info\\\/wp-content\\\/uploads\\\/2023\\\/03\\\/puerto-2-1024x682-1.jpg\",\"articleSection\":[\"Noticias\",\"Provinciales\",\"Tierra del Fuego\"],\"inLanguage\":\"es\",\"potentialAction\":[{\"@type\":\"CommentAction\",\"name\":\"Comment\",\"target\":[\"https:\\\/\\\/patagoniambiental.com.ar\\\/info\\\/rio-grande-va-a-tener-su-puerto-resguardando-el-ambiente-afirmo-melella\\\/#respond\"]}]},{\"@type\":\"WebPage\",\"@id\":\"https:\\\/\\\/patagoniambiental.com.ar\\\/info\\\/rio-grande-va-a-tener-su-puerto-resguardando-el-ambiente-afirmo-melella\\\/\",\"url\":\"https:\\\/\\\/patagoniambiental.com.ar\\\/info\\\/rio-grande-va-a-tener-su-puerto-resguardando-el-ambiente-afirmo-melella\\\/\",\"name\":\"\u201cR\u00cdO GRANDE VA A TENER SU PUERTO RESGUARDANDO EL AMBIENTE\u201d\",\"isPartOf\":{\"@id\":\"https:\\\/\\\/patagoniambiental.com.ar\\\/info\\\/#website\"},\"primaryImageOfPage\":{\"@id\":\"https:\\\/\\\/patagoniambiental.com.ar\\\/info\\\/rio-grande-va-a-tener-su-puerto-resguardando-el-ambiente-afirmo-melella\\\/#primaryimage\"},\"image\":{\"@id\":\"https:\\\/\\\/patagoniambiental.com.ar\\\/info\\\/rio-grande-va-a-tener-su-puerto-resguardando-el-ambiente-afirmo-melella\\\/#primaryimage\"},\"thumbnailUrl\":\"https:\\\/\\\/patagoniambiental.com.ar\\\/info\\\/wp-content\\\/uploads\\\/2023\\\/03\\\/puerto-2-1024x682-1.jpg\",\"datePublished\":\"2023-03-15T12:56:19+00:00\",\"dateModified\":\"2024-08-19T02:00:13+00:00\",\"breadcrumb\":{\"@id\":\"https:\\\/\\\/patagoniambiental.com.ar\\\/info\\\/rio-grande-va-a-tener-su-puerto-resguardando-el-ambiente-afirmo-melella\\\/#breadcrumb\"},\"inLanguage\":\"es\",\"potentialAction\":[{\"@type\":\"ReadAction\",\"target\":[\"https:\\\/\\\/patagoniambiental.com.ar\\\/info\\\/rio-grande-va-a-tener-su-puerto-resguardando-el-ambiente-afirmo-melella\\\/\"]}]},{\"@type\":\"ImageObject\",\"inLanguage\":\"es\",\"@id\":\"https:\\\/\\\/patagoniambiental.com.ar\\\/info\\\/rio-grande-va-a-tener-su-puerto-resguardando-el-ambiente-afirmo-melella\\\/#primaryimage\",\"url\":\"https:\\\/\\\/patagoniambiental.com.ar\\\/info\\\/wp-content\\\/uploads\\\/2023\\\/03\\\/puerto-2-1024x682-1.jpg\",\"contentUrl\":\"https:\\\/\\\/patagoniambiental.com.ar\\\/info\\\/wp-content\\\/uploads\\\/2023\\\/03\\\/puerto-2-1024x682-1.jpg\",\"width\":901,\"height\":600},{\"@type\":\"BreadcrumbList\",\"@id\":\"https:\\\/\\\/patagoniambiental.com.ar\\\/info\\\/rio-grande-va-a-tener-su-puerto-resguardando-el-ambiente-afirmo-melella\\\/#breadcrumb\",\"itemListElement\":[{\"@type\":\"ListItem\",\"position\":1,\"name\":\"Inicio\",\"item\":\"https:\\\/\\\/patagoniambiental.com.ar\\\/info\\\/\"},{\"@type\":\"ListItem\",\"position\":2,\"name\":\"\u201cR\u00cdO GRANDE VA A TENER SU PUERTO RESGUARDANDO EL AMBIENTE\u201d\"}]},{\"@type\":\"WebSite\",\"@id\":\"https:\\\/\\\/patagoniambiental.com.ar\\\/info\\\/#website\",\"url\":\"https:\\\/\\\/patagoniambiental.com.ar\\\/info\\\/\",\"name\":\"Patagonia Ambiental\",\"description\":\"Monitoreo y an\u00e1lisis de la situaci\u00f3n geopol\u00edtica en el mundo y su implicancia en la Patagonia\",\"publisher\":{\"@id\":\"https:\\\/\\\/patagoniambiental.com.ar\\\/info\\\/#organization\"},\"potentialAction\":[{\"@type\":\"SearchAction\",\"target\":{\"@type\":\"EntryPoint\",\"urlTemplate\":\"https:\\\/\\\/patagoniambiental.com.ar\\\/info\\\/?s={search_term_string}\"},\"query-input\":{\"@type\":\"PropertyValueSpecification\",\"valueRequired\":true,\"valueName\":\"search_term_string\"}}],\"inLanguage\":\"es\"},{\"@type\":\"Organization\",\"@id\":\"https:\\\/\\\/patagoniambiental.com.ar\\\/info\\\/#organization\",\"name\":\"Patagonia Ambiental\",\"url\":\"https:\\\/\\\/patagoniambiental.com.ar\\\/info\\\/\",\"logo\":{\"@type\":\"ImageObject\",\"inLanguage\":\"es\",\"@id\":\"https:\\\/\\\/patagoniambiental.com.ar\\\/info\\\/#\\\/schema\\\/logo\\\/image\\\/\",\"url\":\"https:\\\/\\\/patagoniambiental.com.ar\\\/info\\\/wp-content\\\/uploads\\\/2025\\\/05\\\/LOGO-PATAGONIA-AMBIENTAL.png\",\"contentUrl\":\"https:\\\/\\\/patagoniambiental.com.ar\\\/info\\\/wp-content\\\/uploads\\\/2025\\\/05\\\/LOGO-PATAGONIA-AMBIENTAL.png\",\"width\":433,\"height\":250,\"caption\":\"Patagonia Ambiental\"},\"image\":{\"@id\":\"https:\\\/\\\/patagoniambiental.com.ar\\\/info\\\/#\\\/schema\\\/logo\\\/image\\\/\"},\"sameAs\":[\"https:\\\/\\\/www.facebook.com\\\/patagonia.ambiental\",\"https:\\\/\\\/x.com\\\/PatAmb\"]},{\"@type\":\"Person\",\"@id\":\"https:\\\/\\\/patagoniambiental.com.ar\\\/info\\\/#\\\/schema\\\/person\\\/db12bff64bbcbf6a253710bf0ea37b5d\",\"name\":\"Patagonia Ambiental\",\"description\":\"Andr\u00e9s Nievas T\u00e9cnico en manejo ambiental, consultor Ambiental y escritor para medios locales e internacionales sobre temas de geopolitica y medio ambiente.\",\"sameAs\":[\"http:\\\/\\\/www.patagoniambiental.com.ar\",\"https:\\\/\\\/www.facebook.com\\\/share\\\/1C1V8Gv9BX\\\/?mibextid=qi2Omg\",\"@patagoniambiental\",\"https:\\\/\\\/youtube.com\\\/@patagoniaambiental2023?si=BLt58t0wuXquxlYZ\"]}]}<\/script>\n<!-- \/ Yoast SEO Premium plugin. -->","yoast_head_json":{"title":"\u201cR\u00cdO GRANDE VA A TENER SU PUERTO RESGUARDANDO EL AMBIENTE\u201d","robots":{"index":"index","follow":"follow","max-snippet":"max-snippet:-1","max-image-preview":"max-image-preview:large","max-video-preview":"max-video-preview:-1"},"canonical":"https:\/\/patagoniambiental.com.ar\/info\/rio-grande-va-a-tener-su-puerto-resguardando-el-ambiente-afirmo-melella\/","og_locale":"es_ES","og_type":"article","og_title":"\u201cR\u00cdO GRANDE VA A TENER SU PUERTO RESGUARDANDO EL AMBIENTE\u201d","og_url":"https:\/\/patagoniambiental.com.ar\/info\/rio-grande-va-a-tener-su-puerto-resguardando-el-ambiente-afirmo-melella\/","og_site_name":"Patagonia Ambiental","article_publisher":"https:\/\/www.facebook.com\/patagonia.ambiental","article_author":"https:\/\/www.facebook.com\/share\/1C1V8Gv9BX\/?mibextid=qi2Omg","article_published_time":"2023-03-15T12:56:19+00:00","article_modified_time":"2024-08-19T02:00:13+00:00","og_image":[{"width":1024,"height":682,"url":"https:\/\/patagoniambiental.com.ar\/info\/wp-content\/uploads\/2023\/03\/puerto-2-1024x682-1.jpg","type":"image\/jpeg"}],"author":"Patagonia Ambiental","twitter_card":"summary_large_image","twitter_creator":"@PatAmb","twitter_site":"@PatAmb","schema":{"@context":"https:\/\/schema.org","@graph":[{"@type":"Article","@id":"https:\/\/patagoniambiental.com.ar\/info\/rio-grande-va-a-tener-su-puerto-resguardando-el-ambiente-afirmo-melella\/#article","isPartOf":{"@id":"https:\/\/patagoniambiental.com.ar\/info\/rio-grande-va-a-tener-su-puerto-resguardando-el-ambiente-afirmo-melella\/"},"author":{"name":"Patagonia Ambiental","@id":"https:\/\/patagoniambiental.com.ar\/info\/#\/schema\/person\/db12bff64bbcbf6a253710bf0ea37b5d"},"headline":"\u201cR\u00cdO GRANDE VA A TENER SU PUERTO RESGUARDANDO EL AMBIENTE\u201d","datePublished":"2023-03-15T12:56:19+00:00","dateModified":"2024-08-19T02:00:13+00:00","mainEntityOfPage":{"@id":"https:\/\/patagoniambiental.com.ar\/info\/rio-grande-va-a-tener-su-puerto-resguardando-el-ambiente-afirmo-melella\/"},"wordCount":1139,"commentCount":0,"publisher":{"@id":"https:\/\/patagoniambiental.com.ar\/info\/#organization"},"image":{"@id":"https:\/\/patagoniambiental.com.ar\/info\/rio-grande-va-a-tener-su-puerto-resguardando-el-ambiente-afirmo-melella\/#primaryimage"},"thumbnailUrl":"https:\/\/patagoniambiental.com.ar\/info\/wp-content\/uploads\/2023\/03\/puerto-2-1024x682-1.jpg","articleSection":["Noticias","Provinciales","Tierra del Fuego"],"inLanguage":"es","potentialAction":[{"@type":"CommentAction","name":"Comment","target":["https:\/\/patagoniambiental.com.ar\/info\/rio-grande-va-a-tener-su-puerto-resguardando-el-ambiente-afirmo-melella\/#respond"]}]},{"@type":"WebPage","@id":"https:\/\/patagoniambiental.com.ar\/info\/rio-grande-va-a-tener-su-puerto-resguardando-el-ambiente-afirmo-melella\/","url":"https:\/\/patagoniambiental.com.ar\/info\/rio-grande-va-a-tener-su-puerto-resguardando-el-ambiente-afirmo-melella\/","name":"\u201cR\u00cdO GRANDE VA A TENER SU PUERTO RESGUARDANDO EL AMBIENTE\u201d","isPartOf":{"@id":"https:\/\/patagoniambiental.com.ar\/info\/#website"},"primaryImageOfPage":{"@id":"https:\/\/patagoniambiental.com.ar\/info\/rio-grande-va-a-tener-su-puerto-resguardando-el-ambiente-afirmo-melella\/#primaryimage"},"image":{"@id":"https:\/\/patagoniambiental.com.ar\/info\/rio-grande-va-a-tener-su-puerto-resguardando-el-ambiente-afirmo-melella\/#primaryimage"},"thumbnailUrl":"https:\/\/patagoniambiental.com.ar\/info\/wp-content\/uploads\/2023\/03\/puerto-2-1024x682-1.jpg","datePublished":"2023-03-15T12:56:19+00:00","dateModified":"2024-08-19T02:00:13+00:00","breadcrumb":{"@id":"https:\/\/patagoniambiental.com.ar\/info\/rio-grande-va-a-tener-su-puerto-resguardando-el-ambiente-afirmo-melella\/#breadcrumb"},"inLanguage":"es","potentialAction":[{"@type":"ReadAction","target":["https:\/\/patagoniambiental.com.ar\/info\/rio-grande-va-a-tener-su-puerto-resguardando-el-ambiente-afirmo-melella\/"]}]},{"@type":"ImageObject","inLanguage":"es","@id":"https:\/\/patagoniambiental.com.ar\/info\/rio-grande-va-a-tener-su-puerto-resguardando-el-ambiente-afirmo-melella\/#primaryimage","url":"https:\/\/patagoniambiental.com.ar\/info\/wp-content\/uploads\/2023\/03\/puerto-2-1024x682-1.jpg","contentUrl":"https:\/\/patagoniambiental.com.ar\/info\/wp-content\/uploads\/2023\/03\/puerto-2-1024x682-1.jpg","width":901,"height":600},{"@type":"BreadcrumbList","@id":"https:\/\/patagoniambiental.com.ar\/info\/rio-grande-va-a-tener-su-puerto-resguardando-el-ambiente-afirmo-melella\/#breadcrumb","itemListElement":[{"@type":"ListItem","position":1,"name":"Inicio","item":"https:\/\/patagoniambiental.com.ar\/info\/"},{"@type":"ListItem","position":2,"name":"\u201cR\u00cdO GRANDE VA A TENER SU PUERTO RESGUARDANDO EL AMBIENTE\u201d"}]},{"@type":"WebSite","@id":"https:\/\/patagoniambiental.com.ar\/info\/#website","url":"https:\/\/patagoniambiental.com.ar\/info\/","name":"Patagonia Ambiental","description":"Monitoreo y an\u00e1lisis de la situaci\u00f3n geopol\u00edtica en el mundo y su implicancia en la Patagonia","publisher":{"@id":"https:\/\/patagoniambiental.com.ar\/info\/#organization"},"potentialAction":[{"@type":"SearchAction","target":{"@type":"EntryPoint","urlTemplate":"https:\/\/patagoniambiental.com.ar\/info\/?s={search_term_string}"},"query-input":{"@type":"PropertyValueSpecification","valueRequired":true,"valueName":"search_term_string"}}],"inLanguage":"es"},{"@type":"Organization","@id":"https:\/\/patagoniambiental.com.ar\/info\/#organization","name":"Patagonia Ambiental","url":"https:\/\/patagoniambiental.com.ar\/info\/","logo":{"@type":"ImageObject","inLanguage":"es","@id":"https:\/\/patagoniambiental.com.ar\/info\/#\/schema\/logo\/image\/","url":"https:\/\/patagoniambiental.com.ar\/info\/wp-content\/uploads\/2025\/05\/LOGO-PATAGONIA-AMBIENTAL.png","contentUrl":"https:\/\/patagoniambiental.com.ar\/info\/wp-content\/uploads\/2025\/05\/LOGO-PATAGONIA-AMBIENTAL.png","width":433,"height":250,"caption":"Patagonia Ambiental"},"image":{"@id":"https:\/\/patagoniambiental.com.ar\/info\/#\/schema\/logo\/image\/"},"sameAs":["https:\/\/www.facebook.com\/patagonia.ambiental","https:\/\/x.com\/PatAmb"]},{"@type":"Person","@id":"https:\/\/patagoniambiental.com.ar\/info\/#\/schema\/person\/db12bff64bbcbf6a253710bf0ea37b5d","name":"Patagonia Ambiental","description":"Andr\u00e9s Nievas T\u00e9cnico en manejo ambiental, consultor Ambiental y escritor para medios locales e internacionales sobre temas de geopolitica y medio ambiente.","sameAs":["http:\/\/www.patagoniambiental.com.ar","https:\/\/www.facebook.com\/share\/1C1V8Gv9BX\/?mibextid=qi2Omg","@patagoniambiental","https:\/\/youtube.com\/@patagoniaambiental2023?si=BLt58t0wuXquxlYZ"]}]}},"_links":{"self":[{"href":"https:\/\/patagoniambiental.com.ar\/info\/wp-json\/wp\/v2\/posts\/77068","targetHints":{"allow":["GET"]}}],"collection":[{"href":"https:\/\/patagoniambiental.com.ar\/info\/wp-json\/wp\/v2\/posts"}],"about":[{"href":"https:\/\/patagoniambiental.com.ar\/info\/wp-json\/wp\/v2\/types\/post"}],"author":[{"embeddable":true,"href":"https:\/\/patagoniambiental.com.ar\/info\/wp-json\/wp\/v2\/users\/2"}],"replies":[{"embeddable":true,"href":"https:\/\/patagoniambiental.com.ar\/info\/wp-json\/wp\/v2\/comments?post=77068"}],"version-history":[{"count":0,"href":"https:\/\/patagoniambiental.com.ar\/info\/wp-json\/wp\/v2\/posts\/77068\/revisions"}],"wp:featuredmedia":[{"embeddable":true,"href":"https:\/\/patagoniambiental.com.ar\/info\/wp-json\/wp\/v2\/media\/77069"}],"wp:attachment":[{"href":"https:\/\/patagoniambiental.com.ar\/info\/wp-json\/wp\/v2\/media?parent=77068"}],"wp:term":[{"taxonomy":"category","embeddable":true,"href":"https:\/\/patagoniambiental.com.ar\/info\/wp-json\/wp\/v2\/categories?post=77068"},{"taxonomy":"post_tag","embeddable":true,"href":"https:\/\/patagoniambiental.com.ar\/info\/wp-json\/wp\/v2\/tags?post=77068"}],"curies":[{"name":"wp","href":"https:\/\/api.w.org\/{rel}","templated":true}]}}