{"id":77083,"date":"2023-03-19T19:00:00","date_gmt":"2023-03-19T22:00:00","guid":{"rendered":"http:\/\/patagoniambiental.com.ar\/info\/?p=77083"},"modified":"2024-08-18T22:51:30","modified_gmt":"2024-08-19T01:51:30","slug":"vecinos-y-ong-de-bariloche-se-oponen-al-proyecto-cauma","status":"publish","type":"post","link":"https:\/\/patagoniambiental.com.ar\/info\/vecinos-y-ong-de-bariloche-se-oponen-al-proyecto-cauma\/","title":{"rendered":"Vecinos y ONG de Bariloche se oponen al proyecto CAUMA"},"content":{"rendered":"\n<!--more-->\n\n\n\n<p>Con motivo del tratamiento de un proyecto de ordenanza que presenta la Concejal Wallace&nbsp; m\u00e1s protector del medio ambiente, este pr\u00f3ximo lunes a las 11 hs, los vecinos de las Reservas dar\u00e1n lectura a este documento.<\/p>\n\n\n\n<p>Los invitamos a participar. Much\u00edsimas gracias!!!<\/p>\n\n\n\n<div style=\"height:100px\" aria-hidden=\"true\" class=\"wp-block-spacer\"><\/div>\n\n\n\n<h2 class=\"wp-block-heading\" id=\"h-provoca-alarma-en-el-oeste-la-resolucion-del-intendente-que-da-via-libre-al-proyecto-cauma\">PROVOCA ALARMA EN EL OESTE LA RESOLUCI\u00d3N DEL INTENDENTE QUE DA V\u00cdA LIBRE AL PROYECTO CAUMA<\/h2>\n\n\n\n<p>&nbsp;Los vecinos de San Carlos de Bariloche, los vecinos de las Juntas Vecinales El Tr\u00e9bol y Llao Llao, y de las Reservas Naturales Urbanas Laguna El Tr\u00e9bol y Morenito Ezquerra, rechazamos e invalidamos en todos los t\u00e9rminos, la resoluci\u00f3n del Intendente nro&nbsp; 00000-303-1-2023, que avala el proyecto CAUMA,&nbsp; por ser violatoria de las Ordenanzas de los Planes de Manejo de nuestras Reservas, y del Plan Urbano Ambiental, que exige la adecuada participaci\u00f3n ciudadana, a la hora de la aprobaci\u00f3n de un proyecto de esta envergadura.<\/p>\n\n\n\n<p>Los Planes de Manejo de la Reservas Naturales Urbanas, exigen la participaci\u00f3n vecinal, como lo determina la Matriz de Usos de las mismas y sus Microc\u00f3digos Urbanos.&nbsp; Para eso est\u00e1n las reuniones de Comisi\u00f3n Mixta, que esta gesti\u00f3n, como no ha&nbsp; sucedido con otras gestiones en los \u00faltimos 15 a\u00f1os, decidi\u00f3 soslayar. En el caso CAUMA y en el de todos los numerosos expedientes&nbsp; aprobados en el \u00e1rea de las Reservas,&nbsp; la Comisi\u00f3n Mixta no ha sido convocada, otorg\u00e1ndole car\u00e1cter ilegal a dichas aprobaciones.&nbsp;&nbsp;&nbsp;&nbsp;&nbsp;&nbsp;&nbsp;&nbsp;&nbsp;&nbsp; &nbsp;&nbsp;&nbsp;&nbsp;&nbsp;&nbsp;&nbsp;&nbsp;&nbsp;&nbsp;&nbsp;&nbsp;&nbsp;&nbsp;&nbsp;&nbsp;&nbsp;&nbsp;&nbsp;&nbsp;&nbsp;&nbsp;&nbsp;&nbsp;&nbsp;&nbsp;&nbsp;&nbsp;&nbsp;&nbsp;&nbsp;<\/p>\n\n\n\n<p>Y en cuanto a las jornadas p\u00e9simamente convocadas y con participaci\u00f3n nula de los vecinos del Oeste,&nbsp; realizadas para aparentar cumplir con el Art. 8-3 del Plan de Desarrollo Urbano Ambiental del Oeste, la presentaci\u00f3n del proyecto CAUMA no fue una consulta a los vecinos, sino una campa\u00f1a publicitaria y de promoci\u00f3n a favor de los inversores. Las Juntas Vecinales del Oeste y las Asociaciones Civiles hemos hecho innumerables presentaciones al respecto, invalidando estas reuniones, y tambi\u00e9n exigiendo la adecuaci\u00f3n del proyecto, al Plan de Manejo de las Reservas, que nunca fueron contestadas, <strong>como ninguna otra nota presentada al Ejecutivo Municipal ni al Tribunal de contralor en estos a\u00f1os<\/strong>.<\/p>\n\n\n\n<p>Ninguna de las determinaciones de nuestras normativas fueron cumplidas.<\/p>\n\n\n\n<p>Entonces, prevalece el estado de anarqu\u00eda institucional, y un Ejecutivo&nbsp; ocioso, c\u00ednico y c\u00f3mplice de los delitos ambientales perpetrados en nuestra ciudad, que desatiende&nbsp; a los vecinos de las Reservas y de todo Bariloche, quienes consideran que este proyecto genera un impacto en el Entorno Natural irreversible, y una disminuci\u00f3n flagrante en su calidad de vida, expresando su rechazo, con cientos de firmas que fueron entregadas al Sr. Intendente.<\/p>\n\n\n\n<p>Pero es obvio que desde un principio, el objetivo era la instalaci\u00f3n de esta obra monumental, y que ya hab\u00eda compromisos asumidos a priori, y que el llamado a la opini\u00f3n de los vecinos fue una mascarada.&nbsp;&nbsp;&nbsp;&nbsp;&nbsp;&nbsp;&nbsp;&nbsp;&nbsp;&nbsp;&nbsp;&nbsp;&nbsp;&nbsp;&nbsp;&nbsp;&nbsp;&nbsp;&nbsp;&nbsp;&nbsp;&nbsp;&nbsp;&nbsp;&nbsp;&nbsp;&nbsp;&nbsp;&nbsp;&nbsp;&nbsp;&nbsp;&nbsp;&nbsp;&nbsp;&nbsp;&nbsp;&nbsp;&nbsp;&nbsp;&nbsp;&nbsp;&nbsp;&nbsp;&nbsp;&nbsp;&nbsp;&nbsp;&nbsp;&nbsp;&nbsp;&nbsp;&nbsp;&nbsp;&nbsp;&nbsp;&nbsp;&nbsp;&nbsp;&nbsp;&nbsp;&nbsp;&nbsp;&nbsp;&nbsp;&nbsp;&nbsp;&nbsp;&nbsp;&nbsp;&nbsp;&nbsp;&nbsp;&nbsp;&nbsp;&nbsp;&nbsp; &nbsp;&nbsp;&nbsp;&nbsp;&nbsp;&nbsp;&nbsp;&nbsp;&nbsp;&nbsp;&nbsp;&nbsp;&nbsp;&nbsp;&nbsp;&nbsp;<\/p>\n\n\n\n<p>Adem\u00e1s, el hotel y restaurante, carece de camino de ingreso factible y ameritar\u00eda una obra que no resistir\u00eda ning\u00fan Estudio de Factibilidad Ambiental.<\/p>\n\n\n\n<p>La lista de objeciones y preguntas no respondidas a los vecinos por parte del Ejecutivo son innumerables, porque le es imposible dar respuesta a todas las iniquidades y arbitrariedades de este proyecto.<\/p>\n\n\n\n<p>El Sr. Intendente, desacredita la inteligencia de los ciudadanos con la irrisoria lista de compensaciones que le pide al proponente, a cambio de la voladura de un morro de piedra, el apeo indiscriminado del bosque protector y nativo ya realizado, la destrucci\u00f3n de un humedal, el tr\u00e1nsito que se transformar\u00eda en exponencial por un camino vecinal angosto, en detrimento de la fauna y la flora y de la calidad de vida de todos los habitantes del \u00e1rea. Y no hay respuesta alguna&nbsp; sobre el uso de la infraestructura de servicios, cuando ya todos sabemos que est\u00e1 muy por debajo de las necesidades actuales.<\/p>\n\n\n\n<p>Tambi\u00e9n el Intendente miente cuando dice que todas las partes han sido informadas. Reci\u00e9n la semana pasada nos enteramos de esta resoluci\u00f3n y no de manera oficial.<\/p>\n\n\n\n<p>Por todo lo antedicho, solicitamos al Concejo Deliberante que se hizo eco de la alarma vecinal, y convoc\u00f3 a la Sra Viviana Gelain y al Sr. Claudio Romero a dar respuesta por cuestiones de este expediente en el Concejo, y que se manifest\u00f3 en esas reuniones disconforme de los intentos de aclaraci\u00f3n de lo que es imposible aclarar, que anule la resoluci\u00f3n 00000303-1-2023 y que le exija al Tribunal de Contralor, que responda a los muchos pedidos de los vecinos, exigiendo sumario administrativo por incumplimiento de los deberes de funcionario p\u00fablico, a la se\u00f1ora Gelain, al Sr. Claudio Romero,&nbsp; al Sr. Bullaude y al Sr. Claudio Otano.<\/p>\n\n\n\n<p>Ya aprendimos que no podemos pretender racionalidad ni representatividad de parte del sr. intendente.<\/p>\n\n\n\n<p>Por eso adem\u00e1s, apelamos al sentido de responsabilidad&nbsp; de nuestros Concejales para con sus representados, y hacia los informes t\u00e9cnicos presentados por los vecinos, que claramente demuestran el perjuicio socioambiental y la clara violaci\u00f3n a las Leyes Nacionales, Provinciales y Municipales, que importa la ejecuci\u00f3n de este proyecto, a la Ley de Progresividad de las leyes y al&nbsp; mencionado principio <strong>in dubio pro natura<\/strong> afirmado en el proyecto de ordenanza que se trata hoy.&nbsp;&nbsp;&nbsp;&nbsp;&nbsp;&nbsp;&nbsp;&nbsp;&nbsp;&nbsp;&nbsp;&nbsp;&nbsp;&nbsp;&nbsp;&nbsp;&nbsp;&nbsp;&nbsp;&nbsp;&nbsp;&nbsp;&nbsp;&nbsp;&nbsp;&nbsp;&nbsp;&nbsp;&nbsp;&nbsp;&nbsp;&nbsp;&nbsp;&nbsp;&nbsp; &nbsp;&nbsp;&nbsp;&nbsp;&nbsp;&nbsp;&nbsp;&nbsp;&nbsp;&nbsp;&nbsp;&nbsp;&nbsp;&nbsp;&nbsp;&nbsp;&nbsp;&nbsp;&nbsp;&nbsp;&nbsp;&nbsp;&nbsp;&nbsp;&nbsp;&nbsp;&nbsp;&nbsp;&nbsp;&nbsp;&nbsp;&nbsp;&nbsp;&nbsp;&nbsp;&nbsp;&nbsp;&nbsp;&nbsp;&nbsp;&nbsp;&nbsp;&nbsp;&nbsp;&nbsp;&nbsp;&nbsp;&nbsp;&nbsp;&nbsp;&nbsp;&nbsp;&nbsp;&nbsp;&nbsp;&nbsp;&nbsp;&nbsp;&nbsp;&nbsp;&nbsp;&nbsp;&nbsp;&nbsp;&nbsp;&nbsp;&nbsp;&nbsp;&nbsp;<\/p>\n\n\n\n<p>Por lo tanto, reiteramos el pedido a los Concejales para que&nbsp; usen las atribuciones que corresponden a este cuerpo y se anule dicha resoluci\u00f3n, hasta que no vuelva a foja cero todo este oscuro proceso de aprobaci\u00f3n de un expediente, que carece de cualquier legitimaci\u00f3n normativa y ciudadana.<\/p>\n\n\n\n<p><\/p>\n\n\n\n<p>&nbsp;Comisi\u00f3n Reserva Natural Urbana Morenito-Ezquerra<\/p>\n\n\n\n<p>&nbsp;Fuente: Asociaci\u00f3n Civil \u00c1rbol de Pie<\/p>\n","protected":false},"excerpt":{"rendered":"","protected":false},"author":2,"featured_media":77084,"comment_status":"open","ping_status":"open","sticky":false,"template":"","format":"standard","meta":{"site-sidebar-layout":"default","site-content-layout":"","ast-site-content-layout":"default","site-content-style":"default","site-sidebar-style":"default","ast-global-header-display":"","ast-banner-title-visibility":"","ast-main-header-display":"","ast-hfb-above-header-display":"","ast-hfb-below-header-display":"","ast-hfb-mobile-header-display":"","site-post-title":"","ast-breadcrumbs-content":"","ast-featured-img":"","footer-sml-layout":"","ast-disable-related-posts":"","theme-transparent-header-meta":"","adv-header-id-meta":"","stick-header-meta":"","header-above-stick-meta":"","header-main-stick-meta":"","header-below-stick-meta":"","astra-migrate-meta-layouts":"default","ast-page-background-enabled":"default","ast-page-background-meta":{"desktop":{"background-color":"var(--ast-global-color-5)","background-image":"","background-repeat":"repeat","background-position":"center center","background-size":"auto","background-attachment":"scroll","background-type":"","background-media":"","overlay-type":"","overlay-color":"","overlay-opacity":"","overlay-gradient":""},"tablet":{"background-color":"","background-image":"","background-repeat":"repeat","background-position":"center center","background-size":"auto","background-attachment":"scroll","background-type":"","background-media":"","overlay-type":"","overlay-color":"","overlay-opacity":"","overlay-gradient":""},"mobile":{"background-color":"","background-image":"","background-repeat":"repeat","background-position":"center center","background-size":"auto","background-attachment":"scroll","background-type":"","background-media":"","overlay-type":"","overlay-color":"","overlay-opacity":"","overlay-gradient":""}},"ast-content-background-meta":{"desktop":{"background-color":"var(--ast-global-color-4)","background-image":"","background-repeat":"repeat","background-position":"center center","background-size":"auto","background-attachment":"scroll","background-type":"","background-media":"","overlay-type":"","overlay-color":"","overlay-opacity":"","overlay-gradient":""},"tablet":{"background-color":"var(--ast-global-color-4)","background-image":"","background-repeat":"repeat","background-position":"center center","background-size":"auto","background-attachment":"scroll","background-type":"","background-media":"","overlay-type":"","overlay-color":"","overlay-opacity":"","overlay-gradient":""},"mobile":{"background-color":"var(--ast-global-color-4)","background-image":"","background-repeat":"repeat","background-position":"center center","background-size":"auto","background-attachment":"scroll","background-type":"","background-media":"","overlay-type":"","overlay-color":"","overlay-opacity":"","overlay-gradient":""}},"footnotes":""},"categories":[11,16,1,3,10],"tags":[],"class_list":["post-77083","post","type-post","status-publish","format-standard","has-post-thumbnail","hentry","category-boletin","category-municipales","category-noticias","category-ong","category-rotador"],"yoast_head":"<!-- This site is optimized with the Yoast SEO Premium plugin v23.0 (Yoast SEO v27.4) - https:\/\/yoast.com\/product\/yoast-seo-premium-wordpress\/ -->\n<title>Vecinos y ONG de Bariloche se oponen al proyecto CAUMA<\/title>\n<meta name=\"robots\" content=\"index, follow, max-snippet:-1, max-image-preview:large, max-video-preview:-1\" \/>\n<link rel=\"canonical\" href=\"https:\/\/patagoniambiental.com.ar\/info\/vecinos-y-ong-de-bariloche-se-oponen-al-proyecto-cauma\/\" \/>\n<meta property=\"og:locale\" content=\"es_ES\" \/>\n<meta property=\"og:type\" content=\"article\" \/>\n<meta property=\"og:title\" content=\"Vecinos y ONG de Bariloche se oponen al proyecto CAUMA\" \/>\n<meta property=\"og:url\" content=\"https:\/\/patagoniambiental.com.ar\/info\/vecinos-y-ong-de-bariloche-se-oponen-al-proyecto-cauma\/\" \/>\n<meta property=\"og:site_name\" content=\"Patagonia Ambiental\" \/>\n<meta property=\"article:publisher\" content=\"https:\/\/www.facebook.com\/patagonia.ambiental\" \/>\n<meta property=\"article:author\" content=\"https:\/\/www.facebook.com\/share\/1C1V8Gv9BX\/?mibextid=qi2Omg\" \/>\n<meta property=\"article:published_time\" content=\"2023-03-19T22:00:00+00:00\" \/>\n<meta property=\"article:modified_time\" content=\"2024-08-19T01:51:30+00:00\" \/>\n<meta property=\"og:image\" content=\"https:\/\/patagoniambiental.com.ar\/info\/wp-content\/uploads\/2023\/03\/md-2.jpg\" \/>\n\t<meta property=\"og:image:width\" content=\"992\" \/>\n\t<meta property=\"og:image:height\" content=\"744\" \/>\n\t<meta property=\"og:image:type\" content=\"image\/jpeg\" \/>\n<meta name=\"author\" content=\"Patagonia Ambiental\" \/>\n<meta name=\"twitter:card\" content=\"summary_large_image\" \/>\n<meta name=\"twitter:creator\" content=\"@PatAmb\" \/>\n<meta name=\"twitter:site\" content=\"@PatAmb\" \/>\n<script type=\"application\/ld+json\" class=\"yoast-schema-graph\">{\"@context\":\"https:\\\/\\\/schema.org\",\"@graph\":[{\"@type\":\"Article\",\"@id\":\"https:\\\/\\\/patagoniambiental.com.ar\\\/info\\\/vecinos-y-ong-de-bariloche-se-oponen-al-proyecto-cauma\\\/#article\",\"isPartOf\":{\"@id\":\"https:\\\/\\\/patagoniambiental.com.ar\\\/info\\\/vecinos-y-ong-de-bariloche-se-oponen-al-proyecto-cauma\\\/\"},\"author\":{\"name\":\"Patagonia Ambiental\",\"@id\":\"https:\\\/\\\/patagoniambiental.com.ar\\\/info\\\/#\\\/schema\\\/person\\\/db12bff64bbcbf6a253710bf0ea37b5d\"},\"headline\":\"Vecinos y ONG de Bariloche se oponen al proyecto CAUMA\",\"datePublished\":\"2023-03-19T22:00:00+00:00\",\"dateModified\":\"2024-08-19T01:51:30+00:00\",\"mainEntityOfPage\":{\"@id\":\"https:\\\/\\\/patagoniambiental.com.ar\\\/info\\\/vecinos-y-ong-de-bariloche-se-oponen-al-proyecto-cauma\\\/\"},\"wordCount\":1216,\"commentCount\":0,\"publisher\":{\"@id\":\"https:\\\/\\\/patagoniambiental.com.ar\\\/info\\\/#organization\"},\"image\":{\"@id\":\"https:\\\/\\\/patagoniambiental.com.ar\\\/info\\\/vecinos-y-ong-de-bariloche-se-oponen-al-proyecto-cauma\\\/#primaryimage\"},\"thumbnailUrl\":\"https:\\\/\\\/patagoniambiental.com.ar\\\/info\\\/wp-content\\\/uploads\\\/2023\\\/03\\\/md-2.jpg\",\"articleSection\":[\"Bolet\u00edn\",\"Municipales\",\"Noticias\",\"ONG\",\"Rotador\"],\"inLanguage\":\"es\",\"potentialAction\":[{\"@type\":\"CommentAction\",\"name\":\"Comment\",\"target\":[\"https:\\\/\\\/patagoniambiental.com.ar\\\/info\\\/vecinos-y-ong-de-bariloche-se-oponen-al-proyecto-cauma\\\/#respond\"]}]},{\"@type\":\"WebPage\",\"@id\":\"https:\\\/\\\/patagoniambiental.com.ar\\\/info\\\/vecinos-y-ong-de-bariloche-se-oponen-al-proyecto-cauma\\\/\",\"url\":\"https:\\\/\\\/patagoniambiental.com.ar\\\/info\\\/vecinos-y-ong-de-bariloche-se-oponen-al-proyecto-cauma\\\/\",\"name\":\"Vecinos y ONG de Bariloche se oponen al proyecto CAUMA\",\"isPartOf\":{\"@id\":\"https:\\\/\\\/patagoniambiental.com.ar\\\/info\\\/#website\"},\"primaryImageOfPage\":{\"@id\":\"https:\\\/\\\/patagoniambiental.com.ar\\\/info\\\/vecinos-y-ong-de-bariloche-se-oponen-al-proyecto-cauma\\\/#primaryimage\"},\"image\":{\"@id\":\"https:\\\/\\\/patagoniambiental.com.ar\\\/info\\\/vecinos-y-ong-de-bariloche-se-oponen-al-proyecto-cauma\\\/#primaryimage\"},\"thumbnailUrl\":\"https:\\\/\\\/patagoniambiental.com.ar\\\/info\\\/wp-content\\\/uploads\\\/2023\\\/03\\\/md-2.jpg\",\"datePublished\":\"2023-03-19T22:00:00+00:00\",\"dateModified\":\"2024-08-19T01:51:30+00:00\",\"breadcrumb\":{\"@id\":\"https:\\\/\\\/patagoniambiental.com.ar\\\/info\\\/vecinos-y-ong-de-bariloche-se-oponen-al-proyecto-cauma\\\/#breadcrumb\"},\"inLanguage\":\"es\",\"potentialAction\":[{\"@type\":\"ReadAction\",\"target\":[\"https:\\\/\\\/patagoniambiental.com.ar\\\/info\\\/vecinos-y-ong-de-bariloche-se-oponen-al-proyecto-cauma\\\/\"]}]},{\"@type\":\"ImageObject\",\"inLanguage\":\"es\",\"@id\":\"https:\\\/\\\/patagoniambiental.com.ar\\\/info\\\/vecinos-y-ong-de-bariloche-se-oponen-al-proyecto-cauma\\\/#primaryimage\",\"url\":\"https:\\\/\\\/patagoniambiental.com.ar\\\/info\\\/wp-content\\\/uploads\\\/2023\\\/03\\\/md-2.jpg\",\"contentUrl\":\"https:\\\/\\\/patagoniambiental.com.ar\\\/info\\\/wp-content\\\/uploads\\\/2023\\\/03\\\/md-2.jpg\",\"width\":800,\"height\":600},{\"@type\":\"BreadcrumbList\",\"@id\":\"https:\\\/\\\/patagoniambiental.com.ar\\\/info\\\/vecinos-y-ong-de-bariloche-se-oponen-al-proyecto-cauma\\\/#breadcrumb\",\"itemListElement\":[{\"@type\":\"ListItem\",\"position\":1,\"name\":\"Inicio\",\"item\":\"https:\\\/\\\/patagoniambiental.com.ar\\\/info\\\/\"},{\"@type\":\"ListItem\",\"position\":2,\"name\":\"Vecinos y ONG de Bariloche se oponen al proyecto CAUMA\"}]},{\"@type\":\"WebSite\",\"@id\":\"https:\\\/\\\/patagoniambiental.com.ar\\\/info\\\/#website\",\"url\":\"https:\\\/\\\/patagoniambiental.com.ar\\\/info\\\/\",\"name\":\"Patagonia Ambiental\",\"description\":\"Monitoreo y an\u00e1lisis de la situaci\u00f3n geopol\u00edtica en el mundo y su implicancia en la Patagonia\",\"publisher\":{\"@id\":\"https:\\\/\\\/patagoniambiental.com.ar\\\/info\\\/#organization\"},\"potentialAction\":[{\"@type\":\"SearchAction\",\"target\":{\"@type\":\"EntryPoint\",\"urlTemplate\":\"https:\\\/\\\/patagoniambiental.com.ar\\\/info\\\/?s={search_term_string}\"},\"query-input\":{\"@type\":\"PropertyValueSpecification\",\"valueRequired\":true,\"valueName\":\"search_term_string\"}}],\"inLanguage\":\"es\"},{\"@type\":\"Organization\",\"@id\":\"https:\\\/\\\/patagoniambiental.com.ar\\\/info\\\/#organization\",\"name\":\"Patagonia Ambiental\",\"url\":\"https:\\\/\\\/patagoniambiental.com.ar\\\/info\\\/\",\"logo\":{\"@type\":\"ImageObject\",\"inLanguage\":\"es\",\"@id\":\"https:\\\/\\\/patagoniambiental.com.ar\\\/info\\\/#\\\/schema\\\/logo\\\/image\\\/\",\"url\":\"https:\\\/\\\/patagoniambiental.com.ar\\\/info\\\/wp-content\\\/uploads\\\/2025\\\/05\\\/LOGO-PATAGONIA-AMBIENTAL.png\",\"contentUrl\":\"https:\\\/\\\/patagoniambiental.com.ar\\\/info\\\/wp-content\\\/uploads\\\/2025\\\/05\\\/LOGO-PATAGONIA-AMBIENTAL.png\",\"width\":433,\"height\":250,\"caption\":\"Patagonia Ambiental\"},\"image\":{\"@id\":\"https:\\\/\\\/patagoniambiental.com.ar\\\/info\\\/#\\\/schema\\\/logo\\\/image\\\/\"},\"sameAs\":[\"https:\\\/\\\/www.facebook.com\\\/patagonia.ambiental\",\"https:\\\/\\\/x.com\\\/PatAmb\"]},{\"@type\":\"Person\",\"@id\":\"https:\\\/\\\/patagoniambiental.com.ar\\\/info\\\/#\\\/schema\\\/person\\\/db12bff64bbcbf6a253710bf0ea37b5d\",\"name\":\"Patagonia Ambiental\",\"description\":\"Andr\u00e9s Nievas T\u00e9cnico en manejo ambiental, consultor Ambiental y escritor para medios locales e internacionales sobre temas de geopolitica y medio ambiente.\",\"sameAs\":[\"http:\\\/\\\/www.patagoniambiental.com.ar\",\"https:\\\/\\\/www.facebook.com\\\/share\\\/1C1V8Gv9BX\\\/?mibextid=qi2Omg\",\"@patagoniambiental\",\"https:\\\/\\\/youtube.com\\\/@patagoniaambiental2023?si=BLt58t0wuXquxlYZ\"]}]}<\/script>\n<!-- \/ Yoast SEO Premium plugin. -->","yoast_head_json":{"title":"Vecinos y ONG de Bariloche se oponen al proyecto CAUMA","robots":{"index":"index","follow":"follow","max-snippet":"max-snippet:-1","max-image-preview":"max-image-preview:large","max-video-preview":"max-video-preview:-1"},"canonical":"https:\/\/patagoniambiental.com.ar\/info\/vecinos-y-ong-de-bariloche-se-oponen-al-proyecto-cauma\/","og_locale":"es_ES","og_type":"article","og_title":"Vecinos y ONG de Bariloche se oponen al proyecto CAUMA","og_url":"https:\/\/patagoniambiental.com.ar\/info\/vecinos-y-ong-de-bariloche-se-oponen-al-proyecto-cauma\/","og_site_name":"Patagonia Ambiental","article_publisher":"https:\/\/www.facebook.com\/patagonia.ambiental","article_author":"https:\/\/www.facebook.com\/share\/1C1V8Gv9BX\/?mibextid=qi2Omg","article_published_time":"2023-03-19T22:00:00+00:00","article_modified_time":"2024-08-19T01:51:30+00:00","og_image":[{"width":992,"height":744,"url":"https:\/\/patagoniambiental.com.ar\/info\/wp-content\/uploads\/2023\/03\/md-2.jpg","type":"image\/jpeg"}],"author":"Patagonia Ambiental","twitter_card":"summary_large_image","twitter_creator":"@PatAmb","twitter_site":"@PatAmb","schema":{"@context":"https:\/\/schema.org","@graph":[{"@type":"Article","@id":"https:\/\/patagoniambiental.com.ar\/info\/vecinos-y-ong-de-bariloche-se-oponen-al-proyecto-cauma\/#article","isPartOf":{"@id":"https:\/\/patagoniambiental.com.ar\/info\/vecinos-y-ong-de-bariloche-se-oponen-al-proyecto-cauma\/"},"author":{"name":"Patagonia Ambiental","@id":"https:\/\/patagoniambiental.com.ar\/info\/#\/schema\/person\/db12bff64bbcbf6a253710bf0ea37b5d"},"headline":"Vecinos y ONG de Bariloche se oponen al proyecto CAUMA","datePublished":"2023-03-19T22:00:00+00:00","dateModified":"2024-08-19T01:51:30+00:00","mainEntityOfPage":{"@id":"https:\/\/patagoniambiental.com.ar\/info\/vecinos-y-ong-de-bariloche-se-oponen-al-proyecto-cauma\/"},"wordCount":1216,"commentCount":0,"publisher":{"@id":"https:\/\/patagoniambiental.com.ar\/info\/#organization"},"image":{"@id":"https:\/\/patagoniambiental.com.ar\/info\/vecinos-y-ong-de-bariloche-se-oponen-al-proyecto-cauma\/#primaryimage"},"thumbnailUrl":"https:\/\/patagoniambiental.com.ar\/info\/wp-content\/uploads\/2023\/03\/md-2.jpg","articleSection":["Bolet\u00edn","Municipales","Noticias","ONG","Rotador"],"inLanguage":"es","potentialAction":[{"@type":"CommentAction","name":"Comment","target":["https:\/\/patagoniambiental.com.ar\/info\/vecinos-y-ong-de-bariloche-se-oponen-al-proyecto-cauma\/#respond"]}]},{"@type":"WebPage","@id":"https:\/\/patagoniambiental.com.ar\/info\/vecinos-y-ong-de-bariloche-se-oponen-al-proyecto-cauma\/","url":"https:\/\/patagoniambiental.com.ar\/info\/vecinos-y-ong-de-bariloche-se-oponen-al-proyecto-cauma\/","name":"Vecinos y ONG de Bariloche se oponen al proyecto CAUMA","isPartOf":{"@id":"https:\/\/patagoniambiental.com.ar\/info\/#website"},"primaryImageOfPage":{"@id":"https:\/\/patagoniambiental.com.ar\/info\/vecinos-y-ong-de-bariloche-se-oponen-al-proyecto-cauma\/#primaryimage"},"image":{"@id":"https:\/\/patagoniambiental.com.ar\/info\/vecinos-y-ong-de-bariloche-se-oponen-al-proyecto-cauma\/#primaryimage"},"thumbnailUrl":"https:\/\/patagoniambiental.com.ar\/info\/wp-content\/uploads\/2023\/03\/md-2.jpg","datePublished":"2023-03-19T22:00:00+00:00","dateModified":"2024-08-19T01:51:30+00:00","breadcrumb":{"@id":"https:\/\/patagoniambiental.com.ar\/info\/vecinos-y-ong-de-bariloche-se-oponen-al-proyecto-cauma\/#breadcrumb"},"inLanguage":"es","potentialAction":[{"@type":"ReadAction","target":["https:\/\/patagoniambiental.com.ar\/info\/vecinos-y-ong-de-bariloche-se-oponen-al-proyecto-cauma\/"]}]},{"@type":"ImageObject","inLanguage":"es","@id":"https:\/\/patagoniambiental.com.ar\/info\/vecinos-y-ong-de-bariloche-se-oponen-al-proyecto-cauma\/#primaryimage","url":"https:\/\/patagoniambiental.com.ar\/info\/wp-content\/uploads\/2023\/03\/md-2.jpg","contentUrl":"https:\/\/patagoniambiental.com.ar\/info\/wp-content\/uploads\/2023\/03\/md-2.jpg","width":800,"height":600},{"@type":"BreadcrumbList","@id":"https:\/\/patagoniambiental.com.ar\/info\/vecinos-y-ong-de-bariloche-se-oponen-al-proyecto-cauma\/#breadcrumb","itemListElement":[{"@type":"ListItem","position":1,"name":"Inicio","item":"https:\/\/patagoniambiental.com.ar\/info\/"},{"@type":"ListItem","position":2,"name":"Vecinos y ONG de Bariloche se oponen al proyecto CAUMA"}]},{"@type":"WebSite","@id":"https:\/\/patagoniambiental.com.ar\/info\/#website","url":"https:\/\/patagoniambiental.com.ar\/info\/","name":"Patagonia Ambiental","description":"Monitoreo y an\u00e1lisis de la situaci\u00f3n geopol\u00edtica en el mundo y su implicancia en la Patagonia","publisher":{"@id":"https:\/\/patagoniambiental.com.ar\/info\/#organization"},"potentialAction":[{"@type":"SearchAction","target":{"@type":"EntryPoint","urlTemplate":"https:\/\/patagoniambiental.com.ar\/info\/?s={search_term_string}"},"query-input":{"@type":"PropertyValueSpecification","valueRequired":true,"valueName":"search_term_string"}}],"inLanguage":"es"},{"@type":"Organization","@id":"https:\/\/patagoniambiental.com.ar\/info\/#organization","name":"Patagonia Ambiental","url":"https:\/\/patagoniambiental.com.ar\/info\/","logo":{"@type":"ImageObject","inLanguage":"es","@id":"https:\/\/patagoniambiental.com.ar\/info\/#\/schema\/logo\/image\/","url":"https:\/\/patagoniambiental.com.ar\/info\/wp-content\/uploads\/2025\/05\/LOGO-PATAGONIA-AMBIENTAL.png","contentUrl":"https:\/\/patagoniambiental.com.ar\/info\/wp-content\/uploads\/2025\/05\/LOGO-PATAGONIA-AMBIENTAL.png","width":433,"height":250,"caption":"Patagonia Ambiental"},"image":{"@id":"https:\/\/patagoniambiental.com.ar\/info\/#\/schema\/logo\/image\/"},"sameAs":["https:\/\/www.facebook.com\/patagonia.ambiental","https:\/\/x.com\/PatAmb"]},{"@type":"Person","@id":"https:\/\/patagoniambiental.com.ar\/info\/#\/schema\/person\/db12bff64bbcbf6a253710bf0ea37b5d","name":"Patagonia Ambiental","description":"Andr\u00e9s Nievas T\u00e9cnico en manejo ambiental, consultor Ambiental y escritor para medios locales e internacionales sobre temas de geopolitica y medio ambiente.","sameAs":["http:\/\/www.patagoniambiental.com.ar","https:\/\/www.facebook.com\/share\/1C1V8Gv9BX\/?mibextid=qi2Omg","@patagoniambiental","https:\/\/youtube.com\/@patagoniaambiental2023?si=BLt58t0wuXquxlYZ"]}]}},"_links":{"self":[{"href":"https:\/\/patagoniambiental.com.ar\/info\/wp-json\/wp\/v2\/posts\/77083","targetHints":{"allow":["GET"]}}],"collection":[{"href":"https:\/\/patagoniambiental.com.ar\/info\/wp-json\/wp\/v2\/posts"}],"about":[{"href":"https:\/\/patagoniambiental.com.ar\/info\/wp-json\/wp\/v2\/types\/post"}],"author":[{"embeddable":true,"href":"https:\/\/patagoniambiental.com.ar\/info\/wp-json\/wp\/v2\/users\/2"}],"replies":[{"embeddable":true,"href":"https:\/\/patagoniambiental.com.ar\/info\/wp-json\/wp\/v2\/comments?post=77083"}],"version-history":[{"count":0,"href":"https:\/\/patagoniambiental.com.ar\/info\/wp-json\/wp\/v2\/posts\/77083\/revisions"}],"wp:featuredmedia":[{"embeddable":true,"href":"https:\/\/patagoniambiental.com.ar\/info\/wp-json\/wp\/v2\/media\/77084"}],"wp:attachment":[{"href":"https:\/\/patagoniambiental.com.ar\/info\/wp-json\/wp\/v2\/media?parent=77083"}],"wp:term":[{"taxonomy":"category","embeddable":true,"href":"https:\/\/patagoniambiental.com.ar\/info\/wp-json\/wp\/v2\/categories?post=77083"},{"taxonomy":"post_tag","embeddable":true,"href":"https:\/\/patagoniambiental.com.ar\/info\/wp-json\/wp\/v2\/tags?post=77083"}],"curies":[{"name":"wp","href":"https:\/\/api.w.org\/{rel}","templated":true}]}}