{"id":77091,"date":"2023-03-21T07:00:00","date_gmt":"2023-03-21T10:00:00","guid":{"rendered":"http:\/\/patagoniambiental.com.ar\/info\/?p=77091"},"modified":"2023-03-21T01:00:58","modified_gmt":"2023-03-21T04:00:58","slug":"informan-que-no-esta-autorizada-una-actividad-de-ascenso-masivo-al-volcan-copahue","status":"publish","type":"post","link":"https:\/\/patagoniambiental.com.ar\/info\/informan-que-no-esta-autorizada-una-actividad-de-ascenso-masivo-al-volcan-copahue\/","title":{"rendered":"Informan que no est\u00e1 autorizada una actividad de ascenso masivo al volc\u00e1n Copahue"},"content":{"rendered":"\n<!--more-->\n\n\n\n<p><em>As\u00ed se destac\u00f3 desde la direcci\u00f3n provincial de \u00c1reas Naturales Protegidas.<\/em><\/p>\n\n\n\n<p>La direcci\u00f3n provincial de \u00c1reas Naturales Protegidas inform\u00f3 que no est\u00e1 autorizada la actividad de ascenso masivo al volc\u00e1n Copahue promovida por el Grupo Rek\u00b4clutas y prevista para el 23, 24, 25 y 26 de marzo bajo el lema Volc\u00e1n Copahue Ascenso 2023 \u201cHomenaje a ca\u00eddos y veteranos de Malvinas\u201d.<\/p>\n\n\n\n<p>Seg\u00fan se indic\u00f3, la actividad -tal como est\u00e1 planeada- no ha sido aprobada en ninguna de sus ediciones, y se ha notificado a los organizadores la prohibici\u00f3n de realizar el ascenso masivo al volc\u00e1n mediante notas, reuniones y carta documento.<\/p>\n\n\n\n<p>Es importante mencionar que en cada una de las ediciones se les ha propuesto a los organizadores adaptar la actividad, con el fin de que se realice un ascenso simb\u00f3lico de 20 personas con preparaci\u00f3n f\u00edsica adecuada y equipamiento reglamentario en representaci\u00f3n de la totalidad de los presentes, pudiendo el resto de los participantes realizar otras actividades como caminatas a la cascada Escondida, Hito Copahue, para luego confluir en un acto en conmemoraci\u00f3n en Caviahue o Copahue, de manera que cada 2 de abril contin\u00fae siendo un d\u00eda de conmemoraci\u00f3n, reflexi\u00f3n y memoria sobre la guerra de Malvinas, valorando la integridad de las personas que participan de esta actividad.<\/p>\n\n\n\n<p>El volc\u00e1n Copahue es uno de los principales valores de conservaci\u00f3n del \u00c1rea Natural Protegida, por esta raz\u00f3n en el documento t\u00e9cnico de actualizaci\u00f3n para la gesti\u00f3n del parque se establece una zonificaci\u00f3n con diferentes condiciones de manejo. Las rutas de ascenso al cr\u00e1ter y a la cumbre se encuentran dentro de la zona de conservaci\u00f3n denominada \u201cuso p\u00fablico extensivo\u201d, se permiten actividades no concentradas o a gran escala. Estas rutas, a su vez, se encuentran insertas en la zona de conservaci\u00f3n estricta, con sectores fr\u00e1giles y elementos de especial valor de conservaci\u00f3n, como las nacientes de r\u00edos y arroyos, los glaciares cubiertos y descubiertos de la cumbre, manchones de nieve de la ladera noreste y este del volc\u00e1n.<\/p>\n\n\n\n<p>Por otra parte, de acuerdo con el informe de diagn\u00f3stico de Geolog\u00eda, en la actualizaci\u00f3n del PGM (2019) \u201cEl volc\u00e1n Copahue se encuentra inestable y con actividad casi continua desde la \u00faltima erupci\u00f3n del 22 de diciembre de 2012\u201d. Por lo tanto, los ascensos masivos al volc\u00e1n representan un gran riesgo para las personas que participan.<\/p>\n\n\n\n<p>En ediciones anteriores se generaron situaciones ca\u00f3ticas, participantes en condiciones y equipamiento no acorde a la actividad, personas perdidas con cansancio extremo, expedicionistas que no respetaron las rutas de ascenso, etc.; llegando a participar m\u00e1s de 700 personas el \u00faltimo a\u00f1o. Este tipo de actividades representan un gran riesgo para los participantes, sobre todo cuando se realiza en un volc\u00e1n activo que se encuentra inestable como el Copahue.<\/p>\n\n\n\n<p>Adem\u00e1s, el evento se transform\u00f3 en una posibilidad de ascender al volc\u00e1n en grupo y a un bajo costo, ya que el importe que los organizadores cobraron en el \u00faltimo evento es mucho menor que lo que cobra un gu\u00eda de trekking, quien debe cumplir con varias exigencias para poder habilitarse como prestador de actividades tur\u00edstica, de \u00edndole impositivas, de formaci\u00f3n, seguros de responsabilidad civil, presentaci\u00f3n de plan de contingencia y de cuidados ambientales.<\/p>\n\n\n\n<p>Desde la direcci\u00f3n provincial de \u00c1reas Naturales Protegidas se indic\u00f3 que, por todo lo expuesto, se reitera a la ciudadan\u00eda que el evento promocionado para el 23, 24, 25 y 26 de marzo no cuenta con las autorizaciones correspondientes, por lo que queda en absoluta responsabilidad individual la participaci\u00f3n en el mismo.<\/p>\n\n\n\n<p>Fuente: Neuquen Informa <\/p>\n","protected":false},"excerpt":{"rendered":"","protected":false},"author":2,"featured_media":77092,"comment_status":"open","ping_status":"open","sticky":false,"template":"","format":"standard","meta":{"site-sidebar-layout":"default","site-content-layout":"","ast-site-content-layout":"default","site-content-style":"default","site-sidebar-style":"default","ast-global-header-display":"","ast-banner-title-visibility":"","ast-main-header-display":"","ast-hfb-above-header-display":"","ast-hfb-below-header-display":"","ast-hfb-mobile-header-display":"","site-post-title":"","ast-breadcrumbs-content":"","ast-featured-img":"","footer-sml-layout":"","ast-disable-related-posts":"","theme-transparent-header-meta":"","adv-header-id-meta":"","stick-header-meta":"","header-above-stick-meta":"","header-main-stick-meta":"","header-below-stick-meta":"","astra-migrate-meta-layouts":"default","ast-page-background-enabled":"default","ast-page-background-meta":{"desktop":{"background-color":"var(--ast-global-color-5)","background-image":"","background-repeat":"repeat","background-position":"center center","background-size":"auto","background-attachment":"scroll","background-type":"","background-media":"","overlay-type":"","overlay-color":"","overlay-opacity":"","overlay-gradient":""},"tablet":{"background-color":"","background-image":"","background-repeat":"repeat","background-position":"center center","background-size":"auto","background-attachment":"scroll","background-type":"","background-media":"","overlay-type":"","overlay-color":"","overlay-opacity":"","overlay-gradient":""},"mobile":{"background-color":"","background-image":"","background-repeat":"repeat","background-position":"center center","background-size":"auto","background-attachment":"scroll","background-type":"","background-media":"","overlay-type":"","overlay-color":"","overlay-opacity":"","overlay-gradient":""}},"ast-content-background-meta":{"desktop":{"background-color":"var(--ast-global-color-4)","background-image":"","background-repeat":"repeat","background-position":"center center","background-size":"auto","background-attachment":"scroll","background-type":"","background-media":"","overlay-type":"","overlay-color":"","overlay-opacity":"","overlay-gradient":""},"tablet":{"background-color":"var(--ast-global-color-4)","background-image":"","background-repeat":"repeat","background-position":"center center","background-size":"auto","background-attachment":"scroll","background-type":"","background-media":"","overlay-type":"","overlay-color":"","overlay-opacity":"","overlay-gradient":""},"mobile":{"background-color":"var(--ast-global-color-4)","background-image":"","background-repeat":"repeat","background-position":"center center","background-size":"auto","background-attachment":"scroll","background-type":"","background-media":"","overlay-type":"","overlay-color":"","overlay-opacity":"","overlay-gradient":""}},"footnotes":""},"categories":[11,18,1,13,10],"tags":[],"class_list":["post-77091","post","type-post","status-publish","format-standard","has-post-thumbnail","hentry","category-boletin","category-neuquen","category-noticias","category-provinciales","category-rotador"],"yoast_head":"<!-- This site is optimized with the Yoast SEO Premium plugin v23.0 (Yoast SEO v27.4) - https:\/\/yoast.com\/product\/yoast-seo-premium-wordpress\/ -->\n<title>Informan que no est\u00e1 autorizada una actividad de ascenso masivo al volc\u00e1n Copahue<\/title>\n<meta name=\"robots\" content=\"index, follow, max-snippet:-1, max-image-preview:large, max-video-preview:-1\" \/>\n<link rel=\"canonical\" href=\"https:\/\/patagoniambiental.com.ar\/info\/informan-que-no-esta-autorizada-una-actividad-de-ascenso-masivo-al-volcan-copahue\/\" \/>\n<meta property=\"og:locale\" content=\"es_ES\" \/>\n<meta property=\"og:type\" content=\"article\" \/>\n<meta property=\"og:title\" content=\"Informan que no est\u00e1 autorizada una actividad de ascenso masivo al volc\u00e1n Copahue\" \/>\n<meta property=\"og:url\" content=\"https:\/\/patagoniambiental.com.ar\/info\/informan-que-no-esta-autorizada-una-actividad-de-ascenso-masivo-al-volcan-copahue\/\" \/>\n<meta property=\"og:site_name\" content=\"Patagonia Ambiental\" \/>\n<meta property=\"article:publisher\" content=\"https:\/\/www.facebook.com\/patagonia.ambiental\" \/>\n<meta property=\"article:author\" content=\"https:\/\/www.facebook.com\/share\/1C1V8Gv9BX\/?mibextid=qi2Omg\" \/>\n<meta property=\"article:published_time\" content=\"2023-03-21T10:00:00+00:00\" \/>\n<meta property=\"og:image\" content=\"https:\/\/patagoniambiental.com.ar\/info\/wp-content\/uploads\/2023\/03\/Copahue_Volcano.jpg\" \/>\n\t<meta property=\"og:image:width\" content=\"1751\" \/>\n\t<meta property=\"og:image:height\" content=\"1176\" \/>\n\t<meta property=\"og:image:type\" content=\"image\/jpeg\" \/>\n<meta name=\"author\" content=\"Patagonia Ambiental\" \/>\n<meta name=\"twitter:card\" content=\"summary_large_image\" \/>\n<meta name=\"twitter:creator\" content=\"@PatAmb\" \/>\n<meta name=\"twitter:site\" content=\"@PatAmb\" \/>\n<script type=\"application\/ld+json\" class=\"yoast-schema-graph\">{\"@context\":\"https:\\\/\\\/schema.org\",\"@graph\":[{\"@type\":\"Article\",\"@id\":\"https:\\\/\\\/patagoniambiental.com.ar\\\/info\\\/informan-que-no-esta-autorizada-una-actividad-de-ascenso-masivo-al-volcan-copahue\\\/#article\",\"isPartOf\":{\"@id\":\"https:\\\/\\\/patagoniambiental.com.ar\\\/info\\\/informan-que-no-esta-autorizada-una-actividad-de-ascenso-masivo-al-volcan-copahue\\\/\"},\"author\":{\"name\":\"Patagonia Ambiental\",\"@id\":\"https:\\\/\\\/patagoniambiental.com.ar\\\/info\\\/#\\\/schema\\\/person\\\/db12bff64bbcbf6a253710bf0ea37b5d\"},\"headline\":\"Informan que no est\u00e1 autorizada una actividad de ascenso masivo al volc\u00e1n Copahue\",\"datePublished\":\"2023-03-21T10:00:00+00:00\",\"mainEntityOfPage\":{\"@id\":\"https:\\\/\\\/patagoniambiental.com.ar\\\/info\\\/informan-que-no-esta-autorizada-una-actividad-de-ascenso-masivo-al-volcan-copahue\\\/\"},\"wordCount\":633,\"commentCount\":0,\"publisher\":{\"@id\":\"https:\\\/\\\/patagoniambiental.com.ar\\\/info\\\/#organization\"},\"image\":{\"@id\":\"https:\\\/\\\/patagoniambiental.com.ar\\\/info\\\/informan-que-no-esta-autorizada-una-actividad-de-ascenso-masivo-al-volcan-copahue\\\/#primaryimage\"},\"thumbnailUrl\":\"https:\\\/\\\/patagoniambiental.com.ar\\\/info\\\/wp-content\\\/uploads\\\/2023\\\/03\\\/Copahue_Volcano.jpg\",\"articleSection\":[\"Bolet\u00edn\",\"Neuqu\u00e9n\",\"Noticias\",\"Provinciales\",\"Rotador\"],\"inLanguage\":\"es\",\"potentialAction\":[{\"@type\":\"CommentAction\",\"name\":\"Comment\",\"target\":[\"https:\\\/\\\/patagoniambiental.com.ar\\\/info\\\/informan-que-no-esta-autorizada-una-actividad-de-ascenso-masivo-al-volcan-copahue\\\/#respond\"]}]},{\"@type\":\"WebPage\",\"@id\":\"https:\\\/\\\/patagoniambiental.com.ar\\\/info\\\/informan-que-no-esta-autorizada-una-actividad-de-ascenso-masivo-al-volcan-copahue\\\/\",\"url\":\"https:\\\/\\\/patagoniambiental.com.ar\\\/info\\\/informan-que-no-esta-autorizada-una-actividad-de-ascenso-masivo-al-volcan-copahue\\\/\",\"name\":\"Informan que no est\u00e1 autorizada una actividad de ascenso masivo al volc\u00e1n Copahue\",\"isPartOf\":{\"@id\":\"https:\\\/\\\/patagoniambiental.com.ar\\\/info\\\/#website\"},\"primaryImageOfPage\":{\"@id\":\"https:\\\/\\\/patagoniambiental.com.ar\\\/info\\\/informan-que-no-esta-autorizada-una-actividad-de-ascenso-masivo-al-volcan-copahue\\\/#primaryimage\"},\"image\":{\"@id\":\"https:\\\/\\\/patagoniambiental.com.ar\\\/info\\\/informan-que-no-esta-autorizada-una-actividad-de-ascenso-masivo-al-volcan-copahue\\\/#primaryimage\"},\"thumbnailUrl\":\"https:\\\/\\\/patagoniambiental.com.ar\\\/info\\\/wp-content\\\/uploads\\\/2023\\\/03\\\/Copahue_Volcano.jpg\",\"datePublished\":\"2023-03-21T10:00:00+00:00\",\"breadcrumb\":{\"@id\":\"https:\\\/\\\/patagoniambiental.com.ar\\\/info\\\/informan-que-no-esta-autorizada-una-actividad-de-ascenso-masivo-al-volcan-copahue\\\/#breadcrumb\"},\"inLanguage\":\"es\",\"potentialAction\":[{\"@type\":\"ReadAction\",\"target\":[\"https:\\\/\\\/patagoniambiental.com.ar\\\/info\\\/informan-que-no-esta-autorizada-una-actividad-de-ascenso-masivo-al-volcan-copahue\\\/\"]}]},{\"@type\":\"ImageObject\",\"inLanguage\":\"es\",\"@id\":\"https:\\\/\\\/patagoniambiental.com.ar\\\/info\\\/informan-que-no-esta-autorizada-una-actividad-de-ascenso-masivo-al-volcan-copahue\\\/#primaryimage\",\"url\":\"https:\\\/\\\/patagoniambiental.com.ar\\\/info\\\/wp-content\\\/uploads\\\/2023\\\/03\\\/Copahue_Volcano.jpg\",\"contentUrl\":\"https:\\\/\\\/patagoniambiental.com.ar\\\/info\\\/wp-content\\\/uploads\\\/2023\\\/03\\\/Copahue_Volcano.jpg\",\"width\":893,\"height\":600},{\"@type\":\"BreadcrumbList\",\"@id\":\"https:\\\/\\\/patagoniambiental.com.ar\\\/info\\\/informan-que-no-esta-autorizada-una-actividad-de-ascenso-masivo-al-volcan-copahue\\\/#breadcrumb\",\"itemListElement\":[{\"@type\":\"ListItem\",\"position\":1,\"name\":\"Inicio\",\"item\":\"https:\\\/\\\/patagoniambiental.com.ar\\\/info\\\/\"},{\"@type\":\"ListItem\",\"position\":2,\"name\":\"Informan que no est\u00e1 autorizada una actividad de ascenso masivo al volc\u00e1n Copahue\"}]},{\"@type\":\"WebSite\",\"@id\":\"https:\\\/\\\/patagoniambiental.com.ar\\\/info\\\/#website\",\"url\":\"https:\\\/\\\/patagoniambiental.com.ar\\\/info\\\/\",\"name\":\"Patagonia Ambiental\",\"description\":\"Monitoreo y an\u00e1lisis de la situaci\u00f3n geopol\u00edtica en el mundo y su implicancia en la Patagonia\",\"publisher\":{\"@id\":\"https:\\\/\\\/patagoniambiental.com.ar\\\/info\\\/#organization\"},\"potentialAction\":[{\"@type\":\"SearchAction\",\"target\":{\"@type\":\"EntryPoint\",\"urlTemplate\":\"https:\\\/\\\/patagoniambiental.com.ar\\\/info\\\/?s={search_term_string}\"},\"query-input\":{\"@type\":\"PropertyValueSpecification\",\"valueRequired\":true,\"valueName\":\"search_term_string\"}}],\"inLanguage\":\"es\"},{\"@type\":\"Organization\",\"@id\":\"https:\\\/\\\/patagoniambiental.com.ar\\\/info\\\/#organization\",\"name\":\"Patagonia Ambiental\",\"url\":\"https:\\\/\\\/patagoniambiental.com.ar\\\/info\\\/\",\"logo\":{\"@type\":\"ImageObject\",\"inLanguage\":\"es\",\"@id\":\"https:\\\/\\\/patagoniambiental.com.ar\\\/info\\\/#\\\/schema\\\/logo\\\/image\\\/\",\"url\":\"https:\\\/\\\/patagoniambiental.com.ar\\\/info\\\/wp-content\\\/uploads\\\/2025\\\/05\\\/LOGO-PATAGONIA-AMBIENTAL.png\",\"contentUrl\":\"https:\\\/\\\/patagoniambiental.com.ar\\\/info\\\/wp-content\\\/uploads\\\/2025\\\/05\\\/LOGO-PATAGONIA-AMBIENTAL.png\",\"width\":433,\"height\":250,\"caption\":\"Patagonia Ambiental\"},\"image\":{\"@id\":\"https:\\\/\\\/patagoniambiental.com.ar\\\/info\\\/#\\\/schema\\\/logo\\\/image\\\/\"},\"sameAs\":[\"https:\\\/\\\/www.facebook.com\\\/patagonia.ambiental\",\"https:\\\/\\\/x.com\\\/PatAmb\"]},{\"@type\":\"Person\",\"@id\":\"https:\\\/\\\/patagoniambiental.com.ar\\\/info\\\/#\\\/schema\\\/person\\\/db12bff64bbcbf6a253710bf0ea37b5d\",\"name\":\"Patagonia Ambiental\",\"description\":\"Andr\u00e9s Nievas T\u00e9cnico en manejo ambiental, consultor Ambiental y escritor para medios locales e internacionales sobre temas de geopolitica y medio ambiente.\",\"sameAs\":[\"http:\\\/\\\/www.patagoniambiental.com.ar\",\"https:\\\/\\\/www.facebook.com\\\/share\\\/1C1V8Gv9BX\\\/?mibextid=qi2Omg\",\"@patagoniambiental\",\"https:\\\/\\\/youtube.com\\\/@patagoniaambiental2023?si=BLt58t0wuXquxlYZ\"]}]}<\/script>\n<!-- \/ Yoast SEO Premium plugin. -->","yoast_head_json":{"title":"Informan que no est\u00e1 autorizada una actividad de ascenso masivo al volc\u00e1n Copahue","robots":{"index":"index","follow":"follow","max-snippet":"max-snippet:-1","max-image-preview":"max-image-preview:large","max-video-preview":"max-video-preview:-1"},"canonical":"https:\/\/patagoniambiental.com.ar\/info\/informan-que-no-esta-autorizada-una-actividad-de-ascenso-masivo-al-volcan-copahue\/","og_locale":"es_ES","og_type":"article","og_title":"Informan que no est\u00e1 autorizada una actividad de ascenso masivo al volc\u00e1n Copahue","og_url":"https:\/\/patagoniambiental.com.ar\/info\/informan-que-no-esta-autorizada-una-actividad-de-ascenso-masivo-al-volcan-copahue\/","og_site_name":"Patagonia Ambiental","article_publisher":"https:\/\/www.facebook.com\/patagonia.ambiental","article_author":"https:\/\/www.facebook.com\/share\/1C1V8Gv9BX\/?mibextid=qi2Omg","article_published_time":"2023-03-21T10:00:00+00:00","og_image":[{"width":1751,"height":1176,"url":"https:\/\/patagoniambiental.com.ar\/info\/wp-content\/uploads\/2023\/03\/Copahue_Volcano.jpg","type":"image\/jpeg"}],"author":"Patagonia Ambiental","twitter_card":"summary_large_image","twitter_creator":"@PatAmb","twitter_site":"@PatAmb","schema":{"@context":"https:\/\/schema.org","@graph":[{"@type":"Article","@id":"https:\/\/patagoniambiental.com.ar\/info\/informan-que-no-esta-autorizada-una-actividad-de-ascenso-masivo-al-volcan-copahue\/#article","isPartOf":{"@id":"https:\/\/patagoniambiental.com.ar\/info\/informan-que-no-esta-autorizada-una-actividad-de-ascenso-masivo-al-volcan-copahue\/"},"author":{"name":"Patagonia Ambiental","@id":"https:\/\/patagoniambiental.com.ar\/info\/#\/schema\/person\/db12bff64bbcbf6a253710bf0ea37b5d"},"headline":"Informan que no est\u00e1 autorizada una actividad de ascenso masivo al volc\u00e1n Copahue","datePublished":"2023-03-21T10:00:00+00:00","mainEntityOfPage":{"@id":"https:\/\/patagoniambiental.com.ar\/info\/informan-que-no-esta-autorizada-una-actividad-de-ascenso-masivo-al-volcan-copahue\/"},"wordCount":633,"commentCount":0,"publisher":{"@id":"https:\/\/patagoniambiental.com.ar\/info\/#organization"},"image":{"@id":"https:\/\/patagoniambiental.com.ar\/info\/informan-que-no-esta-autorizada-una-actividad-de-ascenso-masivo-al-volcan-copahue\/#primaryimage"},"thumbnailUrl":"https:\/\/patagoniambiental.com.ar\/info\/wp-content\/uploads\/2023\/03\/Copahue_Volcano.jpg","articleSection":["Bolet\u00edn","Neuqu\u00e9n","Noticias","Provinciales","Rotador"],"inLanguage":"es","potentialAction":[{"@type":"CommentAction","name":"Comment","target":["https:\/\/patagoniambiental.com.ar\/info\/informan-que-no-esta-autorizada-una-actividad-de-ascenso-masivo-al-volcan-copahue\/#respond"]}]},{"@type":"WebPage","@id":"https:\/\/patagoniambiental.com.ar\/info\/informan-que-no-esta-autorizada-una-actividad-de-ascenso-masivo-al-volcan-copahue\/","url":"https:\/\/patagoniambiental.com.ar\/info\/informan-que-no-esta-autorizada-una-actividad-de-ascenso-masivo-al-volcan-copahue\/","name":"Informan que no est\u00e1 autorizada una actividad de ascenso masivo al volc\u00e1n Copahue","isPartOf":{"@id":"https:\/\/patagoniambiental.com.ar\/info\/#website"},"primaryImageOfPage":{"@id":"https:\/\/patagoniambiental.com.ar\/info\/informan-que-no-esta-autorizada-una-actividad-de-ascenso-masivo-al-volcan-copahue\/#primaryimage"},"image":{"@id":"https:\/\/patagoniambiental.com.ar\/info\/informan-que-no-esta-autorizada-una-actividad-de-ascenso-masivo-al-volcan-copahue\/#primaryimage"},"thumbnailUrl":"https:\/\/patagoniambiental.com.ar\/info\/wp-content\/uploads\/2023\/03\/Copahue_Volcano.jpg","datePublished":"2023-03-21T10:00:00+00:00","breadcrumb":{"@id":"https:\/\/patagoniambiental.com.ar\/info\/informan-que-no-esta-autorizada-una-actividad-de-ascenso-masivo-al-volcan-copahue\/#breadcrumb"},"inLanguage":"es","potentialAction":[{"@type":"ReadAction","target":["https:\/\/patagoniambiental.com.ar\/info\/informan-que-no-esta-autorizada-una-actividad-de-ascenso-masivo-al-volcan-copahue\/"]}]},{"@type":"ImageObject","inLanguage":"es","@id":"https:\/\/patagoniambiental.com.ar\/info\/informan-que-no-esta-autorizada-una-actividad-de-ascenso-masivo-al-volcan-copahue\/#primaryimage","url":"https:\/\/patagoniambiental.com.ar\/info\/wp-content\/uploads\/2023\/03\/Copahue_Volcano.jpg","contentUrl":"https:\/\/patagoniambiental.com.ar\/info\/wp-content\/uploads\/2023\/03\/Copahue_Volcano.jpg","width":893,"height":600},{"@type":"BreadcrumbList","@id":"https:\/\/patagoniambiental.com.ar\/info\/informan-que-no-esta-autorizada-una-actividad-de-ascenso-masivo-al-volcan-copahue\/#breadcrumb","itemListElement":[{"@type":"ListItem","position":1,"name":"Inicio","item":"https:\/\/patagoniambiental.com.ar\/info\/"},{"@type":"ListItem","position":2,"name":"Informan que no est\u00e1 autorizada una actividad de ascenso masivo al volc\u00e1n Copahue"}]},{"@type":"WebSite","@id":"https:\/\/patagoniambiental.com.ar\/info\/#website","url":"https:\/\/patagoniambiental.com.ar\/info\/","name":"Patagonia Ambiental","description":"Monitoreo y an\u00e1lisis de la situaci\u00f3n geopol\u00edtica en el mundo y su implicancia en la Patagonia","publisher":{"@id":"https:\/\/patagoniambiental.com.ar\/info\/#organization"},"potentialAction":[{"@type":"SearchAction","target":{"@type":"EntryPoint","urlTemplate":"https:\/\/patagoniambiental.com.ar\/info\/?s={search_term_string}"},"query-input":{"@type":"PropertyValueSpecification","valueRequired":true,"valueName":"search_term_string"}}],"inLanguage":"es"},{"@type":"Organization","@id":"https:\/\/patagoniambiental.com.ar\/info\/#organization","name":"Patagonia Ambiental","url":"https:\/\/patagoniambiental.com.ar\/info\/","logo":{"@type":"ImageObject","inLanguage":"es","@id":"https:\/\/patagoniambiental.com.ar\/info\/#\/schema\/logo\/image\/","url":"https:\/\/patagoniambiental.com.ar\/info\/wp-content\/uploads\/2025\/05\/LOGO-PATAGONIA-AMBIENTAL.png","contentUrl":"https:\/\/patagoniambiental.com.ar\/info\/wp-content\/uploads\/2025\/05\/LOGO-PATAGONIA-AMBIENTAL.png","width":433,"height":250,"caption":"Patagonia Ambiental"},"image":{"@id":"https:\/\/patagoniambiental.com.ar\/info\/#\/schema\/logo\/image\/"},"sameAs":["https:\/\/www.facebook.com\/patagonia.ambiental","https:\/\/x.com\/PatAmb"]},{"@type":"Person","@id":"https:\/\/patagoniambiental.com.ar\/info\/#\/schema\/person\/db12bff64bbcbf6a253710bf0ea37b5d","name":"Patagonia Ambiental","description":"Andr\u00e9s Nievas T\u00e9cnico en manejo ambiental, consultor Ambiental y escritor para medios locales e internacionales sobre temas de geopolitica y medio ambiente.","sameAs":["http:\/\/www.patagoniambiental.com.ar","https:\/\/www.facebook.com\/share\/1C1V8Gv9BX\/?mibextid=qi2Omg","@patagoniambiental","https:\/\/youtube.com\/@patagoniaambiental2023?si=BLt58t0wuXquxlYZ"]}]}},"_links":{"self":[{"href":"https:\/\/patagoniambiental.com.ar\/info\/wp-json\/wp\/v2\/posts\/77091","targetHints":{"allow":["GET"]}}],"collection":[{"href":"https:\/\/patagoniambiental.com.ar\/info\/wp-json\/wp\/v2\/posts"}],"about":[{"href":"https:\/\/patagoniambiental.com.ar\/info\/wp-json\/wp\/v2\/types\/post"}],"author":[{"embeddable":true,"href":"https:\/\/patagoniambiental.com.ar\/info\/wp-json\/wp\/v2\/users\/2"}],"replies":[{"embeddable":true,"href":"https:\/\/patagoniambiental.com.ar\/info\/wp-json\/wp\/v2\/comments?post=77091"}],"version-history":[{"count":0,"href":"https:\/\/patagoniambiental.com.ar\/info\/wp-json\/wp\/v2\/posts\/77091\/revisions"}],"wp:featuredmedia":[{"embeddable":true,"href":"https:\/\/patagoniambiental.com.ar\/info\/wp-json\/wp\/v2\/media\/77092"}],"wp:attachment":[{"href":"https:\/\/patagoniambiental.com.ar\/info\/wp-json\/wp\/v2\/media?parent=77091"}],"wp:term":[{"taxonomy":"category","embeddable":true,"href":"https:\/\/patagoniambiental.com.ar\/info\/wp-json\/wp\/v2\/categories?post=77091"},{"taxonomy":"post_tag","embeddable":true,"href":"https:\/\/patagoniambiental.com.ar\/info\/wp-json\/wp\/v2\/tags?post=77091"}],"curies":[{"name":"wp","href":"https:\/\/api.w.org\/{rel}","templated":true}]}}