{"id":77123,"date":"2023-03-23T19:00:00","date_gmt":"2023-03-23T22:00:00","guid":{"rendered":"http:\/\/patagoniambiental.com.ar\/info\/?p=77123"},"modified":"2024-08-18T22:42:39","modified_gmt":"2024-08-19T01:42:39","slug":"neuquen-se-garantizo-la-venta-de-la-energia-que-generara-el-primer-parque-eolico-provincial","status":"publish","type":"post","link":"https:\/\/patagoniambiental.com.ar\/info\/neuquen-se-garantizo-la-venta-de-la-energia-que-generara-el-primer-parque-eolico-provincial\/","title":{"rendered":"Neuqu\u00e9n se garantiz\u00f3 la venta de la energ\u00eda que generar\u00e1 el primer parque e\u00f3lico provincial"},"content":{"rendered":"\n<!--more-->\n\n\n\n<p><em>Se suscribi\u00f3 el contrato de venta de la energ\u00eda el\u00e9ctrica renovable del proyectado Parque E\u00f3lico Pic\u00fan Leuf\u00fa. Se acord\u00f3 por 20 a\u00f1os y permitir\u00e1 un ingreso de alrededor de 600 millones de d\u00f3lares.<\/em><\/p>\n\n\n\n<p>La provincia del Neuqu\u00e9n firm\u00f3 el contrato de venta de la energ\u00eda el\u00e9ctrica renovable que generar\u00e1 el proyectado Parque E\u00f3lico Pic\u00fan Leuf\u00fa. El abastecimiento al Sistema Interconectado Nacional se acord\u00f3 por 20 a\u00f1os y comprender\u00e1 -durante ese per\u00edodo- un ingreso de alrededor de 600 millones de d\u00f3lares a favor del primer parque e\u00f3lico provincial.<\/p>\n\n\n\n<p>El contrato se suscribi\u00f3 en Buenos Aires entre la Agencia para la Promoci\u00f3n y Desarrollo de Inversiones del Neuqu\u00e9n (ADI-NQN) y la Compa\u00f1\u00eda Administradora del Mercado Mayorista El\u00e9ctrico SA (Cammesa).<\/p>\n\n\n\n<p>\u201cEs un paso fundamental luego de la firma de la resoluci\u00f3n por parte de la secretar\u00eda de Energ\u00eda de la Naci\u00f3n, donde se fija una tarifa de 53,56 d\u00f3lares para la energ\u00eda el\u00e9ctrica generada por el parque de Pic\u00fan Leuf\u00fa\u201d, asegur\u00f3 el presidente de ADI-NQN, Jos\u00e9 Brillo, quien particip\u00f3 de la firma acompa\u00f1ado por el vicepresidente de la agencia, Marcelo Raimondo.<\/p>\n\n\n\n<p>Sobre el proyecto de Pic\u00fan Leuf\u00fa, remarc\u00f3 que ser\u00e1 \u201cuno de los mejores parques e\u00f3licos de la provincia y el primer parque e\u00f3lico provincial\u201d.<\/p>\n\n\n\n<p>Brillo record\u00f3 que el 1\u00ba de marzo, durante la apertura de sesiones de la Legislatura, el gobernador Omar Guti\u00e9rrez present\u00f3 \u201cun proyecto de ley que formaliza la emisi\u00f3n de t\u00edtulos y toma de deuda para este proyecto, entre otros. Tambi\u00e9n est\u00e1 la ampliaci\u00f3n de El Alamito y otros peque\u00f1os proyectos hidroel\u00e9ctricos de la provincia. El proyecto de ley es por 210 millones de d\u00f3lares e incorpora el financiamiento completo de lo que es Pic\u00fan Leuf\u00fa\u201d.<\/p>\n\n\n\n<p>\u201cEs un momento realmente importante para Pic\u00fan Leuf\u00fa\u201d, recalc\u00f3 el titular de ADI-NQN. Detall\u00f3 que el nuevo parque estar\u00e1 ubicado a unos 50 kil\u00f3metros del parque e\u00f3lico Vientos Neuquinos y \u201ctendr\u00e1 vinculaci\u00f3n con el sistema interconectado en ese lugar\u201d.<\/p>\n\n\n\n<p>A partir de la firma del contrato, la provincia tendr\u00e1 540 d\u00edas para formalizar el financiamiento y luego contar\u00e1 con 450 d\u00edas para la construcci\u00f3n y puesta en marcha del proyecto. \u201cYa se empieza a visualizar la etapa de financiamiento y construcci\u00f3n del proyecto\u201d, asegur\u00f3 Brillo.<\/p>\n\n\n\n<p>Por \u00faltimo, se\u00f1al\u00f3 que con la firma de contrato con Cammesa \u201cse cumple una etapa muy importante de este proyecto. Hay 14 a\u00f1os de estudios que se han realizado sobre las caracter\u00edsticas del viento en la zona de Pic\u00fan Leuf\u00fa y tambi\u00e9n se han llevado adelante todas las habilitaciones y lo que significa la factibilidad del proyecto\u201d.<\/p>\n\n\n\n<div style=\"height:100px\" aria-hidden=\"true\" class=\"wp-block-spacer\"><\/div>\n\n\n\n<h2 class=\"wp-block-heading\" id=\"h-el-primer-parque-eolico-provincial\"><strong>El primer parque e\u00f3lico provincial<\/strong><\/h2>\n\n\n\n<p>D\u00edas atr\u00e1s la secretar\u00eda de Energ\u00eda de la Naci\u00f3n aprob\u00f3 el modelo de contrato de abastecimiento e instruy\u00f3 a Cammesa a firmar por una potencia contratada de 100 megavatios (MW), a un valor de 53,56 d\u00f3lares por megavatio hora (MWh).<\/p>\n\n\n\n<p>El proyecto e\u00f3lico Pic\u00fan Leuf\u00fa, ubicado a 20 kil\u00f3metros de la localidad hom\u00f3nima, fue seleccionado por el cl\u00faster conformado el a\u00f1o pasado en San Juan por el gobierno nacional y varias provincias, entre las cuales figura Neuqu\u00e9n. Esto permiti\u00f3 la incorporaci\u00f3n de sus 100 megavatios en el Sistema Interconectado Nacional. Este parque e\u00f3lico ser\u00e1 el primero de propiedad provincial y demandar\u00e1 una inversi\u00f3n de unos 200 millones de d\u00f3lares.<\/p>\n\n\n\n<p>Fuente: Neuquen Informa <\/p>\n","protected":false},"excerpt":{"rendered":"","protected":false},"author":2,"featured_media":77124,"comment_status":"open","ping_status":"open","sticky":false,"template":"","format":"standard","meta":{"site-sidebar-layout":"default","site-content-layout":"","ast-site-content-layout":"default","site-content-style":"default","site-sidebar-style":"default","ast-global-header-display":"","ast-banner-title-visibility":"","ast-main-header-display":"","ast-hfb-above-header-display":"","ast-hfb-below-header-display":"","ast-hfb-mobile-header-display":"","site-post-title":"","ast-breadcrumbs-content":"","ast-featured-img":"","footer-sml-layout":"","ast-disable-related-posts":"","theme-transparent-header-meta":"","adv-header-id-meta":"","stick-header-meta":"","header-above-stick-meta":"","header-main-stick-meta":"","header-below-stick-meta":"","astra-migrate-meta-layouts":"default","ast-page-background-enabled":"default","ast-page-background-meta":{"desktop":{"background-color":"var(--ast-global-color-5)","background-image":"","background-repeat":"repeat","background-position":"center center","background-size":"auto","background-attachment":"scroll","background-type":"","background-media":"","overlay-type":"","overlay-color":"","overlay-opacity":"","overlay-gradient":""},"tablet":{"background-color":"","background-image":"","background-repeat":"repeat","background-position":"center center","background-size":"auto","background-attachment":"scroll","background-type":"","background-media":"","overlay-type":"","overlay-color":"","overlay-opacity":"","overlay-gradient":""},"mobile":{"background-color":"","background-image":"","background-repeat":"repeat","background-position":"center center","background-size":"auto","background-attachment":"scroll","background-type":"","background-media":"","overlay-type":"","overlay-color":"","overlay-opacity":"","overlay-gradient":""}},"ast-content-background-meta":{"desktop":{"background-color":"var(--ast-global-color-4)","background-image":"","background-repeat":"repeat","background-position":"center center","background-size":"auto","background-attachment":"scroll","background-type":"","background-media":"","overlay-type":"","overlay-color":"","overlay-opacity":"","overlay-gradient":""},"tablet":{"background-color":"var(--ast-global-color-4)","background-image":"","background-repeat":"repeat","background-position":"center center","background-size":"auto","background-attachment":"scroll","background-type":"","background-media":"","overlay-type":"","overlay-color":"","overlay-opacity":"","overlay-gradient":""},"mobile":{"background-color":"var(--ast-global-color-4)","background-image":"","background-repeat":"repeat","background-position":"center center","background-size":"auto","background-attachment":"scroll","background-type":"","background-media":"","overlay-type":"","overlay-color":"","overlay-opacity":"","overlay-gradient":""}},"footnotes":""},"categories":[11,18,1,13,10],"tags":[],"class_list":["post-77123","post","type-post","status-publish","format-standard","has-post-thumbnail","hentry","category-boletin","category-neuquen","category-noticias","category-provinciales","category-rotador"],"yoast_head":"<!-- This site is optimized with the Yoast SEO Premium plugin v23.0 (Yoast SEO v27.4) - https:\/\/yoast.com\/product\/yoast-seo-premium-wordpress\/ -->\n<title>Neuqu\u00e9n se garantiz\u00f3 la venta de la energ\u00eda que generar\u00e1 el primer parque e\u00f3lico provincial<\/title>\n<meta name=\"robots\" content=\"index, follow, max-snippet:-1, max-image-preview:large, max-video-preview:-1\" \/>\n<link rel=\"canonical\" href=\"https:\/\/patagoniambiental.com.ar\/info\/neuquen-se-garantizo-la-venta-de-la-energia-que-generara-el-primer-parque-eolico-provincial\/\" \/>\n<meta property=\"og:locale\" content=\"es_ES\" \/>\n<meta property=\"og:type\" content=\"article\" \/>\n<meta property=\"og:title\" content=\"Neuqu\u00e9n se garantiz\u00f3 la venta de la energ\u00eda que generar\u00e1 el primer parque e\u00f3lico provincial\" \/>\n<meta property=\"og:url\" content=\"https:\/\/patagoniambiental.com.ar\/info\/neuquen-se-garantizo-la-venta-de-la-energia-que-generara-el-primer-parque-eolico-provincial\/\" \/>\n<meta property=\"og:site_name\" content=\"Patagonia Ambiental\" \/>\n<meta property=\"article:publisher\" content=\"https:\/\/www.facebook.com\/patagonia.ambiental\" \/>\n<meta property=\"article:author\" content=\"https:\/\/www.facebook.com\/share\/1C1V8Gv9BX\/?mibextid=qi2Omg\" \/>\n<meta property=\"article:published_time\" content=\"2023-03-23T22:00:00+00:00\" \/>\n<meta property=\"article:modified_time\" content=\"2024-08-19T01:42:39+00:00\" \/>\n<meta property=\"og:image\" content=\"https:\/\/patagoniambiental.com.ar\/info\/wp-content\/uploads\/2023\/03\/23.jpg\" \/>\n\t<meta property=\"og:image:width\" content=\"1280\" \/>\n\t<meta property=\"og:image:height\" content=\"632\" \/>\n\t<meta property=\"og:image:type\" content=\"image\/jpeg\" \/>\n<meta name=\"author\" content=\"Patagonia Ambiental\" \/>\n<meta name=\"twitter:card\" content=\"summary_large_image\" \/>\n<meta name=\"twitter:creator\" content=\"@PatAmb\" \/>\n<meta name=\"twitter:site\" content=\"@PatAmb\" \/>\n<script type=\"application\/ld+json\" class=\"yoast-schema-graph\">{\"@context\":\"https:\\\/\\\/schema.org\",\"@graph\":[{\"@type\":\"Article\",\"@id\":\"https:\\\/\\\/patagoniambiental.com.ar\\\/info\\\/neuquen-se-garantizo-la-venta-de-la-energia-que-generara-el-primer-parque-eolico-provincial\\\/#article\",\"isPartOf\":{\"@id\":\"https:\\\/\\\/patagoniambiental.com.ar\\\/info\\\/neuquen-se-garantizo-la-venta-de-la-energia-que-generara-el-primer-parque-eolico-provincial\\\/\"},\"author\":{\"name\":\"Patagonia Ambiental\",\"@id\":\"https:\\\/\\\/patagoniambiental.com.ar\\\/info\\\/#\\\/schema\\\/person\\\/db12bff64bbcbf6a253710bf0ea37b5d\"},\"headline\":\"Neuqu\u00e9n se garantiz\u00f3 la venta de la energ\u00eda que generar\u00e1 el primer parque e\u00f3lico provincial\",\"datePublished\":\"2023-03-23T22:00:00+00:00\",\"dateModified\":\"2024-08-19T01:42:39+00:00\",\"mainEntityOfPage\":{\"@id\":\"https:\\\/\\\/patagoniambiental.com.ar\\\/info\\\/neuquen-se-garantizo-la-venta-de-la-energia-que-generara-el-primer-parque-eolico-provincial\\\/\"},\"wordCount\":609,\"commentCount\":0,\"publisher\":{\"@id\":\"https:\\\/\\\/patagoniambiental.com.ar\\\/info\\\/#organization\"},\"image\":{\"@id\":\"https:\\\/\\\/patagoniambiental.com.ar\\\/info\\\/neuquen-se-garantizo-la-venta-de-la-energia-que-generara-el-primer-parque-eolico-provincial\\\/#primaryimage\"},\"thumbnailUrl\":\"https:\\\/\\\/patagoniambiental.com.ar\\\/info\\\/wp-content\\\/uploads\\\/2023\\\/03\\\/23.jpg\",\"articleSection\":[\"Bolet\u00edn\",\"Neuqu\u00e9n\",\"Noticias\",\"Provinciales\",\"Rotador\"],\"inLanguage\":\"es\",\"potentialAction\":[{\"@type\":\"CommentAction\",\"name\":\"Comment\",\"target\":[\"https:\\\/\\\/patagoniambiental.com.ar\\\/info\\\/neuquen-se-garantizo-la-venta-de-la-energia-que-generara-el-primer-parque-eolico-provincial\\\/#respond\"]}]},{\"@type\":\"WebPage\",\"@id\":\"https:\\\/\\\/patagoniambiental.com.ar\\\/info\\\/neuquen-se-garantizo-la-venta-de-la-energia-que-generara-el-primer-parque-eolico-provincial\\\/\",\"url\":\"https:\\\/\\\/patagoniambiental.com.ar\\\/info\\\/neuquen-se-garantizo-la-venta-de-la-energia-que-generara-el-primer-parque-eolico-provincial\\\/\",\"name\":\"Neuqu\u00e9n se garantiz\u00f3 la venta de la energ\u00eda que generar\u00e1 el primer parque e\u00f3lico provincial\",\"isPartOf\":{\"@id\":\"https:\\\/\\\/patagoniambiental.com.ar\\\/info\\\/#website\"},\"primaryImageOfPage\":{\"@id\":\"https:\\\/\\\/patagoniambiental.com.ar\\\/info\\\/neuquen-se-garantizo-la-venta-de-la-energia-que-generara-el-primer-parque-eolico-provincial\\\/#primaryimage\"},\"image\":{\"@id\":\"https:\\\/\\\/patagoniambiental.com.ar\\\/info\\\/neuquen-se-garantizo-la-venta-de-la-energia-que-generara-el-primer-parque-eolico-provincial\\\/#primaryimage\"},\"thumbnailUrl\":\"https:\\\/\\\/patagoniambiental.com.ar\\\/info\\\/wp-content\\\/uploads\\\/2023\\\/03\\\/23.jpg\",\"datePublished\":\"2023-03-23T22:00:00+00:00\",\"dateModified\":\"2024-08-19T01:42:39+00:00\",\"breadcrumb\":{\"@id\":\"https:\\\/\\\/patagoniambiental.com.ar\\\/info\\\/neuquen-se-garantizo-la-venta-de-la-energia-que-generara-el-primer-parque-eolico-provincial\\\/#breadcrumb\"},\"inLanguage\":\"es\",\"potentialAction\":[{\"@type\":\"ReadAction\",\"target\":[\"https:\\\/\\\/patagoniambiental.com.ar\\\/info\\\/neuquen-se-garantizo-la-venta-de-la-energia-que-generara-el-primer-parque-eolico-provincial\\\/\"]}]},{\"@type\":\"ImageObject\",\"inLanguage\":\"es\",\"@id\":\"https:\\\/\\\/patagoniambiental.com.ar\\\/info\\\/neuquen-se-garantizo-la-venta-de-la-energia-que-generara-el-primer-parque-eolico-provincial\\\/#primaryimage\",\"url\":\"https:\\\/\\\/patagoniambiental.com.ar\\\/info\\\/wp-content\\\/uploads\\\/2023\\\/03\\\/23.jpg\",\"contentUrl\":\"https:\\\/\\\/patagoniambiental.com.ar\\\/info\\\/wp-content\\\/uploads\\\/2023\\\/03\\\/23.jpg\",\"width\":1200,\"height\":593},{\"@type\":\"BreadcrumbList\",\"@id\":\"https:\\\/\\\/patagoniambiental.com.ar\\\/info\\\/neuquen-se-garantizo-la-venta-de-la-energia-que-generara-el-primer-parque-eolico-provincial\\\/#breadcrumb\",\"itemListElement\":[{\"@type\":\"ListItem\",\"position\":1,\"name\":\"Inicio\",\"item\":\"https:\\\/\\\/patagoniambiental.com.ar\\\/info\\\/\"},{\"@type\":\"ListItem\",\"position\":2,\"name\":\"Neuqu\u00e9n se garantiz\u00f3 la venta de la energ\u00eda que generar\u00e1 el primer parque e\u00f3lico provincial\"}]},{\"@type\":\"WebSite\",\"@id\":\"https:\\\/\\\/patagoniambiental.com.ar\\\/info\\\/#website\",\"url\":\"https:\\\/\\\/patagoniambiental.com.ar\\\/info\\\/\",\"name\":\"Patagonia Ambiental\",\"description\":\"Monitoreo y an\u00e1lisis de la situaci\u00f3n geopol\u00edtica en el mundo y su implicancia en la Patagonia\",\"publisher\":{\"@id\":\"https:\\\/\\\/patagoniambiental.com.ar\\\/info\\\/#organization\"},\"potentialAction\":[{\"@type\":\"SearchAction\",\"target\":{\"@type\":\"EntryPoint\",\"urlTemplate\":\"https:\\\/\\\/patagoniambiental.com.ar\\\/info\\\/?s={search_term_string}\"},\"query-input\":{\"@type\":\"PropertyValueSpecification\",\"valueRequired\":true,\"valueName\":\"search_term_string\"}}],\"inLanguage\":\"es\"},{\"@type\":\"Organization\",\"@id\":\"https:\\\/\\\/patagoniambiental.com.ar\\\/info\\\/#organization\",\"name\":\"Patagonia Ambiental\",\"url\":\"https:\\\/\\\/patagoniambiental.com.ar\\\/info\\\/\",\"logo\":{\"@type\":\"ImageObject\",\"inLanguage\":\"es\",\"@id\":\"https:\\\/\\\/patagoniambiental.com.ar\\\/info\\\/#\\\/schema\\\/logo\\\/image\\\/\",\"url\":\"https:\\\/\\\/patagoniambiental.com.ar\\\/info\\\/wp-content\\\/uploads\\\/2025\\\/05\\\/LOGO-PATAGONIA-AMBIENTAL.png\",\"contentUrl\":\"https:\\\/\\\/patagoniambiental.com.ar\\\/info\\\/wp-content\\\/uploads\\\/2025\\\/05\\\/LOGO-PATAGONIA-AMBIENTAL.png\",\"width\":433,\"height\":250,\"caption\":\"Patagonia Ambiental\"},\"image\":{\"@id\":\"https:\\\/\\\/patagoniambiental.com.ar\\\/info\\\/#\\\/schema\\\/logo\\\/image\\\/\"},\"sameAs\":[\"https:\\\/\\\/www.facebook.com\\\/patagonia.ambiental\",\"https:\\\/\\\/x.com\\\/PatAmb\"]},{\"@type\":\"Person\",\"@id\":\"https:\\\/\\\/patagoniambiental.com.ar\\\/info\\\/#\\\/schema\\\/person\\\/db12bff64bbcbf6a253710bf0ea37b5d\",\"name\":\"Patagonia Ambiental\",\"description\":\"Andr\u00e9s Nievas T\u00e9cnico en manejo ambiental, consultor Ambiental y escritor para medios locales e internacionales sobre temas de geopolitica y medio ambiente.\",\"sameAs\":[\"http:\\\/\\\/www.patagoniambiental.com.ar\",\"https:\\\/\\\/www.facebook.com\\\/share\\\/1C1V8Gv9BX\\\/?mibextid=qi2Omg\",\"@patagoniambiental\",\"https:\\\/\\\/youtube.com\\\/@patagoniaambiental2023?si=BLt58t0wuXquxlYZ\"]}]}<\/script>\n<!-- \/ Yoast SEO Premium plugin. -->","yoast_head_json":{"title":"Neuqu\u00e9n se garantiz\u00f3 la venta de la energ\u00eda que generar\u00e1 el primer parque e\u00f3lico provincial","robots":{"index":"index","follow":"follow","max-snippet":"max-snippet:-1","max-image-preview":"max-image-preview:large","max-video-preview":"max-video-preview:-1"},"canonical":"https:\/\/patagoniambiental.com.ar\/info\/neuquen-se-garantizo-la-venta-de-la-energia-que-generara-el-primer-parque-eolico-provincial\/","og_locale":"es_ES","og_type":"article","og_title":"Neuqu\u00e9n se garantiz\u00f3 la venta de la energ\u00eda que generar\u00e1 el primer parque e\u00f3lico provincial","og_url":"https:\/\/patagoniambiental.com.ar\/info\/neuquen-se-garantizo-la-venta-de-la-energia-que-generara-el-primer-parque-eolico-provincial\/","og_site_name":"Patagonia Ambiental","article_publisher":"https:\/\/www.facebook.com\/patagonia.ambiental","article_author":"https:\/\/www.facebook.com\/share\/1C1V8Gv9BX\/?mibextid=qi2Omg","article_published_time":"2023-03-23T22:00:00+00:00","article_modified_time":"2024-08-19T01:42:39+00:00","og_image":[{"width":1280,"height":632,"url":"https:\/\/patagoniambiental.com.ar\/info\/wp-content\/uploads\/2023\/03\/23.jpg","type":"image\/jpeg"}],"author":"Patagonia Ambiental","twitter_card":"summary_large_image","twitter_creator":"@PatAmb","twitter_site":"@PatAmb","schema":{"@context":"https:\/\/schema.org","@graph":[{"@type":"Article","@id":"https:\/\/patagoniambiental.com.ar\/info\/neuquen-se-garantizo-la-venta-de-la-energia-que-generara-el-primer-parque-eolico-provincial\/#article","isPartOf":{"@id":"https:\/\/patagoniambiental.com.ar\/info\/neuquen-se-garantizo-la-venta-de-la-energia-que-generara-el-primer-parque-eolico-provincial\/"},"author":{"name":"Patagonia Ambiental","@id":"https:\/\/patagoniambiental.com.ar\/info\/#\/schema\/person\/db12bff64bbcbf6a253710bf0ea37b5d"},"headline":"Neuqu\u00e9n se garantiz\u00f3 la venta de la energ\u00eda que generar\u00e1 el primer parque e\u00f3lico provincial","datePublished":"2023-03-23T22:00:00+00:00","dateModified":"2024-08-19T01:42:39+00:00","mainEntityOfPage":{"@id":"https:\/\/patagoniambiental.com.ar\/info\/neuquen-se-garantizo-la-venta-de-la-energia-que-generara-el-primer-parque-eolico-provincial\/"},"wordCount":609,"commentCount":0,"publisher":{"@id":"https:\/\/patagoniambiental.com.ar\/info\/#organization"},"image":{"@id":"https:\/\/patagoniambiental.com.ar\/info\/neuquen-se-garantizo-la-venta-de-la-energia-que-generara-el-primer-parque-eolico-provincial\/#primaryimage"},"thumbnailUrl":"https:\/\/patagoniambiental.com.ar\/info\/wp-content\/uploads\/2023\/03\/23.jpg","articleSection":["Bolet\u00edn","Neuqu\u00e9n","Noticias","Provinciales","Rotador"],"inLanguage":"es","potentialAction":[{"@type":"CommentAction","name":"Comment","target":["https:\/\/patagoniambiental.com.ar\/info\/neuquen-se-garantizo-la-venta-de-la-energia-que-generara-el-primer-parque-eolico-provincial\/#respond"]}]},{"@type":"WebPage","@id":"https:\/\/patagoniambiental.com.ar\/info\/neuquen-se-garantizo-la-venta-de-la-energia-que-generara-el-primer-parque-eolico-provincial\/","url":"https:\/\/patagoniambiental.com.ar\/info\/neuquen-se-garantizo-la-venta-de-la-energia-que-generara-el-primer-parque-eolico-provincial\/","name":"Neuqu\u00e9n se garantiz\u00f3 la venta de la energ\u00eda que generar\u00e1 el primer parque e\u00f3lico provincial","isPartOf":{"@id":"https:\/\/patagoniambiental.com.ar\/info\/#website"},"primaryImageOfPage":{"@id":"https:\/\/patagoniambiental.com.ar\/info\/neuquen-se-garantizo-la-venta-de-la-energia-que-generara-el-primer-parque-eolico-provincial\/#primaryimage"},"image":{"@id":"https:\/\/patagoniambiental.com.ar\/info\/neuquen-se-garantizo-la-venta-de-la-energia-que-generara-el-primer-parque-eolico-provincial\/#primaryimage"},"thumbnailUrl":"https:\/\/patagoniambiental.com.ar\/info\/wp-content\/uploads\/2023\/03\/23.jpg","datePublished":"2023-03-23T22:00:00+00:00","dateModified":"2024-08-19T01:42:39+00:00","breadcrumb":{"@id":"https:\/\/patagoniambiental.com.ar\/info\/neuquen-se-garantizo-la-venta-de-la-energia-que-generara-el-primer-parque-eolico-provincial\/#breadcrumb"},"inLanguage":"es","potentialAction":[{"@type":"ReadAction","target":["https:\/\/patagoniambiental.com.ar\/info\/neuquen-se-garantizo-la-venta-de-la-energia-que-generara-el-primer-parque-eolico-provincial\/"]}]},{"@type":"ImageObject","inLanguage":"es","@id":"https:\/\/patagoniambiental.com.ar\/info\/neuquen-se-garantizo-la-venta-de-la-energia-que-generara-el-primer-parque-eolico-provincial\/#primaryimage","url":"https:\/\/patagoniambiental.com.ar\/info\/wp-content\/uploads\/2023\/03\/23.jpg","contentUrl":"https:\/\/patagoniambiental.com.ar\/info\/wp-content\/uploads\/2023\/03\/23.jpg","width":1200,"height":593},{"@type":"BreadcrumbList","@id":"https:\/\/patagoniambiental.com.ar\/info\/neuquen-se-garantizo-la-venta-de-la-energia-que-generara-el-primer-parque-eolico-provincial\/#breadcrumb","itemListElement":[{"@type":"ListItem","position":1,"name":"Inicio","item":"https:\/\/patagoniambiental.com.ar\/info\/"},{"@type":"ListItem","position":2,"name":"Neuqu\u00e9n se garantiz\u00f3 la venta de la energ\u00eda que generar\u00e1 el primer parque e\u00f3lico provincial"}]},{"@type":"WebSite","@id":"https:\/\/patagoniambiental.com.ar\/info\/#website","url":"https:\/\/patagoniambiental.com.ar\/info\/","name":"Patagonia Ambiental","description":"Monitoreo y an\u00e1lisis de la situaci\u00f3n geopol\u00edtica en el mundo y su implicancia en la Patagonia","publisher":{"@id":"https:\/\/patagoniambiental.com.ar\/info\/#organization"},"potentialAction":[{"@type":"SearchAction","target":{"@type":"EntryPoint","urlTemplate":"https:\/\/patagoniambiental.com.ar\/info\/?s={search_term_string}"},"query-input":{"@type":"PropertyValueSpecification","valueRequired":true,"valueName":"search_term_string"}}],"inLanguage":"es"},{"@type":"Organization","@id":"https:\/\/patagoniambiental.com.ar\/info\/#organization","name":"Patagonia Ambiental","url":"https:\/\/patagoniambiental.com.ar\/info\/","logo":{"@type":"ImageObject","inLanguage":"es","@id":"https:\/\/patagoniambiental.com.ar\/info\/#\/schema\/logo\/image\/","url":"https:\/\/patagoniambiental.com.ar\/info\/wp-content\/uploads\/2025\/05\/LOGO-PATAGONIA-AMBIENTAL.png","contentUrl":"https:\/\/patagoniambiental.com.ar\/info\/wp-content\/uploads\/2025\/05\/LOGO-PATAGONIA-AMBIENTAL.png","width":433,"height":250,"caption":"Patagonia Ambiental"},"image":{"@id":"https:\/\/patagoniambiental.com.ar\/info\/#\/schema\/logo\/image\/"},"sameAs":["https:\/\/www.facebook.com\/patagonia.ambiental","https:\/\/x.com\/PatAmb"]},{"@type":"Person","@id":"https:\/\/patagoniambiental.com.ar\/info\/#\/schema\/person\/db12bff64bbcbf6a253710bf0ea37b5d","name":"Patagonia Ambiental","description":"Andr\u00e9s Nievas T\u00e9cnico en manejo ambiental, consultor Ambiental y escritor para medios locales e internacionales sobre temas de geopolitica y medio ambiente.","sameAs":["http:\/\/www.patagoniambiental.com.ar","https:\/\/www.facebook.com\/share\/1C1V8Gv9BX\/?mibextid=qi2Omg","@patagoniambiental","https:\/\/youtube.com\/@patagoniaambiental2023?si=BLt58t0wuXquxlYZ"]}]}},"_links":{"self":[{"href":"https:\/\/patagoniambiental.com.ar\/info\/wp-json\/wp\/v2\/posts\/77123","targetHints":{"allow":["GET"]}}],"collection":[{"href":"https:\/\/patagoniambiental.com.ar\/info\/wp-json\/wp\/v2\/posts"}],"about":[{"href":"https:\/\/patagoniambiental.com.ar\/info\/wp-json\/wp\/v2\/types\/post"}],"author":[{"embeddable":true,"href":"https:\/\/patagoniambiental.com.ar\/info\/wp-json\/wp\/v2\/users\/2"}],"replies":[{"embeddable":true,"href":"https:\/\/patagoniambiental.com.ar\/info\/wp-json\/wp\/v2\/comments?post=77123"}],"version-history":[{"count":0,"href":"https:\/\/patagoniambiental.com.ar\/info\/wp-json\/wp\/v2\/posts\/77123\/revisions"}],"wp:featuredmedia":[{"embeddable":true,"href":"https:\/\/patagoniambiental.com.ar\/info\/wp-json\/wp\/v2\/media\/77124"}],"wp:attachment":[{"href":"https:\/\/patagoniambiental.com.ar\/info\/wp-json\/wp\/v2\/media?parent=77123"}],"wp:term":[{"taxonomy":"category","embeddable":true,"href":"https:\/\/patagoniambiental.com.ar\/info\/wp-json\/wp\/v2\/categories?post=77123"},{"taxonomy":"post_tag","embeddable":true,"href":"https:\/\/patagoniambiental.com.ar\/info\/wp-json\/wp\/v2\/tags?post=77123"}],"curies":[{"name":"wp","href":"https:\/\/api.w.org\/{rel}","templated":true}]}}