{"id":77129,"date":"2023-03-23T15:55:53","date_gmt":"2023-03-23T18:55:53","guid":{"rendered":"http:\/\/patagoniambiental.com.ar\/info\/?p=77129"},"modified":"2024-08-18T22:42:47","modified_gmt":"2024-08-19T01:42:47","slug":"el-intendente-pesatti-proyecta-la-primera-reserva-natural-de-viedma","status":"publish","type":"post","link":"https:\/\/patagoniambiental.com.ar\/info\/el-intendente-pesatti-proyecta-la-primera-reserva-natural-de-viedma\/","title":{"rendered":"El intendente Pesatti proyecta la primera Reserva Natural de Viedma"},"content":{"rendered":"\n<!--more-->\n\n\n\n<p>Viedma.-El Intendente Pesatti elev\u00f3 al Concejo Deliberante, el Proyecto de Ordenanza para crear la Reserva Natural Municipal \u00abAcantilado de los Loros\u00bb para proteger y preservar la zona de nidificaci\u00f3n de la colonia de loros barranqueros mas grande del mundo.<\/p>\n\n\n\n<p>\u00abLuego de un largo proceso, principalmente politico, academico y cientifico, hemos llegado a este proyecto que busca proteger no solo a la colonia de loros, sino promover la conservacion de la biodiversidad regional dando un claro y contundenten mensaje: el Gobierno de Viedma asume las riendas de las politicas publicas ambientales: La gestion de los residuos, el cuidado del rio, la preservacion del ambiente y la proteccion de la flora y la fauna rionegrina\u00bb, expres\u00f3 el intendente.<\/p>\n\n\n\n<p>Desde el Gobierno de Viedma se iniciaron acciones frente al cambio climatico tendientes a mitigar los efectos sobre el monte nativo y la colonia de loros.<\/p>\n\n\n\n<p>\u00abHace dos a\u00f1os atr\u00e1s iniciamos el proyecto Senderos del Monte, con la apertura del Centro de Valoracion del Monte rionegrino en el Balneario El Condor. En el mismo se recolectaron, germinaron y plantaron mas 1100 ejemplares de plantas nativas en la zona de acantilados, y se encuentra el pleno desarrollo un proyecto para instalar una Estacion Biologica para el estudio y monitoreo de la avifauna local, con servicios incluidos para los turistas\u00bb, indic\u00f3 Gast\u00f3n Guti\u00e9rrez, secretario de Servicios, Espacio P\u00fablico y Ambiente de la comuna viedmense.<\/p>\n\n\n\n<p>La comuna viedmense tom\u00f3 contacto y recibi\u00f3 el asesoramiento del doctor en biolog\u00eda Juan Masello, investigador del Instituto Max Planck de Alemania y m\u00e1ximo referente en el estudio de los loros barranqueros. En noviembre de 2021 se reuni\u00f3 con el intendente Pedro Pesatti y le manifest\u00f3 la necesidad de crear un \u00e1rea de protecci\u00f3n de la especie.<\/p>\n\n\n\n<p>Cabe mencionar que Viedma cuenta con el antecedente de una iniciativa en la Legislatura de R\u00edo Negro en el a\u00f1o 2009 que buscaba crear el Area Natural Protegida Isla Villarino &#8211; Barranca Sur, para proteger el estuario del r\u00edo Negro en la desembocadura, y el primer tramo de acantalidos de la zona costera. Dicho proyecto de ley fue aprobado en primera vuelta, pero no fue tratado nuevamente por pedido expreso del vicegobernador Mendioroz y la Municipalidad de Viedma, porque vecinos reclamaban que no iban a poder seguir utilizando vehiculos y cuatriciclos en las playas.<\/p>\n\n\n\n<p>Catorce a\u00f1os despu\u00e9s se retoma esta iniciativa por parte del Gobierno de Viedma, para trabajar espec\u00edficamente sobre la zona de acantilados, sin acciones meramente restrictivas, sino con objetivos de regulacion de actividad en el marco del Turismo Sostenible, la proteccion de la avifauna y la flora nativa, asi como la promoci\u00f3n de la actividad cient\u00edfica y acad\u00e9mica.<\/p>\n\n\n\n<p>Fuente: Municipalidad de Viedma <\/p>\n","protected":false},"excerpt":{"rendered":"","protected":false},"author":2,"featured_media":77130,"comment_status":"open","ping_status":"open","sticky":false,"template":"","format":"standard","meta":{"site-sidebar-layout":"default","site-content-layout":"","ast-site-content-layout":"default","site-content-style":"default","site-sidebar-style":"default","ast-global-header-display":"","ast-banner-title-visibility":"","ast-main-header-display":"","ast-hfb-above-header-display":"","ast-hfb-below-header-display":"","ast-hfb-mobile-header-display":"","site-post-title":"","ast-breadcrumbs-content":"","ast-featured-img":"","footer-sml-layout":"","ast-disable-related-posts":"","theme-transparent-header-meta":"","adv-header-id-meta":"","stick-header-meta":"","header-above-stick-meta":"","header-main-stick-meta":"","header-below-stick-meta":"","astra-migrate-meta-layouts":"default","ast-page-background-enabled":"default","ast-page-background-meta":{"desktop":{"background-color":"var(--ast-global-color-5)","background-image":"","background-repeat":"repeat","background-position":"center center","background-size":"auto","background-attachment":"scroll","background-type":"","background-media":"","overlay-type":"","overlay-color":"","overlay-opacity":"","overlay-gradient":""},"tablet":{"background-color":"","background-image":"","background-repeat":"repeat","background-position":"center center","background-size":"auto","background-attachment":"scroll","background-type":"","background-media":"","overlay-type":"","overlay-color":"","overlay-opacity":"","overlay-gradient":""},"mobile":{"background-color":"","background-image":"","background-repeat":"repeat","background-position":"center center","background-size":"auto","background-attachment":"scroll","background-type":"","background-media":"","overlay-type":"","overlay-color":"","overlay-opacity":"","overlay-gradient":""}},"ast-content-background-meta":{"desktop":{"background-color":"var(--ast-global-color-4)","background-image":"","background-repeat":"repeat","background-position":"center center","background-size":"auto","background-attachment":"scroll","background-type":"","background-media":"","overlay-type":"","overlay-color":"","overlay-opacity":"","overlay-gradient":""},"tablet":{"background-color":"var(--ast-global-color-4)","background-image":"","background-repeat":"repeat","background-position":"center center","background-size":"auto","background-attachment":"scroll","background-type":"","background-media":"","overlay-type":"","overlay-color":"","overlay-opacity":"","overlay-gradient":""},"mobile":{"background-color":"var(--ast-global-color-4)","background-image":"","background-repeat":"repeat","background-position":"center center","background-size":"auto","background-attachment":"scroll","background-type":"","background-media":"","overlay-type":"","overlay-color":"","overlay-opacity":"","overlay-gradient":""}},"footnotes":""},"categories":[11,16,1,10],"tags":[],"class_list":["post-77129","post","type-post","status-publish","format-standard","has-post-thumbnail","hentry","category-boletin","category-municipales","category-noticias","category-rotador"],"yoast_head":"<!-- This site is optimized with the Yoast SEO Premium plugin v23.0 (Yoast SEO v27.4) - https:\/\/yoast.com\/product\/yoast-seo-premium-wordpress\/ -->\n<title>El intendente Pesatti proyecta la primera Reserva Natural de Viedma<\/title>\n<meta name=\"robots\" content=\"index, follow, max-snippet:-1, max-image-preview:large, max-video-preview:-1\" \/>\n<link rel=\"canonical\" href=\"https:\/\/patagoniambiental.com.ar\/info\/el-intendente-pesatti-proyecta-la-primera-reserva-natural-de-viedma\/\" \/>\n<meta property=\"og:locale\" content=\"es_ES\" \/>\n<meta property=\"og:type\" content=\"article\" \/>\n<meta property=\"og:title\" content=\"El intendente Pesatti proyecta la primera Reserva Natural de Viedma\" \/>\n<meta property=\"og:url\" content=\"https:\/\/patagoniambiental.com.ar\/info\/el-intendente-pesatti-proyecta-la-primera-reserva-natural-de-viedma\/\" \/>\n<meta property=\"og:site_name\" content=\"Patagonia Ambiental\" \/>\n<meta property=\"article:publisher\" content=\"https:\/\/www.facebook.com\/patagonia.ambiental\" \/>\n<meta property=\"article:author\" content=\"https:\/\/www.facebook.com\/share\/1C1V8Gv9BX\/?mibextid=qi2Omg\" \/>\n<meta property=\"article:published_time\" content=\"2023-03-23T18:55:53+00:00\" \/>\n<meta property=\"article:modified_time\" content=\"2024-08-19T01:42:47+00:00\" \/>\n<meta property=\"og:image\" content=\"https:\/\/patagoniambiental.com.ar\/info\/wp-content\/uploads\/2023\/03\/608a3d51-e93c-4586-a2cc-1b564abb6466.jpg\" \/>\n\t<meta property=\"og:image:width\" content=\"1280\" \/>\n\t<meta property=\"og:image:height\" content=\"721\" \/>\n\t<meta property=\"og:image:type\" content=\"image\/jpeg\" \/>\n<meta name=\"author\" content=\"Patagonia Ambiental\" \/>\n<meta name=\"twitter:card\" content=\"summary_large_image\" \/>\n<meta name=\"twitter:creator\" content=\"@PatAmb\" \/>\n<meta name=\"twitter:site\" content=\"@PatAmb\" \/>\n<script type=\"application\/ld+json\" class=\"yoast-schema-graph\">{\"@context\":\"https:\\\/\\\/schema.org\",\"@graph\":[{\"@type\":\"Article\",\"@id\":\"https:\\\/\\\/patagoniambiental.com.ar\\\/info\\\/el-intendente-pesatti-proyecta-la-primera-reserva-natural-de-viedma\\\/#article\",\"isPartOf\":{\"@id\":\"https:\\\/\\\/patagoniambiental.com.ar\\\/info\\\/el-intendente-pesatti-proyecta-la-primera-reserva-natural-de-viedma\\\/\"},\"author\":{\"name\":\"Patagonia Ambiental\",\"@id\":\"https:\\\/\\\/patagoniambiental.com.ar\\\/info\\\/#\\\/schema\\\/person\\\/db12bff64bbcbf6a253710bf0ea37b5d\"},\"headline\":\"El intendente Pesatti proyecta la primera Reserva Natural de Viedma\",\"datePublished\":\"2023-03-23T18:55:53+00:00\",\"dateModified\":\"2024-08-19T01:42:47+00:00\",\"mainEntityOfPage\":{\"@id\":\"https:\\\/\\\/patagoniambiental.com.ar\\\/info\\\/el-intendente-pesatti-proyecta-la-primera-reserva-natural-de-viedma\\\/\"},\"wordCount\":466,\"commentCount\":0,\"publisher\":{\"@id\":\"https:\\\/\\\/patagoniambiental.com.ar\\\/info\\\/#organization\"},\"image\":{\"@id\":\"https:\\\/\\\/patagoniambiental.com.ar\\\/info\\\/el-intendente-pesatti-proyecta-la-primera-reserva-natural-de-viedma\\\/#primaryimage\"},\"thumbnailUrl\":\"https:\\\/\\\/patagoniambiental.com.ar\\\/info\\\/wp-content\\\/uploads\\\/2023\\\/03\\\/608a3d51-e93c-4586-a2cc-1b564abb6466.jpg\",\"articleSection\":[\"Bolet\u00edn\",\"Municipales\",\"Noticias\",\"Rotador\"],\"inLanguage\":\"es\",\"potentialAction\":[{\"@type\":\"CommentAction\",\"name\":\"Comment\",\"target\":[\"https:\\\/\\\/patagoniambiental.com.ar\\\/info\\\/el-intendente-pesatti-proyecta-la-primera-reserva-natural-de-viedma\\\/#respond\"]}]},{\"@type\":\"WebPage\",\"@id\":\"https:\\\/\\\/patagoniambiental.com.ar\\\/info\\\/el-intendente-pesatti-proyecta-la-primera-reserva-natural-de-viedma\\\/\",\"url\":\"https:\\\/\\\/patagoniambiental.com.ar\\\/info\\\/el-intendente-pesatti-proyecta-la-primera-reserva-natural-de-viedma\\\/\",\"name\":\"El intendente Pesatti proyecta la primera Reserva Natural de Viedma\",\"isPartOf\":{\"@id\":\"https:\\\/\\\/patagoniambiental.com.ar\\\/info\\\/#website\"},\"primaryImageOfPage\":{\"@id\":\"https:\\\/\\\/patagoniambiental.com.ar\\\/info\\\/el-intendente-pesatti-proyecta-la-primera-reserva-natural-de-viedma\\\/#primaryimage\"},\"image\":{\"@id\":\"https:\\\/\\\/patagoniambiental.com.ar\\\/info\\\/el-intendente-pesatti-proyecta-la-primera-reserva-natural-de-viedma\\\/#primaryimage\"},\"thumbnailUrl\":\"https:\\\/\\\/patagoniambiental.com.ar\\\/info\\\/wp-content\\\/uploads\\\/2023\\\/03\\\/608a3d51-e93c-4586-a2cc-1b564abb6466.jpg\",\"datePublished\":\"2023-03-23T18:55:53+00:00\",\"dateModified\":\"2024-08-19T01:42:47+00:00\",\"breadcrumb\":{\"@id\":\"https:\\\/\\\/patagoniambiental.com.ar\\\/info\\\/el-intendente-pesatti-proyecta-la-primera-reserva-natural-de-viedma\\\/#breadcrumb\"},\"inLanguage\":\"es\",\"potentialAction\":[{\"@type\":\"ReadAction\",\"target\":[\"https:\\\/\\\/patagoniambiental.com.ar\\\/info\\\/el-intendente-pesatti-proyecta-la-primera-reserva-natural-de-viedma\\\/\"]}]},{\"@type\":\"ImageObject\",\"inLanguage\":\"es\",\"@id\":\"https:\\\/\\\/patagoniambiental.com.ar\\\/info\\\/el-intendente-pesatti-proyecta-la-primera-reserva-natural-de-viedma\\\/#primaryimage\",\"url\":\"https:\\\/\\\/patagoniambiental.com.ar\\\/info\\\/wp-content\\\/uploads\\\/2023\\\/03\\\/608a3d51-e93c-4586-a2cc-1b564abb6466.jpg\",\"contentUrl\":\"https:\\\/\\\/patagoniambiental.com.ar\\\/info\\\/wp-content\\\/uploads\\\/2023\\\/03\\\/608a3d51-e93c-4586-a2cc-1b564abb6466.jpg\",\"width\":1065,\"height\":600,\"caption\":\"En noviembre de 2021 el intendente Pesatti escuch\u00f3 la propuesta del bi\u00f3logo e investigador Juan Masello.\"},{\"@type\":\"BreadcrumbList\",\"@id\":\"https:\\\/\\\/patagoniambiental.com.ar\\\/info\\\/el-intendente-pesatti-proyecta-la-primera-reserva-natural-de-viedma\\\/#breadcrumb\",\"itemListElement\":[{\"@type\":\"ListItem\",\"position\":1,\"name\":\"Inicio\",\"item\":\"https:\\\/\\\/patagoniambiental.com.ar\\\/info\\\/\"},{\"@type\":\"ListItem\",\"position\":2,\"name\":\"El intendente Pesatti proyecta la primera Reserva Natural de Viedma\"}]},{\"@type\":\"WebSite\",\"@id\":\"https:\\\/\\\/patagoniambiental.com.ar\\\/info\\\/#website\",\"url\":\"https:\\\/\\\/patagoniambiental.com.ar\\\/info\\\/\",\"name\":\"Patagonia Ambiental\",\"description\":\"Monitoreo y an\u00e1lisis de la situaci\u00f3n geopol\u00edtica en el mundo y su implicancia en la Patagonia\",\"publisher\":{\"@id\":\"https:\\\/\\\/patagoniambiental.com.ar\\\/info\\\/#organization\"},\"potentialAction\":[{\"@type\":\"SearchAction\",\"target\":{\"@type\":\"EntryPoint\",\"urlTemplate\":\"https:\\\/\\\/patagoniambiental.com.ar\\\/info\\\/?s={search_term_string}\"},\"query-input\":{\"@type\":\"PropertyValueSpecification\",\"valueRequired\":true,\"valueName\":\"search_term_string\"}}],\"inLanguage\":\"es\"},{\"@type\":\"Organization\",\"@id\":\"https:\\\/\\\/patagoniambiental.com.ar\\\/info\\\/#organization\",\"name\":\"Patagonia Ambiental\",\"url\":\"https:\\\/\\\/patagoniambiental.com.ar\\\/info\\\/\",\"logo\":{\"@type\":\"ImageObject\",\"inLanguage\":\"es\",\"@id\":\"https:\\\/\\\/patagoniambiental.com.ar\\\/info\\\/#\\\/schema\\\/logo\\\/image\\\/\",\"url\":\"https:\\\/\\\/patagoniambiental.com.ar\\\/info\\\/wp-content\\\/uploads\\\/2025\\\/05\\\/LOGO-PATAGONIA-AMBIENTAL.png\",\"contentUrl\":\"https:\\\/\\\/patagoniambiental.com.ar\\\/info\\\/wp-content\\\/uploads\\\/2025\\\/05\\\/LOGO-PATAGONIA-AMBIENTAL.png\",\"width\":433,\"height\":250,\"caption\":\"Patagonia Ambiental\"},\"image\":{\"@id\":\"https:\\\/\\\/patagoniambiental.com.ar\\\/info\\\/#\\\/schema\\\/logo\\\/image\\\/\"},\"sameAs\":[\"https:\\\/\\\/www.facebook.com\\\/patagonia.ambiental\",\"https:\\\/\\\/x.com\\\/PatAmb\"]},{\"@type\":\"Person\",\"@id\":\"https:\\\/\\\/patagoniambiental.com.ar\\\/info\\\/#\\\/schema\\\/person\\\/db12bff64bbcbf6a253710bf0ea37b5d\",\"name\":\"Patagonia Ambiental\",\"description\":\"Andr\u00e9s Nievas T\u00e9cnico en manejo ambiental, consultor Ambiental y escritor para medios locales e internacionales sobre temas de geopolitica y medio ambiente.\",\"sameAs\":[\"http:\\\/\\\/www.patagoniambiental.com.ar\",\"https:\\\/\\\/www.facebook.com\\\/share\\\/1C1V8Gv9BX\\\/?mibextid=qi2Omg\",\"@patagoniambiental\",\"https:\\\/\\\/youtube.com\\\/@patagoniaambiental2023?si=BLt58t0wuXquxlYZ\"]}]}<\/script>\n<!-- \/ Yoast SEO Premium plugin. -->","yoast_head_json":{"title":"El intendente Pesatti proyecta la primera Reserva Natural de Viedma","robots":{"index":"index","follow":"follow","max-snippet":"max-snippet:-1","max-image-preview":"max-image-preview:large","max-video-preview":"max-video-preview:-1"},"canonical":"https:\/\/patagoniambiental.com.ar\/info\/el-intendente-pesatti-proyecta-la-primera-reserva-natural-de-viedma\/","og_locale":"es_ES","og_type":"article","og_title":"El intendente Pesatti proyecta la primera Reserva Natural de Viedma","og_url":"https:\/\/patagoniambiental.com.ar\/info\/el-intendente-pesatti-proyecta-la-primera-reserva-natural-de-viedma\/","og_site_name":"Patagonia Ambiental","article_publisher":"https:\/\/www.facebook.com\/patagonia.ambiental","article_author":"https:\/\/www.facebook.com\/share\/1C1V8Gv9BX\/?mibextid=qi2Omg","article_published_time":"2023-03-23T18:55:53+00:00","article_modified_time":"2024-08-19T01:42:47+00:00","og_image":[{"width":1280,"height":721,"url":"https:\/\/patagoniambiental.com.ar\/info\/wp-content\/uploads\/2023\/03\/608a3d51-e93c-4586-a2cc-1b564abb6466.jpg","type":"image\/jpeg"}],"author":"Patagonia Ambiental","twitter_card":"summary_large_image","twitter_creator":"@PatAmb","twitter_site":"@PatAmb","schema":{"@context":"https:\/\/schema.org","@graph":[{"@type":"Article","@id":"https:\/\/patagoniambiental.com.ar\/info\/el-intendente-pesatti-proyecta-la-primera-reserva-natural-de-viedma\/#article","isPartOf":{"@id":"https:\/\/patagoniambiental.com.ar\/info\/el-intendente-pesatti-proyecta-la-primera-reserva-natural-de-viedma\/"},"author":{"name":"Patagonia Ambiental","@id":"https:\/\/patagoniambiental.com.ar\/info\/#\/schema\/person\/db12bff64bbcbf6a253710bf0ea37b5d"},"headline":"El intendente Pesatti proyecta la primera Reserva Natural de Viedma","datePublished":"2023-03-23T18:55:53+00:00","dateModified":"2024-08-19T01:42:47+00:00","mainEntityOfPage":{"@id":"https:\/\/patagoniambiental.com.ar\/info\/el-intendente-pesatti-proyecta-la-primera-reserva-natural-de-viedma\/"},"wordCount":466,"commentCount":0,"publisher":{"@id":"https:\/\/patagoniambiental.com.ar\/info\/#organization"},"image":{"@id":"https:\/\/patagoniambiental.com.ar\/info\/el-intendente-pesatti-proyecta-la-primera-reserva-natural-de-viedma\/#primaryimage"},"thumbnailUrl":"https:\/\/patagoniambiental.com.ar\/info\/wp-content\/uploads\/2023\/03\/608a3d51-e93c-4586-a2cc-1b564abb6466.jpg","articleSection":["Bolet\u00edn","Municipales","Noticias","Rotador"],"inLanguage":"es","potentialAction":[{"@type":"CommentAction","name":"Comment","target":["https:\/\/patagoniambiental.com.ar\/info\/el-intendente-pesatti-proyecta-la-primera-reserva-natural-de-viedma\/#respond"]}]},{"@type":"WebPage","@id":"https:\/\/patagoniambiental.com.ar\/info\/el-intendente-pesatti-proyecta-la-primera-reserva-natural-de-viedma\/","url":"https:\/\/patagoniambiental.com.ar\/info\/el-intendente-pesatti-proyecta-la-primera-reserva-natural-de-viedma\/","name":"El intendente Pesatti proyecta la primera Reserva Natural de Viedma","isPartOf":{"@id":"https:\/\/patagoniambiental.com.ar\/info\/#website"},"primaryImageOfPage":{"@id":"https:\/\/patagoniambiental.com.ar\/info\/el-intendente-pesatti-proyecta-la-primera-reserva-natural-de-viedma\/#primaryimage"},"image":{"@id":"https:\/\/patagoniambiental.com.ar\/info\/el-intendente-pesatti-proyecta-la-primera-reserva-natural-de-viedma\/#primaryimage"},"thumbnailUrl":"https:\/\/patagoniambiental.com.ar\/info\/wp-content\/uploads\/2023\/03\/608a3d51-e93c-4586-a2cc-1b564abb6466.jpg","datePublished":"2023-03-23T18:55:53+00:00","dateModified":"2024-08-19T01:42:47+00:00","breadcrumb":{"@id":"https:\/\/patagoniambiental.com.ar\/info\/el-intendente-pesatti-proyecta-la-primera-reserva-natural-de-viedma\/#breadcrumb"},"inLanguage":"es","potentialAction":[{"@type":"ReadAction","target":["https:\/\/patagoniambiental.com.ar\/info\/el-intendente-pesatti-proyecta-la-primera-reserva-natural-de-viedma\/"]}]},{"@type":"ImageObject","inLanguage":"es","@id":"https:\/\/patagoniambiental.com.ar\/info\/el-intendente-pesatti-proyecta-la-primera-reserva-natural-de-viedma\/#primaryimage","url":"https:\/\/patagoniambiental.com.ar\/info\/wp-content\/uploads\/2023\/03\/608a3d51-e93c-4586-a2cc-1b564abb6466.jpg","contentUrl":"https:\/\/patagoniambiental.com.ar\/info\/wp-content\/uploads\/2023\/03\/608a3d51-e93c-4586-a2cc-1b564abb6466.jpg","width":1065,"height":600,"caption":"En noviembre de 2021 el intendente Pesatti escuch\u00f3 la propuesta del bi\u00f3logo e investigador Juan Masello."},{"@type":"BreadcrumbList","@id":"https:\/\/patagoniambiental.com.ar\/info\/el-intendente-pesatti-proyecta-la-primera-reserva-natural-de-viedma\/#breadcrumb","itemListElement":[{"@type":"ListItem","position":1,"name":"Inicio","item":"https:\/\/patagoniambiental.com.ar\/info\/"},{"@type":"ListItem","position":2,"name":"El intendente Pesatti proyecta la primera Reserva Natural de Viedma"}]},{"@type":"WebSite","@id":"https:\/\/patagoniambiental.com.ar\/info\/#website","url":"https:\/\/patagoniambiental.com.ar\/info\/","name":"Patagonia Ambiental","description":"Monitoreo y an\u00e1lisis de la situaci\u00f3n geopol\u00edtica en el mundo y su implicancia en la Patagonia","publisher":{"@id":"https:\/\/patagoniambiental.com.ar\/info\/#organization"},"potentialAction":[{"@type":"SearchAction","target":{"@type":"EntryPoint","urlTemplate":"https:\/\/patagoniambiental.com.ar\/info\/?s={search_term_string}"},"query-input":{"@type":"PropertyValueSpecification","valueRequired":true,"valueName":"search_term_string"}}],"inLanguage":"es"},{"@type":"Organization","@id":"https:\/\/patagoniambiental.com.ar\/info\/#organization","name":"Patagonia Ambiental","url":"https:\/\/patagoniambiental.com.ar\/info\/","logo":{"@type":"ImageObject","inLanguage":"es","@id":"https:\/\/patagoniambiental.com.ar\/info\/#\/schema\/logo\/image\/","url":"https:\/\/patagoniambiental.com.ar\/info\/wp-content\/uploads\/2025\/05\/LOGO-PATAGONIA-AMBIENTAL.png","contentUrl":"https:\/\/patagoniambiental.com.ar\/info\/wp-content\/uploads\/2025\/05\/LOGO-PATAGONIA-AMBIENTAL.png","width":433,"height":250,"caption":"Patagonia Ambiental"},"image":{"@id":"https:\/\/patagoniambiental.com.ar\/info\/#\/schema\/logo\/image\/"},"sameAs":["https:\/\/www.facebook.com\/patagonia.ambiental","https:\/\/x.com\/PatAmb"]},{"@type":"Person","@id":"https:\/\/patagoniambiental.com.ar\/info\/#\/schema\/person\/db12bff64bbcbf6a253710bf0ea37b5d","name":"Patagonia Ambiental","description":"Andr\u00e9s Nievas T\u00e9cnico en manejo ambiental, consultor Ambiental y escritor para medios locales e internacionales sobre temas de geopolitica y medio ambiente.","sameAs":["http:\/\/www.patagoniambiental.com.ar","https:\/\/www.facebook.com\/share\/1C1V8Gv9BX\/?mibextid=qi2Omg","@patagoniambiental","https:\/\/youtube.com\/@patagoniaambiental2023?si=BLt58t0wuXquxlYZ"]}]}},"_links":{"self":[{"href":"https:\/\/patagoniambiental.com.ar\/info\/wp-json\/wp\/v2\/posts\/77129","targetHints":{"allow":["GET"]}}],"collection":[{"href":"https:\/\/patagoniambiental.com.ar\/info\/wp-json\/wp\/v2\/posts"}],"about":[{"href":"https:\/\/patagoniambiental.com.ar\/info\/wp-json\/wp\/v2\/types\/post"}],"author":[{"embeddable":true,"href":"https:\/\/patagoniambiental.com.ar\/info\/wp-json\/wp\/v2\/users\/2"}],"replies":[{"embeddable":true,"href":"https:\/\/patagoniambiental.com.ar\/info\/wp-json\/wp\/v2\/comments?post=77129"}],"version-history":[{"count":0,"href":"https:\/\/patagoniambiental.com.ar\/info\/wp-json\/wp\/v2\/posts\/77129\/revisions"}],"wp:featuredmedia":[{"embeddable":true,"href":"https:\/\/patagoniambiental.com.ar\/info\/wp-json\/wp\/v2\/media\/77130"}],"wp:attachment":[{"href":"https:\/\/patagoniambiental.com.ar\/info\/wp-json\/wp\/v2\/media?parent=77129"}],"wp:term":[{"taxonomy":"category","embeddable":true,"href":"https:\/\/patagoniambiental.com.ar\/info\/wp-json\/wp\/v2\/categories?post=77129"},{"taxonomy":"post_tag","embeddable":true,"href":"https:\/\/patagoniambiental.com.ar\/info\/wp-json\/wp\/v2\/tags?post=77129"}],"curies":[{"name":"wp","href":"https:\/\/api.w.org\/{rel}","templated":true}]}}