{"id":77145,"date":"2023-03-25T07:00:00","date_gmt":"2023-03-25T10:00:00","guid":{"rendered":"http:\/\/patagoniambiental.com.ar\/info\/?p=77145"},"modified":"2024-08-18T22:39:38","modified_gmt":"2024-08-19T01:39:38","slug":"coordinadora-arauco-malleco-se-adjudico-nuevo-ataque-incendiario-en-traiguen","status":"publish","type":"post","link":"https:\/\/patagoniambiental.com.ar\/info\/coordinadora-arauco-malleco-se-adjudico-nuevo-ataque-incendiario-en-traiguen\/","title":{"rendered":"Coordinadora Arauco Malleco se adjudic\u00f3 nuevo ataque en Traigu\u00e9n"},"content":{"rendered":"\n<!--more-->\n\n\n\n<p>\u00a0Por Alison Tello Rojas.-El presunto atentado tuvo lugar en un predio de la forestal Mininco, el cual dej\u00f3 una retroexcavadora siniestrada.<\/p>\n\n\n\n<p><\/p>\n\n\n\n<figure class=\"wp-block-image\"><img decoding=\"async\" src=\"https:\/\/img.soy-chile.cl\/Fotos\/2023\/03\/24\/file_20230324172654.jpg\" alt=\"\" title=\"Coordinadora Arauco Malleco se adjudic\u00f3 nuevo ataque incendiario en Traigu\u00e9n\"\/><\/figure>\n\n\n\n<p>Fotograf\u00eda cedida Durante horas de este jueves, se registr\u00f3 un nuevo ataque incendiario en la comuna de Traigu\u00e9n el cual tuvo lugar en un predio propiedad de la forestal Mininco. La Coordinadora Arauco Malleco se adjudic\u00f3 presuntamente el reciente atentado, el cual dej\u00f3 una retroexcavadora siniestrada.Desde la Brigada de Investigaciones Policiales Especiales de Angol, BIPE PDI, se\u00f1alaron que preliminarmente, se inform\u00f3 de un grupo de sujetos que entr\u00f3 de forma sigilosa hasta el recinto, donde iniciaron las llamas. Seg\u00fan lo indicado por el inspector Sebasti\u00e1n Vilches, minutos antes del ataque, se habr\u00edan escuchado disparos.Adem\u00e1s, agregaron que, dentro del lugar, dejaron carteles alusivos a la causa mapuche. El Ministerio P\u00fablico junto a las polic\u00edas se encuentran realizando las diligencias correspondientes, solicitando la presencia del Laboratorio de Criminal\u00edstica de Temuco.<\/p>\n\n\n\n<p>Fuente: www.soychile.cl<\/p>\n","protected":false},"excerpt":{"rendered":"","protected":false},"author":2,"featured_media":77146,"comment_status":"open","ping_status":"open","sticky":false,"template":"","format":"standard","meta":{"site-sidebar-layout":"default","site-content-layout":"","ast-site-content-layout":"default","site-content-style":"default","site-sidebar-style":"default","ast-global-header-display":"","ast-banner-title-visibility":"","ast-main-header-display":"","ast-hfb-above-header-display":"","ast-hfb-below-header-display":"","ast-hfb-mobile-header-display":"","site-post-title":"","ast-breadcrumbs-content":"","ast-featured-img":"","footer-sml-layout":"","ast-disable-related-posts":"","theme-transparent-header-meta":"","adv-header-id-meta":"","stick-header-meta":"","header-above-stick-meta":"","header-main-stick-meta":"","header-below-stick-meta":"","astra-migrate-meta-layouts":"default","ast-page-background-enabled":"default","ast-page-background-meta":{"desktop":{"background-color":"var(--ast-global-color-5)","background-image":"","background-repeat":"repeat","background-position":"center center","background-size":"auto","background-attachment":"scroll","background-type":"","background-media":"","overlay-type":"","overlay-color":"","overlay-opacity":"","overlay-gradient":""},"tablet":{"background-color":"","background-image":"","background-repeat":"repeat","background-position":"center center","background-size":"auto","background-attachment":"scroll","background-type":"","background-media":"","overlay-type":"","overlay-color":"","overlay-opacity":"","overlay-gradient":""},"mobile":{"background-color":"","background-image":"","background-repeat":"repeat","background-position":"center center","background-size":"auto","background-attachment":"scroll","background-type":"","background-media":"","overlay-type":"","overlay-color":"","overlay-opacity":"","overlay-gradient":""}},"ast-content-background-meta":{"desktop":{"background-color":"var(--ast-global-color-4)","background-image":"","background-repeat":"repeat","background-position":"center center","background-size":"auto","background-attachment":"scroll","background-type":"","background-media":"","overlay-type":"","overlay-color":"","overlay-opacity":"","overlay-gradient":""},"tablet":{"background-color":"var(--ast-global-color-4)","background-image":"","background-repeat":"repeat","background-position":"center center","background-size":"auto","background-attachment":"scroll","background-type":"","background-media":"","overlay-type":"","overlay-color":"","overlay-opacity":"","overlay-gradient":""},"mobile":{"background-color":"var(--ast-global-color-4)","background-image":"","background-repeat":"repeat","background-position":"center center","background-size":"auto","background-attachment":"scroll","background-type":"","background-media":"","overlay-type":"","overlay-color":"","overlay-opacity":"","overlay-gradient":""}},"footnotes":""},"categories":[11,23,1,10],"tags":[],"class_list":["post-77145","post","type-post","status-publish","format-standard","has-post-thumbnail","hentry","category-boletin","category-internacionales","category-noticias","category-rotador"],"yoast_head":"<!-- This site is optimized with the Yoast SEO Premium plugin v23.0 (Yoast SEO v27.4) - https:\/\/yoast.com\/product\/yoast-seo-premium-wordpress\/ -->\n<title>Coordinadora Arauco Malleco se adjudic\u00f3 nuevo ataque en Traigu\u00e9n<\/title>\n<meta name=\"robots\" content=\"index, follow, max-snippet:-1, max-image-preview:large, max-video-preview:-1\" \/>\n<link rel=\"canonical\" href=\"https:\/\/patagoniambiental.com.ar\/info\/coordinadora-arauco-malleco-se-adjudico-nuevo-ataque-incendiario-en-traiguen\/\" \/>\n<meta property=\"og:locale\" content=\"es_ES\" \/>\n<meta property=\"og:type\" content=\"article\" \/>\n<meta property=\"og:title\" content=\"Coordinadora Arauco Malleco se adjudic\u00f3 nuevo ataque en Traigu\u00e9n\" \/>\n<meta property=\"og:url\" content=\"https:\/\/patagoniambiental.com.ar\/info\/coordinadora-arauco-malleco-se-adjudico-nuevo-ataque-incendiario-en-traiguen\/\" \/>\n<meta property=\"og:site_name\" content=\"Patagonia Ambiental\" \/>\n<meta property=\"article:publisher\" content=\"https:\/\/www.facebook.com\/patagonia.ambiental\" \/>\n<meta property=\"article:author\" content=\"https:\/\/www.facebook.com\/share\/1C1V8Gv9BX\/?mibextid=qi2Omg\" \/>\n<meta property=\"article:published_time\" content=\"2023-03-25T10:00:00+00:00\" \/>\n<meta property=\"article:modified_time\" content=\"2024-08-19T01:39:38+00:00\" \/>\n<meta property=\"og:image\" content=\"https:\/\/patagoniambiental.com.ar\/info\/wp-content\/uploads\/2023\/03\/file_20230324172654.jpg\" \/>\n\t<meta property=\"og:image:width\" content=\"820\" \/>\n\t<meta property=\"og:image:height\" content=\"460\" \/>\n\t<meta property=\"og:image:type\" content=\"image\/jpeg\" \/>\n<meta name=\"author\" content=\"Patagonia Ambiental\" \/>\n<meta name=\"twitter:card\" content=\"summary_large_image\" \/>\n<meta name=\"twitter:creator\" content=\"@PatAmb\" \/>\n<meta name=\"twitter:site\" content=\"@PatAmb\" \/>\n<script type=\"application\/ld+json\" class=\"yoast-schema-graph\">{\"@context\":\"https:\\\/\\\/schema.org\",\"@graph\":[{\"@type\":\"Article\",\"@id\":\"https:\\\/\\\/patagoniambiental.com.ar\\\/info\\\/coordinadora-arauco-malleco-se-adjudico-nuevo-ataque-incendiario-en-traiguen\\\/#article\",\"isPartOf\":{\"@id\":\"https:\\\/\\\/patagoniambiental.com.ar\\\/info\\\/coordinadora-arauco-malleco-se-adjudico-nuevo-ataque-incendiario-en-traiguen\\\/\"},\"author\":{\"name\":\"Patagonia Ambiental\",\"@id\":\"https:\\\/\\\/patagoniambiental.com.ar\\\/info\\\/#\\\/schema\\\/person\\\/db12bff64bbcbf6a253710bf0ea37b5d\"},\"headline\":\"Coordinadora Arauco Malleco se adjudic\u00f3 nuevo ataque en Traigu\u00e9n\",\"datePublished\":\"2023-03-25T10:00:00+00:00\",\"dateModified\":\"2024-08-19T01:39:38+00:00\",\"mainEntityOfPage\":{\"@id\":\"https:\\\/\\\/patagoniambiental.com.ar\\\/info\\\/coordinadora-arauco-malleco-se-adjudico-nuevo-ataque-incendiario-en-traiguen\\\/\"},\"wordCount\":176,\"commentCount\":0,\"publisher\":{\"@id\":\"https:\\\/\\\/patagoniambiental.com.ar\\\/info\\\/#organization\"},\"image\":{\"@id\":\"https:\\\/\\\/patagoniambiental.com.ar\\\/info\\\/coordinadora-arauco-malleco-se-adjudico-nuevo-ataque-incendiario-en-traiguen\\\/#primaryimage\"},\"thumbnailUrl\":\"https:\\\/\\\/patagoniambiental.com.ar\\\/info\\\/wp-content\\\/uploads\\\/2023\\\/03\\\/file_20230324172654.jpg\",\"articleSection\":[\"Bolet\u00edn\",\"Internacionales\",\"Noticias\",\"Rotador\"],\"inLanguage\":\"es\",\"potentialAction\":[{\"@type\":\"CommentAction\",\"name\":\"Comment\",\"target\":[\"https:\\\/\\\/patagoniambiental.com.ar\\\/info\\\/coordinadora-arauco-malleco-se-adjudico-nuevo-ataque-incendiario-en-traiguen\\\/#respond\"]}]},{\"@type\":\"WebPage\",\"@id\":\"https:\\\/\\\/patagoniambiental.com.ar\\\/info\\\/coordinadora-arauco-malleco-se-adjudico-nuevo-ataque-incendiario-en-traiguen\\\/\",\"url\":\"https:\\\/\\\/patagoniambiental.com.ar\\\/info\\\/coordinadora-arauco-malleco-se-adjudico-nuevo-ataque-incendiario-en-traiguen\\\/\",\"name\":\"Coordinadora Arauco Malleco se adjudic\u00f3 nuevo ataque en Traigu\u00e9n\",\"isPartOf\":{\"@id\":\"https:\\\/\\\/patagoniambiental.com.ar\\\/info\\\/#website\"},\"primaryImageOfPage\":{\"@id\":\"https:\\\/\\\/patagoniambiental.com.ar\\\/info\\\/coordinadora-arauco-malleco-se-adjudico-nuevo-ataque-incendiario-en-traiguen\\\/#primaryimage\"},\"image\":{\"@id\":\"https:\\\/\\\/patagoniambiental.com.ar\\\/info\\\/coordinadora-arauco-malleco-se-adjudico-nuevo-ataque-incendiario-en-traiguen\\\/#primaryimage\"},\"thumbnailUrl\":\"https:\\\/\\\/patagoniambiental.com.ar\\\/info\\\/wp-content\\\/uploads\\\/2023\\\/03\\\/file_20230324172654.jpg\",\"datePublished\":\"2023-03-25T10:00:00+00:00\",\"dateModified\":\"2024-08-19T01:39:38+00:00\",\"breadcrumb\":{\"@id\":\"https:\\\/\\\/patagoniambiental.com.ar\\\/info\\\/coordinadora-arauco-malleco-se-adjudico-nuevo-ataque-incendiario-en-traiguen\\\/#breadcrumb\"},\"inLanguage\":\"es\",\"potentialAction\":[{\"@type\":\"ReadAction\",\"target\":[\"https:\\\/\\\/patagoniambiental.com.ar\\\/info\\\/coordinadora-arauco-malleco-se-adjudico-nuevo-ataque-incendiario-en-traiguen\\\/\"]}]},{\"@type\":\"ImageObject\",\"inLanguage\":\"es\",\"@id\":\"https:\\\/\\\/patagoniambiental.com.ar\\\/info\\\/coordinadora-arauco-malleco-se-adjudico-nuevo-ataque-incendiario-en-traiguen\\\/#primaryimage\",\"url\":\"https:\\\/\\\/patagoniambiental.com.ar\\\/info\\\/wp-content\\\/uploads\\\/2023\\\/03\\\/file_20230324172654.jpg\",\"contentUrl\":\"https:\\\/\\\/patagoniambiental.com.ar\\\/info\\\/wp-content\\\/uploads\\\/2023\\\/03\\\/file_20230324172654.jpg\",\"width\":820,\"height\":460},{\"@type\":\"BreadcrumbList\",\"@id\":\"https:\\\/\\\/patagoniambiental.com.ar\\\/info\\\/coordinadora-arauco-malleco-se-adjudico-nuevo-ataque-incendiario-en-traiguen\\\/#breadcrumb\",\"itemListElement\":[{\"@type\":\"ListItem\",\"position\":1,\"name\":\"Inicio\",\"item\":\"https:\\\/\\\/patagoniambiental.com.ar\\\/info\\\/\"},{\"@type\":\"ListItem\",\"position\":2,\"name\":\"Coordinadora Arauco Malleco se adjudic\u00f3 nuevo ataque en Traigu\u00e9n\"}]},{\"@type\":\"WebSite\",\"@id\":\"https:\\\/\\\/patagoniambiental.com.ar\\\/info\\\/#website\",\"url\":\"https:\\\/\\\/patagoniambiental.com.ar\\\/info\\\/\",\"name\":\"Patagonia Ambiental\",\"description\":\"Monitoreo y an\u00e1lisis de la situaci\u00f3n geopol\u00edtica en el mundo y su implicancia en la Patagonia\",\"publisher\":{\"@id\":\"https:\\\/\\\/patagoniambiental.com.ar\\\/info\\\/#organization\"},\"potentialAction\":[{\"@type\":\"SearchAction\",\"target\":{\"@type\":\"EntryPoint\",\"urlTemplate\":\"https:\\\/\\\/patagoniambiental.com.ar\\\/info\\\/?s={search_term_string}\"},\"query-input\":{\"@type\":\"PropertyValueSpecification\",\"valueRequired\":true,\"valueName\":\"search_term_string\"}}],\"inLanguage\":\"es\"},{\"@type\":\"Organization\",\"@id\":\"https:\\\/\\\/patagoniambiental.com.ar\\\/info\\\/#organization\",\"name\":\"Patagonia Ambiental\",\"url\":\"https:\\\/\\\/patagoniambiental.com.ar\\\/info\\\/\",\"logo\":{\"@type\":\"ImageObject\",\"inLanguage\":\"es\",\"@id\":\"https:\\\/\\\/patagoniambiental.com.ar\\\/info\\\/#\\\/schema\\\/logo\\\/image\\\/\",\"url\":\"https:\\\/\\\/patagoniambiental.com.ar\\\/info\\\/wp-content\\\/uploads\\\/2025\\\/05\\\/LOGO-PATAGONIA-AMBIENTAL.png\",\"contentUrl\":\"https:\\\/\\\/patagoniambiental.com.ar\\\/info\\\/wp-content\\\/uploads\\\/2025\\\/05\\\/LOGO-PATAGONIA-AMBIENTAL.png\",\"width\":433,\"height\":250,\"caption\":\"Patagonia Ambiental\"},\"image\":{\"@id\":\"https:\\\/\\\/patagoniambiental.com.ar\\\/info\\\/#\\\/schema\\\/logo\\\/image\\\/\"},\"sameAs\":[\"https:\\\/\\\/www.facebook.com\\\/patagonia.ambiental\",\"https:\\\/\\\/x.com\\\/PatAmb\"]},{\"@type\":\"Person\",\"@id\":\"https:\\\/\\\/patagoniambiental.com.ar\\\/info\\\/#\\\/schema\\\/person\\\/db12bff64bbcbf6a253710bf0ea37b5d\",\"name\":\"Patagonia Ambiental\",\"description\":\"Andr\u00e9s Nievas T\u00e9cnico en manejo ambiental, consultor Ambiental y escritor para medios locales e internacionales sobre temas de geopolitica y medio ambiente.\",\"sameAs\":[\"http:\\\/\\\/www.patagoniambiental.com.ar\",\"https:\\\/\\\/www.facebook.com\\\/share\\\/1C1V8Gv9BX\\\/?mibextid=qi2Omg\",\"@patagoniambiental\",\"https:\\\/\\\/youtube.com\\\/@patagoniaambiental2023?si=BLt58t0wuXquxlYZ\"]}]}<\/script>\n<!-- \/ Yoast SEO Premium plugin. -->","yoast_head_json":{"title":"Coordinadora Arauco Malleco se adjudic\u00f3 nuevo ataque en Traigu\u00e9n","robots":{"index":"index","follow":"follow","max-snippet":"max-snippet:-1","max-image-preview":"max-image-preview:large","max-video-preview":"max-video-preview:-1"},"canonical":"https:\/\/patagoniambiental.com.ar\/info\/coordinadora-arauco-malleco-se-adjudico-nuevo-ataque-incendiario-en-traiguen\/","og_locale":"es_ES","og_type":"article","og_title":"Coordinadora Arauco Malleco se adjudic\u00f3 nuevo ataque en Traigu\u00e9n","og_url":"https:\/\/patagoniambiental.com.ar\/info\/coordinadora-arauco-malleco-se-adjudico-nuevo-ataque-incendiario-en-traiguen\/","og_site_name":"Patagonia Ambiental","article_publisher":"https:\/\/www.facebook.com\/patagonia.ambiental","article_author":"https:\/\/www.facebook.com\/share\/1C1V8Gv9BX\/?mibextid=qi2Omg","article_published_time":"2023-03-25T10:00:00+00:00","article_modified_time":"2024-08-19T01:39:38+00:00","og_image":[{"width":820,"height":460,"url":"https:\/\/patagoniambiental.com.ar\/info\/wp-content\/uploads\/2023\/03\/file_20230324172654.jpg","type":"image\/jpeg"}],"author":"Patagonia Ambiental","twitter_card":"summary_large_image","twitter_creator":"@PatAmb","twitter_site":"@PatAmb","schema":{"@context":"https:\/\/schema.org","@graph":[{"@type":"Article","@id":"https:\/\/patagoniambiental.com.ar\/info\/coordinadora-arauco-malleco-se-adjudico-nuevo-ataque-incendiario-en-traiguen\/#article","isPartOf":{"@id":"https:\/\/patagoniambiental.com.ar\/info\/coordinadora-arauco-malleco-se-adjudico-nuevo-ataque-incendiario-en-traiguen\/"},"author":{"name":"Patagonia Ambiental","@id":"https:\/\/patagoniambiental.com.ar\/info\/#\/schema\/person\/db12bff64bbcbf6a253710bf0ea37b5d"},"headline":"Coordinadora Arauco Malleco se adjudic\u00f3 nuevo ataque en Traigu\u00e9n","datePublished":"2023-03-25T10:00:00+00:00","dateModified":"2024-08-19T01:39:38+00:00","mainEntityOfPage":{"@id":"https:\/\/patagoniambiental.com.ar\/info\/coordinadora-arauco-malleco-se-adjudico-nuevo-ataque-incendiario-en-traiguen\/"},"wordCount":176,"commentCount":0,"publisher":{"@id":"https:\/\/patagoniambiental.com.ar\/info\/#organization"},"image":{"@id":"https:\/\/patagoniambiental.com.ar\/info\/coordinadora-arauco-malleco-se-adjudico-nuevo-ataque-incendiario-en-traiguen\/#primaryimage"},"thumbnailUrl":"https:\/\/patagoniambiental.com.ar\/info\/wp-content\/uploads\/2023\/03\/file_20230324172654.jpg","articleSection":["Bolet\u00edn","Internacionales","Noticias","Rotador"],"inLanguage":"es","potentialAction":[{"@type":"CommentAction","name":"Comment","target":["https:\/\/patagoniambiental.com.ar\/info\/coordinadora-arauco-malleco-se-adjudico-nuevo-ataque-incendiario-en-traiguen\/#respond"]}]},{"@type":"WebPage","@id":"https:\/\/patagoniambiental.com.ar\/info\/coordinadora-arauco-malleco-se-adjudico-nuevo-ataque-incendiario-en-traiguen\/","url":"https:\/\/patagoniambiental.com.ar\/info\/coordinadora-arauco-malleco-se-adjudico-nuevo-ataque-incendiario-en-traiguen\/","name":"Coordinadora Arauco Malleco se adjudic\u00f3 nuevo ataque en Traigu\u00e9n","isPartOf":{"@id":"https:\/\/patagoniambiental.com.ar\/info\/#website"},"primaryImageOfPage":{"@id":"https:\/\/patagoniambiental.com.ar\/info\/coordinadora-arauco-malleco-se-adjudico-nuevo-ataque-incendiario-en-traiguen\/#primaryimage"},"image":{"@id":"https:\/\/patagoniambiental.com.ar\/info\/coordinadora-arauco-malleco-se-adjudico-nuevo-ataque-incendiario-en-traiguen\/#primaryimage"},"thumbnailUrl":"https:\/\/patagoniambiental.com.ar\/info\/wp-content\/uploads\/2023\/03\/file_20230324172654.jpg","datePublished":"2023-03-25T10:00:00+00:00","dateModified":"2024-08-19T01:39:38+00:00","breadcrumb":{"@id":"https:\/\/patagoniambiental.com.ar\/info\/coordinadora-arauco-malleco-se-adjudico-nuevo-ataque-incendiario-en-traiguen\/#breadcrumb"},"inLanguage":"es","potentialAction":[{"@type":"ReadAction","target":["https:\/\/patagoniambiental.com.ar\/info\/coordinadora-arauco-malleco-se-adjudico-nuevo-ataque-incendiario-en-traiguen\/"]}]},{"@type":"ImageObject","inLanguage":"es","@id":"https:\/\/patagoniambiental.com.ar\/info\/coordinadora-arauco-malleco-se-adjudico-nuevo-ataque-incendiario-en-traiguen\/#primaryimage","url":"https:\/\/patagoniambiental.com.ar\/info\/wp-content\/uploads\/2023\/03\/file_20230324172654.jpg","contentUrl":"https:\/\/patagoniambiental.com.ar\/info\/wp-content\/uploads\/2023\/03\/file_20230324172654.jpg","width":820,"height":460},{"@type":"BreadcrumbList","@id":"https:\/\/patagoniambiental.com.ar\/info\/coordinadora-arauco-malleco-se-adjudico-nuevo-ataque-incendiario-en-traiguen\/#breadcrumb","itemListElement":[{"@type":"ListItem","position":1,"name":"Inicio","item":"https:\/\/patagoniambiental.com.ar\/info\/"},{"@type":"ListItem","position":2,"name":"Coordinadora Arauco Malleco se adjudic\u00f3 nuevo ataque en Traigu\u00e9n"}]},{"@type":"WebSite","@id":"https:\/\/patagoniambiental.com.ar\/info\/#website","url":"https:\/\/patagoniambiental.com.ar\/info\/","name":"Patagonia Ambiental","description":"Monitoreo y an\u00e1lisis de la situaci\u00f3n geopol\u00edtica en el mundo y su implicancia en la Patagonia","publisher":{"@id":"https:\/\/patagoniambiental.com.ar\/info\/#organization"},"potentialAction":[{"@type":"SearchAction","target":{"@type":"EntryPoint","urlTemplate":"https:\/\/patagoniambiental.com.ar\/info\/?s={search_term_string}"},"query-input":{"@type":"PropertyValueSpecification","valueRequired":true,"valueName":"search_term_string"}}],"inLanguage":"es"},{"@type":"Organization","@id":"https:\/\/patagoniambiental.com.ar\/info\/#organization","name":"Patagonia Ambiental","url":"https:\/\/patagoniambiental.com.ar\/info\/","logo":{"@type":"ImageObject","inLanguage":"es","@id":"https:\/\/patagoniambiental.com.ar\/info\/#\/schema\/logo\/image\/","url":"https:\/\/patagoniambiental.com.ar\/info\/wp-content\/uploads\/2025\/05\/LOGO-PATAGONIA-AMBIENTAL.png","contentUrl":"https:\/\/patagoniambiental.com.ar\/info\/wp-content\/uploads\/2025\/05\/LOGO-PATAGONIA-AMBIENTAL.png","width":433,"height":250,"caption":"Patagonia Ambiental"},"image":{"@id":"https:\/\/patagoniambiental.com.ar\/info\/#\/schema\/logo\/image\/"},"sameAs":["https:\/\/www.facebook.com\/patagonia.ambiental","https:\/\/x.com\/PatAmb"]},{"@type":"Person","@id":"https:\/\/patagoniambiental.com.ar\/info\/#\/schema\/person\/db12bff64bbcbf6a253710bf0ea37b5d","name":"Patagonia Ambiental","description":"Andr\u00e9s Nievas T\u00e9cnico en manejo ambiental, consultor Ambiental y escritor para medios locales e internacionales sobre temas de geopolitica y medio ambiente.","sameAs":["http:\/\/www.patagoniambiental.com.ar","https:\/\/www.facebook.com\/share\/1C1V8Gv9BX\/?mibextid=qi2Omg","@patagoniambiental","https:\/\/youtube.com\/@patagoniaambiental2023?si=BLt58t0wuXquxlYZ"]}]}},"_links":{"self":[{"href":"https:\/\/patagoniambiental.com.ar\/info\/wp-json\/wp\/v2\/posts\/77145","targetHints":{"allow":["GET"]}}],"collection":[{"href":"https:\/\/patagoniambiental.com.ar\/info\/wp-json\/wp\/v2\/posts"}],"about":[{"href":"https:\/\/patagoniambiental.com.ar\/info\/wp-json\/wp\/v2\/types\/post"}],"author":[{"embeddable":true,"href":"https:\/\/patagoniambiental.com.ar\/info\/wp-json\/wp\/v2\/users\/2"}],"replies":[{"embeddable":true,"href":"https:\/\/patagoniambiental.com.ar\/info\/wp-json\/wp\/v2\/comments?post=77145"}],"version-history":[{"count":0,"href":"https:\/\/patagoniambiental.com.ar\/info\/wp-json\/wp\/v2\/posts\/77145\/revisions"}],"wp:featuredmedia":[{"embeddable":true,"href":"https:\/\/patagoniambiental.com.ar\/info\/wp-json\/wp\/v2\/media\/77146"}],"wp:attachment":[{"href":"https:\/\/patagoniambiental.com.ar\/info\/wp-json\/wp\/v2\/media?parent=77145"}],"wp:term":[{"taxonomy":"category","embeddable":true,"href":"https:\/\/patagoniambiental.com.ar\/info\/wp-json\/wp\/v2\/categories?post=77145"},{"taxonomy":"post_tag","embeddable":true,"href":"https:\/\/patagoniambiental.com.ar\/info\/wp-json\/wp\/v2\/tags?post=77145"}],"curies":[{"name":"wp","href":"https:\/\/api.w.org\/{rel}","templated":true}]}}