{"id":77154,"date":"2023-03-28T07:00:00","date_gmt":"2023-03-28T10:00:00","guid":{"rendered":"http:\/\/patagoniambiental.com.ar\/info\/?p=77154"},"modified":"2023-03-28T11:09:49","modified_gmt":"2023-03-28T14:09:49","slug":"historico-vialidad-completo-el-camino-hasta-el-paso-minas-nuble","status":"publish","type":"post","link":"https:\/\/patagoniambiental.com.ar\/info\/historico-vialidad-completo-el-camino-hasta-el-paso-minas-nuble\/","title":{"rendered":"Hist\u00f3rico: vialidad de Neuqu\u00e9n complet\u00f3 el camino hasta el paso Minas-\u00d1uble"},"content":{"rendered":"\n<!--more-->\n\n\n\n<p><em>Personal de Vialidad Provincial ejecut\u00f3 la apertura de traza hacia el nuevo paso fronterizo. De esta manera, el camino del lado neuquino qued\u00f3 unido a la traza que ya estaba terminada en Chile. El gobernador Omar Guti\u00e9rrez anunci\u00f3 que este viernes lo inaugurar\u00e1n y destac\u00f3 que favorecer\u00e1 la integraci\u00f3n y los v\u00ednculos hist\u00f3ricos que mantienen las comunidades a ambos lados de la Cordillera.<\/em><\/p>\n\n\n\n<p>\u201cAcabamos de concretar un hecho hist\u00f3rico: los equipos de vialidad provincial lograron completar el camino que unir\u00e1 la zona Norte de Neuqu\u00e9n con la vecina regi\u00f3n de \u00d1uble, en Chile, a trav\u00e9s de un nuevo paso fronterizo: el paso Minas-\u00d1uble\u201d, afirm\u00f3 el gobernador Omar Guti\u00e9rrez tras interiorizarse sobre el avance en la obra y adelant\u00f3 realizar\u00e1n el acto inaugural este viernes, 31 de marzo.<\/p>\n\n\n\n<p>De esta manera se cumplir\u00e1 uno de los principales anhelos de las comunidades radicadas a ambos lados de la cordillera de los Andes: Disponer de un paso que los comunique y favorezca la integraci\u00f3n que, desde anta\u00f1o, mantienen y reclaman desde hace m\u00e1s de dos d\u00e9cadas en cada encuentro binacional en el que han participado.<\/p>\n\n\n\n<p>En el XXXVIII Comit\u00e9 de Integraci\u00f3n de Los Lagos que se realiz\u00f3 en Chile, el gobierno de la provincia firm\u00f3 la declaraci\u00f3n de intenci\u00f3n que -entre otros aspectos- permiti\u00f3 avanzar con la apertura del camino que permitir\u00e1 reforzar la integraci\u00f3n econ\u00f3mica, social y cultural de ambos pa\u00edses.<\/p>\n\n\n\n<p>El gobernador Guti\u00e9rrez indic\u00f3 que la Direcci\u00f3n Provincial de Vialidad dispuso maquinarias y personal en el lugar para extender el camino hasta unirlo con la traza ya existente del lado chileno. Agradeci\u00f3 el trabajo realizado por el organismo conducido por el subsecretario de Servicios P\u00fablicos Mauro Mill\u00e1n y destac\u00f3 las gestiones que hizo de manera incansable el intendente de Las Ovejas, Vicente Godoy, para concretar este sue\u00f1o.<\/p>\n\n\n\n<p>El organismo vial, a trav\u00e9s de su distrito de conservaci\u00f3n de la zona norte, inici\u00f3 hace 35 d\u00edas la apertura de la traza que conectar\u00e1 a la Laguna de Vaca Lafquen en el Departamento Minas con las termas de Chillan en Chile, regi\u00f3n de \u00d1uble.<\/p>\n\n\n\n<p>El camino, de unos 14 kil\u00f3metros de extensi\u00f3n, nace al pie de la cordillera, en la ruta provincial 45. Las tareas de relevamiento, topograf\u00eda y movimiento de suelo est\u00e1n a cargo del personal y los equipos t\u00e9cnicos del Distrito Chos Malal, con el apoyo de las dem\u00e1s \u00e1reas t\u00e9cnicas del organismo.<\/p>\n\n\n\n<p>Seg\u00fan indic\u00f3 el presidente de Vialidad, Mauro Millan, \u201chace un a\u00f1o atr\u00e1s, nuestro mandatario, el gobernador Omar Guti\u00e9rrez y su par del vecino pa\u00eds de Chile, colocaron banderas nacionales para se\u00f1alizar el hito de integraci\u00f3n de ambas naciones\u201d.<\/p>\n\n\n\n<p>La apertura de un camino de vinculaci\u00f3n entre las zonas de Vaca Lafquen y Termas de Chillan es un anhelo de los intendentes y presidentes de comisiones de fomento del Norte Neuquino desde hace varios a\u00f1os. As\u00ed, las primeras tareas de relevamiento implicaron realizar un extenso recorrido a caballo, pernoctes y campamentos en lugares inh\u00f3spitos, para identificar el terreno y sus pendientes.<\/p>\n\n\n\n<p>Con la adquisici\u00f3n de un equipo topadora por parte de Vialidad inici\u00f3 la posibilidad de concretar el sue\u00f1o de los habitantes de la regi\u00f3n.\u00a0 Ahora que la traza est\u00e1 finalizada, desde Vialidad aclararon que el camino quedar\u00e1 habilitado s\u00f3lo para veh\u00edculos tipo 4&#215;4 e indicaron que continuar\u00e1n haciendo tareas de mejoramiento del camino. Minas-\u00d1uble ser\u00e1 el paso m\u00e1s bajo de la regi\u00f3n y se cree que eso permitir\u00e1 su funcionamiento durante gran parte del a\u00f1o.<\/p>\n\n\n\n<p>Fuente: Gobierno de Neuquen<\/p>\n","protected":false},"excerpt":{"rendered":"","protected":false},"author":2,"featured_media":77155,"comment_status":"open","ping_status":"open","sticky":false,"template":"","format":"standard","meta":{"site-sidebar-layout":"default","site-content-layout":"","ast-site-content-layout":"default","site-content-style":"default","site-sidebar-style":"default","ast-global-header-display":"","ast-banner-title-visibility":"","ast-main-header-display":"","ast-hfb-above-header-display":"","ast-hfb-below-header-display":"","ast-hfb-mobile-header-display":"","site-post-title":"","ast-breadcrumbs-content":"","ast-featured-img":"","footer-sml-layout":"","ast-disable-related-posts":"","theme-transparent-header-meta":"","adv-header-id-meta":"","stick-header-meta":"","header-above-stick-meta":"","header-main-stick-meta":"","header-below-stick-meta":"","astra-migrate-meta-layouts":"default","ast-page-background-enabled":"default","ast-page-background-meta":{"desktop":{"background-color":"var(--ast-global-color-5)","background-image":"","background-repeat":"repeat","background-position":"center center","background-size":"auto","background-attachment":"scroll","background-type":"","background-media":"","overlay-type":"","overlay-color":"","overlay-opacity":"","overlay-gradient":""},"tablet":{"background-color":"","background-image":"","background-repeat":"repeat","background-position":"center center","background-size":"auto","background-attachment":"scroll","background-type":"","background-media":"","overlay-type":"","overlay-color":"","overlay-opacity":"","overlay-gradient":""},"mobile":{"background-color":"","background-image":"","background-repeat":"repeat","background-position":"center center","background-size":"auto","background-attachment":"scroll","background-type":"","background-media":"","overlay-type":"","overlay-color":"","overlay-opacity":"","overlay-gradient":""}},"ast-content-background-meta":{"desktop":{"background-color":"var(--ast-global-color-4)","background-image":"","background-repeat":"repeat","background-position":"center center","background-size":"auto","background-attachment":"scroll","background-type":"","background-media":"","overlay-type":"","overlay-color":"","overlay-opacity":"","overlay-gradient":""},"tablet":{"background-color":"var(--ast-global-color-4)","background-image":"","background-repeat":"repeat","background-position":"center center","background-size":"auto","background-attachment":"scroll","background-type":"","background-media":"","overlay-type":"","overlay-color":"","overlay-opacity":"","overlay-gradient":""},"mobile":{"background-color":"var(--ast-global-color-4)","background-image":"","background-repeat":"repeat","background-position":"center center","background-size":"auto","background-attachment":"scroll","background-type":"","background-media":"","overlay-type":"","overlay-color":"","overlay-opacity":"","overlay-gradient":""}},"footnotes":""},"categories":[11,18,1,13,10],"tags":[],"class_list":["post-77154","post","type-post","status-publish","format-standard","has-post-thumbnail","hentry","category-boletin","category-neuquen","category-noticias","category-provinciales","category-rotador"],"yoast_head":"<!-- This site is optimized with the Yoast SEO Premium plugin v23.0 (Yoast SEO v27.4) - https:\/\/yoast.com\/product\/yoast-seo-premium-wordpress\/ -->\n<title>Hist\u00f3rico: vialidad de Neuqu\u00e9n complet\u00f3 el camino hasta el paso Minas-\u00d1uble<\/title>\n<meta name=\"robots\" content=\"index, follow, max-snippet:-1, max-image-preview:large, max-video-preview:-1\" \/>\n<link rel=\"canonical\" href=\"https:\/\/patagoniambiental.com.ar\/info\/historico-vialidad-completo-el-camino-hasta-el-paso-minas-nuble\/\" \/>\n<meta property=\"og:locale\" content=\"es_ES\" \/>\n<meta property=\"og:type\" content=\"article\" \/>\n<meta property=\"og:title\" content=\"Hist\u00f3rico: vialidad de Neuqu\u00e9n complet\u00f3 el camino hasta el paso Minas-\u00d1uble\" \/>\n<meta property=\"og:url\" content=\"https:\/\/patagoniambiental.com.ar\/info\/historico-vialidad-completo-el-camino-hasta-el-paso-minas-nuble\/\" \/>\n<meta property=\"og:site_name\" content=\"Patagonia Ambiental\" \/>\n<meta property=\"article:publisher\" content=\"https:\/\/www.facebook.com\/patagonia.ambiental\" \/>\n<meta property=\"article:author\" content=\"https:\/\/www.facebook.com\/share\/1C1V8Gv9BX\/?mibextid=qi2Omg\" \/>\n<meta property=\"article:published_time\" content=\"2023-03-28T10:00:00+00:00\" \/>\n<meta property=\"article:modified_time\" content=\"2023-03-28T14:09:49+00:00\" \/>\n<meta property=\"og:image\" content=\"https:\/\/patagoniambiental.com.ar\/info\/wp-content\/uploads\/2023\/03\/1-4.jpg\" \/>\n\t<meta property=\"og:image:width\" content=\"1280\" \/>\n\t<meta property=\"og:image:height\" content=\"632\" \/>\n\t<meta property=\"og:image:type\" content=\"image\/jpeg\" \/>\n<meta name=\"author\" content=\"Patagonia Ambiental\" \/>\n<meta name=\"twitter:card\" content=\"summary_large_image\" \/>\n<meta name=\"twitter:creator\" content=\"@PatAmb\" \/>\n<meta name=\"twitter:site\" content=\"@PatAmb\" \/>\n<script type=\"application\/ld+json\" class=\"yoast-schema-graph\">{\"@context\":\"https:\\\/\\\/schema.org\",\"@graph\":[{\"@type\":\"Article\",\"@id\":\"https:\\\/\\\/patagoniambiental.com.ar\\\/info\\\/historico-vialidad-completo-el-camino-hasta-el-paso-minas-nuble\\\/#article\",\"isPartOf\":{\"@id\":\"https:\\\/\\\/patagoniambiental.com.ar\\\/info\\\/historico-vialidad-completo-el-camino-hasta-el-paso-minas-nuble\\\/\"},\"author\":{\"name\":\"Patagonia Ambiental\",\"@id\":\"https:\\\/\\\/patagoniambiental.com.ar\\\/info\\\/#\\\/schema\\\/person\\\/db12bff64bbcbf6a253710bf0ea37b5d\"},\"headline\":\"Hist\u00f3rico: vialidad de Neuqu\u00e9n complet\u00f3 el camino hasta el paso Minas-\u00d1uble\",\"datePublished\":\"2023-03-28T10:00:00+00:00\",\"dateModified\":\"2023-03-28T14:09:49+00:00\",\"mainEntityOfPage\":{\"@id\":\"https:\\\/\\\/patagoniambiental.com.ar\\\/info\\\/historico-vialidad-completo-el-camino-hasta-el-paso-minas-nuble\\\/\"},\"wordCount\":639,\"commentCount\":0,\"publisher\":{\"@id\":\"https:\\\/\\\/patagoniambiental.com.ar\\\/info\\\/#organization\"},\"image\":{\"@id\":\"https:\\\/\\\/patagoniambiental.com.ar\\\/info\\\/historico-vialidad-completo-el-camino-hasta-el-paso-minas-nuble\\\/#primaryimage\"},\"thumbnailUrl\":\"https:\\\/\\\/patagoniambiental.com.ar\\\/info\\\/wp-content\\\/uploads\\\/2023\\\/03\\\/1-4.jpg\",\"articleSection\":[\"Bolet\u00edn\",\"Neuqu\u00e9n\",\"Noticias\",\"Provinciales\",\"Rotador\"],\"inLanguage\":\"es\",\"potentialAction\":[{\"@type\":\"CommentAction\",\"name\":\"Comment\",\"target\":[\"https:\\\/\\\/patagoniambiental.com.ar\\\/info\\\/historico-vialidad-completo-el-camino-hasta-el-paso-minas-nuble\\\/#respond\"]}]},{\"@type\":\"WebPage\",\"@id\":\"https:\\\/\\\/patagoniambiental.com.ar\\\/info\\\/historico-vialidad-completo-el-camino-hasta-el-paso-minas-nuble\\\/\",\"url\":\"https:\\\/\\\/patagoniambiental.com.ar\\\/info\\\/historico-vialidad-completo-el-camino-hasta-el-paso-minas-nuble\\\/\",\"name\":\"Hist\u00f3rico: vialidad de Neuqu\u00e9n complet\u00f3 el camino hasta el paso Minas-\u00d1uble\",\"isPartOf\":{\"@id\":\"https:\\\/\\\/patagoniambiental.com.ar\\\/info\\\/#website\"},\"primaryImageOfPage\":{\"@id\":\"https:\\\/\\\/patagoniambiental.com.ar\\\/info\\\/historico-vialidad-completo-el-camino-hasta-el-paso-minas-nuble\\\/#primaryimage\"},\"image\":{\"@id\":\"https:\\\/\\\/patagoniambiental.com.ar\\\/info\\\/historico-vialidad-completo-el-camino-hasta-el-paso-minas-nuble\\\/#primaryimage\"},\"thumbnailUrl\":\"https:\\\/\\\/patagoniambiental.com.ar\\\/info\\\/wp-content\\\/uploads\\\/2023\\\/03\\\/1-4.jpg\",\"datePublished\":\"2023-03-28T10:00:00+00:00\",\"dateModified\":\"2023-03-28T14:09:49+00:00\",\"breadcrumb\":{\"@id\":\"https:\\\/\\\/patagoniambiental.com.ar\\\/info\\\/historico-vialidad-completo-el-camino-hasta-el-paso-minas-nuble\\\/#breadcrumb\"},\"inLanguage\":\"es\",\"potentialAction\":[{\"@type\":\"ReadAction\",\"target\":[\"https:\\\/\\\/patagoniambiental.com.ar\\\/info\\\/historico-vialidad-completo-el-camino-hasta-el-paso-minas-nuble\\\/\"]}]},{\"@type\":\"ImageObject\",\"inLanguage\":\"es\",\"@id\":\"https:\\\/\\\/patagoniambiental.com.ar\\\/info\\\/historico-vialidad-completo-el-camino-hasta-el-paso-minas-nuble\\\/#primaryimage\",\"url\":\"https:\\\/\\\/patagoniambiental.com.ar\\\/info\\\/wp-content\\\/uploads\\\/2023\\\/03\\\/1-4.jpg\",\"contentUrl\":\"https:\\\/\\\/patagoniambiental.com.ar\\\/info\\\/wp-content\\\/uploads\\\/2023\\\/03\\\/1-4.jpg\",\"width\":1200,\"height\":593},{\"@type\":\"BreadcrumbList\",\"@id\":\"https:\\\/\\\/patagoniambiental.com.ar\\\/info\\\/historico-vialidad-completo-el-camino-hasta-el-paso-minas-nuble\\\/#breadcrumb\",\"itemListElement\":[{\"@type\":\"ListItem\",\"position\":1,\"name\":\"Inicio\",\"item\":\"https:\\\/\\\/patagoniambiental.com.ar\\\/info\\\/\"},{\"@type\":\"ListItem\",\"position\":2,\"name\":\"Hist\u00f3rico: vialidad de Neuqu\u00e9n complet\u00f3 el camino hasta el paso Minas-\u00d1uble\"}]},{\"@type\":\"WebSite\",\"@id\":\"https:\\\/\\\/patagoniambiental.com.ar\\\/info\\\/#website\",\"url\":\"https:\\\/\\\/patagoniambiental.com.ar\\\/info\\\/\",\"name\":\"Patagonia Ambiental\",\"description\":\"Monitoreo y an\u00e1lisis de la situaci\u00f3n geopol\u00edtica en el mundo y su implicancia en la Patagonia\",\"publisher\":{\"@id\":\"https:\\\/\\\/patagoniambiental.com.ar\\\/info\\\/#organization\"},\"potentialAction\":[{\"@type\":\"SearchAction\",\"target\":{\"@type\":\"EntryPoint\",\"urlTemplate\":\"https:\\\/\\\/patagoniambiental.com.ar\\\/info\\\/?s={search_term_string}\"},\"query-input\":{\"@type\":\"PropertyValueSpecification\",\"valueRequired\":true,\"valueName\":\"search_term_string\"}}],\"inLanguage\":\"es\"},{\"@type\":\"Organization\",\"@id\":\"https:\\\/\\\/patagoniambiental.com.ar\\\/info\\\/#organization\",\"name\":\"Patagonia Ambiental\",\"url\":\"https:\\\/\\\/patagoniambiental.com.ar\\\/info\\\/\",\"logo\":{\"@type\":\"ImageObject\",\"inLanguage\":\"es\",\"@id\":\"https:\\\/\\\/patagoniambiental.com.ar\\\/info\\\/#\\\/schema\\\/logo\\\/image\\\/\",\"url\":\"https:\\\/\\\/patagoniambiental.com.ar\\\/info\\\/wp-content\\\/uploads\\\/2025\\\/05\\\/LOGO-PATAGONIA-AMBIENTAL.png\",\"contentUrl\":\"https:\\\/\\\/patagoniambiental.com.ar\\\/info\\\/wp-content\\\/uploads\\\/2025\\\/05\\\/LOGO-PATAGONIA-AMBIENTAL.png\",\"width\":433,\"height\":250,\"caption\":\"Patagonia Ambiental\"},\"image\":{\"@id\":\"https:\\\/\\\/patagoniambiental.com.ar\\\/info\\\/#\\\/schema\\\/logo\\\/image\\\/\"},\"sameAs\":[\"https:\\\/\\\/www.facebook.com\\\/patagonia.ambiental\",\"https:\\\/\\\/x.com\\\/PatAmb\"]},{\"@type\":\"Person\",\"@id\":\"https:\\\/\\\/patagoniambiental.com.ar\\\/info\\\/#\\\/schema\\\/person\\\/db12bff64bbcbf6a253710bf0ea37b5d\",\"name\":\"Patagonia Ambiental\",\"description\":\"Andr\u00e9s Nievas T\u00e9cnico en manejo ambiental, consultor Ambiental y escritor para medios locales e internacionales sobre temas de geopolitica y medio ambiente.\",\"sameAs\":[\"http:\\\/\\\/www.patagoniambiental.com.ar\",\"https:\\\/\\\/www.facebook.com\\\/share\\\/1C1V8Gv9BX\\\/?mibextid=qi2Omg\",\"@patagoniambiental\",\"https:\\\/\\\/youtube.com\\\/@patagoniaambiental2023?si=BLt58t0wuXquxlYZ\"]}]}<\/script>\n<!-- \/ Yoast SEO Premium plugin. -->","yoast_head_json":{"title":"Hist\u00f3rico: vialidad de Neuqu\u00e9n complet\u00f3 el camino hasta el paso Minas-\u00d1uble","robots":{"index":"index","follow":"follow","max-snippet":"max-snippet:-1","max-image-preview":"max-image-preview:large","max-video-preview":"max-video-preview:-1"},"canonical":"https:\/\/patagoniambiental.com.ar\/info\/historico-vialidad-completo-el-camino-hasta-el-paso-minas-nuble\/","og_locale":"es_ES","og_type":"article","og_title":"Hist\u00f3rico: vialidad de Neuqu\u00e9n complet\u00f3 el camino hasta el paso Minas-\u00d1uble","og_url":"https:\/\/patagoniambiental.com.ar\/info\/historico-vialidad-completo-el-camino-hasta-el-paso-minas-nuble\/","og_site_name":"Patagonia Ambiental","article_publisher":"https:\/\/www.facebook.com\/patagonia.ambiental","article_author":"https:\/\/www.facebook.com\/share\/1C1V8Gv9BX\/?mibextid=qi2Omg","article_published_time":"2023-03-28T10:00:00+00:00","article_modified_time":"2023-03-28T14:09:49+00:00","og_image":[{"width":1280,"height":632,"url":"https:\/\/patagoniambiental.com.ar\/info\/wp-content\/uploads\/2023\/03\/1-4.jpg","type":"image\/jpeg"}],"author":"Patagonia Ambiental","twitter_card":"summary_large_image","twitter_creator":"@PatAmb","twitter_site":"@PatAmb","schema":{"@context":"https:\/\/schema.org","@graph":[{"@type":"Article","@id":"https:\/\/patagoniambiental.com.ar\/info\/historico-vialidad-completo-el-camino-hasta-el-paso-minas-nuble\/#article","isPartOf":{"@id":"https:\/\/patagoniambiental.com.ar\/info\/historico-vialidad-completo-el-camino-hasta-el-paso-minas-nuble\/"},"author":{"name":"Patagonia Ambiental","@id":"https:\/\/patagoniambiental.com.ar\/info\/#\/schema\/person\/db12bff64bbcbf6a253710bf0ea37b5d"},"headline":"Hist\u00f3rico: vialidad de Neuqu\u00e9n complet\u00f3 el camino hasta el paso Minas-\u00d1uble","datePublished":"2023-03-28T10:00:00+00:00","dateModified":"2023-03-28T14:09:49+00:00","mainEntityOfPage":{"@id":"https:\/\/patagoniambiental.com.ar\/info\/historico-vialidad-completo-el-camino-hasta-el-paso-minas-nuble\/"},"wordCount":639,"commentCount":0,"publisher":{"@id":"https:\/\/patagoniambiental.com.ar\/info\/#organization"},"image":{"@id":"https:\/\/patagoniambiental.com.ar\/info\/historico-vialidad-completo-el-camino-hasta-el-paso-minas-nuble\/#primaryimage"},"thumbnailUrl":"https:\/\/patagoniambiental.com.ar\/info\/wp-content\/uploads\/2023\/03\/1-4.jpg","articleSection":["Bolet\u00edn","Neuqu\u00e9n","Noticias","Provinciales","Rotador"],"inLanguage":"es","potentialAction":[{"@type":"CommentAction","name":"Comment","target":["https:\/\/patagoniambiental.com.ar\/info\/historico-vialidad-completo-el-camino-hasta-el-paso-minas-nuble\/#respond"]}]},{"@type":"WebPage","@id":"https:\/\/patagoniambiental.com.ar\/info\/historico-vialidad-completo-el-camino-hasta-el-paso-minas-nuble\/","url":"https:\/\/patagoniambiental.com.ar\/info\/historico-vialidad-completo-el-camino-hasta-el-paso-minas-nuble\/","name":"Hist\u00f3rico: vialidad de Neuqu\u00e9n complet\u00f3 el camino hasta el paso Minas-\u00d1uble","isPartOf":{"@id":"https:\/\/patagoniambiental.com.ar\/info\/#website"},"primaryImageOfPage":{"@id":"https:\/\/patagoniambiental.com.ar\/info\/historico-vialidad-completo-el-camino-hasta-el-paso-minas-nuble\/#primaryimage"},"image":{"@id":"https:\/\/patagoniambiental.com.ar\/info\/historico-vialidad-completo-el-camino-hasta-el-paso-minas-nuble\/#primaryimage"},"thumbnailUrl":"https:\/\/patagoniambiental.com.ar\/info\/wp-content\/uploads\/2023\/03\/1-4.jpg","datePublished":"2023-03-28T10:00:00+00:00","dateModified":"2023-03-28T14:09:49+00:00","breadcrumb":{"@id":"https:\/\/patagoniambiental.com.ar\/info\/historico-vialidad-completo-el-camino-hasta-el-paso-minas-nuble\/#breadcrumb"},"inLanguage":"es","potentialAction":[{"@type":"ReadAction","target":["https:\/\/patagoniambiental.com.ar\/info\/historico-vialidad-completo-el-camino-hasta-el-paso-minas-nuble\/"]}]},{"@type":"ImageObject","inLanguage":"es","@id":"https:\/\/patagoniambiental.com.ar\/info\/historico-vialidad-completo-el-camino-hasta-el-paso-minas-nuble\/#primaryimage","url":"https:\/\/patagoniambiental.com.ar\/info\/wp-content\/uploads\/2023\/03\/1-4.jpg","contentUrl":"https:\/\/patagoniambiental.com.ar\/info\/wp-content\/uploads\/2023\/03\/1-4.jpg","width":1200,"height":593},{"@type":"BreadcrumbList","@id":"https:\/\/patagoniambiental.com.ar\/info\/historico-vialidad-completo-el-camino-hasta-el-paso-minas-nuble\/#breadcrumb","itemListElement":[{"@type":"ListItem","position":1,"name":"Inicio","item":"https:\/\/patagoniambiental.com.ar\/info\/"},{"@type":"ListItem","position":2,"name":"Hist\u00f3rico: vialidad de Neuqu\u00e9n complet\u00f3 el camino hasta el paso Minas-\u00d1uble"}]},{"@type":"WebSite","@id":"https:\/\/patagoniambiental.com.ar\/info\/#website","url":"https:\/\/patagoniambiental.com.ar\/info\/","name":"Patagonia Ambiental","description":"Monitoreo y an\u00e1lisis de la situaci\u00f3n geopol\u00edtica en el mundo y su implicancia en la Patagonia","publisher":{"@id":"https:\/\/patagoniambiental.com.ar\/info\/#organization"},"potentialAction":[{"@type":"SearchAction","target":{"@type":"EntryPoint","urlTemplate":"https:\/\/patagoniambiental.com.ar\/info\/?s={search_term_string}"},"query-input":{"@type":"PropertyValueSpecification","valueRequired":true,"valueName":"search_term_string"}}],"inLanguage":"es"},{"@type":"Organization","@id":"https:\/\/patagoniambiental.com.ar\/info\/#organization","name":"Patagonia Ambiental","url":"https:\/\/patagoniambiental.com.ar\/info\/","logo":{"@type":"ImageObject","inLanguage":"es","@id":"https:\/\/patagoniambiental.com.ar\/info\/#\/schema\/logo\/image\/","url":"https:\/\/patagoniambiental.com.ar\/info\/wp-content\/uploads\/2025\/05\/LOGO-PATAGONIA-AMBIENTAL.png","contentUrl":"https:\/\/patagoniambiental.com.ar\/info\/wp-content\/uploads\/2025\/05\/LOGO-PATAGONIA-AMBIENTAL.png","width":433,"height":250,"caption":"Patagonia Ambiental"},"image":{"@id":"https:\/\/patagoniambiental.com.ar\/info\/#\/schema\/logo\/image\/"},"sameAs":["https:\/\/www.facebook.com\/patagonia.ambiental","https:\/\/x.com\/PatAmb"]},{"@type":"Person","@id":"https:\/\/patagoniambiental.com.ar\/info\/#\/schema\/person\/db12bff64bbcbf6a253710bf0ea37b5d","name":"Patagonia Ambiental","description":"Andr\u00e9s Nievas T\u00e9cnico en manejo ambiental, consultor Ambiental y escritor para medios locales e internacionales sobre temas de geopolitica y medio ambiente.","sameAs":["http:\/\/www.patagoniambiental.com.ar","https:\/\/www.facebook.com\/share\/1C1V8Gv9BX\/?mibextid=qi2Omg","@patagoniambiental","https:\/\/youtube.com\/@patagoniaambiental2023?si=BLt58t0wuXquxlYZ"]}]}},"_links":{"self":[{"href":"https:\/\/patagoniambiental.com.ar\/info\/wp-json\/wp\/v2\/posts\/77154","targetHints":{"allow":["GET"]}}],"collection":[{"href":"https:\/\/patagoniambiental.com.ar\/info\/wp-json\/wp\/v2\/posts"}],"about":[{"href":"https:\/\/patagoniambiental.com.ar\/info\/wp-json\/wp\/v2\/types\/post"}],"author":[{"embeddable":true,"href":"https:\/\/patagoniambiental.com.ar\/info\/wp-json\/wp\/v2\/users\/2"}],"replies":[{"embeddable":true,"href":"https:\/\/patagoniambiental.com.ar\/info\/wp-json\/wp\/v2\/comments?post=77154"}],"version-history":[{"count":0,"href":"https:\/\/patagoniambiental.com.ar\/info\/wp-json\/wp\/v2\/posts\/77154\/revisions"}],"wp:featuredmedia":[{"embeddable":true,"href":"https:\/\/patagoniambiental.com.ar\/info\/wp-json\/wp\/v2\/media\/77155"}],"wp:attachment":[{"href":"https:\/\/patagoniambiental.com.ar\/info\/wp-json\/wp\/v2\/media?parent=77154"}],"wp:term":[{"taxonomy":"category","embeddable":true,"href":"https:\/\/patagoniambiental.com.ar\/info\/wp-json\/wp\/v2\/categories?post=77154"},{"taxonomy":"post_tag","embeddable":true,"href":"https:\/\/patagoniambiental.com.ar\/info\/wp-json\/wp\/v2\/tags?post=77154"}],"curies":[{"name":"wp","href":"https:\/\/api.w.org\/{rel}","templated":true}]}}