{"id":77171,"date":"2023-03-28T07:00:00","date_gmt":"2023-03-28T10:00:00","guid":{"rendered":"http:\/\/patagoniambiental.com.ar\/info\/?p=77171"},"modified":"2024-08-18T22:37:06","modified_gmt":"2024-08-19T01:37:06","slug":"municipios-de-neuquen-y-provincia-firmaron-con-la-onu-carta-de-intencion-hacia-ciudades-sostenibles","status":"publish","type":"post","link":"https:\/\/patagoniambiental.com.ar\/info\/municipios-de-neuquen-y-provincia-firmaron-con-la-onu-carta-de-intencion-hacia-ciudades-sostenibles\/","title":{"rendered":"Municipios de Neuquen y Provincia firmaron con la ONU carta de intenci\u00f3n hacia Ciudades Sostenibles"},"content":{"rendered":"\n<!--more-->\n\n\n\n<p><em>La agencia del organismo internacional sobre H\u00e1bitat, que es autoridad l\u00edder y destacada en asuntos de urbanizaci\u00f3n, transferir\u00e1 la metodolog\u00eda \u201cOur City Plans\u201d para elaborar planes municipales en cuatro localidades de la provincia.<\/em><\/p>\n\n\n\n<p><br>El Gobierno de la Provincia y los municipios de Alumin\u00e9, El Huec\u00fa, Las Lajas y Plaza Huincul, firmaron esta ma\u00f1ana una carta de intenci\u00f3n con la agencia ONU H\u00e1bitat para la elaboraci\u00f3n conjunta de planes municipales piloto a trav\u00e9s de la transferencia de la metodolog\u00eda \u201cOur City Plans\u201d, dise\u00f1ada por el organismo internacional.<\/p>\n\n\n\n<p>Se trata del punto de partida del despliegue territorial de las agencias ONU en cada una de las microrregiones de la provincia en el marco del Programa Ciudades Sostenibles.<\/p>\n\n\n\n<p>De la firma del convenio, que se desarroll\u00f3 en la sede del ministerio Jefatura de Gabinete, particip\u00f3 el gobernador Omar Guti\u00e9rrez y los representantes de ONU Habitat, ONU Mujeres y UNOPS, Fernando Murillo, Alain Grimard y Fulvia Farinelli. En forma presencial estuvieron los ministros Jefe de Gabinete, Sebasti\u00e1n Gonz\u00e1lez; de Mujeres y Diversidad, Mar\u00eda Eugenia Ferraresso; y Gobierno y Educaci\u00f3n, Osvaldo Llancafilo; el secretario de COPADE, Pablo Guti\u00e9rrez Colantuono; y los intendentes de Alumin\u00e9, Gabriel \u00c1lamo; Plaza Huincul, Gustavo Su\u00e1rez; El Huec\u00fa, Cristian Puentes; y Las Lajas, Mar\u00eda Ang\u00e9lica Espinosa.<\/p>\n\n\n\n<p>\u201cOur City Plans\u201d es una caja de herramientas que gu\u00eda y apoya tanto a los gobiernos como al sector privado en el desarrollo de procesos de planificaci\u00f3n urbana inclusiva e integrada, basada en buenas pr\u00e1cticas globales y regionales, a trav\u00e9s de una metodolog\u00eda participativa e incremental que se adapta a las necesidades y el contexto local. Es el resultado del trabajo de ONU H\u00e1bitat y organizaciones aliadas en m\u00e1s de 100 procesos de planificaci\u00f3n urbana participativa implementados en diferentes contextos globales desde el a\u00f1o 2014.<\/p>\n\n\n\n<p>Cada ciudad, seg\u00fan sus retos particulares y recursos disponibles, podr\u00e1 adaptar una hoja de ruta para su proceso de planificaci\u00f3n que le permita abordar distintas escalas y alcances de acuerdo a sus necesidades: desde la definici\u00f3n de una visi\u00f3n de desarrollo estrat\u00e9gico, un plan de gesti\u00f3n del suelo, as\u00ed como planes y proyectos a escala de barrio.<\/p>\n\n\n\n<p>La caja de herramientas incorpora la inclusi\u00f3n y participaci\u00f3n ciudadana en distintos niveles y etapas; la integraci\u00f3n de la gesti\u00f3n de riesgos de desastres y resiliencia clim\u00e1tica en la planificaci\u00f3n urbana; herramientas de desarrollo y gesti\u00f3n del suelo integrales; el desarrollo de planes de distinta escala, desde la ciudad hasta planes barriales; y la alineaci\u00f3n a las agendas globales de desarrollo sostenible.<\/p>\n\n\n\n<p>\u201cMi aspiraci\u00f3n es que esto se replique con total profundidad en los municipios que hoy se est\u00e1n incorporando, estos cuatro que han sido de alguna manera privilegiados, y que tienen la responsabilidad de tirar de este carro para que se pueda replicar esta pol\u00edtica en otras ciudades\u201d, expres\u00f3 el gobernador Guti\u00e9rrez en su intervenci\u00f3n.&nbsp;<\/p>\n\n\n\n<p>A\u00f1adi\u00f3 que es importante que la ONU sepa \u201cque tiene en Neuqu\u00e9n un socio estrat\u00e9gico para mostrar estas pol\u00edticas p\u00fablicas. Hemos escrito una p\u00e1gina importante que significa un antes y un despu\u00e9s en las pol\u00edticas p\u00fablicas y que implica un paso m\u00e1s hacia el desarrollo\u201d.<\/p>\n\n\n\n<p>Destac\u00f3 el trabajo articulado en la provincia, habida cuenta de que \u201ccuando uno toma lo que estamos trabajando aqu\u00ed en la provincia y analiza las l\u00edneas de financiamiento del BID para producci\u00f3n, medio ambiente, mitigaci\u00f3n de los cambios clim\u00e1ticos, o la ley de juventudes que apunta al registro del empleo no formalizado a partir de objetivos como la igualdad de g\u00e9nero, la inclusi\u00f3n de personas con discapacidad, son par\u00e1metros que son tenidos en cuenta para capitalizar estas l\u00edneas de trabajo BID y trabajar con la ONU\u201d, y asegur\u00f3 que se trata de \u201chechos concretos que apuntan a tener m\u00e1s trabajo y m\u00e1s desarrollo, que anclan en la realidad d\u00eda a d\u00eda en cuanto a la calidad de vida y a dar las mismas oportunidades a todos a lo largo y a lo ancho de la provincia\u201d.<\/p>\n\n\n\n<p>Por su parte, el ministro Llancafilo record\u00f3 la importancia de \u201csumar la mirada local de los intendentes\u201d, y destac\u00f3 los avances de los gobiernos locales en la integraci\u00f3n de la diversidad y la interculturalidad. \u201cNeuqu\u00e9n puede dar muestras claras de trabajo conjunto con los pueblos originarios en cada zona de la provincia donde compartimos el h\u00e1bitat. Hay un abordaje conjunto tanto en las zonas urbanas como rurales, y los municipios son claves en la asistencia en cuestiones sociales y de obras p\u00fablicas de impacto, con la l\u00f3gica federal que hemos tenido a lo largo de estos a\u00f1os\u201d, se\u00f1al\u00f3.<\/p>\n\n\n\n<p>El especialista en h\u00e1bitat de la ONU, Alain Grimard, dijo que a partir de ahora \u201chabr\u00e1 que hacer muchos esfuerzos, tener muchos intercambios en los pr\u00f3ximos meses con todos ustedes y con el acompa\u00f1amiento del Copade, tanto nosotros como varios de mis colegas que no participan hoy de esta reuni\u00f3n. Todos ser\u00e1n tambi\u00e9n muy importantes en la implementaci\u00f3n pero soy muy optimista en que los resultados de esta carta de intenci\u00f3n satisfar\u00e1n a todos\u201d.<\/p>\n\n\n\n<p>Por \u00faltimo, Fluvia Puricelli destac\u00f3 \u201cla importancia de la planificaci\u00f3n urbana inclusiva, integrada y sustentable en la agenda 2030\u201d y reiter\u00f3 que \u201cno hay ning\u00fan objetivo de desarrollo sostenible que sea independiente de los otros, y por ello estamos buscando el desarrollo sostenible integral de la mano de los municipios\u201d. \u201cGracias por la confianza a la provincia, al Copade y al CFI, siempre pueden contar con nuestro apoyo\u201d, finaliz\u00f3.<\/p>\n\n\n\n<div style=\"height:100px\" aria-hidden=\"true\" class=\"wp-block-spacer\"><\/div>\n\n\n\n<h2 class=\"wp-block-heading\" id=\"h-acerca-del-programa-ciudades-sostenibles\"><strong>Acerca del Programa Ciudades Sostenibles<\/strong><\/h2>\n\n\n\n<p>El programa consiste en alianza estrat\u00e9gica con la Organizaci\u00f3n de Naciones Unidas para desplegar en territorio la asistencia t\u00e9cnica de las agencias ONU H\u00e1bitat, UNOPS y ONU Mujeres, de la que participa el Gobierno de la Provincia del Neuqu\u00e9n -a trav\u00e9s de la Secretar\u00eda de Planificaci\u00f3n y Acci\u00f3n para el Desarrollo (COPADE)- junto al Consejo Federal de Inversiones (CFI).<\/p>\n\n\n\n<p>Durante nueve meses se llevar\u00e1n adelante acciones de formaci\u00f3n y transferencia metodol\u00f3gica para la elaboraci\u00f3n conjunta de herramientas de planificaci\u00f3n y gesti\u00f3n gubernamental, impactando en todas las localidades de la provincia con el objetivo de fortalecer las capacidades de los organismos provinciales, los gobiernos locales y el sector privado.<\/p>\n\n\n\n<div style=\"height:100px\" aria-hidden=\"true\" class=\"wp-block-spacer\"><\/div>\n\n\n\n<h2 class=\"wp-block-heading\" id=\"h-componentes\"><strong>Componentes<\/strong><\/h2>\n\n\n\n<p>El programa tiene tres componentes: Planificaci\u00f3n Territorial Sostenible, Obras P\u00fablicas Sostenibles y G\u00e9nero e Infraestructura de Cuidado.<\/p>\n\n\n\n<p>El componente Planificaci\u00f3n Territorial Sostenible est\u00e1 vinculado a la incorporaci\u00f3n del enfoque de sostenibilidad y la transversalizaci\u00f3n de la perspectiva de g\u00e9nero e interseccionalidad en la planificaci\u00f3n de los territorios, con el objetivo de aumentar las capacidades de los gobiernos para el dise\u00f1o de una gesti\u00f3n urbana inclusiva e integrada. Esta l\u00ednea de acci\u00f3n est\u00e1 fuertemente ligada a la creaci\u00f3n y adaptaci\u00f3n de espacios p\u00fablicos en el sentido de mejorar la conectividad, seguridad y resiliencia de las ciudades.<\/p>\n\n\n\n<p>El componente Obras P\u00fablicas Sostenibles incluye instancias de formaci\u00f3n y transferencias de metodolog\u00edas para la elaboraci\u00f3n de herramientas orientadas a la confecci\u00f3n de presupuestos anuales, pliegos de obras y el dise\u00f1o de infraestructura con criterios de sostenibilidad, desde la dimensi\u00f3n social, ambiental, econ\u00f3mica e institucional.<\/p>\n\n\n\n<p>Po \u00faltimo, el componente G\u00e9nero e Infraestructura de Cuidado estar\u00e1 orientado a la transversalizaci\u00f3n de la perspectiva de g\u00e9nero e interseccionalidad en todo el ciclo de la obra p\u00fablica y al fortalecimiento de los procesos de creaci\u00f3n de infraestructura de cuidado. Incluir\u00e1 instancias de formaci\u00f3n y transferencia de metodolog\u00eda de c\u00e1lculo de costos de infraestructuras de cuidado.<\/p>\n\n\n\n<p>Fuente: Neuquen Informa <\/p>\n","protected":false},"excerpt":{"rendered":"","protected":false},"author":2,"featured_media":77179,"comment_status":"open","ping_status":"open","sticky":false,"template":"","format":"standard","meta":{"site-sidebar-layout":"default","site-content-layout":"","ast-site-content-layout":"default","site-content-style":"default","site-sidebar-style":"default","ast-global-header-display":"","ast-banner-title-visibility":"","ast-main-header-display":"","ast-hfb-above-header-display":"","ast-hfb-below-header-display":"","ast-hfb-mobile-header-display":"","site-post-title":"","ast-breadcrumbs-content":"","ast-featured-img":"","footer-sml-layout":"","ast-disable-related-posts":"","theme-transparent-header-meta":"","adv-header-id-meta":"","stick-header-meta":"","header-above-stick-meta":"","header-main-stick-meta":"","header-below-stick-meta":"","astra-migrate-meta-layouts":"default","ast-page-background-enabled":"default","ast-page-background-meta":{"desktop":{"background-color":"var(--ast-global-color-5)","background-image":"","background-repeat":"repeat","background-position":"center center","background-size":"auto","background-attachment":"scroll","background-type":"","background-media":"","overlay-type":"","overlay-color":"","overlay-opacity":"","overlay-gradient":""},"tablet":{"background-color":"","background-image":"","background-repeat":"repeat","background-position":"center center","background-size":"auto","background-attachment":"scroll","background-type":"","background-media":"","overlay-type":"","overlay-color":"","overlay-opacity":"","overlay-gradient":""},"mobile":{"background-color":"","background-image":"","background-repeat":"repeat","background-position":"center center","background-size":"auto","background-attachment":"scroll","background-type":"","background-media":"","overlay-type":"","overlay-color":"","overlay-opacity":"","overlay-gradient":""}},"ast-content-background-meta":{"desktop":{"background-color":"var(--ast-global-color-4)","background-image":"","background-repeat":"repeat","background-position":"center center","background-size":"auto","background-attachment":"scroll","background-type":"","background-media":"","overlay-type":"","overlay-color":"","overlay-opacity":"","overlay-gradient":""},"tablet":{"background-color":"var(--ast-global-color-4)","background-image":"","background-repeat":"repeat","background-position":"center center","background-size":"auto","background-attachment":"scroll","background-type":"","background-media":"","overlay-type":"","overlay-color":"","overlay-opacity":"","overlay-gradient":""},"mobile":{"background-color":"var(--ast-global-color-4)","background-image":"","background-repeat":"repeat","background-position":"center center","background-size":"auto","background-attachment":"scroll","background-type":"","background-media":"","overlay-type":"","overlay-color":"","overlay-opacity":"","overlay-gradient":""}},"footnotes":""},"categories":[1],"tags":[],"class_list":["post-77171","post","type-post","status-publish","format-standard","has-post-thumbnail","hentry","category-noticias"],"yoast_head":"<!-- This site is optimized with the Yoast SEO Premium plugin v23.0 (Yoast SEO v27.4) - https:\/\/yoast.com\/product\/yoast-seo-premium-wordpress\/ -->\n<title>Municipios de Neuquen y Provincia firmaron con la ONU carta de intenci\u00f3n hacia Ciudades Sostenibles<\/title>\n<meta name=\"robots\" content=\"index, follow, max-snippet:-1, max-image-preview:large, max-video-preview:-1\" \/>\n<link rel=\"canonical\" href=\"https:\/\/patagoniambiental.com.ar\/info\/municipios-de-neuquen-y-provincia-firmaron-con-la-onu-carta-de-intencion-hacia-ciudades-sostenibles\/\" \/>\n<meta property=\"og:locale\" content=\"es_ES\" \/>\n<meta property=\"og:type\" content=\"article\" \/>\n<meta property=\"og:title\" content=\"Municipios de Neuquen y Provincia firmaron con la ONU carta de intenci\u00f3n hacia Ciudades Sostenibles\" \/>\n<meta property=\"og:url\" content=\"https:\/\/patagoniambiental.com.ar\/info\/municipios-de-neuquen-y-provincia-firmaron-con-la-onu-carta-de-intencion-hacia-ciudades-sostenibles\/\" \/>\n<meta property=\"og:site_name\" content=\"Patagonia Ambiental\" \/>\n<meta property=\"article:publisher\" content=\"https:\/\/www.facebook.com\/patagonia.ambiental\" \/>\n<meta property=\"article:author\" content=\"https:\/\/www.facebook.com\/share\/1C1V8Gv9BX\/?mibextid=qi2Omg\" \/>\n<meta property=\"article:published_time\" content=\"2023-03-28T10:00:00+00:00\" \/>\n<meta property=\"article:modified_time\" content=\"2024-08-19T01:37:06+00:00\" \/>\n<meta property=\"og:image\" content=\"https:\/\/patagoniambiental.com.ar\/info\/wp-content\/uploads\/2023\/03\/thumbnail_WEB-Firma-carta-de-intencion-Naciones-Unidas-DSC_0115.jpg\" \/>\n\t<meta property=\"og:image:width\" content=\"1280\" \/>\n\t<meta property=\"og:image:height\" content=\"632\" \/>\n\t<meta property=\"og:image:type\" content=\"image\/jpeg\" \/>\n<meta name=\"author\" content=\"Patagonia Ambiental\" \/>\n<meta name=\"twitter:card\" content=\"summary_large_image\" \/>\n<meta name=\"twitter:creator\" content=\"@PatAmb\" \/>\n<meta name=\"twitter:site\" content=\"@PatAmb\" \/>\n<script type=\"application\/ld+json\" class=\"yoast-schema-graph\">{\"@context\":\"https:\\\/\\\/schema.org\",\"@graph\":[{\"@type\":\"Article\",\"@id\":\"https:\\\/\\\/patagoniambiental.com.ar\\\/info\\\/municipios-de-neuquen-y-provincia-firmaron-con-la-onu-carta-de-intencion-hacia-ciudades-sostenibles\\\/#article\",\"isPartOf\":{\"@id\":\"https:\\\/\\\/patagoniambiental.com.ar\\\/info\\\/municipios-de-neuquen-y-provincia-firmaron-con-la-onu-carta-de-intencion-hacia-ciudades-sostenibles\\\/\"},\"author\":{\"name\":\"Patagonia Ambiental\",\"@id\":\"https:\\\/\\\/patagoniambiental.com.ar\\\/info\\\/#\\\/schema\\\/person\\\/db12bff64bbcbf6a253710bf0ea37b5d\"},\"headline\":\"Municipios de Neuquen y Provincia firmaron con la ONU carta de intenci\u00f3n hacia Ciudades Sostenibles\",\"datePublished\":\"2023-03-28T10:00:00+00:00\",\"dateModified\":\"2024-08-19T01:37:06+00:00\",\"mainEntityOfPage\":{\"@id\":\"https:\\\/\\\/patagoniambiental.com.ar\\\/info\\\/municipios-de-neuquen-y-provincia-firmaron-con-la-onu-carta-de-intencion-hacia-ciudades-sostenibles\\\/\"},\"wordCount\":1348,\"commentCount\":0,\"publisher\":{\"@id\":\"https:\\\/\\\/patagoniambiental.com.ar\\\/info\\\/#organization\"},\"image\":{\"@id\":\"https:\\\/\\\/patagoniambiental.com.ar\\\/info\\\/municipios-de-neuquen-y-provincia-firmaron-con-la-onu-carta-de-intencion-hacia-ciudades-sostenibles\\\/#primaryimage\"},\"thumbnailUrl\":\"https:\\\/\\\/patagoniambiental.com.ar\\\/info\\\/wp-content\\\/uploads\\\/2023\\\/03\\\/thumbnail_WEB-Firma-carta-de-intencion-Naciones-Unidas-DSC_0115.jpg\",\"articleSection\":[\"Noticias\"],\"inLanguage\":\"es\",\"potentialAction\":[{\"@type\":\"CommentAction\",\"name\":\"Comment\",\"target\":[\"https:\\\/\\\/patagoniambiental.com.ar\\\/info\\\/municipios-de-neuquen-y-provincia-firmaron-con-la-onu-carta-de-intencion-hacia-ciudades-sostenibles\\\/#respond\"]}]},{\"@type\":\"WebPage\",\"@id\":\"https:\\\/\\\/patagoniambiental.com.ar\\\/info\\\/municipios-de-neuquen-y-provincia-firmaron-con-la-onu-carta-de-intencion-hacia-ciudades-sostenibles\\\/\",\"url\":\"https:\\\/\\\/patagoniambiental.com.ar\\\/info\\\/municipios-de-neuquen-y-provincia-firmaron-con-la-onu-carta-de-intencion-hacia-ciudades-sostenibles\\\/\",\"name\":\"Municipios de Neuquen y Provincia firmaron con la ONU carta de intenci\u00f3n hacia Ciudades Sostenibles\",\"isPartOf\":{\"@id\":\"https:\\\/\\\/patagoniambiental.com.ar\\\/info\\\/#website\"},\"primaryImageOfPage\":{\"@id\":\"https:\\\/\\\/patagoniambiental.com.ar\\\/info\\\/municipios-de-neuquen-y-provincia-firmaron-con-la-onu-carta-de-intencion-hacia-ciudades-sostenibles\\\/#primaryimage\"},\"image\":{\"@id\":\"https:\\\/\\\/patagoniambiental.com.ar\\\/info\\\/municipios-de-neuquen-y-provincia-firmaron-con-la-onu-carta-de-intencion-hacia-ciudades-sostenibles\\\/#primaryimage\"},\"thumbnailUrl\":\"https:\\\/\\\/patagoniambiental.com.ar\\\/info\\\/wp-content\\\/uploads\\\/2023\\\/03\\\/thumbnail_WEB-Firma-carta-de-intencion-Naciones-Unidas-DSC_0115.jpg\",\"datePublished\":\"2023-03-28T10:00:00+00:00\",\"dateModified\":\"2024-08-19T01:37:06+00:00\",\"breadcrumb\":{\"@id\":\"https:\\\/\\\/patagoniambiental.com.ar\\\/info\\\/municipios-de-neuquen-y-provincia-firmaron-con-la-onu-carta-de-intencion-hacia-ciudades-sostenibles\\\/#breadcrumb\"},\"inLanguage\":\"es\",\"potentialAction\":[{\"@type\":\"ReadAction\",\"target\":[\"https:\\\/\\\/patagoniambiental.com.ar\\\/info\\\/municipios-de-neuquen-y-provincia-firmaron-con-la-onu-carta-de-intencion-hacia-ciudades-sostenibles\\\/\"]}]},{\"@type\":\"ImageObject\",\"inLanguage\":\"es\",\"@id\":\"https:\\\/\\\/patagoniambiental.com.ar\\\/info\\\/municipios-de-neuquen-y-provincia-firmaron-con-la-onu-carta-de-intencion-hacia-ciudades-sostenibles\\\/#primaryimage\",\"url\":\"https:\\\/\\\/patagoniambiental.com.ar\\\/info\\\/wp-content\\\/uploads\\\/2023\\\/03\\\/thumbnail_WEB-Firma-carta-de-intencion-Naciones-Unidas-DSC_0115.jpg\",\"contentUrl\":\"https:\\\/\\\/patagoniambiental.com.ar\\\/info\\\/wp-content\\\/uploads\\\/2023\\\/03\\\/thumbnail_WEB-Firma-carta-de-intencion-Naciones-Unidas-DSC_0115.jpg\",\"width\":1200,\"height\":593},{\"@type\":\"BreadcrumbList\",\"@id\":\"https:\\\/\\\/patagoniambiental.com.ar\\\/info\\\/municipios-de-neuquen-y-provincia-firmaron-con-la-onu-carta-de-intencion-hacia-ciudades-sostenibles\\\/#breadcrumb\",\"itemListElement\":[{\"@type\":\"ListItem\",\"position\":1,\"name\":\"Inicio\",\"item\":\"https:\\\/\\\/patagoniambiental.com.ar\\\/info\\\/\"},{\"@type\":\"ListItem\",\"position\":2,\"name\":\"Municipios de Neuquen y Provincia firmaron con la ONU carta de intenci\u00f3n hacia Ciudades Sostenibles\"}]},{\"@type\":\"WebSite\",\"@id\":\"https:\\\/\\\/patagoniambiental.com.ar\\\/info\\\/#website\",\"url\":\"https:\\\/\\\/patagoniambiental.com.ar\\\/info\\\/\",\"name\":\"Patagonia Ambiental\",\"description\":\"Monitoreo y an\u00e1lisis de la situaci\u00f3n geopol\u00edtica en el mundo y su implicancia en la Patagonia\",\"publisher\":{\"@id\":\"https:\\\/\\\/patagoniambiental.com.ar\\\/info\\\/#organization\"},\"potentialAction\":[{\"@type\":\"SearchAction\",\"target\":{\"@type\":\"EntryPoint\",\"urlTemplate\":\"https:\\\/\\\/patagoniambiental.com.ar\\\/info\\\/?s={search_term_string}\"},\"query-input\":{\"@type\":\"PropertyValueSpecification\",\"valueRequired\":true,\"valueName\":\"search_term_string\"}}],\"inLanguage\":\"es\"},{\"@type\":\"Organization\",\"@id\":\"https:\\\/\\\/patagoniambiental.com.ar\\\/info\\\/#organization\",\"name\":\"Patagonia Ambiental\",\"url\":\"https:\\\/\\\/patagoniambiental.com.ar\\\/info\\\/\",\"logo\":{\"@type\":\"ImageObject\",\"inLanguage\":\"es\",\"@id\":\"https:\\\/\\\/patagoniambiental.com.ar\\\/info\\\/#\\\/schema\\\/logo\\\/image\\\/\",\"url\":\"https:\\\/\\\/patagoniambiental.com.ar\\\/info\\\/wp-content\\\/uploads\\\/2025\\\/05\\\/LOGO-PATAGONIA-AMBIENTAL.png\",\"contentUrl\":\"https:\\\/\\\/patagoniambiental.com.ar\\\/info\\\/wp-content\\\/uploads\\\/2025\\\/05\\\/LOGO-PATAGONIA-AMBIENTAL.png\",\"width\":433,\"height\":250,\"caption\":\"Patagonia Ambiental\"},\"image\":{\"@id\":\"https:\\\/\\\/patagoniambiental.com.ar\\\/info\\\/#\\\/schema\\\/logo\\\/image\\\/\"},\"sameAs\":[\"https:\\\/\\\/www.facebook.com\\\/patagonia.ambiental\",\"https:\\\/\\\/x.com\\\/PatAmb\"]},{\"@type\":\"Person\",\"@id\":\"https:\\\/\\\/patagoniambiental.com.ar\\\/info\\\/#\\\/schema\\\/person\\\/db12bff64bbcbf6a253710bf0ea37b5d\",\"name\":\"Patagonia Ambiental\",\"description\":\"Andr\u00e9s Nievas T\u00e9cnico en manejo ambiental, consultor Ambiental y escritor para medios locales e internacionales sobre temas de geopolitica y medio ambiente.\",\"sameAs\":[\"http:\\\/\\\/www.patagoniambiental.com.ar\",\"https:\\\/\\\/www.facebook.com\\\/share\\\/1C1V8Gv9BX\\\/?mibextid=qi2Omg\",\"@patagoniambiental\",\"https:\\\/\\\/youtube.com\\\/@patagoniaambiental2023?si=BLt58t0wuXquxlYZ\"]}]}<\/script>\n<!-- \/ Yoast SEO Premium plugin. -->","yoast_head_json":{"title":"Municipios de Neuquen y Provincia firmaron con la ONU carta de intenci\u00f3n hacia Ciudades Sostenibles","robots":{"index":"index","follow":"follow","max-snippet":"max-snippet:-1","max-image-preview":"max-image-preview:large","max-video-preview":"max-video-preview:-1"},"canonical":"https:\/\/patagoniambiental.com.ar\/info\/municipios-de-neuquen-y-provincia-firmaron-con-la-onu-carta-de-intencion-hacia-ciudades-sostenibles\/","og_locale":"es_ES","og_type":"article","og_title":"Municipios de Neuquen y Provincia firmaron con la ONU carta de intenci\u00f3n hacia Ciudades Sostenibles","og_url":"https:\/\/patagoniambiental.com.ar\/info\/municipios-de-neuquen-y-provincia-firmaron-con-la-onu-carta-de-intencion-hacia-ciudades-sostenibles\/","og_site_name":"Patagonia Ambiental","article_publisher":"https:\/\/www.facebook.com\/patagonia.ambiental","article_author":"https:\/\/www.facebook.com\/share\/1C1V8Gv9BX\/?mibextid=qi2Omg","article_published_time":"2023-03-28T10:00:00+00:00","article_modified_time":"2024-08-19T01:37:06+00:00","og_image":[{"width":1280,"height":632,"url":"https:\/\/patagoniambiental.com.ar\/info\/wp-content\/uploads\/2023\/03\/thumbnail_WEB-Firma-carta-de-intencion-Naciones-Unidas-DSC_0115.jpg","type":"image\/jpeg"}],"author":"Patagonia Ambiental","twitter_card":"summary_large_image","twitter_creator":"@PatAmb","twitter_site":"@PatAmb","schema":{"@context":"https:\/\/schema.org","@graph":[{"@type":"Article","@id":"https:\/\/patagoniambiental.com.ar\/info\/municipios-de-neuquen-y-provincia-firmaron-con-la-onu-carta-de-intencion-hacia-ciudades-sostenibles\/#article","isPartOf":{"@id":"https:\/\/patagoniambiental.com.ar\/info\/municipios-de-neuquen-y-provincia-firmaron-con-la-onu-carta-de-intencion-hacia-ciudades-sostenibles\/"},"author":{"name":"Patagonia Ambiental","@id":"https:\/\/patagoniambiental.com.ar\/info\/#\/schema\/person\/db12bff64bbcbf6a253710bf0ea37b5d"},"headline":"Municipios de Neuquen y Provincia firmaron con la ONU carta de intenci\u00f3n hacia Ciudades Sostenibles","datePublished":"2023-03-28T10:00:00+00:00","dateModified":"2024-08-19T01:37:06+00:00","mainEntityOfPage":{"@id":"https:\/\/patagoniambiental.com.ar\/info\/municipios-de-neuquen-y-provincia-firmaron-con-la-onu-carta-de-intencion-hacia-ciudades-sostenibles\/"},"wordCount":1348,"commentCount":0,"publisher":{"@id":"https:\/\/patagoniambiental.com.ar\/info\/#organization"},"image":{"@id":"https:\/\/patagoniambiental.com.ar\/info\/municipios-de-neuquen-y-provincia-firmaron-con-la-onu-carta-de-intencion-hacia-ciudades-sostenibles\/#primaryimage"},"thumbnailUrl":"https:\/\/patagoniambiental.com.ar\/info\/wp-content\/uploads\/2023\/03\/thumbnail_WEB-Firma-carta-de-intencion-Naciones-Unidas-DSC_0115.jpg","articleSection":["Noticias"],"inLanguage":"es","potentialAction":[{"@type":"CommentAction","name":"Comment","target":["https:\/\/patagoniambiental.com.ar\/info\/municipios-de-neuquen-y-provincia-firmaron-con-la-onu-carta-de-intencion-hacia-ciudades-sostenibles\/#respond"]}]},{"@type":"WebPage","@id":"https:\/\/patagoniambiental.com.ar\/info\/municipios-de-neuquen-y-provincia-firmaron-con-la-onu-carta-de-intencion-hacia-ciudades-sostenibles\/","url":"https:\/\/patagoniambiental.com.ar\/info\/municipios-de-neuquen-y-provincia-firmaron-con-la-onu-carta-de-intencion-hacia-ciudades-sostenibles\/","name":"Municipios de Neuquen y Provincia firmaron con la ONU carta de intenci\u00f3n hacia Ciudades Sostenibles","isPartOf":{"@id":"https:\/\/patagoniambiental.com.ar\/info\/#website"},"primaryImageOfPage":{"@id":"https:\/\/patagoniambiental.com.ar\/info\/municipios-de-neuquen-y-provincia-firmaron-con-la-onu-carta-de-intencion-hacia-ciudades-sostenibles\/#primaryimage"},"image":{"@id":"https:\/\/patagoniambiental.com.ar\/info\/municipios-de-neuquen-y-provincia-firmaron-con-la-onu-carta-de-intencion-hacia-ciudades-sostenibles\/#primaryimage"},"thumbnailUrl":"https:\/\/patagoniambiental.com.ar\/info\/wp-content\/uploads\/2023\/03\/thumbnail_WEB-Firma-carta-de-intencion-Naciones-Unidas-DSC_0115.jpg","datePublished":"2023-03-28T10:00:00+00:00","dateModified":"2024-08-19T01:37:06+00:00","breadcrumb":{"@id":"https:\/\/patagoniambiental.com.ar\/info\/municipios-de-neuquen-y-provincia-firmaron-con-la-onu-carta-de-intencion-hacia-ciudades-sostenibles\/#breadcrumb"},"inLanguage":"es","potentialAction":[{"@type":"ReadAction","target":["https:\/\/patagoniambiental.com.ar\/info\/municipios-de-neuquen-y-provincia-firmaron-con-la-onu-carta-de-intencion-hacia-ciudades-sostenibles\/"]}]},{"@type":"ImageObject","inLanguage":"es","@id":"https:\/\/patagoniambiental.com.ar\/info\/municipios-de-neuquen-y-provincia-firmaron-con-la-onu-carta-de-intencion-hacia-ciudades-sostenibles\/#primaryimage","url":"https:\/\/patagoniambiental.com.ar\/info\/wp-content\/uploads\/2023\/03\/thumbnail_WEB-Firma-carta-de-intencion-Naciones-Unidas-DSC_0115.jpg","contentUrl":"https:\/\/patagoniambiental.com.ar\/info\/wp-content\/uploads\/2023\/03\/thumbnail_WEB-Firma-carta-de-intencion-Naciones-Unidas-DSC_0115.jpg","width":1200,"height":593},{"@type":"BreadcrumbList","@id":"https:\/\/patagoniambiental.com.ar\/info\/municipios-de-neuquen-y-provincia-firmaron-con-la-onu-carta-de-intencion-hacia-ciudades-sostenibles\/#breadcrumb","itemListElement":[{"@type":"ListItem","position":1,"name":"Inicio","item":"https:\/\/patagoniambiental.com.ar\/info\/"},{"@type":"ListItem","position":2,"name":"Municipios de Neuquen y Provincia firmaron con la ONU carta de intenci\u00f3n hacia Ciudades Sostenibles"}]},{"@type":"WebSite","@id":"https:\/\/patagoniambiental.com.ar\/info\/#website","url":"https:\/\/patagoniambiental.com.ar\/info\/","name":"Patagonia Ambiental","description":"Monitoreo y an\u00e1lisis de la situaci\u00f3n geopol\u00edtica en el mundo y su implicancia en la Patagonia","publisher":{"@id":"https:\/\/patagoniambiental.com.ar\/info\/#organization"},"potentialAction":[{"@type":"SearchAction","target":{"@type":"EntryPoint","urlTemplate":"https:\/\/patagoniambiental.com.ar\/info\/?s={search_term_string}"},"query-input":{"@type":"PropertyValueSpecification","valueRequired":true,"valueName":"search_term_string"}}],"inLanguage":"es"},{"@type":"Organization","@id":"https:\/\/patagoniambiental.com.ar\/info\/#organization","name":"Patagonia Ambiental","url":"https:\/\/patagoniambiental.com.ar\/info\/","logo":{"@type":"ImageObject","inLanguage":"es","@id":"https:\/\/patagoniambiental.com.ar\/info\/#\/schema\/logo\/image\/","url":"https:\/\/patagoniambiental.com.ar\/info\/wp-content\/uploads\/2025\/05\/LOGO-PATAGONIA-AMBIENTAL.png","contentUrl":"https:\/\/patagoniambiental.com.ar\/info\/wp-content\/uploads\/2025\/05\/LOGO-PATAGONIA-AMBIENTAL.png","width":433,"height":250,"caption":"Patagonia Ambiental"},"image":{"@id":"https:\/\/patagoniambiental.com.ar\/info\/#\/schema\/logo\/image\/"},"sameAs":["https:\/\/www.facebook.com\/patagonia.ambiental","https:\/\/x.com\/PatAmb"]},{"@type":"Person","@id":"https:\/\/patagoniambiental.com.ar\/info\/#\/schema\/person\/db12bff64bbcbf6a253710bf0ea37b5d","name":"Patagonia Ambiental","description":"Andr\u00e9s Nievas T\u00e9cnico en manejo ambiental, consultor Ambiental y escritor para medios locales e internacionales sobre temas de geopolitica y medio ambiente.","sameAs":["http:\/\/www.patagoniambiental.com.ar","https:\/\/www.facebook.com\/share\/1C1V8Gv9BX\/?mibextid=qi2Omg","@patagoniambiental","https:\/\/youtube.com\/@patagoniaambiental2023?si=BLt58t0wuXquxlYZ"]}]}},"_links":{"self":[{"href":"https:\/\/patagoniambiental.com.ar\/info\/wp-json\/wp\/v2\/posts\/77171","targetHints":{"allow":["GET"]}}],"collection":[{"href":"https:\/\/patagoniambiental.com.ar\/info\/wp-json\/wp\/v2\/posts"}],"about":[{"href":"https:\/\/patagoniambiental.com.ar\/info\/wp-json\/wp\/v2\/types\/post"}],"author":[{"embeddable":true,"href":"https:\/\/patagoniambiental.com.ar\/info\/wp-json\/wp\/v2\/users\/2"}],"replies":[{"embeddable":true,"href":"https:\/\/patagoniambiental.com.ar\/info\/wp-json\/wp\/v2\/comments?post=77171"}],"version-history":[{"count":0,"href":"https:\/\/patagoniambiental.com.ar\/info\/wp-json\/wp\/v2\/posts\/77171\/revisions"}],"wp:featuredmedia":[{"embeddable":true,"href":"https:\/\/patagoniambiental.com.ar\/info\/wp-json\/wp\/v2\/media\/77179"}],"wp:attachment":[{"href":"https:\/\/patagoniambiental.com.ar\/info\/wp-json\/wp\/v2\/media?parent=77171"}],"wp:term":[{"taxonomy":"category","embeddable":true,"href":"https:\/\/patagoniambiental.com.ar\/info\/wp-json\/wp\/v2\/categories?post=77171"},{"taxonomy":"post_tag","embeddable":true,"href":"https:\/\/patagoniambiental.com.ar\/info\/wp-json\/wp\/v2\/tags?post=77171"}],"curies":[{"name":"wp","href":"https:\/\/api.w.org\/{rel}","templated":true}]}}