{"id":77183,"date":"2023-03-30T07:00:00","date_gmt":"2023-03-30T10:00:00","guid":{"rendered":"http:\/\/patagoniambiental.com.ar\/info\/?p=77183"},"modified":"2024-08-18T22:31:11","modified_gmt":"2024-08-19T01:31:11","slug":"emblematico-barco-de-greenpeace-llego-al-sur-de-chile-para-denunciar-los-impactos-de-la-industria-salmonera","status":"publish","type":"post","link":"https:\/\/patagoniambiental.com.ar\/info\/emblematico-barco-de-greenpeace-llego-al-sur-de-chile-para-denunciar-los-impactos-de-la-industria-salmonera\/","title":{"rendered":"Barco de Greenpeace lleg\u00f3 al sur de Chile para denunciar impactos de la industria salmonera"},"content":{"rendered":"\n<!--more-->\n\n\n\n<p>\u201cWitness\u201d, ya est\u00e1 en la Patagonia austral y estar\u00e1 un mes recorriendo los fiordos en zonas afectadas por salmoneras <\/p>\n\n\n\n<div style=\"height:100px\" aria-hidden=\"true\" class=\"wp-block-spacer\"><\/div>\n\n\n\n<h2 class=\"wp-block-heading\" id=\"h-campana-internacional-busca-proteger-los-mares-de-la-industria-salmonera-nbsp\"><strong>Campa\u00f1a internacional busca proteger los mares de la industria salmonera&nbsp;<\/strong><\/h2>\n\n\n\n<p>\u201cWitness\u201d, el barco m\u00e1s nuevo y ecol\u00f3gico de Greenpeace, <strong>ya est\u00e1 en la Patagonia chilena y estar\u00e1 un mes recorriendo los fiordos patag\u00f3nicos, en el marco de la campa\u00f1a<\/strong>&nbsp;<a href=\"http:\/\/www.nomassalmoneras.cl\/\">www.nomassalmoneras.cl<\/a>&nbsp;q<strong>ue busca proteger los mares del sur de la expansi\u00f3n de la industria salmonera. La campa\u00f1a de la ONG aprovechar\u00e1 el barco para constatar y denunciar, junto a cient\u00edficos y activistas, los impactos de la salmonicultura en aguas patag\u00f3nicas.&nbsp;&nbsp;<\/strong><\/p>\n\n\n\n<p>Construido en 2003 en Sud\u00e1frica y anteriormente conocido como Pelagic Australis, el Witness, el barco m\u00e1s peque\u00f1o de la flota de la organizaci\u00f3n, naci\u00f3 con los colores de Greenpeace en septiembre de 2021. Tiene 22,5 metros de largo y cuenta con una quilla y tim\u00f3n que se elevan, por lo que puede navegar en aguas poco profundas, inaccesibles para barcos m\u00e1s grandes. La forma principal de propulsi\u00f3n son las velas, siendo un un velero de buen rendimiento al que se agregaron turbinas e\u00f3licas y paneles solares a un sistema optimizado de administraci\u00f3n de energ\u00eda.<\/p>\n\n\n\n<figure class=\"wp-block-image\"><img decoding=\"async\" src=\"https:\/\/www.greenpeace.org\/static\/planet4-chile-stateless\/2022\/04\/257d63e6-gp1swzgr_web_size.jpg\" alt=\"\" class=\"wp-image-7914\"\/><figcaption class=\"wp-element-caption\">El barco Witness ya lleg\u00f3 a Punta Arenas, Chile, para estar durante un mes navegando entre los fiordos patog\u00e9nicos levantando informaci\u00f3n sobre industria salmonera.<\/figcaption><\/figure>\n\n\n\n<p>\u201c<strong>Este barco viene a ayudarnos a documentar c\u00f3mo la industria salmonera es una actividad que introduce especies ex\u00f3ticas invasoras para cultivarlas de manera intensiva y con altas densidades, que a trav\u00e9s del uso indiscriminado de qu\u00edmicos y antibi\u00f3ticos, impactan en los fiordos de nuestra Patagonia, da\u00f1ando sus aguas y fondos marinos<\/strong>\u201d, explica Estefan\u00eda Gonz\u00e1lez, la vocera de la ONG.&nbsp;<\/p>\n\n\n\n<p>Agreg\u00f3 que:&nbsp;<em>\u201cGreenpeace se ha caracterizado por su trabajo en terreno donde puede llegar a zonas muy remotas que incluso son de dif\u00edcil acceso para el propio Estado. <strong>Este barco, al ser m\u00e1s peque\u00f1o, nos permitir\u00e1 llegar mucho m\u00e1s cerca de los centros que hoy operan en Magallanes, para documentar sus instalaciones y proporcionar antecedentes para la comunidad local. Tendremos el desaf\u00edo de las condiciones climatol\u00f3gicas, pero estamos seguros que el Witness ser\u00e1 una importante herramienta para poder detener la expansi\u00f3n de una industria contaminante de nuestro pa\u00eds<\/strong>\u201d<\/em>.<\/p>\n\n\n\n<figure class=\"wp-block-image\"><img decoding=\"async\" src=\"https:\/\/www.greenpeace.org\/static\/planet4-chile-stateless\/2023\/03\/6c284253-gpch-vicente-gonzalez-mimica-8-1024x683.jpg\" alt=\"\" class=\"wp-image-9140\"\/><figcaption class=\"wp-element-caption\">Activista de Greenpeace en puerto Punta Arenas \u2013 \u00a9Vicente Gonz\u00e1lez Mimica<\/figcaption><\/figure>\n\n\n\n<p>La llegada del Witness se suma a la filmaci\u00f3n, hace un a\u00f1o, del documental <strong>\u201cPor Aqu\u00ed No\u201d, protagonizado por Carolina Arregui y Benjam\u00edn Vicu\u00f1a quienes recorrieron parte de la zona en el marco de esta campa\u00f1a que busca decir No a las Salmoneras en la Patagonia chilena.\u00a0\u00a0<\/strong><\/p>\n\n\n\n<h4 class=\"wp-block-heading\" id=\"h-fuente-www-elciudadano-com\">Fuente: www.elciudadano.com<\/h4>\n","protected":false},"excerpt":{"rendered":"","protected":false},"author":2,"featured_media":77184,"comment_status":"open","ping_status":"open","sticky":false,"template":"","format":"standard","meta":{"site-sidebar-layout":"default","site-content-layout":"","ast-site-content-layout":"default","site-content-style":"default","site-sidebar-style":"default","ast-global-header-display":"","ast-banner-title-visibility":"","ast-main-header-display":"","ast-hfb-above-header-display":"","ast-hfb-below-header-display":"","ast-hfb-mobile-header-display":"","site-post-title":"","ast-breadcrumbs-content":"","ast-featured-img":"","footer-sml-layout":"","ast-disable-related-posts":"","theme-transparent-header-meta":"","adv-header-id-meta":"","stick-header-meta":"","header-above-stick-meta":"","header-main-stick-meta":"","header-below-stick-meta":"","astra-migrate-meta-layouts":"default","ast-page-background-enabled":"default","ast-page-background-meta":{"desktop":{"background-color":"var(--ast-global-color-5)","background-image":"","background-repeat":"repeat","background-position":"center center","background-size":"auto","background-attachment":"scroll","background-type":"","background-media":"","overlay-type":"","overlay-color":"","overlay-opacity":"","overlay-gradient":""},"tablet":{"background-color":"","background-image":"","background-repeat":"repeat","background-position":"center center","background-size":"auto","background-attachment":"scroll","background-type":"","background-media":"","overlay-type":"","overlay-color":"","overlay-opacity":"","overlay-gradient":""},"mobile":{"background-color":"","background-image":"","background-repeat":"repeat","background-position":"center center","background-size":"auto","background-attachment":"scroll","background-type":"","background-media":"","overlay-type":"","overlay-color":"","overlay-opacity":"","overlay-gradient":""}},"ast-content-background-meta":{"desktop":{"background-color":"var(--ast-global-color-4)","background-image":"","background-repeat":"repeat","background-position":"center center","background-size":"auto","background-attachment":"scroll","background-type":"","background-media":"","overlay-type":"","overlay-color":"","overlay-opacity":"","overlay-gradient":""},"tablet":{"background-color":"var(--ast-global-color-4)","background-image":"","background-repeat":"repeat","background-position":"center center","background-size":"auto","background-attachment":"scroll","background-type":"","background-media":"","overlay-type":"","overlay-color":"","overlay-opacity":"","overlay-gradient":""},"mobile":{"background-color":"var(--ast-global-color-4)","background-image":"","background-repeat":"repeat","background-position":"center center","background-size":"auto","background-attachment":"scroll","background-type":"","background-media":"","overlay-type":"","overlay-color":"","overlay-opacity":"","overlay-gradient":""}},"footnotes":""},"categories":[23,1,3],"tags":[],"class_list":["post-77183","post","type-post","status-publish","format-standard","has-post-thumbnail","hentry","category-internacionales","category-noticias","category-ong"],"yoast_head":"<!-- This site is optimized with the Yoast SEO Premium plugin v23.0 (Yoast SEO v27.4) - https:\/\/yoast.com\/product\/yoast-seo-premium-wordpress\/ -->\n<title>Barco de Greenpeace lleg\u00f3 al sur de Chile para denunciar impactos de la industria salmonera<\/title>\n<meta name=\"robots\" content=\"index, follow, max-snippet:-1, max-image-preview:large, max-video-preview:-1\" \/>\n<link rel=\"canonical\" href=\"https:\/\/patagoniambiental.com.ar\/info\/emblematico-barco-de-greenpeace-llego-al-sur-de-chile-para-denunciar-los-impactos-de-la-industria-salmonera\/\" \/>\n<meta property=\"og:locale\" content=\"es_ES\" \/>\n<meta property=\"og:type\" content=\"article\" \/>\n<meta property=\"og:title\" content=\"Barco de Greenpeace lleg\u00f3 al sur de Chile para denunciar impactos de la industria salmonera\" \/>\n<meta property=\"og:url\" content=\"https:\/\/patagoniambiental.com.ar\/info\/emblematico-barco-de-greenpeace-llego-al-sur-de-chile-para-denunciar-los-impactos-de-la-industria-salmonera\/\" \/>\n<meta property=\"og:site_name\" content=\"Patagonia Ambiental\" \/>\n<meta property=\"article:publisher\" content=\"https:\/\/www.facebook.com\/patagonia.ambiental\" \/>\n<meta property=\"article:author\" content=\"https:\/\/www.facebook.com\/share\/1C1V8Gv9BX\/?mibextid=qi2Omg\" \/>\n<meta property=\"article:published_time\" content=\"2023-03-30T10:00:00+00:00\" \/>\n<meta property=\"article:modified_time\" content=\"2024-08-19T01:31:11+00:00\" \/>\n<meta property=\"og:image\" content=\"https:\/\/patagoniambiental.com.ar\/info\/wp-content\/uploads\/2023\/03\/257d63e6-gp1swzgr_web_size.jpg\" \/>\n\t<meta property=\"og:image:width\" content=\"800\" \/>\n\t<meta property=\"og:image:height\" content=\"563\" \/>\n\t<meta property=\"og:image:type\" content=\"image\/jpeg\" \/>\n<meta name=\"author\" content=\"Patagonia Ambiental\" \/>\n<meta name=\"twitter:card\" content=\"summary_large_image\" \/>\n<meta name=\"twitter:creator\" content=\"@PatAmb\" \/>\n<meta name=\"twitter:site\" content=\"@PatAmb\" \/>\n<script type=\"application\/ld+json\" class=\"yoast-schema-graph\">{\"@context\":\"https:\\\/\\\/schema.org\",\"@graph\":[{\"@type\":\"Article\",\"@id\":\"https:\\\/\\\/patagoniambiental.com.ar\\\/info\\\/emblematico-barco-de-greenpeace-llego-al-sur-de-chile-para-denunciar-los-impactos-de-la-industria-salmonera\\\/#article\",\"isPartOf\":{\"@id\":\"https:\\\/\\\/patagoniambiental.com.ar\\\/info\\\/emblematico-barco-de-greenpeace-llego-al-sur-de-chile-para-denunciar-los-impactos-de-la-industria-salmonera\\\/\"},\"author\":{\"name\":\"Patagonia Ambiental\",\"@id\":\"https:\\\/\\\/patagoniambiental.com.ar\\\/info\\\/#\\\/schema\\\/person\\\/db12bff64bbcbf6a253710bf0ea37b5d\"},\"headline\":\"Barco de Greenpeace lleg\u00f3 al sur de Chile para denunciar impactos de la industria salmonera\",\"datePublished\":\"2023-03-30T10:00:00+00:00\",\"dateModified\":\"2024-08-19T01:31:11+00:00\",\"mainEntityOfPage\":{\"@id\":\"https:\\\/\\\/patagoniambiental.com.ar\\\/info\\\/emblematico-barco-de-greenpeace-llego-al-sur-de-chile-para-denunciar-los-impactos-de-la-industria-salmonera\\\/\"},\"wordCount\":488,\"commentCount\":0,\"publisher\":{\"@id\":\"https:\\\/\\\/patagoniambiental.com.ar\\\/info\\\/#organization\"},\"image\":{\"@id\":\"https:\\\/\\\/patagoniambiental.com.ar\\\/info\\\/emblematico-barco-de-greenpeace-llego-al-sur-de-chile-para-denunciar-los-impactos-de-la-industria-salmonera\\\/#primaryimage\"},\"thumbnailUrl\":\"https:\\\/\\\/patagoniambiental.com.ar\\\/info\\\/wp-content\\\/uploads\\\/2023\\\/03\\\/257d63e6-gp1swzgr_web_size.jpg\",\"articleSection\":[\"Internacionales\",\"Noticias\",\"ONG\"],\"inLanguage\":\"es\",\"potentialAction\":[{\"@type\":\"CommentAction\",\"name\":\"Comment\",\"target\":[\"https:\\\/\\\/patagoniambiental.com.ar\\\/info\\\/emblematico-barco-de-greenpeace-llego-al-sur-de-chile-para-denunciar-los-impactos-de-la-industria-salmonera\\\/#respond\"]}]},{\"@type\":\"WebPage\",\"@id\":\"https:\\\/\\\/patagoniambiental.com.ar\\\/info\\\/emblematico-barco-de-greenpeace-llego-al-sur-de-chile-para-denunciar-los-impactos-de-la-industria-salmonera\\\/\",\"url\":\"https:\\\/\\\/patagoniambiental.com.ar\\\/info\\\/emblematico-barco-de-greenpeace-llego-al-sur-de-chile-para-denunciar-los-impactos-de-la-industria-salmonera\\\/\",\"name\":\"Barco de Greenpeace lleg\u00f3 al sur de Chile para denunciar impactos de la industria salmonera\",\"isPartOf\":{\"@id\":\"https:\\\/\\\/patagoniambiental.com.ar\\\/info\\\/#website\"},\"primaryImageOfPage\":{\"@id\":\"https:\\\/\\\/patagoniambiental.com.ar\\\/info\\\/emblematico-barco-de-greenpeace-llego-al-sur-de-chile-para-denunciar-los-impactos-de-la-industria-salmonera\\\/#primaryimage\"},\"image\":{\"@id\":\"https:\\\/\\\/patagoniambiental.com.ar\\\/info\\\/emblematico-barco-de-greenpeace-llego-al-sur-de-chile-para-denunciar-los-impactos-de-la-industria-salmonera\\\/#primaryimage\"},\"thumbnailUrl\":\"https:\\\/\\\/patagoniambiental.com.ar\\\/info\\\/wp-content\\\/uploads\\\/2023\\\/03\\\/257d63e6-gp1swzgr_web_size.jpg\",\"datePublished\":\"2023-03-30T10:00:00+00:00\",\"dateModified\":\"2024-08-19T01:31:11+00:00\",\"breadcrumb\":{\"@id\":\"https:\\\/\\\/patagoniambiental.com.ar\\\/info\\\/emblematico-barco-de-greenpeace-llego-al-sur-de-chile-para-denunciar-los-impactos-de-la-industria-salmonera\\\/#breadcrumb\"},\"inLanguage\":\"es\",\"potentialAction\":[{\"@type\":\"ReadAction\",\"target\":[\"https:\\\/\\\/patagoniambiental.com.ar\\\/info\\\/emblematico-barco-de-greenpeace-llego-al-sur-de-chile-para-denunciar-los-impactos-de-la-industria-salmonera\\\/\"]}]},{\"@type\":\"ImageObject\",\"inLanguage\":\"es\",\"@id\":\"https:\\\/\\\/patagoniambiental.com.ar\\\/info\\\/emblematico-barco-de-greenpeace-llego-al-sur-de-chile-para-denunciar-los-impactos-de-la-industria-salmonera\\\/#primaryimage\",\"url\":\"https:\\\/\\\/patagoniambiental.com.ar\\\/info\\\/wp-content\\\/uploads\\\/2023\\\/03\\\/257d63e6-gp1swzgr_web_size.jpg\",\"contentUrl\":\"https:\\\/\\\/patagoniambiental.com.ar\\\/info\\\/wp-content\\\/uploads\\\/2023\\\/03\\\/257d63e6-gp1swzgr_web_size.jpg\",\"width\":800,\"height\":563},{\"@type\":\"BreadcrumbList\",\"@id\":\"https:\\\/\\\/patagoniambiental.com.ar\\\/info\\\/emblematico-barco-de-greenpeace-llego-al-sur-de-chile-para-denunciar-los-impactos-de-la-industria-salmonera\\\/#breadcrumb\",\"itemListElement\":[{\"@type\":\"ListItem\",\"position\":1,\"name\":\"Inicio\",\"item\":\"https:\\\/\\\/patagoniambiental.com.ar\\\/info\\\/\"},{\"@type\":\"ListItem\",\"position\":2,\"name\":\"Barco de Greenpeace lleg\u00f3 al sur de Chile para denunciar impactos de la industria salmonera\"}]},{\"@type\":\"WebSite\",\"@id\":\"https:\\\/\\\/patagoniambiental.com.ar\\\/info\\\/#website\",\"url\":\"https:\\\/\\\/patagoniambiental.com.ar\\\/info\\\/\",\"name\":\"Patagonia Ambiental\",\"description\":\"Monitoreo y an\u00e1lisis de la situaci\u00f3n geopol\u00edtica en el mundo y su implicancia en la Patagonia\",\"publisher\":{\"@id\":\"https:\\\/\\\/patagoniambiental.com.ar\\\/info\\\/#organization\"},\"potentialAction\":[{\"@type\":\"SearchAction\",\"target\":{\"@type\":\"EntryPoint\",\"urlTemplate\":\"https:\\\/\\\/patagoniambiental.com.ar\\\/info\\\/?s={search_term_string}\"},\"query-input\":{\"@type\":\"PropertyValueSpecification\",\"valueRequired\":true,\"valueName\":\"search_term_string\"}}],\"inLanguage\":\"es\"},{\"@type\":\"Organization\",\"@id\":\"https:\\\/\\\/patagoniambiental.com.ar\\\/info\\\/#organization\",\"name\":\"Patagonia Ambiental\",\"url\":\"https:\\\/\\\/patagoniambiental.com.ar\\\/info\\\/\",\"logo\":{\"@type\":\"ImageObject\",\"inLanguage\":\"es\",\"@id\":\"https:\\\/\\\/patagoniambiental.com.ar\\\/info\\\/#\\\/schema\\\/logo\\\/image\\\/\",\"url\":\"https:\\\/\\\/patagoniambiental.com.ar\\\/info\\\/wp-content\\\/uploads\\\/2025\\\/05\\\/LOGO-PATAGONIA-AMBIENTAL.png\",\"contentUrl\":\"https:\\\/\\\/patagoniambiental.com.ar\\\/info\\\/wp-content\\\/uploads\\\/2025\\\/05\\\/LOGO-PATAGONIA-AMBIENTAL.png\",\"width\":433,\"height\":250,\"caption\":\"Patagonia Ambiental\"},\"image\":{\"@id\":\"https:\\\/\\\/patagoniambiental.com.ar\\\/info\\\/#\\\/schema\\\/logo\\\/image\\\/\"},\"sameAs\":[\"https:\\\/\\\/www.facebook.com\\\/patagonia.ambiental\",\"https:\\\/\\\/x.com\\\/PatAmb\"]},{\"@type\":\"Person\",\"@id\":\"https:\\\/\\\/patagoniambiental.com.ar\\\/info\\\/#\\\/schema\\\/person\\\/db12bff64bbcbf6a253710bf0ea37b5d\",\"name\":\"Patagonia Ambiental\",\"description\":\"Andr\u00e9s Nievas T\u00e9cnico en manejo ambiental, consultor Ambiental y escritor para medios locales e internacionales sobre temas de geopolitica y medio ambiente.\",\"sameAs\":[\"http:\\\/\\\/www.patagoniambiental.com.ar\",\"https:\\\/\\\/www.facebook.com\\\/share\\\/1C1V8Gv9BX\\\/?mibextid=qi2Omg\",\"@patagoniambiental\",\"https:\\\/\\\/youtube.com\\\/@patagoniaambiental2023?si=BLt58t0wuXquxlYZ\"]}]}<\/script>\n<!-- \/ Yoast SEO Premium plugin. -->","yoast_head_json":{"title":"Barco de Greenpeace lleg\u00f3 al sur de Chile para denunciar impactos de la industria salmonera","robots":{"index":"index","follow":"follow","max-snippet":"max-snippet:-1","max-image-preview":"max-image-preview:large","max-video-preview":"max-video-preview:-1"},"canonical":"https:\/\/patagoniambiental.com.ar\/info\/emblematico-barco-de-greenpeace-llego-al-sur-de-chile-para-denunciar-los-impactos-de-la-industria-salmonera\/","og_locale":"es_ES","og_type":"article","og_title":"Barco de Greenpeace lleg\u00f3 al sur de Chile para denunciar impactos de la industria salmonera","og_url":"https:\/\/patagoniambiental.com.ar\/info\/emblematico-barco-de-greenpeace-llego-al-sur-de-chile-para-denunciar-los-impactos-de-la-industria-salmonera\/","og_site_name":"Patagonia Ambiental","article_publisher":"https:\/\/www.facebook.com\/patagonia.ambiental","article_author":"https:\/\/www.facebook.com\/share\/1C1V8Gv9BX\/?mibextid=qi2Omg","article_published_time":"2023-03-30T10:00:00+00:00","article_modified_time":"2024-08-19T01:31:11+00:00","og_image":[{"width":800,"height":563,"url":"https:\/\/patagoniambiental.com.ar\/info\/wp-content\/uploads\/2023\/03\/257d63e6-gp1swzgr_web_size.jpg","type":"image\/jpeg"}],"author":"Patagonia Ambiental","twitter_card":"summary_large_image","twitter_creator":"@PatAmb","twitter_site":"@PatAmb","schema":{"@context":"https:\/\/schema.org","@graph":[{"@type":"Article","@id":"https:\/\/patagoniambiental.com.ar\/info\/emblematico-barco-de-greenpeace-llego-al-sur-de-chile-para-denunciar-los-impactos-de-la-industria-salmonera\/#article","isPartOf":{"@id":"https:\/\/patagoniambiental.com.ar\/info\/emblematico-barco-de-greenpeace-llego-al-sur-de-chile-para-denunciar-los-impactos-de-la-industria-salmonera\/"},"author":{"name":"Patagonia Ambiental","@id":"https:\/\/patagoniambiental.com.ar\/info\/#\/schema\/person\/db12bff64bbcbf6a253710bf0ea37b5d"},"headline":"Barco de Greenpeace lleg\u00f3 al sur de Chile para denunciar impactos de la industria salmonera","datePublished":"2023-03-30T10:00:00+00:00","dateModified":"2024-08-19T01:31:11+00:00","mainEntityOfPage":{"@id":"https:\/\/patagoniambiental.com.ar\/info\/emblematico-barco-de-greenpeace-llego-al-sur-de-chile-para-denunciar-los-impactos-de-la-industria-salmonera\/"},"wordCount":488,"commentCount":0,"publisher":{"@id":"https:\/\/patagoniambiental.com.ar\/info\/#organization"},"image":{"@id":"https:\/\/patagoniambiental.com.ar\/info\/emblematico-barco-de-greenpeace-llego-al-sur-de-chile-para-denunciar-los-impactos-de-la-industria-salmonera\/#primaryimage"},"thumbnailUrl":"https:\/\/patagoniambiental.com.ar\/info\/wp-content\/uploads\/2023\/03\/257d63e6-gp1swzgr_web_size.jpg","articleSection":["Internacionales","Noticias","ONG"],"inLanguage":"es","potentialAction":[{"@type":"CommentAction","name":"Comment","target":["https:\/\/patagoniambiental.com.ar\/info\/emblematico-barco-de-greenpeace-llego-al-sur-de-chile-para-denunciar-los-impactos-de-la-industria-salmonera\/#respond"]}]},{"@type":"WebPage","@id":"https:\/\/patagoniambiental.com.ar\/info\/emblematico-barco-de-greenpeace-llego-al-sur-de-chile-para-denunciar-los-impactos-de-la-industria-salmonera\/","url":"https:\/\/patagoniambiental.com.ar\/info\/emblematico-barco-de-greenpeace-llego-al-sur-de-chile-para-denunciar-los-impactos-de-la-industria-salmonera\/","name":"Barco de Greenpeace lleg\u00f3 al sur de Chile para denunciar impactos de la industria salmonera","isPartOf":{"@id":"https:\/\/patagoniambiental.com.ar\/info\/#website"},"primaryImageOfPage":{"@id":"https:\/\/patagoniambiental.com.ar\/info\/emblematico-barco-de-greenpeace-llego-al-sur-de-chile-para-denunciar-los-impactos-de-la-industria-salmonera\/#primaryimage"},"image":{"@id":"https:\/\/patagoniambiental.com.ar\/info\/emblematico-barco-de-greenpeace-llego-al-sur-de-chile-para-denunciar-los-impactos-de-la-industria-salmonera\/#primaryimage"},"thumbnailUrl":"https:\/\/patagoniambiental.com.ar\/info\/wp-content\/uploads\/2023\/03\/257d63e6-gp1swzgr_web_size.jpg","datePublished":"2023-03-30T10:00:00+00:00","dateModified":"2024-08-19T01:31:11+00:00","breadcrumb":{"@id":"https:\/\/patagoniambiental.com.ar\/info\/emblematico-barco-de-greenpeace-llego-al-sur-de-chile-para-denunciar-los-impactos-de-la-industria-salmonera\/#breadcrumb"},"inLanguage":"es","potentialAction":[{"@type":"ReadAction","target":["https:\/\/patagoniambiental.com.ar\/info\/emblematico-barco-de-greenpeace-llego-al-sur-de-chile-para-denunciar-los-impactos-de-la-industria-salmonera\/"]}]},{"@type":"ImageObject","inLanguage":"es","@id":"https:\/\/patagoniambiental.com.ar\/info\/emblematico-barco-de-greenpeace-llego-al-sur-de-chile-para-denunciar-los-impactos-de-la-industria-salmonera\/#primaryimage","url":"https:\/\/patagoniambiental.com.ar\/info\/wp-content\/uploads\/2023\/03\/257d63e6-gp1swzgr_web_size.jpg","contentUrl":"https:\/\/patagoniambiental.com.ar\/info\/wp-content\/uploads\/2023\/03\/257d63e6-gp1swzgr_web_size.jpg","width":800,"height":563},{"@type":"BreadcrumbList","@id":"https:\/\/patagoniambiental.com.ar\/info\/emblematico-barco-de-greenpeace-llego-al-sur-de-chile-para-denunciar-los-impactos-de-la-industria-salmonera\/#breadcrumb","itemListElement":[{"@type":"ListItem","position":1,"name":"Inicio","item":"https:\/\/patagoniambiental.com.ar\/info\/"},{"@type":"ListItem","position":2,"name":"Barco de Greenpeace lleg\u00f3 al sur de Chile para denunciar impactos de la industria salmonera"}]},{"@type":"WebSite","@id":"https:\/\/patagoniambiental.com.ar\/info\/#website","url":"https:\/\/patagoniambiental.com.ar\/info\/","name":"Patagonia Ambiental","description":"Monitoreo y an\u00e1lisis de la situaci\u00f3n geopol\u00edtica en el mundo y su implicancia en la Patagonia","publisher":{"@id":"https:\/\/patagoniambiental.com.ar\/info\/#organization"},"potentialAction":[{"@type":"SearchAction","target":{"@type":"EntryPoint","urlTemplate":"https:\/\/patagoniambiental.com.ar\/info\/?s={search_term_string}"},"query-input":{"@type":"PropertyValueSpecification","valueRequired":true,"valueName":"search_term_string"}}],"inLanguage":"es"},{"@type":"Organization","@id":"https:\/\/patagoniambiental.com.ar\/info\/#organization","name":"Patagonia Ambiental","url":"https:\/\/patagoniambiental.com.ar\/info\/","logo":{"@type":"ImageObject","inLanguage":"es","@id":"https:\/\/patagoniambiental.com.ar\/info\/#\/schema\/logo\/image\/","url":"https:\/\/patagoniambiental.com.ar\/info\/wp-content\/uploads\/2025\/05\/LOGO-PATAGONIA-AMBIENTAL.png","contentUrl":"https:\/\/patagoniambiental.com.ar\/info\/wp-content\/uploads\/2025\/05\/LOGO-PATAGONIA-AMBIENTAL.png","width":433,"height":250,"caption":"Patagonia Ambiental"},"image":{"@id":"https:\/\/patagoniambiental.com.ar\/info\/#\/schema\/logo\/image\/"},"sameAs":["https:\/\/www.facebook.com\/patagonia.ambiental","https:\/\/x.com\/PatAmb"]},{"@type":"Person","@id":"https:\/\/patagoniambiental.com.ar\/info\/#\/schema\/person\/db12bff64bbcbf6a253710bf0ea37b5d","name":"Patagonia Ambiental","description":"Andr\u00e9s Nievas T\u00e9cnico en manejo ambiental, consultor Ambiental y escritor para medios locales e internacionales sobre temas de geopolitica y medio ambiente.","sameAs":["http:\/\/www.patagoniambiental.com.ar","https:\/\/www.facebook.com\/share\/1C1V8Gv9BX\/?mibextid=qi2Omg","@patagoniambiental","https:\/\/youtube.com\/@patagoniaambiental2023?si=BLt58t0wuXquxlYZ"]}]}},"_links":{"self":[{"href":"https:\/\/patagoniambiental.com.ar\/info\/wp-json\/wp\/v2\/posts\/77183","targetHints":{"allow":["GET"]}}],"collection":[{"href":"https:\/\/patagoniambiental.com.ar\/info\/wp-json\/wp\/v2\/posts"}],"about":[{"href":"https:\/\/patagoniambiental.com.ar\/info\/wp-json\/wp\/v2\/types\/post"}],"author":[{"embeddable":true,"href":"https:\/\/patagoniambiental.com.ar\/info\/wp-json\/wp\/v2\/users\/2"}],"replies":[{"embeddable":true,"href":"https:\/\/patagoniambiental.com.ar\/info\/wp-json\/wp\/v2\/comments?post=77183"}],"version-history":[{"count":0,"href":"https:\/\/patagoniambiental.com.ar\/info\/wp-json\/wp\/v2\/posts\/77183\/revisions"}],"wp:featuredmedia":[{"embeddable":true,"href":"https:\/\/patagoniambiental.com.ar\/info\/wp-json\/wp\/v2\/media\/77184"}],"wp:attachment":[{"href":"https:\/\/patagoniambiental.com.ar\/info\/wp-json\/wp\/v2\/media?parent=77183"}],"wp:term":[{"taxonomy":"category","embeddable":true,"href":"https:\/\/patagoniambiental.com.ar\/info\/wp-json\/wp\/v2\/categories?post=77183"},{"taxonomy":"post_tag","embeddable":true,"href":"https:\/\/patagoniambiental.com.ar\/info\/wp-json\/wp\/v2\/tags?post=77183"}],"curies":[{"name":"wp","href":"https:\/\/api.w.org\/{rel}","templated":true}]}}