{"id":77228,"date":"2023-04-03T17:50:37","date_gmt":"2023-04-03T20:50:37","guid":{"rendered":"http:\/\/patagoniambiental.com.ar\/info\/?p=77228"},"modified":"2024-08-18T22:21:46","modified_gmt":"2024-08-19T01:21:46","slug":"todos-los-dias-respiramos-malvinas-vivimos-malvinas-y-defendemos-malvinas","status":"publish","type":"post","link":"https:\/\/patagoniambiental.com.ar\/info\/todos-los-dias-respiramos-malvinas-vivimos-malvinas-y-defendemos-malvinas\/","title":{"rendered":"\u201cTodos los d\u00edas respiramos Malvinas, vivimos Malvinas y defendemos Malvinas\u201d"},"content":{"rendered":"\n<!--more-->\n\n\n\n<p>El Gobernador de Tierra del Fuego AIAS, Gustavo Melella, encabez\u00f3 en Ushuaia el acto oficial en conmemoraci\u00f3n del D\u00eda del Veterano y de los Ca\u00eddos en la Guerra de Malvinas. Estuvo acompa\u00f1ado de la Vicegobernadora M\u00f3nica Urquiza, del Intendente de Ushuaia, Walter Vuoto, del Presidente del Centro de Ex Combatientes de Malvinas de Ushuaia, Conrado Zamora, del Ministro de Defensa de la Naci\u00f3n, Jorge Taiana, del Ministro de Cultura de la Naci\u00f3n, Trist\u00e1n Bauer, Diputados Nacionales, Senadores Nacionales, Legisladores, Concejales, autoridades de las Fuerzas Armadas y de Seguridad, Embajadores y C\u00f3nsules, autoridades del Poder Judicial, Veteranos y Veteranas de la Guerra de Malvinas, familiares de ca\u00eddos, representantes de diversas organizaciones de la sociedad civil, autoridades del Tribunal de Cuentas provincial, integrantes del Consejo Asesor Observatorio Cuesti\u00f3n Malvinas, diversas autoridades del orden nacional, provincial y local, abanderados y escoltas de instituciones educativas, abanderados y escoltas de Fuerzas Armadas y de Seguridad y vecinos y vecinas de Tierra del Fuego.<\/p>\n\n\n\n<p>Luego del izamiento del Pabell\u00f3n Nacional y de entonar las estrofas del Himno Nacional Argentino, las autoridades presentes colocaron ofrendas en el Monumento Hist\u00f3rico Nacional \u201cH\u00e9roes de Malvinas\u201d.<\/p>\n\n\n\n<p>En su discurso, el Gobernador Melella sostuvo que \u201choy tenemos dos desaf\u00edos. El primero es mantener con firmeza nuestro reclamo ante el mundo por la ocupaci\u00f3n ileg\u00edtima de nuestras islas. El segundo es hacia adentro de nuestro pa\u00eds, porque duele m\u00e1s cuando tenemos que explicar y defender nuestro derecho de soberan\u00eda internamente\u201d.<\/p>\n\n\n\n<figure class=\"wp-block-image\"><img decoding=\"async\" src=\"https:\/\/www.tierradelfuego.gob.ar\/wp-content\/uploads\/2023\/04\/Malvinas.jpg\" alt=\"\"\/><\/figure>\n\n\n\n<p><a href=\"https:\/\/www.tierradelfuego.gob.ar\/todos-los-dias-respiramos-malvinas-vivimos-malvinas-y-defendemos-malvinas\/malvinas-27\/\"><\/a><\/p>\n\n\n\n<figure class=\"wp-block-image\"><img decoding=\"async\" src=\"https:\/\/www.tierradelfuego.gob.ar\/wp-content\/uploads\/2023\/04\/Malvinas1.jpg\" alt=\"\"\/><\/figure>\n\n\n\n<p><a href=\"https:\/\/www.tierradelfuego.gob.ar\/todos-los-dias-respiramos-malvinas-vivimos-malvinas-y-defendemos-malvinas\/malvinas1-11\/\"><\/a><\/p>\n\n\n\n<p>\u201cLas Malvinas e Islas del Atl\u00e1ntico Sur son argentinas y fueguinas y no podemos desconocer la importancia estrat\u00e9gica de nuestra regi\u00f3n. Nos atacan con Malvinas, nos acusan de ser un gasto, atacan nuestra ley de promoci\u00f3n industrial. Celebro la unidad de todo el arco pol\u00edtico fueguino para resistir este ataque que sufrimos desde adentro\u201d, agreg\u00f3.<\/p>\n\n\n\n<p>Asimismo, el mandatario expres\u00f3 que \u201cpido a los veteranos y veteranas que nos sigan dando esa fuerza que los hace h\u00e9roes para no claudicar ante los embates de aquellos que en nuestro pa\u00eds defienden los intereses brit\u00e1nicos y no los argentinos. Las Malvinas son argentinas y no se cambian por vacunas, por recursos naturales ni por ayudas monetarias. Todos los d\u00edas respiramos Malvinas, vivimos Malvinas y defendemos Malvinas y lo seguiremos haciendo hasta recuperar el efectivo ejercicio soberano sobre nuestras islas\u201d.<\/p>\n\n\n\n<p>Por su parte, el Presidente del Centro de Ex Combatientes de Malvinas de Ushuaia, Conrado Zamora, indic\u00f3 que \u201cquiero agradecer a las autoridades nacionales y provinciales. Gracias al se\u00f1or Gobernador, al Intendente. La provincia tiene una pol\u00edtica de estado de recordar Malvinas no solo el 2 de abril sino todo el a\u00f1o. Para m\u00ed es un orgullo vivir en Tierra del Fuego\u201d.<\/p>\n\n\n\n<p>\u201cPor otro lado y luego de la derogaci\u00f3n del nefasto acuerdo Foradori Duncan, pido al Ejecutivo Nacional y al Ministro de Defensa que se deroguen tambi\u00e9n los Tratados de Madrid 1 y 2 para que el pa\u00eds salga de esto, para evitar que haya una nueva invasi\u00f3n inglesa esta vez econ\u00f3mica. Viva la Patria\u201d, culmin\u00f3.<\/p>\n\n\n\n<p>A su turno, el Intendente de Ushuaia, Walter Vuoto, mantuvo que \u201cMalvinas es todos los d\u00edas y as\u00ed nos lo ense\u00f1an nuestros ex combatientes. Ellos se juntan y trabajan para mantener la memoria por generaciones\u201d.<\/p>\n\n\n\n<p>\u201cHoy conmemoramos el 41 aniversario de la Gesta y honramos a nuestros h\u00e9roes. Las islas son parte inalienable de nuestro territorio e identidad. El Reino unido ha ocupado de manera injusta estas tierras violando nuestra integridad territorial. Somos testigos de la persistente decadencia colonial que sigue azotando a nuestras islas. Por ello m\u00e1s que nunca debemos unirnos, trabajar juntos para defender la soberan\u00eda y mantener viva la llama de nuestra causa\u201d, recalc\u00f3.<\/p>\n\n\n\n<figure class=\"wp-block-image\"><img decoding=\"async\" src=\"https:\/\/www.tierradelfuego.gob.ar\/wp-content\/uploads\/2023\/04\/Malvinas2.jpg\" alt=\"\"\/><\/figure>\n\n\n\n<p><a href=\"https:\/\/www.tierradelfuego.gob.ar\/todos-los-dias-respiramos-malvinas-vivimos-malvinas-y-defendemos-malvinas\/malvinas2-7\/\"><\/a><\/p>\n\n\n\n<figure class=\"wp-block-image\"><img decoding=\"async\" src=\"https:\/\/www.tierradelfuego.gob.ar\/wp-content\/uploads\/2023\/04\/Malvinas4.jpg\" alt=\"\"\/><\/figure>\n\n\n\n<p><a href=\"https:\/\/www.tierradelfuego.gob.ar\/todos-los-dias-respiramos-malvinas-vivimos-malvinas-y-defendemos-malvinas\/malvinas4-3\/\"><\/a><\/p>\n\n\n\n<p>Para concluir, el Ministro de Defensa, Jorge Taiana destac\u00f3 \u201cla prioridad que ha adquirido para nuestro gobierno la visi\u00f3n sobre la relevancia estrat\u00e9gica del Atl\u00e1ntico sur, de las islas y del sector ant\u00e1rtico. Ushuaia esta en el centro de argentina porque es un pa\u00eds bicontinental. Hemos encarado nuestros esfuerzos a reforzar la defensa en la zona de nuestros recursos, nuestro espacio a\u00e9reo y nuestro espacio mar\u00edtimo. Ac\u00e1 no hay posibilidad de desmalvinizacion porque este es el coraz\u00f3n del sentimiento malvinero\u201d.<\/p>\n\n\n\n<p>\u201cSeguiremos exigiendo al Reino Unido que se siente a negociar y deje de violar la ley. Reafirmamos nuestro derecho soberano sobre Malvinas y seguimos reclamando con constancia persistencia y firmeza para recuperar el efectivo ejercicio de soberan\u00eda sobre nuestros territorios\u201d, asegur\u00f3.<\/p>\n\n\n\n<p>Durante el acto se descubri\u00f3 un busto en honor al poeta y escritor argentino Carlos Obligado, autor del poema patri\u00f3tico Marcha de Malvinas. La escultura fue realizada por Rogelio Yrutia en el a\u00f1o 1947 y donada al Centro de Excombatientes de Malvinas en Ushuaia por la nieta del autor, Marcela Obligado, para ser exhibido en el Museo Pensar Malvinas. Tambi\u00e9n se entregaron guardapolvos con la imagen bordada de las Islas Malvinas en el marco de la Ley Provincial 1392. Asimismo la Federaci\u00f3n de Mutualidades del Personal de las Fuerzas Armadas, Fuerzas de seguridad y Policiales, realiz\u00f3 la entrega de escudos. Adem\u00e1s se entregaron medallas, distinciones y placas a veteranos y veteranas por su lucha.<\/p>\n\n\n\n<p>Para concluir los presentes arrojaron flores a las aguas del Canal de Beagle<\/p>\n\n\n\n<p>Fuente: www.tierradelfuego.gob.ar<\/p>\n","protected":false},"excerpt":{"rendered":"","protected":false},"author":2,"featured_media":77232,"comment_status":"open","ping_status":"open","sticky":false,"template":"","format":"standard","meta":{"site-sidebar-layout":"default","site-content-layout":"","ast-site-content-layout":"default","site-content-style":"default","site-sidebar-style":"default","ast-global-header-display":"","ast-banner-title-visibility":"","ast-main-header-display":"","ast-hfb-above-header-display":"","ast-hfb-below-header-display":"","ast-hfb-mobile-header-display":"","site-post-title":"","ast-breadcrumbs-content":"","ast-featured-img":"","footer-sml-layout":"","ast-disable-related-posts":"","theme-transparent-header-meta":"","adv-header-id-meta":"","stick-header-meta":"","header-above-stick-meta":"","header-main-stick-meta":"","header-below-stick-meta":"","astra-migrate-meta-layouts":"default","ast-page-background-enabled":"default","ast-page-background-meta":{"desktop":{"background-color":"var(--ast-global-color-5)","background-image":"","background-repeat":"repeat","background-position":"center center","background-size":"auto","background-attachment":"scroll","background-type":"","background-media":"","overlay-type":"","overlay-color":"","overlay-opacity":"","overlay-gradient":""},"tablet":{"background-color":"","background-image":"","background-repeat":"repeat","background-position":"center center","background-size":"auto","background-attachment":"scroll","background-type":"","background-media":"","overlay-type":"","overlay-color":"","overlay-opacity":"","overlay-gradient":""},"mobile":{"background-color":"","background-image":"","background-repeat":"repeat","background-position":"center center","background-size":"auto","background-attachment":"scroll","background-type":"","background-media":"","overlay-type":"","overlay-color":"","overlay-opacity":"","overlay-gradient":""}},"ast-content-background-meta":{"desktop":{"background-color":"var(--ast-global-color-4)","background-image":"","background-repeat":"repeat","background-position":"center center","background-size":"auto","background-attachment":"scroll","background-type":"","background-media":"","overlay-type":"","overlay-color":"","overlay-opacity":"","overlay-gradient":""},"tablet":{"background-color":"var(--ast-global-color-4)","background-image":"","background-repeat":"repeat","background-position":"center center","background-size":"auto","background-attachment":"scroll","background-type":"","background-media":"","overlay-type":"","overlay-color":"","overlay-opacity":"","overlay-gradient":""},"mobile":{"background-color":"var(--ast-global-color-4)","background-image":"","background-repeat":"repeat","background-position":"center center","background-size":"auto","background-attachment":"scroll","background-type":"","background-media":"","overlay-type":"","overlay-color":"","overlay-opacity":"","overlay-gradient":""}},"footnotes":""},"categories":[1],"tags":[],"class_list":["post-77228","post","type-post","status-publish","format-standard","has-post-thumbnail","hentry","category-noticias"],"yoast_head":"<!-- This site is optimized with the Yoast SEO Premium plugin v23.0 (Yoast SEO v27.4) - https:\/\/yoast.com\/product\/yoast-seo-premium-wordpress\/ -->\n<title>\u201cTodos los d\u00edas respiramos Malvinas, vivimos Malvinas y defendemos Malvinas\u201d<\/title>\n<meta name=\"robots\" content=\"index, follow, max-snippet:-1, max-image-preview:large, max-video-preview:-1\" \/>\n<link rel=\"canonical\" href=\"https:\/\/patagoniambiental.com.ar\/info\/todos-los-dias-respiramos-malvinas-vivimos-malvinas-y-defendemos-malvinas\/\" \/>\n<meta property=\"og:locale\" content=\"es_ES\" \/>\n<meta property=\"og:type\" content=\"article\" \/>\n<meta property=\"og:title\" content=\"\u201cTodos los d\u00edas respiramos Malvinas, vivimos Malvinas y defendemos Malvinas\u201d\" \/>\n<meta property=\"og:url\" content=\"https:\/\/patagoniambiental.com.ar\/info\/todos-los-dias-respiramos-malvinas-vivimos-malvinas-y-defendemos-malvinas\/\" \/>\n<meta property=\"og:site_name\" content=\"Patagonia Ambiental\" \/>\n<meta property=\"article:publisher\" content=\"https:\/\/www.facebook.com\/patagonia.ambiental\" \/>\n<meta property=\"article:author\" content=\"https:\/\/www.facebook.com\/share\/1C1V8Gv9BX\/?mibextid=qi2Omg\" \/>\n<meta property=\"article:published_time\" content=\"2023-04-03T20:50:37+00:00\" \/>\n<meta property=\"article:modified_time\" content=\"2024-08-19T01:21:46+00:00\" \/>\n<meta property=\"og:image\" content=\"https:\/\/patagoniambiental.com.ar\/info\/wp-content\/uploads\/2023\/04\/Malvinas3-e1680471505362-1200x480-1.jpg\" \/>\n\t<meta property=\"og:image:width\" content=\"1200\" \/>\n\t<meta property=\"og:image:height\" content=\"480\" \/>\n\t<meta property=\"og:image:type\" content=\"image\/jpeg\" \/>\n<meta name=\"author\" content=\"Patagonia Ambiental\" \/>\n<meta name=\"twitter:card\" content=\"summary_large_image\" \/>\n<meta name=\"twitter:creator\" content=\"@PatAmb\" \/>\n<meta name=\"twitter:site\" content=\"@PatAmb\" \/>\n<script type=\"application\/ld+json\" class=\"yoast-schema-graph\">{\"@context\":\"https:\\\/\\\/schema.org\",\"@graph\":[{\"@type\":\"Article\",\"@id\":\"https:\\\/\\\/patagoniambiental.com.ar\\\/info\\\/todos-los-dias-respiramos-malvinas-vivimos-malvinas-y-defendemos-malvinas\\\/#article\",\"isPartOf\":{\"@id\":\"https:\\\/\\\/patagoniambiental.com.ar\\\/info\\\/todos-los-dias-respiramos-malvinas-vivimos-malvinas-y-defendemos-malvinas\\\/\"},\"author\":{\"name\":\"Patagonia Ambiental\",\"@id\":\"https:\\\/\\\/patagoniambiental.com.ar\\\/info\\\/#\\\/schema\\\/person\\\/db12bff64bbcbf6a253710bf0ea37b5d\"},\"headline\":\"\u201cTodos los d\u00edas respiramos Malvinas, vivimos Malvinas y defendemos Malvinas\u201d\",\"datePublished\":\"2023-04-03T20:50:37+00:00\",\"dateModified\":\"2024-08-19T01:21:46+00:00\",\"mainEntityOfPage\":{\"@id\":\"https:\\\/\\\/patagoniambiental.com.ar\\\/info\\\/todos-los-dias-respiramos-malvinas-vivimos-malvinas-y-defendemos-malvinas\\\/\"},\"wordCount\":912,\"commentCount\":0,\"publisher\":{\"@id\":\"https:\\\/\\\/patagoniambiental.com.ar\\\/info\\\/#organization\"},\"image\":{\"@id\":\"https:\\\/\\\/patagoniambiental.com.ar\\\/info\\\/todos-los-dias-respiramos-malvinas-vivimos-malvinas-y-defendemos-malvinas\\\/#primaryimage\"},\"thumbnailUrl\":\"https:\\\/\\\/patagoniambiental.com.ar\\\/info\\\/wp-content\\\/uploads\\\/2023\\\/04\\\/Malvinas3-e1680471505362-1200x480-1.jpg\",\"articleSection\":[\"Noticias\"],\"inLanguage\":\"es\",\"potentialAction\":[{\"@type\":\"CommentAction\",\"name\":\"Comment\",\"target\":[\"https:\\\/\\\/patagoniambiental.com.ar\\\/info\\\/todos-los-dias-respiramos-malvinas-vivimos-malvinas-y-defendemos-malvinas\\\/#respond\"]}]},{\"@type\":\"WebPage\",\"@id\":\"https:\\\/\\\/patagoniambiental.com.ar\\\/info\\\/todos-los-dias-respiramos-malvinas-vivimos-malvinas-y-defendemos-malvinas\\\/\",\"url\":\"https:\\\/\\\/patagoniambiental.com.ar\\\/info\\\/todos-los-dias-respiramos-malvinas-vivimos-malvinas-y-defendemos-malvinas\\\/\",\"name\":\"\u201cTodos los d\u00edas respiramos Malvinas, vivimos Malvinas y defendemos Malvinas\u201d\",\"isPartOf\":{\"@id\":\"https:\\\/\\\/patagoniambiental.com.ar\\\/info\\\/#website\"},\"primaryImageOfPage\":{\"@id\":\"https:\\\/\\\/patagoniambiental.com.ar\\\/info\\\/todos-los-dias-respiramos-malvinas-vivimos-malvinas-y-defendemos-malvinas\\\/#primaryimage\"},\"image\":{\"@id\":\"https:\\\/\\\/patagoniambiental.com.ar\\\/info\\\/todos-los-dias-respiramos-malvinas-vivimos-malvinas-y-defendemos-malvinas\\\/#primaryimage\"},\"thumbnailUrl\":\"https:\\\/\\\/patagoniambiental.com.ar\\\/info\\\/wp-content\\\/uploads\\\/2023\\\/04\\\/Malvinas3-e1680471505362-1200x480-1.jpg\",\"datePublished\":\"2023-04-03T20:50:37+00:00\",\"dateModified\":\"2024-08-19T01:21:46+00:00\",\"breadcrumb\":{\"@id\":\"https:\\\/\\\/patagoniambiental.com.ar\\\/info\\\/todos-los-dias-respiramos-malvinas-vivimos-malvinas-y-defendemos-malvinas\\\/#breadcrumb\"},\"inLanguage\":\"es\",\"potentialAction\":[{\"@type\":\"ReadAction\",\"target\":[\"https:\\\/\\\/patagoniambiental.com.ar\\\/info\\\/todos-los-dias-respiramos-malvinas-vivimos-malvinas-y-defendemos-malvinas\\\/\"]}]},{\"@type\":\"ImageObject\",\"inLanguage\":\"es\",\"@id\":\"https:\\\/\\\/patagoniambiental.com.ar\\\/info\\\/todos-los-dias-respiramos-malvinas-vivimos-malvinas-y-defendemos-malvinas\\\/#primaryimage\",\"url\":\"https:\\\/\\\/patagoniambiental.com.ar\\\/info\\\/wp-content\\\/uploads\\\/2023\\\/04\\\/Malvinas3-e1680471505362-1200x480-1.jpg\",\"contentUrl\":\"https:\\\/\\\/patagoniambiental.com.ar\\\/info\\\/wp-content\\\/uploads\\\/2023\\\/04\\\/Malvinas3-e1680471505362-1200x480-1.jpg\",\"width\":1200,\"height\":480},{\"@type\":\"BreadcrumbList\",\"@id\":\"https:\\\/\\\/patagoniambiental.com.ar\\\/info\\\/todos-los-dias-respiramos-malvinas-vivimos-malvinas-y-defendemos-malvinas\\\/#breadcrumb\",\"itemListElement\":[{\"@type\":\"ListItem\",\"position\":1,\"name\":\"Inicio\",\"item\":\"https:\\\/\\\/patagoniambiental.com.ar\\\/info\\\/\"},{\"@type\":\"ListItem\",\"position\":2,\"name\":\"\u201cTodos los d\u00edas respiramos Malvinas, vivimos Malvinas y defendemos Malvinas\u201d\"}]},{\"@type\":\"WebSite\",\"@id\":\"https:\\\/\\\/patagoniambiental.com.ar\\\/info\\\/#website\",\"url\":\"https:\\\/\\\/patagoniambiental.com.ar\\\/info\\\/\",\"name\":\"Patagonia Ambiental\",\"description\":\"Monitoreo y an\u00e1lisis de la situaci\u00f3n geopol\u00edtica en el mundo y su implicancia en la Patagonia\",\"publisher\":{\"@id\":\"https:\\\/\\\/patagoniambiental.com.ar\\\/info\\\/#organization\"},\"potentialAction\":[{\"@type\":\"SearchAction\",\"target\":{\"@type\":\"EntryPoint\",\"urlTemplate\":\"https:\\\/\\\/patagoniambiental.com.ar\\\/info\\\/?s={search_term_string}\"},\"query-input\":{\"@type\":\"PropertyValueSpecification\",\"valueRequired\":true,\"valueName\":\"search_term_string\"}}],\"inLanguage\":\"es\"},{\"@type\":\"Organization\",\"@id\":\"https:\\\/\\\/patagoniambiental.com.ar\\\/info\\\/#organization\",\"name\":\"Patagonia Ambiental\",\"url\":\"https:\\\/\\\/patagoniambiental.com.ar\\\/info\\\/\",\"logo\":{\"@type\":\"ImageObject\",\"inLanguage\":\"es\",\"@id\":\"https:\\\/\\\/patagoniambiental.com.ar\\\/info\\\/#\\\/schema\\\/logo\\\/image\\\/\",\"url\":\"https:\\\/\\\/patagoniambiental.com.ar\\\/info\\\/wp-content\\\/uploads\\\/2025\\\/05\\\/LOGO-PATAGONIA-AMBIENTAL.png\",\"contentUrl\":\"https:\\\/\\\/patagoniambiental.com.ar\\\/info\\\/wp-content\\\/uploads\\\/2025\\\/05\\\/LOGO-PATAGONIA-AMBIENTAL.png\",\"width\":433,\"height\":250,\"caption\":\"Patagonia Ambiental\"},\"image\":{\"@id\":\"https:\\\/\\\/patagoniambiental.com.ar\\\/info\\\/#\\\/schema\\\/logo\\\/image\\\/\"},\"sameAs\":[\"https:\\\/\\\/www.facebook.com\\\/patagonia.ambiental\",\"https:\\\/\\\/x.com\\\/PatAmb\"]},{\"@type\":\"Person\",\"@id\":\"https:\\\/\\\/patagoniambiental.com.ar\\\/info\\\/#\\\/schema\\\/person\\\/db12bff64bbcbf6a253710bf0ea37b5d\",\"name\":\"Patagonia Ambiental\",\"description\":\"Andr\u00e9s Nievas T\u00e9cnico en manejo ambiental, consultor Ambiental y escritor para medios locales e internacionales sobre temas de geopolitica y medio ambiente.\",\"sameAs\":[\"http:\\\/\\\/www.patagoniambiental.com.ar\",\"https:\\\/\\\/www.facebook.com\\\/share\\\/1C1V8Gv9BX\\\/?mibextid=qi2Omg\",\"@patagoniambiental\",\"https:\\\/\\\/youtube.com\\\/@patagoniaambiental2023?si=BLt58t0wuXquxlYZ\"]}]}<\/script>\n<!-- \/ Yoast SEO Premium plugin. -->","yoast_head_json":{"title":"\u201cTodos los d\u00edas respiramos Malvinas, vivimos Malvinas y defendemos Malvinas\u201d","robots":{"index":"index","follow":"follow","max-snippet":"max-snippet:-1","max-image-preview":"max-image-preview:large","max-video-preview":"max-video-preview:-1"},"canonical":"https:\/\/patagoniambiental.com.ar\/info\/todos-los-dias-respiramos-malvinas-vivimos-malvinas-y-defendemos-malvinas\/","og_locale":"es_ES","og_type":"article","og_title":"\u201cTodos los d\u00edas respiramos Malvinas, vivimos Malvinas y defendemos Malvinas\u201d","og_url":"https:\/\/patagoniambiental.com.ar\/info\/todos-los-dias-respiramos-malvinas-vivimos-malvinas-y-defendemos-malvinas\/","og_site_name":"Patagonia Ambiental","article_publisher":"https:\/\/www.facebook.com\/patagonia.ambiental","article_author":"https:\/\/www.facebook.com\/share\/1C1V8Gv9BX\/?mibextid=qi2Omg","article_published_time":"2023-04-03T20:50:37+00:00","article_modified_time":"2024-08-19T01:21:46+00:00","og_image":[{"width":1200,"height":480,"url":"https:\/\/patagoniambiental.com.ar\/info\/wp-content\/uploads\/2023\/04\/Malvinas3-e1680471505362-1200x480-1.jpg","type":"image\/jpeg"}],"author":"Patagonia Ambiental","twitter_card":"summary_large_image","twitter_creator":"@PatAmb","twitter_site":"@PatAmb","schema":{"@context":"https:\/\/schema.org","@graph":[{"@type":"Article","@id":"https:\/\/patagoniambiental.com.ar\/info\/todos-los-dias-respiramos-malvinas-vivimos-malvinas-y-defendemos-malvinas\/#article","isPartOf":{"@id":"https:\/\/patagoniambiental.com.ar\/info\/todos-los-dias-respiramos-malvinas-vivimos-malvinas-y-defendemos-malvinas\/"},"author":{"name":"Patagonia Ambiental","@id":"https:\/\/patagoniambiental.com.ar\/info\/#\/schema\/person\/db12bff64bbcbf6a253710bf0ea37b5d"},"headline":"\u201cTodos los d\u00edas respiramos Malvinas, vivimos Malvinas y defendemos Malvinas\u201d","datePublished":"2023-04-03T20:50:37+00:00","dateModified":"2024-08-19T01:21:46+00:00","mainEntityOfPage":{"@id":"https:\/\/patagoniambiental.com.ar\/info\/todos-los-dias-respiramos-malvinas-vivimos-malvinas-y-defendemos-malvinas\/"},"wordCount":912,"commentCount":0,"publisher":{"@id":"https:\/\/patagoniambiental.com.ar\/info\/#organization"},"image":{"@id":"https:\/\/patagoniambiental.com.ar\/info\/todos-los-dias-respiramos-malvinas-vivimos-malvinas-y-defendemos-malvinas\/#primaryimage"},"thumbnailUrl":"https:\/\/patagoniambiental.com.ar\/info\/wp-content\/uploads\/2023\/04\/Malvinas3-e1680471505362-1200x480-1.jpg","articleSection":["Noticias"],"inLanguage":"es","potentialAction":[{"@type":"CommentAction","name":"Comment","target":["https:\/\/patagoniambiental.com.ar\/info\/todos-los-dias-respiramos-malvinas-vivimos-malvinas-y-defendemos-malvinas\/#respond"]}]},{"@type":"WebPage","@id":"https:\/\/patagoniambiental.com.ar\/info\/todos-los-dias-respiramos-malvinas-vivimos-malvinas-y-defendemos-malvinas\/","url":"https:\/\/patagoniambiental.com.ar\/info\/todos-los-dias-respiramos-malvinas-vivimos-malvinas-y-defendemos-malvinas\/","name":"\u201cTodos los d\u00edas respiramos Malvinas, vivimos Malvinas y defendemos Malvinas\u201d","isPartOf":{"@id":"https:\/\/patagoniambiental.com.ar\/info\/#website"},"primaryImageOfPage":{"@id":"https:\/\/patagoniambiental.com.ar\/info\/todos-los-dias-respiramos-malvinas-vivimos-malvinas-y-defendemos-malvinas\/#primaryimage"},"image":{"@id":"https:\/\/patagoniambiental.com.ar\/info\/todos-los-dias-respiramos-malvinas-vivimos-malvinas-y-defendemos-malvinas\/#primaryimage"},"thumbnailUrl":"https:\/\/patagoniambiental.com.ar\/info\/wp-content\/uploads\/2023\/04\/Malvinas3-e1680471505362-1200x480-1.jpg","datePublished":"2023-04-03T20:50:37+00:00","dateModified":"2024-08-19T01:21:46+00:00","breadcrumb":{"@id":"https:\/\/patagoniambiental.com.ar\/info\/todos-los-dias-respiramos-malvinas-vivimos-malvinas-y-defendemos-malvinas\/#breadcrumb"},"inLanguage":"es","potentialAction":[{"@type":"ReadAction","target":["https:\/\/patagoniambiental.com.ar\/info\/todos-los-dias-respiramos-malvinas-vivimos-malvinas-y-defendemos-malvinas\/"]}]},{"@type":"ImageObject","inLanguage":"es","@id":"https:\/\/patagoniambiental.com.ar\/info\/todos-los-dias-respiramos-malvinas-vivimos-malvinas-y-defendemos-malvinas\/#primaryimage","url":"https:\/\/patagoniambiental.com.ar\/info\/wp-content\/uploads\/2023\/04\/Malvinas3-e1680471505362-1200x480-1.jpg","contentUrl":"https:\/\/patagoniambiental.com.ar\/info\/wp-content\/uploads\/2023\/04\/Malvinas3-e1680471505362-1200x480-1.jpg","width":1200,"height":480},{"@type":"BreadcrumbList","@id":"https:\/\/patagoniambiental.com.ar\/info\/todos-los-dias-respiramos-malvinas-vivimos-malvinas-y-defendemos-malvinas\/#breadcrumb","itemListElement":[{"@type":"ListItem","position":1,"name":"Inicio","item":"https:\/\/patagoniambiental.com.ar\/info\/"},{"@type":"ListItem","position":2,"name":"\u201cTodos los d\u00edas respiramos Malvinas, vivimos Malvinas y defendemos Malvinas\u201d"}]},{"@type":"WebSite","@id":"https:\/\/patagoniambiental.com.ar\/info\/#website","url":"https:\/\/patagoniambiental.com.ar\/info\/","name":"Patagonia Ambiental","description":"Monitoreo y an\u00e1lisis de la situaci\u00f3n geopol\u00edtica en el mundo y su implicancia en la Patagonia","publisher":{"@id":"https:\/\/patagoniambiental.com.ar\/info\/#organization"},"potentialAction":[{"@type":"SearchAction","target":{"@type":"EntryPoint","urlTemplate":"https:\/\/patagoniambiental.com.ar\/info\/?s={search_term_string}"},"query-input":{"@type":"PropertyValueSpecification","valueRequired":true,"valueName":"search_term_string"}}],"inLanguage":"es"},{"@type":"Organization","@id":"https:\/\/patagoniambiental.com.ar\/info\/#organization","name":"Patagonia Ambiental","url":"https:\/\/patagoniambiental.com.ar\/info\/","logo":{"@type":"ImageObject","inLanguage":"es","@id":"https:\/\/patagoniambiental.com.ar\/info\/#\/schema\/logo\/image\/","url":"https:\/\/patagoniambiental.com.ar\/info\/wp-content\/uploads\/2025\/05\/LOGO-PATAGONIA-AMBIENTAL.png","contentUrl":"https:\/\/patagoniambiental.com.ar\/info\/wp-content\/uploads\/2025\/05\/LOGO-PATAGONIA-AMBIENTAL.png","width":433,"height":250,"caption":"Patagonia Ambiental"},"image":{"@id":"https:\/\/patagoniambiental.com.ar\/info\/#\/schema\/logo\/image\/"},"sameAs":["https:\/\/www.facebook.com\/patagonia.ambiental","https:\/\/x.com\/PatAmb"]},{"@type":"Person","@id":"https:\/\/patagoniambiental.com.ar\/info\/#\/schema\/person\/db12bff64bbcbf6a253710bf0ea37b5d","name":"Patagonia Ambiental","description":"Andr\u00e9s Nievas T\u00e9cnico en manejo ambiental, consultor Ambiental y escritor para medios locales e internacionales sobre temas de geopolitica y medio ambiente.","sameAs":["http:\/\/www.patagoniambiental.com.ar","https:\/\/www.facebook.com\/share\/1C1V8Gv9BX\/?mibextid=qi2Omg","@patagoniambiental","https:\/\/youtube.com\/@patagoniaambiental2023?si=BLt58t0wuXquxlYZ"]}]}},"_links":{"self":[{"href":"https:\/\/patagoniambiental.com.ar\/info\/wp-json\/wp\/v2\/posts\/77228","targetHints":{"allow":["GET"]}}],"collection":[{"href":"https:\/\/patagoniambiental.com.ar\/info\/wp-json\/wp\/v2\/posts"}],"about":[{"href":"https:\/\/patagoniambiental.com.ar\/info\/wp-json\/wp\/v2\/types\/post"}],"author":[{"embeddable":true,"href":"https:\/\/patagoniambiental.com.ar\/info\/wp-json\/wp\/v2\/users\/2"}],"replies":[{"embeddable":true,"href":"https:\/\/patagoniambiental.com.ar\/info\/wp-json\/wp\/v2\/comments?post=77228"}],"version-history":[{"count":0,"href":"https:\/\/patagoniambiental.com.ar\/info\/wp-json\/wp\/v2\/posts\/77228\/revisions"}],"wp:featuredmedia":[{"embeddable":true,"href":"https:\/\/patagoniambiental.com.ar\/info\/wp-json\/wp\/v2\/media\/77232"}],"wp:attachment":[{"href":"https:\/\/patagoniambiental.com.ar\/info\/wp-json\/wp\/v2\/media?parent=77228"}],"wp:term":[{"taxonomy":"category","embeddable":true,"href":"https:\/\/patagoniambiental.com.ar\/info\/wp-json\/wp\/v2\/categories?post=77228"},{"taxonomy":"post_tag","embeddable":true,"href":"https:\/\/patagoniambiental.com.ar\/info\/wp-json\/wp\/v2\/tags?post=77228"}],"curies":[{"name":"wp","href":"https:\/\/api.w.org\/{rel}","templated":true}]}}