{"id":77284,"date":"2023-04-05T19:00:00","date_gmt":"2023-04-05T22:00:00","guid":{"rendered":"http:\/\/patagoniambiental.com.ar\/info\/?p=77284"},"modified":"2024-08-18T22:15:46","modified_gmt":"2024-08-19T01:15:46","slug":"rescataron-a-unos-300-delfines-varados-en-el-golfo-san-matias","status":"publish","type":"post","link":"https:\/\/patagoniambiental.com.ar\/info\/rescataron-a-unos-300-delfines-varados-en-el-golfo-san-matias\/","title":{"rendered":"Rescataron a unos 300 delfines varados en el Golfo San Mat\u00edas"},"content":{"rendered":"\n<!--more-->\n\n\n\n<p>Equivocaron el rumbo huyendo de un ataque de orcas. Participaron del rescate guardas ambientales, Prefectura, vecinos y turistas.<\/p>\n\n\n\n<p>Unos 300 delfines fueron rescatados en las aguas del Golfo San Mat\u00edas, a unos 65 kil\u00f3metros del balneario rionegrino de Las Grutas, luego de que quedaran varados en aguas de poca profundidad cuando hu\u00edan del ataque de ballenas orcas, informaron hoy desde la Secretaria de Ambiente provincial.<\/p>\n\n\n\n<p>El grupo de delfines, que qued\u00f3 desorientado luego del ataque, se meti\u00f3 en el pilet\u00f3n que se forma cuando baja la marea entre el muelle del puerto de aguas profundas en San Antonio Oeste desde donde salen los buques cargados de fruta, y el balneario Punta Perdices.<\/p>\n\n\n\n<p>\u201cEl operativo de rescate fue exitoso y no report\u00f3 la muerte de ning\u00fan ejemplar de cet\u00e1ceos\u201d, aseguraron desde el \u00e1rea Ambiental rionegrina.<\/p>\n\n\n\n<p>Seg\u00fan explicaron, ayer alrededor del mediod\u00eda, personal la Secretar\u00eda de Ambiente y Cambio Clim\u00e1tico de R\u00edo Negro recibi\u00f3 una alerta sobre un posible varamiento de un grupo numeroso de delfines en la zona de Punta Perdices, dentro del \u00c1rea Natural Protegida \u00abBah\u00eda de San Antonio\u00bb.<\/p>\n\n\n\n<p>\u201cInmediatamente, se gener\u00f3 una respuesta por parte del personal de la Secretar\u00eda, que constat\u00f3 la situaci\u00f3n\u201d, informaron los voceros.<\/p>\n\n\n\n<p>Luego, en un trabajo coordinado con la Municipalidad de San Antonio Oeste, la Prefectura Naval Argentina y la comunidad del Puerto del Este, se logr\u00f3 acordonar la zona y prestar asistencia a los animales que quedaron varados sobre la costa.<\/p>\n\n\n\n<p>El operativo fue exitoso y no se tuvo que lamentar la p\u00e9rdida de ning\u00fan ejemplar, \u201cse trata de un evento natural, en el cual, seg\u00fan los expertos, podr\u00eda haberse tratado del ataque de un predador que desorient\u00f3 a los delfines e hizo que vayan hacia la costa\u201d, precisaron.<\/p>\n\n\n\n<p>Durante la ma\u00f1ana de este mi\u00e9rcoles se realiz\u00f3 un nuevo patrullaje con resultados negativos de delfines varados. Sin embargo, se continuar\u00e1 monitoreando la zona a trav\u00e9s del cuerpo de Guardas Ambientales.<\/p>\n\n\n\n<p>Fuente: www.radiofueguina.com<\/p>\n","protected":false},"excerpt":{"rendered":"","protected":false},"author":2,"featured_media":77285,"comment_status":"open","ping_status":"open","sticky":false,"template":"","format":"standard","meta":{"site-sidebar-layout":"default","site-content-layout":"","ast-site-content-layout":"default","site-content-style":"default","site-sidebar-style":"default","ast-global-header-display":"","ast-banner-title-visibility":"","ast-main-header-display":"","ast-hfb-above-header-display":"","ast-hfb-below-header-display":"","ast-hfb-mobile-header-display":"","site-post-title":"","ast-breadcrumbs-content":"","ast-featured-img":"","footer-sml-layout":"","ast-disable-related-posts":"","theme-transparent-header-meta":"","adv-header-id-meta":"","stick-header-meta":"","header-above-stick-meta":"","header-main-stick-meta":"","header-below-stick-meta":"","astra-migrate-meta-layouts":"default","ast-page-background-enabled":"default","ast-page-background-meta":{"desktop":{"background-color":"var(--ast-global-color-5)","background-image":"","background-repeat":"repeat","background-position":"center center","background-size":"auto","background-attachment":"scroll","background-type":"","background-media":"","overlay-type":"","overlay-color":"","overlay-opacity":"","overlay-gradient":""},"tablet":{"background-color":"","background-image":"","background-repeat":"repeat","background-position":"center center","background-size":"auto","background-attachment":"scroll","background-type":"","background-media":"","overlay-type":"","overlay-color":"","overlay-opacity":"","overlay-gradient":""},"mobile":{"background-color":"","background-image":"","background-repeat":"repeat","background-position":"center center","background-size":"auto","background-attachment":"scroll","background-type":"","background-media":"","overlay-type":"","overlay-color":"","overlay-opacity":"","overlay-gradient":""}},"ast-content-background-meta":{"desktop":{"background-color":"var(--ast-global-color-4)","background-image":"","background-repeat":"repeat","background-position":"center center","background-size":"auto","background-attachment":"scroll","background-type":"","background-media":"","overlay-type":"","overlay-color":"","overlay-opacity":"","overlay-gradient":""},"tablet":{"background-color":"var(--ast-global-color-4)","background-image":"","background-repeat":"repeat","background-position":"center center","background-size":"auto","background-attachment":"scroll","background-type":"","background-media":"","overlay-type":"","overlay-color":"","overlay-opacity":"","overlay-gradient":""},"mobile":{"background-color":"var(--ast-global-color-4)","background-image":"","background-repeat":"repeat","background-position":"center center","background-size":"auto","background-attachment":"scroll","background-type":"","background-media":"","overlay-type":"","overlay-color":"","overlay-opacity":"","overlay-gradient":""}},"footnotes":""},"categories":[1,13,14],"tags":[],"class_list":["post-77284","post","type-post","status-publish","format-standard","has-post-thumbnail","hentry","category-noticias","category-provinciales","category-rio-negro"],"yoast_head":"<!-- This site is optimized with the Yoast SEO Premium plugin v23.0 (Yoast SEO v27.4) - https:\/\/yoast.com\/product\/yoast-seo-premium-wordpress\/ -->\n<title>Rescataron a unos 300 delfines varados en el Golfo San Mat\u00edas<\/title>\n<meta name=\"robots\" content=\"index, follow, max-snippet:-1, max-image-preview:large, max-video-preview:-1\" \/>\n<link rel=\"canonical\" href=\"https:\/\/patagoniambiental.com.ar\/info\/rescataron-a-unos-300-delfines-varados-en-el-golfo-san-matias\/\" \/>\n<meta property=\"og:locale\" content=\"es_ES\" \/>\n<meta property=\"og:type\" content=\"article\" \/>\n<meta property=\"og:title\" content=\"Rescataron a unos 300 delfines varados en el Golfo San Mat\u00edas\" \/>\n<meta property=\"og:url\" content=\"https:\/\/patagoniambiental.com.ar\/info\/rescataron-a-unos-300-delfines-varados-en-el-golfo-san-matias\/\" \/>\n<meta property=\"og:site_name\" content=\"Patagonia Ambiental\" \/>\n<meta property=\"article:publisher\" content=\"https:\/\/www.facebook.com\/patagonia.ambiental\" \/>\n<meta property=\"article:author\" content=\"https:\/\/www.facebook.com\/share\/1C1V8Gv9BX\/?mibextid=qi2Omg\" \/>\n<meta property=\"article:published_time\" content=\"2023-04-05T22:00:00+00:00\" \/>\n<meta property=\"article:modified_time\" content=\"2024-08-19T01:15:46+00:00\" \/>\n<meta property=\"og:image\" content=\"https:\/\/patagoniambiental.com.ar\/info\/wp-content\/uploads\/2023\/04\/delfines-golfo-san-matias.jpg\" \/>\n\t<meta property=\"og:image:width\" content=\"794\" \/>\n\t<meta property=\"og:image:height\" content=\"479\" \/>\n\t<meta property=\"og:image:type\" content=\"image\/jpeg\" \/>\n<meta name=\"author\" content=\"Patagonia Ambiental\" \/>\n<meta name=\"twitter:card\" content=\"summary_large_image\" \/>\n<meta name=\"twitter:creator\" content=\"@PatAmb\" \/>\n<meta name=\"twitter:site\" content=\"@PatAmb\" \/>\n<script type=\"application\/ld+json\" class=\"yoast-schema-graph\">{\"@context\":\"https:\\\/\\\/schema.org\",\"@graph\":[{\"@type\":\"Article\",\"@id\":\"https:\\\/\\\/patagoniambiental.com.ar\\\/info\\\/rescataron-a-unos-300-delfines-varados-en-el-golfo-san-matias\\\/#article\",\"isPartOf\":{\"@id\":\"https:\\\/\\\/patagoniambiental.com.ar\\\/info\\\/rescataron-a-unos-300-delfines-varados-en-el-golfo-san-matias\\\/\"},\"author\":{\"name\":\"Patagonia Ambiental\",\"@id\":\"https:\\\/\\\/patagoniambiental.com.ar\\\/info\\\/#\\\/schema\\\/person\\\/db12bff64bbcbf6a253710bf0ea37b5d\"},\"headline\":\"Rescataron a unos 300 delfines varados en el Golfo San Mat\u00edas\",\"datePublished\":\"2023-04-05T22:00:00+00:00\",\"dateModified\":\"2024-08-19T01:15:46+00:00\",\"mainEntityOfPage\":{\"@id\":\"https:\\\/\\\/patagoniambiental.com.ar\\\/info\\\/rescataron-a-unos-300-delfines-varados-en-el-golfo-san-matias\\\/\"},\"wordCount\":351,\"commentCount\":0,\"publisher\":{\"@id\":\"https:\\\/\\\/patagoniambiental.com.ar\\\/info\\\/#organization\"},\"image\":{\"@id\":\"https:\\\/\\\/patagoniambiental.com.ar\\\/info\\\/rescataron-a-unos-300-delfines-varados-en-el-golfo-san-matias\\\/#primaryimage\"},\"thumbnailUrl\":\"https:\\\/\\\/patagoniambiental.com.ar\\\/info\\\/wp-content\\\/uploads\\\/2023\\\/04\\\/delfines-golfo-san-matias.jpg\",\"articleSection\":[\"Noticias\",\"Provinciales\",\"R\u00edo Negro\"],\"inLanguage\":\"es\",\"potentialAction\":[{\"@type\":\"CommentAction\",\"name\":\"Comment\",\"target\":[\"https:\\\/\\\/patagoniambiental.com.ar\\\/info\\\/rescataron-a-unos-300-delfines-varados-en-el-golfo-san-matias\\\/#respond\"]}]},{\"@type\":\"WebPage\",\"@id\":\"https:\\\/\\\/patagoniambiental.com.ar\\\/info\\\/rescataron-a-unos-300-delfines-varados-en-el-golfo-san-matias\\\/\",\"url\":\"https:\\\/\\\/patagoniambiental.com.ar\\\/info\\\/rescataron-a-unos-300-delfines-varados-en-el-golfo-san-matias\\\/\",\"name\":\"Rescataron a unos 300 delfines varados en el Golfo San Mat\u00edas\",\"isPartOf\":{\"@id\":\"https:\\\/\\\/patagoniambiental.com.ar\\\/info\\\/#website\"},\"primaryImageOfPage\":{\"@id\":\"https:\\\/\\\/patagoniambiental.com.ar\\\/info\\\/rescataron-a-unos-300-delfines-varados-en-el-golfo-san-matias\\\/#primaryimage\"},\"image\":{\"@id\":\"https:\\\/\\\/patagoniambiental.com.ar\\\/info\\\/rescataron-a-unos-300-delfines-varados-en-el-golfo-san-matias\\\/#primaryimage\"},\"thumbnailUrl\":\"https:\\\/\\\/patagoniambiental.com.ar\\\/info\\\/wp-content\\\/uploads\\\/2023\\\/04\\\/delfines-golfo-san-matias.jpg\",\"datePublished\":\"2023-04-05T22:00:00+00:00\",\"dateModified\":\"2024-08-19T01:15:46+00:00\",\"breadcrumb\":{\"@id\":\"https:\\\/\\\/patagoniambiental.com.ar\\\/info\\\/rescataron-a-unos-300-delfines-varados-en-el-golfo-san-matias\\\/#breadcrumb\"},\"inLanguage\":\"es\",\"potentialAction\":[{\"@type\":\"ReadAction\",\"target\":[\"https:\\\/\\\/patagoniambiental.com.ar\\\/info\\\/rescataron-a-unos-300-delfines-varados-en-el-golfo-san-matias\\\/\"]}]},{\"@type\":\"ImageObject\",\"inLanguage\":\"es\",\"@id\":\"https:\\\/\\\/patagoniambiental.com.ar\\\/info\\\/rescataron-a-unos-300-delfines-varados-en-el-golfo-san-matias\\\/#primaryimage\",\"url\":\"https:\\\/\\\/patagoniambiental.com.ar\\\/info\\\/wp-content\\\/uploads\\\/2023\\\/04\\\/delfines-golfo-san-matias.jpg\",\"contentUrl\":\"https:\\\/\\\/patagoniambiental.com.ar\\\/info\\\/wp-content\\\/uploads\\\/2023\\\/04\\\/delfines-golfo-san-matias.jpg\",\"width\":794,\"height\":479},{\"@type\":\"BreadcrumbList\",\"@id\":\"https:\\\/\\\/patagoniambiental.com.ar\\\/info\\\/rescataron-a-unos-300-delfines-varados-en-el-golfo-san-matias\\\/#breadcrumb\",\"itemListElement\":[{\"@type\":\"ListItem\",\"position\":1,\"name\":\"Inicio\",\"item\":\"https:\\\/\\\/patagoniambiental.com.ar\\\/info\\\/\"},{\"@type\":\"ListItem\",\"position\":2,\"name\":\"Rescataron a unos 300 delfines varados en el Golfo San Mat\u00edas\"}]},{\"@type\":\"WebSite\",\"@id\":\"https:\\\/\\\/patagoniambiental.com.ar\\\/info\\\/#website\",\"url\":\"https:\\\/\\\/patagoniambiental.com.ar\\\/info\\\/\",\"name\":\"Patagonia Ambiental\",\"description\":\"Monitoreo y an\u00e1lisis de la situaci\u00f3n geopol\u00edtica en el mundo y su implicancia en la Patagonia\",\"publisher\":{\"@id\":\"https:\\\/\\\/patagoniambiental.com.ar\\\/info\\\/#organization\"},\"potentialAction\":[{\"@type\":\"SearchAction\",\"target\":{\"@type\":\"EntryPoint\",\"urlTemplate\":\"https:\\\/\\\/patagoniambiental.com.ar\\\/info\\\/?s={search_term_string}\"},\"query-input\":{\"@type\":\"PropertyValueSpecification\",\"valueRequired\":true,\"valueName\":\"search_term_string\"}}],\"inLanguage\":\"es\"},{\"@type\":\"Organization\",\"@id\":\"https:\\\/\\\/patagoniambiental.com.ar\\\/info\\\/#organization\",\"name\":\"Patagonia Ambiental\",\"url\":\"https:\\\/\\\/patagoniambiental.com.ar\\\/info\\\/\",\"logo\":{\"@type\":\"ImageObject\",\"inLanguage\":\"es\",\"@id\":\"https:\\\/\\\/patagoniambiental.com.ar\\\/info\\\/#\\\/schema\\\/logo\\\/image\\\/\",\"url\":\"https:\\\/\\\/patagoniambiental.com.ar\\\/info\\\/wp-content\\\/uploads\\\/2025\\\/05\\\/LOGO-PATAGONIA-AMBIENTAL.png\",\"contentUrl\":\"https:\\\/\\\/patagoniambiental.com.ar\\\/info\\\/wp-content\\\/uploads\\\/2025\\\/05\\\/LOGO-PATAGONIA-AMBIENTAL.png\",\"width\":433,\"height\":250,\"caption\":\"Patagonia Ambiental\"},\"image\":{\"@id\":\"https:\\\/\\\/patagoniambiental.com.ar\\\/info\\\/#\\\/schema\\\/logo\\\/image\\\/\"},\"sameAs\":[\"https:\\\/\\\/www.facebook.com\\\/patagonia.ambiental\",\"https:\\\/\\\/x.com\\\/PatAmb\"]},{\"@type\":\"Person\",\"@id\":\"https:\\\/\\\/patagoniambiental.com.ar\\\/info\\\/#\\\/schema\\\/person\\\/db12bff64bbcbf6a253710bf0ea37b5d\",\"name\":\"Patagonia Ambiental\",\"description\":\"Andr\u00e9s Nievas T\u00e9cnico en manejo ambiental, consultor Ambiental y escritor para medios locales e internacionales sobre temas de geopolitica y medio ambiente.\",\"sameAs\":[\"http:\\\/\\\/www.patagoniambiental.com.ar\",\"https:\\\/\\\/www.facebook.com\\\/share\\\/1C1V8Gv9BX\\\/?mibextid=qi2Omg\",\"@patagoniambiental\",\"https:\\\/\\\/youtube.com\\\/@patagoniaambiental2023?si=BLt58t0wuXquxlYZ\"]}]}<\/script>\n<!-- \/ Yoast SEO Premium plugin. -->","yoast_head_json":{"title":"Rescataron a unos 300 delfines varados en el Golfo San Mat\u00edas","robots":{"index":"index","follow":"follow","max-snippet":"max-snippet:-1","max-image-preview":"max-image-preview:large","max-video-preview":"max-video-preview:-1"},"canonical":"https:\/\/patagoniambiental.com.ar\/info\/rescataron-a-unos-300-delfines-varados-en-el-golfo-san-matias\/","og_locale":"es_ES","og_type":"article","og_title":"Rescataron a unos 300 delfines varados en el Golfo San Mat\u00edas","og_url":"https:\/\/patagoniambiental.com.ar\/info\/rescataron-a-unos-300-delfines-varados-en-el-golfo-san-matias\/","og_site_name":"Patagonia Ambiental","article_publisher":"https:\/\/www.facebook.com\/patagonia.ambiental","article_author":"https:\/\/www.facebook.com\/share\/1C1V8Gv9BX\/?mibextid=qi2Omg","article_published_time":"2023-04-05T22:00:00+00:00","article_modified_time":"2024-08-19T01:15:46+00:00","og_image":[{"width":794,"height":479,"url":"https:\/\/patagoniambiental.com.ar\/info\/wp-content\/uploads\/2023\/04\/delfines-golfo-san-matias.jpg","type":"image\/jpeg"}],"author":"Patagonia Ambiental","twitter_card":"summary_large_image","twitter_creator":"@PatAmb","twitter_site":"@PatAmb","schema":{"@context":"https:\/\/schema.org","@graph":[{"@type":"Article","@id":"https:\/\/patagoniambiental.com.ar\/info\/rescataron-a-unos-300-delfines-varados-en-el-golfo-san-matias\/#article","isPartOf":{"@id":"https:\/\/patagoniambiental.com.ar\/info\/rescataron-a-unos-300-delfines-varados-en-el-golfo-san-matias\/"},"author":{"name":"Patagonia Ambiental","@id":"https:\/\/patagoniambiental.com.ar\/info\/#\/schema\/person\/db12bff64bbcbf6a253710bf0ea37b5d"},"headline":"Rescataron a unos 300 delfines varados en el Golfo San Mat\u00edas","datePublished":"2023-04-05T22:00:00+00:00","dateModified":"2024-08-19T01:15:46+00:00","mainEntityOfPage":{"@id":"https:\/\/patagoniambiental.com.ar\/info\/rescataron-a-unos-300-delfines-varados-en-el-golfo-san-matias\/"},"wordCount":351,"commentCount":0,"publisher":{"@id":"https:\/\/patagoniambiental.com.ar\/info\/#organization"},"image":{"@id":"https:\/\/patagoniambiental.com.ar\/info\/rescataron-a-unos-300-delfines-varados-en-el-golfo-san-matias\/#primaryimage"},"thumbnailUrl":"https:\/\/patagoniambiental.com.ar\/info\/wp-content\/uploads\/2023\/04\/delfines-golfo-san-matias.jpg","articleSection":["Noticias","Provinciales","R\u00edo Negro"],"inLanguage":"es","potentialAction":[{"@type":"CommentAction","name":"Comment","target":["https:\/\/patagoniambiental.com.ar\/info\/rescataron-a-unos-300-delfines-varados-en-el-golfo-san-matias\/#respond"]}]},{"@type":"WebPage","@id":"https:\/\/patagoniambiental.com.ar\/info\/rescataron-a-unos-300-delfines-varados-en-el-golfo-san-matias\/","url":"https:\/\/patagoniambiental.com.ar\/info\/rescataron-a-unos-300-delfines-varados-en-el-golfo-san-matias\/","name":"Rescataron a unos 300 delfines varados en el Golfo San Mat\u00edas","isPartOf":{"@id":"https:\/\/patagoniambiental.com.ar\/info\/#website"},"primaryImageOfPage":{"@id":"https:\/\/patagoniambiental.com.ar\/info\/rescataron-a-unos-300-delfines-varados-en-el-golfo-san-matias\/#primaryimage"},"image":{"@id":"https:\/\/patagoniambiental.com.ar\/info\/rescataron-a-unos-300-delfines-varados-en-el-golfo-san-matias\/#primaryimage"},"thumbnailUrl":"https:\/\/patagoniambiental.com.ar\/info\/wp-content\/uploads\/2023\/04\/delfines-golfo-san-matias.jpg","datePublished":"2023-04-05T22:00:00+00:00","dateModified":"2024-08-19T01:15:46+00:00","breadcrumb":{"@id":"https:\/\/patagoniambiental.com.ar\/info\/rescataron-a-unos-300-delfines-varados-en-el-golfo-san-matias\/#breadcrumb"},"inLanguage":"es","potentialAction":[{"@type":"ReadAction","target":["https:\/\/patagoniambiental.com.ar\/info\/rescataron-a-unos-300-delfines-varados-en-el-golfo-san-matias\/"]}]},{"@type":"ImageObject","inLanguage":"es","@id":"https:\/\/patagoniambiental.com.ar\/info\/rescataron-a-unos-300-delfines-varados-en-el-golfo-san-matias\/#primaryimage","url":"https:\/\/patagoniambiental.com.ar\/info\/wp-content\/uploads\/2023\/04\/delfines-golfo-san-matias.jpg","contentUrl":"https:\/\/patagoniambiental.com.ar\/info\/wp-content\/uploads\/2023\/04\/delfines-golfo-san-matias.jpg","width":794,"height":479},{"@type":"BreadcrumbList","@id":"https:\/\/patagoniambiental.com.ar\/info\/rescataron-a-unos-300-delfines-varados-en-el-golfo-san-matias\/#breadcrumb","itemListElement":[{"@type":"ListItem","position":1,"name":"Inicio","item":"https:\/\/patagoniambiental.com.ar\/info\/"},{"@type":"ListItem","position":2,"name":"Rescataron a unos 300 delfines varados en el Golfo San Mat\u00edas"}]},{"@type":"WebSite","@id":"https:\/\/patagoniambiental.com.ar\/info\/#website","url":"https:\/\/patagoniambiental.com.ar\/info\/","name":"Patagonia Ambiental","description":"Monitoreo y an\u00e1lisis de la situaci\u00f3n geopol\u00edtica en el mundo y su implicancia en la Patagonia","publisher":{"@id":"https:\/\/patagoniambiental.com.ar\/info\/#organization"},"potentialAction":[{"@type":"SearchAction","target":{"@type":"EntryPoint","urlTemplate":"https:\/\/patagoniambiental.com.ar\/info\/?s={search_term_string}"},"query-input":{"@type":"PropertyValueSpecification","valueRequired":true,"valueName":"search_term_string"}}],"inLanguage":"es"},{"@type":"Organization","@id":"https:\/\/patagoniambiental.com.ar\/info\/#organization","name":"Patagonia Ambiental","url":"https:\/\/patagoniambiental.com.ar\/info\/","logo":{"@type":"ImageObject","inLanguage":"es","@id":"https:\/\/patagoniambiental.com.ar\/info\/#\/schema\/logo\/image\/","url":"https:\/\/patagoniambiental.com.ar\/info\/wp-content\/uploads\/2025\/05\/LOGO-PATAGONIA-AMBIENTAL.png","contentUrl":"https:\/\/patagoniambiental.com.ar\/info\/wp-content\/uploads\/2025\/05\/LOGO-PATAGONIA-AMBIENTAL.png","width":433,"height":250,"caption":"Patagonia Ambiental"},"image":{"@id":"https:\/\/patagoniambiental.com.ar\/info\/#\/schema\/logo\/image\/"},"sameAs":["https:\/\/www.facebook.com\/patagonia.ambiental","https:\/\/x.com\/PatAmb"]},{"@type":"Person","@id":"https:\/\/patagoniambiental.com.ar\/info\/#\/schema\/person\/db12bff64bbcbf6a253710bf0ea37b5d","name":"Patagonia Ambiental","description":"Andr\u00e9s Nievas T\u00e9cnico en manejo ambiental, consultor Ambiental y escritor para medios locales e internacionales sobre temas de geopolitica y medio ambiente.","sameAs":["http:\/\/www.patagoniambiental.com.ar","https:\/\/www.facebook.com\/share\/1C1V8Gv9BX\/?mibextid=qi2Omg","@patagoniambiental","https:\/\/youtube.com\/@patagoniaambiental2023?si=BLt58t0wuXquxlYZ"]}]}},"_links":{"self":[{"href":"https:\/\/patagoniambiental.com.ar\/info\/wp-json\/wp\/v2\/posts\/77284","targetHints":{"allow":["GET"]}}],"collection":[{"href":"https:\/\/patagoniambiental.com.ar\/info\/wp-json\/wp\/v2\/posts"}],"about":[{"href":"https:\/\/patagoniambiental.com.ar\/info\/wp-json\/wp\/v2\/types\/post"}],"author":[{"embeddable":true,"href":"https:\/\/patagoniambiental.com.ar\/info\/wp-json\/wp\/v2\/users\/2"}],"replies":[{"embeddable":true,"href":"https:\/\/patagoniambiental.com.ar\/info\/wp-json\/wp\/v2\/comments?post=77284"}],"version-history":[{"count":0,"href":"https:\/\/patagoniambiental.com.ar\/info\/wp-json\/wp\/v2\/posts\/77284\/revisions"}],"wp:featuredmedia":[{"embeddable":true,"href":"https:\/\/patagoniambiental.com.ar\/info\/wp-json\/wp\/v2\/media\/77285"}],"wp:attachment":[{"href":"https:\/\/patagoniambiental.com.ar\/info\/wp-json\/wp\/v2\/media?parent=77284"}],"wp:term":[{"taxonomy":"category","embeddable":true,"href":"https:\/\/patagoniambiental.com.ar\/info\/wp-json\/wp\/v2\/categories?post=77284"},{"taxonomy":"post_tag","embeddable":true,"href":"https:\/\/patagoniambiental.com.ar\/info\/wp-json\/wp\/v2\/tags?post=77284"}],"curies":[{"name":"wp","href":"https:\/\/api.w.org\/{rel}","templated":true}]}}