{"id":77315,"date":"2023-04-05T19:00:00","date_gmt":"2023-04-05T22:00:00","guid":{"rendered":"http:\/\/patagoniambiental.com.ar\/info\/?p=77315"},"modified":"2024-08-18T22:17:14","modified_gmt":"2024-08-19T01:17:14","slug":"el-corredor-bioceanico-presente-en-la-reunion-del-grupo-de-trabajo-invernal","status":"publish","type":"post","link":"https:\/\/patagoniambiental.com.ar\/info\/el-corredor-bioceanico-presente-en-la-reunion-del-grupo-de-trabajo-invernal\/","title":{"rendered":"El Corredor Bioce\u00e1nico presente en la reuni\u00f3n del Grupo de Trabajo Invernal"},"content":{"rendered":"\n<!--more-->\n\n\n\n<h4 class=\"wp-block-heading\" id=\"h-este-martes-se-realizo-via-zoom-la-reunion-del-grupo-de-trabajo-invernal-gti-con-el-vecino-pais-chile-de-la-cual-participo-el-corredor-bioceanico-norpatagonico-con-su-presidente-luis-giordano-y-mariana-giachino-por-el-area-tecnica-en-representacion-de-rio-negro\">Este martes se realiz\u00f3, v\u00eda zoom, la reuni\u00f3n del Grupo de Trabajo Invernal (GTI) con el vecino pa\u00eds Chile de la cual particip\u00f3 el Corredor Bioce\u00e1nico Norpatag\u00f3nico, con su presidente Luis Giordano y Mariana Giachino por el \u00e1rea t\u00e9cnica, en representaci\u00f3n de R\u00edo Negro.<\/h4>\n\n\n\n<p><img decoding=\"async\" alt=\"\" srcset=\"\/_next\/image?url=https%3A%2F%2Fsilvercoder.rionegro.gov.ar%2Ffiles%2F1680716406_18028e6ee76d81706686.jpg&amp;w=640&amp;q=75 640w, \/_next\/image?url=https%3A%2F%2Fsilvercoder.rionegro.gov.ar%2Ffiles%2F1680716406_18028e6ee76d81706686.jpg&amp;w=750&amp;q=75 750w, \/_next\/image?url=https%3A%2F%2Fsilvercoder.rionegro.gov.ar%2Ffiles%2F1680716406_18028e6ee76d81706686.jpg&amp;w=828&amp;q=75 828w, \/_next\/image?url=https%3A%2F%2Fsilvercoder.rionegro.gov.ar%2Ffiles%2F1680716406_18028e6ee76d81706686.jpg&amp;w=1080&amp;q=75 1080w, \/_next\/image?url=https%3A%2F%2Fsilvercoder.rionegro.gov.ar%2Ffiles%2F1680716406_18028e6ee76d81706686.jpg&amp;w=1200&amp;q=75 1200w, \/_next\/image?url=https%3A%2F%2Fsilvercoder.rionegro.gov.ar%2Ffiles%2F1680716406_18028e6ee76d81706686.jpg&amp;w=1920&amp;q=75 1920w, \/_next\/image?url=https%3A%2F%2Fsilvercoder.rionegro.gov.ar%2Ffiles%2F1680716406_18028e6ee76d81706686.jpg&amp;w=2048&amp;q=75 2048w, \/_next\/image?url=https%3A%2F%2Fsilvercoder.rionegro.gov.ar%2Ffiles%2F1680716406_18028e6ee76d81706686.jpg&amp;w=3840&amp;q=75 3840w\" src=\"https:\/\/corredorbioceanico.rionegro.gov.ar\/_next\/image?url=https%3A%2F%2Fsilvercoder.rionegro.gov.ar%2Ffiles%2F1680716406_18028e6ee76d81706686.jpg&amp;w=3840&amp;q=75\">El presidente de la entidad, Luis Giordano, particip\u00f3 del encuentro virtualCr\u00e9dito:&nbsp;Gobierno de R\u00edo Negro<\/p>\n\n\n\n<p>Por su parte, la coordinaci\u00f3n de la reuni\u00f3n estuvo a cargo del director de L\u00edmites y Fronteras de la Canciler\u00eda Argentina,&nbsp;Gabriel Servetto.<\/p>\n\n\n\n<p>Los encuentros GTI se celebran de manera anual junto a la Rep\u00fablica de Chile y nuclea a las provincias, Vialidades y Canciller\u00edas de ambos pa\u00edses, a los fines de establecer el Plan de Operaci\u00f3n Invernal (POI).<\/p>\n\n\n\n<p>El Plan se establece para buscar la mejor manera de enfrentar la temporada invernal desde los pasos fronterizos con la Rep\u00fablica de Chile con equipamiento como el uso de cadenas en veh\u00edculos, disponibilidad de maquinaria para el despeje de rutas, existencia de equipos de comunicaci\u00f3n e infraestructuras u obras que hagan a la seguridad de las personas que circulen. En caso de existir nuevas obras que mejoren la transitabilidad haci\u00e9ndola m\u00e1s segura en la \u00e9poca invernal se hace una breve menci\u00f3n en las reuniones del GTI.<\/p>\n\n\n\n<p>Por la parte chilena, Marcelo Medina, encargado de mantenimiento de Vialidad Nacional de Chile, present\u00f3 el Plan de Operaci\u00f3n Invernal haciendo referencia al Acuerdo de Mantenimiento de Caminos Internacionales Chile-Argentina (Decreto Ley 1852 del 4 de agosto 1977)<\/p>\n\n\n\n<p>Comenzando por los pasos fronterizos del GTI Sur (Pichachen, Pino Hachado, Icalma, Mamuil Malal, Cardenal Samore, El Manso, Futaleufu) y GTI Austral los coordinadores de cada paso internacional de ambos pa\u00edses expusieron para los presentes la situaci\u00f3n de cada uno en cuanto a la maquinaria para el despeje de rutas, equipos de comunicaci\u00f3n, obras de infraestructura que mejoren la seguridad en la \u00e9poca invernal, horarios de apertura y cierre de los pasos, etc.<\/p>\n\n\n\n<p>Al turno de la Provincia de Rio Negro informo en el caso del paso El Manso &#8211; El Le\u00f3n sobre el acompa\u00f1amiento y la asistencia que requiere el Paso Le\u00f3n a trav\u00e9s de la Direcci\u00f3n de Vialidad provincial realiza el mantenimiento y despeje de nieve de la ruta 83 lo mantiene transitable. En esa ruta se contara para este invierno con la motoniveladora A-105-HN. En ese marco autoridades de canciller\u00eda de Chile informaron que se asiste a la poblaci\u00f3n de El Le\u00f3n desde el Paso Cardenal Samore. Adem\u00e1s se hizo menci\u00f3n a las obras de arte finalizadas en la Ruta Provincial 83 en la temporada estival que mejoran la seguridad de la transitabilidad. Asimismo el coordinador de Canciller\u00eda de Chile agradeci\u00f3 a la Provincia de Rio Negro tener la consideraci\u00f3n de mantener transitable la Ruta Provincial 83 para que se pueda asistir a la comunidad del paso El Le\u00f3n en caso de urgencias.<\/p>\n\n\n\n<h4 class=\"wp-block-heading\" id=\"h-fuente-corredorbioceanico-rionegro-gov-ar\">Fuente: corredorbioceanico.rionegro.gov.ar<\/h4>\n","protected":false},"excerpt":{"rendered":"","protected":false},"author":2,"featured_media":77316,"comment_status":"open","ping_status":"open","sticky":false,"template":"","format":"standard","meta":{"site-sidebar-layout":"default","site-content-layout":"","ast-site-content-layout":"default","site-content-style":"default","site-sidebar-style":"default","ast-global-header-display":"","ast-banner-title-visibility":"","ast-main-header-display":"","ast-hfb-above-header-display":"","ast-hfb-below-header-display":"","ast-hfb-mobile-header-display":"","site-post-title":"","ast-breadcrumbs-content":"","ast-featured-img":"","footer-sml-layout":"","ast-disable-related-posts":"","theme-transparent-header-meta":"","adv-header-id-meta":"","stick-header-meta":"","header-above-stick-meta":"","header-main-stick-meta":"","header-below-stick-meta":"","astra-migrate-meta-layouts":"default","ast-page-background-enabled":"default","ast-page-background-meta":{"desktop":{"background-color":"var(--ast-global-color-5)","background-image":"","background-repeat":"repeat","background-position":"center center","background-size":"auto","background-attachment":"scroll","background-type":"","background-media":"","overlay-type":"","overlay-color":"","overlay-opacity":"","overlay-gradient":""},"tablet":{"background-color":"","background-image":"","background-repeat":"repeat","background-position":"center center","background-size":"auto","background-attachment":"scroll","background-type":"","background-media":"","overlay-type":"","overlay-color":"","overlay-opacity":"","overlay-gradient":""},"mobile":{"background-color":"","background-image":"","background-repeat":"repeat","background-position":"center center","background-size":"auto","background-attachment":"scroll","background-type":"","background-media":"","overlay-type":"","overlay-color":"","overlay-opacity":"","overlay-gradient":""}},"ast-content-background-meta":{"desktop":{"background-color":"var(--ast-global-color-4)","background-image":"","background-repeat":"repeat","background-position":"center center","background-size":"auto","background-attachment":"scroll","background-type":"","background-media":"","overlay-type":"","overlay-color":"","overlay-opacity":"","overlay-gradient":""},"tablet":{"background-color":"var(--ast-global-color-4)","background-image":"","background-repeat":"repeat","background-position":"center center","background-size":"auto","background-attachment":"scroll","background-type":"","background-media":"","overlay-type":"","overlay-color":"","overlay-opacity":"","overlay-gradient":""},"mobile":{"background-color":"var(--ast-global-color-4)","background-image":"","background-repeat":"repeat","background-position":"center center","background-size":"auto","background-attachment":"scroll","background-type":"","background-media":"","overlay-type":"","overlay-color":"","overlay-opacity":"","overlay-gradient":""}},"footnotes":""},"categories":[1,13,14],"tags":[],"class_list":["post-77315","post","type-post","status-publish","format-standard","has-post-thumbnail","hentry","category-noticias","category-provinciales","category-rio-negro"],"yoast_head":"<!-- This site is optimized with the Yoast SEO Premium plugin v23.0 (Yoast SEO v27.4) - https:\/\/yoast.com\/product\/yoast-seo-premium-wordpress\/ -->\n<title>El Corredor Bioce\u00e1nico presente en la reuni\u00f3n del Grupo de Trabajo Invernal<\/title>\n<meta name=\"robots\" content=\"index, follow, max-snippet:-1, max-image-preview:large, max-video-preview:-1\" \/>\n<link rel=\"canonical\" href=\"https:\/\/patagoniambiental.com.ar\/info\/el-corredor-bioceanico-presente-en-la-reunion-del-grupo-de-trabajo-invernal\/\" \/>\n<meta property=\"og:locale\" content=\"es_ES\" \/>\n<meta property=\"og:type\" content=\"article\" \/>\n<meta property=\"og:title\" content=\"El Corredor Bioce\u00e1nico presente en la reuni\u00f3n del Grupo de Trabajo Invernal\" \/>\n<meta property=\"og:url\" content=\"https:\/\/patagoniambiental.com.ar\/info\/el-corredor-bioceanico-presente-en-la-reunion-del-grupo-de-trabajo-invernal\/\" \/>\n<meta property=\"og:site_name\" content=\"Patagonia Ambiental\" \/>\n<meta property=\"article:publisher\" content=\"https:\/\/www.facebook.com\/patagonia.ambiental\" \/>\n<meta property=\"article:author\" content=\"https:\/\/www.facebook.com\/share\/1C1V8Gv9BX\/?mibextid=qi2Omg\" \/>\n<meta property=\"article:published_time\" content=\"2023-04-05T22:00:00+00:00\" \/>\n<meta property=\"article:modified_time\" content=\"2024-08-19T01:17:14+00:00\" \/>\n<meta property=\"og:image\" content=\"https:\/\/patagoniambiental.com.ar\/info\/wp-content\/uploads\/2023\/04\/Sin-titulo-5.png\" \/>\n\t<meta property=\"og:image:width\" content=\"964\" \/>\n\t<meta property=\"og:image:height\" content=\"525\" \/>\n\t<meta property=\"og:image:type\" content=\"image\/png\" \/>\n<meta name=\"author\" content=\"Patagonia Ambiental\" \/>\n<meta name=\"twitter:card\" content=\"summary_large_image\" \/>\n<meta name=\"twitter:creator\" content=\"@PatAmb\" \/>\n<meta name=\"twitter:site\" content=\"@PatAmb\" \/>\n<script type=\"application\/ld+json\" class=\"yoast-schema-graph\">{\"@context\":\"https:\\\/\\\/schema.org\",\"@graph\":[{\"@type\":\"Article\",\"@id\":\"https:\\\/\\\/patagoniambiental.com.ar\\\/info\\\/el-corredor-bioceanico-presente-en-la-reunion-del-grupo-de-trabajo-invernal\\\/#article\",\"isPartOf\":{\"@id\":\"https:\\\/\\\/patagoniambiental.com.ar\\\/info\\\/el-corredor-bioceanico-presente-en-la-reunion-del-grupo-de-trabajo-invernal\\\/\"},\"author\":{\"name\":\"Patagonia Ambiental\",\"@id\":\"https:\\\/\\\/patagoniambiental.com.ar\\\/info\\\/#\\\/schema\\\/person\\\/db12bff64bbcbf6a253710bf0ea37b5d\"},\"headline\":\"El Corredor Bioce\u00e1nico presente en la reuni\u00f3n del Grupo de Trabajo Invernal\",\"datePublished\":\"2023-04-05T22:00:00+00:00\",\"dateModified\":\"2024-08-19T01:17:14+00:00\",\"mainEntityOfPage\":{\"@id\":\"https:\\\/\\\/patagoniambiental.com.ar\\\/info\\\/el-corredor-bioceanico-presente-en-la-reunion-del-grupo-de-trabajo-invernal\\\/\"},\"wordCount\":525,\"commentCount\":0,\"publisher\":{\"@id\":\"https:\\\/\\\/patagoniambiental.com.ar\\\/info\\\/#organization\"},\"image\":{\"@id\":\"https:\\\/\\\/patagoniambiental.com.ar\\\/info\\\/el-corredor-bioceanico-presente-en-la-reunion-del-grupo-de-trabajo-invernal\\\/#primaryimage\"},\"thumbnailUrl\":\"https:\\\/\\\/patagoniambiental.com.ar\\\/info\\\/wp-content\\\/uploads\\\/2023\\\/04\\\/Sin-titulo-5.png\",\"articleSection\":[\"Noticias\",\"Provinciales\",\"R\u00edo Negro\"],\"inLanguage\":\"es\",\"potentialAction\":[{\"@type\":\"CommentAction\",\"name\":\"Comment\",\"target\":[\"https:\\\/\\\/patagoniambiental.com.ar\\\/info\\\/el-corredor-bioceanico-presente-en-la-reunion-del-grupo-de-trabajo-invernal\\\/#respond\"]}]},{\"@type\":\"WebPage\",\"@id\":\"https:\\\/\\\/patagoniambiental.com.ar\\\/info\\\/el-corredor-bioceanico-presente-en-la-reunion-del-grupo-de-trabajo-invernal\\\/\",\"url\":\"https:\\\/\\\/patagoniambiental.com.ar\\\/info\\\/el-corredor-bioceanico-presente-en-la-reunion-del-grupo-de-trabajo-invernal\\\/\",\"name\":\"El Corredor Bioce\u00e1nico presente en la reuni\u00f3n del Grupo de Trabajo Invernal\",\"isPartOf\":{\"@id\":\"https:\\\/\\\/patagoniambiental.com.ar\\\/info\\\/#website\"},\"primaryImageOfPage\":{\"@id\":\"https:\\\/\\\/patagoniambiental.com.ar\\\/info\\\/el-corredor-bioceanico-presente-en-la-reunion-del-grupo-de-trabajo-invernal\\\/#primaryimage\"},\"image\":{\"@id\":\"https:\\\/\\\/patagoniambiental.com.ar\\\/info\\\/el-corredor-bioceanico-presente-en-la-reunion-del-grupo-de-trabajo-invernal\\\/#primaryimage\"},\"thumbnailUrl\":\"https:\\\/\\\/patagoniambiental.com.ar\\\/info\\\/wp-content\\\/uploads\\\/2023\\\/04\\\/Sin-titulo-5.png\",\"datePublished\":\"2023-04-05T22:00:00+00:00\",\"dateModified\":\"2024-08-19T01:17:14+00:00\",\"breadcrumb\":{\"@id\":\"https:\\\/\\\/patagoniambiental.com.ar\\\/info\\\/el-corredor-bioceanico-presente-en-la-reunion-del-grupo-de-trabajo-invernal\\\/#breadcrumb\"},\"inLanguage\":\"es\",\"potentialAction\":[{\"@type\":\"ReadAction\",\"target\":[\"https:\\\/\\\/patagoniambiental.com.ar\\\/info\\\/el-corredor-bioceanico-presente-en-la-reunion-del-grupo-de-trabajo-invernal\\\/\"]}]},{\"@type\":\"ImageObject\",\"inLanguage\":\"es\",\"@id\":\"https:\\\/\\\/patagoniambiental.com.ar\\\/info\\\/el-corredor-bioceanico-presente-en-la-reunion-del-grupo-de-trabajo-invernal\\\/#primaryimage\",\"url\":\"https:\\\/\\\/patagoniambiental.com.ar\\\/info\\\/wp-content\\\/uploads\\\/2023\\\/04\\\/Sin-titulo-5.png\",\"contentUrl\":\"https:\\\/\\\/patagoniambiental.com.ar\\\/info\\\/wp-content\\\/uploads\\\/2023\\\/04\\\/Sin-titulo-5.png\",\"width\":964,\"height\":525},{\"@type\":\"BreadcrumbList\",\"@id\":\"https:\\\/\\\/patagoniambiental.com.ar\\\/info\\\/el-corredor-bioceanico-presente-en-la-reunion-del-grupo-de-trabajo-invernal\\\/#breadcrumb\",\"itemListElement\":[{\"@type\":\"ListItem\",\"position\":1,\"name\":\"Inicio\",\"item\":\"https:\\\/\\\/patagoniambiental.com.ar\\\/info\\\/\"},{\"@type\":\"ListItem\",\"position\":2,\"name\":\"El Corredor Bioce\u00e1nico presente en la reuni\u00f3n del Grupo de Trabajo Invernal\"}]},{\"@type\":\"WebSite\",\"@id\":\"https:\\\/\\\/patagoniambiental.com.ar\\\/info\\\/#website\",\"url\":\"https:\\\/\\\/patagoniambiental.com.ar\\\/info\\\/\",\"name\":\"Patagonia Ambiental\",\"description\":\"Monitoreo y an\u00e1lisis de la situaci\u00f3n geopol\u00edtica en el mundo y su implicancia en la Patagonia\",\"publisher\":{\"@id\":\"https:\\\/\\\/patagoniambiental.com.ar\\\/info\\\/#organization\"},\"potentialAction\":[{\"@type\":\"SearchAction\",\"target\":{\"@type\":\"EntryPoint\",\"urlTemplate\":\"https:\\\/\\\/patagoniambiental.com.ar\\\/info\\\/?s={search_term_string}\"},\"query-input\":{\"@type\":\"PropertyValueSpecification\",\"valueRequired\":true,\"valueName\":\"search_term_string\"}}],\"inLanguage\":\"es\"},{\"@type\":\"Organization\",\"@id\":\"https:\\\/\\\/patagoniambiental.com.ar\\\/info\\\/#organization\",\"name\":\"Patagonia Ambiental\",\"url\":\"https:\\\/\\\/patagoniambiental.com.ar\\\/info\\\/\",\"logo\":{\"@type\":\"ImageObject\",\"inLanguage\":\"es\",\"@id\":\"https:\\\/\\\/patagoniambiental.com.ar\\\/info\\\/#\\\/schema\\\/logo\\\/image\\\/\",\"url\":\"https:\\\/\\\/patagoniambiental.com.ar\\\/info\\\/wp-content\\\/uploads\\\/2025\\\/05\\\/LOGO-PATAGONIA-AMBIENTAL.png\",\"contentUrl\":\"https:\\\/\\\/patagoniambiental.com.ar\\\/info\\\/wp-content\\\/uploads\\\/2025\\\/05\\\/LOGO-PATAGONIA-AMBIENTAL.png\",\"width\":433,\"height\":250,\"caption\":\"Patagonia Ambiental\"},\"image\":{\"@id\":\"https:\\\/\\\/patagoniambiental.com.ar\\\/info\\\/#\\\/schema\\\/logo\\\/image\\\/\"},\"sameAs\":[\"https:\\\/\\\/www.facebook.com\\\/patagonia.ambiental\",\"https:\\\/\\\/x.com\\\/PatAmb\"]},{\"@type\":\"Person\",\"@id\":\"https:\\\/\\\/patagoniambiental.com.ar\\\/info\\\/#\\\/schema\\\/person\\\/db12bff64bbcbf6a253710bf0ea37b5d\",\"name\":\"Patagonia Ambiental\",\"description\":\"Andr\u00e9s Nievas T\u00e9cnico en manejo ambiental, consultor Ambiental y escritor para medios locales e internacionales sobre temas de geopolitica y medio ambiente.\",\"sameAs\":[\"http:\\\/\\\/www.patagoniambiental.com.ar\",\"https:\\\/\\\/www.facebook.com\\\/share\\\/1C1V8Gv9BX\\\/?mibextid=qi2Omg\",\"@patagoniambiental\",\"https:\\\/\\\/youtube.com\\\/@patagoniaambiental2023?si=BLt58t0wuXquxlYZ\"]}]}<\/script>\n<!-- \/ Yoast SEO Premium plugin. -->","yoast_head_json":{"title":"El Corredor Bioce\u00e1nico presente en la reuni\u00f3n del Grupo de Trabajo Invernal","robots":{"index":"index","follow":"follow","max-snippet":"max-snippet:-1","max-image-preview":"max-image-preview:large","max-video-preview":"max-video-preview:-1"},"canonical":"https:\/\/patagoniambiental.com.ar\/info\/el-corredor-bioceanico-presente-en-la-reunion-del-grupo-de-trabajo-invernal\/","og_locale":"es_ES","og_type":"article","og_title":"El Corredor Bioce\u00e1nico presente en la reuni\u00f3n del Grupo de Trabajo Invernal","og_url":"https:\/\/patagoniambiental.com.ar\/info\/el-corredor-bioceanico-presente-en-la-reunion-del-grupo-de-trabajo-invernal\/","og_site_name":"Patagonia Ambiental","article_publisher":"https:\/\/www.facebook.com\/patagonia.ambiental","article_author":"https:\/\/www.facebook.com\/share\/1C1V8Gv9BX\/?mibextid=qi2Omg","article_published_time":"2023-04-05T22:00:00+00:00","article_modified_time":"2024-08-19T01:17:14+00:00","og_image":[{"width":964,"height":525,"url":"https:\/\/patagoniambiental.com.ar\/info\/wp-content\/uploads\/2023\/04\/Sin-titulo-5.png","type":"image\/png"}],"author":"Patagonia Ambiental","twitter_card":"summary_large_image","twitter_creator":"@PatAmb","twitter_site":"@PatAmb","schema":{"@context":"https:\/\/schema.org","@graph":[{"@type":"Article","@id":"https:\/\/patagoniambiental.com.ar\/info\/el-corredor-bioceanico-presente-en-la-reunion-del-grupo-de-trabajo-invernal\/#article","isPartOf":{"@id":"https:\/\/patagoniambiental.com.ar\/info\/el-corredor-bioceanico-presente-en-la-reunion-del-grupo-de-trabajo-invernal\/"},"author":{"name":"Patagonia Ambiental","@id":"https:\/\/patagoniambiental.com.ar\/info\/#\/schema\/person\/db12bff64bbcbf6a253710bf0ea37b5d"},"headline":"El Corredor Bioce\u00e1nico presente en la reuni\u00f3n del Grupo de Trabajo Invernal","datePublished":"2023-04-05T22:00:00+00:00","dateModified":"2024-08-19T01:17:14+00:00","mainEntityOfPage":{"@id":"https:\/\/patagoniambiental.com.ar\/info\/el-corredor-bioceanico-presente-en-la-reunion-del-grupo-de-trabajo-invernal\/"},"wordCount":525,"commentCount":0,"publisher":{"@id":"https:\/\/patagoniambiental.com.ar\/info\/#organization"},"image":{"@id":"https:\/\/patagoniambiental.com.ar\/info\/el-corredor-bioceanico-presente-en-la-reunion-del-grupo-de-trabajo-invernal\/#primaryimage"},"thumbnailUrl":"https:\/\/patagoniambiental.com.ar\/info\/wp-content\/uploads\/2023\/04\/Sin-titulo-5.png","articleSection":["Noticias","Provinciales","R\u00edo Negro"],"inLanguage":"es","potentialAction":[{"@type":"CommentAction","name":"Comment","target":["https:\/\/patagoniambiental.com.ar\/info\/el-corredor-bioceanico-presente-en-la-reunion-del-grupo-de-trabajo-invernal\/#respond"]}]},{"@type":"WebPage","@id":"https:\/\/patagoniambiental.com.ar\/info\/el-corredor-bioceanico-presente-en-la-reunion-del-grupo-de-trabajo-invernal\/","url":"https:\/\/patagoniambiental.com.ar\/info\/el-corredor-bioceanico-presente-en-la-reunion-del-grupo-de-trabajo-invernal\/","name":"El Corredor Bioce\u00e1nico presente en la reuni\u00f3n del Grupo de Trabajo Invernal","isPartOf":{"@id":"https:\/\/patagoniambiental.com.ar\/info\/#website"},"primaryImageOfPage":{"@id":"https:\/\/patagoniambiental.com.ar\/info\/el-corredor-bioceanico-presente-en-la-reunion-del-grupo-de-trabajo-invernal\/#primaryimage"},"image":{"@id":"https:\/\/patagoniambiental.com.ar\/info\/el-corredor-bioceanico-presente-en-la-reunion-del-grupo-de-trabajo-invernal\/#primaryimage"},"thumbnailUrl":"https:\/\/patagoniambiental.com.ar\/info\/wp-content\/uploads\/2023\/04\/Sin-titulo-5.png","datePublished":"2023-04-05T22:00:00+00:00","dateModified":"2024-08-19T01:17:14+00:00","breadcrumb":{"@id":"https:\/\/patagoniambiental.com.ar\/info\/el-corredor-bioceanico-presente-en-la-reunion-del-grupo-de-trabajo-invernal\/#breadcrumb"},"inLanguage":"es","potentialAction":[{"@type":"ReadAction","target":["https:\/\/patagoniambiental.com.ar\/info\/el-corredor-bioceanico-presente-en-la-reunion-del-grupo-de-trabajo-invernal\/"]}]},{"@type":"ImageObject","inLanguage":"es","@id":"https:\/\/patagoniambiental.com.ar\/info\/el-corredor-bioceanico-presente-en-la-reunion-del-grupo-de-trabajo-invernal\/#primaryimage","url":"https:\/\/patagoniambiental.com.ar\/info\/wp-content\/uploads\/2023\/04\/Sin-titulo-5.png","contentUrl":"https:\/\/patagoniambiental.com.ar\/info\/wp-content\/uploads\/2023\/04\/Sin-titulo-5.png","width":964,"height":525},{"@type":"BreadcrumbList","@id":"https:\/\/patagoniambiental.com.ar\/info\/el-corredor-bioceanico-presente-en-la-reunion-del-grupo-de-trabajo-invernal\/#breadcrumb","itemListElement":[{"@type":"ListItem","position":1,"name":"Inicio","item":"https:\/\/patagoniambiental.com.ar\/info\/"},{"@type":"ListItem","position":2,"name":"El Corredor Bioce\u00e1nico presente en la reuni\u00f3n del Grupo de Trabajo Invernal"}]},{"@type":"WebSite","@id":"https:\/\/patagoniambiental.com.ar\/info\/#website","url":"https:\/\/patagoniambiental.com.ar\/info\/","name":"Patagonia Ambiental","description":"Monitoreo y an\u00e1lisis de la situaci\u00f3n geopol\u00edtica en el mundo y su implicancia en la Patagonia","publisher":{"@id":"https:\/\/patagoniambiental.com.ar\/info\/#organization"},"potentialAction":[{"@type":"SearchAction","target":{"@type":"EntryPoint","urlTemplate":"https:\/\/patagoniambiental.com.ar\/info\/?s={search_term_string}"},"query-input":{"@type":"PropertyValueSpecification","valueRequired":true,"valueName":"search_term_string"}}],"inLanguage":"es"},{"@type":"Organization","@id":"https:\/\/patagoniambiental.com.ar\/info\/#organization","name":"Patagonia Ambiental","url":"https:\/\/patagoniambiental.com.ar\/info\/","logo":{"@type":"ImageObject","inLanguage":"es","@id":"https:\/\/patagoniambiental.com.ar\/info\/#\/schema\/logo\/image\/","url":"https:\/\/patagoniambiental.com.ar\/info\/wp-content\/uploads\/2025\/05\/LOGO-PATAGONIA-AMBIENTAL.png","contentUrl":"https:\/\/patagoniambiental.com.ar\/info\/wp-content\/uploads\/2025\/05\/LOGO-PATAGONIA-AMBIENTAL.png","width":433,"height":250,"caption":"Patagonia Ambiental"},"image":{"@id":"https:\/\/patagoniambiental.com.ar\/info\/#\/schema\/logo\/image\/"},"sameAs":["https:\/\/www.facebook.com\/patagonia.ambiental","https:\/\/x.com\/PatAmb"]},{"@type":"Person","@id":"https:\/\/patagoniambiental.com.ar\/info\/#\/schema\/person\/db12bff64bbcbf6a253710bf0ea37b5d","name":"Patagonia Ambiental","description":"Andr\u00e9s Nievas T\u00e9cnico en manejo ambiental, consultor Ambiental y escritor para medios locales e internacionales sobre temas de geopolitica y medio ambiente.","sameAs":["http:\/\/www.patagoniambiental.com.ar","https:\/\/www.facebook.com\/share\/1C1V8Gv9BX\/?mibextid=qi2Omg","@patagoniambiental","https:\/\/youtube.com\/@patagoniaambiental2023?si=BLt58t0wuXquxlYZ"]}]}},"_links":{"self":[{"href":"https:\/\/patagoniambiental.com.ar\/info\/wp-json\/wp\/v2\/posts\/77315","targetHints":{"allow":["GET"]}}],"collection":[{"href":"https:\/\/patagoniambiental.com.ar\/info\/wp-json\/wp\/v2\/posts"}],"about":[{"href":"https:\/\/patagoniambiental.com.ar\/info\/wp-json\/wp\/v2\/types\/post"}],"author":[{"embeddable":true,"href":"https:\/\/patagoniambiental.com.ar\/info\/wp-json\/wp\/v2\/users\/2"}],"replies":[{"embeddable":true,"href":"https:\/\/patagoniambiental.com.ar\/info\/wp-json\/wp\/v2\/comments?post=77315"}],"version-history":[{"count":0,"href":"https:\/\/patagoniambiental.com.ar\/info\/wp-json\/wp\/v2\/posts\/77315\/revisions"}],"wp:featuredmedia":[{"embeddable":true,"href":"https:\/\/patagoniambiental.com.ar\/info\/wp-json\/wp\/v2\/media\/77316"}],"wp:attachment":[{"href":"https:\/\/patagoniambiental.com.ar\/info\/wp-json\/wp\/v2\/media?parent=77315"}],"wp:term":[{"taxonomy":"category","embeddable":true,"href":"https:\/\/patagoniambiental.com.ar\/info\/wp-json\/wp\/v2\/categories?post=77315"},{"taxonomy":"post_tag","embeddable":true,"href":"https:\/\/patagoniambiental.com.ar\/info\/wp-json\/wp\/v2\/tags?post=77315"}],"curies":[{"name":"wp","href":"https:\/\/api.w.org\/{rel}","templated":true}]}}