{"id":77332,"date":"2023-04-10T07:00:00","date_gmt":"2023-04-10T10:00:00","guid":{"rendered":"http:\/\/patagoniambiental.com.ar\/info\/?p=77332"},"modified":"2024-08-18T21:52:21","modified_gmt":"2024-08-19T00:52:21","slug":"la-bicicleta-un-medio-de-transporte-sustentable","status":"publish","type":"post","link":"https:\/\/patagoniambiental.com.ar\/info\/la-bicicleta-un-medio-de-transporte-sustentable\/","title":{"rendered":"La bicicleta, un medio de transporte sustentable en Bariloche"},"content":{"rendered":"\n<!--more-->\n\n\n\n<h3 class=\"wp-block-heading\" id=\"h-bicibles-bariloche-es-una-ong-que-promueve-la-movilidad-sustentable-con-perspectiva-de-genero\">Bicibles Bariloche es una ONG que promueve la movilidad sustentable con perspectiva de g\u00e9nero.<\/h3>\n\n\n\n<p><img decoding=\"async\" src=\"https:\/\/anbariloche-s2.cdn.net.ar\/st2i1700\/2023\/04\/anbariloche\/images\/44\/01\/440144_bcb59c9dc56c942e4b2df1051f60dd773bf75f7173e9ff794fc9c53515defaad\/md.webp\" alt=\"La bicicleta, un medio de transporte sustentable\">Las pr\u00e1cticas de movilidad son distintas entre ni\u00f1as y ni\u00f1os. Foto: Marcelo Mart\u00ednez.<\/p>\n\n\n\n<h6 class=\"wp-block-heading\" id=\"h-por-miguelina-missotti-la-pandemia-de-covid-19-fue-un-antes-y-un-despues-en-muchos-aspectos-de-la-vida-de-los-seres-humanos-y-de-la-naturaleza-tuvo-sus-consecuencias-tragicas-como-la-perdida-de-seres-queridos-pero-tambien-genero-algunos-cambios-positivos-a-nivel-mundial\"><strong>Por Miguelina Missotti<\/strong>.-La pandemia de Covid-19, fue un antes y un despu\u00e9s en muchos aspectos de la vida de los seres humanos y de la naturaleza. Tuvo sus consecuencias tr\u00e1gicas, como la p\u00e9rdida de seres queridos, pero tambi\u00e9n gener\u00f3 algunos cambios positivos a nivel mundial.<\/h6>\n\n\n\n<p>Las restricciones de movilidad establecidas en todo el mundo para frenar los contagios, dieron un respiro a las ciudades, reduciendo la contaminaci\u00f3n provocada por la emisi\u00f3n de los autos. Lo que nos llev\u00f3 a pensar que el cuidado y el respeto hacia la naturaleza tiene un impacto directo en nuestra salud. Por lo tanto, para mejorar la calidad del aire que respiramos es fundamental una movilidad sostenible. Y, para ello, la bicicleta es el medio de transporte por excelencia.<\/p>\n\n\n\n<p>\u201cDecidimos abrir este espacio reflexivo, de acciones y encuentros en relaci\u00f3n a la movilidad con perspectiva de g\u00e9nero porque ve\u00edamos que el \u00fanico grupo ciclista en la ciudad era en su mayor\u00eda hombres y de edades similares\u201d, afirmaron las integrantes de Bicibles. Y agregaron, \u00abla participaci\u00f3n de mujeres y disidencias en estos espacios es limitada por el tiempo que demanda y la inequidad que se experimenta en relaci\u00f3n con el tiempo para dedicarse al \u00e1mbito p\u00fablico y al \u00e1mbito privado\u00bb.<\/p>\n\n\n\n<p>Bicibles nace en 2019, momento en que se realiz\u00f3 un encuentro con B\u00e1rbara, una chica que viajaba en bicicleta por la Patagonia Argentina. \u00abLa idea principal fue convocar a mujeres que usaban la bici -o que quisieran hacerlo- con el objetivo de demostrar que es posible hacer viajes de larga distancia. Pero tambi\u00e9n nos motivaba la idea de compartir aprendizajes de ciclo mec\u00e1nica y saberes vinculados a los preparativos que requiere un viaje en bicicleta haciendo hincapi\u00e9 en el empoderamiento que implica para la comunidad de mujeres y disidencias que disfrutan de este medio de transporte\u00bb.<\/p>\n\n\n\n<h6 class=\"wp-block-heading\" id=\"h-la-pandemia-incentivo-el-uso-de-la-bicicleta-foto-marcelo-martinez-nbsp\"><img decoding=\"async\" src=\"https:\/\/anbariloche-s2.cdn.net.ar\/st2i1700\/2023\/04\/anbariloche\/images\/44\/01\/440150_bd84a128483e0946070132613886c63e8606f35ec6c77858dfb80a385d0d1151\/lg.jpg\" alt=\"\" width=\"100%\" height=\"100%\"><strong>La pandemia incentiv\u00f3 el uso de la bicicleta. Foto: Marcelo Mart\u00ednez.&nbsp;<\/strong><\/h6>\n\n\n\n<p>El grupo es diverso en motivaciones, pero tienen una principal que es<em>&nbsp;\u201c<\/em>Animar e integrar al grupo a cada persona m\u00e1s all\u00e1 del g\u00e9nero: sea cual sea su relaci\u00f3n con la bicicleta, se puede aprender y lograr objetivos en conjunto\u201d coment\u00f3 Lucila R\u00edos, integrante de Bicibles.&nbsp;<\/p>\n\n\n\n<p>El trabajo que realizan desde Bicibles es continuo. \u201cNos reunimos con personas interesadas en realizar actividades o acciones en relaci\u00f3n a la movilidad con esta perspectiva de g\u00e9nero, pensando en torno a c\u00f3mo vivimos los barrios, la ciudad y con el fuerte deseo de usar la bici como medio de transporte,&nbsp;a pesar de no contar con infraestructura y la toma de decisiones de los pol\u00edticos de turno, porque vivenciamos los beneficios que tiene en relaci\u00f3n a disfrutar de nuestro ambiente y sobre todo el impacto que tiene&nbsp;en nuestra salud:&nbsp;f\u00edsica, mental y emocional\u201d, contaron.<\/p>\n\n\n\n<div style=\"height:100px\" aria-hidden=\"true\" class=\"wp-block-spacer\"><\/div>\n\n\n\n<h2 class=\"wp-block-heading\" id=\"h-que-actividades-hacen-con-y-desde-bicibles\"><strong>\u00bfQu\u00e9 actividades hacen con y desde bicibles?<\/strong><\/h2>\n\n\n\n<p>Las actividades siempre buscan el encuentro participativo y un impacto en las personas del territorio donde se encuentran. Durante el 2019 realizaron encuentros de ciclomec\u00e1nica en el FabLab para quienes quisieran sumarse.<\/p>\n\n\n\n<p>\u201cLuego nos movimos a la Biblioteca Aime Paine, donde repetimos la actividad m\u00e1s dirigida a las infancias. Tambi\u00e9n, hicimos encuentros regionales con @tallerreciclo de Cipolletti; acompa\u00f1amos talleres para dar lugar a vivencias de cicloviajeras, como por ejemplo la experiencia de @nomadasbicibles\u201d, enumeraron.<\/p>\n\n\n\n<p>Durante el \u00faltimo a\u00f1o, recibimos la invitaci\u00f3n de \u201cFundaci\u00f3n Si\u201d para tener un taller de ciclomec\u00e1nica mensual con ni\u00f1os, ni\u00f1as y adolescentes que van todos los s\u00e1bados al Centro de Integraci\u00f3n Comunitaria del barrio 2 de abril.<\/p>\n\n\n\n<p>\u201cEl proceso de aprendizaje con los participantes fue enriquecedor, a medida que volv\u00edamos mes a mes, muchos j\u00f3venes tomaron un rol protag\u00f3nico ayudando a otros y las bicis se iban transformando: algunas requer\u00edan muchos repuestos, otras apenas un mantenimiento, todas y todos aprendimos algo, ayudamos y nos apropiamos del espacio comunitario\u201d, relataron las protagonistas.<\/p>\n\n\n\n<p>\u201cLos encuentros fueron girando sobre ejes muy claros: el juego, el disfrute como punto de partida y el aprender haciendo con otres\u201d coment\u00f3 Ayel\u00e9n Posse, una de las integrantes de Bicibles.<\/p>\n\n\n\n<h6 class=\"wp-block-heading\" id=\"h-el-sabado-15-de-abril-bicibles-realiza-una-bicicleteada-en-el-oeste-de-la-ciudad-foto-marcelo-martinez-nbsp\"><img decoding=\"async\" src=\"https:\/\/anbariloche-s2.cdn.net.ar\/st2i1700\/2023\/04\/anbariloche\/images\/44\/01\/440175_919092354de9108d7680e60a07989f7e934ae3fe682fd9b04e9a8b15dd789911\/lg.jpg\" alt=\"\" width=\"100%\" height=\"100%\"><strong>El s\u00e1bado 15 de abril, Bicibles realiza una bicicleteada en el Oeste de la ciudad. Foto: Marcelo Mart\u00ednez.<\/strong>&nbsp;<\/h6>\n\n\n\n<p>Hist\u00f3ricamente, las ciudades se han dise\u00f1ado desde la perspectiva del hombre promedio de 30 a\u00f1os. \u00abHablamos de movilidad con perspectiva de g\u00e9nero porque es necesario, y no pensamos solo en mujeres y disidencias, sino que tambi\u00e9n contemplamos las necesidades de todas las personas cuyos derechos son vulnerados, como por ejemplo, personas usuarias de silla de ruedas, personas mayores, ni\u00f1os y ni\u00f1as, entre otros, que transitan espacios p\u00fablicos con barreras y tienen eventos y vivencias, en la calle, que no son visibilizadas\u00bb.<\/p>\n\n\n\n<p>El corto tiempo y espacio que se designa para cruzar una calle, la vivencia de acoso callejero e inseguridad, las situaciones de abuso en el transporte p\u00fablico,&nbsp;la luminaria en una calle, \u201ctodo eso nos requiere la planificaci\u00f3n de un recorrido en nuestros traslados cotidianos que para algunas personas puede resultar indiferente\u201d, sostuvieron las integrantes.&nbsp;<\/p>\n\n\n\n<div style=\"height:100px\" aria-hidden=\"true\" class=\"wp-block-spacer\"><\/div>\n\n\n\n<h2 class=\"wp-block-heading\" id=\"h-proximo-evento\"><strong>Pr\u00f3ximo evento<\/strong><\/h2>\n\n\n\n<p>A trav\u00e9s de sus redes sociales (@biciblesbrc), Bicibles busca comunicar la cotidianeidad en el uso de la bicicleta. Para ello, este a\u00f1o algunas de las integrantes comenzaron a planificar actividades y eventos para generar una participaci\u00f3n ciudadana. &nbsp;<\/p>\n\n\n\n<p>\u201cEl s\u00e1bado 15 de abril queremos hacer en el oeste una bicicleteada de las ni\u00f1as y disidencias de la ciudad. Es un evento que se origin\u00f3 en Chile, llamado \u201cCicletada de las ni\u00f1as\u201d y ahora se realizar\u00e1 en varias ciudades de LATAM\u201d, explicaron.<\/p>\n\n\n\n<p>Si bien est\u00e1 abierta a todo p\u00fablico la idea es que las protagonistas sean las ni\u00f1eces en el espacio p\u00fablico, \u201cnuestra ciudad es escenario de eventos masivos, que tienen como protagonistas a grandes marcas, con fines lucrativos y solo est\u00e1n pensadas para adultos\u201d.<\/p>\n\n\n\n<p>\u201cEsperamos que la municipalidad nos acompa\u00f1e y apoye para realizar un evento desde la ciudadan\u00eda para la ciudadan\u00eda, para visibilizar que las ni\u00f1eces tambi\u00e9n tienen el mismo derecho a moverse, vivir tiempo de calidad en el espacio p\u00fablico y ser protagonistas en espacios comunitarios\u201d, concluyeron.&nbsp;<\/p>\n\n\n\n<p>Adem\u00e1s, est\u00e1 abierta a la comunidad la posibilidad para sumarse como voluntarios para el evento&nbsp;y sumar ideas propositivas para fomentar el uso de la bicicleta en los barrios. Para quienes est\u00e9n interesados pueden comunicarse por Instagram @biciblesbrc o si no al WhatsApp +54 9 294 480-1402 (Lucila).<\/p>\n\n\n\n<h6 class=\"wp-block-heading\" id=\"h-los-ninos-tienen-una-mayor-autonomia-y-a-mas-temprana-edad-a-diferencia-de-las-ninas-foto-marcelo-martinez-nbsp\"><img decoding=\"async\" src=\"https:\/\/anbariloche-s2.cdn.net.ar\/st2i1700\/2023\/04\/anbariloche\/images\/44\/01\/440182_10cd1f813b63f46fe2c7cbe31819e06d9241a19b6db84583724767670f2a96d8\/lg.jpg\" alt=\"\" width=\"100%\" height=\"100%\"><em><strong>Los ni\u00f1os tienen una mayor autonom\u00eda y a m\u00e1s temprana edad a diferencia de las ni\u00f1as. Foto: Marcelo Mart\u00ednez.&nbsp;<\/strong><\/em><\/h6>\n\n\n\n<div style=\"height:100px\" aria-hidden=\"true\" class=\"wp-block-spacer\"><\/div>\n\n\n\n<h2 class=\"wp-block-heading\" id=\"h-que-significa-moverse-en-bicicleta\"><strong>\u00bfQu\u00e9 significa moverse en bicicleta?<\/strong><\/h2>\n\n\n\n<p>\u00abUna expresi\u00f3n de libertad y autonom\u00eda, donde puedo percibir cada lugar por el que transito. La posibilidad de parar en cualquier lugar. Yendo a mi ritmo\u00bb Pablo Pellejero.<\/p>\n\n\n\n<p>\u201cSentir todo el cuerpo en movimiento mientras disfruto el paisaje. El aire que entra a mis pulmones, el compartirNOS en rutas, calles, senderos. La bici&nbsp;es la compa\u00f1\u00eda que LIBERA\u201d, Silvana Fabris.<\/p>\n\n\n\n<p>\u201cLa bici para m\u00ed es un volver a ser ni\u00f1a, un encuentro genuino con mi cuerpo y el ambiente. Y como decimos en Argentina en Bici, es un elemento de transformaci\u00f3n&nbsp;social. La bici pac\u00edfica las calles, es silenciosa, liberadora y democr\u00e1tica\u201d, Aye Posse.<\/p>\n\n\n\n<p>\u201cMe significa saber y sentir cuando mi cuerpo necesita estar m\u00e1s en movimiento y tener un registro del mismo. Ser consciente en todo sentido. Conectarme con la actividad, con m\u00e1s personas que aman la bici y compartir.\u201d Lucila R\u00edos<\/p>\n\n\n\n<p>\u201cMe siento vivo. Me siento bien cuando viajo en bici.&nbsp; Me gusta salir los fines de semana\u201d. Juan Manuel.<\/p>\n\n\n\n<p>\u201cMe genera independencia y felicidad, en horas pico o temporada alta en la ciudad en bici ganas mucho&nbsp;tiempo, a pesar de la poca infraestructura se re disfruta poder circular en bici y nuestros alrededores tiene lugares \u00fanicos a los que solo ten\u00e9s acceso con este medio, ya que quedan por caminos imposibles de acceder en veh\u00edculo y muy lejos como para hacerlos a pie\u201d. Jeannette Levin.&nbsp;<\/p>\n\n\n\n<p>Fuente: <strong>ANB<\/strong><\/p>\n","protected":false},"excerpt":{"rendered":"","protected":false},"author":2,"featured_media":77333,"comment_status":"open","ping_status":"open","sticky":false,"template":"","format":"standard","meta":{"site-sidebar-layout":"default","site-content-layout":"","ast-site-content-layout":"default","site-content-style":"default","site-sidebar-style":"default","ast-global-header-display":"","ast-banner-title-visibility":"","ast-main-header-display":"","ast-hfb-above-header-display":"","ast-hfb-below-header-display":"","ast-hfb-mobile-header-display":"","site-post-title":"","ast-breadcrumbs-content":"","ast-featured-img":"","footer-sml-layout":"","ast-disable-related-posts":"","theme-transparent-header-meta":"","adv-header-id-meta":"","stick-header-meta":"","header-above-stick-meta":"","header-main-stick-meta":"","header-below-stick-meta":"","astra-migrate-meta-layouts":"default","ast-page-background-enabled":"default","ast-page-background-meta":{"desktop":{"background-color":"var(--ast-global-color-5)","background-image":"","background-repeat":"repeat","background-position":"center center","background-size":"auto","background-attachment":"scroll","background-type":"","background-media":"","overlay-type":"","overlay-color":"","overlay-opacity":"","overlay-gradient":""},"tablet":{"background-color":"","background-image":"","background-repeat":"repeat","background-position":"center center","background-size":"auto","background-attachment":"scroll","background-type":"","background-media":"","overlay-type":"","overlay-color":"","overlay-opacity":"","overlay-gradient":""},"mobile":{"background-color":"","background-image":"","background-repeat":"repeat","background-position":"center center","background-size":"auto","background-attachment":"scroll","background-type":"","background-media":"","overlay-type":"","overlay-color":"","overlay-opacity":"","overlay-gradient":""}},"ast-content-background-meta":{"desktop":{"background-color":"var(--ast-global-color-4)","background-image":"","background-repeat":"repeat","background-position":"center center","background-size":"auto","background-attachment":"scroll","background-type":"","background-media":"","overlay-type":"","overlay-color":"","overlay-opacity":"","overlay-gradient":""},"tablet":{"background-color":"var(--ast-global-color-4)","background-image":"","background-repeat":"repeat","background-position":"center center","background-size":"auto","background-attachment":"scroll","background-type":"","background-media":"","overlay-type":"","overlay-color":"","overlay-opacity":"","overlay-gradient":""},"mobile":{"background-color":"var(--ast-global-color-4)","background-image":"","background-repeat":"repeat","background-position":"center center","background-size":"auto","background-attachment":"scroll","background-type":"","background-media":"","overlay-type":"","overlay-color":"","overlay-opacity":"","overlay-gradient":""}},"footnotes":""},"categories":[16,1,3],"tags":[],"class_list":["post-77332","post","type-post","status-publish","format-standard","has-post-thumbnail","hentry","category-municipales","category-noticias","category-ong"],"yoast_head":"<!-- This site is optimized with the Yoast SEO Premium plugin v23.0 (Yoast SEO v27.4) - https:\/\/yoast.com\/product\/yoast-seo-premium-wordpress\/ -->\n<title>La bicicleta, un medio de transporte sustentable en Bariloche<\/title>\n<meta name=\"robots\" content=\"index, follow, max-snippet:-1, max-image-preview:large, max-video-preview:-1\" \/>\n<link rel=\"canonical\" href=\"https:\/\/patagoniambiental.com.ar\/info\/la-bicicleta-un-medio-de-transporte-sustentable\/\" \/>\n<meta property=\"og:locale\" content=\"es_ES\" \/>\n<meta property=\"og:type\" content=\"article\" \/>\n<meta property=\"og:title\" content=\"La bicicleta, un medio de transporte sustentable en Bariloche\" \/>\n<meta property=\"og:url\" content=\"https:\/\/patagoniambiental.com.ar\/info\/la-bicicleta-un-medio-de-transporte-sustentable\/\" \/>\n<meta property=\"og:site_name\" content=\"Patagonia Ambiental\" \/>\n<meta property=\"article:publisher\" content=\"https:\/\/www.facebook.com\/patagonia.ambiental\" \/>\n<meta property=\"article:author\" content=\"https:\/\/www.facebook.com\/share\/1C1V8Gv9BX\/?mibextid=qi2Omg\" \/>\n<meta property=\"article:published_time\" content=\"2023-04-10T10:00:00+00:00\" \/>\n<meta property=\"article:modified_time\" content=\"2024-08-19T00:52:21+00:00\" \/>\n<meta property=\"og:image\" content=\"https:\/\/patagoniambiental.com.ar\/info\/wp-content\/uploads\/2023\/04\/Sin-titulo-6.png\" \/>\n\t<meta property=\"og:image:width\" content=\"675\" \/>\n\t<meta property=\"og:image:height\" content=\"442\" \/>\n\t<meta property=\"og:image:type\" content=\"image\/png\" \/>\n<meta name=\"author\" content=\"Patagonia Ambiental\" \/>\n<meta name=\"twitter:card\" content=\"summary_large_image\" \/>\n<meta name=\"twitter:creator\" content=\"@PatAmb\" \/>\n<meta name=\"twitter:site\" content=\"@PatAmb\" \/>\n<script type=\"application\/ld+json\" class=\"yoast-schema-graph\">{\"@context\":\"https:\\\/\\\/schema.org\",\"@graph\":[{\"@type\":\"Article\",\"@id\":\"https:\\\/\\\/patagoniambiental.com.ar\\\/info\\\/la-bicicleta-un-medio-de-transporte-sustentable\\\/#article\",\"isPartOf\":{\"@id\":\"https:\\\/\\\/patagoniambiental.com.ar\\\/info\\\/la-bicicleta-un-medio-de-transporte-sustentable\\\/\"},\"author\":{\"name\":\"Patagonia Ambiental\",\"@id\":\"https:\\\/\\\/patagoniambiental.com.ar\\\/info\\\/#\\\/schema\\\/person\\\/db12bff64bbcbf6a253710bf0ea37b5d\"},\"headline\":\"La bicicleta, un medio de transporte sustentable en Bariloche\",\"datePublished\":\"2023-04-10T10:00:00+00:00\",\"dateModified\":\"2024-08-19T00:52:21+00:00\",\"mainEntityOfPage\":{\"@id\":\"https:\\\/\\\/patagoniambiental.com.ar\\\/info\\\/la-bicicleta-un-medio-de-transporte-sustentable\\\/\"},\"wordCount\":1426,\"commentCount\":0,\"publisher\":{\"@id\":\"https:\\\/\\\/patagoniambiental.com.ar\\\/info\\\/#organization\"},\"image\":{\"@id\":\"https:\\\/\\\/patagoniambiental.com.ar\\\/info\\\/la-bicicleta-un-medio-de-transporte-sustentable\\\/#primaryimage\"},\"thumbnailUrl\":\"https:\\\/\\\/patagoniambiental.com.ar\\\/info\\\/wp-content\\\/uploads\\\/2023\\\/04\\\/Sin-titulo-6.png\",\"articleSection\":[\"Municipales\",\"Noticias\",\"ONG\"],\"inLanguage\":\"es\",\"potentialAction\":[{\"@type\":\"CommentAction\",\"name\":\"Comment\",\"target\":[\"https:\\\/\\\/patagoniambiental.com.ar\\\/info\\\/la-bicicleta-un-medio-de-transporte-sustentable\\\/#respond\"]}]},{\"@type\":\"WebPage\",\"@id\":\"https:\\\/\\\/patagoniambiental.com.ar\\\/info\\\/la-bicicleta-un-medio-de-transporte-sustentable\\\/\",\"url\":\"https:\\\/\\\/patagoniambiental.com.ar\\\/info\\\/la-bicicleta-un-medio-de-transporte-sustentable\\\/\",\"name\":\"La bicicleta, un medio de transporte sustentable en Bariloche\",\"isPartOf\":{\"@id\":\"https:\\\/\\\/patagoniambiental.com.ar\\\/info\\\/#website\"},\"primaryImageOfPage\":{\"@id\":\"https:\\\/\\\/patagoniambiental.com.ar\\\/info\\\/la-bicicleta-un-medio-de-transporte-sustentable\\\/#primaryimage\"},\"image\":{\"@id\":\"https:\\\/\\\/patagoniambiental.com.ar\\\/info\\\/la-bicicleta-un-medio-de-transporte-sustentable\\\/#primaryimage\"},\"thumbnailUrl\":\"https:\\\/\\\/patagoniambiental.com.ar\\\/info\\\/wp-content\\\/uploads\\\/2023\\\/04\\\/Sin-titulo-6.png\",\"datePublished\":\"2023-04-10T10:00:00+00:00\",\"dateModified\":\"2024-08-19T00:52:21+00:00\",\"breadcrumb\":{\"@id\":\"https:\\\/\\\/patagoniambiental.com.ar\\\/info\\\/la-bicicleta-un-medio-de-transporte-sustentable\\\/#breadcrumb\"},\"inLanguage\":\"es\",\"potentialAction\":[{\"@type\":\"ReadAction\",\"target\":[\"https:\\\/\\\/patagoniambiental.com.ar\\\/info\\\/la-bicicleta-un-medio-de-transporte-sustentable\\\/\"]}]},{\"@type\":\"ImageObject\",\"inLanguage\":\"es\",\"@id\":\"https:\\\/\\\/patagoniambiental.com.ar\\\/info\\\/la-bicicleta-un-medio-de-transporte-sustentable\\\/#primaryimage\",\"url\":\"https:\\\/\\\/patagoniambiental.com.ar\\\/info\\\/wp-content\\\/uploads\\\/2023\\\/04\\\/Sin-titulo-6.png\",\"contentUrl\":\"https:\\\/\\\/patagoniambiental.com.ar\\\/info\\\/wp-content\\\/uploads\\\/2023\\\/04\\\/Sin-titulo-6.png\",\"width\":675,\"height\":442},{\"@type\":\"BreadcrumbList\",\"@id\":\"https:\\\/\\\/patagoniambiental.com.ar\\\/info\\\/la-bicicleta-un-medio-de-transporte-sustentable\\\/#breadcrumb\",\"itemListElement\":[{\"@type\":\"ListItem\",\"position\":1,\"name\":\"Inicio\",\"item\":\"https:\\\/\\\/patagoniambiental.com.ar\\\/info\\\/\"},{\"@type\":\"ListItem\",\"position\":2,\"name\":\"La bicicleta, un medio de transporte sustentable en Bariloche\"}]},{\"@type\":\"WebSite\",\"@id\":\"https:\\\/\\\/patagoniambiental.com.ar\\\/info\\\/#website\",\"url\":\"https:\\\/\\\/patagoniambiental.com.ar\\\/info\\\/\",\"name\":\"Patagonia Ambiental\",\"description\":\"Monitoreo y an\u00e1lisis de la situaci\u00f3n geopol\u00edtica en el mundo y su implicancia en la Patagonia\",\"publisher\":{\"@id\":\"https:\\\/\\\/patagoniambiental.com.ar\\\/info\\\/#organization\"},\"potentialAction\":[{\"@type\":\"SearchAction\",\"target\":{\"@type\":\"EntryPoint\",\"urlTemplate\":\"https:\\\/\\\/patagoniambiental.com.ar\\\/info\\\/?s={search_term_string}\"},\"query-input\":{\"@type\":\"PropertyValueSpecification\",\"valueRequired\":true,\"valueName\":\"search_term_string\"}}],\"inLanguage\":\"es\"},{\"@type\":\"Organization\",\"@id\":\"https:\\\/\\\/patagoniambiental.com.ar\\\/info\\\/#organization\",\"name\":\"Patagonia Ambiental\",\"url\":\"https:\\\/\\\/patagoniambiental.com.ar\\\/info\\\/\",\"logo\":{\"@type\":\"ImageObject\",\"inLanguage\":\"es\",\"@id\":\"https:\\\/\\\/patagoniambiental.com.ar\\\/info\\\/#\\\/schema\\\/logo\\\/image\\\/\",\"url\":\"https:\\\/\\\/patagoniambiental.com.ar\\\/info\\\/wp-content\\\/uploads\\\/2025\\\/05\\\/LOGO-PATAGONIA-AMBIENTAL.png\",\"contentUrl\":\"https:\\\/\\\/patagoniambiental.com.ar\\\/info\\\/wp-content\\\/uploads\\\/2025\\\/05\\\/LOGO-PATAGONIA-AMBIENTAL.png\",\"width\":433,\"height\":250,\"caption\":\"Patagonia Ambiental\"},\"image\":{\"@id\":\"https:\\\/\\\/patagoniambiental.com.ar\\\/info\\\/#\\\/schema\\\/logo\\\/image\\\/\"},\"sameAs\":[\"https:\\\/\\\/www.facebook.com\\\/patagonia.ambiental\",\"https:\\\/\\\/x.com\\\/PatAmb\"]},{\"@type\":\"Person\",\"@id\":\"https:\\\/\\\/patagoniambiental.com.ar\\\/info\\\/#\\\/schema\\\/person\\\/db12bff64bbcbf6a253710bf0ea37b5d\",\"name\":\"Patagonia Ambiental\",\"description\":\"Andr\u00e9s Nievas T\u00e9cnico en manejo ambiental, consultor Ambiental y escritor para medios locales e internacionales sobre temas de geopolitica y medio ambiente.\",\"sameAs\":[\"http:\\\/\\\/www.patagoniambiental.com.ar\",\"https:\\\/\\\/www.facebook.com\\\/share\\\/1C1V8Gv9BX\\\/?mibextid=qi2Omg\",\"@patagoniambiental\",\"https:\\\/\\\/youtube.com\\\/@patagoniaambiental2023?si=BLt58t0wuXquxlYZ\"]}]}<\/script>\n<!-- \/ Yoast SEO Premium plugin. -->","yoast_head_json":{"title":"La bicicleta, un medio de transporte sustentable en Bariloche","robots":{"index":"index","follow":"follow","max-snippet":"max-snippet:-1","max-image-preview":"max-image-preview:large","max-video-preview":"max-video-preview:-1"},"canonical":"https:\/\/patagoniambiental.com.ar\/info\/la-bicicleta-un-medio-de-transporte-sustentable\/","og_locale":"es_ES","og_type":"article","og_title":"La bicicleta, un medio de transporte sustentable en Bariloche","og_url":"https:\/\/patagoniambiental.com.ar\/info\/la-bicicleta-un-medio-de-transporte-sustentable\/","og_site_name":"Patagonia Ambiental","article_publisher":"https:\/\/www.facebook.com\/patagonia.ambiental","article_author":"https:\/\/www.facebook.com\/share\/1C1V8Gv9BX\/?mibextid=qi2Omg","article_published_time":"2023-04-10T10:00:00+00:00","article_modified_time":"2024-08-19T00:52:21+00:00","og_image":[{"width":675,"height":442,"url":"https:\/\/patagoniambiental.com.ar\/info\/wp-content\/uploads\/2023\/04\/Sin-titulo-6.png","type":"image\/png"}],"author":"Patagonia Ambiental","twitter_card":"summary_large_image","twitter_creator":"@PatAmb","twitter_site":"@PatAmb","schema":{"@context":"https:\/\/schema.org","@graph":[{"@type":"Article","@id":"https:\/\/patagoniambiental.com.ar\/info\/la-bicicleta-un-medio-de-transporte-sustentable\/#article","isPartOf":{"@id":"https:\/\/patagoniambiental.com.ar\/info\/la-bicicleta-un-medio-de-transporte-sustentable\/"},"author":{"name":"Patagonia Ambiental","@id":"https:\/\/patagoniambiental.com.ar\/info\/#\/schema\/person\/db12bff64bbcbf6a253710bf0ea37b5d"},"headline":"La bicicleta, un medio de transporte sustentable en Bariloche","datePublished":"2023-04-10T10:00:00+00:00","dateModified":"2024-08-19T00:52:21+00:00","mainEntityOfPage":{"@id":"https:\/\/patagoniambiental.com.ar\/info\/la-bicicleta-un-medio-de-transporte-sustentable\/"},"wordCount":1426,"commentCount":0,"publisher":{"@id":"https:\/\/patagoniambiental.com.ar\/info\/#organization"},"image":{"@id":"https:\/\/patagoniambiental.com.ar\/info\/la-bicicleta-un-medio-de-transporte-sustentable\/#primaryimage"},"thumbnailUrl":"https:\/\/patagoniambiental.com.ar\/info\/wp-content\/uploads\/2023\/04\/Sin-titulo-6.png","articleSection":["Municipales","Noticias","ONG"],"inLanguage":"es","potentialAction":[{"@type":"CommentAction","name":"Comment","target":["https:\/\/patagoniambiental.com.ar\/info\/la-bicicleta-un-medio-de-transporte-sustentable\/#respond"]}]},{"@type":"WebPage","@id":"https:\/\/patagoniambiental.com.ar\/info\/la-bicicleta-un-medio-de-transporte-sustentable\/","url":"https:\/\/patagoniambiental.com.ar\/info\/la-bicicleta-un-medio-de-transporte-sustentable\/","name":"La bicicleta, un medio de transporte sustentable en Bariloche","isPartOf":{"@id":"https:\/\/patagoniambiental.com.ar\/info\/#website"},"primaryImageOfPage":{"@id":"https:\/\/patagoniambiental.com.ar\/info\/la-bicicleta-un-medio-de-transporte-sustentable\/#primaryimage"},"image":{"@id":"https:\/\/patagoniambiental.com.ar\/info\/la-bicicleta-un-medio-de-transporte-sustentable\/#primaryimage"},"thumbnailUrl":"https:\/\/patagoniambiental.com.ar\/info\/wp-content\/uploads\/2023\/04\/Sin-titulo-6.png","datePublished":"2023-04-10T10:00:00+00:00","dateModified":"2024-08-19T00:52:21+00:00","breadcrumb":{"@id":"https:\/\/patagoniambiental.com.ar\/info\/la-bicicleta-un-medio-de-transporte-sustentable\/#breadcrumb"},"inLanguage":"es","potentialAction":[{"@type":"ReadAction","target":["https:\/\/patagoniambiental.com.ar\/info\/la-bicicleta-un-medio-de-transporte-sustentable\/"]}]},{"@type":"ImageObject","inLanguage":"es","@id":"https:\/\/patagoniambiental.com.ar\/info\/la-bicicleta-un-medio-de-transporte-sustentable\/#primaryimage","url":"https:\/\/patagoniambiental.com.ar\/info\/wp-content\/uploads\/2023\/04\/Sin-titulo-6.png","contentUrl":"https:\/\/patagoniambiental.com.ar\/info\/wp-content\/uploads\/2023\/04\/Sin-titulo-6.png","width":675,"height":442},{"@type":"BreadcrumbList","@id":"https:\/\/patagoniambiental.com.ar\/info\/la-bicicleta-un-medio-de-transporte-sustentable\/#breadcrumb","itemListElement":[{"@type":"ListItem","position":1,"name":"Inicio","item":"https:\/\/patagoniambiental.com.ar\/info\/"},{"@type":"ListItem","position":2,"name":"La bicicleta, un medio de transporte sustentable en Bariloche"}]},{"@type":"WebSite","@id":"https:\/\/patagoniambiental.com.ar\/info\/#website","url":"https:\/\/patagoniambiental.com.ar\/info\/","name":"Patagonia Ambiental","description":"Monitoreo y an\u00e1lisis de la situaci\u00f3n geopol\u00edtica en el mundo y su implicancia en la Patagonia","publisher":{"@id":"https:\/\/patagoniambiental.com.ar\/info\/#organization"},"potentialAction":[{"@type":"SearchAction","target":{"@type":"EntryPoint","urlTemplate":"https:\/\/patagoniambiental.com.ar\/info\/?s={search_term_string}"},"query-input":{"@type":"PropertyValueSpecification","valueRequired":true,"valueName":"search_term_string"}}],"inLanguage":"es"},{"@type":"Organization","@id":"https:\/\/patagoniambiental.com.ar\/info\/#organization","name":"Patagonia Ambiental","url":"https:\/\/patagoniambiental.com.ar\/info\/","logo":{"@type":"ImageObject","inLanguage":"es","@id":"https:\/\/patagoniambiental.com.ar\/info\/#\/schema\/logo\/image\/","url":"https:\/\/patagoniambiental.com.ar\/info\/wp-content\/uploads\/2025\/05\/LOGO-PATAGONIA-AMBIENTAL.png","contentUrl":"https:\/\/patagoniambiental.com.ar\/info\/wp-content\/uploads\/2025\/05\/LOGO-PATAGONIA-AMBIENTAL.png","width":433,"height":250,"caption":"Patagonia Ambiental"},"image":{"@id":"https:\/\/patagoniambiental.com.ar\/info\/#\/schema\/logo\/image\/"},"sameAs":["https:\/\/www.facebook.com\/patagonia.ambiental","https:\/\/x.com\/PatAmb"]},{"@type":"Person","@id":"https:\/\/patagoniambiental.com.ar\/info\/#\/schema\/person\/db12bff64bbcbf6a253710bf0ea37b5d","name":"Patagonia Ambiental","description":"Andr\u00e9s Nievas T\u00e9cnico en manejo ambiental, consultor Ambiental y escritor para medios locales e internacionales sobre temas de geopolitica y medio ambiente.","sameAs":["http:\/\/www.patagoniambiental.com.ar","https:\/\/www.facebook.com\/share\/1C1V8Gv9BX\/?mibextid=qi2Omg","@patagoniambiental","https:\/\/youtube.com\/@patagoniaambiental2023?si=BLt58t0wuXquxlYZ"]}]}},"_links":{"self":[{"href":"https:\/\/patagoniambiental.com.ar\/info\/wp-json\/wp\/v2\/posts\/77332","targetHints":{"allow":["GET"]}}],"collection":[{"href":"https:\/\/patagoniambiental.com.ar\/info\/wp-json\/wp\/v2\/posts"}],"about":[{"href":"https:\/\/patagoniambiental.com.ar\/info\/wp-json\/wp\/v2\/types\/post"}],"author":[{"embeddable":true,"href":"https:\/\/patagoniambiental.com.ar\/info\/wp-json\/wp\/v2\/users\/2"}],"replies":[{"embeddable":true,"href":"https:\/\/patagoniambiental.com.ar\/info\/wp-json\/wp\/v2\/comments?post=77332"}],"version-history":[{"count":0,"href":"https:\/\/patagoniambiental.com.ar\/info\/wp-json\/wp\/v2\/posts\/77332\/revisions"}],"wp:featuredmedia":[{"embeddable":true,"href":"https:\/\/patagoniambiental.com.ar\/info\/wp-json\/wp\/v2\/media\/77333"}],"wp:attachment":[{"href":"https:\/\/patagoniambiental.com.ar\/info\/wp-json\/wp\/v2\/media?parent=77332"}],"wp:term":[{"taxonomy":"category","embeddable":true,"href":"https:\/\/patagoniambiental.com.ar\/info\/wp-json\/wp\/v2\/categories?post=77332"},{"taxonomy":"post_tag","embeddable":true,"href":"https:\/\/patagoniambiental.com.ar\/info\/wp-json\/wp\/v2\/tags?post=77332"}],"curies":[{"name":"wp","href":"https:\/\/api.w.org\/{rel}","templated":true}]}}