{"id":77390,"date":"2023-04-11T19:00:00","date_gmt":"2023-04-11T22:00:00","guid":{"rendered":"http:\/\/patagoniambiental.com.ar\/info\/?p=77390"},"modified":"2024-08-18T21:44:00","modified_gmt":"2024-08-19T00:44:00","slug":"el-municipio-de-trelew-brindo-capacitacion-sobre-la-ley-yolanda-en-el-concejo-deliberante","status":"publish","type":"post","link":"https:\/\/patagoniambiental.com.ar\/info\/el-municipio-de-trelew-brindo-capacitacion-sobre-la-ley-yolanda-en-el-concejo-deliberante\/","title":{"rendered":"El Municipio de Trelew brind\u00f3 capacitaci\u00f3n sobre la Ley Yolanda"},"content":{"rendered":"\n<!--more-->\n\n\n\n<p>Fue presidida por el titular de la cartera municipal de Ambiente, Lucas Oro Coria. Estuvo a cargo de Franco Salvadores, becario doctoral CONICET-INTA, y docente en la Universidad Nacional de la Patagonia San Juan Bosco (UNPSJB). Participaron concejales y alumnos de la Escuela N\u00b0 714.<\/p>\n\n\n\n<p>La Municipalidad de Telew, por intermedio de la Direcci\u00f3n de Gesti\u00f3n Ambiental, brind\u00f3 una capacitaci\u00f3n ambiental para funcionarios del Concejo Deliberante, en el marco de la Ley Yolanda (N\u00b0 27.592).<\/p>\n\n\n\n<p><br>El titular de la cartera municipal de ambiente, Lucas Oro Coria, detall\u00f3: \u201cEl objetivo es fortalecer los conocimientos de quienes tienen responsabilidades en los diferentes poderes del Estado, en di\u00e1logo permanente con los diferentes actores de la sociedad. En este caso estuvo invitado 5 a\u00f1o de Escuela N\u00b0 714\u201d.<\/p>\n\n\n\n<p><br>En este sentido, ampli\u00f3: \u201cEste tipo de capacitaciones nos permiten dise\u00f1ar din\u00e1micas de gobernanza en procesos de participativos. La conclusi\u00f3n de este ciclo de capacitaciones ser\u00e1 la creaci\u00f3n de un c\u00f3digo ambiental para la ciudad de Trelew constituido por las diversas ordenanzas con perspectiva ambiental\u201d.<\/p>\n\n\n\n<p><br>Por su parte, el capacitador a cargo de la charla brindada este lunes, Franco Salvadores, becario doctoral CONICET-INTA, y docente en la Universidad Nacional de la Patagonia San Juan Bosco (UNPSJB), manifest\u00f3: \u201cLa charla consisti\u00f3 en el primer m\u00f3dulo de la Ley Yolanda, que es la ley de capacitaci\u00f3n en temas ambientales\u201d.<\/p>\n\n\n\n<p><br>Al detallar los aspectos incluidos en la capacitaci\u00f3n brindada este lunes, especific\u00f3: \u201cSe habl\u00f3 particularmente del saber ambiental. Pusimos en perspectiva la forma en la que nos relacionamos al ambiente. Y lo que significa para las pol\u00edticas p\u00fablicas, tanto a nivel nacional, provincial, como municipal. Es una capacitaci\u00f3n destinada a funcionarios municipales pero que cont\u00f3 con p\u00fablico diverso, principalmente de escuelas. En este caso, p\u00fablico escolar perteneciente a la Escuela N\u00b0714. Adem\u00e1s de concejales y trabajadores de este \u00e1mbito\u201d.<\/p>\n\n\n\n<p>Fuente: radiochubut.com<\/p>\n","protected":false},"excerpt":{"rendered":"","protected":false},"author":2,"featured_media":77391,"comment_status":"open","ping_status":"open","sticky":false,"template":"","format":"standard","meta":{"site-sidebar-layout":"default","site-content-layout":"","ast-site-content-layout":"default","site-content-style":"default","site-sidebar-style":"default","ast-global-header-display":"","ast-banner-title-visibility":"","ast-main-header-display":"","ast-hfb-above-header-display":"","ast-hfb-below-header-display":"","ast-hfb-mobile-header-display":"","site-post-title":"","ast-breadcrumbs-content":"","ast-featured-img":"","footer-sml-layout":"","ast-disable-related-posts":"","theme-transparent-header-meta":"","adv-header-id-meta":"","stick-header-meta":"","header-above-stick-meta":"","header-main-stick-meta":"","header-below-stick-meta":"","astra-migrate-meta-layouts":"default","ast-page-background-enabled":"default","ast-page-background-meta":{"desktop":{"background-color":"var(--ast-global-color-5)","background-image":"","background-repeat":"repeat","background-position":"center center","background-size":"auto","background-attachment":"scroll","background-type":"","background-media":"","overlay-type":"","overlay-color":"","overlay-opacity":"","overlay-gradient":""},"tablet":{"background-color":"","background-image":"","background-repeat":"repeat","background-position":"center center","background-size":"auto","background-attachment":"scroll","background-type":"","background-media":"","overlay-type":"","overlay-color":"","overlay-opacity":"","overlay-gradient":""},"mobile":{"background-color":"","background-image":"","background-repeat":"repeat","background-position":"center center","background-size":"auto","background-attachment":"scroll","background-type":"","background-media":"","overlay-type":"","overlay-color":"","overlay-opacity":"","overlay-gradient":""}},"ast-content-background-meta":{"desktop":{"background-color":"var(--ast-global-color-4)","background-image":"","background-repeat":"repeat","background-position":"center center","background-size":"auto","background-attachment":"scroll","background-type":"","background-media":"","overlay-type":"","overlay-color":"","overlay-opacity":"","overlay-gradient":""},"tablet":{"background-color":"var(--ast-global-color-4)","background-image":"","background-repeat":"repeat","background-position":"center center","background-size":"auto","background-attachment":"scroll","background-type":"","background-media":"","overlay-type":"","overlay-color":"","overlay-opacity":"","overlay-gradient":""},"mobile":{"background-color":"var(--ast-global-color-4)","background-image":"","background-repeat":"repeat","background-position":"center center","background-size":"auto","background-attachment":"scroll","background-type":"","background-media":"","overlay-type":"","overlay-color":"","overlay-opacity":"","overlay-gradient":""}},"footnotes":""},"categories":[12,1],"tags":[],"class_list":["post-77390","post","type-post","status-publish","format-standard","has-post-thumbnail","hentry","category-agenda-ambiental","category-noticias"],"yoast_head":"<!-- This site is optimized with the Yoast SEO Premium plugin v23.0 (Yoast SEO v27.4) - https:\/\/yoast.com\/product\/yoast-seo-premium-wordpress\/ -->\n<title>El Municipio de Trelew brind\u00f3 capacitaci\u00f3n sobre la Ley Yolanda<\/title>\n<meta name=\"robots\" content=\"index, follow, max-snippet:-1, max-image-preview:large, max-video-preview:-1\" \/>\n<link rel=\"canonical\" href=\"https:\/\/patagoniambiental.com.ar\/info\/el-municipio-de-trelew-brindo-capacitacion-sobre-la-ley-yolanda-en-el-concejo-deliberante\/\" \/>\n<meta property=\"og:locale\" content=\"es_ES\" \/>\n<meta property=\"og:type\" content=\"article\" \/>\n<meta property=\"og:title\" content=\"El Municipio de Trelew brind\u00f3 capacitaci\u00f3n sobre la Ley Yolanda\" \/>\n<meta property=\"og:url\" content=\"https:\/\/patagoniambiental.com.ar\/info\/el-municipio-de-trelew-brindo-capacitacion-sobre-la-ley-yolanda-en-el-concejo-deliberante\/\" \/>\n<meta property=\"og:site_name\" content=\"Patagonia Ambiental\" \/>\n<meta property=\"article:publisher\" content=\"https:\/\/www.facebook.com\/patagonia.ambiental\" \/>\n<meta property=\"article:author\" content=\"https:\/\/www.facebook.com\/share\/1C1V8Gv9BX\/?mibextid=qi2Omg\" \/>\n<meta property=\"article:published_time\" content=\"2023-04-11T22:00:00+00:00\" \/>\n<meta property=\"article:modified_time\" content=\"2024-08-19T00:44:00+00:00\" \/>\n<meta property=\"og:image\" content=\"https:\/\/patagoniambiental.com.ar\/info\/wp-content\/uploads\/2023\/04\/Diseno-sin-titulo-64-700x420-1.jpg\" \/>\n\t<meta property=\"og:image:width\" content=\"700\" \/>\n\t<meta property=\"og:image:height\" content=\"420\" \/>\n\t<meta property=\"og:image:type\" content=\"image\/jpeg\" \/>\n<meta name=\"author\" content=\"Patagonia Ambiental\" \/>\n<meta name=\"twitter:card\" content=\"summary_large_image\" \/>\n<meta name=\"twitter:creator\" content=\"@PatAmb\" \/>\n<meta name=\"twitter:site\" content=\"@PatAmb\" \/>\n<script type=\"application\/ld+json\" class=\"yoast-schema-graph\">{\"@context\":\"https:\\\/\\\/schema.org\",\"@graph\":[{\"@type\":\"Article\",\"@id\":\"https:\\\/\\\/patagoniambiental.com.ar\\\/info\\\/el-municipio-de-trelew-brindo-capacitacion-sobre-la-ley-yolanda-en-el-concejo-deliberante\\\/#article\",\"isPartOf\":{\"@id\":\"https:\\\/\\\/patagoniambiental.com.ar\\\/info\\\/el-municipio-de-trelew-brindo-capacitacion-sobre-la-ley-yolanda-en-el-concejo-deliberante\\\/\"},\"author\":{\"name\":\"Patagonia Ambiental\",\"@id\":\"https:\\\/\\\/patagoniambiental.com.ar\\\/info\\\/#\\\/schema\\\/person\\\/db12bff64bbcbf6a253710bf0ea37b5d\"},\"headline\":\"El Municipio de Trelew brind\u00f3 capacitaci\u00f3n sobre la Ley Yolanda\",\"datePublished\":\"2023-04-11T22:00:00+00:00\",\"dateModified\":\"2024-08-19T00:44:00+00:00\",\"mainEntityOfPage\":{\"@id\":\"https:\\\/\\\/patagoniambiental.com.ar\\\/info\\\/el-municipio-de-trelew-brindo-capacitacion-sobre-la-ley-yolanda-en-el-concejo-deliberante\\\/\"},\"wordCount\":329,\"commentCount\":0,\"publisher\":{\"@id\":\"https:\\\/\\\/patagoniambiental.com.ar\\\/info\\\/#organization\"},\"image\":{\"@id\":\"https:\\\/\\\/patagoniambiental.com.ar\\\/info\\\/el-municipio-de-trelew-brindo-capacitacion-sobre-la-ley-yolanda-en-el-concejo-deliberante\\\/#primaryimage\"},\"thumbnailUrl\":\"https:\\\/\\\/patagoniambiental.com.ar\\\/info\\\/wp-content\\\/uploads\\\/2023\\\/04\\\/Diseno-sin-titulo-64-700x420-1.jpg\",\"articleSection\":[\"Agenda Ambiental\",\"Noticias\"],\"inLanguage\":\"es\",\"potentialAction\":[{\"@type\":\"CommentAction\",\"name\":\"Comment\",\"target\":[\"https:\\\/\\\/patagoniambiental.com.ar\\\/info\\\/el-municipio-de-trelew-brindo-capacitacion-sobre-la-ley-yolanda-en-el-concejo-deliberante\\\/#respond\"]}]},{\"@type\":\"WebPage\",\"@id\":\"https:\\\/\\\/patagoniambiental.com.ar\\\/info\\\/el-municipio-de-trelew-brindo-capacitacion-sobre-la-ley-yolanda-en-el-concejo-deliberante\\\/\",\"url\":\"https:\\\/\\\/patagoniambiental.com.ar\\\/info\\\/el-municipio-de-trelew-brindo-capacitacion-sobre-la-ley-yolanda-en-el-concejo-deliberante\\\/\",\"name\":\"El Municipio de Trelew brind\u00f3 capacitaci\u00f3n sobre la Ley Yolanda\",\"isPartOf\":{\"@id\":\"https:\\\/\\\/patagoniambiental.com.ar\\\/info\\\/#website\"},\"primaryImageOfPage\":{\"@id\":\"https:\\\/\\\/patagoniambiental.com.ar\\\/info\\\/el-municipio-de-trelew-brindo-capacitacion-sobre-la-ley-yolanda-en-el-concejo-deliberante\\\/#primaryimage\"},\"image\":{\"@id\":\"https:\\\/\\\/patagoniambiental.com.ar\\\/info\\\/el-municipio-de-trelew-brindo-capacitacion-sobre-la-ley-yolanda-en-el-concejo-deliberante\\\/#primaryimage\"},\"thumbnailUrl\":\"https:\\\/\\\/patagoniambiental.com.ar\\\/info\\\/wp-content\\\/uploads\\\/2023\\\/04\\\/Diseno-sin-titulo-64-700x420-1.jpg\",\"datePublished\":\"2023-04-11T22:00:00+00:00\",\"dateModified\":\"2024-08-19T00:44:00+00:00\",\"breadcrumb\":{\"@id\":\"https:\\\/\\\/patagoniambiental.com.ar\\\/info\\\/el-municipio-de-trelew-brindo-capacitacion-sobre-la-ley-yolanda-en-el-concejo-deliberante\\\/#breadcrumb\"},\"inLanguage\":\"es\",\"potentialAction\":[{\"@type\":\"ReadAction\",\"target\":[\"https:\\\/\\\/patagoniambiental.com.ar\\\/info\\\/el-municipio-de-trelew-brindo-capacitacion-sobre-la-ley-yolanda-en-el-concejo-deliberante\\\/\"]}]},{\"@type\":\"ImageObject\",\"inLanguage\":\"es\",\"@id\":\"https:\\\/\\\/patagoniambiental.com.ar\\\/info\\\/el-municipio-de-trelew-brindo-capacitacion-sobre-la-ley-yolanda-en-el-concejo-deliberante\\\/#primaryimage\",\"url\":\"https:\\\/\\\/patagoniambiental.com.ar\\\/info\\\/wp-content\\\/uploads\\\/2023\\\/04\\\/Diseno-sin-titulo-64-700x420-1.jpg\",\"contentUrl\":\"https:\\\/\\\/patagoniambiental.com.ar\\\/info\\\/wp-content\\\/uploads\\\/2023\\\/04\\\/Diseno-sin-titulo-64-700x420-1.jpg\",\"width\":700,\"height\":420},{\"@type\":\"BreadcrumbList\",\"@id\":\"https:\\\/\\\/patagoniambiental.com.ar\\\/info\\\/el-municipio-de-trelew-brindo-capacitacion-sobre-la-ley-yolanda-en-el-concejo-deliberante\\\/#breadcrumb\",\"itemListElement\":[{\"@type\":\"ListItem\",\"position\":1,\"name\":\"Inicio\",\"item\":\"https:\\\/\\\/patagoniambiental.com.ar\\\/info\\\/\"},{\"@type\":\"ListItem\",\"position\":2,\"name\":\"El Municipio de Trelew brind\u00f3 capacitaci\u00f3n sobre la Ley Yolanda\"}]},{\"@type\":\"WebSite\",\"@id\":\"https:\\\/\\\/patagoniambiental.com.ar\\\/info\\\/#website\",\"url\":\"https:\\\/\\\/patagoniambiental.com.ar\\\/info\\\/\",\"name\":\"Patagonia Ambiental\",\"description\":\"Monitoreo y an\u00e1lisis de la situaci\u00f3n geopol\u00edtica en el mundo y su implicancia en la Patagonia\",\"publisher\":{\"@id\":\"https:\\\/\\\/patagoniambiental.com.ar\\\/info\\\/#organization\"},\"potentialAction\":[{\"@type\":\"SearchAction\",\"target\":{\"@type\":\"EntryPoint\",\"urlTemplate\":\"https:\\\/\\\/patagoniambiental.com.ar\\\/info\\\/?s={search_term_string}\"},\"query-input\":{\"@type\":\"PropertyValueSpecification\",\"valueRequired\":true,\"valueName\":\"search_term_string\"}}],\"inLanguage\":\"es\"},{\"@type\":\"Organization\",\"@id\":\"https:\\\/\\\/patagoniambiental.com.ar\\\/info\\\/#organization\",\"name\":\"Patagonia Ambiental\",\"url\":\"https:\\\/\\\/patagoniambiental.com.ar\\\/info\\\/\",\"logo\":{\"@type\":\"ImageObject\",\"inLanguage\":\"es\",\"@id\":\"https:\\\/\\\/patagoniambiental.com.ar\\\/info\\\/#\\\/schema\\\/logo\\\/image\\\/\",\"url\":\"https:\\\/\\\/patagoniambiental.com.ar\\\/info\\\/wp-content\\\/uploads\\\/2025\\\/05\\\/LOGO-PATAGONIA-AMBIENTAL.png\",\"contentUrl\":\"https:\\\/\\\/patagoniambiental.com.ar\\\/info\\\/wp-content\\\/uploads\\\/2025\\\/05\\\/LOGO-PATAGONIA-AMBIENTAL.png\",\"width\":433,\"height\":250,\"caption\":\"Patagonia Ambiental\"},\"image\":{\"@id\":\"https:\\\/\\\/patagoniambiental.com.ar\\\/info\\\/#\\\/schema\\\/logo\\\/image\\\/\"},\"sameAs\":[\"https:\\\/\\\/www.facebook.com\\\/patagonia.ambiental\",\"https:\\\/\\\/x.com\\\/PatAmb\"]},{\"@type\":\"Person\",\"@id\":\"https:\\\/\\\/patagoniambiental.com.ar\\\/info\\\/#\\\/schema\\\/person\\\/db12bff64bbcbf6a253710bf0ea37b5d\",\"name\":\"Patagonia Ambiental\",\"description\":\"Andr\u00e9s Nievas T\u00e9cnico en manejo ambiental, consultor Ambiental y escritor para medios locales e internacionales sobre temas de geopolitica y medio ambiente.\",\"sameAs\":[\"http:\\\/\\\/www.patagoniambiental.com.ar\",\"https:\\\/\\\/www.facebook.com\\\/share\\\/1C1V8Gv9BX\\\/?mibextid=qi2Omg\",\"@patagoniambiental\",\"https:\\\/\\\/youtube.com\\\/@patagoniaambiental2023?si=BLt58t0wuXquxlYZ\"]}]}<\/script>\n<!-- \/ Yoast SEO Premium plugin. -->","yoast_head_json":{"title":"El Municipio de Trelew brind\u00f3 capacitaci\u00f3n sobre la Ley Yolanda","robots":{"index":"index","follow":"follow","max-snippet":"max-snippet:-1","max-image-preview":"max-image-preview:large","max-video-preview":"max-video-preview:-1"},"canonical":"https:\/\/patagoniambiental.com.ar\/info\/el-municipio-de-trelew-brindo-capacitacion-sobre-la-ley-yolanda-en-el-concejo-deliberante\/","og_locale":"es_ES","og_type":"article","og_title":"El Municipio de Trelew brind\u00f3 capacitaci\u00f3n sobre la Ley Yolanda","og_url":"https:\/\/patagoniambiental.com.ar\/info\/el-municipio-de-trelew-brindo-capacitacion-sobre-la-ley-yolanda-en-el-concejo-deliberante\/","og_site_name":"Patagonia Ambiental","article_publisher":"https:\/\/www.facebook.com\/patagonia.ambiental","article_author":"https:\/\/www.facebook.com\/share\/1C1V8Gv9BX\/?mibextid=qi2Omg","article_published_time":"2023-04-11T22:00:00+00:00","article_modified_time":"2024-08-19T00:44:00+00:00","og_image":[{"width":700,"height":420,"url":"https:\/\/patagoniambiental.com.ar\/info\/wp-content\/uploads\/2023\/04\/Diseno-sin-titulo-64-700x420-1.jpg","type":"image\/jpeg"}],"author":"Patagonia Ambiental","twitter_card":"summary_large_image","twitter_creator":"@PatAmb","twitter_site":"@PatAmb","schema":{"@context":"https:\/\/schema.org","@graph":[{"@type":"Article","@id":"https:\/\/patagoniambiental.com.ar\/info\/el-municipio-de-trelew-brindo-capacitacion-sobre-la-ley-yolanda-en-el-concejo-deliberante\/#article","isPartOf":{"@id":"https:\/\/patagoniambiental.com.ar\/info\/el-municipio-de-trelew-brindo-capacitacion-sobre-la-ley-yolanda-en-el-concejo-deliberante\/"},"author":{"name":"Patagonia Ambiental","@id":"https:\/\/patagoniambiental.com.ar\/info\/#\/schema\/person\/db12bff64bbcbf6a253710bf0ea37b5d"},"headline":"El Municipio de Trelew brind\u00f3 capacitaci\u00f3n sobre la Ley Yolanda","datePublished":"2023-04-11T22:00:00+00:00","dateModified":"2024-08-19T00:44:00+00:00","mainEntityOfPage":{"@id":"https:\/\/patagoniambiental.com.ar\/info\/el-municipio-de-trelew-brindo-capacitacion-sobre-la-ley-yolanda-en-el-concejo-deliberante\/"},"wordCount":329,"commentCount":0,"publisher":{"@id":"https:\/\/patagoniambiental.com.ar\/info\/#organization"},"image":{"@id":"https:\/\/patagoniambiental.com.ar\/info\/el-municipio-de-trelew-brindo-capacitacion-sobre-la-ley-yolanda-en-el-concejo-deliberante\/#primaryimage"},"thumbnailUrl":"https:\/\/patagoniambiental.com.ar\/info\/wp-content\/uploads\/2023\/04\/Diseno-sin-titulo-64-700x420-1.jpg","articleSection":["Agenda Ambiental","Noticias"],"inLanguage":"es","potentialAction":[{"@type":"CommentAction","name":"Comment","target":["https:\/\/patagoniambiental.com.ar\/info\/el-municipio-de-trelew-brindo-capacitacion-sobre-la-ley-yolanda-en-el-concejo-deliberante\/#respond"]}]},{"@type":"WebPage","@id":"https:\/\/patagoniambiental.com.ar\/info\/el-municipio-de-trelew-brindo-capacitacion-sobre-la-ley-yolanda-en-el-concejo-deliberante\/","url":"https:\/\/patagoniambiental.com.ar\/info\/el-municipio-de-trelew-brindo-capacitacion-sobre-la-ley-yolanda-en-el-concejo-deliberante\/","name":"El Municipio de Trelew brind\u00f3 capacitaci\u00f3n sobre la Ley Yolanda","isPartOf":{"@id":"https:\/\/patagoniambiental.com.ar\/info\/#website"},"primaryImageOfPage":{"@id":"https:\/\/patagoniambiental.com.ar\/info\/el-municipio-de-trelew-brindo-capacitacion-sobre-la-ley-yolanda-en-el-concejo-deliberante\/#primaryimage"},"image":{"@id":"https:\/\/patagoniambiental.com.ar\/info\/el-municipio-de-trelew-brindo-capacitacion-sobre-la-ley-yolanda-en-el-concejo-deliberante\/#primaryimage"},"thumbnailUrl":"https:\/\/patagoniambiental.com.ar\/info\/wp-content\/uploads\/2023\/04\/Diseno-sin-titulo-64-700x420-1.jpg","datePublished":"2023-04-11T22:00:00+00:00","dateModified":"2024-08-19T00:44:00+00:00","breadcrumb":{"@id":"https:\/\/patagoniambiental.com.ar\/info\/el-municipio-de-trelew-brindo-capacitacion-sobre-la-ley-yolanda-en-el-concejo-deliberante\/#breadcrumb"},"inLanguage":"es","potentialAction":[{"@type":"ReadAction","target":["https:\/\/patagoniambiental.com.ar\/info\/el-municipio-de-trelew-brindo-capacitacion-sobre-la-ley-yolanda-en-el-concejo-deliberante\/"]}]},{"@type":"ImageObject","inLanguage":"es","@id":"https:\/\/patagoniambiental.com.ar\/info\/el-municipio-de-trelew-brindo-capacitacion-sobre-la-ley-yolanda-en-el-concejo-deliberante\/#primaryimage","url":"https:\/\/patagoniambiental.com.ar\/info\/wp-content\/uploads\/2023\/04\/Diseno-sin-titulo-64-700x420-1.jpg","contentUrl":"https:\/\/patagoniambiental.com.ar\/info\/wp-content\/uploads\/2023\/04\/Diseno-sin-titulo-64-700x420-1.jpg","width":700,"height":420},{"@type":"BreadcrumbList","@id":"https:\/\/patagoniambiental.com.ar\/info\/el-municipio-de-trelew-brindo-capacitacion-sobre-la-ley-yolanda-en-el-concejo-deliberante\/#breadcrumb","itemListElement":[{"@type":"ListItem","position":1,"name":"Inicio","item":"https:\/\/patagoniambiental.com.ar\/info\/"},{"@type":"ListItem","position":2,"name":"El Municipio de Trelew brind\u00f3 capacitaci\u00f3n sobre la Ley Yolanda"}]},{"@type":"WebSite","@id":"https:\/\/patagoniambiental.com.ar\/info\/#website","url":"https:\/\/patagoniambiental.com.ar\/info\/","name":"Patagonia Ambiental","description":"Monitoreo y an\u00e1lisis de la situaci\u00f3n geopol\u00edtica en el mundo y su implicancia en la Patagonia","publisher":{"@id":"https:\/\/patagoniambiental.com.ar\/info\/#organization"},"potentialAction":[{"@type":"SearchAction","target":{"@type":"EntryPoint","urlTemplate":"https:\/\/patagoniambiental.com.ar\/info\/?s={search_term_string}"},"query-input":{"@type":"PropertyValueSpecification","valueRequired":true,"valueName":"search_term_string"}}],"inLanguage":"es"},{"@type":"Organization","@id":"https:\/\/patagoniambiental.com.ar\/info\/#organization","name":"Patagonia Ambiental","url":"https:\/\/patagoniambiental.com.ar\/info\/","logo":{"@type":"ImageObject","inLanguage":"es","@id":"https:\/\/patagoniambiental.com.ar\/info\/#\/schema\/logo\/image\/","url":"https:\/\/patagoniambiental.com.ar\/info\/wp-content\/uploads\/2025\/05\/LOGO-PATAGONIA-AMBIENTAL.png","contentUrl":"https:\/\/patagoniambiental.com.ar\/info\/wp-content\/uploads\/2025\/05\/LOGO-PATAGONIA-AMBIENTAL.png","width":433,"height":250,"caption":"Patagonia Ambiental"},"image":{"@id":"https:\/\/patagoniambiental.com.ar\/info\/#\/schema\/logo\/image\/"},"sameAs":["https:\/\/www.facebook.com\/patagonia.ambiental","https:\/\/x.com\/PatAmb"]},{"@type":"Person","@id":"https:\/\/patagoniambiental.com.ar\/info\/#\/schema\/person\/db12bff64bbcbf6a253710bf0ea37b5d","name":"Patagonia Ambiental","description":"Andr\u00e9s Nievas T\u00e9cnico en manejo ambiental, consultor Ambiental y escritor para medios locales e internacionales sobre temas de geopolitica y medio ambiente.","sameAs":["http:\/\/www.patagoniambiental.com.ar","https:\/\/www.facebook.com\/share\/1C1V8Gv9BX\/?mibextid=qi2Omg","@patagoniambiental","https:\/\/youtube.com\/@patagoniaambiental2023?si=BLt58t0wuXquxlYZ"]}]}},"_links":{"self":[{"href":"https:\/\/patagoniambiental.com.ar\/info\/wp-json\/wp\/v2\/posts\/77390","targetHints":{"allow":["GET"]}}],"collection":[{"href":"https:\/\/patagoniambiental.com.ar\/info\/wp-json\/wp\/v2\/posts"}],"about":[{"href":"https:\/\/patagoniambiental.com.ar\/info\/wp-json\/wp\/v2\/types\/post"}],"author":[{"embeddable":true,"href":"https:\/\/patagoniambiental.com.ar\/info\/wp-json\/wp\/v2\/users\/2"}],"replies":[{"embeddable":true,"href":"https:\/\/patagoniambiental.com.ar\/info\/wp-json\/wp\/v2\/comments?post=77390"}],"version-history":[{"count":0,"href":"https:\/\/patagoniambiental.com.ar\/info\/wp-json\/wp\/v2\/posts\/77390\/revisions"}],"wp:featuredmedia":[{"embeddable":true,"href":"https:\/\/patagoniambiental.com.ar\/info\/wp-json\/wp\/v2\/media\/77391"}],"wp:attachment":[{"href":"https:\/\/patagoniambiental.com.ar\/info\/wp-json\/wp\/v2\/media?parent=77390"}],"wp:term":[{"taxonomy":"category","embeddable":true,"href":"https:\/\/patagoniambiental.com.ar\/info\/wp-json\/wp\/v2\/categories?post=77390"},{"taxonomy":"post_tag","embeddable":true,"href":"https:\/\/patagoniambiental.com.ar\/info\/wp-json\/wp\/v2\/tags?post=77390"}],"curies":[{"name":"wp","href":"https:\/\/api.w.org\/{rel}","templated":true}]}}