{"id":77475,"date":"2023-04-14T09:24:39","date_gmt":"2023-04-14T12:24:39","guid":{"rendered":"http:\/\/patagoniambiental.com.ar\/info\/?p=77475"},"modified":"2024-08-18T21:30:32","modified_gmt":"2024-08-19T00:30:32","slug":"municipio-mostrara-resultados-de-la-chacra-comunal-en-la-expo-semilla-2023","status":"publish","type":"post","link":"https:\/\/patagoniambiental.com.ar\/info\/municipio-mostrara-resultados-de-la-chacra-comunal-en-la-expo-semilla-2023\/","title":{"rendered":"Municipio mostrar\u00e1 resultados de la Chacra Comunal en la Expo Semilla 2023"},"content":{"rendered":"\n<!--more-->\n\n\n\n<p>Caleta Olivia.-Bajo la organizaci\u00f3n conjunta del INTA, Pro Huerta, el Instituto Nacional de la Agricultura Familiar, Campesina e Ind\u00edgena (INAFCI), Ecogambeta y el municipio local, se llevar\u00e1 a cabo esta&nbsp;expo hoy viernes 14 de 10 hs. a 17 hs., la cual tiene como fin&nbsp;informar, concientizar y promocionar sobre los beneficios de la huerta agroecol\u00f3gica familiar.&nbsp;&nbsp; &nbsp;<\/p>\n\n\n\n<figure class=\"wp-block-image\"><img decoding=\"async\" src=\"https:\/\/www.tiemposur.com.ar\/uploads\/noticia_galeria\/2023\/04\/14\/file_167118_main1\" alt=\"Municipio mostrar\u00e1 resultados de la Chacra Comunal en la Expo Semilla 2023 \"\/><\/figure>\n\n\n\n<p>Municipio mostrar\u00e1 resultados de la Chacra Comunal en la Expo Semilla 2023<\/p>\n\n\n\n<p><a class=\"\" href=\"javascript: void(0)\"><\/a><a class=\" \" href=\"javascript: void(0)\"> <\/a><a href=\"whatsapp:\/\/send?text=Mira esto: Municipio mostrar%C3%A1 resultados de la Chacra Comunal en la Expo Semilla 2023 | https:\/\/www.tiemposur.com.ar\/info-general\/municipio-mostrara-resultados-de-la-chacra-comunal-en-la-expo-semilla-2023\"><\/a><a href=\"mailto:?subject=Mira esto: Municipio mostrar%C3%A1 resultados de la Chacra Comunal en la Expo Semilla 2023 | https:\/\/www.tiemposur.com.ar\/info-general\/municipio-mostrara-resultados-de-la-chacra-comunal-en-la-expo-semilla-2023\" class=\"\"> <\/a><a href=\"javascript:;\"><\/a><\/p>\n\n\n\n<p>En este contexto, Carmen Almendra, subsecretaria de Forestaci\u00f3n de la comuna, explic\u00f3 que desde su \u00e1rea estar\u00e1n mostrando todo el trabajo que vienen realizando.&nbsp;<\/p>\n\n\n\n<p><strong><em>\u201cCreo que esto tiene que continuar creciendo para nuestro ambiente y debemos mejorar m\u00e1s, en lo que refiere al cultivo de la tierra\u201d,&nbsp;<\/em><\/strong>se\u00f1al\u00f3 y luego agreg\u00f3 que este tipo de alimentos contribuye a&nbsp;la calidad de vida.&nbsp;<\/p>\n\n\n\n<p>Asimismo, se presentar\u00e1n testimonios sobre las experiencias locales. En tal aspecto, de&nbsp;la mano de Ecogambeta, compostando en colegios; producci\u00f3n vitivin\u00edcola local; invernadero municipal, y compostera comunitaria.&nbsp;&nbsp;&nbsp;&nbsp;<\/p>\n\n\n\n<p>Por otro lado, se concretar\u00e1 la Feria de Frescos con la venta de productos locales como hortalizas, frutas, verduras, huevos caseros, especias, embutidos, panificados, plantas, miel, sahumerios y cosm\u00e9tica natural.\u00a0\u00a0<\/p>\n\n\n\n<div style=\"height:100px\" aria-hidden=\"true\" class=\"wp-block-spacer\"><\/div>\n\n\n\n<h2 class=\"wp-block-heading\" id=\"h-se-acerca-la-primera-fiesta-de-la-vendimia-caletense-nbsp\"><strong>Se acerca la primera \u201cFiesta de la Vendimia Caletense\u201d&nbsp;<\/strong><\/h2>\n\n\n\n<p>Sobre este interesante acontecimiento que fue presentado en conferencia de prensa el martes pasado, el mismo se&nbsp;desarrollar\u00e1 este s\u00e1bado 15 de abril en el Centro de Residentes Salte\u00f1os a partir de las 20 horas, con entrada libre y gratuita. En ese marco, tambi\u00e9n se comunic\u00f3 que habr\u00e1 una degustaci\u00f3n, venta general de vinos y contar\u00e1n con la presentaci\u00f3n de atractivos n\u00fameros art\u00edsticos.&nbsp;<\/p>\n\n\n\n<p>Esta propuesta surge a ra\u00edz del crecimiento de la actividad en la zona, llegando a presentar por los productores de uvas&nbsp;el primer vino espumante de la ciudad&nbsp;denominado \u201cDel Golfo\u201d, en diciembre de 2022, impulso que el municipio inici\u00f3 y propag\u00f3 el entusiasmo a los productores locales.&nbsp;<\/p>\n\n\n\n<p>Dicha edici\u00f3n est\u00e1 organizada por la Asociaci\u00f3n de Productores Vitivin\u00edcolas de Caleta Olivia y cuenta con el acompa\u00f1amiento del municipio local.&nbsp;&nbsp;<\/p>\n\n\n\n<p>En este sentido, se destac\u00f3 el apoyo de las \u00e1reas comunales y se invita a los vecinos para que se acerquen a vivenciar un novedoso evento que impulsa el desarrollo de la ciudad.&nbsp;&nbsp;<\/p>\n\n\n\n<p><strong><em>\u201cEste a\u00f1o contamos con 80 productores interesados en la vitivinicultura, donde la mayor\u00eda tiene parrales y desde el Municipio armamos junto a los chacareros, 16 vi\u00f1edos nuevos en sus chacras<\/em><\/strong>\u201d, explicaron.\u00a0<\/p>\n\n\n\n<div style=\"height:100px\" aria-hidden=\"true\" class=\"wp-block-spacer\"><\/div>\n\n\n\n<h2 class=\"wp-block-heading\" id=\"h-produccion-de-uvas-nbsp\"><strong>Producci\u00f3n de uvas&nbsp;<\/strong><\/h2>\n\n\n\n<p>Respecto a la producci\u00f3n de uvas, asever\u00f3 que&nbsp;realizar\u00e1n nuevamente un env\u00edo de fruta hacia la localidad de El Hoyo y sostuvo que el Municipio se encargar\u00e1 del traslado hasta la bodega, de toda la materia prima para la elaboraci\u00f3n del vino espumante de este a\u00f1o.&nbsp;&nbsp;<\/p>\n\n\n\n<p><strong><em>\u201cEs un trabajo en conjunto y una decisi\u00f3n pol\u00edtica del Intendente para apoyar este tipo de proyectos. As\u00ed seguimos avanzando y agradeciendo a los vecinos que creyeron en la propuesta\u201d<\/em><\/strong>, remarc\u00f3.&nbsp;&nbsp;&nbsp;&nbsp;<\/p>\n\n\n\n<div style=\"height:100px\" aria-hidden=\"true\" class=\"wp-block-spacer\"><\/div>\n\n\n\n<h2 class=\"wp-block-heading\" id=\"h-trabajos-generales-en-el-invernadero-nbsp\"><strong>Trabajos generales en el invernadero<\/strong>&nbsp;<\/h2>\n\n\n\n<p>Finalmente, se refiri\u00f3 a las tareas de recambio del nylon en uno de los invernaderos (barbados de parra fina) que se estropearon debido a los fuertes vientos de la zona, y aclar\u00f3 que, la adquisici\u00f3n del material fue gestionada por la Comuna misma.&nbsp;<\/p>\n\n\n\n<p><strong><em>\u201cLo ven\u00edamos postergando porque esper\u00e1bamos el material y como el clima est\u00e1 en buenas condiciones, aprovechamos para cambiar el tramo da\u00f1ado. Se levant\u00f3 la mitad del invernadero<\/em><\/strong>\u201d, expres\u00f3.&nbsp;&nbsp;<\/p>\n\n\n\n<p>Igualmente&nbsp;agreg\u00f3 que, si bien ya se realizaron las cosechas de la temporada, a\u00fan les quedan melones, sand\u00edas, morrones, aj\u00edes y tomates.&nbsp;&nbsp;<\/p>\n\n\n\n<p><strong><em>\u201cEsto ya ser\u00eda lo \u00faltimo y ya empezaremos nuevamente con la preparaci\u00f3n de suelos y la fertilizaci\u00f3n de abonos verde. Tambi\u00e9n estamos con el trasplante de \u00e1rboles y la entrega de productos a las instituciones sociales\u201d<\/em><\/strong>, cerr\u00f3 Almendra.&nbsp;<\/p>\n\n\n\n<p>Fuente: www.tiemposur.com.ar<\/p>\n","protected":false},"excerpt":{"rendered":"","protected":false},"author":2,"featured_media":77484,"comment_status":"open","ping_status":"open","sticky":false,"template":"","format":"standard","meta":{"site-sidebar-layout":"default","site-content-layout":"","ast-site-content-layout":"default","site-content-style":"default","site-sidebar-style":"default","ast-global-header-display":"","ast-banner-title-visibility":"","ast-main-header-display":"","ast-hfb-above-header-display":"","ast-hfb-below-header-display":"","ast-hfb-mobile-header-display":"","site-post-title":"","ast-breadcrumbs-content":"","ast-featured-img":"","footer-sml-layout":"","ast-disable-related-posts":"","theme-transparent-header-meta":"","adv-header-id-meta":"","stick-header-meta":"","header-above-stick-meta":"","header-main-stick-meta":"","header-below-stick-meta":"","astra-migrate-meta-layouts":"default","ast-page-background-enabled":"default","ast-page-background-meta":{"desktop":{"background-color":"var(--ast-global-color-5)","background-image":"","background-repeat":"repeat","background-position":"center center","background-size":"auto","background-attachment":"scroll","background-type":"","background-media":"","overlay-type":"","overlay-color":"","overlay-opacity":"","overlay-gradient":""},"tablet":{"background-color":"","background-image":"","background-repeat":"repeat","background-position":"center center","background-size":"auto","background-attachment":"scroll","background-type":"","background-media":"","overlay-type":"","overlay-color":"","overlay-opacity":"","overlay-gradient":""},"mobile":{"background-color":"","background-image":"","background-repeat":"repeat","background-position":"center center","background-size":"auto","background-attachment":"scroll","background-type":"","background-media":"","overlay-type":"","overlay-color":"","overlay-opacity":"","overlay-gradient":""}},"ast-content-background-meta":{"desktop":{"background-color":"var(--ast-global-color-4)","background-image":"","background-repeat":"repeat","background-position":"center center","background-size":"auto","background-attachment":"scroll","background-type":"","background-media":"","overlay-type":"","overlay-color":"","overlay-opacity":"","overlay-gradient":""},"tablet":{"background-color":"var(--ast-global-color-4)","background-image":"","background-repeat":"repeat","background-position":"center center","background-size":"auto","background-attachment":"scroll","background-type":"","background-media":"","overlay-type":"","overlay-color":"","overlay-opacity":"","overlay-gradient":""},"mobile":{"background-color":"var(--ast-global-color-4)","background-image":"","background-repeat":"repeat","background-position":"center center","background-size":"auto","background-attachment":"scroll","background-type":"","background-media":"","overlay-type":"","overlay-color":"","overlay-opacity":"","overlay-gradient":""}},"footnotes":""},"categories":[1],"tags":[],"class_list":["post-77475","post","type-post","status-publish","format-standard","has-post-thumbnail","hentry","category-noticias"],"yoast_head":"<!-- This site is optimized with the Yoast SEO Premium plugin v23.0 (Yoast SEO v27.4) - https:\/\/yoast.com\/product\/yoast-seo-premium-wordpress\/ -->\n<title>Municipio mostrar\u00e1 resultados de la Chacra Comunal en la Expo Semilla 2023<\/title>\n<meta name=\"robots\" content=\"index, follow, max-snippet:-1, max-image-preview:large, max-video-preview:-1\" \/>\n<link rel=\"canonical\" href=\"https:\/\/patagoniambiental.com.ar\/info\/municipio-mostrara-resultados-de-la-chacra-comunal-en-la-expo-semilla-2023\/\" \/>\n<meta property=\"og:locale\" content=\"es_ES\" \/>\n<meta property=\"og:type\" content=\"article\" \/>\n<meta property=\"og:title\" content=\"Municipio mostrar\u00e1 resultados de la Chacra Comunal en la Expo Semilla 2023\" \/>\n<meta property=\"og:url\" content=\"https:\/\/patagoniambiental.com.ar\/info\/municipio-mostrara-resultados-de-la-chacra-comunal-en-la-expo-semilla-2023\/\" \/>\n<meta property=\"og:site_name\" content=\"Patagonia Ambiental\" \/>\n<meta property=\"article:publisher\" content=\"https:\/\/www.facebook.com\/patagonia.ambiental\" \/>\n<meta property=\"article:author\" content=\"https:\/\/www.facebook.com\/share\/1C1V8Gv9BX\/?mibextid=qi2Omg\" \/>\n<meta property=\"article:published_time\" content=\"2023-04-14T12:24:39+00:00\" \/>\n<meta property=\"article:modified_time\" content=\"2024-08-19T00:30:32+00:00\" \/>\n<meta property=\"og:image\" content=\"https:\/\/patagoniambiental.com.ar\/info\/wp-content\/uploads\/2023\/04\/file_167118_main1.jpeg\" \/>\n\t<meta property=\"og:image:width\" content=\"800\" \/>\n\t<meta property=\"og:image:height\" content=\"457\" \/>\n\t<meta property=\"og:image:type\" content=\"image\/jpeg\" \/>\n<meta name=\"author\" content=\"Patagonia Ambiental\" \/>\n<meta name=\"twitter:card\" content=\"summary_large_image\" \/>\n<meta name=\"twitter:creator\" content=\"@PatAmb\" \/>\n<meta name=\"twitter:site\" content=\"@PatAmb\" \/>\n<script type=\"application\/ld+json\" class=\"yoast-schema-graph\">{\"@context\":\"https:\\\/\\\/schema.org\",\"@graph\":[{\"@type\":\"Article\",\"@id\":\"https:\\\/\\\/patagoniambiental.com.ar\\\/info\\\/municipio-mostrara-resultados-de-la-chacra-comunal-en-la-expo-semilla-2023\\\/#article\",\"isPartOf\":{\"@id\":\"https:\\\/\\\/patagoniambiental.com.ar\\\/info\\\/municipio-mostrara-resultados-de-la-chacra-comunal-en-la-expo-semilla-2023\\\/\"},\"author\":{\"name\":\"Patagonia Ambiental\",\"@id\":\"https:\\\/\\\/patagoniambiental.com.ar\\\/info\\\/#\\\/schema\\\/person\\\/db12bff64bbcbf6a253710bf0ea37b5d\"},\"headline\":\"Municipio mostrar\u00e1 resultados de la Chacra Comunal en la Expo Semilla 2023\",\"datePublished\":\"2023-04-14T12:24:39+00:00\",\"dateModified\":\"2024-08-19T00:30:32+00:00\",\"mainEntityOfPage\":{\"@id\":\"https:\\\/\\\/patagoniambiental.com.ar\\\/info\\\/municipio-mostrara-resultados-de-la-chacra-comunal-en-la-expo-semilla-2023\\\/\"},\"wordCount\":703,\"commentCount\":0,\"publisher\":{\"@id\":\"https:\\\/\\\/patagoniambiental.com.ar\\\/info\\\/#organization\"},\"image\":{\"@id\":\"https:\\\/\\\/patagoniambiental.com.ar\\\/info\\\/municipio-mostrara-resultados-de-la-chacra-comunal-en-la-expo-semilla-2023\\\/#primaryimage\"},\"thumbnailUrl\":\"https:\\\/\\\/patagoniambiental.com.ar\\\/info\\\/wp-content\\\/uploads\\\/2023\\\/04\\\/file_167118_main1.jpeg\",\"articleSection\":[\"Noticias\"],\"inLanguage\":\"es\",\"potentialAction\":[{\"@type\":\"CommentAction\",\"name\":\"Comment\",\"target\":[\"https:\\\/\\\/patagoniambiental.com.ar\\\/info\\\/municipio-mostrara-resultados-de-la-chacra-comunal-en-la-expo-semilla-2023\\\/#respond\"]}]},{\"@type\":\"WebPage\",\"@id\":\"https:\\\/\\\/patagoniambiental.com.ar\\\/info\\\/municipio-mostrara-resultados-de-la-chacra-comunal-en-la-expo-semilla-2023\\\/\",\"url\":\"https:\\\/\\\/patagoniambiental.com.ar\\\/info\\\/municipio-mostrara-resultados-de-la-chacra-comunal-en-la-expo-semilla-2023\\\/\",\"name\":\"Municipio mostrar\u00e1 resultados de la Chacra Comunal en la Expo Semilla 2023\",\"isPartOf\":{\"@id\":\"https:\\\/\\\/patagoniambiental.com.ar\\\/info\\\/#website\"},\"primaryImageOfPage\":{\"@id\":\"https:\\\/\\\/patagoniambiental.com.ar\\\/info\\\/municipio-mostrara-resultados-de-la-chacra-comunal-en-la-expo-semilla-2023\\\/#primaryimage\"},\"image\":{\"@id\":\"https:\\\/\\\/patagoniambiental.com.ar\\\/info\\\/municipio-mostrara-resultados-de-la-chacra-comunal-en-la-expo-semilla-2023\\\/#primaryimage\"},\"thumbnailUrl\":\"https:\\\/\\\/patagoniambiental.com.ar\\\/info\\\/wp-content\\\/uploads\\\/2023\\\/04\\\/file_167118_main1.jpeg\",\"datePublished\":\"2023-04-14T12:24:39+00:00\",\"dateModified\":\"2024-08-19T00:30:32+00:00\",\"breadcrumb\":{\"@id\":\"https:\\\/\\\/patagoniambiental.com.ar\\\/info\\\/municipio-mostrara-resultados-de-la-chacra-comunal-en-la-expo-semilla-2023\\\/#breadcrumb\"},\"inLanguage\":\"es\",\"potentialAction\":[{\"@type\":\"ReadAction\",\"target\":[\"https:\\\/\\\/patagoniambiental.com.ar\\\/info\\\/municipio-mostrara-resultados-de-la-chacra-comunal-en-la-expo-semilla-2023\\\/\"]}]},{\"@type\":\"ImageObject\",\"inLanguage\":\"es\",\"@id\":\"https:\\\/\\\/patagoniambiental.com.ar\\\/info\\\/municipio-mostrara-resultados-de-la-chacra-comunal-en-la-expo-semilla-2023\\\/#primaryimage\",\"url\":\"https:\\\/\\\/patagoniambiental.com.ar\\\/info\\\/wp-content\\\/uploads\\\/2023\\\/04\\\/file_167118_main1.jpeg\",\"contentUrl\":\"https:\\\/\\\/patagoniambiental.com.ar\\\/info\\\/wp-content\\\/uploads\\\/2023\\\/04\\\/file_167118_main1.jpeg\",\"width\":800,\"height\":457},{\"@type\":\"BreadcrumbList\",\"@id\":\"https:\\\/\\\/patagoniambiental.com.ar\\\/info\\\/municipio-mostrara-resultados-de-la-chacra-comunal-en-la-expo-semilla-2023\\\/#breadcrumb\",\"itemListElement\":[{\"@type\":\"ListItem\",\"position\":1,\"name\":\"Inicio\",\"item\":\"https:\\\/\\\/patagoniambiental.com.ar\\\/info\\\/\"},{\"@type\":\"ListItem\",\"position\":2,\"name\":\"Municipio mostrar\u00e1 resultados de la Chacra Comunal en la Expo Semilla 2023\"}]},{\"@type\":\"WebSite\",\"@id\":\"https:\\\/\\\/patagoniambiental.com.ar\\\/info\\\/#website\",\"url\":\"https:\\\/\\\/patagoniambiental.com.ar\\\/info\\\/\",\"name\":\"Patagonia Ambiental\",\"description\":\"Monitoreo y an\u00e1lisis de la situaci\u00f3n geopol\u00edtica en el mundo y su implicancia en la Patagonia\",\"publisher\":{\"@id\":\"https:\\\/\\\/patagoniambiental.com.ar\\\/info\\\/#organization\"},\"potentialAction\":[{\"@type\":\"SearchAction\",\"target\":{\"@type\":\"EntryPoint\",\"urlTemplate\":\"https:\\\/\\\/patagoniambiental.com.ar\\\/info\\\/?s={search_term_string}\"},\"query-input\":{\"@type\":\"PropertyValueSpecification\",\"valueRequired\":true,\"valueName\":\"search_term_string\"}}],\"inLanguage\":\"es\"},{\"@type\":\"Organization\",\"@id\":\"https:\\\/\\\/patagoniambiental.com.ar\\\/info\\\/#organization\",\"name\":\"Patagonia Ambiental\",\"url\":\"https:\\\/\\\/patagoniambiental.com.ar\\\/info\\\/\",\"logo\":{\"@type\":\"ImageObject\",\"inLanguage\":\"es\",\"@id\":\"https:\\\/\\\/patagoniambiental.com.ar\\\/info\\\/#\\\/schema\\\/logo\\\/image\\\/\",\"url\":\"https:\\\/\\\/patagoniambiental.com.ar\\\/info\\\/wp-content\\\/uploads\\\/2025\\\/05\\\/LOGO-PATAGONIA-AMBIENTAL.png\",\"contentUrl\":\"https:\\\/\\\/patagoniambiental.com.ar\\\/info\\\/wp-content\\\/uploads\\\/2025\\\/05\\\/LOGO-PATAGONIA-AMBIENTAL.png\",\"width\":433,\"height\":250,\"caption\":\"Patagonia Ambiental\"},\"image\":{\"@id\":\"https:\\\/\\\/patagoniambiental.com.ar\\\/info\\\/#\\\/schema\\\/logo\\\/image\\\/\"},\"sameAs\":[\"https:\\\/\\\/www.facebook.com\\\/patagonia.ambiental\",\"https:\\\/\\\/x.com\\\/PatAmb\"]},{\"@type\":\"Person\",\"@id\":\"https:\\\/\\\/patagoniambiental.com.ar\\\/info\\\/#\\\/schema\\\/person\\\/db12bff64bbcbf6a253710bf0ea37b5d\",\"name\":\"Patagonia Ambiental\",\"description\":\"Andr\u00e9s Nievas T\u00e9cnico en manejo ambiental, consultor Ambiental y escritor para medios locales e internacionales sobre temas de geopolitica y medio ambiente.\",\"sameAs\":[\"http:\\\/\\\/www.patagoniambiental.com.ar\",\"https:\\\/\\\/www.facebook.com\\\/share\\\/1C1V8Gv9BX\\\/?mibextid=qi2Omg\",\"@patagoniambiental\",\"https:\\\/\\\/youtube.com\\\/@patagoniaambiental2023?si=BLt58t0wuXquxlYZ\"]}]}<\/script>\n<!-- \/ Yoast SEO Premium plugin. -->","yoast_head_json":{"title":"Municipio mostrar\u00e1 resultados de la Chacra Comunal en la Expo Semilla 2023","robots":{"index":"index","follow":"follow","max-snippet":"max-snippet:-1","max-image-preview":"max-image-preview:large","max-video-preview":"max-video-preview:-1"},"canonical":"https:\/\/patagoniambiental.com.ar\/info\/municipio-mostrara-resultados-de-la-chacra-comunal-en-la-expo-semilla-2023\/","og_locale":"es_ES","og_type":"article","og_title":"Municipio mostrar\u00e1 resultados de la Chacra Comunal en la Expo Semilla 2023","og_url":"https:\/\/patagoniambiental.com.ar\/info\/municipio-mostrara-resultados-de-la-chacra-comunal-en-la-expo-semilla-2023\/","og_site_name":"Patagonia Ambiental","article_publisher":"https:\/\/www.facebook.com\/patagonia.ambiental","article_author":"https:\/\/www.facebook.com\/share\/1C1V8Gv9BX\/?mibextid=qi2Omg","article_published_time":"2023-04-14T12:24:39+00:00","article_modified_time":"2024-08-19T00:30:32+00:00","og_image":[{"width":800,"height":457,"url":"https:\/\/patagoniambiental.com.ar\/info\/wp-content\/uploads\/2023\/04\/file_167118_main1.jpeg","type":"image\/jpeg"}],"author":"Patagonia Ambiental","twitter_card":"summary_large_image","twitter_creator":"@PatAmb","twitter_site":"@PatAmb","schema":{"@context":"https:\/\/schema.org","@graph":[{"@type":"Article","@id":"https:\/\/patagoniambiental.com.ar\/info\/municipio-mostrara-resultados-de-la-chacra-comunal-en-la-expo-semilla-2023\/#article","isPartOf":{"@id":"https:\/\/patagoniambiental.com.ar\/info\/municipio-mostrara-resultados-de-la-chacra-comunal-en-la-expo-semilla-2023\/"},"author":{"name":"Patagonia Ambiental","@id":"https:\/\/patagoniambiental.com.ar\/info\/#\/schema\/person\/db12bff64bbcbf6a253710bf0ea37b5d"},"headline":"Municipio mostrar\u00e1 resultados de la Chacra Comunal en la Expo Semilla 2023","datePublished":"2023-04-14T12:24:39+00:00","dateModified":"2024-08-19T00:30:32+00:00","mainEntityOfPage":{"@id":"https:\/\/patagoniambiental.com.ar\/info\/municipio-mostrara-resultados-de-la-chacra-comunal-en-la-expo-semilla-2023\/"},"wordCount":703,"commentCount":0,"publisher":{"@id":"https:\/\/patagoniambiental.com.ar\/info\/#organization"},"image":{"@id":"https:\/\/patagoniambiental.com.ar\/info\/municipio-mostrara-resultados-de-la-chacra-comunal-en-la-expo-semilla-2023\/#primaryimage"},"thumbnailUrl":"https:\/\/patagoniambiental.com.ar\/info\/wp-content\/uploads\/2023\/04\/file_167118_main1.jpeg","articleSection":["Noticias"],"inLanguage":"es","potentialAction":[{"@type":"CommentAction","name":"Comment","target":["https:\/\/patagoniambiental.com.ar\/info\/municipio-mostrara-resultados-de-la-chacra-comunal-en-la-expo-semilla-2023\/#respond"]}]},{"@type":"WebPage","@id":"https:\/\/patagoniambiental.com.ar\/info\/municipio-mostrara-resultados-de-la-chacra-comunal-en-la-expo-semilla-2023\/","url":"https:\/\/patagoniambiental.com.ar\/info\/municipio-mostrara-resultados-de-la-chacra-comunal-en-la-expo-semilla-2023\/","name":"Municipio mostrar\u00e1 resultados de la Chacra Comunal en la Expo Semilla 2023","isPartOf":{"@id":"https:\/\/patagoniambiental.com.ar\/info\/#website"},"primaryImageOfPage":{"@id":"https:\/\/patagoniambiental.com.ar\/info\/municipio-mostrara-resultados-de-la-chacra-comunal-en-la-expo-semilla-2023\/#primaryimage"},"image":{"@id":"https:\/\/patagoniambiental.com.ar\/info\/municipio-mostrara-resultados-de-la-chacra-comunal-en-la-expo-semilla-2023\/#primaryimage"},"thumbnailUrl":"https:\/\/patagoniambiental.com.ar\/info\/wp-content\/uploads\/2023\/04\/file_167118_main1.jpeg","datePublished":"2023-04-14T12:24:39+00:00","dateModified":"2024-08-19T00:30:32+00:00","breadcrumb":{"@id":"https:\/\/patagoniambiental.com.ar\/info\/municipio-mostrara-resultados-de-la-chacra-comunal-en-la-expo-semilla-2023\/#breadcrumb"},"inLanguage":"es","potentialAction":[{"@type":"ReadAction","target":["https:\/\/patagoniambiental.com.ar\/info\/municipio-mostrara-resultados-de-la-chacra-comunal-en-la-expo-semilla-2023\/"]}]},{"@type":"ImageObject","inLanguage":"es","@id":"https:\/\/patagoniambiental.com.ar\/info\/municipio-mostrara-resultados-de-la-chacra-comunal-en-la-expo-semilla-2023\/#primaryimage","url":"https:\/\/patagoniambiental.com.ar\/info\/wp-content\/uploads\/2023\/04\/file_167118_main1.jpeg","contentUrl":"https:\/\/patagoniambiental.com.ar\/info\/wp-content\/uploads\/2023\/04\/file_167118_main1.jpeg","width":800,"height":457},{"@type":"BreadcrumbList","@id":"https:\/\/patagoniambiental.com.ar\/info\/municipio-mostrara-resultados-de-la-chacra-comunal-en-la-expo-semilla-2023\/#breadcrumb","itemListElement":[{"@type":"ListItem","position":1,"name":"Inicio","item":"https:\/\/patagoniambiental.com.ar\/info\/"},{"@type":"ListItem","position":2,"name":"Municipio mostrar\u00e1 resultados de la Chacra Comunal en la Expo Semilla 2023"}]},{"@type":"WebSite","@id":"https:\/\/patagoniambiental.com.ar\/info\/#website","url":"https:\/\/patagoniambiental.com.ar\/info\/","name":"Patagonia Ambiental","description":"Monitoreo y an\u00e1lisis de la situaci\u00f3n geopol\u00edtica en el mundo y su implicancia en la Patagonia","publisher":{"@id":"https:\/\/patagoniambiental.com.ar\/info\/#organization"},"potentialAction":[{"@type":"SearchAction","target":{"@type":"EntryPoint","urlTemplate":"https:\/\/patagoniambiental.com.ar\/info\/?s={search_term_string}"},"query-input":{"@type":"PropertyValueSpecification","valueRequired":true,"valueName":"search_term_string"}}],"inLanguage":"es"},{"@type":"Organization","@id":"https:\/\/patagoniambiental.com.ar\/info\/#organization","name":"Patagonia Ambiental","url":"https:\/\/patagoniambiental.com.ar\/info\/","logo":{"@type":"ImageObject","inLanguage":"es","@id":"https:\/\/patagoniambiental.com.ar\/info\/#\/schema\/logo\/image\/","url":"https:\/\/patagoniambiental.com.ar\/info\/wp-content\/uploads\/2025\/05\/LOGO-PATAGONIA-AMBIENTAL.png","contentUrl":"https:\/\/patagoniambiental.com.ar\/info\/wp-content\/uploads\/2025\/05\/LOGO-PATAGONIA-AMBIENTAL.png","width":433,"height":250,"caption":"Patagonia Ambiental"},"image":{"@id":"https:\/\/patagoniambiental.com.ar\/info\/#\/schema\/logo\/image\/"},"sameAs":["https:\/\/www.facebook.com\/patagonia.ambiental","https:\/\/x.com\/PatAmb"]},{"@type":"Person","@id":"https:\/\/patagoniambiental.com.ar\/info\/#\/schema\/person\/db12bff64bbcbf6a253710bf0ea37b5d","name":"Patagonia Ambiental","description":"Andr\u00e9s Nievas T\u00e9cnico en manejo ambiental, consultor Ambiental y escritor para medios locales e internacionales sobre temas de geopolitica y medio ambiente.","sameAs":["http:\/\/www.patagoniambiental.com.ar","https:\/\/www.facebook.com\/share\/1C1V8Gv9BX\/?mibextid=qi2Omg","@patagoniambiental","https:\/\/youtube.com\/@patagoniaambiental2023?si=BLt58t0wuXquxlYZ"]}]}},"_links":{"self":[{"href":"https:\/\/patagoniambiental.com.ar\/info\/wp-json\/wp\/v2\/posts\/77475","targetHints":{"allow":["GET"]}}],"collection":[{"href":"https:\/\/patagoniambiental.com.ar\/info\/wp-json\/wp\/v2\/posts"}],"about":[{"href":"https:\/\/patagoniambiental.com.ar\/info\/wp-json\/wp\/v2\/types\/post"}],"author":[{"embeddable":true,"href":"https:\/\/patagoniambiental.com.ar\/info\/wp-json\/wp\/v2\/users\/2"}],"replies":[{"embeddable":true,"href":"https:\/\/patagoniambiental.com.ar\/info\/wp-json\/wp\/v2\/comments?post=77475"}],"version-history":[{"count":0,"href":"https:\/\/patagoniambiental.com.ar\/info\/wp-json\/wp\/v2\/posts\/77475\/revisions"}],"wp:featuredmedia":[{"embeddable":true,"href":"https:\/\/patagoniambiental.com.ar\/info\/wp-json\/wp\/v2\/media\/77484"}],"wp:attachment":[{"href":"https:\/\/patagoniambiental.com.ar\/info\/wp-json\/wp\/v2\/media?parent=77475"}],"wp:term":[{"taxonomy":"category","embeddable":true,"href":"https:\/\/patagoniambiental.com.ar\/info\/wp-json\/wp\/v2\/categories?post=77475"},{"taxonomy":"post_tag","embeddable":true,"href":"https:\/\/patagoniambiental.com.ar\/info\/wp-json\/wp\/v2\/tags?post=77475"}],"curies":[{"name":"wp","href":"https:\/\/api.w.org\/{rel}","templated":true}]}}