{"id":77643,"date":"2023-04-20T19:00:00","date_gmt":"2023-04-20T22:00:00","guid":{"rendered":"http:\/\/patagoniambiental.com.ar\/info\/?p=77643"},"modified":"2024-08-17T11:49:49","modified_gmt":"2024-08-17T14:49:49","slug":"la-campana-tuvo-un-saldo-de-256-mil-colillas-retiradas-del-ambiente-celebro-cozzarin","status":"publish","type":"post","link":"https:\/\/patagoniambiental.com.ar\/info\/la-campana-tuvo-un-saldo-de-256-mil-colillas-retiradas-del-ambiente-celebro-cozzarin\/","title":{"rendered":"\u201cLa campa\u00f1a tuvo un saldo de 256 mil colillas retiradas del ambiente\u201d, celebr\u00f3 Cozzar\u00edn"},"content":{"rendered":"\n<!--more-->\n\n\n\n<h4 class=\"wp-block-heading\" id=\"h-ushuaia-la-integrante-de-a-limpiar-ushuaia-maria-marta-cozzarin-hizo-un-balance-de-la-campana-marzo-sin-colillas-y-destaco-que-la-gente-esta-comprometida-con-la-causa-de-sacar-las-colillas-del-ambiente\">Ushuaia.-La integrante de A Limpiar Ushuaia, Mar\u00eda Marta Cozzar\u00edn, hizo un balance de la campa\u00f1a Marzo Sin Colillas y destac\u00f3 que \u201cla gente est\u00e1 comprometida con la causa de sacar las colillas del ambiente\u201d.<\/h4>\n\n\n\n<figure class=\"wp-block-image\"><img decoding=\"async\" src=\"https:\/\/sur54-s2.cdn.net.ar\/st2i1700\/2023\/04\/sur54\/images\/45\/90\/459070_baf6e27ae5db6f91fdf565f5ca2a9ba3e73e1bd2feb22b75c0ec0cacfd0b9d25\/md.webp\" alt=\"\u201cLa campa\u00f1a tuvo un saldo de 256 mil colillas retiradas del ambiente\u201d, celebr\u00f3 Cozzar\u00edn\" title=\"\u201cLa campa\u00f1a tuvo un saldo de 256 mil colillas retiradas del ambiente\u201d, celebr\u00f3 Cozzar\u00edn\"\/><\/figure>\n\n\n\n<p>Por Radio Nacional Ushuaia, Cozzar\u00edn detall\u00f3 que&nbsp;hubo \u201ctres grandes recolecciones de colillas. Juntamos 22.500 con la Cruz Roja, 10.800 con los scouts y 6 mil en el Hospital Regional Ushuaia.&nbsp;Tambi\u00e9n colocamos colilleros en la UNTDF o en otros lugares que se distinguieron como relevantes para la colocaci\u00f3n\u201d.<\/p>\n\n\n\n<p>Adem\u00e1s, remarc\u00f3 que \u201cparticiparon 375 personas con 38 emprendedores.&nbsp;Dentro de la campa\u00f1a tenemos diferentes actividades: limpieza, colocaci\u00f3n de colilleros, recolecci\u00f3n de la gente por su propia voluntad. Los emprendedores ponen a disposici\u00f3n alg\u00fan servicio o insumo para acceder al canje\u201d.<\/p>\n\n\n\n<p>Cozzar\u00edn record\u00f3 que \u201chay una ordenanza que dice que las instituciones p\u00fablicas y privadas deben tener colilleros.&nbsp;Hay que asegurar espacios para que las y los fumadores depositen las colillas\u201d.<\/p>\n\n\n\n<p>Y aclar\u00f3 que \u201csi&nbsp;bien la campa\u00f1a es en marzo, hay que saber que la Secretar\u00eda de Medio Ambiente tiene un contenedor habilitado todo el a\u00f1o.&nbsp;Por lo que las personas pueden llevar colillas todo el a\u00f1o\u201d.<\/p>\n\n\n\n<p>Respecto a la concientizaci\u00f3n que llevan adelante en relaci\u00f3n a este residuo, explic\u00f3 que \u201ccada colilla produce una contaminaci\u00f3n muy grande. Somos una ciudad costera, por lo que esto es muy importante.&nbsp;Tambi\u00e9n hay que comprender que el Estado gasta muchos recursos para mantener limpios los espacios por las colillas\u201d.<\/p>\n\n\n\n<p>Consultada por las pr\u00f3ximas actividades, Cozzar\u00edn&nbsp;expuso que desde A Limpiar Ushuaia adhieren \u201ca campa\u00f1as internacionales, como Julio Sin Pl\u00e1sticos o el D\u00eda Mundial de la Limpieza.&nbsp;Estamos cerrando los n\u00fameros de Marzo Sin Colilla. Otros a\u00f1os tambi\u00e9n hemos hecho encuestas\u201d.<\/p>\n\n\n\n<p>Por \u00faltimo, invit\u00f3 a la poblaci\u00f3n a que, en caso de seguir juntando colillas o realizando campa\u00f1as de limpieza, \u201ccontin\u00faen d\u00e1ndole difusi\u00f3n a la tem\u00e1tica y que sigan arrobando a Ushuaia Green o A Limpiar Ushuaia en sus redes, para poder compartirlo\u201d.&nbsp;<\/p>\n\n\n\n<p>Fuente: www.sur54.com<\/p>\n","protected":false},"excerpt":{"rendered":"","protected":false},"author":2,"featured_media":77644,"comment_status":"open","ping_status":"open","sticky":false,"template":"","format":"standard","meta":{"site-sidebar-layout":"default","site-content-layout":"","ast-site-content-layout":"default","site-content-style":"default","site-sidebar-style":"default","ast-global-header-display":"","ast-banner-title-visibility":"","ast-main-header-display":"","ast-hfb-above-header-display":"","ast-hfb-below-header-display":"","ast-hfb-mobile-header-display":"","site-post-title":"","ast-breadcrumbs-content":"","ast-featured-img":"","footer-sml-layout":"","ast-disable-related-posts":"","theme-transparent-header-meta":"","adv-header-id-meta":"","stick-header-meta":"","header-above-stick-meta":"","header-main-stick-meta":"","header-below-stick-meta":"","astra-migrate-meta-layouts":"default","ast-page-background-enabled":"default","ast-page-background-meta":{"desktop":{"background-color":"var(--ast-global-color-5)","background-image":"","background-repeat":"repeat","background-position":"center center","background-size":"auto","background-attachment":"scroll","background-type":"","background-media":"","overlay-type":"","overlay-color":"","overlay-opacity":"","overlay-gradient":""},"tablet":{"background-color":"","background-image":"","background-repeat":"repeat","background-position":"center center","background-size":"auto","background-attachment":"scroll","background-type":"","background-media":"","overlay-type":"","overlay-color":"","overlay-opacity":"","overlay-gradient":""},"mobile":{"background-color":"","background-image":"","background-repeat":"repeat","background-position":"center center","background-size":"auto","background-attachment":"scroll","background-type":"","background-media":"","overlay-type":"","overlay-color":"","overlay-opacity":"","overlay-gradient":""}},"ast-content-background-meta":{"desktop":{"background-color":"var(--ast-global-color-4)","background-image":"","background-repeat":"repeat","background-position":"center center","background-size":"auto","background-attachment":"scroll","background-type":"","background-media":"","overlay-type":"","overlay-color":"","overlay-opacity":"","overlay-gradient":""},"tablet":{"background-color":"var(--ast-global-color-4)","background-image":"","background-repeat":"repeat","background-position":"center center","background-size":"auto","background-attachment":"scroll","background-type":"","background-media":"","overlay-type":"","overlay-color":"","overlay-opacity":"","overlay-gradient":""},"mobile":{"background-color":"var(--ast-global-color-4)","background-image":"","background-repeat":"repeat","background-position":"center center","background-size":"auto","background-attachment":"scroll","background-type":"","background-media":"","overlay-type":"","overlay-color":"","overlay-opacity":"","overlay-gradient":""}},"footnotes":""},"categories":[12,11,3357,1,10],"tags":[],"class_list":["post-77643","post","type-post","status-publish","format-standard","has-post-thumbnail","hentry","category-agenda-ambiental","category-boletin","category-girsu","category-noticias","category-rotador"],"yoast_head":"<!-- This site is optimized with the Yoast SEO Premium plugin v23.0 (Yoast SEO v27.5) - https:\/\/yoast.com\/product\/yoast-seo-premium-wordpress\/ -->\n<title>\u201cLa campa\u00f1a tuvo un saldo de 256 mil colillas retiradas del ambiente\u201d, celebr\u00f3 Cozzar\u00edn<\/title>\n<meta name=\"robots\" content=\"index, follow, max-snippet:-1, max-image-preview:large, max-video-preview:-1\" \/>\n<link rel=\"canonical\" href=\"https:\/\/patagoniambiental.com.ar\/info\/la-campana-tuvo-un-saldo-de-256-mil-colillas-retiradas-del-ambiente-celebro-cozzarin\/\" \/>\n<meta property=\"og:locale\" content=\"es_ES\" \/>\n<meta property=\"og:type\" content=\"article\" \/>\n<meta property=\"og:title\" content=\"\u201cLa campa\u00f1a tuvo un saldo de 256 mil colillas retiradas del ambiente\u201d, celebr\u00f3 Cozzar\u00edn\" \/>\n<meta property=\"og:url\" content=\"https:\/\/patagoniambiental.com.ar\/info\/la-campana-tuvo-un-saldo-de-256-mil-colillas-retiradas-del-ambiente-celebro-cozzarin\/\" \/>\n<meta property=\"og:site_name\" content=\"Patagonia Ambiental\" \/>\n<meta property=\"article:publisher\" content=\"https:\/\/www.facebook.com\/patagonia.ambiental\" \/>\n<meta property=\"article:author\" content=\"https:\/\/www.facebook.com\/share\/1C1V8Gv9BX\/?mibextid=qi2Omg\" \/>\n<meta property=\"article:published_time\" content=\"2023-04-20T22:00:00+00:00\" \/>\n<meta property=\"article:modified_time\" content=\"2024-08-17T14:49:49+00:00\" \/>\n<meta property=\"og:image\" content=\"https:\/\/patagoniambiental.com.ar\/info\/wp-content\/uploads\/2023\/04\/Sin-titulo-14.png\" \/>\n\t<meta property=\"og:image:width\" content=\"867\" \/>\n\t<meta property=\"og:image:height\" content=\"470\" \/>\n\t<meta property=\"og:image:type\" content=\"image\/png\" \/>\n<meta name=\"author\" content=\"Patagonia Ambiental\" \/>\n<meta name=\"twitter:card\" content=\"summary_large_image\" \/>\n<meta name=\"twitter:creator\" content=\"@PatAmb\" \/>\n<meta name=\"twitter:site\" content=\"@PatAmb\" \/>\n<script type=\"application\/ld+json\" class=\"yoast-schema-graph\">{\"@context\":\"https:\\\/\\\/schema.org\",\"@graph\":[{\"@type\":\"Article\",\"@id\":\"https:\\\/\\\/patagoniambiental.com.ar\\\/info\\\/la-campana-tuvo-un-saldo-de-256-mil-colillas-retiradas-del-ambiente-celebro-cozzarin\\\/#article\",\"isPartOf\":{\"@id\":\"https:\\\/\\\/patagoniambiental.com.ar\\\/info\\\/la-campana-tuvo-un-saldo-de-256-mil-colillas-retiradas-del-ambiente-celebro-cozzarin\\\/\"},\"author\":{\"name\":\"Patagonia Ambiental\",\"@id\":\"https:\\\/\\\/patagoniambiental.com.ar\\\/info\\\/#\\\/schema\\\/person\\\/db12bff64bbcbf6a253710bf0ea37b5d\"},\"headline\":\"\u201cLa campa\u00f1a tuvo un saldo de 256 mil colillas retiradas del ambiente\u201d, celebr\u00f3 Cozzar\u00edn\",\"datePublished\":\"2023-04-20T22:00:00+00:00\",\"dateModified\":\"2024-08-17T14:49:49+00:00\",\"mainEntityOfPage\":{\"@id\":\"https:\\\/\\\/patagoniambiental.com.ar\\\/info\\\/la-campana-tuvo-un-saldo-de-256-mil-colillas-retiradas-del-ambiente-celebro-cozzarin\\\/\"},\"wordCount\":385,\"commentCount\":0,\"publisher\":{\"@id\":\"https:\\\/\\\/patagoniambiental.com.ar\\\/info\\\/#organization\"},\"image\":{\"@id\":\"https:\\\/\\\/patagoniambiental.com.ar\\\/info\\\/la-campana-tuvo-un-saldo-de-256-mil-colillas-retiradas-del-ambiente-celebro-cozzarin\\\/#primaryimage\"},\"thumbnailUrl\":\"https:\\\/\\\/patagoniambiental.com.ar\\\/info\\\/wp-content\\\/uploads\\\/2023\\\/04\\\/Sin-titulo-14.png\",\"articleSection\":[\"Agenda Ambiental\",\"Bolet\u00edn\",\"GIRSU\",\"Noticias\",\"Rotador\"],\"inLanguage\":\"es\",\"potentialAction\":[{\"@type\":\"CommentAction\",\"name\":\"Comment\",\"target\":[\"https:\\\/\\\/patagoniambiental.com.ar\\\/info\\\/la-campana-tuvo-un-saldo-de-256-mil-colillas-retiradas-del-ambiente-celebro-cozzarin\\\/#respond\"]}]},{\"@type\":\"WebPage\",\"@id\":\"https:\\\/\\\/patagoniambiental.com.ar\\\/info\\\/la-campana-tuvo-un-saldo-de-256-mil-colillas-retiradas-del-ambiente-celebro-cozzarin\\\/\",\"url\":\"https:\\\/\\\/patagoniambiental.com.ar\\\/info\\\/la-campana-tuvo-un-saldo-de-256-mil-colillas-retiradas-del-ambiente-celebro-cozzarin\\\/\",\"name\":\"\u201cLa campa\u00f1a tuvo un saldo de 256 mil colillas retiradas del ambiente\u201d, celebr\u00f3 Cozzar\u00edn\",\"isPartOf\":{\"@id\":\"https:\\\/\\\/patagoniambiental.com.ar\\\/info\\\/#website\"},\"primaryImageOfPage\":{\"@id\":\"https:\\\/\\\/patagoniambiental.com.ar\\\/info\\\/la-campana-tuvo-un-saldo-de-256-mil-colillas-retiradas-del-ambiente-celebro-cozzarin\\\/#primaryimage\"},\"image\":{\"@id\":\"https:\\\/\\\/patagoniambiental.com.ar\\\/info\\\/la-campana-tuvo-un-saldo-de-256-mil-colillas-retiradas-del-ambiente-celebro-cozzarin\\\/#primaryimage\"},\"thumbnailUrl\":\"https:\\\/\\\/patagoniambiental.com.ar\\\/info\\\/wp-content\\\/uploads\\\/2023\\\/04\\\/Sin-titulo-14.png\",\"datePublished\":\"2023-04-20T22:00:00+00:00\",\"dateModified\":\"2024-08-17T14:49:49+00:00\",\"breadcrumb\":{\"@id\":\"https:\\\/\\\/patagoniambiental.com.ar\\\/info\\\/la-campana-tuvo-un-saldo-de-256-mil-colillas-retiradas-del-ambiente-celebro-cozzarin\\\/#breadcrumb\"},\"inLanguage\":\"es\",\"potentialAction\":[{\"@type\":\"ReadAction\",\"target\":[\"https:\\\/\\\/patagoniambiental.com.ar\\\/info\\\/la-campana-tuvo-un-saldo-de-256-mil-colillas-retiradas-del-ambiente-celebro-cozzarin\\\/\"]}]},{\"@type\":\"ImageObject\",\"inLanguage\":\"es\",\"@id\":\"https:\\\/\\\/patagoniambiental.com.ar\\\/info\\\/la-campana-tuvo-un-saldo-de-256-mil-colillas-retiradas-del-ambiente-celebro-cozzarin\\\/#primaryimage\",\"url\":\"https:\\\/\\\/patagoniambiental.com.ar\\\/info\\\/wp-content\\\/uploads\\\/2023\\\/04\\\/Sin-titulo-14.png\",\"contentUrl\":\"https:\\\/\\\/patagoniambiental.com.ar\\\/info\\\/wp-content\\\/uploads\\\/2023\\\/04\\\/Sin-titulo-14.png\",\"width\":867,\"height\":470},{\"@type\":\"BreadcrumbList\",\"@id\":\"https:\\\/\\\/patagoniambiental.com.ar\\\/info\\\/la-campana-tuvo-un-saldo-de-256-mil-colillas-retiradas-del-ambiente-celebro-cozzarin\\\/#breadcrumb\",\"itemListElement\":[{\"@type\":\"ListItem\",\"position\":1,\"name\":\"Inicio\",\"item\":\"https:\\\/\\\/patagoniambiental.com.ar\\\/info\\\/\"},{\"@type\":\"ListItem\",\"position\":2,\"name\":\"\u201cLa campa\u00f1a tuvo un saldo de 256 mil colillas retiradas del ambiente\u201d, celebr\u00f3 Cozzar\u00edn\"}]},{\"@type\":\"WebSite\",\"@id\":\"https:\\\/\\\/patagoniambiental.com.ar\\\/info\\\/#website\",\"url\":\"https:\\\/\\\/patagoniambiental.com.ar\\\/info\\\/\",\"name\":\"Patagonia Ambiental\",\"description\":\"Monitoreo y an\u00e1lisis de la situaci\u00f3n geopol\u00edtica en el mundo y su implicancia en la Patagonia\",\"publisher\":{\"@id\":\"https:\\\/\\\/patagoniambiental.com.ar\\\/info\\\/#organization\"},\"potentialAction\":[{\"@type\":\"SearchAction\",\"target\":{\"@type\":\"EntryPoint\",\"urlTemplate\":\"https:\\\/\\\/patagoniambiental.com.ar\\\/info\\\/?s={search_term_string}\"},\"query-input\":{\"@type\":\"PropertyValueSpecification\",\"valueRequired\":true,\"valueName\":\"search_term_string\"}}],\"inLanguage\":\"es\"},{\"@type\":\"Organization\",\"@id\":\"https:\\\/\\\/patagoniambiental.com.ar\\\/info\\\/#organization\",\"name\":\"Patagonia Ambiental\",\"url\":\"https:\\\/\\\/patagoniambiental.com.ar\\\/info\\\/\",\"logo\":{\"@type\":\"ImageObject\",\"inLanguage\":\"es\",\"@id\":\"https:\\\/\\\/patagoniambiental.com.ar\\\/info\\\/#\\\/schema\\\/logo\\\/image\\\/\",\"url\":\"https:\\\/\\\/patagoniambiental.com.ar\\\/info\\\/wp-content\\\/uploads\\\/2025\\\/05\\\/LOGO-PATAGONIA-AMBIENTAL.png\",\"contentUrl\":\"https:\\\/\\\/patagoniambiental.com.ar\\\/info\\\/wp-content\\\/uploads\\\/2025\\\/05\\\/LOGO-PATAGONIA-AMBIENTAL.png\",\"width\":433,\"height\":250,\"caption\":\"Patagonia Ambiental\"},\"image\":{\"@id\":\"https:\\\/\\\/patagoniambiental.com.ar\\\/info\\\/#\\\/schema\\\/logo\\\/image\\\/\"},\"sameAs\":[\"https:\\\/\\\/www.facebook.com\\\/patagonia.ambiental\",\"https:\\\/\\\/x.com\\\/PatAmb\"]},{\"@type\":\"Person\",\"@id\":\"https:\\\/\\\/patagoniambiental.com.ar\\\/info\\\/#\\\/schema\\\/person\\\/db12bff64bbcbf6a253710bf0ea37b5d\",\"name\":\"Patagonia Ambiental\",\"description\":\"Andr\u00e9s Nievas T\u00e9cnico en manejo ambiental, consultor Ambiental y escritor para medios locales e internacionales sobre temas de geopolitica y medio ambiente.\",\"sameAs\":[\"http:\\\/\\\/www.patagoniambiental.com.ar\",\"https:\\\/\\\/www.facebook.com\\\/share\\\/1C1V8Gv9BX\\\/?mibextid=qi2Omg\",\"@patagoniambiental\",\"https:\\\/\\\/youtube.com\\\/@patagoniaambiental2023?si=BLt58t0wuXquxlYZ\"]}]}<\/script>\n<!-- \/ Yoast SEO Premium plugin. -->","yoast_head_json":{"title":"\u201cLa campa\u00f1a tuvo un saldo de 256 mil colillas retiradas del ambiente\u201d, celebr\u00f3 Cozzar\u00edn","robots":{"index":"index","follow":"follow","max-snippet":"max-snippet:-1","max-image-preview":"max-image-preview:large","max-video-preview":"max-video-preview:-1"},"canonical":"https:\/\/patagoniambiental.com.ar\/info\/la-campana-tuvo-un-saldo-de-256-mil-colillas-retiradas-del-ambiente-celebro-cozzarin\/","og_locale":"es_ES","og_type":"article","og_title":"\u201cLa campa\u00f1a tuvo un saldo de 256 mil colillas retiradas del ambiente\u201d, celebr\u00f3 Cozzar\u00edn","og_url":"https:\/\/patagoniambiental.com.ar\/info\/la-campana-tuvo-un-saldo-de-256-mil-colillas-retiradas-del-ambiente-celebro-cozzarin\/","og_site_name":"Patagonia Ambiental","article_publisher":"https:\/\/www.facebook.com\/patagonia.ambiental","article_author":"https:\/\/www.facebook.com\/share\/1C1V8Gv9BX\/?mibextid=qi2Omg","article_published_time":"2023-04-20T22:00:00+00:00","article_modified_time":"2024-08-17T14:49:49+00:00","og_image":[{"width":867,"height":470,"url":"https:\/\/patagoniambiental.com.ar\/info\/wp-content\/uploads\/2023\/04\/Sin-titulo-14.png","type":"image\/png"}],"author":"Patagonia Ambiental","twitter_card":"summary_large_image","twitter_creator":"@PatAmb","twitter_site":"@PatAmb","schema":{"@context":"https:\/\/schema.org","@graph":[{"@type":"Article","@id":"https:\/\/patagoniambiental.com.ar\/info\/la-campana-tuvo-un-saldo-de-256-mil-colillas-retiradas-del-ambiente-celebro-cozzarin\/#article","isPartOf":{"@id":"https:\/\/patagoniambiental.com.ar\/info\/la-campana-tuvo-un-saldo-de-256-mil-colillas-retiradas-del-ambiente-celebro-cozzarin\/"},"author":{"name":"Patagonia Ambiental","@id":"https:\/\/patagoniambiental.com.ar\/info\/#\/schema\/person\/db12bff64bbcbf6a253710bf0ea37b5d"},"headline":"\u201cLa campa\u00f1a tuvo un saldo de 256 mil colillas retiradas del ambiente\u201d, celebr\u00f3 Cozzar\u00edn","datePublished":"2023-04-20T22:00:00+00:00","dateModified":"2024-08-17T14:49:49+00:00","mainEntityOfPage":{"@id":"https:\/\/patagoniambiental.com.ar\/info\/la-campana-tuvo-un-saldo-de-256-mil-colillas-retiradas-del-ambiente-celebro-cozzarin\/"},"wordCount":385,"commentCount":0,"publisher":{"@id":"https:\/\/patagoniambiental.com.ar\/info\/#organization"},"image":{"@id":"https:\/\/patagoniambiental.com.ar\/info\/la-campana-tuvo-un-saldo-de-256-mil-colillas-retiradas-del-ambiente-celebro-cozzarin\/#primaryimage"},"thumbnailUrl":"https:\/\/patagoniambiental.com.ar\/info\/wp-content\/uploads\/2023\/04\/Sin-titulo-14.png","articleSection":["Agenda Ambiental","Bolet\u00edn","GIRSU","Noticias","Rotador"],"inLanguage":"es","potentialAction":[{"@type":"CommentAction","name":"Comment","target":["https:\/\/patagoniambiental.com.ar\/info\/la-campana-tuvo-un-saldo-de-256-mil-colillas-retiradas-del-ambiente-celebro-cozzarin\/#respond"]}]},{"@type":"WebPage","@id":"https:\/\/patagoniambiental.com.ar\/info\/la-campana-tuvo-un-saldo-de-256-mil-colillas-retiradas-del-ambiente-celebro-cozzarin\/","url":"https:\/\/patagoniambiental.com.ar\/info\/la-campana-tuvo-un-saldo-de-256-mil-colillas-retiradas-del-ambiente-celebro-cozzarin\/","name":"\u201cLa campa\u00f1a tuvo un saldo de 256 mil colillas retiradas del ambiente\u201d, celebr\u00f3 Cozzar\u00edn","isPartOf":{"@id":"https:\/\/patagoniambiental.com.ar\/info\/#website"},"primaryImageOfPage":{"@id":"https:\/\/patagoniambiental.com.ar\/info\/la-campana-tuvo-un-saldo-de-256-mil-colillas-retiradas-del-ambiente-celebro-cozzarin\/#primaryimage"},"image":{"@id":"https:\/\/patagoniambiental.com.ar\/info\/la-campana-tuvo-un-saldo-de-256-mil-colillas-retiradas-del-ambiente-celebro-cozzarin\/#primaryimage"},"thumbnailUrl":"https:\/\/patagoniambiental.com.ar\/info\/wp-content\/uploads\/2023\/04\/Sin-titulo-14.png","datePublished":"2023-04-20T22:00:00+00:00","dateModified":"2024-08-17T14:49:49+00:00","breadcrumb":{"@id":"https:\/\/patagoniambiental.com.ar\/info\/la-campana-tuvo-un-saldo-de-256-mil-colillas-retiradas-del-ambiente-celebro-cozzarin\/#breadcrumb"},"inLanguage":"es","potentialAction":[{"@type":"ReadAction","target":["https:\/\/patagoniambiental.com.ar\/info\/la-campana-tuvo-un-saldo-de-256-mil-colillas-retiradas-del-ambiente-celebro-cozzarin\/"]}]},{"@type":"ImageObject","inLanguage":"es","@id":"https:\/\/patagoniambiental.com.ar\/info\/la-campana-tuvo-un-saldo-de-256-mil-colillas-retiradas-del-ambiente-celebro-cozzarin\/#primaryimage","url":"https:\/\/patagoniambiental.com.ar\/info\/wp-content\/uploads\/2023\/04\/Sin-titulo-14.png","contentUrl":"https:\/\/patagoniambiental.com.ar\/info\/wp-content\/uploads\/2023\/04\/Sin-titulo-14.png","width":867,"height":470},{"@type":"BreadcrumbList","@id":"https:\/\/patagoniambiental.com.ar\/info\/la-campana-tuvo-un-saldo-de-256-mil-colillas-retiradas-del-ambiente-celebro-cozzarin\/#breadcrumb","itemListElement":[{"@type":"ListItem","position":1,"name":"Inicio","item":"https:\/\/patagoniambiental.com.ar\/info\/"},{"@type":"ListItem","position":2,"name":"\u201cLa campa\u00f1a tuvo un saldo de 256 mil colillas retiradas del ambiente\u201d, celebr\u00f3 Cozzar\u00edn"}]},{"@type":"WebSite","@id":"https:\/\/patagoniambiental.com.ar\/info\/#website","url":"https:\/\/patagoniambiental.com.ar\/info\/","name":"Patagonia Ambiental","description":"Monitoreo y an\u00e1lisis de la situaci\u00f3n geopol\u00edtica en el mundo y su implicancia en la Patagonia","publisher":{"@id":"https:\/\/patagoniambiental.com.ar\/info\/#organization"},"potentialAction":[{"@type":"SearchAction","target":{"@type":"EntryPoint","urlTemplate":"https:\/\/patagoniambiental.com.ar\/info\/?s={search_term_string}"},"query-input":{"@type":"PropertyValueSpecification","valueRequired":true,"valueName":"search_term_string"}}],"inLanguage":"es"},{"@type":"Organization","@id":"https:\/\/patagoniambiental.com.ar\/info\/#organization","name":"Patagonia Ambiental","url":"https:\/\/patagoniambiental.com.ar\/info\/","logo":{"@type":"ImageObject","inLanguage":"es","@id":"https:\/\/patagoniambiental.com.ar\/info\/#\/schema\/logo\/image\/","url":"https:\/\/patagoniambiental.com.ar\/info\/wp-content\/uploads\/2025\/05\/LOGO-PATAGONIA-AMBIENTAL.png","contentUrl":"https:\/\/patagoniambiental.com.ar\/info\/wp-content\/uploads\/2025\/05\/LOGO-PATAGONIA-AMBIENTAL.png","width":433,"height":250,"caption":"Patagonia Ambiental"},"image":{"@id":"https:\/\/patagoniambiental.com.ar\/info\/#\/schema\/logo\/image\/"},"sameAs":["https:\/\/www.facebook.com\/patagonia.ambiental","https:\/\/x.com\/PatAmb"]},{"@type":"Person","@id":"https:\/\/patagoniambiental.com.ar\/info\/#\/schema\/person\/db12bff64bbcbf6a253710bf0ea37b5d","name":"Patagonia Ambiental","description":"Andr\u00e9s Nievas T\u00e9cnico en manejo ambiental, consultor Ambiental y escritor para medios locales e internacionales sobre temas de geopolitica y medio ambiente.","sameAs":["http:\/\/www.patagoniambiental.com.ar","https:\/\/www.facebook.com\/share\/1C1V8Gv9BX\/?mibextid=qi2Omg","@patagoniambiental","https:\/\/youtube.com\/@patagoniaambiental2023?si=BLt58t0wuXquxlYZ"]}]}},"_links":{"self":[{"href":"https:\/\/patagoniambiental.com.ar\/info\/wp-json\/wp\/v2\/posts\/77643","targetHints":{"allow":["GET"]}}],"collection":[{"href":"https:\/\/patagoniambiental.com.ar\/info\/wp-json\/wp\/v2\/posts"}],"about":[{"href":"https:\/\/patagoniambiental.com.ar\/info\/wp-json\/wp\/v2\/types\/post"}],"author":[{"embeddable":true,"href":"https:\/\/patagoniambiental.com.ar\/info\/wp-json\/wp\/v2\/users\/2"}],"replies":[{"embeddable":true,"href":"https:\/\/patagoniambiental.com.ar\/info\/wp-json\/wp\/v2\/comments?post=77643"}],"version-history":[{"count":0,"href":"https:\/\/patagoniambiental.com.ar\/info\/wp-json\/wp\/v2\/posts\/77643\/revisions"}],"wp:featuredmedia":[{"embeddable":true,"href":"https:\/\/patagoniambiental.com.ar\/info\/wp-json\/wp\/v2\/media\/77644"}],"wp:attachment":[{"href":"https:\/\/patagoniambiental.com.ar\/info\/wp-json\/wp\/v2\/media?parent=77643"}],"wp:term":[{"taxonomy":"category","embeddable":true,"href":"https:\/\/patagoniambiental.com.ar\/info\/wp-json\/wp\/v2\/categories?post=77643"},{"taxonomy":"post_tag","embeddable":true,"href":"https:\/\/patagoniambiental.com.ar\/info\/wp-json\/wp\/v2\/tags?post=77643"}],"curies":[{"name":"wp","href":"https:\/\/api.w.org\/{rel}","templated":true}]}}