{"id":77672,"date":"2023-04-21T19:00:00","date_gmt":"2023-04-21T22:00:00","guid":{"rendered":"http:\/\/patagoniambiental.com.ar\/info\/?p=77672"},"modified":"2024-08-17T11:42:26","modified_gmt":"2024-08-17T14:42:26","slug":"trasladaron-al-centro-de-recuperacion-de-especies-temaiken-el-condor-andino-rescatado-en-el-lago-traful","status":"publish","type":"post","link":"https:\/\/patagoniambiental.com.ar\/info\/trasladaron-al-centro-de-recuperacion-de-especies-temaiken-el-condor-andino-rescatado-en-el-lago-traful\/","title":{"rendered":"Trasladaron al Centro de Recuperaci\u00f3n de Especies Temaik\u00e9n el c\u00f3ndor andino rescatado en el Lago Traful"},"content":{"rendered":"\n<!--more-->\n\n\n\n<p>La Intendencia del Parque Nacional Nahuel Huapi inform\u00f3 que, el ejemplar de c\u00f3ndor andino que fuera rescatado el pasado 3 de abril, fue trasladado en Aerol\u00edneas Argentinas por JetPaq en el d\u00eda de ayer al CRET (Centro de Recuperaci\u00f3n de Especies Temaik\u00e9n), provincia de Buenos Aires, para continuar con el tratamiento de desintoxicaci\u00f3n por su alto contenido de plomo en sangre, seg\u00fan revelaron los an\u00e1lisis y el diagn\u00f3stico realizado por los especialistas.<\/p>\n\n\n\n<p>Al finalizar el tratamiento, que llevar\u00e1 varias semanas, regresar\u00e1 al parque nacional para ser liberado.<\/p>\n\n\n\n<p>Se recuerda que estas aves carro\u00f1eras se alimentan de animales silvestres muertos, que en muchas ocasiones poseen esquirlas o municiones que contaminan la carne, que al ingerirla ingresa al torrente sangu\u00edneo.<\/p>\n\n\n\n<p>En este operativo, que fue coordinado por la Direcci\u00f3n Regional Patagonia Norte y el \u00c1rea de Biolog\u00eda de la Conservaci\u00f3n del parque nacional, participaron los guardaparques de la Unidad Operativa Norte, la Fundaci\u00f3n Bioandina Argentina mediante su proyecto Plan Integral para la Conservaci\u00f3n del C\u00f3ndor Andino, SENASA, la Direcci\u00f3n de Biodiversidad, el Ecoparque de Buenos Aires, investigadores, veterinarios y vecinos de Villa Traful.<\/p>\n\n\n\n<p>Fuente: www.diarioandino.com.ar<\/p>\n","protected":false},"excerpt":{"rendered":"","protected":false},"author":2,"featured_media":77673,"comment_status":"open","ping_status":"open","sticky":false,"template":"","format":"standard","meta":{"site-sidebar-layout":"default","site-content-layout":"","ast-site-content-layout":"default","site-content-style":"default","site-sidebar-style":"default","ast-global-header-display":"","ast-banner-title-visibility":"","ast-main-header-display":"","ast-hfb-above-header-display":"","ast-hfb-below-header-display":"","ast-hfb-mobile-header-display":"","site-post-title":"","ast-breadcrumbs-content":"","ast-featured-img":"","footer-sml-layout":"","ast-disable-related-posts":"","theme-transparent-header-meta":"","adv-header-id-meta":"","stick-header-meta":"","header-above-stick-meta":"","header-main-stick-meta":"","header-below-stick-meta":"","astra-migrate-meta-layouts":"default","ast-page-background-enabled":"default","ast-page-background-meta":{"desktop":{"background-color":"var(--ast-global-color-5)","background-image":"","background-repeat":"repeat","background-position":"center center","background-size":"auto","background-attachment":"scroll","background-type":"","background-media":"","overlay-type":"","overlay-color":"","overlay-opacity":"","overlay-gradient":""},"tablet":{"background-color":"","background-image":"","background-repeat":"repeat","background-position":"center center","background-size":"auto","background-attachment":"scroll","background-type":"","background-media":"","overlay-type":"","overlay-color":"","overlay-opacity":"","overlay-gradient":""},"mobile":{"background-color":"","background-image":"","background-repeat":"repeat","background-position":"center center","background-size":"auto","background-attachment":"scroll","background-type":"","background-media":"","overlay-type":"","overlay-color":"","overlay-opacity":"","overlay-gradient":""}},"ast-content-background-meta":{"desktop":{"background-color":"var(--ast-global-color-4)","background-image":"","background-repeat":"repeat","background-position":"center center","background-size":"auto","background-attachment":"scroll","background-type":"","background-media":"","overlay-type":"","overlay-color":"","overlay-opacity":"","overlay-gradient":""},"tablet":{"background-color":"var(--ast-global-color-4)","background-image":"","background-repeat":"repeat","background-position":"center center","background-size":"auto","background-attachment":"scroll","background-type":"","background-media":"","overlay-type":"","overlay-color":"","overlay-opacity":"","overlay-gradient":""},"mobile":{"background-color":"var(--ast-global-color-4)","background-image":"","background-repeat":"repeat","background-position":"center center","background-size":"auto","background-attachment":"scroll","background-type":"","background-media":"","overlay-type":"","overlay-color":"","overlay-opacity":"","overlay-gradient":""}},"footnotes":""},"categories":[53,1],"tags":[],"class_list":["post-77672","post","type-post","status-publish","format-standard","has-post-thumbnail","hentry","category-general","category-noticias"],"yoast_head":"<!-- This site is optimized with the Yoast SEO Premium plugin v23.0 (Yoast SEO v27.5) - https:\/\/yoast.com\/product\/yoast-seo-premium-wordpress\/ -->\n<title>Trasladaron al Centro de Recuperaci\u00f3n de Especies Temaik\u00e9n el c\u00f3ndor andino rescatado en el Lago Traful<\/title>\n<meta name=\"robots\" content=\"index, follow, max-snippet:-1, max-image-preview:large, max-video-preview:-1\" \/>\n<link rel=\"canonical\" href=\"https:\/\/patagoniambiental.com.ar\/info\/trasladaron-al-centro-de-recuperacion-de-especies-temaiken-el-condor-andino-rescatado-en-el-lago-traful\/\" \/>\n<meta property=\"og:locale\" content=\"es_ES\" \/>\n<meta property=\"og:type\" content=\"article\" \/>\n<meta property=\"og:title\" content=\"Trasladaron al Centro de Recuperaci\u00f3n de Especies Temaik\u00e9n el c\u00f3ndor andino rescatado en el Lago Traful\" \/>\n<meta property=\"og:url\" content=\"https:\/\/patagoniambiental.com.ar\/info\/trasladaron-al-centro-de-recuperacion-de-especies-temaiken-el-condor-andino-rescatado-en-el-lago-traful\/\" \/>\n<meta property=\"og:site_name\" content=\"Patagonia Ambiental\" \/>\n<meta property=\"article:publisher\" content=\"https:\/\/www.facebook.com\/patagonia.ambiental\" \/>\n<meta property=\"article:author\" content=\"https:\/\/www.facebook.com\/share\/1C1V8Gv9BX\/?mibextid=qi2Omg\" \/>\n<meta property=\"article:published_time\" content=\"2023-04-21T22:00:00+00:00\" \/>\n<meta property=\"article:modified_time\" content=\"2024-08-17T14:42:26+00:00\" \/>\n<meta property=\"og:image\" content=\"https:\/\/patagoniambiental.com.ar\/info\/wp-content\/uploads\/2023\/04\/sm.jpg\" \/>\n\t<meta property=\"og:image:width\" content=\"768\" \/>\n\t<meta property=\"og:image:height\" content=\"496\" \/>\n\t<meta property=\"og:image:type\" content=\"image\/jpeg\" \/>\n<meta name=\"author\" content=\"Patagonia Ambiental\" \/>\n<meta name=\"twitter:card\" content=\"summary_large_image\" \/>\n<meta name=\"twitter:creator\" content=\"@PatAmb\" \/>\n<meta name=\"twitter:site\" content=\"@PatAmb\" \/>\n<script type=\"application\/ld+json\" class=\"yoast-schema-graph\">{\"@context\":\"https:\\\/\\\/schema.org\",\"@graph\":[{\"@type\":\"Article\",\"@id\":\"https:\\\/\\\/patagoniambiental.com.ar\\\/info\\\/trasladaron-al-centro-de-recuperacion-de-especies-temaiken-el-condor-andino-rescatado-en-el-lago-traful\\\/#article\",\"isPartOf\":{\"@id\":\"https:\\\/\\\/patagoniambiental.com.ar\\\/info\\\/trasladaron-al-centro-de-recuperacion-de-especies-temaiken-el-condor-andino-rescatado-en-el-lago-traful\\\/\"},\"author\":{\"name\":\"Patagonia Ambiental\",\"@id\":\"https:\\\/\\\/patagoniambiental.com.ar\\\/info\\\/#\\\/schema\\\/person\\\/db12bff64bbcbf6a253710bf0ea37b5d\"},\"headline\":\"Trasladaron al Centro de Recuperaci\u00f3n de Especies Temaik\u00e9n el c\u00f3ndor andino rescatado en el Lago Traful\",\"datePublished\":\"2023-04-21T22:00:00+00:00\",\"dateModified\":\"2024-08-17T14:42:26+00:00\",\"mainEntityOfPage\":{\"@id\":\"https:\\\/\\\/patagoniambiental.com.ar\\\/info\\\/trasladaron-al-centro-de-recuperacion-de-especies-temaiken-el-condor-andino-rescatado-en-el-lago-traful\\\/\"},\"wordCount\":222,\"commentCount\":0,\"publisher\":{\"@id\":\"https:\\\/\\\/patagoniambiental.com.ar\\\/info\\\/#organization\"},\"image\":{\"@id\":\"https:\\\/\\\/patagoniambiental.com.ar\\\/info\\\/trasladaron-al-centro-de-recuperacion-de-especies-temaiken-el-condor-andino-rescatado-en-el-lago-traful\\\/#primaryimage\"},\"thumbnailUrl\":\"https:\\\/\\\/patagoniambiental.com.ar\\\/info\\\/wp-content\\\/uploads\\\/2023\\\/04\\\/sm.jpg\",\"articleSection\":[\"General\",\"Noticias\"],\"inLanguage\":\"es\",\"potentialAction\":[{\"@type\":\"CommentAction\",\"name\":\"Comment\",\"target\":[\"https:\\\/\\\/patagoniambiental.com.ar\\\/info\\\/trasladaron-al-centro-de-recuperacion-de-especies-temaiken-el-condor-andino-rescatado-en-el-lago-traful\\\/#respond\"]}]},{\"@type\":\"WebPage\",\"@id\":\"https:\\\/\\\/patagoniambiental.com.ar\\\/info\\\/trasladaron-al-centro-de-recuperacion-de-especies-temaiken-el-condor-andino-rescatado-en-el-lago-traful\\\/\",\"url\":\"https:\\\/\\\/patagoniambiental.com.ar\\\/info\\\/trasladaron-al-centro-de-recuperacion-de-especies-temaiken-el-condor-andino-rescatado-en-el-lago-traful\\\/\",\"name\":\"Trasladaron al Centro de Recuperaci\u00f3n de Especies Temaik\u00e9n el c\u00f3ndor andino rescatado en el Lago Traful\",\"isPartOf\":{\"@id\":\"https:\\\/\\\/patagoniambiental.com.ar\\\/info\\\/#website\"},\"primaryImageOfPage\":{\"@id\":\"https:\\\/\\\/patagoniambiental.com.ar\\\/info\\\/trasladaron-al-centro-de-recuperacion-de-especies-temaiken-el-condor-andino-rescatado-en-el-lago-traful\\\/#primaryimage\"},\"image\":{\"@id\":\"https:\\\/\\\/patagoniambiental.com.ar\\\/info\\\/trasladaron-al-centro-de-recuperacion-de-especies-temaiken-el-condor-andino-rescatado-en-el-lago-traful\\\/#primaryimage\"},\"thumbnailUrl\":\"https:\\\/\\\/patagoniambiental.com.ar\\\/info\\\/wp-content\\\/uploads\\\/2023\\\/04\\\/sm.jpg\",\"datePublished\":\"2023-04-21T22:00:00+00:00\",\"dateModified\":\"2024-08-17T14:42:26+00:00\",\"breadcrumb\":{\"@id\":\"https:\\\/\\\/patagoniambiental.com.ar\\\/info\\\/trasladaron-al-centro-de-recuperacion-de-especies-temaiken-el-condor-andino-rescatado-en-el-lago-traful\\\/#breadcrumb\"},\"inLanguage\":\"es\",\"potentialAction\":[{\"@type\":\"ReadAction\",\"target\":[\"https:\\\/\\\/patagoniambiental.com.ar\\\/info\\\/trasladaron-al-centro-de-recuperacion-de-especies-temaiken-el-condor-andino-rescatado-en-el-lago-traful\\\/\"]}]},{\"@type\":\"ImageObject\",\"inLanguage\":\"es\",\"@id\":\"https:\\\/\\\/patagoniambiental.com.ar\\\/info\\\/trasladaron-al-centro-de-recuperacion-de-especies-temaiken-el-condor-andino-rescatado-en-el-lago-traful\\\/#primaryimage\",\"url\":\"https:\\\/\\\/patagoniambiental.com.ar\\\/info\\\/wp-content\\\/uploads\\\/2023\\\/04\\\/sm.jpg\",\"contentUrl\":\"https:\\\/\\\/patagoniambiental.com.ar\\\/info\\\/wp-content\\\/uploads\\\/2023\\\/04\\\/sm.jpg\",\"width\":768,\"height\":496},{\"@type\":\"BreadcrumbList\",\"@id\":\"https:\\\/\\\/patagoniambiental.com.ar\\\/info\\\/trasladaron-al-centro-de-recuperacion-de-especies-temaiken-el-condor-andino-rescatado-en-el-lago-traful\\\/#breadcrumb\",\"itemListElement\":[{\"@type\":\"ListItem\",\"position\":1,\"name\":\"Inicio\",\"item\":\"https:\\\/\\\/patagoniambiental.com.ar\\\/info\\\/\"},{\"@type\":\"ListItem\",\"position\":2,\"name\":\"Trasladaron al Centro de Recuperaci\u00f3n de Especies Temaik\u00e9n el c\u00f3ndor andino rescatado en el Lago Traful\"}]},{\"@type\":\"WebSite\",\"@id\":\"https:\\\/\\\/patagoniambiental.com.ar\\\/info\\\/#website\",\"url\":\"https:\\\/\\\/patagoniambiental.com.ar\\\/info\\\/\",\"name\":\"Patagonia Ambiental\",\"description\":\"Monitoreo y an\u00e1lisis de la situaci\u00f3n geopol\u00edtica en el mundo y su implicancia en la Patagonia\",\"publisher\":{\"@id\":\"https:\\\/\\\/patagoniambiental.com.ar\\\/info\\\/#organization\"},\"potentialAction\":[{\"@type\":\"SearchAction\",\"target\":{\"@type\":\"EntryPoint\",\"urlTemplate\":\"https:\\\/\\\/patagoniambiental.com.ar\\\/info\\\/?s={search_term_string}\"},\"query-input\":{\"@type\":\"PropertyValueSpecification\",\"valueRequired\":true,\"valueName\":\"search_term_string\"}}],\"inLanguage\":\"es\"},{\"@type\":\"Organization\",\"@id\":\"https:\\\/\\\/patagoniambiental.com.ar\\\/info\\\/#organization\",\"name\":\"Patagonia Ambiental\",\"url\":\"https:\\\/\\\/patagoniambiental.com.ar\\\/info\\\/\",\"logo\":{\"@type\":\"ImageObject\",\"inLanguage\":\"es\",\"@id\":\"https:\\\/\\\/patagoniambiental.com.ar\\\/info\\\/#\\\/schema\\\/logo\\\/image\\\/\",\"url\":\"https:\\\/\\\/patagoniambiental.com.ar\\\/info\\\/wp-content\\\/uploads\\\/2025\\\/05\\\/LOGO-PATAGONIA-AMBIENTAL.png\",\"contentUrl\":\"https:\\\/\\\/patagoniambiental.com.ar\\\/info\\\/wp-content\\\/uploads\\\/2025\\\/05\\\/LOGO-PATAGONIA-AMBIENTAL.png\",\"width\":433,\"height\":250,\"caption\":\"Patagonia Ambiental\"},\"image\":{\"@id\":\"https:\\\/\\\/patagoniambiental.com.ar\\\/info\\\/#\\\/schema\\\/logo\\\/image\\\/\"},\"sameAs\":[\"https:\\\/\\\/www.facebook.com\\\/patagonia.ambiental\",\"https:\\\/\\\/x.com\\\/PatAmb\"]},{\"@type\":\"Person\",\"@id\":\"https:\\\/\\\/patagoniambiental.com.ar\\\/info\\\/#\\\/schema\\\/person\\\/db12bff64bbcbf6a253710bf0ea37b5d\",\"name\":\"Patagonia Ambiental\",\"description\":\"Andr\u00e9s Nievas T\u00e9cnico en manejo ambiental, consultor Ambiental y escritor para medios locales e internacionales sobre temas de geopolitica y medio ambiente.\",\"sameAs\":[\"http:\\\/\\\/www.patagoniambiental.com.ar\",\"https:\\\/\\\/www.facebook.com\\\/share\\\/1C1V8Gv9BX\\\/?mibextid=qi2Omg\",\"@patagoniambiental\",\"https:\\\/\\\/youtube.com\\\/@patagoniaambiental2023?si=BLt58t0wuXquxlYZ\"]}]}<\/script>\n<!-- \/ Yoast SEO Premium plugin. -->","yoast_head_json":{"title":"Trasladaron al Centro de Recuperaci\u00f3n de Especies Temaik\u00e9n el c\u00f3ndor andino rescatado en el Lago Traful","robots":{"index":"index","follow":"follow","max-snippet":"max-snippet:-1","max-image-preview":"max-image-preview:large","max-video-preview":"max-video-preview:-1"},"canonical":"https:\/\/patagoniambiental.com.ar\/info\/trasladaron-al-centro-de-recuperacion-de-especies-temaiken-el-condor-andino-rescatado-en-el-lago-traful\/","og_locale":"es_ES","og_type":"article","og_title":"Trasladaron al Centro de Recuperaci\u00f3n de Especies Temaik\u00e9n el c\u00f3ndor andino rescatado en el Lago Traful","og_url":"https:\/\/patagoniambiental.com.ar\/info\/trasladaron-al-centro-de-recuperacion-de-especies-temaiken-el-condor-andino-rescatado-en-el-lago-traful\/","og_site_name":"Patagonia Ambiental","article_publisher":"https:\/\/www.facebook.com\/patagonia.ambiental","article_author":"https:\/\/www.facebook.com\/share\/1C1V8Gv9BX\/?mibextid=qi2Omg","article_published_time":"2023-04-21T22:00:00+00:00","article_modified_time":"2024-08-17T14:42:26+00:00","og_image":[{"width":768,"height":496,"url":"https:\/\/patagoniambiental.com.ar\/info\/wp-content\/uploads\/2023\/04\/sm.jpg","type":"image\/jpeg"}],"author":"Patagonia Ambiental","twitter_card":"summary_large_image","twitter_creator":"@PatAmb","twitter_site":"@PatAmb","schema":{"@context":"https:\/\/schema.org","@graph":[{"@type":"Article","@id":"https:\/\/patagoniambiental.com.ar\/info\/trasladaron-al-centro-de-recuperacion-de-especies-temaiken-el-condor-andino-rescatado-en-el-lago-traful\/#article","isPartOf":{"@id":"https:\/\/patagoniambiental.com.ar\/info\/trasladaron-al-centro-de-recuperacion-de-especies-temaiken-el-condor-andino-rescatado-en-el-lago-traful\/"},"author":{"name":"Patagonia Ambiental","@id":"https:\/\/patagoniambiental.com.ar\/info\/#\/schema\/person\/db12bff64bbcbf6a253710bf0ea37b5d"},"headline":"Trasladaron al Centro de Recuperaci\u00f3n de Especies Temaik\u00e9n el c\u00f3ndor andino rescatado en el Lago Traful","datePublished":"2023-04-21T22:00:00+00:00","dateModified":"2024-08-17T14:42:26+00:00","mainEntityOfPage":{"@id":"https:\/\/patagoniambiental.com.ar\/info\/trasladaron-al-centro-de-recuperacion-de-especies-temaiken-el-condor-andino-rescatado-en-el-lago-traful\/"},"wordCount":222,"commentCount":0,"publisher":{"@id":"https:\/\/patagoniambiental.com.ar\/info\/#organization"},"image":{"@id":"https:\/\/patagoniambiental.com.ar\/info\/trasladaron-al-centro-de-recuperacion-de-especies-temaiken-el-condor-andino-rescatado-en-el-lago-traful\/#primaryimage"},"thumbnailUrl":"https:\/\/patagoniambiental.com.ar\/info\/wp-content\/uploads\/2023\/04\/sm.jpg","articleSection":["General","Noticias"],"inLanguage":"es","potentialAction":[{"@type":"CommentAction","name":"Comment","target":["https:\/\/patagoniambiental.com.ar\/info\/trasladaron-al-centro-de-recuperacion-de-especies-temaiken-el-condor-andino-rescatado-en-el-lago-traful\/#respond"]}]},{"@type":"WebPage","@id":"https:\/\/patagoniambiental.com.ar\/info\/trasladaron-al-centro-de-recuperacion-de-especies-temaiken-el-condor-andino-rescatado-en-el-lago-traful\/","url":"https:\/\/patagoniambiental.com.ar\/info\/trasladaron-al-centro-de-recuperacion-de-especies-temaiken-el-condor-andino-rescatado-en-el-lago-traful\/","name":"Trasladaron al Centro de Recuperaci\u00f3n de Especies Temaik\u00e9n el c\u00f3ndor andino rescatado en el Lago Traful","isPartOf":{"@id":"https:\/\/patagoniambiental.com.ar\/info\/#website"},"primaryImageOfPage":{"@id":"https:\/\/patagoniambiental.com.ar\/info\/trasladaron-al-centro-de-recuperacion-de-especies-temaiken-el-condor-andino-rescatado-en-el-lago-traful\/#primaryimage"},"image":{"@id":"https:\/\/patagoniambiental.com.ar\/info\/trasladaron-al-centro-de-recuperacion-de-especies-temaiken-el-condor-andino-rescatado-en-el-lago-traful\/#primaryimage"},"thumbnailUrl":"https:\/\/patagoniambiental.com.ar\/info\/wp-content\/uploads\/2023\/04\/sm.jpg","datePublished":"2023-04-21T22:00:00+00:00","dateModified":"2024-08-17T14:42:26+00:00","breadcrumb":{"@id":"https:\/\/patagoniambiental.com.ar\/info\/trasladaron-al-centro-de-recuperacion-de-especies-temaiken-el-condor-andino-rescatado-en-el-lago-traful\/#breadcrumb"},"inLanguage":"es","potentialAction":[{"@type":"ReadAction","target":["https:\/\/patagoniambiental.com.ar\/info\/trasladaron-al-centro-de-recuperacion-de-especies-temaiken-el-condor-andino-rescatado-en-el-lago-traful\/"]}]},{"@type":"ImageObject","inLanguage":"es","@id":"https:\/\/patagoniambiental.com.ar\/info\/trasladaron-al-centro-de-recuperacion-de-especies-temaiken-el-condor-andino-rescatado-en-el-lago-traful\/#primaryimage","url":"https:\/\/patagoniambiental.com.ar\/info\/wp-content\/uploads\/2023\/04\/sm.jpg","contentUrl":"https:\/\/patagoniambiental.com.ar\/info\/wp-content\/uploads\/2023\/04\/sm.jpg","width":768,"height":496},{"@type":"BreadcrumbList","@id":"https:\/\/patagoniambiental.com.ar\/info\/trasladaron-al-centro-de-recuperacion-de-especies-temaiken-el-condor-andino-rescatado-en-el-lago-traful\/#breadcrumb","itemListElement":[{"@type":"ListItem","position":1,"name":"Inicio","item":"https:\/\/patagoniambiental.com.ar\/info\/"},{"@type":"ListItem","position":2,"name":"Trasladaron al Centro de Recuperaci\u00f3n de Especies Temaik\u00e9n el c\u00f3ndor andino rescatado en el Lago Traful"}]},{"@type":"WebSite","@id":"https:\/\/patagoniambiental.com.ar\/info\/#website","url":"https:\/\/patagoniambiental.com.ar\/info\/","name":"Patagonia Ambiental","description":"Monitoreo y an\u00e1lisis de la situaci\u00f3n geopol\u00edtica en el mundo y su implicancia en la Patagonia","publisher":{"@id":"https:\/\/patagoniambiental.com.ar\/info\/#organization"},"potentialAction":[{"@type":"SearchAction","target":{"@type":"EntryPoint","urlTemplate":"https:\/\/patagoniambiental.com.ar\/info\/?s={search_term_string}"},"query-input":{"@type":"PropertyValueSpecification","valueRequired":true,"valueName":"search_term_string"}}],"inLanguage":"es"},{"@type":"Organization","@id":"https:\/\/patagoniambiental.com.ar\/info\/#organization","name":"Patagonia Ambiental","url":"https:\/\/patagoniambiental.com.ar\/info\/","logo":{"@type":"ImageObject","inLanguage":"es","@id":"https:\/\/patagoniambiental.com.ar\/info\/#\/schema\/logo\/image\/","url":"https:\/\/patagoniambiental.com.ar\/info\/wp-content\/uploads\/2025\/05\/LOGO-PATAGONIA-AMBIENTAL.png","contentUrl":"https:\/\/patagoniambiental.com.ar\/info\/wp-content\/uploads\/2025\/05\/LOGO-PATAGONIA-AMBIENTAL.png","width":433,"height":250,"caption":"Patagonia Ambiental"},"image":{"@id":"https:\/\/patagoniambiental.com.ar\/info\/#\/schema\/logo\/image\/"},"sameAs":["https:\/\/www.facebook.com\/patagonia.ambiental","https:\/\/x.com\/PatAmb"]},{"@type":"Person","@id":"https:\/\/patagoniambiental.com.ar\/info\/#\/schema\/person\/db12bff64bbcbf6a253710bf0ea37b5d","name":"Patagonia Ambiental","description":"Andr\u00e9s Nievas T\u00e9cnico en manejo ambiental, consultor Ambiental y escritor para medios locales e internacionales sobre temas de geopolitica y medio ambiente.","sameAs":["http:\/\/www.patagoniambiental.com.ar","https:\/\/www.facebook.com\/share\/1C1V8Gv9BX\/?mibextid=qi2Omg","@patagoniambiental","https:\/\/youtube.com\/@patagoniaambiental2023?si=BLt58t0wuXquxlYZ"]}]}},"_links":{"self":[{"href":"https:\/\/patagoniambiental.com.ar\/info\/wp-json\/wp\/v2\/posts\/77672","targetHints":{"allow":["GET"]}}],"collection":[{"href":"https:\/\/patagoniambiental.com.ar\/info\/wp-json\/wp\/v2\/posts"}],"about":[{"href":"https:\/\/patagoniambiental.com.ar\/info\/wp-json\/wp\/v2\/types\/post"}],"author":[{"embeddable":true,"href":"https:\/\/patagoniambiental.com.ar\/info\/wp-json\/wp\/v2\/users\/2"}],"replies":[{"embeddable":true,"href":"https:\/\/patagoniambiental.com.ar\/info\/wp-json\/wp\/v2\/comments?post=77672"}],"version-history":[{"count":0,"href":"https:\/\/patagoniambiental.com.ar\/info\/wp-json\/wp\/v2\/posts\/77672\/revisions"}],"wp:featuredmedia":[{"embeddable":true,"href":"https:\/\/patagoniambiental.com.ar\/info\/wp-json\/wp\/v2\/media\/77673"}],"wp:attachment":[{"href":"https:\/\/patagoniambiental.com.ar\/info\/wp-json\/wp\/v2\/media?parent=77672"}],"wp:term":[{"taxonomy":"category","embeddable":true,"href":"https:\/\/patagoniambiental.com.ar\/info\/wp-json\/wp\/v2\/categories?post=77672"},{"taxonomy":"post_tag","embeddable":true,"href":"https:\/\/patagoniambiental.com.ar\/info\/wp-json\/wp\/v2\/tags?post=77672"}],"curies":[{"name":"wp","href":"https:\/\/api.w.org\/{rel}","templated":true}]}}