{"id":77688,"date":"2023-04-23T07:00:00","date_gmt":"2023-04-23T10:00:00","guid":{"rendered":"http:\/\/patagoniambiental.com.ar\/info\/?p=77688"},"modified":"2024-08-17T11:33:06","modified_gmt":"2024-08-17T14:33:06","slug":"ecoplas-presento-en-latam-primera-certificacion-de-contenido-plastico-reciclado","status":"publish","type":"post","link":"https:\/\/patagoniambiental.com.ar\/info\/ecoplas-presento-en-latam-primera-certificacion-de-contenido-plastico-reciclado\/","title":{"rendered":"Ecoplas: Present\u00f3 en LATAM Primera certificaci\u00f3n de contenido pl\u00e1stico reciclado"},"content":{"rendered":"\n<!--more-->\n\n\n\n<p>El sello promueve el m\u00e1ximo aprovechamiento de ese material en empresas, emprendimientos y organizaciones. El objetivo es identificar a los productos sustentables y generar informaci\u00f3n veraz para el consumidor.<a href=\"https:\/\/t.me\/share\/url?url=https:\/\/ecoobjetivo.com.ar\/contenido\/1836\/ecoplas-presento-en-latam-primera-certificacion-de-contenido-plastico-reciclado&amp;text=Ecoplas:%20Present%C3%B3%20en%20LATAM%20Primera%20certificaci%C3%B3n%20de%20contenido%20pl%C3%A1stico%20reciclado\" target=\"_blank\" rel=\"noreferrer noopener\"><\/a><\/p>\n\n\n\n<p><strong>Ecoplas<\/strong>, la asociaci\u00f3n civil sin fines de lucro especializada en pl\u00e1sticos y medio ambiente avanza en su compromiso con la econom\u00eda circular &nbsp;al presentar para el p\u00fablico latinoamericano la primera eco etiqueta INTI- Ecopas para &nbsp;pl\u00e1stico reciclado en productos.<\/p>\n\n\n\n<p>La&nbsp;<strong>Certificaci\u00f3n Contenido de Pl\u00e1stico Reciclado<\/strong>&nbsp;en Productos fue presentada para Latinoam\u00e9rica durante un webinar organizado por la&nbsp;<strong>Coalici\u00f3n de Econom\u00eda Circular para Am\u00e9rica Latina y el Caribe<\/strong>&nbsp;del Programa de las&nbsp;<strong>Naciones Unidas<\/strong>&nbsp;para el Medio Ambiente (PNUMA) y el Consejo de la Infraestructura de la Calidad de Am\u00e9rica (QICA).<\/p>\n\n\n\n<p>All\u00ed se destac\u00f3 que se trata de la&nbsp;<strong>primera en su tipo en la Argentina y la segunda en la regi\u00f3n&nbsp;<\/strong>en avalar la trazabilidad y la proporci\u00f3n de un m\u00ednimo de 15 % de contenido de pl\u00e1stico reciclado en los productos finales, desarrollada junto al Organismo de Certificaci\u00f3n y la Direcci\u00f3n T\u00e9cnica de Pl\u00e1sticos del Instituto Nacional de Tecnolog\u00eda Industrial (INTI).<\/p>\n\n\n\n<p>En ese marco se anunci\u00f3 que&nbsp;<strong>Dinpe SA, dedicada a la fabricaci\u00f3n de embalaje y envases<\/strong>, se convirti\u00f3 en la primera empresa -y de Argentina- en incorporar el isologo que indica la proporci\u00f3n de material pl\u00e1stico reciclado que contienen sus productos y certifica que se ha hecho un uso responsable de este material.<\/p>\n\n\n\n<p>La nueva certificaci\u00f3n tambi\u00e9n incluye un&nbsp;<strong>c\u00f3digo QR<\/strong>&nbsp;que redirige hacia un video de concientizaci\u00f3n sobre los beneficios ambientales de la pr\u00e1ctica de la econom\u00eda circular. De esta manera, se busca promover el reciclado, identificar a los productos sustentables y generar confianza con informaci\u00f3n veraz para el consumo.<\/p>\n\n\n\n<p>Esta iniciativa de Ecoplas forma parte del paradigma de econom\u00eda circular que promueve reaprovechar los residuos pl\u00e1sticos, generar menos desperdicios y menos emisiones y promover m\u00e1s empleo. Adem\u00e1s, la certificaci\u00f3n es&nbsp;<strong>una oportunidad para reconocer el compromiso ambiental de las empresas<\/strong>&nbsp;que utilizan pl\u00e1stico reciclado en sus productos.<\/p>\n\n\n\n<p><em>\u00abLa certificaci\u00f3n viene a potenciar la econom\u00eda circular. Las comunidades son cada vez m\u00e1s conscientes de ejercer un consumo responsable. Y en la industria hay una preocupaci\u00f3n creciente por ser m\u00e1s sustentable y ofrecer productos amigables con el medio ambiente\u00bb<\/em>, expres\u00f3 Ver\u00f3nica Ramos, directora ejecutiva de Ecoplas.<\/p>\n\n\n\n<p>La certificaci\u00f3n, que&nbsp;<strong>puede ser solicitada por todas las empresas o emprendimientos que fabriquen productos que contengan pl\u00e1stico reciclado<\/strong>, coincide con un momento en el que Argentina recicla cada vez m\u00e1s pl\u00e1sticos.<\/p>\n\n\n\n<p>Seg\u00fan el \u00faltimo \u00edndice de reciclado realizado por Ecoplas junto a Cairplas, en el pa\u00eds se recuperaron 307.000 toneladas de pl\u00e1sticos en 2021. Adem\u00e1s, el 43 % de los argentinos estar\u00eda dispuesto a pagar m\u00e1s por un producto hecho con ese material reciclado, de acuerdo a una encuesta realizada junto con Opinaia.<\/p>\n\n\n\n<p>Reciclar pl\u00e1sticos tiene muchos beneficios, entre ellos, permite cuidar el planeta y el ambiente, generar producci\u00f3n y empleo, crear productos sustentables, fomentar la innovaci\u00f3n y el ecodise\u00f1o, construir una cultura de consumo responsable y afianzar la econom\u00eda circular.<\/p>\n\n\n\n<p>&nbsp;Fuente:ecoobjetivo.com.ar<\/p>\n","protected":false},"excerpt":{"rendered":"","protected":false},"author":2,"featured_media":77690,"comment_status":"open","ping_status":"open","sticky":false,"template":"","format":"standard","meta":{"site-sidebar-layout":"default","site-content-layout":"","ast-site-content-layout":"default","site-content-style":"default","site-sidebar-style":"default","ast-global-header-display":"","ast-banner-title-visibility":"","ast-main-header-display":"","ast-hfb-above-header-display":"","ast-hfb-below-header-display":"","ast-hfb-mobile-header-display":"","site-post-title":"","ast-breadcrumbs-content":"","ast-featured-img":"","footer-sml-layout":"","ast-disable-related-posts":"","theme-transparent-header-meta":"","adv-header-id-meta":"","stick-header-meta":"","header-above-stick-meta":"","header-main-stick-meta":"","header-below-stick-meta":"","astra-migrate-meta-layouts":"default","ast-page-background-enabled":"default","ast-page-background-meta":{"desktop":{"background-color":"var(--ast-global-color-5)","background-image":"","background-repeat":"repeat","background-position":"center center","background-size":"auto","background-attachment":"scroll","background-type":"","background-media":"","overlay-type":"","overlay-color":"","overlay-opacity":"","overlay-gradient":""},"tablet":{"background-color":"","background-image":"","background-repeat":"repeat","background-position":"center center","background-size":"auto","background-attachment":"scroll","background-type":"","background-media":"","overlay-type":"","overlay-color":"","overlay-opacity":"","overlay-gradient":""},"mobile":{"background-color":"","background-image":"","background-repeat":"repeat","background-position":"center center","background-size":"auto","background-attachment":"scroll","background-type":"","background-media":"","overlay-type":"","overlay-color":"","overlay-opacity":"","overlay-gradient":""}},"ast-content-background-meta":{"desktop":{"background-color":"var(--ast-global-color-4)","background-image":"","background-repeat":"repeat","background-position":"center center","background-size":"auto","background-attachment":"scroll","background-type":"","background-media":"","overlay-type":"","overlay-color":"","overlay-opacity":"","overlay-gradient":""},"tablet":{"background-color":"var(--ast-global-color-4)","background-image":"","background-repeat":"repeat","background-position":"center center","background-size":"auto","background-attachment":"scroll","background-type":"","background-media":"","overlay-type":"","overlay-color":"","overlay-opacity":"","overlay-gradient":""},"mobile":{"background-color":"var(--ast-global-color-4)","background-image":"","background-repeat":"repeat","background-position":"center center","background-size":"auto","background-attachment":"scroll","background-type":"","background-media":"","overlay-type":"","overlay-color":"","overlay-opacity":"","overlay-gradient":""}},"footnotes":""},"categories":[53,1],"tags":[],"class_list":["post-77688","post","type-post","status-publish","format-standard","has-post-thumbnail","hentry","category-general","category-noticias"],"yoast_head":"<!-- This site is optimized with the Yoast SEO Premium plugin v23.0 (Yoast SEO v27.4) - https:\/\/yoast.com\/product\/yoast-seo-premium-wordpress\/ -->\n<title>Ecoplas: Present\u00f3 en LATAM Primera certificaci\u00f3n de contenido pl\u00e1stico reciclado<\/title>\n<meta name=\"robots\" content=\"index, follow, max-snippet:-1, max-image-preview:large, max-video-preview:-1\" \/>\n<link rel=\"canonical\" href=\"https:\/\/patagoniambiental.com.ar\/info\/ecoplas-presento-en-latam-primera-certificacion-de-contenido-plastico-reciclado\/\" \/>\n<meta property=\"og:locale\" content=\"es_ES\" \/>\n<meta property=\"og:type\" content=\"article\" \/>\n<meta property=\"og:title\" content=\"Ecoplas: Present\u00f3 en LATAM Primera certificaci\u00f3n de contenido pl\u00e1stico reciclado\" \/>\n<meta property=\"og:url\" content=\"https:\/\/patagoniambiental.com.ar\/info\/ecoplas-presento-en-latam-primera-certificacion-de-contenido-plastico-reciclado\/\" \/>\n<meta property=\"og:site_name\" content=\"Patagonia Ambiental\" \/>\n<meta property=\"article:publisher\" content=\"https:\/\/www.facebook.com\/patagonia.ambiental\" \/>\n<meta property=\"article:author\" content=\"https:\/\/www.facebook.com\/share\/1C1V8Gv9BX\/?mibextid=qi2Omg\" \/>\n<meta property=\"article:published_time\" content=\"2023-04-23T10:00:00+00:00\" \/>\n<meta property=\"article:modified_time\" content=\"2024-08-17T14:33:06+00:00\" \/>\n<meta property=\"og:image\" content=\"https:\/\/patagoniambiental.com.ar\/info\/wp-content\/uploads\/2023\/04\/Sin-titulo-19.png\" \/>\n\t<meta property=\"og:image:width\" content=\"689\" \/>\n\t<meta property=\"og:image:height\" content=\"453\" \/>\n\t<meta property=\"og:image:type\" content=\"image\/png\" \/>\n<meta name=\"author\" content=\"Patagonia Ambiental\" \/>\n<meta name=\"twitter:card\" content=\"summary_large_image\" \/>\n<meta name=\"twitter:creator\" content=\"@PatAmb\" \/>\n<meta name=\"twitter:site\" content=\"@PatAmb\" \/>\n<script type=\"application\/ld+json\" class=\"yoast-schema-graph\">{\"@context\":\"https:\\\/\\\/schema.org\",\"@graph\":[{\"@type\":\"Article\",\"@id\":\"https:\\\/\\\/patagoniambiental.com.ar\\\/info\\\/ecoplas-presento-en-latam-primera-certificacion-de-contenido-plastico-reciclado\\\/#article\",\"isPartOf\":{\"@id\":\"https:\\\/\\\/patagoniambiental.com.ar\\\/info\\\/ecoplas-presento-en-latam-primera-certificacion-de-contenido-plastico-reciclado\\\/\"},\"author\":{\"name\":\"Patagonia Ambiental\",\"@id\":\"https:\\\/\\\/patagoniambiental.com.ar\\\/info\\\/#\\\/schema\\\/person\\\/db12bff64bbcbf6a253710bf0ea37b5d\"},\"headline\":\"Ecoplas: Present\u00f3 en LATAM Primera certificaci\u00f3n de contenido pl\u00e1stico reciclado\",\"datePublished\":\"2023-04-23T10:00:00+00:00\",\"dateModified\":\"2024-08-17T14:33:06+00:00\",\"mainEntityOfPage\":{\"@id\":\"https:\\\/\\\/patagoniambiental.com.ar\\\/info\\\/ecoplas-presento-en-latam-primera-certificacion-de-contenido-plastico-reciclado\\\/\"},\"wordCount\":586,\"commentCount\":0,\"publisher\":{\"@id\":\"https:\\\/\\\/patagoniambiental.com.ar\\\/info\\\/#organization\"},\"image\":{\"@id\":\"https:\\\/\\\/patagoniambiental.com.ar\\\/info\\\/ecoplas-presento-en-latam-primera-certificacion-de-contenido-plastico-reciclado\\\/#primaryimage\"},\"thumbnailUrl\":\"https:\\\/\\\/patagoniambiental.com.ar\\\/info\\\/wp-content\\\/uploads\\\/2023\\\/04\\\/Sin-titulo-19.png\",\"articleSection\":[\"General\",\"Noticias\"],\"inLanguage\":\"es\",\"potentialAction\":[{\"@type\":\"CommentAction\",\"name\":\"Comment\",\"target\":[\"https:\\\/\\\/patagoniambiental.com.ar\\\/info\\\/ecoplas-presento-en-latam-primera-certificacion-de-contenido-plastico-reciclado\\\/#respond\"]}]},{\"@type\":\"WebPage\",\"@id\":\"https:\\\/\\\/patagoniambiental.com.ar\\\/info\\\/ecoplas-presento-en-latam-primera-certificacion-de-contenido-plastico-reciclado\\\/\",\"url\":\"https:\\\/\\\/patagoniambiental.com.ar\\\/info\\\/ecoplas-presento-en-latam-primera-certificacion-de-contenido-plastico-reciclado\\\/\",\"name\":\"Ecoplas: Present\u00f3 en LATAM Primera certificaci\u00f3n de contenido pl\u00e1stico reciclado\",\"isPartOf\":{\"@id\":\"https:\\\/\\\/patagoniambiental.com.ar\\\/info\\\/#website\"},\"primaryImageOfPage\":{\"@id\":\"https:\\\/\\\/patagoniambiental.com.ar\\\/info\\\/ecoplas-presento-en-latam-primera-certificacion-de-contenido-plastico-reciclado\\\/#primaryimage\"},\"image\":{\"@id\":\"https:\\\/\\\/patagoniambiental.com.ar\\\/info\\\/ecoplas-presento-en-latam-primera-certificacion-de-contenido-plastico-reciclado\\\/#primaryimage\"},\"thumbnailUrl\":\"https:\\\/\\\/patagoniambiental.com.ar\\\/info\\\/wp-content\\\/uploads\\\/2023\\\/04\\\/Sin-titulo-19.png\",\"datePublished\":\"2023-04-23T10:00:00+00:00\",\"dateModified\":\"2024-08-17T14:33:06+00:00\",\"breadcrumb\":{\"@id\":\"https:\\\/\\\/patagoniambiental.com.ar\\\/info\\\/ecoplas-presento-en-latam-primera-certificacion-de-contenido-plastico-reciclado\\\/#breadcrumb\"},\"inLanguage\":\"es\",\"potentialAction\":[{\"@type\":\"ReadAction\",\"target\":[\"https:\\\/\\\/patagoniambiental.com.ar\\\/info\\\/ecoplas-presento-en-latam-primera-certificacion-de-contenido-plastico-reciclado\\\/\"]}]},{\"@type\":\"ImageObject\",\"inLanguage\":\"es\",\"@id\":\"https:\\\/\\\/patagoniambiental.com.ar\\\/info\\\/ecoplas-presento-en-latam-primera-certificacion-de-contenido-plastico-reciclado\\\/#primaryimage\",\"url\":\"https:\\\/\\\/patagoniambiental.com.ar\\\/info\\\/wp-content\\\/uploads\\\/2023\\\/04\\\/Sin-titulo-19.png\",\"contentUrl\":\"https:\\\/\\\/patagoniambiental.com.ar\\\/info\\\/wp-content\\\/uploads\\\/2023\\\/04\\\/Sin-titulo-19.png\",\"width\":689,\"height\":453},{\"@type\":\"BreadcrumbList\",\"@id\":\"https:\\\/\\\/patagoniambiental.com.ar\\\/info\\\/ecoplas-presento-en-latam-primera-certificacion-de-contenido-plastico-reciclado\\\/#breadcrumb\",\"itemListElement\":[{\"@type\":\"ListItem\",\"position\":1,\"name\":\"Inicio\",\"item\":\"https:\\\/\\\/patagoniambiental.com.ar\\\/info\\\/\"},{\"@type\":\"ListItem\",\"position\":2,\"name\":\"Ecoplas: Present\u00f3 en LATAM Primera certificaci\u00f3n de contenido pl\u00e1stico reciclado\"}]},{\"@type\":\"WebSite\",\"@id\":\"https:\\\/\\\/patagoniambiental.com.ar\\\/info\\\/#website\",\"url\":\"https:\\\/\\\/patagoniambiental.com.ar\\\/info\\\/\",\"name\":\"Patagonia Ambiental\",\"description\":\"Monitoreo y an\u00e1lisis de la situaci\u00f3n geopol\u00edtica en el mundo y su implicancia en la Patagonia\",\"publisher\":{\"@id\":\"https:\\\/\\\/patagoniambiental.com.ar\\\/info\\\/#organization\"},\"potentialAction\":[{\"@type\":\"SearchAction\",\"target\":{\"@type\":\"EntryPoint\",\"urlTemplate\":\"https:\\\/\\\/patagoniambiental.com.ar\\\/info\\\/?s={search_term_string}\"},\"query-input\":{\"@type\":\"PropertyValueSpecification\",\"valueRequired\":true,\"valueName\":\"search_term_string\"}}],\"inLanguage\":\"es\"},{\"@type\":\"Organization\",\"@id\":\"https:\\\/\\\/patagoniambiental.com.ar\\\/info\\\/#organization\",\"name\":\"Patagonia Ambiental\",\"url\":\"https:\\\/\\\/patagoniambiental.com.ar\\\/info\\\/\",\"logo\":{\"@type\":\"ImageObject\",\"inLanguage\":\"es\",\"@id\":\"https:\\\/\\\/patagoniambiental.com.ar\\\/info\\\/#\\\/schema\\\/logo\\\/image\\\/\",\"url\":\"https:\\\/\\\/patagoniambiental.com.ar\\\/info\\\/wp-content\\\/uploads\\\/2025\\\/05\\\/LOGO-PATAGONIA-AMBIENTAL.png\",\"contentUrl\":\"https:\\\/\\\/patagoniambiental.com.ar\\\/info\\\/wp-content\\\/uploads\\\/2025\\\/05\\\/LOGO-PATAGONIA-AMBIENTAL.png\",\"width\":433,\"height\":250,\"caption\":\"Patagonia Ambiental\"},\"image\":{\"@id\":\"https:\\\/\\\/patagoniambiental.com.ar\\\/info\\\/#\\\/schema\\\/logo\\\/image\\\/\"},\"sameAs\":[\"https:\\\/\\\/www.facebook.com\\\/patagonia.ambiental\",\"https:\\\/\\\/x.com\\\/PatAmb\"]},{\"@type\":\"Person\",\"@id\":\"https:\\\/\\\/patagoniambiental.com.ar\\\/info\\\/#\\\/schema\\\/person\\\/db12bff64bbcbf6a253710bf0ea37b5d\",\"name\":\"Patagonia Ambiental\",\"description\":\"Andr\u00e9s Nievas T\u00e9cnico en manejo ambiental, consultor Ambiental y escritor para medios locales e internacionales sobre temas de geopolitica y medio ambiente.\",\"sameAs\":[\"http:\\\/\\\/www.patagoniambiental.com.ar\",\"https:\\\/\\\/www.facebook.com\\\/share\\\/1C1V8Gv9BX\\\/?mibextid=qi2Omg\",\"@patagoniambiental\",\"https:\\\/\\\/youtube.com\\\/@patagoniaambiental2023?si=BLt58t0wuXquxlYZ\"]}]}<\/script>\n<!-- \/ Yoast SEO Premium plugin. -->","yoast_head_json":{"title":"Ecoplas: Present\u00f3 en LATAM Primera certificaci\u00f3n de contenido pl\u00e1stico reciclado","robots":{"index":"index","follow":"follow","max-snippet":"max-snippet:-1","max-image-preview":"max-image-preview:large","max-video-preview":"max-video-preview:-1"},"canonical":"https:\/\/patagoniambiental.com.ar\/info\/ecoplas-presento-en-latam-primera-certificacion-de-contenido-plastico-reciclado\/","og_locale":"es_ES","og_type":"article","og_title":"Ecoplas: Present\u00f3 en LATAM Primera certificaci\u00f3n de contenido pl\u00e1stico reciclado","og_url":"https:\/\/patagoniambiental.com.ar\/info\/ecoplas-presento-en-latam-primera-certificacion-de-contenido-plastico-reciclado\/","og_site_name":"Patagonia Ambiental","article_publisher":"https:\/\/www.facebook.com\/patagonia.ambiental","article_author":"https:\/\/www.facebook.com\/share\/1C1V8Gv9BX\/?mibextid=qi2Omg","article_published_time":"2023-04-23T10:00:00+00:00","article_modified_time":"2024-08-17T14:33:06+00:00","og_image":[{"width":689,"height":453,"url":"https:\/\/patagoniambiental.com.ar\/info\/wp-content\/uploads\/2023\/04\/Sin-titulo-19.png","type":"image\/png"}],"author":"Patagonia Ambiental","twitter_card":"summary_large_image","twitter_creator":"@PatAmb","twitter_site":"@PatAmb","schema":{"@context":"https:\/\/schema.org","@graph":[{"@type":"Article","@id":"https:\/\/patagoniambiental.com.ar\/info\/ecoplas-presento-en-latam-primera-certificacion-de-contenido-plastico-reciclado\/#article","isPartOf":{"@id":"https:\/\/patagoniambiental.com.ar\/info\/ecoplas-presento-en-latam-primera-certificacion-de-contenido-plastico-reciclado\/"},"author":{"name":"Patagonia Ambiental","@id":"https:\/\/patagoniambiental.com.ar\/info\/#\/schema\/person\/db12bff64bbcbf6a253710bf0ea37b5d"},"headline":"Ecoplas: Present\u00f3 en LATAM Primera certificaci\u00f3n de contenido pl\u00e1stico reciclado","datePublished":"2023-04-23T10:00:00+00:00","dateModified":"2024-08-17T14:33:06+00:00","mainEntityOfPage":{"@id":"https:\/\/patagoniambiental.com.ar\/info\/ecoplas-presento-en-latam-primera-certificacion-de-contenido-plastico-reciclado\/"},"wordCount":586,"commentCount":0,"publisher":{"@id":"https:\/\/patagoniambiental.com.ar\/info\/#organization"},"image":{"@id":"https:\/\/patagoniambiental.com.ar\/info\/ecoplas-presento-en-latam-primera-certificacion-de-contenido-plastico-reciclado\/#primaryimage"},"thumbnailUrl":"https:\/\/patagoniambiental.com.ar\/info\/wp-content\/uploads\/2023\/04\/Sin-titulo-19.png","articleSection":["General","Noticias"],"inLanguage":"es","potentialAction":[{"@type":"CommentAction","name":"Comment","target":["https:\/\/patagoniambiental.com.ar\/info\/ecoplas-presento-en-latam-primera-certificacion-de-contenido-plastico-reciclado\/#respond"]}]},{"@type":"WebPage","@id":"https:\/\/patagoniambiental.com.ar\/info\/ecoplas-presento-en-latam-primera-certificacion-de-contenido-plastico-reciclado\/","url":"https:\/\/patagoniambiental.com.ar\/info\/ecoplas-presento-en-latam-primera-certificacion-de-contenido-plastico-reciclado\/","name":"Ecoplas: Present\u00f3 en LATAM Primera certificaci\u00f3n de contenido pl\u00e1stico reciclado","isPartOf":{"@id":"https:\/\/patagoniambiental.com.ar\/info\/#website"},"primaryImageOfPage":{"@id":"https:\/\/patagoniambiental.com.ar\/info\/ecoplas-presento-en-latam-primera-certificacion-de-contenido-plastico-reciclado\/#primaryimage"},"image":{"@id":"https:\/\/patagoniambiental.com.ar\/info\/ecoplas-presento-en-latam-primera-certificacion-de-contenido-plastico-reciclado\/#primaryimage"},"thumbnailUrl":"https:\/\/patagoniambiental.com.ar\/info\/wp-content\/uploads\/2023\/04\/Sin-titulo-19.png","datePublished":"2023-04-23T10:00:00+00:00","dateModified":"2024-08-17T14:33:06+00:00","breadcrumb":{"@id":"https:\/\/patagoniambiental.com.ar\/info\/ecoplas-presento-en-latam-primera-certificacion-de-contenido-plastico-reciclado\/#breadcrumb"},"inLanguage":"es","potentialAction":[{"@type":"ReadAction","target":["https:\/\/patagoniambiental.com.ar\/info\/ecoplas-presento-en-latam-primera-certificacion-de-contenido-plastico-reciclado\/"]}]},{"@type":"ImageObject","inLanguage":"es","@id":"https:\/\/patagoniambiental.com.ar\/info\/ecoplas-presento-en-latam-primera-certificacion-de-contenido-plastico-reciclado\/#primaryimage","url":"https:\/\/patagoniambiental.com.ar\/info\/wp-content\/uploads\/2023\/04\/Sin-titulo-19.png","contentUrl":"https:\/\/patagoniambiental.com.ar\/info\/wp-content\/uploads\/2023\/04\/Sin-titulo-19.png","width":689,"height":453},{"@type":"BreadcrumbList","@id":"https:\/\/patagoniambiental.com.ar\/info\/ecoplas-presento-en-latam-primera-certificacion-de-contenido-plastico-reciclado\/#breadcrumb","itemListElement":[{"@type":"ListItem","position":1,"name":"Inicio","item":"https:\/\/patagoniambiental.com.ar\/info\/"},{"@type":"ListItem","position":2,"name":"Ecoplas: Present\u00f3 en LATAM Primera certificaci\u00f3n de contenido pl\u00e1stico reciclado"}]},{"@type":"WebSite","@id":"https:\/\/patagoniambiental.com.ar\/info\/#website","url":"https:\/\/patagoniambiental.com.ar\/info\/","name":"Patagonia Ambiental","description":"Monitoreo y an\u00e1lisis de la situaci\u00f3n geopol\u00edtica en el mundo y su implicancia en la Patagonia","publisher":{"@id":"https:\/\/patagoniambiental.com.ar\/info\/#organization"},"potentialAction":[{"@type":"SearchAction","target":{"@type":"EntryPoint","urlTemplate":"https:\/\/patagoniambiental.com.ar\/info\/?s={search_term_string}"},"query-input":{"@type":"PropertyValueSpecification","valueRequired":true,"valueName":"search_term_string"}}],"inLanguage":"es"},{"@type":"Organization","@id":"https:\/\/patagoniambiental.com.ar\/info\/#organization","name":"Patagonia Ambiental","url":"https:\/\/patagoniambiental.com.ar\/info\/","logo":{"@type":"ImageObject","inLanguage":"es","@id":"https:\/\/patagoniambiental.com.ar\/info\/#\/schema\/logo\/image\/","url":"https:\/\/patagoniambiental.com.ar\/info\/wp-content\/uploads\/2025\/05\/LOGO-PATAGONIA-AMBIENTAL.png","contentUrl":"https:\/\/patagoniambiental.com.ar\/info\/wp-content\/uploads\/2025\/05\/LOGO-PATAGONIA-AMBIENTAL.png","width":433,"height":250,"caption":"Patagonia Ambiental"},"image":{"@id":"https:\/\/patagoniambiental.com.ar\/info\/#\/schema\/logo\/image\/"},"sameAs":["https:\/\/www.facebook.com\/patagonia.ambiental","https:\/\/x.com\/PatAmb"]},{"@type":"Person","@id":"https:\/\/patagoniambiental.com.ar\/info\/#\/schema\/person\/db12bff64bbcbf6a253710bf0ea37b5d","name":"Patagonia Ambiental","description":"Andr\u00e9s Nievas T\u00e9cnico en manejo ambiental, consultor Ambiental y escritor para medios locales e internacionales sobre temas de geopolitica y medio ambiente.","sameAs":["http:\/\/www.patagoniambiental.com.ar","https:\/\/www.facebook.com\/share\/1C1V8Gv9BX\/?mibextid=qi2Omg","@patagoniambiental","https:\/\/youtube.com\/@patagoniaambiental2023?si=BLt58t0wuXquxlYZ"]}]}},"_links":{"self":[{"href":"https:\/\/patagoniambiental.com.ar\/info\/wp-json\/wp\/v2\/posts\/77688","targetHints":{"allow":["GET"]}}],"collection":[{"href":"https:\/\/patagoniambiental.com.ar\/info\/wp-json\/wp\/v2\/posts"}],"about":[{"href":"https:\/\/patagoniambiental.com.ar\/info\/wp-json\/wp\/v2\/types\/post"}],"author":[{"embeddable":true,"href":"https:\/\/patagoniambiental.com.ar\/info\/wp-json\/wp\/v2\/users\/2"}],"replies":[{"embeddable":true,"href":"https:\/\/patagoniambiental.com.ar\/info\/wp-json\/wp\/v2\/comments?post=77688"}],"version-history":[{"count":0,"href":"https:\/\/patagoniambiental.com.ar\/info\/wp-json\/wp\/v2\/posts\/77688\/revisions"}],"wp:featuredmedia":[{"embeddable":true,"href":"https:\/\/patagoniambiental.com.ar\/info\/wp-json\/wp\/v2\/media\/77690"}],"wp:attachment":[{"href":"https:\/\/patagoniambiental.com.ar\/info\/wp-json\/wp\/v2\/media?parent=77688"}],"wp:term":[{"taxonomy":"category","embeddable":true,"href":"https:\/\/patagoniambiental.com.ar\/info\/wp-json\/wp\/v2\/categories?post=77688"},{"taxonomy":"post_tag","embeddable":true,"href":"https:\/\/patagoniambiental.com.ar\/info\/wp-json\/wp\/v2\/tags?post=77688"}],"curies":[{"name":"wp","href":"https:\/\/api.w.org\/{rel}","templated":true}]}}