{"id":77820,"date":"2023-04-27T07:00:00","date_gmt":"2023-04-27T10:00:00","guid":{"rendered":"http:\/\/patagoniambiental.com.ar\/info\/?p=77820"},"modified":"2024-08-17T11:07:46","modified_gmt":"2024-08-17T14:07:46","slug":"el-punto-limpio-movil-continua-recibiendo-residuos-electronicos","status":"publish","type":"post","link":"https:\/\/patagoniambiental.com.ar\/info\/el-punto-limpio-movil-continua-recibiendo-residuos-electronicos\/","title":{"rendered":"El Punto Limpio M\u00f3vil contin\u00faa recibiendo residuos electr\u00f3nicos"},"content":{"rendered":"\n<!--more-->\n\n\n\n<p>El m\u00f3vil de Punto Limpio se encuentra todos los jueves en las afueras de la oficina de la Secretar\u00eda de Ambiente, Producci\u00f3n y Desarrollo Sustentable de la villa balnearia recibiendo residuos electr\u00f3nicos.<br>&nbsp;<\/p>\n\n\n\n<p><img decoding=\"async\" src=\"https:\/\/pxb.cdn.elchubut.com.ar\/chubut\/042023\/1682559610314.webp?cw=1315&amp;ch=749&amp;extw=jpg\" alt=\"El Punto Limpio M\u00f3vil contin\u00faa  recibiendo residuos electr\u00f3nicos \"><\/p>\n\n\n\n<p><\/p>\n\n\n\n<p>As\u00ed lo coment\u00f3 el titular del \u00e1rea, Miguel Larrauri que expres\u00f3 que \u00abdesde el \u00e1rea de Ambiente hemos realizado un pedido formal para que el Punto Limpio M\u00f3vil se realice en la ciudad de Rawson, ya que lo consideramos sumamente necesario\u00bb y agreg\u00f3 que \u00abuna vez gestionado, buscaremos el lugar adecuado para que funcione\u00bb. &nbsp;<br>\u00abTeniendo en cuenta la conformidad de los vecinos de la villa balnearia -se\u00f1al\u00f3- es importante que se lleve adelante tambi\u00e9n en la ciudad\u00bb y destac\u00f3 que \u00abquienes tengan dudas o consultas, contamos con un equipo de promotores ambientales que brindan charlas informativas sobre el tema\u00bb.<br>Los vecinos de la ciudad \u00abpueden acercarse al punto de recepci\u00f3n, y depositar vidrios, papeles, residuos electr\u00f3nicos, para luego ser trasladados a la Planta de Separaci\u00f3n de la ciudad de Trelew\u00bb.<br>Asimismo, Larrauri record\u00f3 que \u00abel Punto Limpio funciona de manera itinerante durante todos los jueves en Playa Uni\u00f3n de 15 a 19 horas en Juan Manuel de Rosas al 200 en la exterminal\u00bb.<br>Agreg\u00f3 que \u00abel punto tiene como objetivo concientizar a la comunidad sobre la separaci\u00f3n de residuos. Se trata de un cami\u00f3n acondicionado con gabinetes en su parte trasera que se instala en distintas ciudades que integran el Consorcio Girsu\u00bb. &nbsp;<br>Finalmente, el funcionario municipal resalt\u00f3 \u00absu presencia en el Programa La Muni en tu Barrio, para que todos los vecinos de cada sector puedan acercarse a depositar sus residuos\u00bb.<\/p>\n\n\n\n<p>Fuente: El Chubut<\/p>\n","protected":false},"excerpt":{"rendered":"","protected":false},"author":2,"featured_media":77821,"comment_status":"open","ping_status":"open","sticky":false,"template":"","format":"standard","meta":{"site-sidebar-layout":"default","site-content-layout":"","ast-site-content-layout":"default","site-content-style":"default","site-sidebar-style":"default","ast-global-header-display":"","ast-banner-title-visibility":"","ast-main-header-display":"","ast-hfb-above-header-display":"","ast-hfb-below-header-display":"","ast-hfb-mobile-header-display":"","site-post-title":"","ast-breadcrumbs-content":"","ast-featured-img":"","footer-sml-layout":"","ast-disable-related-posts":"","theme-transparent-header-meta":"","adv-header-id-meta":"","stick-header-meta":"","header-above-stick-meta":"","header-main-stick-meta":"","header-below-stick-meta":"","astra-migrate-meta-layouts":"default","ast-page-background-enabled":"default","ast-page-background-meta":{"desktop":{"background-color":"var(--ast-global-color-5)","background-image":"","background-repeat":"repeat","background-position":"center center","background-size":"auto","background-attachment":"scroll","background-type":"","background-media":"","overlay-type":"","overlay-color":"","overlay-opacity":"","overlay-gradient":""},"tablet":{"background-color":"","background-image":"","background-repeat":"repeat","background-position":"center center","background-size":"auto","background-attachment":"scroll","background-type":"","background-media":"","overlay-type":"","overlay-color":"","overlay-opacity":"","overlay-gradient":""},"mobile":{"background-color":"","background-image":"","background-repeat":"repeat","background-position":"center center","background-size":"auto","background-attachment":"scroll","background-type":"","background-media":"","overlay-type":"","overlay-color":"","overlay-opacity":"","overlay-gradient":""}},"ast-content-background-meta":{"desktop":{"background-color":"var(--ast-global-color-4)","background-image":"","background-repeat":"repeat","background-position":"center center","background-size":"auto","background-attachment":"scroll","background-type":"","background-media":"","overlay-type":"","overlay-color":"","overlay-opacity":"","overlay-gradient":""},"tablet":{"background-color":"var(--ast-global-color-4)","background-image":"","background-repeat":"repeat","background-position":"center center","background-size":"auto","background-attachment":"scroll","background-type":"","background-media":"","overlay-type":"","overlay-color":"","overlay-opacity":"","overlay-gradient":""},"mobile":{"background-color":"var(--ast-global-color-4)","background-image":"","background-repeat":"repeat","background-position":"center center","background-size":"auto","background-attachment":"scroll","background-type":"","background-media":"","overlay-type":"","overlay-color":"","overlay-opacity":"","overlay-gradient":""}},"footnotes":""},"categories":[11,16],"tags":[],"class_list":["post-77820","post","type-post","status-publish","format-standard","has-post-thumbnail","hentry","category-boletin","category-municipales"],"yoast_head":"<!-- This site is optimized with the Yoast SEO Premium plugin v23.0 (Yoast SEO v27.5) - https:\/\/yoast.com\/product\/yoast-seo-premium-wordpress\/ -->\n<title>El Punto Limpio M\u00f3vil contin\u00faa recibiendo residuos electr\u00f3nicos<\/title>\n<meta name=\"robots\" content=\"index, follow, max-snippet:-1, max-image-preview:large, max-video-preview:-1\" \/>\n<link rel=\"canonical\" href=\"https:\/\/patagoniambiental.com.ar\/info\/el-punto-limpio-movil-continua-recibiendo-residuos-electronicos\/\" \/>\n<meta property=\"og:locale\" content=\"es_ES\" \/>\n<meta property=\"og:type\" content=\"article\" \/>\n<meta property=\"og:title\" content=\"El Punto Limpio M\u00f3vil contin\u00faa recibiendo residuos electr\u00f3nicos\" \/>\n<meta property=\"og:url\" content=\"https:\/\/patagoniambiental.com.ar\/info\/el-punto-limpio-movil-continua-recibiendo-residuos-electronicos\/\" \/>\n<meta property=\"og:site_name\" content=\"Patagonia Ambiental\" \/>\n<meta property=\"article:publisher\" content=\"https:\/\/www.facebook.com\/patagonia.ambiental\" \/>\n<meta property=\"article:author\" content=\"https:\/\/www.facebook.com\/share\/1C1V8Gv9BX\/?mibextid=qi2Omg\" \/>\n<meta property=\"article:published_time\" content=\"2023-04-27T10:00:00+00:00\" \/>\n<meta property=\"article:modified_time\" content=\"2024-08-17T14:07:46+00:00\" \/>\n<meta property=\"og:image\" content=\"https:\/\/patagoniambiental.com.ar\/info\/wp-content\/uploads\/2023\/04\/Rawson.jpeg\" \/>\n\t<meta property=\"og:image:width\" content=\"1142\" \/>\n\t<meta property=\"og:image:height\" content=\"891\" \/>\n\t<meta property=\"og:image:type\" content=\"image\/jpeg\" \/>\n<meta name=\"author\" content=\"Patagonia Ambiental\" \/>\n<meta name=\"twitter:card\" content=\"summary_large_image\" \/>\n<meta name=\"twitter:creator\" content=\"@PatAmb\" \/>\n<meta name=\"twitter:site\" content=\"@PatAmb\" \/>\n<script type=\"application\/ld+json\" class=\"yoast-schema-graph\">{\"@context\":\"https:\\\/\\\/schema.org\",\"@graph\":[{\"@type\":\"Article\",\"@id\":\"https:\\\/\\\/patagoniambiental.com.ar\\\/info\\\/el-punto-limpio-movil-continua-recibiendo-residuos-electronicos\\\/#article\",\"isPartOf\":{\"@id\":\"https:\\\/\\\/patagoniambiental.com.ar\\\/info\\\/el-punto-limpio-movil-continua-recibiendo-residuos-electronicos\\\/\"},\"author\":{\"name\":\"Patagonia Ambiental\",\"@id\":\"https:\\\/\\\/patagoniambiental.com.ar\\\/info\\\/#\\\/schema\\\/person\\\/db12bff64bbcbf6a253710bf0ea37b5d\"},\"headline\":\"El Punto Limpio M\u00f3vil contin\u00faa recibiendo residuos electr\u00f3nicos\",\"datePublished\":\"2023-04-27T10:00:00+00:00\",\"dateModified\":\"2024-08-17T14:07:46+00:00\",\"mainEntityOfPage\":{\"@id\":\"https:\\\/\\\/patagoniambiental.com.ar\\\/info\\\/el-punto-limpio-movil-continua-recibiendo-residuos-electronicos\\\/\"},\"wordCount\":291,\"commentCount\":0,\"publisher\":{\"@id\":\"https:\\\/\\\/patagoniambiental.com.ar\\\/info\\\/#organization\"},\"image\":{\"@id\":\"https:\\\/\\\/patagoniambiental.com.ar\\\/info\\\/el-punto-limpio-movil-continua-recibiendo-residuos-electronicos\\\/#primaryimage\"},\"thumbnailUrl\":\"https:\\\/\\\/patagoniambiental.com.ar\\\/info\\\/wp-content\\\/uploads\\\/2023\\\/04\\\/Rawson.jpeg\",\"articleSection\":[\"Bolet\u00edn\",\"Municipales\"],\"inLanguage\":\"es\",\"potentialAction\":[{\"@type\":\"CommentAction\",\"name\":\"Comment\",\"target\":[\"https:\\\/\\\/patagoniambiental.com.ar\\\/info\\\/el-punto-limpio-movil-continua-recibiendo-residuos-electronicos\\\/#respond\"]}]},{\"@type\":\"WebPage\",\"@id\":\"https:\\\/\\\/patagoniambiental.com.ar\\\/info\\\/el-punto-limpio-movil-continua-recibiendo-residuos-electronicos\\\/\",\"url\":\"https:\\\/\\\/patagoniambiental.com.ar\\\/info\\\/el-punto-limpio-movil-continua-recibiendo-residuos-electronicos\\\/\",\"name\":\"El Punto Limpio M\u00f3vil contin\u00faa recibiendo residuos electr\u00f3nicos\",\"isPartOf\":{\"@id\":\"https:\\\/\\\/patagoniambiental.com.ar\\\/info\\\/#website\"},\"primaryImageOfPage\":{\"@id\":\"https:\\\/\\\/patagoniambiental.com.ar\\\/info\\\/el-punto-limpio-movil-continua-recibiendo-residuos-electronicos\\\/#primaryimage\"},\"image\":{\"@id\":\"https:\\\/\\\/patagoniambiental.com.ar\\\/info\\\/el-punto-limpio-movil-continua-recibiendo-residuos-electronicos\\\/#primaryimage\"},\"thumbnailUrl\":\"https:\\\/\\\/patagoniambiental.com.ar\\\/info\\\/wp-content\\\/uploads\\\/2023\\\/04\\\/Rawson.jpeg\",\"datePublished\":\"2023-04-27T10:00:00+00:00\",\"dateModified\":\"2024-08-17T14:07:46+00:00\",\"breadcrumb\":{\"@id\":\"https:\\\/\\\/patagoniambiental.com.ar\\\/info\\\/el-punto-limpio-movil-continua-recibiendo-residuos-electronicos\\\/#breadcrumb\"},\"inLanguage\":\"es\",\"potentialAction\":[{\"@type\":\"ReadAction\",\"target\":[\"https:\\\/\\\/patagoniambiental.com.ar\\\/info\\\/el-punto-limpio-movil-continua-recibiendo-residuos-electronicos\\\/\"]}]},{\"@type\":\"ImageObject\",\"inLanguage\":\"es\",\"@id\":\"https:\\\/\\\/patagoniambiental.com.ar\\\/info\\\/el-punto-limpio-movil-continua-recibiendo-residuos-electronicos\\\/#primaryimage\",\"url\":\"https:\\\/\\\/patagoniambiental.com.ar\\\/info\\\/wp-content\\\/uploads\\\/2023\\\/04\\\/Rawson.jpeg\",\"contentUrl\":\"https:\\\/\\\/patagoniambiental.com.ar\\\/info\\\/wp-content\\\/uploads\\\/2023\\\/04\\\/Rawson.jpeg\",\"width\":769,\"height\":600},{\"@type\":\"BreadcrumbList\",\"@id\":\"https:\\\/\\\/patagoniambiental.com.ar\\\/info\\\/el-punto-limpio-movil-continua-recibiendo-residuos-electronicos\\\/#breadcrumb\",\"itemListElement\":[{\"@type\":\"ListItem\",\"position\":1,\"name\":\"Inicio\",\"item\":\"https:\\\/\\\/patagoniambiental.com.ar\\\/info\\\/\"},{\"@type\":\"ListItem\",\"position\":2,\"name\":\"El Punto Limpio M\u00f3vil contin\u00faa recibiendo residuos electr\u00f3nicos\"}]},{\"@type\":\"WebSite\",\"@id\":\"https:\\\/\\\/patagoniambiental.com.ar\\\/info\\\/#website\",\"url\":\"https:\\\/\\\/patagoniambiental.com.ar\\\/info\\\/\",\"name\":\"Patagonia Ambiental\",\"description\":\"Monitoreo y an\u00e1lisis de la situaci\u00f3n geopol\u00edtica en el mundo y su implicancia en la Patagonia\",\"publisher\":{\"@id\":\"https:\\\/\\\/patagoniambiental.com.ar\\\/info\\\/#organization\"},\"potentialAction\":[{\"@type\":\"SearchAction\",\"target\":{\"@type\":\"EntryPoint\",\"urlTemplate\":\"https:\\\/\\\/patagoniambiental.com.ar\\\/info\\\/?s={search_term_string}\"},\"query-input\":{\"@type\":\"PropertyValueSpecification\",\"valueRequired\":true,\"valueName\":\"search_term_string\"}}],\"inLanguage\":\"es\"},{\"@type\":\"Organization\",\"@id\":\"https:\\\/\\\/patagoniambiental.com.ar\\\/info\\\/#organization\",\"name\":\"Patagonia Ambiental\",\"url\":\"https:\\\/\\\/patagoniambiental.com.ar\\\/info\\\/\",\"logo\":{\"@type\":\"ImageObject\",\"inLanguage\":\"es\",\"@id\":\"https:\\\/\\\/patagoniambiental.com.ar\\\/info\\\/#\\\/schema\\\/logo\\\/image\\\/\",\"url\":\"https:\\\/\\\/patagoniambiental.com.ar\\\/info\\\/wp-content\\\/uploads\\\/2025\\\/05\\\/LOGO-PATAGONIA-AMBIENTAL.png\",\"contentUrl\":\"https:\\\/\\\/patagoniambiental.com.ar\\\/info\\\/wp-content\\\/uploads\\\/2025\\\/05\\\/LOGO-PATAGONIA-AMBIENTAL.png\",\"width\":433,\"height\":250,\"caption\":\"Patagonia Ambiental\"},\"image\":{\"@id\":\"https:\\\/\\\/patagoniambiental.com.ar\\\/info\\\/#\\\/schema\\\/logo\\\/image\\\/\"},\"sameAs\":[\"https:\\\/\\\/www.facebook.com\\\/patagonia.ambiental\",\"https:\\\/\\\/x.com\\\/PatAmb\"]},{\"@type\":\"Person\",\"@id\":\"https:\\\/\\\/patagoniambiental.com.ar\\\/info\\\/#\\\/schema\\\/person\\\/db12bff64bbcbf6a253710bf0ea37b5d\",\"name\":\"Patagonia Ambiental\",\"description\":\"Andr\u00e9s Nievas T\u00e9cnico en manejo ambiental, consultor Ambiental y escritor para medios locales e internacionales sobre temas de geopolitica y medio ambiente.\",\"sameAs\":[\"http:\\\/\\\/www.patagoniambiental.com.ar\",\"https:\\\/\\\/www.facebook.com\\\/share\\\/1C1V8Gv9BX\\\/?mibextid=qi2Omg\",\"@patagoniambiental\",\"https:\\\/\\\/youtube.com\\\/@patagoniaambiental2023?si=BLt58t0wuXquxlYZ\"]}]}<\/script>\n<!-- \/ Yoast SEO Premium plugin. -->","yoast_head_json":{"title":"El Punto Limpio M\u00f3vil contin\u00faa recibiendo residuos electr\u00f3nicos","robots":{"index":"index","follow":"follow","max-snippet":"max-snippet:-1","max-image-preview":"max-image-preview:large","max-video-preview":"max-video-preview:-1"},"canonical":"https:\/\/patagoniambiental.com.ar\/info\/el-punto-limpio-movil-continua-recibiendo-residuos-electronicos\/","og_locale":"es_ES","og_type":"article","og_title":"El Punto Limpio M\u00f3vil contin\u00faa recibiendo residuos electr\u00f3nicos","og_url":"https:\/\/patagoniambiental.com.ar\/info\/el-punto-limpio-movil-continua-recibiendo-residuos-electronicos\/","og_site_name":"Patagonia Ambiental","article_publisher":"https:\/\/www.facebook.com\/patagonia.ambiental","article_author":"https:\/\/www.facebook.com\/share\/1C1V8Gv9BX\/?mibextid=qi2Omg","article_published_time":"2023-04-27T10:00:00+00:00","article_modified_time":"2024-08-17T14:07:46+00:00","og_image":[{"width":1142,"height":891,"url":"https:\/\/patagoniambiental.com.ar\/info\/wp-content\/uploads\/2023\/04\/Rawson.jpeg","type":"image\/jpeg"}],"author":"Patagonia Ambiental","twitter_card":"summary_large_image","twitter_creator":"@PatAmb","twitter_site":"@PatAmb","schema":{"@context":"https:\/\/schema.org","@graph":[{"@type":"Article","@id":"https:\/\/patagoniambiental.com.ar\/info\/el-punto-limpio-movil-continua-recibiendo-residuos-electronicos\/#article","isPartOf":{"@id":"https:\/\/patagoniambiental.com.ar\/info\/el-punto-limpio-movil-continua-recibiendo-residuos-electronicos\/"},"author":{"name":"Patagonia Ambiental","@id":"https:\/\/patagoniambiental.com.ar\/info\/#\/schema\/person\/db12bff64bbcbf6a253710bf0ea37b5d"},"headline":"El Punto Limpio M\u00f3vil contin\u00faa recibiendo residuos electr\u00f3nicos","datePublished":"2023-04-27T10:00:00+00:00","dateModified":"2024-08-17T14:07:46+00:00","mainEntityOfPage":{"@id":"https:\/\/patagoniambiental.com.ar\/info\/el-punto-limpio-movil-continua-recibiendo-residuos-electronicos\/"},"wordCount":291,"commentCount":0,"publisher":{"@id":"https:\/\/patagoniambiental.com.ar\/info\/#organization"},"image":{"@id":"https:\/\/patagoniambiental.com.ar\/info\/el-punto-limpio-movil-continua-recibiendo-residuos-electronicos\/#primaryimage"},"thumbnailUrl":"https:\/\/patagoniambiental.com.ar\/info\/wp-content\/uploads\/2023\/04\/Rawson.jpeg","articleSection":["Bolet\u00edn","Municipales"],"inLanguage":"es","potentialAction":[{"@type":"CommentAction","name":"Comment","target":["https:\/\/patagoniambiental.com.ar\/info\/el-punto-limpio-movil-continua-recibiendo-residuos-electronicos\/#respond"]}]},{"@type":"WebPage","@id":"https:\/\/patagoniambiental.com.ar\/info\/el-punto-limpio-movil-continua-recibiendo-residuos-electronicos\/","url":"https:\/\/patagoniambiental.com.ar\/info\/el-punto-limpio-movil-continua-recibiendo-residuos-electronicos\/","name":"El Punto Limpio M\u00f3vil contin\u00faa recibiendo residuos electr\u00f3nicos","isPartOf":{"@id":"https:\/\/patagoniambiental.com.ar\/info\/#website"},"primaryImageOfPage":{"@id":"https:\/\/patagoniambiental.com.ar\/info\/el-punto-limpio-movil-continua-recibiendo-residuos-electronicos\/#primaryimage"},"image":{"@id":"https:\/\/patagoniambiental.com.ar\/info\/el-punto-limpio-movil-continua-recibiendo-residuos-electronicos\/#primaryimage"},"thumbnailUrl":"https:\/\/patagoniambiental.com.ar\/info\/wp-content\/uploads\/2023\/04\/Rawson.jpeg","datePublished":"2023-04-27T10:00:00+00:00","dateModified":"2024-08-17T14:07:46+00:00","breadcrumb":{"@id":"https:\/\/patagoniambiental.com.ar\/info\/el-punto-limpio-movil-continua-recibiendo-residuos-electronicos\/#breadcrumb"},"inLanguage":"es","potentialAction":[{"@type":"ReadAction","target":["https:\/\/patagoniambiental.com.ar\/info\/el-punto-limpio-movil-continua-recibiendo-residuos-electronicos\/"]}]},{"@type":"ImageObject","inLanguage":"es","@id":"https:\/\/patagoniambiental.com.ar\/info\/el-punto-limpio-movil-continua-recibiendo-residuos-electronicos\/#primaryimage","url":"https:\/\/patagoniambiental.com.ar\/info\/wp-content\/uploads\/2023\/04\/Rawson.jpeg","contentUrl":"https:\/\/patagoniambiental.com.ar\/info\/wp-content\/uploads\/2023\/04\/Rawson.jpeg","width":769,"height":600},{"@type":"BreadcrumbList","@id":"https:\/\/patagoniambiental.com.ar\/info\/el-punto-limpio-movil-continua-recibiendo-residuos-electronicos\/#breadcrumb","itemListElement":[{"@type":"ListItem","position":1,"name":"Inicio","item":"https:\/\/patagoniambiental.com.ar\/info\/"},{"@type":"ListItem","position":2,"name":"El Punto Limpio M\u00f3vil contin\u00faa recibiendo residuos electr\u00f3nicos"}]},{"@type":"WebSite","@id":"https:\/\/patagoniambiental.com.ar\/info\/#website","url":"https:\/\/patagoniambiental.com.ar\/info\/","name":"Patagonia Ambiental","description":"Monitoreo y an\u00e1lisis de la situaci\u00f3n geopol\u00edtica en el mundo y su implicancia en la Patagonia","publisher":{"@id":"https:\/\/patagoniambiental.com.ar\/info\/#organization"},"potentialAction":[{"@type":"SearchAction","target":{"@type":"EntryPoint","urlTemplate":"https:\/\/patagoniambiental.com.ar\/info\/?s={search_term_string}"},"query-input":{"@type":"PropertyValueSpecification","valueRequired":true,"valueName":"search_term_string"}}],"inLanguage":"es"},{"@type":"Organization","@id":"https:\/\/patagoniambiental.com.ar\/info\/#organization","name":"Patagonia Ambiental","url":"https:\/\/patagoniambiental.com.ar\/info\/","logo":{"@type":"ImageObject","inLanguage":"es","@id":"https:\/\/patagoniambiental.com.ar\/info\/#\/schema\/logo\/image\/","url":"https:\/\/patagoniambiental.com.ar\/info\/wp-content\/uploads\/2025\/05\/LOGO-PATAGONIA-AMBIENTAL.png","contentUrl":"https:\/\/patagoniambiental.com.ar\/info\/wp-content\/uploads\/2025\/05\/LOGO-PATAGONIA-AMBIENTAL.png","width":433,"height":250,"caption":"Patagonia Ambiental"},"image":{"@id":"https:\/\/patagoniambiental.com.ar\/info\/#\/schema\/logo\/image\/"},"sameAs":["https:\/\/www.facebook.com\/patagonia.ambiental","https:\/\/x.com\/PatAmb"]},{"@type":"Person","@id":"https:\/\/patagoniambiental.com.ar\/info\/#\/schema\/person\/db12bff64bbcbf6a253710bf0ea37b5d","name":"Patagonia Ambiental","description":"Andr\u00e9s Nievas T\u00e9cnico en manejo ambiental, consultor Ambiental y escritor para medios locales e internacionales sobre temas de geopolitica y medio ambiente.","sameAs":["http:\/\/www.patagoniambiental.com.ar","https:\/\/www.facebook.com\/share\/1C1V8Gv9BX\/?mibextid=qi2Omg","@patagoniambiental","https:\/\/youtube.com\/@patagoniaambiental2023?si=BLt58t0wuXquxlYZ"]}]}},"_links":{"self":[{"href":"https:\/\/patagoniambiental.com.ar\/info\/wp-json\/wp\/v2\/posts\/77820","targetHints":{"allow":["GET"]}}],"collection":[{"href":"https:\/\/patagoniambiental.com.ar\/info\/wp-json\/wp\/v2\/posts"}],"about":[{"href":"https:\/\/patagoniambiental.com.ar\/info\/wp-json\/wp\/v2\/types\/post"}],"author":[{"embeddable":true,"href":"https:\/\/patagoniambiental.com.ar\/info\/wp-json\/wp\/v2\/users\/2"}],"replies":[{"embeddable":true,"href":"https:\/\/patagoniambiental.com.ar\/info\/wp-json\/wp\/v2\/comments?post=77820"}],"version-history":[{"count":0,"href":"https:\/\/patagoniambiental.com.ar\/info\/wp-json\/wp\/v2\/posts\/77820\/revisions"}],"wp:featuredmedia":[{"embeddable":true,"href":"https:\/\/patagoniambiental.com.ar\/info\/wp-json\/wp\/v2\/media\/77821"}],"wp:attachment":[{"href":"https:\/\/patagoniambiental.com.ar\/info\/wp-json\/wp\/v2\/media?parent=77820"}],"wp:term":[{"taxonomy":"category","embeddable":true,"href":"https:\/\/patagoniambiental.com.ar\/info\/wp-json\/wp\/v2\/categories?post=77820"},{"taxonomy":"post_tag","embeddable":true,"href":"https:\/\/patagoniambiental.com.ar\/info\/wp-json\/wp\/v2\/tags?post=77820"}],"curies":[{"name":"wp","href":"https:\/\/api.w.org\/{rel}","templated":true}]}}